{"id":377452,"date":"2025-06-14T11:18:29","date_gmt":"2025-06-14T10:18:29","guid":{"rendered":"https:\/\/www.webdo.tn\/fr\/?p=377452"},"modified":"2025-06-16T09:53:50","modified_gmt":"2025-06-16T08:53:50","slug":"iran-israel-une-guerre-pour-enterrer-la-paix","status":"publish","type":"post","link":"https:\/\/www.webdo.tn\/fr\/actualite\/international\/iran-israel-une-guerre-pour-enterrer-la-paix\/377452\/","title":{"rendered":"Iran &#8211; Isra\u00ebl : Une guerre pour enterrer la paix"},"content":{"rendered":"\n<p>Ce n\u2019est pas une op\u00e9ration militaire, c\u2019est un sabotage diplomatique. En bombardant massivement des cibles iraniennes, y compris nucl\u00e9aires, Isra\u00ebl a franchi un seuil historique. Pour la premi\u00e8re fois, Tel-Aviv frappe de mani\u00e8re ouverte et syst\u00e9matique le territoire iranien, d\u00e9clenchant un conflit d\u2019ampleur.<\/p>\n\n\n\n<p>Mais derri\u00e8re la puissance de feu, c\u2019est une strat\u00e9gie politique cynique qui se dessine : emp\u00eacher tout retour \u00e0 la n\u00e9gociation entre l\u2019Iran et les \u00c9tats-Unis sur le nucl\u00e9aire iranien, et torpiller toute initiative en faveur de la reconnaissance de la Palestine.<\/p>\n\n\n\n<p>Ce double coup de force s\u2019inscrit dans un timing savamment orchestr\u00e9. Alors que des n\u00e9gociations \u00e9taient en cours \u00e0 Oman entre T\u00e9h\u00e9ran et Washington sur le dossier nucl\u00e9aire, Benyamin Netanyahou a choisi de tout faire exploser &#8211; au sens propre comme au figur\u00e9. Une paix possible est une menace pour un Premier ministre affaibli sur le plan int\u00e9rieur, qui n\u2019a de cesse d\u2019agiter l\u2019\u00e9pouvantail iranien pour cimenter sa coalition et d\u00e9tourner l\u2019attention.<\/p>\n\n\n\n<p>Autre victime collat\u00e9rale : la diplomatie fran\u00e7aise. Emmanuel Macron devait, \u00e0 New York, porter une d\u00e9claration forte \u00e0 l\u2019ONU en faveur de la reconnaissance de l\u2019\u00c9tat palestinien. Cette conf\u00e9rence, hautement symbolique, est d\u00e9sormais report\u00e9e sine die. Netanyahou, fid\u00e8le \u00e0 son habilet\u00e9 tactique, sait que la guerre est souvent le meilleur moyen de geler les processus diplomatiques qui ne lui sont pas favorables.<\/p>\n\n\n\n<p>La man\u0153uvre rappelle une pi\u00e8ce de th\u00e9\u00e2tre mal jou\u00e9e mais terriblement efficace. Donald Trump, tout en se pr\u00e9sentant en adversaire du chaos, a pr\u00e9par\u00e9 le terrain durant son mandat en torpillant l\u2019accord sur le nucl\u00e9aire iranien. Aujourd\u2019hui, son double politique, Netanyahou, s\u2019assure que ce dossier ne ressuscite. Ce duo de \u00ab bateleurs \u00bb, faussement oppos\u00e9s, avance main dans la main dans un jeu dangereux.<\/p>\n\n\n\n<p>Car la paix, la vraie, celle qui exige compromis et courage, ne r\u00e9siste pas longtemps face \u00e0 la logique du fait accompli. En provoquant l\u2019Iran, Isra\u00ebl joue avec le feu dans une r\u00e9gion d\u00e9j\u00e0 \u00e0 vif. La r\u00e9ponse de T\u00e9h\u00e9ran est venue rapidement, avec des salves de missiles et de drones. Et demain ? Une guerre r\u00e9gionale ? Une d\u00e9stabilisation globale ? Une nouvelle vague de haine ?<\/p>\n\n\n\n<p>Dans ce poker menteur, il est plus que temps que les puissances internationales cessent d\u2019\u00eatre les figurants d\u2019un sc\u00e9nario \u00e9crit \u00e0 Tel-Aviv et \u00e0 Washington. Car si l\u2019on ne fait rien, ce ne sont pas seulement les n\u00e9gociations qui seront enterr\u00e9es, mais l\u2019id\u00e9e m\u00eame de paix.<\/p>\n","protected":false},"excerpt":{"rendered":"<p>Ce n\u2019est pas une op\u00e9ration militaire, c\u2019est un sabotage diplomatique. En bombardant massivement des cibles iraniennes, y compris nucl\u00e9aires, Isra\u00ebl a franchi un seuil historique. Pour la premi\u00e8re fois, Tel-Aviv frappe de mani\u00e8re ouverte et syst\u00e9matique le territoire iranien, d\u00e9clenchant un conflit d\u2019ampleur. Mais derri\u00e8re la puissance de feu, c\u2019est une strat\u00e9gie politique cynique qui [&hellip;]<\/p>\n","protected":false},"author":3189,"featured_media":377453,"comment_status":"open","ping_status":"open","sticky":false,"template":"","format":"standard","meta":{"footnotes":""},"categories":[2589,2598],"tags":[5004,2916,2600,2912,2636,2688],"class_list":["post-377452","post","type-post","status-publish","format-standard","has-post-thumbnail","hentry","category-edito","category-international","tag-benyamin-netanyahou","tag-donald-trump","tag-guerre","tag-iran","tag-israel","tag-palestine"],"yoast_head":"<!-- This site is optimized with the Yoast SEO Premium plugin v27.5 (Yoast SEO v27.5) - https:\/\/yoast.com\/product\/yoast-seo-premium-wordpress\/ -->\n<title>Iran - Isra\u00ebl : Une guerre pour enterrer la paix - webdo<\/title>\n<meta name=\"description\" content=\"Analyse de la situation Iran - Isra\u00ebl : une escalade dans le sabotage diplomatique et ses implications g\u00e9opolitiques.\" \/>\n<link rel=\"canonical\" href=\"https:\/\/www.webdo.tn\/fr\/actualite\/edito\/iran-israel-une-guerre-pour-enterrer-la-paix\/377452\/\" \/>\n<meta property=\"og:locale\" content=\"fr_FR\" \/>\n<meta property=\"og:type\" content=\"article\" \/>\n<meta property=\"og:title\" content=\"Iran - Isra\u00ebl : Une guerre pour enterrer la paix\" \/>\n<meta property=\"og:description\" content=\"Analyse de la situation Iran - Isra\u00ebl : une escalade dans le sabotage diplomatique et ses implications g\u00e9opolitiques.\" \/>\n<meta property=\"og:url\" content=\"https:\/\/www.webdo.tn\/fr\/actualite\/edito\/iran-israel-une-guerre-pour-enterrer-la-paix\/377452\/\" \/>\n<meta property=\"og:site_name\" content=\"webdo\" \/>\n<meta property=\"article:publisher\" content=\"https:\/\/www.facebook.com\/webdotn\" \/>\n<meta property=\"article:author\" content=\"https:\/\/www.facebook.com\/youssef.rc.92\" \/>\n<meta property=\"article:published_time\" content=\"2025-06-14T10:18:29+00:00\" \/>\n<meta property=\"article:modified_time\" content=\"2025-06-16T08:53:50+00:00\" \/>\n<meta property=\"og:image\" content=\"https:\/\/www.webdo.tn\/fr\/wp-content\/uploads\/2025\/06\/Trump-Netanyahu.jpg\" \/>\n\t<meta property=\"og:image:width\" content=\"2028\" \/>\n\t<meta property=\"og:image:height\" content=\"1155\" \/>\n\t<meta property=\"og:image:type\" content=\"image\/jpeg\" \/>\n<meta name=\"author\" content=\"Maher Chaabane\" \/>\n<meta name=\"twitter:card\" content=\"summary_large_image\" \/>\n<meta name=\"twitter:creator\" content=\"@webdo_tn\" \/>\n<meta name=\"twitter:site\" content=\"@webdo_tn\" \/>\n<meta name=\"twitter:label1\" content=\"\u00c9crit par\" \/>\n\t<meta name=\"twitter:data1\" content=\"Maher Chaabane\" \/>\n\t<meta name=\"twitter:label2\" content=\"Dur\u00e9e de lecture estim\u00e9e\" \/>\n\t<meta name=\"twitter:data2\" content=\"3 minutes\" \/>\n<script type=\"application\/ld+json\" class=\"yoast-schema-graph\">{\"@context\":\"https:\\\/\\\/schema.org\",\"@graph\":[{\"@type\":\"NewsArticle\",\"@id\":\"https:\\\/\\\/www.webdo.tn\\\/fr\\\/actualite\\\/edito\\\/iran-israel-une-guerre-pour-enterrer-la-paix\\\/377452\\\/#article\",\"isPartOf\":{\"@id\":\"https:\\\/\\\/www.webdo.tn\\\/fr\\\/actualite\\\/edito\\\/iran-israel-une-guerre-pour-enterrer-la-paix\\\/377452\\\/\"},\"author\":{\"name\":\"Maher Chaabane\",\"@id\":\"https:\\\/\\\/www.webdo.tn\\\/fr\\\/#\\\/schema\\\/person\\\/57c261717927697fcf719ab1058a8003\"},\"headline\":\"Iran &#8211; Isra\u00ebl : Une guerre pour enterrer la paix\",\"datePublished\":\"2025-06-14T10:18:29+00:00\",\"dateModified\":\"2025-06-16T08:53:50+00:00\",\"mainEntityOfPage\":{\"@id\":\"https:\\\/\\\/www.webdo.tn\\\/fr\\\/actualite\\\/edito\\\/iran-israel-une-guerre-pour-enterrer-la-paix\\\/377452\\\/\"},\"wordCount\":457,\"commentCount\":0,\"publisher\":{\"@id\":\"https:\\\/\\\/www.webdo.tn\\\/fr\\\/#organization\"},\"image\":{\"@id\":\"https:\\\/\\\/www.webdo.tn\\\/fr\\\/actualite\\\/edito\\\/iran-israel-une-guerre-pour-enterrer-la-paix\\\/377452\\\/#primaryimage\"},\"thumbnailUrl\":\"https:\\\/\\\/www.webdo.tn\\\/fr\\\/wp-content\\\/uploads\\\/2025\\\/06\\\/Trump-Netanyahu.jpg\",\"keywords\":[\"Benyamin Netanyahou\",\"Donald Trump\",\"guerre\",\"Iran\",\"isra\u00ebl\",\"Palestine\"],\"articleSection\":[\"Edito\",\"International\"],\"inLanguage\":\"fr-FR\"},{\"@type\":\"WebPage\",\"@id\":\"https:\\\/\\\/www.webdo.tn\\\/fr\\\/actualite\\\/edito\\\/iran-israel-une-guerre-pour-enterrer-la-paix\\\/377452\\\/\",\"url\":\"https:\\\/\\\/www.webdo.tn\\\/fr\\\/actualite\\\/edito\\\/iran-israel-une-guerre-pour-enterrer-la-paix\\\/377452\\\/\",\"name\":\"Iran - Isra\u00ebl : Une guerre pour enterrer la paix - webdo\",\"isPartOf\":{\"@id\":\"https:\\\/\\\/www.webdo.tn\\\/fr\\\/#website\"},\"primaryImageOfPage\":{\"@id\":\"https:\\\/\\\/www.webdo.tn\\\/fr\\\/actualite\\\/edito\\\/iran-israel-une-guerre-pour-enterrer-la-paix\\\/377452\\\/#primaryimage\"},\"image\":{\"@id\":\"https:\\\/\\\/www.webdo.tn\\\/fr\\\/actualite\\\/edito\\\/iran-israel-une-guerre-pour-enterrer-la-paix\\\/377452\\\/#primaryimage\"},\"thumbnailUrl\":\"https:\\\/\\\/www.webdo.tn\\\/fr\\\/wp-content\\\/uploads\\\/2025\\\/06\\\/Trump-Netanyahu.jpg\",\"datePublished\":\"2025-06-14T10:18:29+00:00\",\"dateModified\":\"2025-06-16T08:53:50+00:00\",\"description\":\"Analyse de la situation Iran - Isra\u00ebl : une escalade dans le sabotage diplomatique et ses implications g\u00e9opolitiques.\",\"breadcrumb\":{\"@id\":\"https:\\\/\\\/www.webdo.tn\\\/fr\\\/actualite\\\/edito\\\/iran-israel-une-guerre-pour-enterrer-la-paix\\\/377452\\\/#breadcrumb\"},\"inLanguage\":\"fr-FR\",\"potentialAction\":[{\"@type\":\"ReadAction\",\"target\":[\"https:\\\/\\\/www.webdo.tn\\\/fr\\\/actualite\\\/edito\\\/iran-israel-une-guerre-pour-enterrer-la-paix\\\/377452\\\/\"]}]},{\"@type\":\"ImageObject\",\"inLanguage\":\"fr-FR\",\"@id\":\"https:\\\/\\\/www.webdo.tn\\\/fr\\\/actualite\\\/edito\\\/iran-israel-une-guerre-pour-enterrer-la-paix\\\/377452\\\/#primaryimage\",\"url\":\"https:\\\/\\\/www.webdo.tn\\\/fr\\\/wp-content\\\/uploads\\\/2025\\\/06\\\/Trump-Netanyahu.jpg\",\"contentUrl\":\"https:\\\/\\\/www.webdo.tn\\\/fr\\\/wp-content\\\/uploads\\\/2025\\\/06\\\/Trump-Netanyahu.jpg\",\"width\":2028,\"height\":1155},{\"@type\":\"BreadcrumbList\",\"@id\":\"https:\\\/\\\/www.webdo.tn\\\/fr\\\/actualite\\\/edito\\\/iran-israel-une-guerre-pour-enterrer-la-paix\\\/377452\\\/#breadcrumb\",\"itemListElement\":[{\"@type\":\"ListItem\",\"position\":1,\"name\":\"Accueil\",\"item\":\"https:\\\/\\\/www.webdo.tn\\\/fr\\\/\"},{\"@type\":\"ListItem\",\"position\":2,\"name\":\"Iran &#8211; Isra\u00ebl : Une guerre pour enterrer la paix\"}]},{\"@type\":\"WebSite\",\"@id\":\"https:\\\/\\\/www.webdo.tn\\\/fr\\\/#website\",\"url\":\"https:\\\/\\\/www.webdo.tn\\\/fr\\\/\",\"name\":\"webdo\",\"description\":\"Tunisie - News en Tunisie et \u00e0 l&#039;international sur Webdo.tn\",\"publisher\":{\"@id\":\"https:\\\/\\\/www.webdo.tn\\\/fr\\\/#organization\"},\"potentialAction\":[{\"@type\":\"SearchAction\",\"target\":{\"@type\":\"EntryPoint\",\"urlTemplate\":\"https:\\\/\\\/www.webdo.tn\\\/fr\\\/?s={search_term_string}\"},\"query-input\":{\"@type\":\"PropertyValueSpecification\",\"valueRequired\":true,\"valueName\":\"search_term_string\"}}],\"inLanguage\":\"fr-FR\"},{\"@type\":\"Organization\",\"@id\":\"https:\\\/\\\/www.webdo.tn\\\/fr\\\/#organization\",\"name\":\"Webdo\",\"alternateName\":\"Webdo.tn\",\"url\":\"https:\\\/\\\/www.webdo.tn\\\/fr\\\/\",\"logo\":{\"@type\":\"ImageObject\",\"inLanguage\":\"fr-FR\",\"@id\":\"https:\\\/\\\/www.webdo.tn\\\/fr\\\/#\\\/schema\\\/logo\\\/image\\\/\",\"url\":\"https:\\\/\\\/www.webdo.tn\\\/fr\\\/wp-content\\\/uploads\\\/2025\\\/06\\\/Webdo-Tunisie_168377.jpg\",\"contentUrl\":\"https:\\\/\\\/www.webdo.tn\\\/fr\\\/wp-content\\\/uploads\\\/2025\\\/06\\\/Webdo-Tunisie_168377.jpg\",\"width\":301,\"height\":301,\"caption\":\"Webdo\"},\"image\":{\"@id\":\"https:\\\/\\\/www.webdo.tn\\\/fr\\\/#\\\/schema\\\/logo\\\/image\\\/\"},\"sameAs\":[\"https:\\\/\\\/www.facebook.com\\\/webdotn\",\"https:\\\/\\\/x.com\\\/webdo_tn\"],\"description\":\"Webdo est un m\u00e9dia num\u00e9rique tunisien fond\u00e9 en 2010, sp\u00e9cialis\u00e9 dans l\u2019actualit\u00e9 nationale et internationale, l\u2019\u00e9conomie, la soci\u00e9t\u00e9 et les analyses politiques. Le site s\u2019adresse \u00e0 un large public francophone et couvre l\u2019information tunisienne en temps r\u00e9el.\",\"email\":\"redac@webdo.tn\",\"legalName\":\"YNJ SARL\",\"foundingDate\":\"2010-09-06\",\"numberOfEmployees\":{\"@type\":\"QuantitativeValue\",\"minValue\":\"11\",\"maxValue\":\"50\"}},{\"@type\":\"Person\",\"@id\":\"https:\\\/\\\/www.webdo.tn\\\/fr\\\/#\\\/schema\\\/person\\\/57c261717927697fcf719ab1058a8003\",\"name\":\"Maher Chaabane\",\"image\":{\"@type\":\"ImageObject\",\"inLanguage\":\"fr-FR\",\"@id\":\"https:\\\/\\\/www.webdo.tn\\\/fr\\\/wp-content\\\/uploads\\\/2026\\\/04\\\/maher-chaabane_avatar_2-96x96.jpg\",\"url\":\"https:\\\/\\\/www.webdo.tn\\\/fr\\\/wp-content\\\/uploads\\\/2026\\\/04\\\/maher-chaabane_avatar_2-96x96.jpg\",\"contentUrl\":\"https:\\\/\\\/www.webdo.tn\\\/fr\\\/wp-content\\\/uploads\\\/2026\\\/04\\\/maher-chaabane_avatar_2-96x96.jpg\",\"caption\":\"Maher Chaabane\"},\"description\":\"Maher Chaabane est journaliste et r\u00e9dacteur en chef de Webdo.tn depuis 2012. Il d\u00e9bute sa carri\u00e8re au sein du groupe Tunis Hebdo en 2000, o\u00f9 il couvre pendant plusieurs ann\u00e9es l\u2019actualit\u00e9 sportive et internationale, avant d\u2019occuper les fonctions de r\u00e9dacteur en chef adjoint. Fort de plus de deux d\u00e9cennies d\u2019exp\u00e9rience dans le journalisme, il supervise aujourd\u2019hui la production \u00e9ditoriale de Webdo et contribue activement \u00e0 la ligne du m\u00e9dia, en particulier sur les sujets d\u2019actualit\u00e9 nationale et internationale. https:\\\/\\\/www.facebook.com\\\/youssef.rc.92\",\"sameAs\":[\"https:\\\/\\\/www.facebook.com\\\/youssef.rc.92\"],\"knowsAbout\":[\"journalisme\",\"actualit\u00e9 internationale\",\"sport\",\"r\u00e9daction\",\"m\u00e9dias\",\"information\"],\"knowsLanguage\":[\"Fran\u00e7ais\",\"Arabe\"],\"jobTitle\":\"R\u00e9dacteur en chef\",\"worksFor\":\"Webdo.tn\",\"url\":\"https:\\\/\\\/www.webdo.tn\\\/fr\\\/actualite\\\/author\\\/maher-chaabane\\\/\"}]}<\/script>\n<!-- \/ Yoast SEO Premium plugin. -->","yoast_head_json":{"title":"Iran - Isra\u00ebl : Une guerre pour enterrer la paix - webdo","description":"Analyse de la situation Iran - Isra\u00ebl : une escalade dans le sabotage diplomatique et ses implications g\u00e9opolitiques.","canonical":"https:\/\/www.webdo.tn\/fr\/actualite\/edito\/iran-israel-une-guerre-pour-enterrer-la-paix\/377452\/","og_locale":"fr_FR","og_type":"article","og_title":"Iran - Isra\u00ebl : Une guerre pour enterrer la paix","og_description":"Analyse de la situation Iran - Isra\u00ebl : une escalade dans le sabotage diplomatique et ses implications g\u00e9opolitiques.","og_url":"https:\/\/www.webdo.tn\/fr\/actualite\/edito\/iran-israel-une-guerre-pour-enterrer-la-paix\/377452\/","og_site_name":"webdo","article_publisher":"https:\/\/www.facebook.com\/webdotn","article_author":"https:\/\/www.facebook.com\/youssef.rc.92","article_published_time":"2025-06-14T10:18:29+00:00","article_modified_time":"2025-06-16T08:53:50+00:00","og_image":[{"width":2028,"height":1155,"url":"https:\/\/www.webdo.tn\/fr\/wp-content\/uploads\/2025\/06\/Trump-Netanyahu.jpg","type":"image\/jpeg"}],"author":"Maher Chaabane","twitter_card":"summary_large_image","twitter_creator":"@webdo_tn","twitter_site":"@webdo_tn","twitter_misc":{"\u00c9crit par":"Maher Chaabane","Dur\u00e9e de lecture estim\u00e9e":"3 minutes"},"schema":{"@context":"https:\/\/schema.org","@graph":[{"@type":"NewsArticle","@id":"https:\/\/www.webdo.tn\/fr\/actualite\/edito\/iran-israel-une-guerre-pour-enterrer-la-paix\/377452\/#article","isPartOf":{"@id":"https:\/\/www.webdo.tn\/fr\/actualite\/edito\/iran-israel-une-guerre-pour-enterrer-la-paix\/377452\/"},"author":{"name":"Maher Chaabane","@id":"https:\/\/www.webdo.tn\/fr\/#\/schema\/person\/57c261717927697fcf719ab1058a8003"},"headline":"Iran &#8211; Isra\u00ebl : Une guerre pour enterrer la paix","datePublished":"2025-06-14T10:18:29+00:00","dateModified":"2025-06-16T08:53:50+00:00","mainEntityOfPage":{"@id":"https:\/\/www.webdo.tn\/fr\/actualite\/edito\/iran-israel-une-guerre-pour-enterrer-la-paix\/377452\/"},"wordCount":457,"commentCount":0,"publisher":{"@id":"https:\/\/www.webdo.tn\/fr\/#organization"},"image":{"@id":"https:\/\/www.webdo.tn\/fr\/actualite\/edito\/iran-israel-une-guerre-pour-enterrer-la-paix\/377452\/#primaryimage"},"thumbnailUrl":"https:\/\/www.webdo.tn\/fr\/wp-content\/uploads\/2025\/06\/Trump-Netanyahu.jpg","keywords":["Benyamin Netanyahou","Donald Trump","guerre","Iran","isra\u00ebl","Palestine"],"articleSection":["Edito","International"],"inLanguage":"fr-FR"},{"@type":"WebPage","@id":"https:\/\/www.webdo.tn\/fr\/actualite\/edito\/iran-israel-une-guerre-pour-enterrer-la-paix\/377452\/","url":"https:\/\/www.webdo.tn\/fr\/actualite\/edito\/iran-israel-une-guerre-pour-enterrer-la-paix\/377452\/","name":"Iran - Isra\u00ebl : Une guerre pour enterrer la paix - webdo","isPartOf":{"@id":"https:\/\/www.webdo.tn\/fr\/#website"},"primaryImageOfPage":{"@id":"https:\/\/www.webdo.tn\/fr\/actualite\/edito\/iran-israel-une-guerre-pour-enterrer-la-paix\/377452\/#primaryimage"},"image":{"@id":"https:\/\/www.webdo.tn\/fr\/actualite\/edito\/iran-israel-une-guerre-pour-enterrer-la-paix\/377452\/#primaryimage"},"thumbnailUrl":"https:\/\/www.webdo.tn\/fr\/wp-content\/uploads\/2025\/06\/Trump-Netanyahu.jpg","datePublished":"2025-06-14T10:18:29+00:00","dateModified":"2025-06-16T08:53:50+00:00","description":"Analyse de la situation Iran - Isra\u00ebl : une escalade dans le sabotage diplomatique et ses implications g\u00e9opolitiques.","breadcrumb":{"@id":"https:\/\/www.webdo.tn\/fr\/actualite\/edito\/iran-israel-une-guerre-pour-enterrer-la-paix\/377452\/#breadcrumb"},"inLanguage":"fr-FR","potentialAction":[{"@type":"ReadAction","target":["https:\/\/www.webdo.tn\/fr\/actualite\/edito\/iran-israel-une-guerre-pour-enterrer-la-paix\/377452\/"]}]},{"@type":"ImageObject","inLanguage":"fr-FR","@id":"https:\/\/www.webdo.tn\/fr\/actualite\/edito\/iran-israel-une-guerre-pour-enterrer-la-paix\/377452\/#primaryimage","url":"https:\/\/www.webdo.tn\/fr\/wp-content\/uploads\/2025\/06\/Trump-Netanyahu.jpg","contentUrl":"https:\/\/www.webdo.tn\/fr\/wp-content\/uploads\/2025\/06\/Trump-Netanyahu.jpg","width":2028,"height":1155},{"@type":"BreadcrumbList","@id":"https:\/\/www.webdo.tn\/fr\/actualite\/edito\/iran-israel-une-guerre-pour-enterrer-la-paix\/377452\/#breadcrumb","itemListElement":[{"@type":"ListItem","position":1,"name":"Accueil","item":"https:\/\/www.webdo.tn\/fr\/"},{"@type":"ListItem","position":2,"name":"Iran &#8211; Isra\u00ebl : Une guerre pour enterrer la paix"}]},{"@type":"WebSite","@id":"https:\/\/www.webdo.tn\/fr\/#website","url":"https:\/\/www.webdo.tn\/fr\/","name":"webdo","description":"Tunisie - News en Tunisie et \u00e0 l&#039;international sur Webdo.tn","publisher":{"@id":"https:\/\/www.webdo.tn\/fr\/#organization"},"potentialAction":[{"@type":"SearchAction","target":{"@type":"EntryPoint","urlTemplate":"https:\/\/www.webdo.tn\/fr\/?s={search_term_string}"},"query-input":{"@type":"PropertyValueSpecification","valueRequired":true,"valueName":"search_term_string"}}],"inLanguage":"fr-FR"},{"@type":"Organization","@id":"https:\/\/www.webdo.tn\/fr\/#organization","name":"Webdo","alternateName":"Webdo.tn","url":"https:\/\/www.webdo.tn\/fr\/","logo":{"@type":"ImageObject","inLanguage":"fr-FR","@id":"https:\/\/www.webdo.tn\/fr\/#\/schema\/logo\/image\/","url":"https:\/\/www.webdo.tn\/fr\/wp-content\/uploads\/2025\/06\/Webdo-Tunisie_168377.jpg","contentUrl":"https:\/\/www.webdo.tn\/fr\/wp-content\/uploads\/2025\/06\/Webdo-Tunisie_168377.jpg","width":301,"height":301,"caption":"Webdo"},"image":{"@id":"https:\/\/www.webdo.tn\/fr\/#\/schema\/logo\/image\/"},"sameAs":["https:\/\/www.facebook.com\/webdotn","https:\/\/x.com\/webdo_tn"],"description":"Webdo est un m\u00e9dia num\u00e9rique tunisien fond\u00e9 en 2010, sp\u00e9cialis\u00e9 dans l\u2019actualit\u00e9 nationale et internationale, l\u2019\u00e9conomie, la soci\u00e9t\u00e9 et les analyses politiques. Le site s\u2019adresse \u00e0 un large public francophone et couvre l\u2019information tunisienne en temps r\u00e9el.","email":"redac@webdo.tn","legalName":"YNJ SARL","foundingDate":"2010-09-06","numberOfEmployees":{"@type":"QuantitativeValue","minValue":"11","maxValue":"50"}},{"@type":"Person","@id":"https:\/\/www.webdo.tn\/fr\/#\/schema\/person\/57c261717927697fcf719ab1058a8003","name":"Maher Chaabane","image":{"@type":"ImageObject","inLanguage":"fr-FR","@id":"https:\/\/www.webdo.tn\/fr\/wp-content\/uploads\/2026\/04\/maher-chaabane_avatar_2-96x96.jpg","url":"https:\/\/www.webdo.tn\/fr\/wp-content\/uploads\/2026\/04\/maher-chaabane_avatar_2-96x96.jpg","contentUrl":"https:\/\/www.webdo.tn\/fr\/wp-content\/uploads\/2026\/04\/maher-chaabane_avatar_2-96x96.jpg","caption":"Maher Chaabane"},"description":"Maher Chaabane est journaliste et r\u00e9dacteur en chef de Webdo.tn depuis 2012. Il d\u00e9bute sa carri\u00e8re au sein du groupe Tunis Hebdo en 2000, o\u00f9 il couvre pendant plusieurs ann\u00e9es l\u2019actualit\u00e9 sportive et internationale, avant d\u2019occuper les fonctions de r\u00e9dacteur en chef adjoint. Fort de plus de deux d\u00e9cennies d\u2019exp\u00e9rience dans le journalisme, il supervise aujourd\u2019hui la production \u00e9ditoriale de Webdo et contribue activement \u00e0 la ligne du m\u00e9dia, en particulier sur les sujets d\u2019actualit\u00e9 nationale et internationale. https:\/\/www.facebook.com\/youssef.rc.92","sameAs":["https:\/\/www.facebook.com\/youssef.rc.92"],"knowsAbout":["journalisme","actualit\u00e9 internationale","sport","r\u00e9daction","m\u00e9dias","information"],"knowsLanguage":["Fran\u00e7ais","Arabe"],"jobTitle":"R\u00e9dacteur en chef","worksFor":"Webdo.tn","url":"https:\/\/www.webdo.tn\/fr\/actualite\/author\/maher-chaabane\/"}]}},"_links":{"self":[{"href":"https:\/\/www.webdo.tn\/fr\/wp-json\/wp\/v2\/posts\/377452","targetHints":{"allow":["GET"]}}],"collection":[{"href":"https:\/\/www.webdo.tn\/fr\/wp-json\/wp\/v2\/posts"}],"about":[{"href":"https:\/\/www.webdo.tn\/fr\/wp-json\/wp\/v2\/types\/post"}],"author":[{"embeddable":true,"href":"https:\/\/www.webdo.tn\/fr\/wp-json\/wp\/v2\/users\/3189"}],"replies":[{"embeddable":true,"href":"https:\/\/www.webdo.tn\/fr\/wp-json\/wp\/v2\/comments?post=377452"}],"version-history":[{"count":0,"href":"https:\/\/www.webdo.tn\/fr\/wp-json\/wp\/v2\/posts\/377452\/revisions"}],"wp:featuredmedia":[{"embeddable":true,"href":"https:\/\/www.webdo.tn\/fr\/wp-json\/wp\/v2\/media\/377453"}],"wp:attachment":[{"href":"https:\/\/www.webdo.tn\/fr\/wp-json\/wp\/v2\/media?parent=377452"}],"wp:term":[{"taxonomy":"category","embeddable":true,"href":"https:\/\/www.webdo.tn\/fr\/wp-json\/wp\/v2\/categories?post=377452"},{"taxonomy":"post_tag","embeddable":true,"href":"https:\/\/www.webdo.tn\/fr\/wp-json\/wp\/v2\/tags?post=377452"}],"curies":[{"name":"wp","href":"https:\/\/api.w.org\/{rel}","templated":true}]}}