{"id":377449,"date":"2025-06-14T10:51:10","date_gmt":"2025-06-14T09:51:10","guid":{"rendered":"https:\/\/www.webdo.tn\/fr\/?p=377449"},"modified":"2025-06-14T10:53:59","modified_gmt":"2025-06-14T09:53:59","slug":"ons-jabeur-releguee-aux-qualifications-a-berlin-apres-une-chute-historique-au-classement-wta","status":"publish","type":"post","link":"https:\/\/www.webdo.tn\/fr\/actualite\/sport\/ons-jabeur-releguee-aux-qualifications-a-berlin-apres-une-chute-historique-au-classement-wta\/377449\/","title":{"rendered":"Ons Jabeur rel\u00e9gu\u00e9e aux qualifications \u00e0 Berlin apr\u00e8s une chute historique au classement WTA"},"content":{"rendered":"\n<p>Le d\u00e9but de la saison sur gazon s&rsquo;annonce comme un tournant d\u00e9cisif pour Ons Jabeur, qui doit d\u00e9sormais passer par les qualifications pour acc\u00e9der au tableau principal du tournoi WTA 500 de Berlin. Une situation in\u00e9dite pour la Tunisienne, rel\u00e9gu\u00e9e \u00e0 la 54e place mondiale apr\u00e8s une s\u00e9rie de contre-performances.<\/p>\n\n\n\n<p>Cette chute de 18 rangs au classement WTA, officialis\u00e9e lundi 9 juin, est l\u2019une des plus marquantes de sa carri\u00e8re. Elle r\u00e9sulte notamment d\u2019une \u00e9limination pr\u00e9matur\u00e9e \u00e0 Roland-Garros, o\u00f9 la finaliste de Wimbledon en 2022 et 2023 n\u2019a pas r\u00e9ussi \u00e0 d\u00e9fendre ses points. Avec 1 063 points au compteur, Jabeur quitte le top 50 mondial pour la premi\u00e8re fois depuis plusieurs saisons.<\/p>\n\n\n\n<p>Ce recul contraint d\u00e9sormais la joueuse de 30 ans \u00e0 d\u00e9buter sa campagne berlinoise par les qualifications, d\u00e8s demain, face \u00e0 la Fran\u00e7aise Elsa Jacquemot (113e WTA). En cas de victoire, elle affrontera au second tour soit l\u2019Am\u00e9ricaine Sofia Kenin (29e), soit la Russe Erika Andreeva (99e), dans un tableau dense et relev\u00e9.<\/p>\n\n\n\n<p>La saison 2025 s\u2019av\u00e8re difficile pour Jabeur, min\u00e9e par des blessures r\u00e9currentes et un manque de constance, autant de facteurs qui ont fragilis\u00e9 sa place parmi les meilleures joueuses du circuit.<\/p>\n\n\n\n<p>\u00c0 l\u2019approche de Wimbledon, o\u00f9 elle reste sur deux finales cons\u00e9cutives, Ons Jabeur doit imp\u00e9rativement rebondir. Le tournoi de Berlin repr\u00e9sente une opportunit\u00e9 cruciale pour retrouver confiance, rythme et points avant le Grand Chelem londonien. Pour cela, elle devra montrer que, malgr\u00e9 le coup d&rsquo;arr\u00eat, sa d\u00e9termination reste intacte.<\/p>\n","protected":false},"excerpt":{"rendered":"<p>Le d\u00e9but de la saison sur gazon s&rsquo;annonce comme un tournant d\u00e9cisif pour Ons Jabeur, qui doit d\u00e9sormais passer par les qualifications pour acc\u00e9der au tableau principal du tournoi WTA 500 de Berlin. Une situation in\u00e9dite pour la Tunisienne, rel\u00e9gu\u00e9e \u00e0 la 54e place mondiale apr\u00e8s une s\u00e9rie de contre-performances. Cette chute de 18 rangs [&hellip;]<\/p>\n","protected":false},"author":3191,"featured_media":377450,"comment_status":"open","ping_status":"open","sticky":false,"template":"","format":"standard","meta":{"footnotes":""},"categories":[2593],"tags":[6292,2604,2605,2691],"class_list":["post-377449","post","type-post","status-publish","format-standard","has-post-thumbnail","hentry","category-sport","tag-berlin","tag-ons-jabeur","tag-tennis","tag-wta"],"yoast_head":"<!-- This site is optimized with the Yoast SEO Premium plugin v27.4 (Yoast SEO v27.5) - https:\/\/yoast.com\/product\/yoast-seo-premium-wordpress\/ -->\n<title>Ons Jabeur rel\u00e9gu\u00e9e aux qualifications \u00e0 Berlin apr\u00e8s une chute historique au classement WTA - webdo<\/title>\n<meta name=\"description\" content=\"Ons Jabeur doit \u00e0 pr\u00e9sent passer par les qualifications pour le tournoi WTA 500 de Berlin apr\u00e8s une chute au classement.\" \/>\n<link rel=\"canonical\" href=\"https:\/\/www.webdo.tn\/fr\/actualite\/sport\/ons-jabeur-releguee-aux-qualifications-a-berlin-apres-une-chute-historique-au-classement-wta\/377449\/\" \/>\n<meta property=\"og:locale\" content=\"fr_FR\" \/>\n<meta property=\"og:type\" content=\"article\" \/>\n<meta property=\"og:title\" content=\"Ons Jabeur rel\u00e9gu\u00e9e aux qualifications \u00e0 Berlin apr\u00e8s une chute historique au classement WTA\" \/>\n<meta property=\"og:description\" content=\"Ons Jabeur doit \u00e0 pr\u00e9sent passer par les qualifications pour le tournoi WTA 500 de Berlin apr\u00e8s une chute au classement.\" \/>\n<meta property=\"og:url\" content=\"https:\/\/www.webdo.tn\/fr\/actualite\/sport\/ons-jabeur-releguee-aux-qualifications-a-berlin-apres-une-chute-historique-au-classement-wta\/377449\/\" \/>\n<meta property=\"og:site_name\" content=\"webdo\" \/>\n<meta property=\"article:publisher\" content=\"https:\/\/www.facebook.com\/webdotn\" \/>\n<meta property=\"article:published_time\" content=\"2025-06-14T09:51:10+00:00\" \/>\n<meta property=\"article:modified_time\" content=\"2025-06-14T09:53:59+00:00\" \/>\n<meta property=\"og:image\" content=\"https:\/\/www.webdo.tn\/fr\/wp-content\/uploads\/2025\/06\/Ons-Jabeur-1.jpg\" \/>\n\t<meta property=\"og:image:width\" content=\"1024\" \/>\n\t<meta property=\"og:image:height\" content=\"569\" \/>\n\t<meta property=\"og:image:type\" content=\"image\/jpeg\" \/>\n<meta name=\"author\" content=\"Mohamed Hedi Touati\" \/>\n<meta name=\"twitter:card\" content=\"summary_large_image\" \/>\n<meta name=\"twitter:creator\" content=\"@webdo_tn\" \/>\n<meta name=\"twitter:site\" content=\"@webdo_tn\" \/>\n<meta name=\"twitter:label1\" content=\"\u00c9crit par\" \/>\n\t<meta name=\"twitter:data1\" content=\"Mohamed Hedi Touati\" \/>\n\t<meta name=\"twitter:label2\" content=\"Dur\u00e9e de lecture estim\u00e9e\" \/>\n\t<meta name=\"twitter:data2\" content=\"2 minutes\" \/>\n<script type=\"application\/ld+json\" class=\"yoast-schema-graph\">{\"@context\":\"https:\\\/\\\/schema.org\",\"@graph\":[{\"@type\":\"NewsArticle\",\"@id\":\"https:\\\/\\\/www.webdo.tn\\\/fr\\\/actualite\\\/sport\\\/ons-jabeur-releguee-aux-qualifications-a-berlin-apres-une-chute-historique-au-classement-wta\\\/377449\\\/#article\",\"isPartOf\":{\"@id\":\"https:\\\/\\\/www.webdo.tn\\\/fr\\\/actualite\\\/sport\\\/ons-jabeur-releguee-aux-qualifications-a-berlin-apres-une-chute-historique-au-classement-wta\\\/377449\\\/\"},\"author\":{\"name\":\"Mohamed Hedi Touati\",\"@id\":\"https:\\\/\\\/www.webdo.tn\\\/fr\\\/#\\\/schema\\\/person\\\/c652cd8fc2b1b44412b5ffb48c5a911d\"},\"headline\":\"Ons Jabeur rel\u00e9gu\u00e9e aux qualifications \u00e0 Berlin apr\u00e8s une chute historique au classement WTA\",\"datePublished\":\"2025-06-14T09:51:10+00:00\",\"dateModified\":\"2025-06-14T09:53:59+00:00\",\"mainEntityOfPage\":{\"@id\":\"https:\\\/\\\/www.webdo.tn\\\/fr\\\/actualite\\\/sport\\\/ons-jabeur-releguee-aux-qualifications-a-berlin-apres-une-chute-historique-au-classement-wta\\\/377449\\\/\"},\"wordCount\":284,\"commentCount\":0,\"publisher\":{\"@id\":\"https:\\\/\\\/www.webdo.tn\\\/fr\\\/#organization\"},\"image\":{\"@id\":\"https:\\\/\\\/www.webdo.tn\\\/fr\\\/actualite\\\/sport\\\/ons-jabeur-releguee-aux-qualifications-a-berlin-apres-une-chute-historique-au-classement-wta\\\/377449\\\/#primaryimage\"},\"thumbnailUrl\":\"https:\\\/\\\/www.webdo.tn\\\/fr\\\/wp-content\\\/uploads\\\/2025\\\/06\\\/Ons-Jabeur-1.jpg\",\"keywords\":[\"berlin\",\"Ons Jabeur\",\"tennis\",\"WTA\"],\"articleSection\":[\"Sport\"],\"inLanguage\":\"fr-FR\"},{\"@type\":\"WebPage\",\"@id\":\"https:\\\/\\\/www.webdo.tn\\\/fr\\\/actualite\\\/sport\\\/ons-jabeur-releguee-aux-qualifications-a-berlin-apres-une-chute-historique-au-classement-wta\\\/377449\\\/\",\"url\":\"https:\\\/\\\/www.webdo.tn\\\/fr\\\/actualite\\\/sport\\\/ons-jabeur-releguee-aux-qualifications-a-berlin-apres-une-chute-historique-au-classement-wta\\\/377449\\\/\",\"name\":\"Ons Jabeur rel\u00e9gu\u00e9e aux qualifications \u00e0 Berlin apr\u00e8s une chute historique au classement WTA - webdo\",\"isPartOf\":{\"@id\":\"https:\\\/\\\/www.webdo.tn\\\/fr\\\/#website\"},\"primaryImageOfPage\":{\"@id\":\"https:\\\/\\\/www.webdo.tn\\\/fr\\\/actualite\\\/sport\\\/ons-jabeur-releguee-aux-qualifications-a-berlin-apres-une-chute-historique-au-classement-wta\\\/377449\\\/#primaryimage\"},\"image\":{\"@id\":\"https:\\\/\\\/www.webdo.tn\\\/fr\\\/actualite\\\/sport\\\/ons-jabeur-releguee-aux-qualifications-a-berlin-apres-une-chute-historique-au-classement-wta\\\/377449\\\/#primaryimage\"},\"thumbnailUrl\":\"https:\\\/\\\/www.webdo.tn\\\/fr\\\/wp-content\\\/uploads\\\/2025\\\/06\\\/Ons-Jabeur-1.jpg\",\"datePublished\":\"2025-06-14T09:51:10+00:00\",\"dateModified\":\"2025-06-14T09:53:59+00:00\",\"description\":\"Ons Jabeur doit \u00e0 pr\u00e9sent passer par les qualifications pour le tournoi WTA 500 de Berlin apr\u00e8s une chute au classement.\",\"breadcrumb\":{\"@id\":\"https:\\\/\\\/www.webdo.tn\\\/fr\\\/actualite\\\/sport\\\/ons-jabeur-releguee-aux-qualifications-a-berlin-apres-une-chute-historique-au-classement-wta\\\/377449\\\/#breadcrumb\"},\"inLanguage\":\"fr-FR\",\"potentialAction\":[{\"@type\":\"ReadAction\",\"target\":[\"https:\\\/\\\/www.webdo.tn\\\/fr\\\/actualite\\\/sport\\\/ons-jabeur-releguee-aux-qualifications-a-berlin-apres-une-chute-historique-au-classement-wta\\\/377449\\\/\"]}]},{\"@type\":\"ImageObject\",\"inLanguage\":\"fr-FR\",\"@id\":\"https:\\\/\\\/www.webdo.tn\\\/fr\\\/actualite\\\/sport\\\/ons-jabeur-releguee-aux-qualifications-a-berlin-apres-une-chute-historique-au-classement-wta\\\/377449\\\/#primaryimage\",\"url\":\"https:\\\/\\\/www.webdo.tn\\\/fr\\\/wp-content\\\/uploads\\\/2025\\\/06\\\/Ons-Jabeur-1.jpg\",\"contentUrl\":\"https:\\\/\\\/www.webdo.tn\\\/fr\\\/wp-content\\\/uploads\\\/2025\\\/06\\\/Ons-Jabeur-1.jpg\",\"width\":1024,\"height\":569},{\"@type\":\"BreadcrumbList\",\"@id\":\"https:\\\/\\\/www.webdo.tn\\\/fr\\\/actualite\\\/sport\\\/ons-jabeur-releguee-aux-qualifications-a-berlin-apres-une-chute-historique-au-classement-wta\\\/377449\\\/#breadcrumb\",\"itemListElement\":[{\"@type\":\"ListItem\",\"position\":1,\"name\":\"Accueil\",\"item\":\"https:\\\/\\\/www.webdo.tn\\\/fr\\\/\"},{\"@type\":\"ListItem\",\"position\":2,\"name\":\"Ons Jabeur rel\u00e9gu\u00e9e aux qualifications \u00e0 Berlin apr\u00e8s une chute historique au classement WTA\"}]},{\"@type\":\"WebSite\",\"@id\":\"https:\\\/\\\/www.webdo.tn\\\/fr\\\/#website\",\"url\":\"https:\\\/\\\/www.webdo.tn\\\/fr\\\/\",\"name\":\"webdo\",\"description\":\"Tunisie - News en Tunisie et \u00e0 l&#039;international sur Webdo.tn\",\"publisher\":{\"@id\":\"https:\\\/\\\/www.webdo.tn\\\/fr\\\/#organization\"},\"potentialAction\":[{\"@type\":\"SearchAction\",\"target\":{\"@type\":\"EntryPoint\",\"urlTemplate\":\"https:\\\/\\\/www.webdo.tn\\\/fr\\\/?s={search_term_string}\"},\"query-input\":{\"@type\":\"PropertyValueSpecification\",\"valueRequired\":true,\"valueName\":\"search_term_string\"}}],\"inLanguage\":\"fr-FR\"},{\"@type\":\"Organization\",\"@id\":\"https:\\\/\\\/www.webdo.tn\\\/fr\\\/#organization\",\"name\":\"Webdo\",\"alternateName\":\"Webdo.tn\",\"url\":\"https:\\\/\\\/www.webdo.tn\\\/fr\\\/\",\"logo\":{\"@type\":\"ImageObject\",\"inLanguage\":\"fr-FR\",\"@id\":\"https:\\\/\\\/www.webdo.tn\\\/fr\\\/#\\\/schema\\\/logo\\\/image\\\/\",\"url\":\"https:\\\/\\\/www.webdo.tn\\\/fr\\\/wp-content\\\/uploads\\\/2025\\\/06\\\/Webdo-Tunisie_168377.jpg\",\"contentUrl\":\"https:\\\/\\\/www.webdo.tn\\\/fr\\\/wp-content\\\/uploads\\\/2025\\\/06\\\/Webdo-Tunisie_168377.jpg\",\"width\":301,\"height\":301,\"caption\":\"Webdo\"},\"image\":{\"@id\":\"https:\\\/\\\/www.webdo.tn\\\/fr\\\/#\\\/schema\\\/logo\\\/image\\\/\"},\"sameAs\":[\"https:\\\/\\\/www.facebook.com\\\/webdotn\",\"https:\\\/\\\/x.com\\\/webdo_tn\"],\"description\":\"Webdo est un m\u00e9dia num\u00e9rique tunisien fond\u00e9 en 2010, sp\u00e9cialis\u00e9 dans l\u2019actualit\u00e9 nationale et internationale, l\u2019\u00e9conomie, la soci\u00e9t\u00e9 et les analyses politiques. Le site s\u2019adresse \u00e0 un large public francophone et couvre l\u2019information tunisienne en temps r\u00e9el.\",\"email\":\"redac@webdo.tn\",\"legalName\":\"YNJ SARL\",\"foundingDate\":\"2010-09-06\",\"numberOfEmployees\":{\"@type\":\"QuantitativeValue\",\"minValue\":\"11\",\"maxValue\":\"50\"}},{\"@type\":\"Person\",\"@id\":\"https:\\\/\\\/www.webdo.tn\\\/fr\\\/#\\\/schema\\\/person\\\/c652cd8fc2b1b44412b5ffb48c5a911d\",\"name\":\"Mohamed Hedi Touati\",\"image\":{\"@type\":\"ImageObject\",\"inLanguage\":\"fr-FR\",\"@id\":\"https:\\\/\\\/secure.gravatar.com\\\/avatar\\\/9cfd402c745b7a685f13eed0ea6e59d2144a3c2fc50a3db6fd5ed451f6cddf1a?s=96&d=mm&r=g\",\"url\":\"https:\\\/\\\/secure.gravatar.com\\\/avatar\\\/9cfd402c745b7a685f13eed0ea6e59d2144a3c2fc50a3db6fd5ed451f6cddf1a?s=96&d=mm&r=g\",\"contentUrl\":\"https:\\\/\\\/secure.gravatar.com\\\/avatar\\\/9cfd402c745b7a685f13eed0ea6e59d2144a3c2fc50a3db6fd5ed451f6cddf1a?s=96&d=mm&r=g\",\"caption\":\"Mohamed Hedi Touati\"},\"url\":\"https:\\\/\\\/www.webdo.tn\\\/fr\\\/actualite\\\/author\\\/mohamed-hedi-touati\\\/\"}]}<\/script>\n<!-- \/ Yoast SEO Premium plugin. -->","yoast_head_json":{"title":"Ons Jabeur rel\u00e9gu\u00e9e aux qualifications \u00e0 Berlin apr\u00e8s une chute historique au classement WTA - webdo","description":"Ons Jabeur doit \u00e0 pr\u00e9sent passer par les qualifications pour le tournoi WTA 500 de Berlin apr\u00e8s une chute au classement.","canonical":"https:\/\/www.webdo.tn\/fr\/actualite\/sport\/ons-jabeur-releguee-aux-qualifications-a-berlin-apres-une-chute-historique-au-classement-wta\/377449\/","og_locale":"fr_FR","og_type":"article","og_title":"Ons Jabeur rel\u00e9gu\u00e9e aux qualifications \u00e0 Berlin apr\u00e8s une chute historique au classement WTA","og_description":"Ons Jabeur doit \u00e0 pr\u00e9sent passer par les qualifications pour le tournoi WTA 500 de Berlin apr\u00e8s une chute au classement.","og_url":"https:\/\/www.webdo.tn\/fr\/actualite\/sport\/ons-jabeur-releguee-aux-qualifications-a-berlin-apres-une-chute-historique-au-classement-wta\/377449\/","og_site_name":"webdo","article_publisher":"https:\/\/www.facebook.com\/webdotn","article_published_time":"2025-06-14T09:51:10+00:00","article_modified_time":"2025-06-14T09:53:59+00:00","og_image":[{"width":1024,"height":569,"url":"https:\/\/www.webdo.tn\/fr\/wp-content\/uploads\/2025\/06\/Ons-Jabeur-1.jpg","type":"image\/jpeg"}],"author":"Mohamed Hedi Touati","twitter_card":"summary_large_image","twitter_creator":"@webdo_tn","twitter_site":"@webdo_tn","twitter_misc":{"\u00c9crit par":"Mohamed Hedi Touati","Dur\u00e9e de lecture estim\u00e9e":"2 minutes"},"schema":{"@context":"https:\/\/schema.org","@graph":[{"@type":"NewsArticle","@id":"https:\/\/www.webdo.tn\/fr\/actualite\/sport\/ons-jabeur-releguee-aux-qualifications-a-berlin-apres-une-chute-historique-au-classement-wta\/377449\/#article","isPartOf":{"@id":"https:\/\/www.webdo.tn\/fr\/actualite\/sport\/ons-jabeur-releguee-aux-qualifications-a-berlin-apres-une-chute-historique-au-classement-wta\/377449\/"},"author":{"name":"Mohamed Hedi Touati","@id":"https:\/\/www.webdo.tn\/fr\/#\/schema\/person\/c652cd8fc2b1b44412b5ffb48c5a911d"},"headline":"Ons Jabeur rel\u00e9gu\u00e9e aux qualifications \u00e0 Berlin apr\u00e8s une chute historique au classement WTA","datePublished":"2025-06-14T09:51:10+00:00","dateModified":"2025-06-14T09:53:59+00:00","mainEntityOfPage":{"@id":"https:\/\/www.webdo.tn\/fr\/actualite\/sport\/ons-jabeur-releguee-aux-qualifications-a-berlin-apres-une-chute-historique-au-classement-wta\/377449\/"},"wordCount":284,"commentCount":0,"publisher":{"@id":"https:\/\/www.webdo.tn\/fr\/#organization"},"image":{"@id":"https:\/\/www.webdo.tn\/fr\/actualite\/sport\/ons-jabeur-releguee-aux-qualifications-a-berlin-apres-une-chute-historique-au-classement-wta\/377449\/#primaryimage"},"thumbnailUrl":"https:\/\/www.webdo.tn\/fr\/wp-content\/uploads\/2025\/06\/Ons-Jabeur-1.jpg","keywords":["berlin","Ons Jabeur","tennis","WTA"],"articleSection":["Sport"],"inLanguage":"fr-FR"},{"@type":"WebPage","@id":"https:\/\/www.webdo.tn\/fr\/actualite\/sport\/ons-jabeur-releguee-aux-qualifications-a-berlin-apres-une-chute-historique-au-classement-wta\/377449\/","url":"https:\/\/www.webdo.tn\/fr\/actualite\/sport\/ons-jabeur-releguee-aux-qualifications-a-berlin-apres-une-chute-historique-au-classement-wta\/377449\/","name":"Ons Jabeur rel\u00e9gu\u00e9e aux qualifications \u00e0 Berlin apr\u00e8s une chute historique au classement WTA - webdo","isPartOf":{"@id":"https:\/\/www.webdo.tn\/fr\/#website"},"primaryImageOfPage":{"@id":"https:\/\/www.webdo.tn\/fr\/actualite\/sport\/ons-jabeur-releguee-aux-qualifications-a-berlin-apres-une-chute-historique-au-classement-wta\/377449\/#primaryimage"},"image":{"@id":"https:\/\/www.webdo.tn\/fr\/actualite\/sport\/ons-jabeur-releguee-aux-qualifications-a-berlin-apres-une-chute-historique-au-classement-wta\/377449\/#primaryimage"},"thumbnailUrl":"https:\/\/www.webdo.tn\/fr\/wp-content\/uploads\/2025\/06\/Ons-Jabeur-1.jpg","datePublished":"2025-06-14T09:51:10+00:00","dateModified":"2025-06-14T09:53:59+00:00","description":"Ons Jabeur doit \u00e0 pr\u00e9sent passer par les qualifications pour le tournoi WTA 500 de Berlin apr\u00e8s une chute au classement.","breadcrumb":{"@id":"https:\/\/www.webdo.tn\/fr\/actualite\/sport\/ons-jabeur-releguee-aux-qualifications-a-berlin-apres-une-chute-historique-au-classement-wta\/377449\/#breadcrumb"},"inLanguage":"fr-FR","potentialAction":[{"@type":"ReadAction","target":["https:\/\/www.webdo.tn\/fr\/actualite\/sport\/ons-jabeur-releguee-aux-qualifications-a-berlin-apres-une-chute-historique-au-classement-wta\/377449\/"]}]},{"@type":"ImageObject","inLanguage":"fr-FR","@id":"https:\/\/www.webdo.tn\/fr\/actualite\/sport\/ons-jabeur-releguee-aux-qualifications-a-berlin-apres-une-chute-historique-au-classement-wta\/377449\/#primaryimage","url":"https:\/\/www.webdo.tn\/fr\/wp-content\/uploads\/2025\/06\/Ons-Jabeur-1.jpg","contentUrl":"https:\/\/www.webdo.tn\/fr\/wp-content\/uploads\/2025\/06\/Ons-Jabeur-1.jpg","width":1024,"height":569},{"@type":"BreadcrumbList","@id":"https:\/\/www.webdo.tn\/fr\/actualite\/sport\/ons-jabeur-releguee-aux-qualifications-a-berlin-apres-une-chute-historique-au-classement-wta\/377449\/#breadcrumb","itemListElement":[{"@type":"ListItem","position":1,"name":"Accueil","item":"https:\/\/www.webdo.tn\/fr\/"},{"@type":"ListItem","position":2,"name":"Ons Jabeur rel\u00e9gu\u00e9e aux qualifications \u00e0 Berlin apr\u00e8s une chute historique au classement WTA"}]},{"@type":"WebSite","@id":"https:\/\/www.webdo.tn\/fr\/#website","url":"https:\/\/www.webdo.tn\/fr\/","name":"webdo","description":"Tunisie - News en Tunisie et \u00e0 l&#039;international sur Webdo.tn","publisher":{"@id":"https:\/\/www.webdo.tn\/fr\/#organization"},"potentialAction":[{"@type":"SearchAction","target":{"@type":"EntryPoint","urlTemplate":"https:\/\/www.webdo.tn\/fr\/?s={search_term_string}"},"query-input":{"@type":"PropertyValueSpecification","valueRequired":true,"valueName":"search_term_string"}}],"inLanguage":"fr-FR"},{"@type":"Organization","@id":"https:\/\/www.webdo.tn\/fr\/#organization","name":"Webdo","alternateName":"Webdo.tn","url":"https:\/\/www.webdo.tn\/fr\/","logo":{"@type":"ImageObject","inLanguage":"fr-FR","@id":"https:\/\/www.webdo.tn\/fr\/#\/schema\/logo\/image\/","url":"https:\/\/www.webdo.tn\/fr\/wp-content\/uploads\/2025\/06\/Webdo-Tunisie_168377.jpg","contentUrl":"https:\/\/www.webdo.tn\/fr\/wp-content\/uploads\/2025\/06\/Webdo-Tunisie_168377.jpg","width":301,"height":301,"caption":"Webdo"},"image":{"@id":"https:\/\/www.webdo.tn\/fr\/#\/schema\/logo\/image\/"},"sameAs":["https:\/\/www.facebook.com\/webdotn","https:\/\/x.com\/webdo_tn"],"description":"Webdo est un m\u00e9dia num\u00e9rique tunisien fond\u00e9 en 2010, sp\u00e9cialis\u00e9 dans l\u2019actualit\u00e9 nationale et internationale, l\u2019\u00e9conomie, la soci\u00e9t\u00e9 et les analyses politiques. Le site s\u2019adresse \u00e0 un large public francophone et couvre l\u2019information tunisienne en temps r\u00e9el.","email":"redac@webdo.tn","legalName":"YNJ SARL","foundingDate":"2010-09-06","numberOfEmployees":{"@type":"QuantitativeValue","minValue":"11","maxValue":"50"}},{"@type":"Person","@id":"https:\/\/www.webdo.tn\/fr\/#\/schema\/person\/c652cd8fc2b1b44412b5ffb48c5a911d","name":"Mohamed Hedi Touati","image":{"@type":"ImageObject","inLanguage":"fr-FR","@id":"https:\/\/secure.gravatar.com\/avatar\/9cfd402c745b7a685f13eed0ea6e59d2144a3c2fc50a3db6fd5ed451f6cddf1a?s=96&d=mm&r=g","url":"https:\/\/secure.gravatar.com\/avatar\/9cfd402c745b7a685f13eed0ea6e59d2144a3c2fc50a3db6fd5ed451f6cddf1a?s=96&d=mm&r=g","contentUrl":"https:\/\/secure.gravatar.com\/avatar\/9cfd402c745b7a685f13eed0ea6e59d2144a3c2fc50a3db6fd5ed451f6cddf1a?s=96&d=mm&r=g","caption":"Mohamed Hedi Touati"},"url":"https:\/\/www.webdo.tn\/fr\/actualite\/author\/mohamed-hedi-touati\/"}]}},"_links":{"self":[{"href":"https:\/\/www.webdo.tn\/fr\/wp-json\/wp\/v2\/posts\/377449","targetHints":{"allow":["GET"]}}],"collection":[{"href":"https:\/\/www.webdo.tn\/fr\/wp-json\/wp\/v2\/posts"}],"about":[{"href":"https:\/\/www.webdo.tn\/fr\/wp-json\/wp\/v2\/types\/post"}],"author":[{"embeddable":true,"href":"https:\/\/www.webdo.tn\/fr\/wp-json\/wp\/v2\/users\/3191"}],"replies":[{"embeddable":true,"href":"https:\/\/www.webdo.tn\/fr\/wp-json\/wp\/v2\/comments?post=377449"}],"version-history":[{"count":0,"href":"https:\/\/www.webdo.tn\/fr\/wp-json\/wp\/v2\/posts\/377449\/revisions"}],"wp:featuredmedia":[{"embeddable":true,"href":"https:\/\/www.webdo.tn\/fr\/wp-json\/wp\/v2\/media\/377450"}],"wp:attachment":[{"href":"https:\/\/www.webdo.tn\/fr\/wp-json\/wp\/v2\/media?parent=377449"}],"wp:term":[{"taxonomy":"category","embeddable":true,"href":"https:\/\/www.webdo.tn\/fr\/wp-json\/wp\/v2\/categories?post=377449"},{"taxonomy":"post_tag","embeddable":true,"href":"https:\/\/www.webdo.tn\/fr\/wp-json\/wp\/v2\/tags?post=377449"}],"curies":[{"name":"wp","href":"https:\/\/api.w.org\/{rel}","templated":true}]}}