{"id":377446,"date":"2025-06-14T10:17:42","date_gmt":"2025-06-14T09:17:42","guid":{"rendered":"https:\/\/www.webdo.tn\/fr\/?p=377446"},"modified":"2025-06-16T08:24:57","modified_gmt":"2025-06-16T07:24:57","slug":"liran-abat-des-drones-et-avions-israeliens-apres-des-frappes-ciblees","status":"publish","type":"post","link":"https:\/\/www.webdo.tn\/fr\/actualite\/international\/liran-abat-des-drones-et-avions-israeliens-apres-des-frappes-ciblees\/377446\/","title":{"rendered":"L\u2019Iran abat des drones et avions isra\u00e9liens apr\u00e8s des frappes cibl\u00e9es"},"content":{"rendered":"\n<p>Les tensions militaires entre l\u2019Iran et Isra\u00ebl ont franchi un nouveau cap. L\u2019arm\u00e9e iranienne a annonc\u00e9 avoir abattu, aujourd\u2019hui, plusieurs drones isra\u00e9liens qui avaient viol\u00e9 l\u2019espace a\u00e9rien du pays dans la r\u00e9gion frontali\u00e8re de Salmas, au nord-ouest du territoire. Ces appareils auraient \u00e9t\u00e9 engag\u00e9s dans des missions de reconnaissance et d\u2019espionnage, selon la t\u00e9l\u00e9vision d\u2019\u00c9tat iranienne.<\/p>\n\n\n\n<p>La veille, deux avions de chasse isra\u00e9liens auraient \u00e9galement \u00e9t\u00e9 intercept\u00e9s et d\u00e9truits alors qu\u2019ils survolaient ill\u00e9galement le territoire iranien, selon l\u2019agence de presse officielle IRNA. L\u2019agence semi-officielle Tasnim \u00e9voque, quant \u00e0 elle, la destruction de plusieurs \u00ab\u00a0micro-v\u00e9hicules a\u00e9riens\u00a0\u00bb, en plus des avions de combat.<\/p>\n\n\n\n<p>Cette intensification militaire intervient en r\u00e9ponse \u00e0 une s\u00e9rie de frappes isra\u00e9liennes men\u00e9es d\u00e8s vendredi matin contre des positions militaires et civiles iraniennes, selon les autorit\u00e9s de T\u00e9h\u00e9ran. En repr\u00e9sailles, l\u2019Iran a lanc\u00e9 des dizaines de missiles contre des bases et infrastructures militaires situ\u00e9es sur le territoire isra\u00e9lien.<\/p>\n\n\n\n<p>Dans un communiqu\u00e9, les Gardiens de la R\u00e9volution ont affirm\u00e9 que cette riposte \u00e9tait \u00ab ferme et pr\u00e9cise \u00bb, ciblant \u00ab des dizaines de sites strat\u00e9giques du r\u00e9gime isra\u00e9lien \u00bb.<\/p>\n\n\n\n<p>La diplomatie iranienne a, de son c\u00f4t\u00e9, d\u00e9nonc\u00e9 une violation flagrante du droit international, qualifiant les frappes isra\u00e9liennes d\u2019\u00ab agression manifeste contre l\u2019int\u00e9grit\u00e9 territoriale de l\u2019Iran \u00bb. Elle a averti qu\u2019une r\u00e9ponse \u00ab par tous les moyens n\u00e9cessaires \u00bb serait apport\u00e9e.<\/p>\n\n\n\n<p>Cette escalade fait craindre un nouvel embrasement r\u00e9gional, alors que les appels \u00e0 la retenue se multiplient au sein de la communaut\u00e9 internationale.<\/p>\n","protected":false},"excerpt":{"rendered":"<p>Les tensions militaires entre l\u2019Iran et Isra\u00ebl ont franchi un nouveau cap. L\u2019arm\u00e9e iranienne a annonc\u00e9 avoir abattu, aujourd\u2019hui, plusieurs drones isra\u00e9liens qui avaient viol\u00e9 l\u2019espace a\u00e9rien du pays dans la r\u00e9gion frontali\u00e8re de Salmas, au nord-ouest du territoire. Ces appareils auraient \u00e9t\u00e9 engag\u00e9s dans des missions de reconnaissance et d\u2019espionnage, selon la t\u00e9l\u00e9vision d\u2019\u00c9tat [&hellip;]<\/p>\n","protected":false},"author":3191,"featured_media":377447,"comment_status":"open","ping_status":"open","sticky":false,"template":"","format":"standard","meta":{"footnotes":""},"categories":[2598],"tags":[2600,2912,2636],"class_list":["post-377446","post","type-post","status-publish","format-standard","has-post-thumbnail","hentry","category-international","tag-guerre","tag-iran","tag-israel"],"yoast_head":"<!-- This site is optimized with the Yoast SEO Premium plugin v27.5 (Yoast SEO v27.5) - https:\/\/yoast.com\/product\/yoast-seo-premium-wordpress\/ -->\n<title>L\u2019Iran abat des drones et avions isra\u00e9liens apr\u00e8s des frappes cibl\u00e9es - webdo<\/title>\n<meta name=\"description\" content=\"L\u2019Iran abat des drones isra\u00e9liens violant son espace a\u00e9rien, intensifiant les tensions militaires dans la r\u00e9gion.\" \/>\n<link rel=\"canonical\" href=\"https:\/\/www.webdo.tn\/fr\/actualite\/international\/liran-abat-des-drones-et-avions-israeliens-apres-des-frappes-ciblees\/377446\/\" \/>\n<meta property=\"og:locale\" content=\"fr_FR\" \/>\n<meta property=\"og:type\" content=\"article\" \/>\n<meta property=\"og:title\" content=\"L\u2019Iran abat des drones et avions isra\u00e9liens apr\u00e8s des frappes cibl\u00e9es\" \/>\n<meta property=\"og:description\" content=\"L\u2019Iran abat des drones isra\u00e9liens violant son espace a\u00e9rien, intensifiant les tensions militaires dans la r\u00e9gion.\" \/>\n<meta property=\"og:url\" content=\"https:\/\/www.webdo.tn\/fr\/actualite\/international\/liran-abat-des-drones-et-avions-israeliens-apres-des-frappes-ciblees\/377446\/\" \/>\n<meta property=\"og:site_name\" content=\"webdo\" \/>\n<meta property=\"article:publisher\" content=\"https:\/\/www.facebook.com\/webdotn\" \/>\n<meta property=\"article:published_time\" content=\"2025-06-14T09:17:42+00:00\" \/>\n<meta property=\"article:modified_time\" content=\"2025-06-16T07:24:57+00:00\" \/>\n<meta property=\"og:image\" content=\"https:\/\/www.webdo.tn\/fr\/wp-content\/uploads\/2025\/06\/iran.jpg\" \/>\n\t<meta property=\"og:image:width\" content=\"800\" \/>\n\t<meta property=\"og:image:height\" content=\"533\" \/>\n\t<meta property=\"og:image:type\" content=\"image\/jpeg\" \/>\n<meta name=\"author\" content=\"Mohamed Hedi Touati\" \/>\n<meta name=\"twitter:card\" content=\"summary_large_image\" \/>\n<meta name=\"twitter:creator\" content=\"@webdo_tn\" \/>\n<meta name=\"twitter:site\" content=\"@webdo_tn\" \/>\n<meta name=\"twitter:label1\" content=\"\u00c9crit par\" \/>\n\t<meta name=\"twitter:data1\" content=\"Mohamed Hedi Touati\" \/>\n\t<meta name=\"twitter:label2\" content=\"Dur\u00e9e de lecture estim\u00e9e\" \/>\n\t<meta name=\"twitter:data2\" content=\"2 minutes\" \/>\n<script type=\"application\/ld+json\" class=\"yoast-schema-graph\">{\"@context\":\"https:\\\/\\\/schema.org\",\"@graph\":[{\"@type\":\"NewsArticle\",\"@id\":\"https:\\\/\\\/www.webdo.tn\\\/fr\\\/actualite\\\/international\\\/liran-abat-des-drones-et-avions-israeliens-apres-des-frappes-ciblees\\\/377446\\\/#article\",\"isPartOf\":{\"@id\":\"https:\\\/\\\/www.webdo.tn\\\/fr\\\/actualite\\\/international\\\/liran-abat-des-drones-et-avions-israeliens-apres-des-frappes-ciblees\\\/377446\\\/\"},\"author\":{\"name\":\"Mohamed Hedi Touati\",\"@id\":\"https:\\\/\\\/www.webdo.tn\\\/fr\\\/#\\\/schema\\\/person\\\/c652cd8fc2b1b44412b5ffb48c5a911d\"},\"headline\":\"L\u2019Iran abat des drones et avions isra\u00e9liens apr\u00e8s des frappes cibl\u00e9es\",\"datePublished\":\"2025-06-14T09:17:42+00:00\",\"dateModified\":\"2025-06-16T07:24:57+00:00\",\"mainEntityOfPage\":{\"@id\":\"https:\\\/\\\/www.webdo.tn\\\/fr\\\/actualite\\\/international\\\/liran-abat-des-drones-et-avions-israeliens-apres-des-frappes-ciblees\\\/377446\\\/\"},\"wordCount\":300,\"commentCount\":0,\"publisher\":{\"@id\":\"https:\\\/\\\/www.webdo.tn\\\/fr\\\/#organization\"},\"image\":{\"@id\":\"https:\\\/\\\/www.webdo.tn\\\/fr\\\/actualite\\\/international\\\/liran-abat-des-drones-et-avions-israeliens-apres-des-frappes-ciblees\\\/377446\\\/#primaryimage\"},\"thumbnailUrl\":\"https:\\\/\\\/www.webdo.tn\\\/fr\\\/wp-content\\\/uploads\\\/2025\\\/06\\\/iran.jpg\",\"keywords\":[\"guerre\",\"Iran\",\"isra\u00ebl\"],\"articleSection\":[\"International\"],\"inLanguage\":\"fr-FR\"},{\"@type\":\"WebPage\",\"@id\":\"https:\\\/\\\/www.webdo.tn\\\/fr\\\/actualite\\\/international\\\/liran-abat-des-drones-et-avions-israeliens-apres-des-frappes-ciblees\\\/377446\\\/\",\"url\":\"https:\\\/\\\/www.webdo.tn\\\/fr\\\/actualite\\\/international\\\/liran-abat-des-drones-et-avions-israeliens-apres-des-frappes-ciblees\\\/377446\\\/\",\"name\":\"L\u2019Iran abat des drones et avions isra\u00e9liens apr\u00e8s des frappes cibl\u00e9es - webdo\",\"isPartOf\":{\"@id\":\"https:\\\/\\\/www.webdo.tn\\\/fr\\\/#website\"},\"primaryImageOfPage\":{\"@id\":\"https:\\\/\\\/www.webdo.tn\\\/fr\\\/actualite\\\/international\\\/liran-abat-des-drones-et-avions-israeliens-apres-des-frappes-ciblees\\\/377446\\\/#primaryimage\"},\"image\":{\"@id\":\"https:\\\/\\\/www.webdo.tn\\\/fr\\\/actualite\\\/international\\\/liran-abat-des-drones-et-avions-israeliens-apres-des-frappes-ciblees\\\/377446\\\/#primaryimage\"},\"thumbnailUrl\":\"https:\\\/\\\/www.webdo.tn\\\/fr\\\/wp-content\\\/uploads\\\/2025\\\/06\\\/iran.jpg\",\"datePublished\":\"2025-06-14T09:17:42+00:00\",\"dateModified\":\"2025-06-16T07:24:57+00:00\",\"description\":\"L\u2019Iran abat des drones isra\u00e9liens violant son espace a\u00e9rien, intensifiant les tensions militaires dans la r\u00e9gion.\",\"breadcrumb\":{\"@id\":\"https:\\\/\\\/www.webdo.tn\\\/fr\\\/actualite\\\/international\\\/liran-abat-des-drones-et-avions-israeliens-apres-des-frappes-ciblees\\\/377446\\\/#breadcrumb\"},\"inLanguage\":\"fr-FR\",\"potentialAction\":[{\"@type\":\"ReadAction\",\"target\":[\"https:\\\/\\\/www.webdo.tn\\\/fr\\\/actualite\\\/international\\\/liran-abat-des-drones-et-avions-israeliens-apres-des-frappes-ciblees\\\/377446\\\/\"]}]},{\"@type\":\"ImageObject\",\"inLanguage\":\"fr-FR\",\"@id\":\"https:\\\/\\\/www.webdo.tn\\\/fr\\\/actualite\\\/international\\\/liran-abat-des-drones-et-avions-israeliens-apres-des-frappes-ciblees\\\/377446\\\/#primaryimage\",\"url\":\"https:\\\/\\\/www.webdo.tn\\\/fr\\\/wp-content\\\/uploads\\\/2025\\\/06\\\/iran.jpg\",\"contentUrl\":\"https:\\\/\\\/www.webdo.tn\\\/fr\\\/wp-content\\\/uploads\\\/2025\\\/06\\\/iran.jpg\",\"width\":800,\"height\":533},{\"@type\":\"BreadcrumbList\",\"@id\":\"https:\\\/\\\/www.webdo.tn\\\/fr\\\/actualite\\\/international\\\/liran-abat-des-drones-et-avions-israeliens-apres-des-frappes-ciblees\\\/377446\\\/#breadcrumb\",\"itemListElement\":[{\"@type\":\"ListItem\",\"position\":1,\"name\":\"Accueil\",\"item\":\"https:\\\/\\\/www.webdo.tn\\\/fr\\\/\"},{\"@type\":\"ListItem\",\"position\":2,\"name\":\"L\u2019Iran abat des drones et avions isra\u00e9liens apr\u00e8s des frappes cibl\u00e9es\"}]},{\"@type\":\"WebSite\",\"@id\":\"https:\\\/\\\/www.webdo.tn\\\/fr\\\/#website\",\"url\":\"https:\\\/\\\/www.webdo.tn\\\/fr\\\/\",\"name\":\"webdo\",\"description\":\"Tunisie - News en Tunisie et \u00e0 l&#039;international sur Webdo.tn\",\"publisher\":{\"@id\":\"https:\\\/\\\/www.webdo.tn\\\/fr\\\/#organization\"},\"potentialAction\":[{\"@type\":\"SearchAction\",\"target\":{\"@type\":\"EntryPoint\",\"urlTemplate\":\"https:\\\/\\\/www.webdo.tn\\\/fr\\\/?s={search_term_string}\"},\"query-input\":{\"@type\":\"PropertyValueSpecification\",\"valueRequired\":true,\"valueName\":\"search_term_string\"}}],\"inLanguage\":\"fr-FR\"},{\"@type\":\"Organization\",\"@id\":\"https:\\\/\\\/www.webdo.tn\\\/fr\\\/#organization\",\"name\":\"Webdo\",\"alternateName\":\"Webdo.tn\",\"url\":\"https:\\\/\\\/www.webdo.tn\\\/fr\\\/\",\"logo\":{\"@type\":\"ImageObject\",\"inLanguage\":\"fr-FR\",\"@id\":\"https:\\\/\\\/www.webdo.tn\\\/fr\\\/#\\\/schema\\\/logo\\\/image\\\/\",\"url\":\"https:\\\/\\\/www.webdo.tn\\\/fr\\\/wp-content\\\/uploads\\\/2025\\\/06\\\/Webdo-Tunisie_168377.jpg\",\"contentUrl\":\"https:\\\/\\\/www.webdo.tn\\\/fr\\\/wp-content\\\/uploads\\\/2025\\\/06\\\/Webdo-Tunisie_168377.jpg\",\"width\":301,\"height\":301,\"caption\":\"Webdo\"},\"image\":{\"@id\":\"https:\\\/\\\/www.webdo.tn\\\/fr\\\/#\\\/schema\\\/logo\\\/image\\\/\"},\"sameAs\":[\"https:\\\/\\\/www.facebook.com\\\/webdotn\",\"https:\\\/\\\/x.com\\\/webdo_tn\"],\"description\":\"Webdo est un m\u00e9dia num\u00e9rique tunisien fond\u00e9 en 2010, sp\u00e9cialis\u00e9 dans l\u2019actualit\u00e9 nationale et internationale, l\u2019\u00e9conomie, la soci\u00e9t\u00e9 et les analyses politiques. Le site s\u2019adresse \u00e0 un large public francophone et couvre l\u2019information tunisienne en temps r\u00e9el.\",\"email\":\"redac@webdo.tn\",\"legalName\":\"YNJ SARL\",\"foundingDate\":\"2010-09-06\",\"numberOfEmployees\":{\"@type\":\"QuantitativeValue\",\"minValue\":\"11\",\"maxValue\":\"50\"}},{\"@type\":\"Person\",\"@id\":\"https:\\\/\\\/www.webdo.tn\\\/fr\\\/#\\\/schema\\\/person\\\/c652cd8fc2b1b44412b5ffb48c5a911d\",\"name\":\"Mohamed Hedi Touati\",\"image\":{\"@type\":\"ImageObject\",\"inLanguage\":\"fr-FR\",\"@id\":\"https:\\\/\\\/secure.gravatar.com\\\/avatar\\\/9cfd402c745b7a685f13eed0ea6e59d2144a3c2fc50a3db6fd5ed451f6cddf1a?s=96&d=mm&r=g\",\"url\":\"https:\\\/\\\/secure.gravatar.com\\\/avatar\\\/9cfd402c745b7a685f13eed0ea6e59d2144a3c2fc50a3db6fd5ed451f6cddf1a?s=96&d=mm&r=g\",\"contentUrl\":\"https:\\\/\\\/secure.gravatar.com\\\/avatar\\\/9cfd402c745b7a685f13eed0ea6e59d2144a3c2fc50a3db6fd5ed451f6cddf1a?s=96&d=mm&r=g\",\"caption\":\"Mohamed Hedi Touati\"},\"url\":\"https:\\\/\\\/www.webdo.tn\\\/fr\\\/actualite\\\/author\\\/mohamed-hedi-touati\\\/\"}]}<\/script>\n<!-- \/ Yoast SEO Premium plugin. -->","yoast_head_json":{"title":"L\u2019Iran abat des drones et avions isra\u00e9liens apr\u00e8s des frappes cibl\u00e9es - webdo","description":"L\u2019Iran abat des drones isra\u00e9liens violant son espace a\u00e9rien, intensifiant les tensions militaires dans la r\u00e9gion.","canonical":"https:\/\/www.webdo.tn\/fr\/actualite\/international\/liran-abat-des-drones-et-avions-israeliens-apres-des-frappes-ciblees\/377446\/","og_locale":"fr_FR","og_type":"article","og_title":"L\u2019Iran abat des drones et avions isra\u00e9liens apr\u00e8s des frappes cibl\u00e9es","og_description":"L\u2019Iran abat des drones isra\u00e9liens violant son espace a\u00e9rien, intensifiant les tensions militaires dans la r\u00e9gion.","og_url":"https:\/\/www.webdo.tn\/fr\/actualite\/international\/liran-abat-des-drones-et-avions-israeliens-apres-des-frappes-ciblees\/377446\/","og_site_name":"webdo","article_publisher":"https:\/\/www.facebook.com\/webdotn","article_published_time":"2025-06-14T09:17:42+00:00","article_modified_time":"2025-06-16T07:24:57+00:00","og_image":[{"width":800,"height":533,"url":"https:\/\/www.webdo.tn\/fr\/wp-content\/uploads\/2025\/06\/iran.jpg","type":"image\/jpeg"}],"author":"Mohamed Hedi Touati","twitter_card":"summary_large_image","twitter_creator":"@webdo_tn","twitter_site":"@webdo_tn","twitter_misc":{"\u00c9crit par":"Mohamed Hedi Touati","Dur\u00e9e de lecture estim\u00e9e":"2 minutes"},"schema":{"@context":"https:\/\/schema.org","@graph":[{"@type":"NewsArticle","@id":"https:\/\/www.webdo.tn\/fr\/actualite\/international\/liran-abat-des-drones-et-avions-israeliens-apres-des-frappes-ciblees\/377446\/#article","isPartOf":{"@id":"https:\/\/www.webdo.tn\/fr\/actualite\/international\/liran-abat-des-drones-et-avions-israeliens-apres-des-frappes-ciblees\/377446\/"},"author":{"name":"Mohamed Hedi Touati","@id":"https:\/\/www.webdo.tn\/fr\/#\/schema\/person\/c652cd8fc2b1b44412b5ffb48c5a911d"},"headline":"L\u2019Iran abat des drones et avions isra\u00e9liens apr\u00e8s des frappes cibl\u00e9es","datePublished":"2025-06-14T09:17:42+00:00","dateModified":"2025-06-16T07:24:57+00:00","mainEntityOfPage":{"@id":"https:\/\/www.webdo.tn\/fr\/actualite\/international\/liran-abat-des-drones-et-avions-israeliens-apres-des-frappes-ciblees\/377446\/"},"wordCount":300,"commentCount":0,"publisher":{"@id":"https:\/\/www.webdo.tn\/fr\/#organization"},"image":{"@id":"https:\/\/www.webdo.tn\/fr\/actualite\/international\/liran-abat-des-drones-et-avions-israeliens-apres-des-frappes-ciblees\/377446\/#primaryimage"},"thumbnailUrl":"https:\/\/www.webdo.tn\/fr\/wp-content\/uploads\/2025\/06\/iran.jpg","keywords":["guerre","Iran","isra\u00ebl"],"articleSection":["International"],"inLanguage":"fr-FR"},{"@type":"WebPage","@id":"https:\/\/www.webdo.tn\/fr\/actualite\/international\/liran-abat-des-drones-et-avions-israeliens-apres-des-frappes-ciblees\/377446\/","url":"https:\/\/www.webdo.tn\/fr\/actualite\/international\/liran-abat-des-drones-et-avions-israeliens-apres-des-frappes-ciblees\/377446\/","name":"L\u2019Iran abat des drones et avions isra\u00e9liens apr\u00e8s des frappes cibl\u00e9es - webdo","isPartOf":{"@id":"https:\/\/www.webdo.tn\/fr\/#website"},"primaryImageOfPage":{"@id":"https:\/\/www.webdo.tn\/fr\/actualite\/international\/liran-abat-des-drones-et-avions-israeliens-apres-des-frappes-ciblees\/377446\/#primaryimage"},"image":{"@id":"https:\/\/www.webdo.tn\/fr\/actualite\/international\/liran-abat-des-drones-et-avions-israeliens-apres-des-frappes-ciblees\/377446\/#primaryimage"},"thumbnailUrl":"https:\/\/www.webdo.tn\/fr\/wp-content\/uploads\/2025\/06\/iran.jpg","datePublished":"2025-06-14T09:17:42+00:00","dateModified":"2025-06-16T07:24:57+00:00","description":"L\u2019Iran abat des drones isra\u00e9liens violant son espace a\u00e9rien, intensifiant les tensions militaires dans la r\u00e9gion.","breadcrumb":{"@id":"https:\/\/www.webdo.tn\/fr\/actualite\/international\/liran-abat-des-drones-et-avions-israeliens-apres-des-frappes-ciblees\/377446\/#breadcrumb"},"inLanguage":"fr-FR","potentialAction":[{"@type":"ReadAction","target":["https:\/\/www.webdo.tn\/fr\/actualite\/international\/liran-abat-des-drones-et-avions-israeliens-apres-des-frappes-ciblees\/377446\/"]}]},{"@type":"ImageObject","inLanguage":"fr-FR","@id":"https:\/\/www.webdo.tn\/fr\/actualite\/international\/liran-abat-des-drones-et-avions-israeliens-apres-des-frappes-ciblees\/377446\/#primaryimage","url":"https:\/\/www.webdo.tn\/fr\/wp-content\/uploads\/2025\/06\/iran.jpg","contentUrl":"https:\/\/www.webdo.tn\/fr\/wp-content\/uploads\/2025\/06\/iran.jpg","width":800,"height":533},{"@type":"BreadcrumbList","@id":"https:\/\/www.webdo.tn\/fr\/actualite\/international\/liran-abat-des-drones-et-avions-israeliens-apres-des-frappes-ciblees\/377446\/#breadcrumb","itemListElement":[{"@type":"ListItem","position":1,"name":"Accueil","item":"https:\/\/www.webdo.tn\/fr\/"},{"@type":"ListItem","position":2,"name":"L\u2019Iran abat des drones et avions isra\u00e9liens apr\u00e8s des frappes cibl\u00e9es"}]},{"@type":"WebSite","@id":"https:\/\/www.webdo.tn\/fr\/#website","url":"https:\/\/www.webdo.tn\/fr\/","name":"webdo","description":"Tunisie - News en Tunisie et \u00e0 l&#039;international sur Webdo.tn","publisher":{"@id":"https:\/\/www.webdo.tn\/fr\/#organization"},"potentialAction":[{"@type":"SearchAction","target":{"@type":"EntryPoint","urlTemplate":"https:\/\/www.webdo.tn\/fr\/?s={search_term_string}"},"query-input":{"@type":"PropertyValueSpecification","valueRequired":true,"valueName":"search_term_string"}}],"inLanguage":"fr-FR"},{"@type":"Organization","@id":"https:\/\/www.webdo.tn\/fr\/#organization","name":"Webdo","alternateName":"Webdo.tn","url":"https:\/\/www.webdo.tn\/fr\/","logo":{"@type":"ImageObject","inLanguage":"fr-FR","@id":"https:\/\/www.webdo.tn\/fr\/#\/schema\/logo\/image\/","url":"https:\/\/www.webdo.tn\/fr\/wp-content\/uploads\/2025\/06\/Webdo-Tunisie_168377.jpg","contentUrl":"https:\/\/www.webdo.tn\/fr\/wp-content\/uploads\/2025\/06\/Webdo-Tunisie_168377.jpg","width":301,"height":301,"caption":"Webdo"},"image":{"@id":"https:\/\/www.webdo.tn\/fr\/#\/schema\/logo\/image\/"},"sameAs":["https:\/\/www.facebook.com\/webdotn","https:\/\/x.com\/webdo_tn"],"description":"Webdo est un m\u00e9dia num\u00e9rique tunisien fond\u00e9 en 2010, sp\u00e9cialis\u00e9 dans l\u2019actualit\u00e9 nationale et internationale, l\u2019\u00e9conomie, la soci\u00e9t\u00e9 et les analyses politiques. Le site s\u2019adresse \u00e0 un large public francophone et couvre l\u2019information tunisienne en temps r\u00e9el.","email":"redac@webdo.tn","legalName":"YNJ SARL","foundingDate":"2010-09-06","numberOfEmployees":{"@type":"QuantitativeValue","minValue":"11","maxValue":"50"}},{"@type":"Person","@id":"https:\/\/www.webdo.tn\/fr\/#\/schema\/person\/c652cd8fc2b1b44412b5ffb48c5a911d","name":"Mohamed Hedi Touati","image":{"@type":"ImageObject","inLanguage":"fr-FR","@id":"https:\/\/secure.gravatar.com\/avatar\/9cfd402c745b7a685f13eed0ea6e59d2144a3c2fc50a3db6fd5ed451f6cddf1a?s=96&d=mm&r=g","url":"https:\/\/secure.gravatar.com\/avatar\/9cfd402c745b7a685f13eed0ea6e59d2144a3c2fc50a3db6fd5ed451f6cddf1a?s=96&d=mm&r=g","contentUrl":"https:\/\/secure.gravatar.com\/avatar\/9cfd402c745b7a685f13eed0ea6e59d2144a3c2fc50a3db6fd5ed451f6cddf1a?s=96&d=mm&r=g","caption":"Mohamed Hedi Touati"},"url":"https:\/\/www.webdo.tn\/fr\/actualite\/author\/mohamed-hedi-touati\/"}]}},"_links":{"self":[{"href":"https:\/\/www.webdo.tn\/fr\/wp-json\/wp\/v2\/posts\/377446","targetHints":{"allow":["GET"]}}],"collection":[{"href":"https:\/\/www.webdo.tn\/fr\/wp-json\/wp\/v2\/posts"}],"about":[{"href":"https:\/\/www.webdo.tn\/fr\/wp-json\/wp\/v2\/types\/post"}],"author":[{"embeddable":true,"href":"https:\/\/www.webdo.tn\/fr\/wp-json\/wp\/v2\/users\/3191"}],"replies":[{"embeddable":true,"href":"https:\/\/www.webdo.tn\/fr\/wp-json\/wp\/v2\/comments?post=377446"}],"version-history":[{"count":0,"href":"https:\/\/www.webdo.tn\/fr\/wp-json\/wp\/v2\/posts\/377446\/revisions"}],"wp:featuredmedia":[{"embeddable":true,"href":"https:\/\/www.webdo.tn\/fr\/wp-json\/wp\/v2\/media\/377447"}],"wp:attachment":[{"href":"https:\/\/www.webdo.tn\/fr\/wp-json\/wp\/v2\/media?parent=377446"}],"wp:term":[{"taxonomy":"category","embeddable":true,"href":"https:\/\/www.webdo.tn\/fr\/wp-json\/wp\/v2\/categories?post=377446"},{"taxonomy":"post_tag","embeddable":true,"href":"https:\/\/www.webdo.tn\/fr\/wp-json\/wp\/v2\/tags?post=377446"}],"curies":[{"name":"wp","href":"https:\/\/api.w.org\/{rel}","templated":true}]}}