{"id":377438,"date":"2025-06-14T09:21:47","date_gmt":"2025-06-14T08:21:47","guid":{"rendered":"https:\/\/www.webdo.tn\/fr\/?p=377438"},"modified":"2025-06-16T08:24:27","modified_gmt":"2025-06-16T07:24:27","slug":"liran-annonce-une-salve-de-2000-missiles-contre-israel","status":"publish","type":"post","link":"https:\/\/www.webdo.tn\/fr\/actualite\/international\/liran-annonce-une-salve-de-2000-missiles-contre-israel\/377438\/","title":{"rendered":"L&rsquo;Iran annonce une salve de 2000 missiles contre Isra\u00ebl"},"content":{"rendered":"\n<p>L\u2019escalade militaire entre l\u2019Iran et Isra\u00ebl a franchi un nouveau seuil. L\u2019arm\u00e9e iranienne a annonc\u00e9 ce samedi matin qu\u2019elle se pr\u00e9pare \u00e0 lancer pr\u00e8s de 2000 missiles en direction d\u2019Isra\u00ebl, affirmant que \u00ab les prochaines frappes seront vingt fois plus puissantes que les pr\u00e9c\u00e9dentes \u00bb.<\/p>\n\n\n\n<p>Le Corps des Gardiens de la R\u00e9volution islamique (CGRI) a, de son c\u00f4t\u00e9, indiqu\u00e9 que \u00ab l\u2019op\u00e9ration contre Isra\u00ebl se poursuivra aussi longtemps que n\u00e9cessaire \u00bb, en r\u00e9ponse aux r\u00e9centes frappes isra\u00e9liennes sur le territoire iranien.<\/p>\n\n\n\n<p>Cette d\u00e9claration intervient apr\u00e8s une s\u00e9rie de raids isra\u00e9liens cibl\u00e9s, revendiqu\u00e9s par l\u2019arm\u00e9e de l\u2019air isra\u00e9lienne. \u00ab Nous avons men\u00e9 des frappes pr\u00e9cises \u00e0 T\u00e9h\u00e9ran, d\u2019une importance op\u00e9rationnelle majeure \u00bb, a d\u00e9clar\u00e9 le commandant de l\u2019aviation. Selon lui, des centaines de cibles ont \u00e9t\u00e9 vis\u00e9es en Iran, y compris des installations de d\u00e9fense a\u00e9rienne.<\/p>\n\n\n\n<p>En r\u00e9ponse aux menaces iraniennes, le ministre isra\u00e9lien de la D\u00e9fense, Isra\u00ebl Katz, a averti que \u00ab le r\u00e9gime iranien paiera un prix tr\u00e8s \u00e9lev\u00e9 \u00bb en cas d\u2019attaque contre Tel-Aviv.<\/p>\n\n\n\n<p>Dans la nuit de jeudi \u00e0 vendredi, Isra\u00ebl a lanc\u00e9 une op\u00e9ration a\u00e9rienne d\u2019ampleur in\u00e9dite contre l\u2019Iran, visant \u00e0 neutraliser ses infrastructures militaires et nucl\u00e9aires. Plus de 200 sites \u00e0 travers le pays ont \u00e9t\u00e9 bombard\u00e9s.<\/p>\n\n\n\n<p>En marge de cette agression, les autorit\u00e9s iraniennes ont fait \u00e9tat de 78 morts, dont plusieurs responsables militaires, et plus de 320 bless\u00e9s, en grande majorit\u00e9 des civils. Les frappes ont provoqu\u00e9 des incendies et d\u2019importants d\u00e9g\u00e2ts mat\u00e9riels.<\/p>\n\n\n\n<p>En repr\u00e9sailles, l\u2019Iran a lanc\u00e9 plusieurs salves de missiles balistiques dans la nuit de vendredi \u00e0 samedi, touchant diverses r\u00e9gions isra\u00e9liennes, notamment Tel-Aviv, Al Qods occup\u00e9, Rishon LeZion et Ramat Gan pour un bilan de trois morts et pr\u00e8s de 50 bless\u00e9es.<\/p>\n\n\n\n<p>L\u2019arm\u00e9e isra\u00e9lienne affirme avoir intercept\u00e9 plusieurs missiles gr\u00e2ce \u00e0 son syst\u00e8me de d\u00e9fense antimissile \u00ab D\u00f4me de fer \u00bb. Toutefois, certains projectiles ont \u00e9chapp\u00e9 \u00e0 l\u2019interception, causant des d\u00e9g\u00e2ts et des victimes.<\/p>\n\n\n\n<p>Isra\u00ebl revendique avoir d\u00e9truit la base militaire de Tabriz, un centre strat\u00e9gique pour les op\u00e9rations de missiles, ainsi que des infrastructures \u00e0 Hamadan et Ispahan. L\u2019Iran minimise l\u2019ampleur des d\u00e9g\u00e2ts et affirme que ses installations nucl\u00e9aires restent op\u00e9rationnelles malgr\u00e9 les attaques.<\/p>\n","protected":false},"excerpt":{"rendered":"<p>L\u2019escalade militaire entre l\u2019Iran et Isra\u00ebl a franchi un nouveau seuil. L\u2019arm\u00e9e iranienne a annonc\u00e9 ce samedi matin qu\u2019elle se pr\u00e9pare \u00e0 lancer pr\u00e8s de 2000 missiles en direction d\u2019Isra\u00ebl, affirmant que \u00ab les prochaines frappes seront vingt fois plus puissantes que les pr\u00e9c\u00e9dentes \u00bb. Le Corps des Gardiens de la R\u00e9volution islamique (CGRI) a, [&hellip;]<\/p>\n","protected":false},"author":3191,"featured_media":377439,"comment_status":"open","ping_status":"open","sticky":false,"template":"","format":"standard","meta":{"footnotes":""},"categories":[2598],"tags":[2600,2912,2636],"class_list":["post-377438","post","type-post","status-publish","format-standard","has-post-thumbnail","hentry","category-international","tag-guerre","tag-iran","tag-israel"],"yoast_head":"<!-- This site is optimized with the Yoast SEO Premium plugin v27.5 (Yoast SEO v27.5) - https:\/\/yoast.com\/product\/yoast-seo-premium-wordpress\/ -->\n<title>L&#039;Iran annonce une salve de 2000 missiles contre Isra\u00ebl - webdo<\/title>\n<meta name=\"description\" content=\"L&#039;Iran annonce le lancement de 2000 missiles contre Isra\u00ebl, intensifiant l&#039;escalade militaire dans la r\u00e9gion.\" \/>\n<link rel=\"canonical\" href=\"https:\/\/www.webdo.tn\/fr\/actualite\/international\/liran-annonce-une-salve-de-2000-missiles-contre-israel\/377438\/\" \/>\n<meta property=\"og:locale\" content=\"fr_FR\" \/>\n<meta property=\"og:type\" content=\"article\" \/>\n<meta property=\"og:title\" content=\"L&#039;Iran annonce une salve de 2000 missiles contre Isra\u00ebl\" \/>\n<meta property=\"og:description\" content=\"L&#039;Iran annonce le lancement de 2000 missiles contre Isra\u00ebl, intensifiant l&#039;escalade militaire dans la r\u00e9gion.\" \/>\n<meta property=\"og:url\" content=\"https:\/\/www.webdo.tn\/fr\/actualite\/international\/liran-annonce-une-salve-de-2000-missiles-contre-israel\/377438\/\" \/>\n<meta property=\"og:site_name\" content=\"webdo\" \/>\n<meta property=\"article:publisher\" content=\"https:\/\/www.facebook.com\/webdotn\" \/>\n<meta property=\"article:published_time\" content=\"2025-06-14T08:21:47+00:00\" \/>\n<meta property=\"article:modified_time\" content=\"2025-06-16T07:24:27+00:00\" \/>\n<meta property=\"og:image\" content=\"https:\/\/www.webdo.tn\/fr\/wp-content\/uploads\/2025\/06\/Missile.jpg\" \/>\n\t<meta property=\"og:image:width\" content=\"800\" \/>\n\t<meta property=\"og:image:height\" content=\"450\" \/>\n\t<meta property=\"og:image:type\" content=\"image\/jpeg\" \/>\n<meta name=\"author\" content=\"Mohamed Hedi Touati\" \/>\n<meta name=\"twitter:card\" content=\"summary_large_image\" \/>\n<meta name=\"twitter:creator\" content=\"@webdo_tn\" \/>\n<meta name=\"twitter:site\" content=\"@webdo_tn\" \/>\n<meta name=\"twitter:label1\" content=\"\u00c9crit par\" \/>\n\t<meta name=\"twitter:data1\" content=\"Mohamed Hedi Touati\" \/>\n\t<meta name=\"twitter:label2\" content=\"Dur\u00e9e de lecture estim\u00e9e\" \/>\n\t<meta name=\"twitter:data2\" content=\"2 minutes\" \/>\n<script type=\"application\/ld+json\" class=\"yoast-schema-graph\">{\"@context\":\"https:\\\/\\\/schema.org\",\"@graph\":[{\"@type\":\"NewsArticle\",\"@id\":\"https:\\\/\\\/www.webdo.tn\\\/fr\\\/actualite\\\/international\\\/liran-annonce-une-salve-de-2000-missiles-contre-israel\\\/377438\\\/#article\",\"isPartOf\":{\"@id\":\"https:\\\/\\\/www.webdo.tn\\\/fr\\\/actualite\\\/international\\\/liran-annonce-une-salve-de-2000-missiles-contre-israel\\\/377438\\\/\"},\"author\":{\"name\":\"Mohamed Hedi Touati\",\"@id\":\"https:\\\/\\\/www.webdo.tn\\\/fr\\\/#\\\/schema\\\/person\\\/c652cd8fc2b1b44412b5ffb48c5a911d\"},\"headline\":\"L&rsquo;Iran annonce une salve de 2000 missiles contre Isra\u00ebl\",\"datePublished\":\"2025-06-14T08:21:47+00:00\",\"dateModified\":\"2025-06-16T07:24:27+00:00\",\"mainEntityOfPage\":{\"@id\":\"https:\\\/\\\/www.webdo.tn\\\/fr\\\/actualite\\\/international\\\/liran-annonce-une-salve-de-2000-missiles-contre-israel\\\/377438\\\/\"},\"wordCount\":429,\"commentCount\":0,\"publisher\":{\"@id\":\"https:\\\/\\\/www.webdo.tn\\\/fr\\\/#organization\"},\"image\":{\"@id\":\"https:\\\/\\\/www.webdo.tn\\\/fr\\\/actualite\\\/international\\\/liran-annonce-une-salve-de-2000-missiles-contre-israel\\\/377438\\\/#primaryimage\"},\"thumbnailUrl\":\"https:\\\/\\\/www.webdo.tn\\\/fr\\\/wp-content\\\/uploads\\\/2025\\\/06\\\/Missile.jpg\",\"keywords\":[\"guerre\",\"Iran\",\"isra\u00ebl\"],\"articleSection\":[\"International\"],\"inLanguage\":\"fr-FR\"},{\"@type\":\"WebPage\",\"@id\":\"https:\\\/\\\/www.webdo.tn\\\/fr\\\/actualite\\\/international\\\/liran-annonce-une-salve-de-2000-missiles-contre-israel\\\/377438\\\/\",\"url\":\"https:\\\/\\\/www.webdo.tn\\\/fr\\\/actualite\\\/international\\\/liran-annonce-une-salve-de-2000-missiles-contre-israel\\\/377438\\\/\",\"name\":\"L'Iran annonce une salve de 2000 missiles contre Isra\u00ebl - webdo\",\"isPartOf\":{\"@id\":\"https:\\\/\\\/www.webdo.tn\\\/fr\\\/#website\"},\"primaryImageOfPage\":{\"@id\":\"https:\\\/\\\/www.webdo.tn\\\/fr\\\/actualite\\\/international\\\/liran-annonce-une-salve-de-2000-missiles-contre-israel\\\/377438\\\/#primaryimage\"},\"image\":{\"@id\":\"https:\\\/\\\/www.webdo.tn\\\/fr\\\/actualite\\\/international\\\/liran-annonce-une-salve-de-2000-missiles-contre-israel\\\/377438\\\/#primaryimage\"},\"thumbnailUrl\":\"https:\\\/\\\/www.webdo.tn\\\/fr\\\/wp-content\\\/uploads\\\/2025\\\/06\\\/Missile.jpg\",\"datePublished\":\"2025-06-14T08:21:47+00:00\",\"dateModified\":\"2025-06-16T07:24:27+00:00\",\"description\":\"L'Iran annonce le lancement de 2000 missiles contre Isra\u00ebl, intensifiant l'escalade militaire dans la r\u00e9gion.\",\"breadcrumb\":{\"@id\":\"https:\\\/\\\/www.webdo.tn\\\/fr\\\/actualite\\\/international\\\/liran-annonce-une-salve-de-2000-missiles-contre-israel\\\/377438\\\/#breadcrumb\"},\"inLanguage\":\"fr-FR\",\"potentialAction\":[{\"@type\":\"ReadAction\",\"target\":[\"https:\\\/\\\/www.webdo.tn\\\/fr\\\/actualite\\\/international\\\/liran-annonce-une-salve-de-2000-missiles-contre-israel\\\/377438\\\/\"]}]},{\"@type\":\"ImageObject\",\"inLanguage\":\"fr-FR\",\"@id\":\"https:\\\/\\\/www.webdo.tn\\\/fr\\\/actualite\\\/international\\\/liran-annonce-une-salve-de-2000-missiles-contre-israel\\\/377438\\\/#primaryimage\",\"url\":\"https:\\\/\\\/www.webdo.tn\\\/fr\\\/wp-content\\\/uploads\\\/2025\\\/06\\\/Missile.jpg\",\"contentUrl\":\"https:\\\/\\\/www.webdo.tn\\\/fr\\\/wp-content\\\/uploads\\\/2025\\\/06\\\/Missile.jpg\",\"width\":800,\"height\":450},{\"@type\":\"BreadcrumbList\",\"@id\":\"https:\\\/\\\/www.webdo.tn\\\/fr\\\/actualite\\\/international\\\/liran-annonce-une-salve-de-2000-missiles-contre-israel\\\/377438\\\/#breadcrumb\",\"itemListElement\":[{\"@type\":\"ListItem\",\"position\":1,\"name\":\"Accueil\",\"item\":\"https:\\\/\\\/www.webdo.tn\\\/fr\\\/\"},{\"@type\":\"ListItem\",\"position\":2,\"name\":\"L&rsquo;Iran annonce une salve de 2000 missiles contre Isra\u00ebl\"}]},{\"@type\":\"WebSite\",\"@id\":\"https:\\\/\\\/www.webdo.tn\\\/fr\\\/#website\",\"url\":\"https:\\\/\\\/www.webdo.tn\\\/fr\\\/\",\"name\":\"webdo\",\"description\":\"Tunisie - News en Tunisie et \u00e0 l&#039;international sur Webdo.tn\",\"publisher\":{\"@id\":\"https:\\\/\\\/www.webdo.tn\\\/fr\\\/#organization\"},\"potentialAction\":[{\"@type\":\"SearchAction\",\"target\":{\"@type\":\"EntryPoint\",\"urlTemplate\":\"https:\\\/\\\/www.webdo.tn\\\/fr\\\/?s={search_term_string}\"},\"query-input\":{\"@type\":\"PropertyValueSpecification\",\"valueRequired\":true,\"valueName\":\"search_term_string\"}}],\"inLanguage\":\"fr-FR\"},{\"@type\":\"Organization\",\"@id\":\"https:\\\/\\\/www.webdo.tn\\\/fr\\\/#organization\",\"name\":\"Webdo\",\"alternateName\":\"Webdo.tn\",\"url\":\"https:\\\/\\\/www.webdo.tn\\\/fr\\\/\",\"logo\":{\"@type\":\"ImageObject\",\"inLanguage\":\"fr-FR\",\"@id\":\"https:\\\/\\\/www.webdo.tn\\\/fr\\\/#\\\/schema\\\/logo\\\/image\\\/\",\"url\":\"https:\\\/\\\/www.webdo.tn\\\/fr\\\/wp-content\\\/uploads\\\/2025\\\/06\\\/Webdo-Tunisie_168377.jpg\",\"contentUrl\":\"https:\\\/\\\/www.webdo.tn\\\/fr\\\/wp-content\\\/uploads\\\/2025\\\/06\\\/Webdo-Tunisie_168377.jpg\",\"width\":301,\"height\":301,\"caption\":\"Webdo\"},\"image\":{\"@id\":\"https:\\\/\\\/www.webdo.tn\\\/fr\\\/#\\\/schema\\\/logo\\\/image\\\/\"},\"sameAs\":[\"https:\\\/\\\/www.facebook.com\\\/webdotn\",\"https:\\\/\\\/x.com\\\/webdo_tn\"],\"description\":\"Webdo est un m\u00e9dia num\u00e9rique tunisien fond\u00e9 en 2010, sp\u00e9cialis\u00e9 dans l\u2019actualit\u00e9 nationale et internationale, l\u2019\u00e9conomie, la soci\u00e9t\u00e9 et les analyses politiques. Le site s\u2019adresse \u00e0 un large public francophone et couvre l\u2019information tunisienne en temps r\u00e9el.\",\"email\":\"redac@webdo.tn\",\"legalName\":\"YNJ SARL\",\"foundingDate\":\"2010-09-06\",\"numberOfEmployees\":{\"@type\":\"QuantitativeValue\",\"minValue\":\"11\",\"maxValue\":\"50\"}},{\"@type\":\"Person\",\"@id\":\"https:\\\/\\\/www.webdo.tn\\\/fr\\\/#\\\/schema\\\/person\\\/c652cd8fc2b1b44412b5ffb48c5a911d\",\"name\":\"Mohamed Hedi Touati\",\"image\":{\"@type\":\"ImageObject\",\"inLanguage\":\"fr-FR\",\"@id\":\"https:\\\/\\\/secure.gravatar.com\\\/avatar\\\/9cfd402c745b7a685f13eed0ea6e59d2144a3c2fc50a3db6fd5ed451f6cddf1a?s=96&d=mm&r=g\",\"url\":\"https:\\\/\\\/secure.gravatar.com\\\/avatar\\\/9cfd402c745b7a685f13eed0ea6e59d2144a3c2fc50a3db6fd5ed451f6cddf1a?s=96&d=mm&r=g\",\"contentUrl\":\"https:\\\/\\\/secure.gravatar.com\\\/avatar\\\/9cfd402c745b7a685f13eed0ea6e59d2144a3c2fc50a3db6fd5ed451f6cddf1a?s=96&d=mm&r=g\",\"caption\":\"Mohamed Hedi Touati\"},\"url\":\"https:\\\/\\\/www.webdo.tn\\\/fr\\\/actualite\\\/author\\\/mohamed-hedi-touati\\\/\"}]}<\/script>\n<!-- \/ Yoast SEO Premium plugin. -->","yoast_head_json":{"title":"L'Iran annonce une salve de 2000 missiles contre Isra\u00ebl - webdo","description":"L'Iran annonce le lancement de 2000 missiles contre Isra\u00ebl, intensifiant l'escalade militaire dans la r\u00e9gion.","canonical":"https:\/\/www.webdo.tn\/fr\/actualite\/international\/liran-annonce-une-salve-de-2000-missiles-contre-israel\/377438\/","og_locale":"fr_FR","og_type":"article","og_title":"L'Iran annonce une salve de 2000 missiles contre Isra\u00ebl","og_description":"L'Iran annonce le lancement de 2000 missiles contre Isra\u00ebl, intensifiant l'escalade militaire dans la r\u00e9gion.","og_url":"https:\/\/www.webdo.tn\/fr\/actualite\/international\/liran-annonce-une-salve-de-2000-missiles-contre-israel\/377438\/","og_site_name":"webdo","article_publisher":"https:\/\/www.facebook.com\/webdotn","article_published_time":"2025-06-14T08:21:47+00:00","article_modified_time":"2025-06-16T07:24:27+00:00","og_image":[{"width":800,"height":450,"url":"https:\/\/www.webdo.tn\/fr\/wp-content\/uploads\/2025\/06\/Missile.jpg","type":"image\/jpeg"}],"author":"Mohamed Hedi Touati","twitter_card":"summary_large_image","twitter_creator":"@webdo_tn","twitter_site":"@webdo_tn","twitter_misc":{"\u00c9crit par":"Mohamed Hedi Touati","Dur\u00e9e de lecture estim\u00e9e":"2 minutes"},"schema":{"@context":"https:\/\/schema.org","@graph":[{"@type":"NewsArticle","@id":"https:\/\/www.webdo.tn\/fr\/actualite\/international\/liran-annonce-une-salve-de-2000-missiles-contre-israel\/377438\/#article","isPartOf":{"@id":"https:\/\/www.webdo.tn\/fr\/actualite\/international\/liran-annonce-une-salve-de-2000-missiles-contre-israel\/377438\/"},"author":{"name":"Mohamed Hedi Touati","@id":"https:\/\/www.webdo.tn\/fr\/#\/schema\/person\/c652cd8fc2b1b44412b5ffb48c5a911d"},"headline":"L&rsquo;Iran annonce une salve de 2000 missiles contre Isra\u00ebl","datePublished":"2025-06-14T08:21:47+00:00","dateModified":"2025-06-16T07:24:27+00:00","mainEntityOfPage":{"@id":"https:\/\/www.webdo.tn\/fr\/actualite\/international\/liran-annonce-une-salve-de-2000-missiles-contre-israel\/377438\/"},"wordCount":429,"commentCount":0,"publisher":{"@id":"https:\/\/www.webdo.tn\/fr\/#organization"},"image":{"@id":"https:\/\/www.webdo.tn\/fr\/actualite\/international\/liran-annonce-une-salve-de-2000-missiles-contre-israel\/377438\/#primaryimage"},"thumbnailUrl":"https:\/\/www.webdo.tn\/fr\/wp-content\/uploads\/2025\/06\/Missile.jpg","keywords":["guerre","Iran","isra\u00ebl"],"articleSection":["International"],"inLanguage":"fr-FR"},{"@type":"WebPage","@id":"https:\/\/www.webdo.tn\/fr\/actualite\/international\/liran-annonce-une-salve-de-2000-missiles-contre-israel\/377438\/","url":"https:\/\/www.webdo.tn\/fr\/actualite\/international\/liran-annonce-une-salve-de-2000-missiles-contre-israel\/377438\/","name":"L'Iran annonce une salve de 2000 missiles contre Isra\u00ebl - webdo","isPartOf":{"@id":"https:\/\/www.webdo.tn\/fr\/#website"},"primaryImageOfPage":{"@id":"https:\/\/www.webdo.tn\/fr\/actualite\/international\/liran-annonce-une-salve-de-2000-missiles-contre-israel\/377438\/#primaryimage"},"image":{"@id":"https:\/\/www.webdo.tn\/fr\/actualite\/international\/liran-annonce-une-salve-de-2000-missiles-contre-israel\/377438\/#primaryimage"},"thumbnailUrl":"https:\/\/www.webdo.tn\/fr\/wp-content\/uploads\/2025\/06\/Missile.jpg","datePublished":"2025-06-14T08:21:47+00:00","dateModified":"2025-06-16T07:24:27+00:00","description":"L'Iran annonce le lancement de 2000 missiles contre Isra\u00ebl, intensifiant l'escalade militaire dans la r\u00e9gion.","breadcrumb":{"@id":"https:\/\/www.webdo.tn\/fr\/actualite\/international\/liran-annonce-une-salve-de-2000-missiles-contre-israel\/377438\/#breadcrumb"},"inLanguage":"fr-FR","potentialAction":[{"@type":"ReadAction","target":["https:\/\/www.webdo.tn\/fr\/actualite\/international\/liran-annonce-une-salve-de-2000-missiles-contre-israel\/377438\/"]}]},{"@type":"ImageObject","inLanguage":"fr-FR","@id":"https:\/\/www.webdo.tn\/fr\/actualite\/international\/liran-annonce-une-salve-de-2000-missiles-contre-israel\/377438\/#primaryimage","url":"https:\/\/www.webdo.tn\/fr\/wp-content\/uploads\/2025\/06\/Missile.jpg","contentUrl":"https:\/\/www.webdo.tn\/fr\/wp-content\/uploads\/2025\/06\/Missile.jpg","width":800,"height":450},{"@type":"BreadcrumbList","@id":"https:\/\/www.webdo.tn\/fr\/actualite\/international\/liran-annonce-une-salve-de-2000-missiles-contre-israel\/377438\/#breadcrumb","itemListElement":[{"@type":"ListItem","position":1,"name":"Accueil","item":"https:\/\/www.webdo.tn\/fr\/"},{"@type":"ListItem","position":2,"name":"L&rsquo;Iran annonce une salve de 2000 missiles contre Isra\u00ebl"}]},{"@type":"WebSite","@id":"https:\/\/www.webdo.tn\/fr\/#website","url":"https:\/\/www.webdo.tn\/fr\/","name":"webdo","description":"Tunisie - News en Tunisie et \u00e0 l&#039;international sur Webdo.tn","publisher":{"@id":"https:\/\/www.webdo.tn\/fr\/#organization"},"potentialAction":[{"@type":"SearchAction","target":{"@type":"EntryPoint","urlTemplate":"https:\/\/www.webdo.tn\/fr\/?s={search_term_string}"},"query-input":{"@type":"PropertyValueSpecification","valueRequired":true,"valueName":"search_term_string"}}],"inLanguage":"fr-FR"},{"@type":"Organization","@id":"https:\/\/www.webdo.tn\/fr\/#organization","name":"Webdo","alternateName":"Webdo.tn","url":"https:\/\/www.webdo.tn\/fr\/","logo":{"@type":"ImageObject","inLanguage":"fr-FR","@id":"https:\/\/www.webdo.tn\/fr\/#\/schema\/logo\/image\/","url":"https:\/\/www.webdo.tn\/fr\/wp-content\/uploads\/2025\/06\/Webdo-Tunisie_168377.jpg","contentUrl":"https:\/\/www.webdo.tn\/fr\/wp-content\/uploads\/2025\/06\/Webdo-Tunisie_168377.jpg","width":301,"height":301,"caption":"Webdo"},"image":{"@id":"https:\/\/www.webdo.tn\/fr\/#\/schema\/logo\/image\/"},"sameAs":["https:\/\/www.facebook.com\/webdotn","https:\/\/x.com\/webdo_tn"],"description":"Webdo est un m\u00e9dia num\u00e9rique tunisien fond\u00e9 en 2010, sp\u00e9cialis\u00e9 dans l\u2019actualit\u00e9 nationale et internationale, l\u2019\u00e9conomie, la soci\u00e9t\u00e9 et les analyses politiques. Le site s\u2019adresse \u00e0 un large public francophone et couvre l\u2019information tunisienne en temps r\u00e9el.","email":"redac@webdo.tn","legalName":"YNJ SARL","foundingDate":"2010-09-06","numberOfEmployees":{"@type":"QuantitativeValue","minValue":"11","maxValue":"50"}},{"@type":"Person","@id":"https:\/\/www.webdo.tn\/fr\/#\/schema\/person\/c652cd8fc2b1b44412b5ffb48c5a911d","name":"Mohamed Hedi Touati","image":{"@type":"ImageObject","inLanguage":"fr-FR","@id":"https:\/\/secure.gravatar.com\/avatar\/9cfd402c745b7a685f13eed0ea6e59d2144a3c2fc50a3db6fd5ed451f6cddf1a?s=96&d=mm&r=g","url":"https:\/\/secure.gravatar.com\/avatar\/9cfd402c745b7a685f13eed0ea6e59d2144a3c2fc50a3db6fd5ed451f6cddf1a?s=96&d=mm&r=g","contentUrl":"https:\/\/secure.gravatar.com\/avatar\/9cfd402c745b7a685f13eed0ea6e59d2144a3c2fc50a3db6fd5ed451f6cddf1a?s=96&d=mm&r=g","caption":"Mohamed Hedi Touati"},"url":"https:\/\/www.webdo.tn\/fr\/actualite\/author\/mohamed-hedi-touati\/"}]}},"_links":{"self":[{"href":"https:\/\/www.webdo.tn\/fr\/wp-json\/wp\/v2\/posts\/377438","targetHints":{"allow":["GET"]}}],"collection":[{"href":"https:\/\/www.webdo.tn\/fr\/wp-json\/wp\/v2\/posts"}],"about":[{"href":"https:\/\/www.webdo.tn\/fr\/wp-json\/wp\/v2\/types\/post"}],"author":[{"embeddable":true,"href":"https:\/\/www.webdo.tn\/fr\/wp-json\/wp\/v2\/users\/3191"}],"replies":[{"embeddable":true,"href":"https:\/\/www.webdo.tn\/fr\/wp-json\/wp\/v2\/comments?post=377438"}],"version-history":[{"count":0,"href":"https:\/\/www.webdo.tn\/fr\/wp-json\/wp\/v2\/posts\/377438\/revisions"}],"wp:featuredmedia":[{"embeddable":true,"href":"https:\/\/www.webdo.tn\/fr\/wp-json\/wp\/v2\/media\/377439"}],"wp:attachment":[{"href":"https:\/\/www.webdo.tn\/fr\/wp-json\/wp\/v2\/media?parent=377438"}],"wp:term":[{"taxonomy":"category","embeddable":true,"href":"https:\/\/www.webdo.tn\/fr\/wp-json\/wp\/v2\/categories?post=377438"},{"taxonomy":"post_tag","embeddable":true,"href":"https:\/\/www.webdo.tn\/fr\/wp-json\/wp\/v2\/tags?post=377438"}],"curies":[{"name":"wp","href":"https:\/\/api.w.org\/{rel}","templated":true}]}}