{"id":377423,"date":"2025-06-14T07:17:15","date_gmt":"2025-06-14T06:17:15","guid":{"rendered":"https:\/\/www.webdo.tn\/fr\/?p=377423"},"modified":"2025-06-16T08:24:11","modified_gmt":"2025-06-16T07:24:11","slug":"israel-frappe-en-premier-teheran-replique-24-heures-de-guerre-ouverte","status":"publish","type":"post","link":"https:\/\/www.webdo.tn\/fr\/actualite\/international\/israel-frappe-en-premier-teheran-replique-24-heures-de-guerre-ouverte\/377423\/","title":{"rendered":"Isra\u00ebl frappe en premier, T\u00e9h\u00e9ran r\u00e9plique : 24 heures de guerre ouverte"},"content":{"rendered":"\n<h3 class=\"wp-block-heading\" id=\"h-plus-de-200-sites-iraniens-vises-par-israel\">Plus de 200 sites iraniens vis\u00e9s par Isra\u00ebl<\/h3>\n\n\n\n<p>Dans la nuit de jeudi \u00e0 vendredi, Isra\u00ebl a lanc\u00e9 une op\u00e9ration a\u00e9rienne d\u2019ampleur in\u00e9dite contre l\u2019Iran, visant \u00e0 neutraliser ses infrastructures militaires et nucl\u00e9aires. Plus de 200 sites \u00e0 travers le pays ont \u00e9t\u00e9 bombard\u00e9s, notamment les bases de Tabriz, Hamadan, Ispahan ainsi que des installations nucl\u00e9aires comme Natanz et Fordo. L\u2019objectif officiel de Tel-Aviv est de frapper le c\u0153ur du programme militaire iranien et de d\u00e9truire la cha\u00eene de commandement des Gardiens de la R\u00e9volution.<\/p>\n\n\n\n<h3 class=\"wp-block-heading\" id=\"h-bilan-humain-iranien-78-morts-et-plus-de-320-blesses\">Bilan humain iranien : 78 morts et plus de 320 bless\u00e9s<\/h3>\n\n\n\n<p>Les autorit\u00e9s iraniennes font \u00e9tat de 78 morts, dont plusieurs responsables militaires, et plus de 320 bless\u00e9s, en grande majorit\u00e9 des civils. Les frappes ont provoqu\u00e9 des incendies et d\u2019importants d\u00e9g\u00e2ts mat\u00e9riels, en particulier \u00e0 proximit\u00e9 de l\u2019a\u00e9roport Mehrabad de T\u00e9h\u00e9ran, o\u00f9 des colonnes de fum\u00e9e ont \u00e9t\u00e9 observ\u00e9es.<\/p>\n\n\n\n<h3 class=\"wp-block-heading\" id=\"h-riposte-iranienne-plusieurs-vagues-de-missiles-sur-israel\">Riposte iranienne : plusieurs vagues de missiles sur Isra\u00ebl<\/h3>\n\n\n\n<p>En repr\u00e9sailles, l\u2019Iran a lanc\u00e9 plusieurs salves de missiles balistiques dans la nuit de vendredi \u00e0 samedi, touchant diverses r\u00e9gions isra\u00e9liennes, notamment Tel-Aviv, Al Qods occup\u00e9, Rishon LeZion et Ramat Gan. Les alertes a\u00e9riennes ont retenti pendant plusieurs heures, et la population a \u00e9t\u00e9 invit\u00e9e \u00e0 se mettre \u00e0 l\u2019abri dans les abris anti-a\u00e9riens.<\/p>\n\n\n\n<h3 class=\"wp-block-heading\" id=\"h-bilan-israelien-3-morts-et-une-quarantaine-de-blesses\">Bilan isra\u00e9lien : 3 morts et une quarantaine de bless\u00e9s<\/h3>\n\n\n\n<p>Le bilan c\u00f4t\u00e9 isra\u00e9lien fait \u00e9tat de trois morts, dont deux dans un quartier r\u00e9sidentiel de Rishon LeZion frapp\u00e9 par un missile. Environ 40 \u00e0 46 personnes ont \u00e9t\u00e9 bless\u00e9es. Des b\u00e2timents ont \u00e9t\u00e9 endommag\u00e9s, et des secours sont intervenus pour d\u00e9gager des personnes pi\u00e9g\u00e9es sous les d\u00e9combres.<\/p>\n\n\n\n<h3 class=\"wp-block-heading\" id=\"h-defense-antimissile-partiellement-efficace\">D\u00e9fense antimissile partiellement efficace<\/h3>\n\n\n\n<p>L\u2019arm\u00e9e isra\u00e9lienne affirme avoir intercept\u00e9 plusieurs missiles gr\u00e2ce \u00e0 son syst\u00e8me de d\u00e9fense antimissile \u00ab D\u00f4me de fer \u00bb. Toutefois, certains projectiles ont \u00e9chapp\u00e9 \u00e0 l\u2019interception, causant des d\u00e9g\u00e2ts et des victimes, t\u00e9moignant des limites du dispositif face \u00e0 l\u2019intensit\u00e9 des tirs iraniens.<\/p>\n\n\n\n<h3 class=\"wp-block-heading\" id=\"h-cibles-israeliennes-touchees-mais-dommages-limites-en-iran\">Cibles isra\u00e9liennes touch\u00e9es, mais dommages limit\u00e9s en Iran<\/h3>\n\n\n\n<p>Isra\u00ebl revendique avoir d\u00e9truit la base militaire de Tabriz, un centre strat\u00e9gique pour les op\u00e9rations de missiles, ainsi que des infrastructures \u00e0 Hamadan et Ispahan. L\u2019Iran minimise l\u2019ampleur des d\u00e9g\u00e2ts et affirme que ses installations nucl\u00e9aires restent op\u00e9rationnelles malgr\u00e9 les attaques.<\/p>\n\n\n\n<h3 class=\"wp-block-heading\" id=\"h-discours-belliqueux-des-dirigeants\">Discours belliqueux des dirigeants<\/h3>\n\n\n\n<p>Le Premier ministre isra\u00e9lien Benjamin Netanyahou a averti que ces frappes ne sont que le d\u00e9but et que l\u2019Iran paiera un prix tr\u00e8s lourd. Le ministre de la D\u00e9fense a d\u00e9nonc\u00e9 le fait qu\u2019Iran vise des zones civiles, ce qu\u2019il qualifie de \u00ab franchissement d\u2019une ligne rouge \u00bb. Du c\u00f4t\u00e9 iranien, les responsables promettent de poursuivre leurs frappes contre Isra\u00ebl aussi longtemps que Tel-Aviv ne cessera pas ses attaques.<\/p>\n\n\n\n<h3 class=\"wp-block-heading\" id=\"h-risques-d-escalade-regionale\">Risques d\u2019escalade r\u00e9gionale<\/h3>\n\n\n\n<p>La situation reste extr\u00eamement tendue, et la crainte d\u2019un embrasement r\u00e9gional est palpable. Les chancelleries internationales appellent \u00e0 la retenue et multiplient les efforts diplomatiques pour \u00e9viter une guerre plus large. L\u2019ONU devrait convoquer une r\u00e9union d\u2019urgence du Conseil de s\u00e9curit\u00e9 dans les prochaines heures.<\/p>\n","protected":false},"excerpt":{"rendered":"<p>Plus de 200 sites iraniens vis\u00e9s par Isra\u00ebl Dans la nuit de jeudi \u00e0 vendredi, Isra\u00ebl a lanc\u00e9 une op\u00e9ration a\u00e9rienne d\u2019ampleur in\u00e9dite contre l\u2019Iran, visant \u00e0 neutraliser ses infrastructures militaires et nucl\u00e9aires. Plus de 200 sites \u00e0 travers le pays ont \u00e9t\u00e9 bombard\u00e9s, notamment les bases de Tabriz, Hamadan, Ispahan ainsi que des installations [&hellip;]<\/p>\n","protected":false},"author":4779,"featured_media":377425,"comment_status":"open","ping_status":"open","sticky":false,"template":"","format":"standard","meta":{"footnotes":""},"categories":[2598],"tags":[7503,2912,2636,5523],"class_list":["post-377423","post","type-post","status-publish","format-standard","has-post-thumbnail","hentry","category-international","tag-drones","tag-iran","tag-israel","tag-missiles-balistiques"],"yoast_head":"<!-- This site is optimized with the Yoast SEO Premium plugin v27.5 (Yoast SEO v27.5) - https:\/\/yoast.com\/product\/yoast-seo-premium-wordpress\/ -->\n<title>Isra\u00ebl frappe en premier, T\u00e9h\u00e9ran r\u00e9plique : 24 heures de guerre ouverte - webdo<\/title>\n<meta name=\"description\" content=\"Isra\u00ebl frappe en premier : d\u00e9couvrez les d\u00e9tails d&#039;une offensive majeure contre l&#039;Iran et la r\u00e9ponse de T\u00e9h\u00e9ran.\" \/>\n<link rel=\"canonical\" href=\"https:\/\/www.webdo.tn\/fr\/actualite\/international\/israel-frappe-en-premier-teheran-replique-24-heures-de-guerre-ouverte\/377423\/\" \/>\n<meta property=\"og:locale\" content=\"fr_FR\" \/>\n<meta property=\"og:type\" content=\"article\" \/>\n<meta property=\"og:title\" content=\"Isra\u00ebl frappe en premier, T\u00e9h\u00e9ran r\u00e9plique : 24 heures de guerre ouverte\" \/>\n<meta property=\"og:description\" content=\"Isra\u00ebl frappe en premier : d\u00e9couvrez les d\u00e9tails d&#039;une offensive majeure contre l&#039;Iran et la r\u00e9ponse de T\u00e9h\u00e9ran.\" \/>\n<meta property=\"og:url\" content=\"https:\/\/www.webdo.tn\/fr\/actualite\/international\/israel-frappe-en-premier-teheran-replique-24-heures-de-guerre-ouverte\/377423\/\" \/>\n<meta property=\"og:site_name\" content=\"webdo\" \/>\n<meta property=\"article:publisher\" content=\"https:\/\/www.facebook.com\/webdotn\" \/>\n<meta property=\"article:published_time\" content=\"2025-06-14T06:17:15+00:00\" \/>\n<meta property=\"article:modified_time\" content=\"2025-06-16T07:24:11+00:00\" \/>\n<meta property=\"og:image\" content=\"https:\/\/www.webdo.tn\/fr\/wp-content\/uploads\/2025\/06\/iran-repond-a-israel.webp\" \/>\n\t<meta property=\"og:image:width\" content=\"640\" \/>\n\t<meta property=\"og:image:height\" content=\"426\" \/>\n\t<meta property=\"og:image:type\" content=\"image\/webp\" \/>\n<meta name=\"author\" content=\"Firas Ben Abdeltif\" \/>\n<meta name=\"twitter:card\" content=\"summary_large_image\" \/>\n<meta name=\"twitter:creator\" content=\"@webdo_tn\" \/>\n<meta name=\"twitter:site\" content=\"@webdo_tn\" \/>\n<meta name=\"twitter:label1\" content=\"\u00c9crit par\" \/>\n\t<meta name=\"twitter:data1\" content=\"Firas Ben Abdeltif\" \/>\n\t<meta name=\"twitter:label2\" content=\"Dur\u00e9e de lecture estim\u00e9e\" \/>\n\t<meta name=\"twitter:data2\" content=\"3 minutes\" \/>\n<script type=\"application\/ld+json\" class=\"yoast-schema-graph\">{\"@context\":\"https:\\\/\\\/schema.org\",\"@graph\":[{\"@type\":\"NewsArticle\",\"@id\":\"https:\\\/\\\/www.webdo.tn\\\/fr\\\/actualite\\\/international\\\/israel-frappe-en-premier-teheran-replique-24-heures-de-guerre-ouverte\\\/377423\\\/#article\",\"isPartOf\":{\"@id\":\"https:\\\/\\\/www.webdo.tn\\\/fr\\\/actualite\\\/international\\\/israel-frappe-en-premier-teheran-replique-24-heures-de-guerre-ouverte\\\/377423\\\/\"},\"author\":{\"name\":\"Firas Ben Abdeltif\",\"@id\":\"https:\\\/\\\/www.webdo.tn\\\/fr\\\/#\\\/schema\\\/person\\\/19664196c9bfdcda126f3c27709f7d11\"},\"headline\":\"Isra\u00ebl frappe en premier, T\u00e9h\u00e9ran r\u00e9plique : 24 heures de guerre ouverte\",\"datePublished\":\"2025-06-14T06:17:15+00:00\",\"dateModified\":\"2025-06-16T07:24:11+00:00\",\"mainEntityOfPage\":{\"@id\":\"https:\\\/\\\/www.webdo.tn\\\/fr\\\/actualite\\\/international\\\/israel-frappe-en-premier-teheran-replique-24-heures-de-guerre-ouverte\\\/377423\\\/\"},\"wordCount\":564,\"commentCount\":0,\"publisher\":{\"@id\":\"https:\\\/\\\/www.webdo.tn\\\/fr\\\/#organization\"},\"image\":{\"@id\":\"https:\\\/\\\/www.webdo.tn\\\/fr\\\/actualite\\\/international\\\/israel-frappe-en-premier-teheran-replique-24-heures-de-guerre-ouverte\\\/377423\\\/#primaryimage\"},\"thumbnailUrl\":\"https:\\\/\\\/www.webdo.tn\\\/fr\\\/wp-content\\\/uploads\\\/2025\\\/06\\\/iran-repond-a-israel.webp\",\"keywords\":[\"Drones\",\"Iran\",\"isra\u00ebl\",\"Missiles balistiques\"],\"articleSection\":[\"International\"],\"inLanguage\":\"fr-FR\"},{\"@type\":\"WebPage\",\"@id\":\"https:\\\/\\\/www.webdo.tn\\\/fr\\\/actualite\\\/international\\\/israel-frappe-en-premier-teheran-replique-24-heures-de-guerre-ouverte\\\/377423\\\/\",\"url\":\"https:\\\/\\\/www.webdo.tn\\\/fr\\\/actualite\\\/international\\\/israel-frappe-en-premier-teheran-replique-24-heures-de-guerre-ouverte\\\/377423\\\/\",\"name\":\"Isra\u00ebl frappe en premier, T\u00e9h\u00e9ran r\u00e9plique : 24 heures de guerre ouverte - webdo\",\"isPartOf\":{\"@id\":\"https:\\\/\\\/www.webdo.tn\\\/fr\\\/#website\"},\"primaryImageOfPage\":{\"@id\":\"https:\\\/\\\/www.webdo.tn\\\/fr\\\/actualite\\\/international\\\/israel-frappe-en-premier-teheran-replique-24-heures-de-guerre-ouverte\\\/377423\\\/#primaryimage\"},\"image\":{\"@id\":\"https:\\\/\\\/www.webdo.tn\\\/fr\\\/actualite\\\/international\\\/israel-frappe-en-premier-teheran-replique-24-heures-de-guerre-ouverte\\\/377423\\\/#primaryimage\"},\"thumbnailUrl\":\"https:\\\/\\\/www.webdo.tn\\\/fr\\\/wp-content\\\/uploads\\\/2025\\\/06\\\/iran-repond-a-israel.webp\",\"datePublished\":\"2025-06-14T06:17:15+00:00\",\"dateModified\":\"2025-06-16T07:24:11+00:00\",\"description\":\"Isra\u00ebl frappe en premier : d\u00e9couvrez les d\u00e9tails d'une offensive majeure contre l'Iran et la r\u00e9ponse de T\u00e9h\u00e9ran.\",\"breadcrumb\":{\"@id\":\"https:\\\/\\\/www.webdo.tn\\\/fr\\\/actualite\\\/international\\\/israel-frappe-en-premier-teheran-replique-24-heures-de-guerre-ouverte\\\/377423\\\/#breadcrumb\"},\"inLanguage\":\"fr-FR\",\"potentialAction\":[{\"@type\":\"ReadAction\",\"target\":[\"https:\\\/\\\/www.webdo.tn\\\/fr\\\/actualite\\\/international\\\/israel-frappe-en-premier-teheran-replique-24-heures-de-guerre-ouverte\\\/377423\\\/\"]}]},{\"@type\":\"ImageObject\",\"inLanguage\":\"fr-FR\",\"@id\":\"https:\\\/\\\/www.webdo.tn\\\/fr\\\/actualite\\\/international\\\/israel-frappe-en-premier-teheran-replique-24-heures-de-guerre-ouverte\\\/377423\\\/#primaryimage\",\"url\":\"https:\\\/\\\/www.webdo.tn\\\/fr\\\/wp-content\\\/uploads\\\/2025\\\/06\\\/iran-repond-a-israel.webp\",\"contentUrl\":\"https:\\\/\\\/www.webdo.tn\\\/fr\\\/wp-content\\\/uploads\\\/2025\\\/06\\\/iran-repond-a-israel.webp\",\"width\":640,\"height\":426,\"caption\":\"La riposte iranienne a r\u00e9ussi \u00e0 contourner partiellement le D\u00f4me de fer, touchant plusieurs r\u00e9gions isra\u00e9liennes et causant des d\u00e9g\u00e2ts mat\u00e9riels ainsi que des victimes civiles.\"},{\"@type\":\"BreadcrumbList\",\"@id\":\"https:\\\/\\\/www.webdo.tn\\\/fr\\\/actualite\\\/international\\\/israel-frappe-en-premier-teheran-replique-24-heures-de-guerre-ouverte\\\/377423\\\/#breadcrumb\",\"itemListElement\":[{\"@type\":\"ListItem\",\"position\":1,\"name\":\"Accueil\",\"item\":\"https:\\\/\\\/www.webdo.tn\\\/fr\\\/\"},{\"@type\":\"ListItem\",\"position\":2,\"name\":\"Isra\u00ebl frappe en premier, T\u00e9h\u00e9ran r\u00e9plique : 24 heures de guerre ouverte\"}]},{\"@type\":\"WebSite\",\"@id\":\"https:\\\/\\\/www.webdo.tn\\\/fr\\\/#website\",\"url\":\"https:\\\/\\\/www.webdo.tn\\\/fr\\\/\",\"name\":\"webdo\",\"description\":\"Tunisie - News en Tunisie et \u00e0 l&#039;international sur Webdo.tn\",\"publisher\":{\"@id\":\"https:\\\/\\\/www.webdo.tn\\\/fr\\\/#organization\"},\"potentialAction\":[{\"@type\":\"SearchAction\",\"target\":{\"@type\":\"EntryPoint\",\"urlTemplate\":\"https:\\\/\\\/www.webdo.tn\\\/fr\\\/?s={search_term_string}\"},\"query-input\":{\"@type\":\"PropertyValueSpecification\",\"valueRequired\":true,\"valueName\":\"search_term_string\"}}],\"inLanguage\":\"fr-FR\"},{\"@type\":\"Organization\",\"@id\":\"https:\\\/\\\/www.webdo.tn\\\/fr\\\/#organization\",\"name\":\"Webdo\",\"alternateName\":\"Webdo.tn\",\"url\":\"https:\\\/\\\/www.webdo.tn\\\/fr\\\/\",\"logo\":{\"@type\":\"ImageObject\",\"inLanguage\":\"fr-FR\",\"@id\":\"https:\\\/\\\/www.webdo.tn\\\/fr\\\/#\\\/schema\\\/logo\\\/image\\\/\",\"url\":\"https:\\\/\\\/www.webdo.tn\\\/fr\\\/wp-content\\\/uploads\\\/2025\\\/06\\\/Webdo-Tunisie_168377.jpg\",\"contentUrl\":\"https:\\\/\\\/www.webdo.tn\\\/fr\\\/wp-content\\\/uploads\\\/2025\\\/06\\\/Webdo-Tunisie_168377.jpg\",\"width\":301,\"height\":301,\"caption\":\"Webdo\"},\"image\":{\"@id\":\"https:\\\/\\\/www.webdo.tn\\\/fr\\\/#\\\/schema\\\/logo\\\/image\\\/\"},\"sameAs\":[\"https:\\\/\\\/www.facebook.com\\\/webdotn\",\"https:\\\/\\\/x.com\\\/webdo_tn\"],\"description\":\"Webdo est un m\u00e9dia num\u00e9rique tunisien fond\u00e9 en 2010, sp\u00e9cialis\u00e9 dans l\u2019actualit\u00e9 nationale et internationale, l\u2019\u00e9conomie, la soci\u00e9t\u00e9 et les analyses politiques. Le site s\u2019adresse \u00e0 un large public francophone et couvre l\u2019information tunisienne en temps r\u00e9el.\",\"email\":\"redac@webdo.tn\",\"legalName\":\"YNJ SARL\",\"foundingDate\":\"2010-09-06\",\"numberOfEmployees\":{\"@type\":\"QuantitativeValue\",\"minValue\":\"11\",\"maxValue\":\"50\"}},{\"@type\":\"Person\",\"@id\":\"https:\\\/\\\/www.webdo.tn\\\/fr\\\/#\\\/schema\\\/person\\\/19664196c9bfdcda126f3c27709f7d11\",\"name\":\"Firas Ben Abdeltif\",\"image\":{\"@type\":\"ImageObject\",\"inLanguage\":\"fr-FR\",\"@id\":\"https:\\\/\\\/secure.gravatar.com\\\/avatar\\\/161a347d40df098a084778c52ed133dbd85f14df003867067c5948081241ec55?s=96&d=mm&r=g\",\"url\":\"https:\\\/\\\/secure.gravatar.com\\\/avatar\\\/161a347d40df098a084778c52ed133dbd85f14df003867067c5948081241ec55?s=96&d=mm&r=g\",\"contentUrl\":\"https:\\\/\\\/secure.gravatar.com\\\/avatar\\\/161a347d40df098a084778c52ed133dbd85f14df003867067c5948081241ec55?s=96&d=mm&r=g\",\"caption\":\"Firas Ben Abdeltif\"},\"url\":\"https:\\\/\\\/www.webdo.tn\\\/fr\\\/actualite\\\/author\\\/firas-ben-abdeltif\\\/\"}]}<\/script>\n<!-- \/ Yoast SEO Premium plugin. -->","yoast_head_json":{"title":"Isra\u00ebl frappe en premier, T\u00e9h\u00e9ran r\u00e9plique : 24 heures de guerre ouverte - webdo","description":"Isra\u00ebl frappe en premier : d\u00e9couvrez les d\u00e9tails d'une offensive majeure contre l'Iran et la r\u00e9ponse de T\u00e9h\u00e9ran.","canonical":"https:\/\/www.webdo.tn\/fr\/actualite\/international\/israel-frappe-en-premier-teheran-replique-24-heures-de-guerre-ouverte\/377423\/","og_locale":"fr_FR","og_type":"article","og_title":"Isra\u00ebl frappe en premier, T\u00e9h\u00e9ran r\u00e9plique : 24 heures de guerre ouverte","og_description":"Isra\u00ebl frappe en premier : d\u00e9couvrez les d\u00e9tails d'une offensive majeure contre l'Iran et la r\u00e9ponse de T\u00e9h\u00e9ran.","og_url":"https:\/\/www.webdo.tn\/fr\/actualite\/international\/israel-frappe-en-premier-teheran-replique-24-heures-de-guerre-ouverte\/377423\/","og_site_name":"webdo","article_publisher":"https:\/\/www.facebook.com\/webdotn","article_published_time":"2025-06-14T06:17:15+00:00","article_modified_time":"2025-06-16T07:24:11+00:00","og_image":[{"width":640,"height":426,"url":"https:\/\/www.webdo.tn\/fr\/wp-content\/uploads\/2025\/06\/iran-repond-a-israel.webp","type":"image\/webp"}],"author":"Firas Ben Abdeltif","twitter_card":"summary_large_image","twitter_creator":"@webdo_tn","twitter_site":"@webdo_tn","twitter_misc":{"\u00c9crit par":"Firas Ben Abdeltif","Dur\u00e9e de lecture estim\u00e9e":"3 minutes"},"schema":{"@context":"https:\/\/schema.org","@graph":[{"@type":"NewsArticle","@id":"https:\/\/www.webdo.tn\/fr\/actualite\/international\/israel-frappe-en-premier-teheran-replique-24-heures-de-guerre-ouverte\/377423\/#article","isPartOf":{"@id":"https:\/\/www.webdo.tn\/fr\/actualite\/international\/israel-frappe-en-premier-teheran-replique-24-heures-de-guerre-ouverte\/377423\/"},"author":{"name":"Firas Ben Abdeltif","@id":"https:\/\/www.webdo.tn\/fr\/#\/schema\/person\/19664196c9bfdcda126f3c27709f7d11"},"headline":"Isra\u00ebl frappe en premier, T\u00e9h\u00e9ran r\u00e9plique : 24 heures de guerre ouverte","datePublished":"2025-06-14T06:17:15+00:00","dateModified":"2025-06-16T07:24:11+00:00","mainEntityOfPage":{"@id":"https:\/\/www.webdo.tn\/fr\/actualite\/international\/israel-frappe-en-premier-teheran-replique-24-heures-de-guerre-ouverte\/377423\/"},"wordCount":564,"commentCount":0,"publisher":{"@id":"https:\/\/www.webdo.tn\/fr\/#organization"},"image":{"@id":"https:\/\/www.webdo.tn\/fr\/actualite\/international\/israel-frappe-en-premier-teheran-replique-24-heures-de-guerre-ouverte\/377423\/#primaryimage"},"thumbnailUrl":"https:\/\/www.webdo.tn\/fr\/wp-content\/uploads\/2025\/06\/iran-repond-a-israel.webp","keywords":["Drones","Iran","isra\u00ebl","Missiles balistiques"],"articleSection":["International"],"inLanguage":"fr-FR"},{"@type":"WebPage","@id":"https:\/\/www.webdo.tn\/fr\/actualite\/international\/israel-frappe-en-premier-teheran-replique-24-heures-de-guerre-ouverte\/377423\/","url":"https:\/\/www.webdo.tn\/fr\/actualite\/international\/israel-frappe-en-premier-teheran-replique-24-heures-de-guerre-ouverte\/377423\/","name":"Isra\u00ebl frappe en premier, T\u00e9h\u00e9ran r\u00e9plique : 24 heures de guerre ouverte - webdo","isPartOf":{"@id":"https:\/\/www.webdo.tn\/fr\/#website"},"primaryImageOfPage":{"@id":"https:\/\/www.webdo.tn\/fr\/actualite\/international\/israel-frappe-en-premier-teheran-replique-24-heures-de-guerre-ouverte\/377423\/#primaryimage"},"image":{"@id":"https:\/\/www.webdo.tn\/fr\/actualite\/international\/israel-frappe-en-premier-teheran-replique-24-heures-de-guerre-ouverte\/377423\/#primaryimage"},"thumbnailUrl":"https:\/\/www.webdo.tn\/fr\/wp-content\/uploads\/2025\/06\/iran-repond-a-israel.webp","datePublished":"2025-06-14T06:17:15+00:00","dateModified":"2025-06-16T07:24:11+00:00","description":"Isra\u00ebl frappe en premier : d\u00e9couvrez les d\u00e9tails d'une offensive majeure contre l'Iran et la r\u00e9ponse de T\u00e9h\u00e9ran.","breadcrumb":{"@id":"https:\/\/www.webdo.tn\/fr\/actualite\/international\/israel-frappe-en-premier-teheran-replique-24-heures-de-guerre-ouverte\/377423\/#breadcrumb"},"inLanguage":"fr-FR","potentialAction":[{"@type":"ReadAction","target":["https:\/\/www.webdo.tn\/fr\/actualite\/international\/israel-frappe-en-premier-teheran-replique-24-heures-de-guerre-ouverte\/377423\/"]}]},{"@type":"ImageObject","inLanguage":"fr-FR","@id":"https:\/\/www.webdo.tn\/fr\/actualite\/international\/israel-frappe-en-premier-teheran-replique-24-heures-de-guerre-ouverte\/377423\/#primaryimage","url":"https:\/\/www.webdo.tn\/fr\/wp-content\/uploads\/2025\/06\/iran-repond-a-israel.webp","contentUrl":"https:\/\/www.webdo.tn\/fr\/wp-content\/uploads\/2025\/06\/iran-repond-a-israel.webp","width":640,"height":426,"caption":"La riposte iranienne a r\u00e9ussi \u00e0 contourner partiellement le D\u00f4me de fer, touchant plusieurs r\u00e9gions isra\u00e9liennes et causant des d\u00e9g\u00e2ts mat\u00e9riels ainsi que des victimes civiles."},{"@type":"BreadcrumbList","@id":"https:\/\/www.webdo.tn\/fr\/actualite\/international\/israel-frappe-en-premier-teheran-replique-24-heures-de-guerre-ouverte\/377423\/#breadcrumb","itemListElement":[{"@type":"ListItem","position":1,"name":"Accueil","item":"https:\/\/www.webdo.tn\/fr\/"},{"@type":"ListItem","position":2,"name":"Isra\u00ebl frappe en premier, T\u00e9h\u00e9ran r\u00e9plique : 24 heures de guerre ouverte"}]},{"@type":"WebSite","@id":"https:\/\/www.webdo.tn\/fr\/#website","url":"https:\/\/www.webdo.tn\/fr\/","name":"webdo","description":"Tunisie - News en Tunisie et \u00e0 l&#039;international sur Webdo.tn","publisher":{"@id":"https:\/\/www.webdo.tn\/fr\/#organization"},"potentialAction":[{"@type":"SearchAction","target":{"@type":"EntryPoint","urlTemplate":"https:\/\/www.webdo.tn\/fr\/?s={search_term_string}"},"query-input":{"@type":"PropertyValueSpecification","valueRequired":true,"valueName":"search_term_string"}}],"inLanguage":"fr-FR"},{"@type":"Organization","@id":"https:\/\/www.webdo.tn\/fr\/#organization","name":"Webdo","alternateName":"Webdo.tn","url":"https:\/\/www.webdo.tn\/fr\/","logo":{"@type":"ImageObject","inLanguage":"fr-FR","@id":"https:\/\/www.webdo.tn\/fr\/#\/schema\/logo\/image\/","url":"https:\/\/www.webdo.tn\/fr\/wp-content\/uploads\/2025\/06\/Webdo-Tunisie_168377.jpg","contentUrl":"https:\/\/www.webdo.tn\/fr\/wp-content\/uploads\/2025\/06\/Webdo-Tunisie_168377.jpg","width":301,"height":301,"caption":"Webdo"},"image":{"@id":"https:\/\/www.webdo.tn\/fr\/#\/schema\/logo\/image\/"},"sameAs":["https:\/\/www.facebook.com\/webdotn","https:\/\/x.com\/webdo_tn"],"description":"Webdo est un m\u00e9dia num\u00e9rique tunisien fond\u00e9 en 2010, sp\u00e9cialis\u00e9 dans l\u2019actualit\u00e9 nationale et internationale, l\u2019\u00e9conomie, la soci\u00e9t\u00e9 et les analyses politiques. Le site s\u2019adresse \u00e0 un large public francophone et couvre l\u2019information tunisienne en temps r\u00e9el.","email":"redac@webdo.tn","legalName":"YNJ SARL","foundingDate":"2010-09-06","numberOfEmployees":{"@type":"QuantitativeValue","minValue":"11","maxValue":"50"}},{"@type":"Person","@id":"https:\/\/www.webdo.tn\/fr\/#\/schema\/person\/19664196c9bfdcda126f3c27709f7d11","name":"Firas Ben Abdeltif","image":{"@type":"ImageObject","inLanguage":"fr-FR","@id":"https:\/\/secure.gravatar.com\/avatar\/161a347d40df098a084778c52ed133dbd85f14df003867067c5948081241ec55?s=96&d=mm&r=g","url":"https:\/\/secure.gravatar.com\/avatar\/161a347d40df098a084778c52ed133dbd85f14df003867067c5948081241ec55?s=96&d=mm&r=g","contentUrl":"https:\/\/secure.gravatar.com\/avatar\/161a347d40df098a084778c52ed133dbd85f14df003867067c5948081241ec55?s=96&d=mm&r=g","caption":"Firas Ben Abdeltif"},"url":"https:\/\/www.webdo.tn\/fr\/actualite\/author\/firas-ben-abdeltif\/"}]}},"_links":{"self":[{"href":"https:\/\/www.webdo.tn\/fr\/wp-json\/wp\/v2\/posts\/377423","targetHints":{"allow":["GET"]}}],"collection":[{"href":"https:\/\/www.webdo.tn\/fr\/wp-json\/wp\/v2\/posts"}],"about":[{"href":"https:\/\/www.webdo.tn\/fr\/wp-json\/wp\/v2\/types\/post"}],"author":[{"embeddable":true,"href":"https:\/\/www.webdo.tn\/fr\/wp-json\/wp\/v2\/users\/4779"}],"replies":[{"embeddable":true,"href":"https:\/\/www.webdo.tn\/fr\/wp-json\/wp\/v2\/comments?post=377423"}],"version-history":[{"count":0,"href":"https:\/\/www.webdo.tn\/fr\/wp-json\/wp\/v2\/posts\/377423\/revisions"}],"wp:featuredmedia":[{"embeddable":true,"href":"https:\/\/www.webdo.tn\/fr\/wp-json\/wp\/v2\/media\/377425"}],"wp:attachment":[{"href":"https:\/\/www.webdo.tn\/fr\/wp-json\/wp\/v2\/media?parent=377423"}],"wp:term":[{"taxonomy":"category","embeddable":true,"href":"https:\/\/www.webdo.tn\/fr\/wp-json\/wp\/v2\/categories?post=377423"},{"taxonomy":"post_tag","embeddable":true,"href":"https:\/\/www.webdo.tn\/fr\/wp-json\/wp\/v2\/tags?post=377423"}],"curies":[{"name":"wp","href":"https:\/\/api.w.org\/{rel}","templated":true}]}}