{"id":377409,"date":"2025-06-13T18:58:29","date_gmt":"2025-06-13T17:58:29","guid":{"rendered":"https:\/\/www.webdo.tn\/fr\/?p=377409"},"modified":"2025-06-14T09:27:34","modified_gmt":"2025-06-14T08:27:34","slug":"macron-paris-participerait-aux-operations-de-protection-et-de-defense-disrael","status":"publish","type":"post","link":"https:\/\/www.webdo.tn\/fr\/actualite\/international\/macron-paris-participerait-aux-operations-de-protection-et-de-defense-disrael\/377409\/","title":{"rendered":"Macron : \u00ab\u00a0Paris participerait aux op\u00e9rations de protection et de d\u00e9fense d&rsquo;Isra\u00ebl\u00a0\u00bb"},"content":{"rendered":"\n<p><strong>Emmanuel Macron \u00e9carte toute participation de la France \u00e0 une op\u00e9ration offensive contre T\u00e9h\u00e9ran<\/strong><\/p>\n\n\n\n<p>Alors que la tension monte entre Isra\u00ebl et l\u2019Iran, le pr\u00e9sident Emmanuel Macron a clarifi\u00e9 la position fran\u00e7aise face \u00e0 une \u00e9ventuelle escalade militaire. <\/p>\n\n\n\n<p>Dans un contexte de forte instabilit\u00e9 r\u00e9gionale, marqu\u00e9 par des \u00e9changes de menaces et des attaques cibl\u00e9es, le chef de l\u2019\u00c9tat francais a d\u00e9clar\u00e9 que la France \u00ab participerait aux op\u00e9rations de protection et de d\u00e9fense d\u2019Isra\u00ebl \u00bb en cas de repr\u00e9sailles iraniennes, \u00e0 condition qu\u2019elle soit \u00ab en situation de le faire \u00bb.<\/p>\n\n\n\n<p>Cependant, il a tenu \u00e0 marquer une ligne rouge : \u00ab \u00c0 l&rsquo;inverse, je n\u2019envisage aucunement de participer \u00e0 quelque op\u00e9ration offensive que ce soit \u00bb, a-t-il pr\u00e9cis\u00e9, \u00e9cartant ainsi toute implication directe dans une \u00e9ventuelle attaque contre l\u2019Iran.<br><\/p>\n\n\n\n<p>Cette d\u00e9claration s\u2019inscrit dans une volont\u00e9 de maintenir une posture \u00e9quilibr\u00e9e : soutenir un alli\u00e9 tout en \u00e9vitant une implication dans un conflit plus large au Moyen-Orient, alors que les risques d\u2019embrasement g\u00e9n\u00e9ralis\u00e9 restent \u00e9lev\u00e9s.<\/p>\n\n\n\n<p><\/p>\n","protected":false},"excerpt":{"rendered":"<p>Emmanuel Macron \u00e9carte toute participation de la France \u00e0 une op\u00e9ration offensive contre T\u00e9h\u00e9ran Alors que la tension monte entre Isra\u00ebl et l\u2019Iran, le pr\u00e9sident Emmanuel Macron a clarifi\u00e9 la position fran\u00e7aise face \u00e0 une \u00e9ventuelle escalade militaire. Dans un contexte de forte instabilit\u00e9 r\u00e9gionale, marqu\u00e9 par des \u00e9changes de menaces et des attaques cibl\u00e9es, [&hellip;]<\/p>\n","protected":false},"author":3184,"featured_media":377410,"comment_status":"open","ping_status":"open","sticky":false,"template":"","format":"standard","meta":{"footnotes":""},"categories":[2598],"tags":[10238,2998,2912],"class_list":["post-377409","post","type-post","status-publish","format-standard","has-post-thumbnail","hentry","category-international","tag-nemmanuel-macron","tag-france","tag-iran"],"yoast_head":"<!-- This site is optimized with the Yoast SEO Premium plugin v27.5 (Yoast SEO v27.5) - https:\/\/yoast.com\/product\/yoast-seo-premium-wordpress\/ -->\n<title>Macron : &quot;Paris participerait aux op\u00e9rations de protection et de d\u00e9fense d&#039;Isra\u00ebl&quot; - webdo<\/title>\n<meta name=\"description\" content=\"Emmanuel Macron \u00e9carte toute implication de la France dans une attaque contre l&#039;Iran. D\u00e9couvrez sa position actuelle.\" \/>\n<link rel=\"canonical\" href=\"https:\/\/www.webdo.tn\/fr\/actualite\/international\/macron-paris-participerait-aux-operations-de-protection-et-de-defense-disrael\/377409\/\" \/>\n<meta property=\"og:locale\" content=\"fr_FR\" \/>\n<meta property=\"og:type\" content=\"article\" \/>\n<meta property=\"og:title\" content=\"Macron : &quot;Paris participerait aux op\u00e9rations de protection et de d\u00e9fense d&#039;Isra\u00ebl&quot;\" \/>\n<meta property=\"og:description\" content=\"Emmanuel Macron \u00e9carte toute implication de la France dans une attaque contre l&#039;Iran. D\u00e9couvrez sa position actuelle.\" \/>\n<meta property=\"og:url\" content=\"https:\/\/www.webdo.tn\/fr\/actualite\/international\/macron-paris-participerait-aux-operations-de-protection-et-de-defense-disrael\/377409\/\" \/>\n<meta property=\"og:site_name\" content=\"webdo\" \/>\n<meta property=\"article:publisher\" content=\"https:\/\/www.facebook.com\/webdotn\" \/>\n<meta property=\"article:published_time\" content=\"2025-06-13T17:58:29+00:00\" \/>\n<meta property=\"article:modified_time\" content=\"2025-06-14T08:27:34+00:00\" \/>\n<meta property=\"og:image\" content=\"https:\/\/www.webdo.tn\/fr\/wp-content\/uploads\/2025\/06\/Capture-decran-2025-06-13-185651.png\" \/>\n\t<meta property=\"og:image:width\" content=\"878\" \/>\n\t<meta property=\"og:image:height\" content=\"567\" \/>\n\t<meta property=\"og:image:type\" content=\"image\/png\" \/>\n<meta name=\"author\" content=\"Wided Belhaj\" \/>\n<meta name=\"twitter:card\" content=\"summary_large_image\" \/>\n<meta name=\"twitter:creator\" content=\"@webdo_tn\" \/>\n<meta name=\"twitter:site\" content=\"@webdo_tn\" \/>\n<meta name=\"twitter:label1\" content=\"\u00c9crit par\" \/>\n\t<meta name=\"twitter:data1\" content=\"Wided Belhaj\" \/>\n\t<meta name=\"twitter:label2\" content=\"Dur\u00e9e de lecture estim\u00e9e\" \/>\n\t<meta name=\"twitter:data2\" content=\"2 minutes\" \/>\n<script type=\"application\/ld+json\" class=\"yoast-schema-graph\">{\"@context\":\"https:\\\/\\\/schema.org\",\"@graph\":[{\"@type\":\"NewsArticle\",\"@id\":\"https:\\\/\\\/www.webdo.tn\\\/fr\\\/actualite\\\/international\\\/macron-paris-participerait-aux-operations-de-protection-et-de-defense-disrael\\\/377409\\\/#article\",\"isPartOf\":{\"@id\":\"https:\\\/\\\/www.webdo.tn\\\/fr\\\/actualite\\\/international\\\/macron-paris-participerait-aux-operations-de-protection-et-de-defense-disrael\\\/377409\\\/\"},\"author\":{\"name\":\"Wided Belhaj\",\"@id\":\"https:\\\/\\\/www.webdo.tn\\\/fr\\\/#\\\/schema\\\/person\\\/b9ecde7a5574cb4fcf4b496ea5fadb15\"},\"headline\":\"Macron : \u00ab\u00a0Paris participerait aux op\u00e9rations de protection et de d\u00e9fense d&rsquo;Isra\u00ebl\u00a0\u00bb\",\"datePublished\":\"2025-06-13T17:58:29+00:00\",\"dateModified\":\"2025-06-14T08:27:34+00:00\",\"mainEntityOfPage\":{\"@id\":\"https:\\\/\\\/www.webdo.tn\\\/fr\\\/actualite\\\/international\\\/macron-paris-participerait-aux-operations-de-protection-et-de-defense-disrael\\\/377409\\\/\"},\"wordCount\":196,\"commentCount\":0,\"publisher\":{\"@id\":\"https:\\\/\\\/www.webdo.tn\\\/fr\\\/#organization\"},\"image\":{\"@id\":\"https:\\\/\\\/www.webdo.tn\\\/fr\\\/actualite\\\/international\\\/macron-paris-participerait-aux-operations-de-protection-et-de-defense-disrael\\\/377409\\\/#primaryimage\"},\"thumbnailUrl\":\"https:\\\/\\\/www.webdo.tn\\\/fr\\\/wp-content\\\/uploads\\\/2025\\\/06\\\/Capture-decran-2025-06-13-185651.png\",\"keywords\":[\"'nemmanuel macron']\",\"france\",\"Iran\"],\"articleSection\":[\"International\"],\"inLanguage\":\"fr-FR\"},{\"@type\":\"WebPage\",\"@id\":\"https:\\\/\\\/www.webdo.tn\\\/fr\\\/actualite\\\/international\\\/macron-paris-participerait-aux-operations-de-protection-et-de-defense-disrael\\\/377409\\\/\",\"url\":\"https:\\\/\\\/www.webdo.tn\\\/fr\\\/actualite\\\/international\\\/macron-paris-participerait-aux-operations-de-protection-et-de-defense-disrael\\\/377409\\\/\",\"name\":\"Macron : \\\"Paris participerait aux op\u00e9rations de protection et de d\u00e9fense d'Isra\u00ebl\\\" - webdo\",\"isPartOf\":{\"@id\":\"https:\\\/\\\/www.webdo.tn\\\/fr\\\/#website\"},\"primaryImageOfPage\":{\"@id\":\"https:\\\/\\\/www.webdo.tn\\\/fr\\\/actualite\\\/international\\\/macron-paris-participerait-aux-operations-de-protection-et-de-defense-disrael\\\/377409\\\/#primaryimage\"},\"image\":{\"@id\":\"https:\\\/\\\/www.webdo.tn\\\/fr\\\/actualite\\\/international\\\/macron-paris-participerait-aux-operations-de-protection-et-de-defense-disrael\\\/377409\\\/#primaryimage\"},\"thumbnailUrl\":\"https:\\\/\\\/www.webdo.tn\\\/fr\\\/wp-content\\\/uploads\\\/2025\\\/06\\\/Capture-decran-2025-06-13-185651.png\",\"datePublished\":\"2025-06-13T17:58:29+00:00\",\"dateModified\":\"2025-06-14T08:27:34+00:00\",\"description\":\"Emmanuel Macron \u00e9carte toute implication de la France dans une attaque contre l'Iran. D\u00e9couvrez sa position actuelle.\",\"breadcrumb\":{\"@id\":\"https:\\\/\\\/www.webdo.tn\\\/fr\\\/actualite\\\/international\\\/macron-paris-participerait-aux-operations-de-protection-et-de-defense-disrael\\\/377409\\\/#breadcrumb\"},\"inLanguage\":\"fr-FR\",\"potentialAction\":[{\"@type\":\"ReadAction\",\"target\":[\"https:\\\/\\\/www.webdo.tn\\\/fr\\\/actualite\\\/international\\\/macron-paris-participerait-aux-operations-de-protection-et-de-defense-disrael\\\/377409\\\/\"]}]},{\"@type\":\"ImageObject\",\"inLanguage\":\"fr-FR\",\"@id\":\"https:\\\/\\\/www.webdo.tn\\\/fr\\\/actualite\\\/international\\\/macron-paris-participerait-aux-operations-de-protection-et-de-defense-disrael\\\/377409\\\/#primaryimage\",\"url\":\"https:\\\/\\\/www.webdo.tn\\\/fr\\\/wp-content\\\/uploads\\\/2025\\\/06\\\/Capture-decran-2025-06-13-185651.png\",\"contentUrl\":\"https:\\\/\\\/www.webdo.tn\\\/fr\\\/wp-content\\\/uploads\\\/2025\\\/06\\\/Capture-decran-2025-06-13-185651.png\",\"width\":878,\"height\":567},{\"@type\":\"BreadcrumbList\",\"@id\":\"https:\\\/\\\/www.webdo.tn\\\/fr\\\/actualite\\\/international\\\/macron-paris-participerait-aux-operations-de-protection-et-de-defense-disrael\\\/377409\\\/#breadcrumb\",\"itemListElement\":[{\"@type\":\"ListItem\",\"position\":1,\"name\":\"Accueil\",\"item\":\"https:\\\/\\\/www.webdo.tn\\\/fr\\\/\"},{\"@type\":\"ListItem\",\"position\":2,\"name\":\"Macron : \u00ab\u00a0Paris participerait aux op\u00e9rations de protection et de d\u00e9fense d&rsquo;Isra\u00ebl\u00a0\u00bb\"}]},{\"@type\":\"WebSite\",\"@id\":\"https:\\\/\\\/www.webdo.tn\\\/fr\\\/#website\",\"url\":\"https:\\\/\\\/www.webdo.tn\\\/fr\\\/\",\"name\":\"webdo\",\"description\":\"Tunisie - News en Tunisie et \u00e0 l&#039;international sur Webdo.tn\",\"publisher\":{\"@id\":\"https:\\\/\\\/www.webdo.tn\\\/fr\\\/#organization\"},\"potentialAction\":[{\"@type\":\"SearchAction\",\"target\":{\"@type\":\"EntryPoint\",\"urlTemplate\":\"https:\\\/\\\/www.webdo.tn\\\/fr\\\/?s={search_term_string}\"},\"query-input\":{\"@type\":\"PropertyValueSpecification\",\"valueRequired\":true,\"valueName\":\"search_term_string\"}}],\"inLanguage\":\"fr-FR\"},{\"@type\":\"Organization\",\"@id\":\"https:\\\/\\\/www.webdo.tn\\\/fr\\\/#organization\",\"name\":\"Webdo\",\"alternateName\":\"Webdo.tn\",\"url\":\"https:\\\/\\\/www.webdo.tn\\\/fr\\\/\",\"logo\":{\"@type\":\"ImageObject\",\"inLanguage\":\"fr-FR\",\"@id\":\"https:\\\/\\\/www.webdo.tn\\\/fr\\\/#\\\/schema\\\/logo\\\/image\\\/\",\"url\":\"https:\\\/\\\/www.webdo.tn\\\/fr\\\/wp-content\\\/uploads\\\/2025\\\/06\\\/Webdo-Tunisie_168377.jpg\",\"contentUrl\":\"https:\\\/\\\/www.webdo.tn\\\/fr\\\/wp-content\\\/uploads\\\/2025\\\/06\\\/Webdo-Tunisie_168377.jpg\",\"width\":301,\"height\":301,\"caption\":\"Webdo\"},\"image\":{\"@id\":\"https:\\\/\\\/www.webdo.tn\\\/fr\\\/#\\\/schema\\\/logo\\\/image\\\/\"},\"sameAs\":[\"https:\\\/\\\/www.facebook.com\\\/webdotn\",\"https:\\\/\\\/x.com\\\/webdo_tn\"],\"description\":\"Webdo est un m\u00e9dia num\u00e9rique tunisien fond\u00e9 en 2010, sp\u00e9cialis\u00e9 dans l\u2019actualit\u00e9 nationale et internationale, l\u2019\u00e9conomie, la soci\u00e9t\u00e9 et les analyses politiques. Le site s\u2019adresse \u00e0 un large public francophone et couvre l\u2019information tunisienne en temps r\u00e9el.\",\"email\":\"redac@webdo.tn\",\"legalName\":\"YNJ SARL\",\"foundingDate\":\"2010-09-06\",\"numberOfEmployees\":{\"@type\":\"QuantitativeValue\",\"minValue\":\"11\",\"maxValue\":\"50\"}},{\"@type\":\"Person\",\"@id\":\"https:\\\/\\\/www.webdo.tn\\\/fr\\\/#\\\/schema\\\/person\\\/b9ecde7a5574cb4fcf4b496ea5fadb15\",\"name\":\"Wided Belhaj\",\"image\":{\"@type\":\"ImageObject\",\"inLanguage\":\"fr-FR\",\"@id\":\"https:\\\/\\\/www.webdo.tn\\\/fr\\\/wp-content\\\/uploads\\\/2026\\\/04\\\/wided-belhaj_avatar-96x96.jpg\",\"url\":\"https:\\\/\\\/www.webdo.tn\\\/fr\\\/wp-content\\\/uploads\\\/2026\\\/04\\\/wided-belhaj_avatar-96x96.jpg\",\"contentUrl\":\"https:\\\/\\\/www.webdo.tn\\\/fr\\\/wp-content\\\/uploads\\\/2026\\\/04\\\/wided-belhaj_avatar-96x96.jpg\",\"caption\":\"Wided Belhaj\"},\"description\":\"Wided Belhaj est le pseudonyme \u00e9ditorial utilis\u00e9 par Khalil Jelassi, journaliste, ma\u00eetre-assistant \u00e0 l\u2019Institut de presse et des sciences de l\u2019information (IPSI) et chercheur en sciences de l\u2019information et de la communication. Cette signature est d\u00e9di\u00e9e \u00e0 l\u2019analyse des m\u00e9dias, des pratiques journalistiques et des mutations de l\u2019information \u00e0 l\u2019\u00e8re digitale. \u00c0 travers ses contributions, Wided Belhaj propose une lecture analytique de l\u2019actualit\u00e9, en croisant regard critique et expertise acad\u00e9mique.\",\"knowsAbout\":[\"m\u00e9dias\",\"journalisme\",\"communication\",\"information\",\"transformation num\u00e9rique\",\"analyse des m\u00e9dias\"],\"knowsLanguage\":[\"Fran\u00e7ais\",\"Arabe\"],\"jobTitle\":\"Webdo.tn\",\"worksFor\":\"Journaliste \u2013 Analyse des m\u00e9dias\",\"url\":\"https:\\\/\\\/www.webdo.tn\\\/fr\\\/actualite\\\/author\\\/wided-belhaj\\\/\"}]}<\/script>\n<!-- \/ Yoast SEO Premium plugin. -->","yoast_head_json":{"title":"Macron : \"Paris participerait aux op\u00e9rations de protection et de d\u00e9fense d'Isra\u00ebl\" - webdo","description":"Emmanuel Macron \u00e9carte toute implication de la France dans une attaque contre l'Iran. D\u00e9couvrez sa position actuelle.","canonical":"https:\/\/www.webdo.tn\/fr\/actualite\/international\/macron-paris-participerait-aux-operations-de-protection-et-de-defense-disrael\/377409\/","og_locale":"fr_FR","og_type":"article","og_title":"Macron : \"Paris participerait aux op\u00e9rations de protection et de d\u00e9fense d'Isra\u00ebl\"","og_description":"Emmanuel Macron \u00e9carte toute implication de la France dans une attaque contre l'Iran. D\u00e9couvrez sa position actuelle.","og_url":"https:\/\/www.webdo.tn\/fr\/actualite\/international\/macron-paris-participerait-aux-operations-de-protection-et-de-defense-disrael\/377409\/","og_site_name":"webdo","article_publisher":"https:\/\/www.facebook.com\/webdotn","article_published_time":"2025-06-13T17:58:29+00:00","article_modified_time":"2025-06-14T08:27:34+00:00","og_image":[{"width":878,"height":567,"url":"https:\/\/www.webdo.tn\/fr\/wp-content\/uploads\/2025\/06\/Capture-decran-2025-06-13-185651.png","type":"image\/png"}],"author":"Wided Belhaj","twitter_card":"summary_large_image","twitter_creator":"@webdo_tn","twitter_site":"@webdo_tn","twitter_misc":{"\u00c9crit par":"Wided Belhaj","Dur\u00e9e de lecture estim\u00e9e":"2 minutes"},"schema":{"@context":"https:\/\/schema.org","@graph":[{"@type":"NewsArticle","@id":"https:\/\/www.webdo.tn\/fr\/actualite\/international\/macron-paris-participerait-aux-operations-de-protection-et-de-defense-disrael\/377409\/#article","isPartOf":{"@id":"https:\/\/www.webdo.tn\/fr\/actualite\/international\/macron-paris-participerait-aux-operations-de-protection-et-de-defense-disrael\/377409\/"},"author":{"name":"Wided Belhaj","@id":"https:\/\/www.webdo.tn\/fr\/#\/schema\/person\/b9ecde7a5574cb4fcf4b496ea5fadb15"},"headline":"Macron : \u00ab\u00a0Paris participerait aux op\u00e9rations de protection et de d\u00e9fense d&rsquo;Isra\u00ebl\u00a0\u00bb","datePublished":"2025-06-13T17:58:29+00:00","dateModified":"2025-06-14T08:27:34+00:00","mainEntityOfPage":{"@id":"https:\/\/www.webdo.tn\/fr\/actualite\/international\/macron-paris-participerait-aux-operations-de-protection-et-de-defense-disrael\/377409\/"},"wordCount":196,"commentCount":0,"publisher":{"@id":"https:\/\/www.webdo.tn\/fr\/#organization"},"image":{"@id":"https:\/\/www.webdo.tn\/fr\/actualite\/international\/macron-paris-participerait-aux-operations-de-protection-et-de-defense-disrael\/377409\/#primaryimage"},"thumbnailUrl":"https:\/\/www.webdo.tn\/fr\/wp-content\/uploads\/2025\/06\/Capture-decran-2025-06-13-185651.png","keywords":["'nemmanuel macron']","france","Iran"],"articleSection":["International"],"inLanguage":"fr-FR"},{"@type":"WebPage","@id":"https:\/\/www.webdo.tn\/fr\/actualite\/international\/macron-paris-participerait-aux-operations-de-protection-et-de-defense-disrael\/377409\/","url":"https:\/\/www.webdo.tn\/fr\/actualite\/international\/macron-paris-participerait-aux-operations-de-protection-et-de-defense-disrael\/377409\/","name":"Macron : \"Paris participerait aux op\u00e9rations de protection et de d\u00e9fense d'Isra\u00ebl\" - webdo","isPartOf":{"@id":"https:\/\/www.webdo.tn\/fr\/#website"},"primaryImageOfPage":{"@id":"https:\/\/www.webdo.tn\/fr\/actualite\/international\/macron-paris-participerait-aux-operations-de-protection-et-de-defense-disrael\/377409\/#primaryimage"},"image":{"@id":"https:\/\/www.webdo.tn\/fr\/actualite\/international\/macron-paris-participerait-aux-operations-de-protection-et-de-defense-disrael\/377409\/#primaryimage"},"thumbnailUrl":"https:\/\/www.webdo.tn\/fr\/wp-content\/uploads\/2025\/06\/Capture-decran-2025-06-13-185651.png","datePublished":"2025-06-13T17:58:29+00:00","dateModified":"2025-06-14T08:27:34+00:00","description":"Emmanuel Macron \u00e9carte toute implication de la France dans une attaque contre l'Iran. D\u00e9couvrez sa position actuelle.","breadcrumb":{"@id":"https:\/\/www.webdo.tn\/fr\/actualite\/international\/macron-paris-participerait-aux-operations-de-protection-et-de-defense-disrael\/377409\/#breadcrumb"},"inLanguage":"fr-FR","potentialAction":[{"@type":"ReadAction","target":["https:\/\/www.webdo.tn\/fr\/actualite\/international\/macron-paris-participerait-aux-operations-de-protection-et-de-defense-disrael\/377409\/"]}]},{"@type":"ImageObject","inLanguage":"fr-FR","@id":"https:\/\/www.webdo.tn\/fr\/actualite\/international\/macron-paris-participerait-aux-operations-de-protection-et-de-defense-disrael\/377409\/#primaryimage","url":"https:\/\/www.webdo.tn\/fr\/wp-content\/uploads\/2025\/06\/Capture-decran-2025-06-13-185651.png","contentUrl":"https:\/\/www.webdo.tn\/fr\/wp-content\/uploads\/2025\/06\/Capture-decran-2025-06-13-185651.png","width":878,"height":567},{"@type":"BreadcrumbList","@id":"https:\/\/www.webdo.tn\/fr\/actualite\/international\/macron-paris-participerait-aux-operations-de-protection-et-de-defense-disrael\/377409\/#breadcrumb","itemListElement":[{"@type":"ListItem","position":1,"name":"Accueil","item":"https:\/\/www.webdo.tn\/fr\/"},{"@type":"ListItem","position":2,"name":"Macron : \u00ab\u00a0Paris participerait aux op\u00e9rations de protection et de d\u00e9fense d&rsquo;Isra\u00ebl\u00a0\u00bb"}]},{"@type":"WebSite","@id":"https:\/\/www.webdo.tn\/fr\/#website","url":"https:\/\/www.webdo.tn\/fr\/","name":"webdo","description":"Tunisie - News en Tunisie et \u00e0 l&#039;international sur Webdo.tn","publisher":{"@id":"https:\/\/www.webdo.tn\/fr\/#organization"},"potentialAction":[{"@type":"SearchAction","target":{"@type":"EntryPoint","urlTemplate":"https:\/\/www.webdo.tn\/fr\/?s={search_term_string}"},"query-input":{"@type":"PropertyValueSpecification","valueRequired":true,"valueName":"search_term_string"}}],"inLanguage":"fr-FR"},{"@type":"Organization","@id":"https:\/\/www.webdo.tn\/fr\/#organization","name":"Webdo","alternateName":"Webdo.tn","url":"https:\/\/www.webdo.tn\/fr\/","logo":{"@type":"ImageObject","inLanguage":"fr-FR","@id":"https:\/\/www.webdo.tn\/fr\/#\/schema\/logo\/image\/","url":"https:\/\/www.webdo.tn\/fr\/wp-content\/uploads\/2025\/06\/Webdo-Tunisie_168377.jpg","contentUrl":"https:\/\/www.webdo.tn\/fr\/wp-content\/uploads\/2025\/06\/Webdo-Tunisie_168377.jpg","width":301,"height":301,"caption":"Webdo"},"image":{"@id":"https:\/\/www.webdo.tn\/fr\/#\/schema\/logo\/image\/"},"sameAs":["https:\/\/www.facebook.com\/webdotn","https:\/\/x.com\/webdo_tn"],"description":"Webdo est un m\u00e9dia num\u00e9rique tunisien fond\u00e9 en 2010, sp\u00e9cialis\u00e9 dans l\u2019actualit\u00e9 nationale et internationale, l\u2019\u00e9conomie, la soci\u00e9t\u00e9 et les analyses politiques. Le site s\u2019adresse \u00e0 un large public francophone et couvre l\u2019information tunisienne en temps r\u00e9el.","email":"redac@webdo.tn","legalName":"YNJ SARL","foundingDate":"2010-09-06","numberOfEmployees":{"@type":"QuantitativeValue","minValue":"11","maxValue":"50"}},{"@type":"Person","@id":"https:\/\/www.webdo.tn\/fr\/#\/schema\/person\/b9ecde7a5574cb4fcf4b496ea5fadb15","name":"Wided Belhaj","image":{"@type":"ImageObject","inLanguage":"fr-FR","@id":"https:\/\/www.webdo.tn\/fr\/wp-content\/uploads\/2026\/04\/wided-belhaj_avatar-96x96.jpg","url":"https:\/\/www.webdo.tn\/fr\/wp-content\/uploads\/2026\/04\/wided-belhaj_avatar-96x96.jpg","contentUrl":"https:\/\/www.webdo.tn\/fr\/wp-content\/uploads\/2026\/04\/wided-belhaj_avatar-96x96.jpg","caption":"Wided Belhaj"},"description":"Wided Belhaj est le pseudonyme \u00e9ditorial utilis\u00e9 par Khalil Jelassi, journaliste, ma\u00eetre-assistant \u00e0 l\u2019Institut de presse et des sciences de l\u2019information (IPSI) et chercheur en sciences de l\u2019information et de la communication. Cette signature est d\u00e9di\u00e9e \u00e0 l\u2019analyse des m\u00e9dias, des pratiques journalistiques et des mutations de l\u2019information \u00e0 l\u2019\u00e8re digitale. \u00c0 travers ses contributions, Wided Belhaj propose une lecture analytique de l\u2019actualit\u00e9, en croisant regard critique et expertise acad\u00e9mique.","knowsAbout":["m\u00e9dias","journalisme","communication","information","transformation num\u00e9rique","analyse des m\u00e9dias"],"knowsLanguage":["Fran\u00e7ais","Arabe"],"jobTitle":"Webdo.tn","worksFor":"Journaliste \u2013 Analyse des m\u00e9dias","url":"https:\/\/www.webdo.tn\/fr\/actualite\/author\/wided-belhaj\/"}]}},"_links":{"self":[{"href":"https:\/\/www.webdo.tn\/fr\/wp-json\/wp\/v2\/posts\/377409","targetHints":{"allow":["GET"]}}],"collection":[{"href":"https:\/\/www.webdo.tn\/fr\/wp-json\/wp\/v2\/posts"}],"about":[{"href":"https:\/\/www.webdo.tn\/fr\/wp-json\/wp\/v2\/types\/post"}],"author":[{"embeddable":true,"href":"https:\/\/www.webdo.tn\/fr\/wp-json\/wp\/v2\/users\/3184"}],"replies":[{"embeddable":true,"href":"https:\/\/www.webdo.tn\/fr\/wp-json\/wp\/v2\/comments?post=377409"}],"version-history":[{"count":0,"href":"https:\/\/www.webdo.tn\/fr\/wp-json\/wp\/v2\/posts\/377409\/revisions"}],"wp:featuredmedia":[{"embeddable":true,"href":"https:\/\/www.webdo.tn\/fr\/wp-json\/wp\/v2\/media\/377410"}],"wp:attachment":[{"href":"https:\/\/www.webdo.tn\/fr\/wp-json\/wp\/v2\/media?parent=377409"}],"wp:term":[{"taxonomy":"category","embeddable":true,"href":"https:\/\/www.webdo.tn\/fr\/wp-json\/wp\/v2\/categories?post=377409"},{"taxonomy":"post_tag","embeddable":true,"href":"https:\/\/www.webdo.tn\/fr\/wp-json\/wp\/v2\/tags?post=377409"}],"curies":[{"name":"wp","href":"https:\/\/api.w.org\/{rel}","templated":true}]}}