{"id":377406,"date":"2025-06-13T18:37:58","date_gmt":"2025-06-13T17:37:58","guid":{"rendered":"https:\/\/www.webdo.tn\/fr\/?p=377406"},"modified":"2025-06-14T09:00:33","modified_gmt":"2025-06-14T08:00:33","slug":"tunisie-une-premiere-operation-pilote-pour-les-batiments-menacant-ruine","status":"publish","type":"post","link":"https:\/\/www.webdo.tn\/fr\/actualite\/national\/tunisie-une-premiere-operation-pilote-pour-les-batiments-menacant-ruine\/377406\/","title":{"rendered":"Tunisie : Une premi\u00e8re op\u00e9ration pilote pour les b\u00e2timents mena\u00e7ant ruine"},"content":{"rendered":"\n<p><\/p>\n\n\n\n<p><strong>Le ministre de l\u2019\u00c9quipement, Salah Zouari, a annonc\u00e9 vendredi 13 juin 2025 que la premi\u00e8re op\u00e9ration pilote pour l\u2019application de la loi sur les b\u00e2timents mena\u00e7ant ruine sera lanc\u00e9e avant la fin de l\u2019ann\u00e9e. Cette annonce a \u00e9t\u00e9 faite lors d\u2019une s\u00e9ance de dialogue tenue au Conseil national des r\u00e9gions et des districts, dans le cadre d\u2019un plan strat\u00e9gique compos\u00e9 de huit objectifs pour revitaliser le secteur du logement en Tunisie.<\/strong><\/p>\n\n\n\n<p>Le ministre a qualifi\u00e9 cette loi d\u2019\u00ab extr\u00eamement importante \u00bb, affirmant que ses m\u00e9canismes d\u2019ex\u00e9cution ont \u00e9t\u00e9 d\u00e9finis et que sa mise en \u0153uvre commencera d\u00e8s 2025, avec une poursuite sur les ann\u00e9es suivantes. L\u2019objectif affich\u00e9 est de <strong>garantir un logement d\u00e9cent \u00e0 tous les Tunisiens<\/strong>, notamment en r\u00e9habilitant les b\u00e2tis d\u00e9grad\u00e9s ou dangereux dans les zones urbaines.<\/p>\n\n\n\n<h3 class=\"wp-block-heading\" id=\"h-\"><\/h3>\n\n\n\n<p>Dans le m\u00eame cadre, Salah Zouari a exprim\u00e9 son optimisme quant \u00e0 la mont\u00e9e en puissance du <strong>programme du premier logement<\/strong>, une initiative permettant aux primo-acc\u00e9dants d\u2019acheter un bien avec un appui de l\u2019\u00c9tat. Selon lui, les <strong>nouvelles mesures introduites en 2025<\/strong> devraient encourager un plus grand nombre de citoyens \u00e0 en b\u00e9n\u00e9ficier, en particulier les jeunes couples et les classes moyennes.<\/p>\n\n\n\n<h3 class=\"wp-block-heading\" id=\"h-\"><\/h3>\n\n\n\n<p>Autre annonce phare : <strong>l\u2019Agence fonci\u00e8re d\u2019habitation<\/strong> (AFH) entamera, \u00e0 partir de <strong>2026<\/strong>, la mise \u00e0 disposition de <strong>lots sociaux<\/strong> dans le cadre d\u2019un <strong>programme sp\u00e9cial<\/strong>. Il s\u2019agit de terrains appartenant \u00e0 l\u2019\u00c9tat, pr\u00e9lev\u00e9s du <strong>patrimoine foncier public<\/strong>, et qui seront destin\u00e9s \u00e0 la construction de logements \u00e0 co\u00fbt mod\u00e9r\u00e9, accessibles aux familles \u00e0 revenu modeste.<\/p>\n\n\n\n<h3 class=\"wp-block-heading\" id=\"h-\"><\/h3>\n\n\n\n<p>Le ministre a \u00e9galement mis en avant l\u2019activation prochaine du <strong>m\u00e9canisme de la location-accession<\/strong>, consid\u00e9r\u00e9 comme le pilier principal de la strat\u00e9gie adopt\u00e9e par la Tunisie pour relancer le secteur. Ce syst\u00e8me permettra aux citoyens de <strong>louer un logement dans un premier temps, puis de le devenir propri\u00e9taires<\/strong> progressivement. Il s\u2019agit d\u2019une solution pens\u00e9e pour contourner la flamb\u00e9e des loyers et faciliter l\u2019acc\u00e8s au logement, surtout pour les m\u00e9nages \u00e0 faible revenu.<\/p>\n\n\n\n<p>Salah Zouari a insist\u00e9 sur le fait que cette approche contribuera \u00e0 <strong>r\u00e9habiliter le r\u00f4le social des promoteurs publics<\/strong> dans le secteur immobilier, un r\u00f4le qui s\u2019\u00e9tait consid\u00e9rablement affaibli au fil des d\u00e9cennies. Elle vise aussi \u00e0 r\u00e9pondre aux besoins urgents des citoyens, dans un contexte de crise du logement et de pression urbaine croissante.<\/p>\n\n\n\n<p><\/p>\n","protected":false},"excerpt":{"rendered":"<p>Le ministre de l\u2019\u00c9quipement, Salah Zouari, a annonc\u00e9 vendredi 13 juin 2025 que la premi\u00e8re op\u00e9ration pilote pour l\u2019application de la loi sur les b\u00e2timents mena\u00e7ant ruine sera lanc\u00e9e avant la fin de l\u2019ann\u00e9e. Cette annonce a \u00e9t\u00e9 faite lors d\u2019une s\u00e9ance de dialogue tenue au Conseil national des r\u00e9gions et des districts, dans le [&hellip;]<\/p>\n","protected":false},"author":3184,"featured_media":377407,"comment_status":"open","ping_status":"open","sticky":false,"template":"","format":"standard","meta":{"footnotes":""},"categories":[44],"tags":[3064,2608],"class_list":["post-377406","post","type-post","status-publish","format-standard","has-post-thumbnail","hentry","category-national","tag-batiment","tag-tunisie"],"yoast_head":"<!-- This site is optimized with the Yoast SEO Premium plugin v27.5 (Yoast SEO v27.5) - https:\/\/yoast.com\/product\/yoast-seo-premium-wordpress\/ -->\n<title>Tunisie : Une premi\u00e8re op\u00e9ration pilote pour les b\u00e2timents mena\u00e7ant ruine - webdo<\/title>\n<meta name=\"description\" content=\"D\u00e9couvrez la nouvelle loi sur les b\u00e2timents mena\u00e7ant ruine et son impact sur le secteur du logement en Tunisie.\" \/>\n<link rel=\"canonical\" href=\"https:\/\/www.webdo.tn\/fr\/actualite\/national\/tunisie-une-premiere-operation-pilote-pour-les-batiments-menacant-ruine\/377406\/\" \/>\n<meta property=\"og:locale\" content=\"fr_FR\" \/>\n<meta property=\"og:type\" content=\"article\" \/>\n<meta property=\"og:title\" content=\"Tunisie : Une premi\u00e8re op\u00e9ration pilote pour les b\u00e2timents mena\u00e7ant ruine\" \/>\n<meta property=\"og:description\" content=\"D\u00e9couvrez la nouvelle loi sur les b\u00e2timents mena\u00e7ant ruine et son impact sur le secteur du logement en Tunisie.\" \/>\n<meta property=\"og:url\" content=\"https:\/\/www.webdo.tn\/fr\/actualite\/national\/tunisie-une-premiere-operation-pilote-pour-les-batiments-menacant-ruine\/377406\/\" \/>\n<meta property=\"og:site_name\" content=\"webdo\" \/>\n<meta property=\"article:publisher\" content=\"https:\/\/www.facebook.com\/webdotn\" \/>\n<meta property=\"article:published_time\" content=\"2025-06-13T17:37:58+00:00\" \/>\n<meta property=\"article:modified_time\" content=\"2025-06-14T08:00:33+00:00\" \/>\n<meta property=\"og:image\" content=\"https:\/\/www.webdo.tn\/fr\/wp-content\/uploads\/2025\/06\/immeubles-menacant-850x491-1.jpg\" \/>\n\t<meta property=\"og:image:width\" content=\"850\" \/>\n\t<meta property=\"og:image:height\" content=\"491\" \/>\n\t<meta property=\"og:image:type\" content=\"image\/jpeg\" \/>\n<meta name=\"author\" content=\"Wided Belhaj\" \/>\n<meta name=\"twitter:card\" content=\"summary_large_image\" \/>\n<meta name=\"twitter:creator\" content=\"@webdo_tn\" \/>\n<meta name=\"twitter:site\" content=\"@webdo_tn\" \/>\n<meta name=\"twitter:label1\" content=\"\u00c9crit par\" \/>\n\t<meta name=\"twitter:data1\" content=\"Wided Belhaj\" \/>\n\t<meta name=\"twitter:label2\" content=\"Dur\u00e9e de lecture estim\u00e9e\" \/>\n\t<meta name=\"twitter:data2\" content=\"3 minutes\" \/>\n<script type=\"application\/ld+json\" class=\"yoast-schema-graph\">{\"@context\":\"https:\\\/\\\/schema.org\",\"@graph\":[{\"@type\":\"NewsArticle\",\"@id\":\"https:\\\/\\\/www.webdo.tn\\\/fr\\\/actualite\\\/national\\\/tunisie-une-premiere-operation-pilote-pour-les-batiments-menacant-ruine\\\/377406\\\/#article\",\"isPartOf\":{\"@id\":\"https:\\\/\\\/www.webdo.tn\\\/fr\\\/actualite\\\/national\\\/tunisie-une-premiere-operation-pilote-pour-les-batiments-menacant-ruine\\\/377406\\\/\"},\"author\":{\"name\":\"Wided Belhaj\",\"@id\":\"https:\\\/\\\/www.webdo.tn\\\/fr\\\/#\\\/schema\\\/person\\\/b9ecde7a5574cb4fcf4b496ea5fadb15\"},\"headline\":\"Tunisie : Une premi\u00e8re op\u00e9ration pilote pour les b\u00e2timents mena\u00e7ant ruine\",\"datePublished\":\"2025-06-13T17:37:58+00:00\",\"dateModified\":\"2025-06-14T08:00:33+00:00\",\"mainEntityOfPage\":{\"@id\":\"https:\\\/\\\/www.webdo.tn\\\/fr\\\/actualite\\\/national\\\/tunisie-une-premiere-operation-pilote-pour-les-batiments-menacant-ruine\\\/377406\\\/\"},\"wordCount\":436,\"commentCount\":0,\"publisher\":{\"@id\":\"https:\\\/\\\/www.webdo.tn\\\/fr\\\/#organization\"},\"image\":{\"@id\":\"https:\\\/\\\/www.webdo.tn\\\/fr\\\/actualite\\\/national\\\/tunisie-une-premiere-operation-pilote-pour-les-batiments-menacant-ruine\\\/377406\\\/#primaryimage\"},\"thumbnailUrl\":\"https:\\\/\\\/www.webdo.tn\\\/fr\\\/wp-content\\\/uploads\\\/2025\\\/06\\\/immeubles-menacant-850x491-1.jpg\",\"keywords\":[\"b\u00e2timent\",\"Tunisie\"],\"articleSection\":[\"National\"],\"inLanguage\":\"fr-FR\"},{\"@type\":\"WebPage\",\"@id\":\"https:\\\/\\\/www.webdo.tn\\\/fr\\\/actualite\\\/national\\\/tunisie-une-premiere-operation-pilote-pour-les-batiments-menacant-ruine\\\/377406\\\/\",\"url\":\"https:\\\/\\\/www.webdo.tn\\\/fr\\\/actualite\\\/national\\\/tunisie-une-premiere-operation-pilote-pour-les-batiments-menacant-ruine\\\/377406\\\/\",\"name\":\"Tunisie : Une premi\u00e8re op\u00e9ration pilote pour les b\u00e2timents mena\u00e7ant ruine - webdo\",\"isPartOf\":{\"@id\":\"https:\\\/\\\/www.webdo.tn\\\/fr\\\/#website\"},\"primaryImageOfPage\":{\"@id\":\"https:\\\/\\\/www.webdo.tn\\\/fr\\\/actualite\\\/national\\\/tunisie-une-premiere-operation-pilote-pour-les-batiments-menacant-ruine\\\/377406\\\/#primaryimage\"},\"image\":{\"@id\":\"https:\\\/\\\/www.webdo.tn\\\/fr\\\/actualite\\\/national\\\/tunisie-une-premiere-operation-pilote-pour-les-batiments-menacant-ruine\\\/377406\\\/#primaryimage\"},\"thumbnailUrl\":\"https:\\\/\\\/www.webdo.tn\\\/fr\\\/wp-content\\\/uploads\\\/2025\\\/06\\\/immeubles-menacant-850x491-1.jpg\",\"datePublished\":\"2025-06-13T17:37:58+00:00\",\"dateModified\":\"2025-06-14T08:00:33+00:00\",\"description\":\"D\u00e9couvrez la nouvelle loi sur les b\u00e2timents mena\u00e7ant ruine et son impact sur le secteur du logement en Tunisie.\",\"breadcrumb\":{\"@id\":\"https:\\\/\\\/www.webdo.tn\\\/fr\\\/actualite\\\/national\\\/tunisie-une-premiere-operation-pilote-pour-les-batiments-menacant-ruine\\\/377406\\\/#breadcrumb\"},\"inLanguage\":\"fr-FR\",\"potentialAction\":[{\"@type\":\"ReadAction\",\"target\":[\"https:\\\/\\\/www.webdo.tn\\\/fr\\\/actualite\\\/national\\\/tunisie-une-premiere-operation-pilote-pour-les-batiments-menacant-ruine\\\/377406\\\/\"]}]},{\"@type\":\"ImageObject\",\"inLanguage\":\"fr-FR\",\"@id\":\"https:\\\/\\\/www.webdo.tn\\\/fr\\\/actualite\\\/national\\\/tunisie-une-premiere-operation-pilote-pour-les-batiments-menacant-ruine\\\/377406\\\/#primaryimage\",\"url\":\"https:\\\/\\\/www.webdo.tn\\\/fr\\\/wp-content\\\/uploads\\\/2025\\\/06\\\/immeubles-menacant-850x491-1.jpg\",\"contentUrl\":\"https:\\\/\\\/www.webdo.tn\\\/fr\\\/wp-content\\\/uploads\\\/2025\\\/06\\\/immeubles-menacant-850x491-1.jpg\",\"width\":850,\"height\":491},{\"@type\":\"BreadcrumbList\",\"@id\":\"https:\\\/\\\/www.webdo.tn\\\/fr\\\/actualite\\\/national\\\/tunisie-une-premiere-operation-pilote-pour-les-batiments-menacant-ruine\\\/377406\\\/#breadcrumb\",\"itemListElement\":[{\"@type\":\"ListItem\",\"position\":1,\"name\":\"Accueil\",\"item\":\"https:\\\/\\\/www.webdo.tn\\\/fr\\\/\"},{\"@type\":\"ListItem\",\"position\":2,\"name\":\"Tunisie : Une premi\u00e8re op\u00e9ration pilote pour les b\u00e2timents mena\u00e7ant ruine\"}]},{\"@type\":\"WebSite\",\"@id\":\"https:\\\/\\\/www.webdo.tn\\\/fr\\\/#website\",\"url\":\"https:\\\/\\\/www.webdo.tn\\\/fr\\\/\",\"name\":\"webdo\",\"description\":\"Tunisie - News en Tunisie et \u00e0 l&#039;international sur Webdo.tn\",\"publisher\":{\"@id\":\"https:\\\/\\\/www.webdo.tn\\\/fr\\\/#organization\"},\"potentialAction\":[{\"@type\":\"SearchAction\",\"target\":{\"@type\":\"EntryPoint\",\"urlTemplate\":\"https:\\\/\\\/www.webdo.tn\\\/fr\\\/?s={search_term_string}\"},\"query-input\":{\"@type\":\"PropertyValueSpecification\",\"valueRequired\":true,\"valueName\":\"search_term_string\"}}],\"inLanguage\":\"fr-FR\"},{\"@type\":\"Organization\",\"@id\":\"https:\\\/\\\/www.webdo.tn\\\/fr\\\/#organization\",\"name\":\"Webdo\",\"alternateName\":\"Webdo.tn\",\"url\":\"https:\\\/\\\/www.webdo.tn\\\/fr\\\/\",\"logo\":{\"@type\":\"ImageObject\",\"inLanguage\":\"fr-FR\",\"@id\":\"https:\\\/\\\/www.webdo.tn\\\/fr\\\/#\\\/schema\\\/logo\\\/image\\\/\",\"url\":\"https:\\\/\\\/www.webdo.tn\\\/fr\\\/wp-content\\\/uploads\\\/2025\\\/06\\\/Webdo-Tunisie_168377.jpg\",\"contentUrl\":\"https:\\\/\\\/www.webdo.tn\\\/fr\\\/wp-content\\\/uploads\\\/2025\\\/06\\\/Webdo-Tunisie_168377.jpg\",\"width\":301,\"height\":301,\"caption\":\"Webdo\"},\"image\":{\"@id\":\"https:\\\/\\\/www.webdo.tn\\\/fr\\\/#\\\/schema\\\/logo\\\/image\\\/\"},\"sameAs\":[\"https:\\\/\\\/www.facebook.com\\\/webdotn\",\"https:\\\/\\\/x.com\\\/webdo_tn\"],\"description\":\"Webdo est un m\u00e9dia num\u00e9rique tunisien fond\u00e9 en 2010, sp\u00e9cialis\u00e9 dans l\u2019actualit\u00e9 nationale et internationale, l\u2019\u00e9conomie, la soci\u00e9t\u00e9 et les analyses politiques. Le site s\u2019adresse \u00e0 un large public francophone et couvre l\u2019information tunisienne en temps r\u00e9el.\",\"email\":\"redac@webdo.tn\",\"legalName\":\"YNJ SARL\",\"foundingDate\":\"2010-09-06\",\"numberOfEmployees\":{\"@type\":\"QuantitativeValue\",\"minValue\":\"11\",\"maxValue\":\"50\"}},{\"@type\":\"Person\",\"@id\":\"https:\\\/\\\/www.webdo.tn\\\/fr\\\/#\\\/schema\\\/person\\\/b9ecde7a5574cb4fcf4b496ea5fadb15\",\"name\":\"Wided Belhaj\",\"image\":{\"@type\":\"ImageObject\",\"inLanguage\":\"fr-FR\",\"@id\":\"https:\\\/\\\/www.webdo.tn\\\/fr\\\/wp-content\\\/uploads\\\/2026\\\/04\\\/wided-belhaj_avatar-96x96.jpg\",\"url\":\"https:\\\/\\\/www.webdo.tn\\\/fr\\\/wp-content\\\/uploads\\\/2026\\\/04\\\/wided-belhaj_avatar-96x96.jpg\",\"contentUrl\":\"https:\\\/\\\/www.webdo.tn\\\/fr\\\/wp-content\\\/uploads\\\/2026\\\/04\\\/wided-belhaj_avatar-96x96.jpg\",\"caption\":\"Wided Belhaj\"},\"description\":\"Wided Belhaj est le pseudonyme \u00e9ditorial utilis\u00e9 par Khalil Jelassi, journaliste, ma\u00eetre-assistant \u00e0 l\u2019Institut de presse et des sciences de l\u2019information (IPSI) et chercheur en sciences de l\u2019information et de la communication. Cette signature est d\u00e9di\u00e9e \u00e0 l\u2019analyse des m\u00e9dias, des pratiques journalistiques et des mutations de l\u2019information \u00e0 l\u2019\u00e8re digitale. \u00c0 travers ses contributions, Wided Belhaj propose une lecture analytique de l\u2019actualit\u00e9, en croisant regard critique et expertise acad\u00e9mique.\",\"knowsAbout\":[\"m\u00e9dias\",\"journalisme\",\"communication\",\"information\",\"transformation num\u00e9rique\",\"analyse des m\u00e9dias\"],\"knowsLanguage\":[\"Fran\u00e7ais\",\"Arabe\"],\"jobTitle\":\"Webdo.tn\",\"worksFor\":\"Journaliste \u2013 Analyse des m\u00e9dias\",\"url\":\"https:\\\/\\\/www.webdo.tn\\\/fr\\\/actualite\\\/author\\\/wided-belhaj\\\/\"}]}<\/script>\n<!-- \/ Yoast SEO Premium plugin. -->","yoast_head_json":{"title":"Tunisie : Une premi\u00e8re op\u00e9ration pilote pour les b\u00e2timents mena\u00e7ant ruine - webdo","description":"D\u00e9couvrez la nouvelle loi sur les b\u00e2timents mena\u00e7ant ruine et son impact sur le secteur du logement en Tunisie.","canonical":"https:\/\/www.webdo.tn\/fr\/actualite\/national\/tunisie-une-premiere-operation-pilote-pour-les-batiments-menacant-ruine\/377406\/","og_locale":"fr_FR","og_type":"article","og_title":"Tunisie : Une premi\u00e8re op\u00e9ration pilote pour les b\u00e2timents mena\u00e7ant ruine","og_description":"D\u00e9couvrez la nouvelle loi sur les b\u00e2timents mena\u00e7ant ruine et son impact sur le secteur du logement en Tunisie.","og_url":"https:\/\/www.webdo.tn\/fr\/actualite\/national\/tunisie-une-premiere-operation-pilote-pour-les-batiments-menacant-ruine\/377406\/","og_site_name":"webdo","article_publisher":"https:\/\/www.facebook.com\/webdotn","article_published_time":"2025-06-13T17:37:58+00:00","article_modified_time":"2025-06-14T08:00:33+00:00","og_image":[{"width":850,"height":491,"url":"https:\/\/www.webdo.tn\/fr\/wp-content\/uploads\/2025\/06\/immeubles-menacant-850x491-1.jpg","type":"image\/jpeg"}],"author":"Wided Belhaj","twitter_card":"summary_large_image","twitter_creator":"@webdo_tn","twitter_site":"@webdo_tn","twitter_misc":{"\u00c9crit par":"Wided Belhaj","Dur\u00e9e de lecture estim\u00e9e":"3 minutes"},"schema":{"@context":"https:\/\/schema.org","@graph":[{"@type":"NewsArticle","@id":"https:\/\/www.webdo.tn\/fr\/actualite\/national\/tunisie-une-premiere-operation-pilote-pour-les-batiments-menacant-ruine\/377406\/#article","isPartOf":{"@id":"https:\/\/www.webdo.tn\/fr\/actualite\/national\/tunisie-une-premiere-operation-pilote-pour-les-batiments-menacant-ruine\/377406\/"},"author":{"name":"Wided Belhaj","@id":"https:\/\/www.webdo.tn\/fr\/#\/schema\/person\/b9ecde7a5574cb4fcf4b496ea5fadb15"},"headline":"Tunisie : Une premi\u00e8re op\u00e9ration pilote pour les b\u00e2timents mena\u00e7ant ruine","datePublished":"2025-06-13T17:37:58+00:00","dateModified":"2025-06-14T08:00:33+00:00","mainEntityOfPage":{"@id":"https:\/\/www.webdo.tn\/fr\/actualite\/national\/tunisie-une-premiere-operation-pilote-pour-les-batiments-menacant-ruine\/377406\/"},"wordCount":436,"commentCount":0,"publisher":{"@id":"https:\/\/www.webdo.tn\/fr\/#organization"},"image":{"@id":"https:\/\/www.webdo.tn\/fr\/actualite\/national\/tunisie-une-premiere-operation-pilote-pour-les-batiments-menacant-ruine\/377406\/#primaryimage"},"thumbnailUrl":"https:\/\/www.webdo.tn\/fr\/wp-content\/uploads\/2025\/06\/immeubles-menacant-850x491-1.jpg","keywords":["b\u00e2timent","Tunisie"],"articleSection":["National"],"inLanguage":"fr-FR"},{"@type":"WebPage","@id":"https:\/\/www.webdo.tn\/fr\/actualite\/national\/tunisie-une-premiere-operation-pilote-pour-les-batiments-menacant-ruine\/377406\/","url":"https:\/\/www.webdo.tn\/fr\/actualite\/national\/tunisie-une-premiere-operation-pilote-pour-les-batiments-menacant-ruine\/377406\/","name":"Tunisie : Une premi\u00e8re op\u00e9ration pilote pour les b\u00e2timents mena\u00e7ant ruine - webdo","isPartOf":{"@id":"https:\/\/www.webdo.tn\/fr\/#website"},"primaryImageOfPage":{"@id":"https:\/\/www.webdo.tn\/fr\/actualite\/national\/tunisie-une-premiere-operation-pilote-pour-les-batiments-menacant-ruine\/377406\/#primaryimage"},"image":{"@id":"https:\/\/www.webdo.tn\/fr\/actualite\/national\/tunisie-une-premiere-operation-pilote-pour-les-batiments-menacant-ruine\/377406\/#primaryimage"},"thumbnailUrl":"https:\/\/www.webdo.tn\/fr\/wp-content\/uploads\/2025\/06\/immeubles-menacant-850x491-1.jpg","datePublished":"2025-06-13T17:37:58+00:00","dateModified":"2025-06-14T08:00:33+00:00","description":"D\u00e9couvrez la nouvelle loi sur les b\u00e2timents mena\u00e7ant ruine et son impact sur le secteur du logement en Tunisie.","breadcrumb":{"@id":"https:\/\/www.webdo.tn\/fr\/actualite\/national\/tunisie-une-premiere-operation-pilote-pour-les-batiments-menacant-ruine\/377406\/#breadcrumb"},"inLanguage":"fr-FR","potentialAction":[{"@type":"ReadAction","target":["https:\/\/www.webdo.tn\/fr\/actualite\/national\/tunisie-une-premiere-operation-pilote-pour-les-batiments-menacant-ruine\/377406\/"]}]},{"@type":"ImageObject","inLanguage":"fr-FR","@id":"https:\/\/www.webdo.tn\/fr\/actualite\/national\/tunisie-une-premiere-operation-pilote-pour-les-batiments-menacant-ruine\/377406\/#primaryimage","url":"https:\/\/www.webdo.tn\/fr\/wp-content\/uploads\/2025\/06\/immeubles-menacant-850x491-1.jpg","contentUrl":"https:\/\/www.webdo.tn\/fr\/wp-content\/uploads\/2025\/06\/immeubles-menacant-850x491-1.jpg","width":850,"height":491},{"@type":"BreadcrumbList","@id":"https:\/\/www.webdo.tn\/fr\/actualite\/national\/tunisie-une-premiere-operation-pilote-pour-les-batiments-menacant-ruine\/377406\/#breadcrumb","itemListElement":[{"@type":"ListItem","position":1,"name":"Accueil","item":"https:\/\/www.webdo.tn\/fr\/"},{"@type":"ListItem","position":2,"name":"Tunisie : Une premi\u00e8re op\u00e9ration pilote pour les b\u00e2timents mena\u00e7ant ruine"}]},{"@type":"WebSite","@id":"https:\/\/www.webdo.tn\/fr\/#website","url":"https:\/\/www.webdo.tn\/fr\/","name":"webdo","description":"Tunisie - News en Tunisie et \u00e0 l&#039;international sur Webdo.tn","publisher":{"@id":"https:\/\/www.webdo.tn\/fr\/#organization"},"potentialAction":[{"@type":"SearchAction","target":{"@type":"EntryPoint","urlTemplate":"https:\/\/www.webdo.tn\/fr\/?s={search_term_string}"},"query-input":{"@type":"PropertyValueSpecification","valueRequired":true,"valueName":"search_term_string"}}],"inLanguage":"fr-FR"},{"@type":"Organization","@id":"https:\/\/www.webdo.tn\/fr\/#organization","name":"Webdo","alternateName":"Webdo.tn","url":"https:\/\/www.webdo.tn\/fr\/","logo":{"@type":"ImageObject","inLanguage":"fr-FR","@id":"https:\/\/www.webdo.tn\/fr\/#\/schema\/logo\/image\/","url":"https:\/\/www.webdo.tn\/fr\/wp-content\/uploads\/2025\/06\/Webdo-Tunisie_168377.jpg","contentUrl":"https:\/\/www.webdo.tn\/fr\/wp-content\/uploads\/2025\/06\/Webdo-Tunisie_168377.jpg","width":301,"height":301,"caption":"Webdo"},"image":{"@id":"https:\/\/www.webdo.tn\/fr\/#\/schema\/logo\/image\/"},"sameAs":["https:\/\/www.facebook.com\/webdotn","https:\/\/x.com\/webdo_tn"],"description":"Webdo est un m\u00e9dia num\u00e9rique tunisien fond\u00e9 en 2010, sp\u00e9cialis\u00e9 dans l\u2019actualit\u00e9 nationale et internationale, l\u2019\u00e9conomie, la soci\u00e9t\u00e9 et les analyses politiques. Le site s\u2019adresse \u00e0 un large public francophone et couvre l\u2019information tunisienne en temps r\u00e9el.","email":"redac@webdo.tn","legalName":"YNJ SARL","foundingDate":"2010-09-06","numberOfEmployees":{"@type":"QuantitativeValue","minValue":"11","maxValue":"50"}},{"@type":"Person","@id":"https:\/\/www.webdo.tn\/fr\/#\/schema\/person\/b9ecde7a5574cb4fcf4b496ea5fadb15","name":"Wided Belhaj","image":{"@type":"ImageObject","inLanguage":"fr-FR","@id":"https:\/\/www.webdo.tn\/fr\/wp-content\/uploads\/2026\/04\/wided-belhaj_avatar-96x96.jpg","url":"https:\/\/www.webdo.tn\/fr\/wp-content\/uploads\/2026\/04\/wided-belhaj_avatar-96x96.jpg","contentUrl":"https:\/\/www.webdo.tn\/fr\/wp-content\/uploads\/2026\/04\/wided-belhaj_avatar-96x96.jpg","caption":"Wided Belhaj"},"description":"Wided Belhaj est le pseudonyme \u00e9ditorial utilis\u00e9 par Khalil Jelassi, journaliste, ma\u00eetre-assistant \u00e0 l\u2019Institut de presse et des sciences de l\u2019information (IPSI) et chercheur en sciences de l\u2019information et de la communication. Cette signature est d\u00e9di\u00e9e \u00e0 l\u2019analyse des m\u00e9dias, des pratiques journalistiques et des mutations de l\u2019information \u00e0 l\u2019\u00e8re digitale. \u00c0 travers ses contributions, Wided Belhaj propose une lecture analytique de l\u2019actualit\u00e9, en croisant regard critique et expertise acad\u00e9mique.","knowsAbout":["m\u00e9dias","journalisme","communication","information","transformation num\u00e9rique","analyse des m\u00e9dias"],"knowsLanguage":["Fran\u00e7ais","Arabe"],"jobTitle":"Webdo.tn","worksFor":"Journaliste \u2013 Analyse des m\u00e9dias","url":"https:\/\/www.webdo.tn\/fr\/actualite\/author\/wided-belhaj\/"}]}},"_links":{"self":[{"href":"https:\/\/www.webdo.tn\/fr\/wp-json\/wp\/v2\/posts\/377406","targetHints":{"allow":["GET"]}}],"collection":[{"href":"https:\/\/www.webdo.tn\/fr\/wp-json\/wp\/v2\/posts"}],"about":[{"href":"https:\/\/www.webdo.tn\/fr\/wp-json\/wp\/v2\/types\/post"}],"author":[{"embeddable":true,"href":"https:\/\/www.webdo.tn\/fr\/wp-json\/wp\/v2\/users\/3184"}],"replies":[{"embeddable":true,"href":"https:\/\/www.webdo.tn\/fr\/wp-json\/wp\/v2\/comments?post=377406"}],"version-history":[{"count":0,"href":"https:\/\/www.webdo.tn\/fr\/wp-json\/wp\/v2\/posts\/377406\/revisions"}],"wp:featuredmedia":[{"embeddable":true,"href":"https:\/\/www.webdo.tn\/fr\/wp-json\/wp\/v2\/media\/377407"}],"wp:attachment":[{"href":"https:\/\/www.webdo.tn\/fr\/wp-json\/wp\/v2\/media?parent=377406"}],"wp:term":[{"taxonomy":"category","embeddable":true,"href":"https:\/\/www.webdo.tn\/fr\/wp-json\/wp\/v2\/categories?post=377406"},{"taxonomy":"post_tag","embeddable":true,"href":"https:\/\/www.webdo.tn\/fr\/wp-json\/wp\/v2\/tags?post=377406"}],"curies":[{"name":"wp","href":"https:\/\/api.w.org\/{rel}","templated":true}]}}