{"id":377402,"date":"2025-06-13T17:57:35","date_gmt":"2025-06-13T16:57:35","guid":{"rendered":"https:\/\/www.webdo.tn\/fr\/?p=377402"},"modified":"2025-06-14T09:00:52","modified_gmt":"2025-06-14T08:00:52","slug":"tunisie-remaniement-a-la-tete-de-deux-entreprises-publiques-industrielles","status":"publish","type":"post","link":"https:\/\/www.webdo.tn\/fr\/actualite\/national\/tunisie-remaniement-a-la-tete-de-deux-entreprises-publiques-industrielles\/377402\/","title":{"rendered":"Tunisie : Remaniement \u00e0 la t\u00eate de deux entreprises publiques industrielles"},"content":{"rendered":"\n<p><\/p>\n\n\n\n<p><strong>Le minist\u00e8re de l\u2019Industrie, des Mines et de l\u2019\u00c9nergie a annonc\u00e9, dans un communiqu\u00e9 publi\u00e9 ce vendredi 13 juin 2025, la nomination de nouveaux pr\u00e9sidents-directeurs g\u00e9n\u00e9raux \u00e0 la t\u00eate de deux importantes entreprises publiques op\u00e9rant dans le secteur industriel.<\/strong><\/p>\n\n\n\n<p>Il s\u2019agit de la Soci\u00e9t\u00e9 Ciments de Bizerte, fleuron historique de la production de ciment dans le nord du pays, et de la Soci\u00e9t\u00e9 tunisienne de sucre, acteur cl\u00e9 dans la transformation du sucre en Tunisie.<\/p>\n\n\n\n<p>Selon le communiqu\u00e9 officiel, Souheil Arfaoui a \u00e9t\u00e9 nomm\u00e9 PDG de la Soci\u00e9t\u00e9 Ciments de Bizerte, en remplacement de l\u2019ancienne direction. <\/p>\n\n\n\n<p>Quant \u00e0 la Soci\u00e9t\u00e9 tunisienne de sucre, c\u2019est Mohsen Boular\u00e8s qui prend les r\u00eanes de l\u2019entreprise en tant que nouveau pr\u00e9sident-directeur g\u00e9n\u00e9ral. <\/p>\n\n\n\n<p>Ces changements \u00e0 la t\u00eate des entreprises publiques interviennent dans le cadre plus large d\u2019une volont\u00e9 affich\u00e9e du gouvernement de r\u00e9former la gouvernance des soci\u00e9t\u00e9s publiques en difficult\u00e9 et de restaurer leur r\u00f4le strat\u00e9gique dans le tissu \u00e9conomique national. <\/p>\n\n\n\n<p>Ce mouvement s\u2019inscrit dans une s\u00e9rie de nominations et de restructurations entam\u00e9es depuis le d\u00e9but de l\u2019ann\u00e9e, touchant notamment les secteurs de l\u2019\u00e9nergie, des mines et de l\u2019agroalimentaire.<\/p>\n\n\n\n<p><\/p>\n\n\n\n<p><\/p>\n","protected":false},"excerpt":{"rendered":"<p>Le minist\u00e8re de l\u2019Industrie, des Mines et de l\u2019\u00c9nergie a annonc\u00e9, dans un communiqu\u00e9 publi\u00e9 ce vendredi 13 juin 2025, la nomination de nouveaux pr\u00e9sidents-directeurs g\u00e9n\u00e9raux \u00e0 la t\u00eate de deux importantes entreprises publiques op\u00e9rant dans le secteur industriel. Il s\u2019agit de la Soci\u00e9t\u00e9 Ciments de Bizerte, fleuron historique de la production de ciment dans [&hellip;]<\/p>\n","protected":false},"author":3184,"featured_media":377403,"comment_status":"open","ping_status":"open","sticky":false,"template":"","format":"standard","meta":{"footnotes":""},"categories":[44],"tags":[8495,3559,2608],"class_list":["post-377402","post","type-post","status-publish","format-standard","has-post-thumbnail","hentry","category-national","tag-energie-eolienne","tag-nomination","tag-tunisie"],"yoast_head":"<!-- This site is optimized with the Yoast SEO Premium plugin v27.4 (Yoast SEO v27.5) - https:\/\/yoast.com\/product\/yoast-seo-premium-wordpress\/ -->\n<title>Tunisie : Remaniement \u00e0 la t\u00eate de deux entreprises publiques industrielles - webdo<\/title>\n<meta name=\"description\" content=\"D\u00e9couvrez les nouvelles nominations au minist\u00e8re de l\u2019\u00c9nergie et de l&#039;Industrie. Souheil Arfaoui prend la t\u00eate de la Soci\u00e9t\u00e9 Ciments de Bizerte.\" \/>\n<link rel=\"canonical\" href=\"https:\/\/www.webdo.tn\/fr\/actualite\/national\/tunisie-remaniement-a-la-tete-de-deux-entreprises-publiques-industrielles\/377402\/\" \/>\n<meta property=\"og:locale\" content=\"fr_FR\" \/>\n<meta property=\"og:type\" content=\"article\" \/>\n<meta property=\"og:title\" content=\"Tunisie : Remaniement \u00e0 la t\u00eate de deux entreprises publiques industrielles\" \/>\n<meta property=\"og:description\" content=\"D\u00e9couvrez les nouvelles nominations au minist\u00e8re de l\u2019\u00c9nergie et de l&#039;Industrie. Souheil Arfaoui prend la t\u00eate de la Soci\u00e9t\u00e9 Ciments de Bizerte.\" \/>\n<meta property=\"og:url\" content=\"https:\/\/www.webdo.tn\/fr\/actualite\/national\/tunisie-remaniement-a-la-tete-de-deux-entreprises-publiques-industrielles\/377402\/\" \/>\n<meta property=\"og:site_name\" content=\"webdo\" \/>\n<meta property=\"article:publisher\" content=\"https:\/\/www.facebook.com\/webdotn\" \/>\n<meta property=\"article:published_time\" content=\"2025-06-13T16:57:35+00:00\" \/>\n<meta property=\"article:modified_time\" content=\"2025-06-14T08:00:52+00:00\" \/>\n<meta property=\"og:image\" content=\"https:\/\/www.webdo.tn\/fr\/wp-content\/uploads\/2025\/06\/506529728_1151752943421206_3063857972795035453_n.jpg\" \/>\n\t<meta property=\"og:image:width\" content=\"1080\" \/>\n\t<meta property=\"og:image:height\" content=\"485\" \/>\n\t<meta property=\"og:image:type\" content=\"image\/jpeg\" \/>\n<meta name=\"author\" content=\"Wided Belhaj\" \/>\n<meta name=\"twitter:card\" content=\"summary_large_image\" \/>\n<meta name=\"twitter:creator\" content=\"@webdo_tn\" \/>\n<meta name=\"twitter:site\" content=\"@webdo_tn\" \/>\n<meta name=\"twitter:label1\" content=\"\u00c9crit par\" \/>\n\t<meta name=\"twitter:data1\" content=\"Wided Belhaj\" \/>\n\t<meta name=\"twitter:label2\" content=\"Dur\u00e9e de lecture estim\u00e9e\" \/>\n\t<meta name=\"twitter:data2\" content=\"2 minutes\" \/>\n<script type=\"application\/ld+json\" class=\"yoast-schema-graph\">{\"@context\":\"https:\\\/\\\/schema.org\",\"@graph\":[{\"@type\":\"NewsArticle\",\"@id\":\"https:\\\/\\\/www.webdo.tn\\\/fr\\\/actualite\\\/national\\\/tunisie-remaniement-a-la-tete-de-deux-entreprises-publiques-industrielles\\\/377402\\\/#article\",\"isPartOf\":{\"@id\":\"https:\\\/\\\/www.webdo.tn\\\/fr\\\/actualite\\\/national\\\/tunisie-remaniement-a-la-tete-de-deux-entreprises-publiques-industrielles\\\/377402\\\/\"},\"author\":{\"name\":\"Wided Belhaj\",\"@id\":\"https:\\\/\\\/www.webdo.tn\\\/fr\\\/#\\\/schema\\\/person\\\/b9ecde7a5574cb4fcf4b496ea5fadb15\"},\"headline\":\"Tunisie : Remaniement \u00e0 la t\u00eate de deux entreprises publiques industrielles\",\"datePublished\":\"2025-06-13T16:57:35+00:00\",\"dateModified\":\"2025-06-14T08:00:52+00:00\",\"mainEntityOfPage\":{\"@id\":\"https:\\\/\\\/www.webdo.tn\\\/fr\\\/actualite\\\/national\\\/tunisie-remaniement-a-la-tete-de-deux-entreprises-publiques-industrielles\\\/377402\\\/\"},\"wordCount\":227,\"commentCount\":0,\"publisher\":{\"@id\":\"https:\\\/\\\/www.webdo.tn\\\/fr\\\/#organization\"},\"image\":{\"@id\":\"https:\\\/\\\/www.webdo.tn\\\/fr\\\/actualite\\\/national\\\/tunisie-remaniement-a-la-tete-de-deux-entreprises-publiques-industrielles\\\/377402\\\/#primaryimage\"},\"thumbnailUrl\":\"https:\\\/\\\/www.webdo.tn\\\/fr\\\/wp-content\\\/uploads\\\/2025\\\/06\\\/506529728_1151752943421206_3063857972795035453_n.jpg\",\"keywords\":[\"energie \u00e9olienne\",\"nomination\",\"Tunisie\"],\"articleSection\":[\"National\"],\"inLanguage\":\"fr-FR\"},{\"@type\":\"WebPage\",\"@id\":\"https:\\\/\\\/www.webdo.tn\\\/fr\\\/actualite\\\/national\\\/tunisie-remaniement-a-la-tete-de-deux-entreprises-publiques-industrielles\\\/377402\\\/\",\"url\":\"https:\\\/\\\/www.webdo.tn\\\/fr\\\/actualite\\\/national\\\/tunisie-remaniement-a-la-tete-de-deux-entreprises-publiques-industrielles\\\/377402\\\/\",\"name\":\"Tunisie : Remaniement \u00e0 la t\u00eate de deux entreprises publiques industrielles - webdo\",\"isPartOf\":{\"@id\":\"https:\\\/\\\/www.webdo.tn\\\/fr\\\/#website\"},\"primaryImageOfPage\":{\"@id\":\"https:\\\/\\\/www.webdo.tn\\\/fr\\\/actualite\\\/national\\\/tunisie-remaniement-a-la-tete-de-deux-entreprises-publiques-industrielles\\\/377402\\\/#primaryimage\"},\"image\":{\"@id\":\"https:\\\/\\\/www.webdo.tn\\\/fr\\\/actualite\\\/national\\\/tunisie-remaniement-a-la-tete-de-deux-entreprises-publiques-industrielles\\\/377402\\\/#primaryimage\"},\"thumbnailUrl\":\"https:\\\/\\\/www.webdo.tn\\\/fr\\\/wp-content\\\/uploads\\\/2025\\\/06\\\/506529728_1151752943421206_3063857972795035453_n.jpg\",\"datePublished\":\"2025-06-13T16:57:35+00:00\",\"dateModified\":\"2025-06-14T08:00:52+00:00\",\"description\":\"D\u00e9couvrez les nouvelles nominations au minist\u00e8re de l\u2019\u00c9nergie et de l'Industrie. Souheil Arfaoui prend la t\u00eate de la Soci\u00e9t\u00e9 Ciments de Bizerte.\",\"breadcrumb\":{\"@id\":\"https:\\\/\\\/www.webdo.tn\\\/fr\\\/actualite\\\/national\\\/tunisie-remaniement-a-la-tete-de-deux-entreprises-publiques-industrielles\\\/377402\\\/#breadcrumb\"},\"inLanguage\":\"fr-FR\",\"potentialAction\":[{\"@type\":\"ReadAction\",\"target\":[\"https:\\\/\\\/www.webdo.tn\\\/fr\\\/actualite\\\/national\\\/tunisie-remaniement-a-la-tete-de-deux-entreprises-publiques-industrielles\\\/377402\\\/\"]}]},{\"@type\":\"ImageObject\",\"inLanguage\":\"fr-FR\",\"@id\":\"https:\\\/\\\/www.webdo.tn\\\/fr\\\/actualite\\\/national\\\/tunisie-remaniement-a-la-tete-de-deux-entreprises-publiques-industrielles\\\/377402\\\/#primaryimage\",\"url\":\"https:\\\/\\\/www.webdo.tn\\\/fr\\\/wp-content\\\/uploads\\\/2025\\\/06\\\/506529728_1151752943421206_3063857972795035453_n.jpg\",\"contentUrl\":\"https:\\\/\\\/www.webdo.tn\\\/fr\\\/wp-content\\\/uploads\\\/2025\\\/06\\\/506529728_1151752943421206_3063857972795035453_n.jpg\",\"width\":1080,\"height\":485},{\"@type\":\"BreadcrumbList\",\"@id\":\"https:\\\/\\\/www.webdo.tn\\\/fr\\\/actualite\\\/national\\\/tunisie-remaniement-a-la-tete-de-deux-entreprises-publiques-industrielles\\\/377402\\\/#breadcrumb\",\"itemListElement\":[{\"@type\":\"ListItem\",\"position\":1,\"name\":\"Accueil\",\"item\":\"https:\\\/\\\/www.webdo.tn\\\/fr\\\/\"},{\"@type\":\"ListItem\",\"position\":2,\"name\":\"Tunisie : Remaniement \u00e0 la t\u00eate de deux entreprises publiques industrielles\"}]},{\"@type\":\"WebSite\",\"@id\":\"https:\\\/\\\/www.webdo.tn\\\/fr\\\/#website\",\"url\":\"https:\\\/\\\/www.webdo.tn\\\/fr\\\/\",\"name\":\"webdo\",\"description\":\"Tunisie - News en Tunisie et \u00e0 l&#039;international sur Webdo.tn\",\"publisher\":{\"@id\":\"https:\\\/\\\/www.webdo.tn\\\/fr\\\/#organization\"},\"potentialAction\":[{\"@type\":\"SearchAction\",\"target\":{\"@type\":\"EntryPoint\",\"urlTemplate\":\"https:\\\/\\\/www.webdo.tn\\\/fr\\\/?s={search_term_string}\"},\"query-input\":{\"@type\":\"PropertyValueSpecification\",\"valueRequired\":true,\"valueName\":\"search_term_string\"}}],\"inLanguage\":\"fr-FR\"},{\"@type\":\"Organization\",\"@id\":\"https:\\\/\\\/www.webdo.tn\\\/fr\\\/#organization\",\"name\":\"Webdo\",\"alternateName\":\"Webdo.tn\",\"url\":\"https:\\\/\\\/www.webdo.tn\\\/fr\\\/\",\"logo\":{\"@type\":\"ImageObject\",\"inLanguage\":\"fr-FR\",\"@id\":\"https:\\\/\\\/www.webdo.tn\\\/fr\\\/#\\\/schema\\\/logo\\\/image\\\/\",\"url\":\"https:\\\/\\\/www.webdo.tn\\\/fr\\\/wp-content\\\/uploads\\\/2025\\\/06\\\/Webdo-Tunisie_168377.jpg\",\"contentUrl\":\"https:\\\/\\\/www.webdo.tn\\\/fr\\\/wp-content\\\/uploads\\\/2025\\\/06\\\/Webdo-Tunisie_168377.jpg\",\"width\":301,\"height\":301,\"caption\":\"Webdo\"},\"image\":{\"@id\":\"https:\\\/\\\/www.webdo.tn\\\/fr\\\/#\\\/schema\\\/logo\\\/image\\\/\"},\"sameAs\":[\"https:\\\/\\\/www.facebook.com\\\/webdotn\",\"https:\\\/\\\/x.com\\\/webdo_tn\"],\"description\":\"Webdo est un m\u00e9dia num\u00e9rique tunisien fond\u00e9 en 2010, sp\u00e9cialis\u00e9 dans l\u2019actualit\u00e9 nationale et internationale, l\u2019\u00e9conomie, la soci\u00e9t\u00e9 et les analyses politiques. Le site s\u2019adresse \u00e0 un large public francophone et couvre l\u2019information tunisienne en temps r\u00e9el.\",\"email\":\"redac@webdo.tn\",\"legalName\":\"YNJ SARL\",\"foundingDate\":\"2010-09-06\",\"numberOfEmployees\":{\"@type\":\"QuantitativeValue\",\"minValue\":\"11\",\"maxValue\":\"50\"}},{\"@type\":\"Person\",\"@id\":\"https:\\\/\\\/www.webdo.tn\\\/fr\\\/#\\\/schema\\\/person\\\/b9ecde7a5574cb4fcf4b496ea5fadb15\",\"name\":\"Wided Belhaj\",\"image\":{\"@type\":\"ImageObject\",\"inLanguage\":\"fr-FR\",\"@id\":\"https:\\\/\\\/www.webdo.tn\\\/fr\\\/wp-content\\\/uploads\\\/2026\\\/04\\\/wided-belhaj_avatar-96x96.jpg\",\"url\":\"https:\\\/\\\/www.webdo.tn\\\/fr\\\/wp-content\\\/uploads\\\/2026\\\/04\\\/wided-belhaj_avatar-96x96.jpg\",\"contentUrl\":\"https:\\\/\\\/www.webdo.tn\\\/fr\\\/wp-content\\\/uploads\\\/2026\\\/04\\\/wided-belhaj_avatar-96x96.jpg\",\"caption\":\"Wided Belhaj\"},\"description\":\"Wided Belhaj est le pseudonyme \u00e9ditorial utilis\u00e9 par Khalil Jelassi, journaliste, ma\u00eetre-assistant \u00e0 l\u2019Institut de presse et des sciences de l\u2019information (IPSI) et chercheur en sciences de l\u2019information et de la communication. Cette signature est d\u00e9di\u00e9e \u00e0 l\u2019analyse des m\u00e9dias, des pratiques journalistiques et des mutations de l\u2019information \u00e0 l\u2019\u00e8re digitale. \u00c0 travers ses contributions, Wided Belhaj propose une lecture analytique de l\u2019actualit\u00e9, en croisant regard critique et expertise acad\u00e9mique.\",\"knowsAbout\":[\"m\u00e9dias\",\"journalisme\",\"communication\",\"information\",\"transformation num\u00e9rique\",\"analyse des m\u00e9dias\"],\"knowsLanguage\":[\"Fran\u00e7ais\",\"Arabe\"],\"jobTitle\":\"Webdo.tn\",\"worksFor\":\"Journaliste \u2013 Analyse des m\u00e9dias\",\"url\":\"https:\\\/\\\/www.webdo.tn\\\/fr\\\/actualite\\\/author\\\/wided-belhaj\\\/\"}]}<\/script>\n<!-- \/ Yoast SEO Premium plugin. -->","yoast_head_json":{"title":"Tunisie : Remaniement \u00e0 la t\u00eate de deux entreprises publiques industrielles - webdo","description":"D\u00e9couvrez les nouvelles nominations au minist\u00e8re de l\u2019\u00c9nergie et de l'Industrie. Souheil Arfaoui prend la t\u00eate de la Soci\u00e9t\u00e9 Ciments de Bizerte.","canonical":"https:\/\/www.webdo.tn\/fr\/actualite\/national\/tunisie-remaniement-a-la-tete-de-deux-entreprises-publiques-industrielles\/377402\/","og_locale":"fr_FR","og_type":"article","og_title":"Tunisie : Remaniement \u00e0 la t\u00eate de deux entreprises publiques industrielles","og_description":"D\u00e9couvrez les nouvelles nominations au minist\u00e8re de l\u2019\u00c9nergie et de l'Industrie. Souheil Arfaoui prend la t\u00eate de la Soci\u00e9t\u00e9 Ciments de Bizerte.","og_url":"https:\/\/www.webdo.tn\/fr\/actualite\/national\/tunisie-remaniement-a-la-tete-de-deux-entreprises-publiques-industrielles\/377402\/","og_site_name":"webdo","article_publisher":"https:\/\/www.facebook.com\/webdotn","article_published_time":"2025-06-13T16:57:35+00:00","article_modified_time":"2025-06-14T08:00:52+00:00","og_image":[{"width":1080,"height":485,"url":"https:\/\/www.webdo.tn\/fr\/wp-content\/uploads\/2025\/06\/506529728_1151752943421206_3063857972795035453_n.jpg","type":"image\/jpeg"}],"author":"Wided Belhaj","twitter_card":"summary_large_image","twitter_creator":"@webdo_tn","twitter_site":"@webdo_tn","twitter_misc":{"\u00c9crit par":"Wided Belhaj","Dur\u00e9e de lecture estim\u00e9e":"2 minutes"},"schema":{"@context":"https:\/\/schema.org","@graph":[{"@type":"NewsArticle","@id":"https:\/\/www.webdo.tn\/fr\/actualite\/national\/tunisie-remaniement-a-la-tete-de-deux-entreprises-publiques-industrielles\/377402\/#article","isPartOf":{"@id":"https:\/\/www.webdo.tn\/fr\/actualite\/national\/tunisie-remaniement-a-la-tete-de-deux-entreprises-publiques-industrielles\/377402\/"},"author":{"name":"Wided Belhaj","@id":"https:\/\/www.webdo.tn\/fr\/#\/schema\/person\/b9ecde7a5574cb4fcf4b496ea5fadb15"},"headline":"Tunisie : Remaniement \u00e0 la t\u00eate de deux entreprises publiques industrielles","datePublished":"2025-06-13T16:57:35+00:00","dateModified":"2025-06-14T08:00:52+00:00","mainEntityOfPage":{"@id":"https:\/\/www.webdo.tn\/fr\/actualite\/national\/tunisie-remaniement-a-la-tete-de-deux-entreprises-publiques-industrielles\/377402\/"},"wordCount":227,"commentCount":0,"publisher":{"@id":"https:\/\/www.webdo.tn\/fr\/#organization"},"image":{"@id":"https:\/\/www.webdo.tn\/fr\/actualite\/national\/tunisie-remaniement-a-la-tete-de-deux-entreprises-publiques-industrielles\/377402\/#primaryimage"},"thumbnailUrl":"https:\/\/www.webdo.tn\/fr\/wp-content\/uploads\/2025\/06\/506529728_1151752943421206_3063857972795035453_n.jpg","keywords":["energie \u00e9olienne","nomination","Tunisie"],"articleSection":["National"],"inLanguage":"fr-FR"},{"@type":"WebPage","@id":"https:\/\/www.webdo.tn\/fr\/actualite\/national\/tunisie-remaniement-a-la-tete-de-deux-entreprises-publiques-industrielles\/377402\/","url":"https:\/\/www.webdo.tn\/fr\/actualite\/national\/tunisie-remaniement-a-la-tete-de-deux-entreprises-publiques-industrielles\/377402\/","name":"Tunisie : Remaniement \u00e0 la t\u00eate de deux entreprises publiques industrielles - webdo","isPartOf":{"@id":"https:\/\/www.webdo.tn\/fr\/#website"},"primaryImageOfPage":{"@id":"https:\/\/www.webdo.tn\/fr\/actualite\/national\/tunisie-remaniement-a-la-tete-de-deux-entreprises-publiques-industrielles\/377402\/#primaryimage"},"image":{"@id":"https:\/\/www.webdo.tn\/fr\/actualite\/national\/tunisie-remaniement-a-la-tete-de-deux-entreprises-publiques-industrielles\/377402\/#primaryimage"},"thumbnailUrl":"https:\/\/www.webdo.tn\/fr\/wp-content\/uploads\/2025\/06\/506529728_1151752943421206_3063857972795035453_n.jpg","datePublished":"2025-06-13T16:57:35+00:00","dateModified":"2025-06-14T08:00:52+00:00","description":"D\u00e9couvrez les nouvelles nominations au minist\u00e8re de l\u2019\u00c9nergie et de l'Industrie. Souheil Arfaoui prend la t\u00eate de la Soci\u00e9t\u00e9 Ciments de Bizerte.","breadcrumb":{"@id":"https:\/\/www.webdo.tn\/fr\/actualite\/national\/tunisie-remaniement-a-la-tete-de-deux-entreprises-publiques-industrielles\/377402\/#breadcrumb"},"inLanguage":"fr-FR","potentialAction":[{"@type":"ReadAction","target":["https:\/\/www.webdo.tn\/fr\/actualite\/national\/tunisie-remaniement-a-la-tete-de-deux-entreprises-publiques-industrielles\/377402\/"]}]},{"@type":"ImageObject","inLanguage":"fr-FR","@id":"https:\/\/www.webdo.tn\/fr\/actualite\/national\/tunisie-remaniement-a-la-tete-de-deux-entreprises-publiques-industrielles\/377402\/#primaryimage","url":"https:\/\/www.webdo.tn\/fr\/wp-content\/uploads\/2025\/06\/506529728_1151752943421206_3063857972795035453_n.jpg","contentUrl":"https:\/\/www.webdo.tn\/fr\/wp-content\/uploads\/2025\/06\/506529728_1151752943421206_3063857972795035453_n.jpg","width":1080,"height":485},{"@type":"BreadcrumbList","@id":"https:\/\/www.webdo.tn\/fr\/actualite\/national\/tunisie-remaniement-a-la-tete-de-deux-entreprises-publiques-industrielles\/377402\/#breadcrumb","itemListElement":[{"@type":"ListItem","position":1,"name":"Accueil","item":"https:\/\/www.webdo.tn\/fr\/"},{"@type":"ListItem","position":2,"name":"Tunisie : Remaniement \u00e0 la t\u00eate de deux entreprises publiques industrielles"}]},{"@type":"WebSite","@id":"https:\/\/www.webdo.tn\/fr\/#website","url":"https:\/\/www.webdo.tn\/fr\/","name":"webdo","description":"Tunisie - News en Tunisie et \u00e0 l&#039;international sur Webdo.tn","publisher":{"@id":"https:\/\/www.webdo.tn\/fr\/#organization"},"potentialAction":[{"@type":"SearchAction","target":{"@type":"EntryPoint","urlTemplate":"https:\/\/www.webdo.tn\/fr\/?s={search_term_string}"},"query-input":{"@type":"PropertyValueSpecification","valueRequired":true,"valueName":"search_term_string"}}],"inLanguage":"fr-FR"},{"@type":"Organization","@id":"https:\/\/www.webdo.tn\/fr\/#organization","name":"Webdo","alternateName":"Webdo.tn","url":"https:\/\/www.webdo.tn\/fr\/","logo":{"@type":"ImageObject","inLanguage":"fr-FR","@id":"https:\/\/www.webdo.tn\/fr\/#\/schema\/logo\/image\/","url":"https:\/\/www.webdo.tn\/fr\/wp-content\/uploads\/2025\/06\/Webdo-Tunisie_168377.jpg","contentUrl":"https:\/\/www.webdo.tn\/fr\/wp-content\/uploads\/2025\/06\/Webdo-Tunisie_168377.jpg","width":301,"height":301,"caption":"Webdo"},"image":{"@id":"https:\/\/www.webdo.tn\/fr\/#\/schema\/logo\/image\/"},"sameAs":["https:\/\/www.facebook.com\/webdotn","https:\/\/x.com\/webdo_tn"],"description":"Webdo est un m\u00e9dia num\u00e9rique tunisien fond\u00e9 en 2010, sp\u00e9cialis\u00e9 dans l\u2019actualit\u00e9 nationale et internationale, l\u2019\u00e9conomie, la soci\u00e9t\u00e9 et les analyses politiques. Le site s\u2019adresse \u00e0 un large public francophone et couvre l\u2019information tunisienne en temps r\u00e9el.","email":"redac@webdo.tn","legalName":"YNJ SARL","foundingDate":"2010-09-06","numberOfEmployees":{"@type":"QuantitativeValue","minValue":"11","maxValue":"50"}},{"@type":"Person","@id":"https:\/\/www.webdo.tn\/fr\/#\/schema\/person\/b9ecde7a5574cb4fcf4b496ea5fadb15","name":"Wided Belhaj","image":{"@type":"ImageObject","inLanguage":"fr-FR","@id":"https:\/\/www.webdo.tn\/fr\/wp-content\/uploads\/2026\/04\/wided-belhaj_avatar-96x96.jpg","url":"https:\/\/www.webdo.tn\/fr\/wp-content\/uploads\/2026\/04\/wided-belhaj_avatar-96x96.jpg","contentUrl":"https:\/\/www.webdo.tn\/fr\/wp-content\/uploads\/2026\/04\/wided-belhaj_avatar-96x96.jpg","caption":"Wided Belhaj"},"description":"Wided Belhaj est le pseudonyme \u00e9ditorial utilis\u00e9 par Khalil Jelassi, journaliste, ma\u00eetre-assistant \u00e0 l\u2019Institut de presse et des sciences de l\u2019information (IPSI) et chercheur en sciences de l\u2019information et de la communication. Cette signature est d\u00e9di\u00e9e \u00e0 l\u2019analyse des m\u00e9dias, des pratiques journalistiques et des mutations de l\u2019information \u00e0 l\u2019\u00e8re digitale. \u00c0 travers ses contributions, Wided Belhaj propose une lecture analytique de l\u2019actualit\u00e9, en croisant regard critique et expertise acad\u00e9mique.","knowsAbout":["m\u00e9dias","journalisme","communication","information","transformation num\u00e9rique","analyse des m\u00e9dias"],"knowsLanguage":["Fran\u00e7ais","Arabe"],"jobTitle":"Webdo.tn","worksFor":"Journaliste \u2013 Analyse des m\u00e9dias","url":"https:\/\/www.webdo.tn\/fr\/actualite\/author\/wided-belhaj\/"}]}},"_links":{"self":[{"href":"https:\/\/www.webdo.tn\/fr\/wp-json\/wp\/v2\/posts\/377402","targetHints":{"allow":["GET"]}}],"collection":[{"href":"https:\/\/www.webdo.tn\/fr\/wp-json\/wp\/v2\/posts"}],"about":[{"href":"https:\/\/www.webdo.tn\/fr\/wp-json\/wp\/v2\/types\/post"}],"author":[{"embeddable":true,"href":"https:\/\/www.webdo.tn\/fr\/wp-json\/wp\/v2\/users\/3184"}],"replies":[{"embeddable":true,"href":"https:\/\/www.webdo.tn\/fr\/wp-json\/wp\/v2\/comments?post=377402"}],"version-history":[{"count":0,"href":"https:\/\/www.webdo.tn\/fr\/wp-json\/wp\/v2\/posts\/377402\/revisions"}],"wp:featuredmedia":[{"embeddable":true,"href":"https:\/\/www.webdo.tn\/fr\/wp-json\/wp\/v2\/media\/377403"}],"wp:attachment":[{"href":"https:\/\/www.webdo.tn\/fr\/wp-json\/wp\/v2\/media?parent=377402"}],"wp:term":[{"taxonomy":"category","embeddable":true,"href":"https:\/\/www.webdo.tn\/fr\/wp-json\/wp\/v2\/categories?post=377402"},{"taxonomy":"post_tag","embeddable":true,"href":"https:\/\/www.webdo.tn\/fr\/wp-json\/wp\/v2\/tags?post=377402"}],"curies":[{"name":"wp","href":"https:\/\/api.w.org\/{rel}","templated":true}]}}