{"id":377394,"date":"2025-06-13T15:22:45","date_gmt":"2025-06-13T14:22:45","guid":{"rendered":"https:\/\/www.webdo.tn\/fr\/?p=377394"},"modified":"2025-06-13T15:22:46","modified_gmt":"2025-06-13T14:22:46","slug":"liran-bombarde-la-strategie-du-choc-pour-un-changement-de-regime","status":"publish","type":"post","link":"https:\/\/www.webdo.tn\/fr\/actualite\/international\/liran-bombarde-la-strategie-du-choc-pour-un-changement-de-regime\/377394\/","title":{"rendered":"L\u2019Iran bombard\u00e9 : la strat\u00e9gie du choc pour un changement de r\u00e9gime ?"},"content":{"rendered":"\n<p>Au-del\u00e0 des cibles militaires et nucl\u00e9aires, les frappes isra\u00e9liennes en cours contre l\u2019Iran semblent viser le c\u0153ur m\u00eame du pouvoir \u00e0 T\u00e9h\u00e9ran. Selon plusieurs sources am\u00e9ricaines relay\u00e9es par CNN et <em>The New York Times<\/em>, l\u2019\u00c9tat h\u00e9breu n\u2019\u00e9carte plus l\u2019hypoth\u00e8se d\u2019un effondrement du r\u00e9gime, cons\u00e9cutif \u00e0 une guerre d\u2019usure savamment orchestr\u00e9e.<\/p>\n\n\n\n<p>Officiellement, Isra\u00ebl affirme vouloir emp\u00eacher l\u2019Iran de se doter de l\u2019arme nucl\u00e9aire. \u00ab Nous traitons d\u00e9sormais avec la t\u00eate du serpent \u00bb, a d\u00e9clar\u00e9 le ministre isra\u00e9lien de la D\u00e9fense, Israel Katz, vendredi 13 juin. Mais derri\u00e8re ce discours s\u00e9curitaire transpara\u00eet une strat\u00e9gie plus profonde : fragiliser durablement l\u2019\u00c9tat iranien pour forcer un tournant politique, voire institutionnel.<\/p>\n\n\n\n<p>Un rapport du renseignement am\u00e9ricain cit\u00e9 par CNN \u00e9voque le changement de r\u00e9gime comme une vis\u00e9e latente, persistante dans les cercles s\u00e9curitaires isra\u00e9liens. Bien que les frappes n\u2019aient pas officiellement cet objectif d\u00e9clar\u00e9, plusieurs responsables am\u00e9ricains estiment qu\u2019Isra\u00ebl voit dans l\u2019op\u00e9ration actuelle une opportunit\u00e9 historique.<\/p>\n\n\n\n<p>Selon le <em>New York Times<\/em>, les premi\u00e8res frappes ont vis\u00e9 des personnalit\u00e9s de premier plan au sein de l\u2019appareil militaire iranien : le chef d\u2019\u00e9tat-major Mohammad Bagheri, le commandant des Gardiens de la R\u00e9volution Hossein Salami et plusieurs g\u00e9n\u00e9raux auraient \u00e9t\u00e9 tu\u00e9s. Cette attaque cibl\u00e9e, au c\u0153ur m\u00eame de T\u00e9h\u00e9ran, aurait d\u00e9sorganis\u00e9 la cha\u00eene de commandement, sans pr\u00e9c\u00e9dent depuis la guerre Iran-Irak.<\/p>\n\n\n\n<h2 class=\"wp-block-heading\" id=\"h-une-logique-de-negociation-sous-les-bombes\">Une logique de n\u00e9gociation sous les bombes<\/h2>\n\n\n\n<p>La s\u00e9quence actuelle semble s\u2019inscrire dans une tactique dite des \u00ab pourparlers sous les bombes \u00bb : intensifier la pression militaire pour forcer l\u2019adversaire \u00e0 la table des n\u00e9gociations dans une posture de faiblesse. T\u00e9h\u00e9ran doit justement reprendre prochainement des discussions indirectes avec Washington sur le dossier nucl\u00e9aire. Pour un analyste proche des services de renseignement am\u00e9ricains, \u00ab plus le r\u00e9gime est occup\u00e9 \u00e0 contenir les incendies internes, plus il devient perm\u00e9able aux concessions externes \u00bb.<\/p>\n\n\n\n<p>L\u2019administration Trump, selon plusieurs fuites, avait \u00e9t\u00e9 inform\u00e9e \u00e0 l\u2019avance du plan isra\u00e9lien, sans pour autant y apporter un soutien militaire direct. Cette posture ambigu\u00eb refl\u00e8te les divisions strat\u00e9giques \u00e0 Washington sur la gestion du dossier iranien.<\/p>\n\n\n\n<h3 class=\"wp-block-heading\" id=\"h-des-precedents-historiques-contrastes\">Des pr\u00e9c\u00e9dents historiques contrast\u00e9s<\/h3>\n\n\n\n<p>Ce type de strat\u00e9gie n\u2019est pas sans pr\u00e9c\u00e9dent. Depuis la fin de la Seconde Guerre mondiale, les \u00c9tats-Unis ont tent\u00e9 \u00e0 plusieurs reprises de provoquer des changements de r\u00e9gime dans la r\u00e9gion. En Iran m\u00eame, la CIA avait orchestr\u00e9 en 1953 l\u2019op\u00e9ration Ajax, renversant le Premier ministre Mohammad Mossadegh. Mais les tentatives plus r\u00e9centes illustrent la complexit\u00e9 \u2014 voire l\u2019\u00e9chec \u2014 de telles entreprises.<\/p>\n\n\n\n<h3 class=\"wp-block-heading\" id=\"h-irak-libye-syrie-des-resultats-ambigus\">Irak, Libye, Syrie : des r\u00e9sultats ambigus<\/h3>\n\n\n\n<p>L\u2019invasion de l\u2019Irak en 2003, motiv\u00e9e par la crainte d\u2019armes de destruction massive, a certes conduit \u00e0 la chute de Saddam Hussein, mais au prix d\u2019un effondrement institutionnel, de la mont\u00e9e du terrorisme et d\u2019une instabilit\u00e9 r\u00e9gionale durable.<\/p>\n\n\n\n<p>La Libye, en 2011, a connu une trajectoire similaire : l\u2019intervention internationale contre le r\u00e9gime de Kadhafi a d\u00e9bouch\u00e9 sur un chaos prolong\u00e9, avec un \u00c9tat failli et des milices rivales.<\/p>\n\n\n\n<p>En Syrie, malgr\u00e9 un long si\u00e8ge international et des pressions militaires indirectes, le r\u00e9gime de Bachar al-Assad a r\u00e9sist\u00e9 plus de dix ans avant de s\u2019effondrer brutalement en d\u00e9cembre 2024, \u00e0 la suite d\u2019une offensive rebelle inattendue. Cette chute tardive montre que m\u00eame les r\u00e9gimes les plus enracin\u00e9s peuvent finir par vaciller\u2026 ou se maintenir contre toute attente.<\/p>\n\n\n\n<h3 class=\"wp-block-heading\" id=\"h-un-pari-strategique-risque\">Un pari strat\u00e9gique risqu\u00e9<\/h3>\n\n\n\n<p>Pour Isra\u00ebl, l\u2019option d\u2019un effondrement contr\u00f4l\u00e9 du r\u00e9gime iranien para\u00eet s\u00e9duisante. L\u2019\u00c9tat h\u00e9breu esp\u00e8re peut-\u00eatre reproduire, \u00e0 une \u00e9chelle bien plus grande, la dynamique observ\u00e9e au Liban : les frappes de 2024 contre le Hezbollah avaient affaibli durablement son emprise politique.<\/p>\n\n\n\n<p>Mais ce pari reste \u00e0 haut risque. L\u2019Iran dispose encore d\u2019un appareil s\u00e9curitaire r\u00e9silient et d\u2019une base sociale mobilisable en cas de menace ext\u00e9rieure. L\u2019effet de \u00ab ralliement autour du drapeau \u00bb pourrait paradoxalement renforcer le r\u00e9gime face \u00e0 une agression \u00e9trang\u00e8re.<\/p>\n\n\n\n<p>Le Guide supr\u00eame Ali Khamenei a d\u00e9j\u00e0 promis une riposte \u00ab douloureuse et irr\u00e9versible \u00bb. Une escalade directe \u2014 voire un embrasement r\u00e9gional \u2014 reste possible si T\u00e9h\u00e9ran choisit la confrontation au lieu de la n\u00e9gociation.<\/p>\n","protected":false},"excerpt":{"rendered":"<p>Au-del\u00e0 des cibles militaires et nucl\u00e9aires, les frappes isra\u00e9liennes en cours contre l\u2019Iran semblent viser le c\u0153ur m\u00eame du pouvoir \u00e0 T\u00e9h\u00e9ran. Selon plusieurs sources am\u00e9ricaines relay\u00e9es par CNN et The New York Times, l\u2019\u00c9tat h\u00e9breu n\u2019\u00e9carte plus l\u2019hypoth\u00e8se d\u2019un effondrement du r\u00e9gime, cons\u00e9cutif \u00e0 une guerre d\u2019usure savamment orchestr\u00e9e. Officiellement, Isra\u00ebl affirme vouloir emp\u00eacher [&hellip;]<\/p>\n","protected":false},"author":3203,"featured_media":377396,"comment_status":"open","ping_status":"open","sticky":false,"template":"","format":"standard","meta":{"footnotes":""},"categories":[2598],"tags":[5512,5202,2912,3061],"class_list":["post-377394","post","type-post","status-publish","format-standard","has-post-thumbnail","hentry","category-international","tag-ali-khamenei","tag-bombardement","tag-iran","tag-usa"],"yoast_head":"<!-- This site is optimized with the Yoast SEO Premium plugin v27.5 (Yoast SEO v27.5) - https:\/\/yoast.com\/product\/yoast-seo-premium-wordpress\/ -->\n<title>L\u2019Iran bombard\u00e9 : la strat\u00e9gie du choc pour un changement de r\u00e9gime ? - webdo<\/title>\n<meta name=\"description\" content=\"Explorez L\u2019Iran bombard\u00e9 : la strat\u00e9gie du choc pour un changement de r\u00e9gime ? et ses implications pour le pouvoir \u00e0 T\u00e9h\u00e9ran.\" \/>\n<link rel=\"canonical\" href=\"https:\/\/www.webdo.tn\/fr\/actualite\/international\/liran-bombarde-la-strategie-du-choc-pour-un-changement-de-regime\/377394\/\" \/>\n<meta property=\"og:locale\" content=\"fr_FR\" \/>\n<meta property=\"og:type\" content=\"article\" \/>\n<meta property=\"og:title\" content=\"L\u2019Iran bombard\u00e9 : la strat\u00e9gie du choc pour un changement de r\u00e9gime ?\" \/>\n<meta property=\"og:description\" content=\"Explorez L\u2019Iran bombard\u00e9 : la strat\u00e9gie du choc pour un changement de r\u00e9gime ? et ses implications pour le pouvoir \u00e0 T\u00e9h\u00e9ran.\" \/>\n<meta property=\"og:url\" content=\"https:\/\/www.webdo.tn\/fr\/actualite\/international\/liran-bombarde-la-strategie-du-choc-pour-un-changement-de-regime\/377394\/\" \/>\n<meta property=\"og:site_name\" content=\"webdo\" \/>\n<meta property=\"article:publisher\" content=\"https:\/\/www.facebook.com\/webdotn\" \/>\n<meta property=\"article:published_time\" content=\"2025-06-13T14:22:45+00:00\" \/>\n<meta property=\"article:modified_time\" content=\"2025-06-13T14:22:46+00:00\" \/>\n<meta property=\"og:image\" content=\"https:\/\/www.webdo.tn\/fr\/wp-content\/uploads\/2025\/06\/khamenei.webp\" \/>\n\t<meta property=\"og:image:width\" content=\"1600\" \/>\n\t<meta property=\"og:image:height\" content=\"900\" \/>\n\t<meta property=\"og:image:type\" content=\"image\/webp\" \/>\n<meta name=\"author\" content=\"Ramzi Haddad\" \/>\n<meta name=\"twitter:card\" content=\"summary_large_image\" \/>\n<meta name=\"twitter:creator\" content=\"@webdo_tn\" \/>\n<meta name=\"twitter:site\" content=\"@webdo_tn\" \/>\n<meta name=\"twitter:label1\" content=\"\u00c9crit par\" \/>\n\t<meta name=\"twitter:data1\" content=\"Ramzi Haddad\" \/>\n\t<meta name=\"twitter:label2\" content=\"Dur\u00e9e de lecture estim\u00e9e\" \/>\n\t<meta name=\"twitter:data2\" content=\"4 minutes\" \/>\n<script type=\"application\/ld+json\" class=\"yoast-schema-graph\">{\"@context\":\"https:\\\/\\\/schema.org\",\"@graph\":[{\"@type\":\"NewsArticle\",\"@id\":\"https:\\\/\\\/www.webdo.tn\\\/fr\\\/actualite\\\/international\\\/liran-bombarde-la-strategie-du-choc-pour-un-changement-de-regime\\\/377394\\\/#article\",\"isPartOf\":{\"@id\":\"https:\\\/\\\/www.webdo.tn\\\/fr\\\/actualite\\\/international\\\/liran-bombarde-la-strategie-du-choc-pour-un-changement-de-regime\\\/377394\\\/\"},\"author\":{\"name\":\"Ramzi Haddad\",\"@id\":\"https:\\\/\\\/www.webdo.tn\\\/fr\\\/#\\\/schema\\\/person\\\/5663044c25eb36d8f88ba5b653f12f8c\"},\"headline\":\"L\u2019Iran bombard\u00e9 : la strat\u00e9gie du choc pour un changement de r\u00e9gime ?\",\"datePublished\":\"2025-06-13T14:22:45+00:00\",\"dateModified\":\"2025-06-13T14:22:46+00:00\",\"mainEntityOfPage\":{\"@id\":\"https:\\\/\\\/www.webdo.tn\\\/fr\\\/actualite\\\/international\\\/liran-bombarde-la-strategie-du-choc-pour-un-changement-de-regime\\\/377394\\\/\"},\"wordCount\":779,\"commentCount\":0,\"publisher\":{\"@id\":\"https:\\\/\\\/www.webdo.tn\\\/fr\\\/#organization\"},\"image\":{\"@id\":\"https:\\\/\\\/www.webdo.tn\\\/fr\\\/actualite\\\/international\\\/liran-bombarde-la-strategie-du-choc-pour-un-changement-de-regime\\\/377394\\\/#primaryimage\"},\"thumbnailUrl\":\"https:\\\/\\\/www.webdo.tn\\\/fr\\\/wp-content\\\/uploads\\\/2025\\\/06\\\/khamenei.webp\",\"keywords\":[\"Ali Khamenei\",\"bombardement\",\"Iran\",\"USA\"],\"articleSection\":[\"International\"],\"inLanguage\":\"fr-FR\"},{\"@type\":\"WebPage\",\"@id\":\"https:\\\/\\\/www.webdo.tn\\\/fr\\\/actualite\\\/international\\\/liran-bombarde-la-strategie-du-choc-pour-un-changement-de-regime\\\/377394\\\/\",\"url\":\"https:\\\/\\\/www.webdo.tn\\\/fr\\\/actualite\\\/international\\\/liran-bombarde-la-strategie-du-choc-pour-un-changement-de-regime\\\/377394\\\/\",\"name\":\"L\u2019Iran bombard\u00e9 : la strat\u00e9gie du choc pour un changement de r\u00e9gime ? - webdo\",\"isPartOf\":{\"@id\":\"https:\\\/\\\/www.webdo.tn\\\/fr\\\/#website\"},\"primaryImageOfPage\":{\"@id\":\"https:\\\/\\\/www.webdo.tn\\\/fr\\\/actualite\\\/international\\\/liran-bombarde-la-strategie-du-choc-pour-un-changement-de-regime\\\/377394\\\/#primaryimage\"},\"image\":{\"@id\":\"https:\\\/\\\/www.webdo.tn\\\/fr\\\/actualite\\\/international\\\/liran-bombarde-la-strategie-du-choc-pour-un-changement-de-regime\\\/377394\\\/#primaryimage\"},\"thumbnailUrl\":\"https:\\\/\\\/www.webdo.tn\\\/fr\\\/wp-content\\\/uploads\\\/2025\\\/06\\\/khamenei.webp\",\"datePublished\":\"2025-06-13T14:22:45+00:00\",\"dateModified\":\"2025-06-13T14:22:46+00:00\",\"description\":\"Explorez L\u2019Iran bombard\u00e9 : la strat\u00e9gie du choc pour un changement de r\u00e9gime ? et ses implications pour le pouvoir \u00e0 T\u00e9h\u00e9ran.\",\"breadcrumb\":{\"@id\":\"https:\\\/\\\/www.webdo.tn\\\/fr\\\/actualite\\\/international\\\/liran-bombarde-la-strategie-du-choc-pour-un-changement-de-regime\\\/377394\\\/#breadcrumb\"},\"inLanguage\":\"fr-FR\",\"potentialAction\":[{\"@type\":\"ReadAction\",\"target\":[\"https:\\\/\\\/www.webdo.tn\\\/fr\\\/actualite\\\/international\\\/liran-bombarde-la-strategie-du-choc-pour-un-changement-de-regime\\\/377394\\\/\"]}]},{\"@type\":\"ImageObject\",\"inLanguage\":\"fr-FR\",\"@id\":\"https:\\\/\\\/www.webdo.tn\\\/fr\\\/actualite\\\/international\\\/liran-bombarde-la-strategie-du-choc-pour-un-changement-de-regime\\\/377394\\\/#primaryimage\",\"url\":\"https:\\\/\\\/www.webdo.tn\\\/fr\\\/wp-content\\\/uploads\\\/2025\\\/06\\\/khamenei.webp\",\"contentUrl\":\"https:\\\/\\\/www.webdo.tn\\\/fr\\\/wp-content\\\/uploads\\\/2025\\\/06\\\/khamenei.webp\",\"width\":1600,\"height\":900,\"caption\":\"Ali Khamenei est le guide supr\u00eame d'Iran depuis 1989, succ\u00e9dant \u00e0 l'Ayatollah Khomeini.\"},{\"@type\":\"BreadcrumbList\",\"@id\":\"https:\\\/\\\/www.webdo.tn\\\/fr\\\/actualite\\\/international\\\/liran-bombarde-la-strategie-du-choc-pour-un-changement-de-regime\\\/377394\\\/#breadcrumb\",\"itemListElement\":[{\"@type\":\"ListItem\",\"position\":1,\"name\":\"Accueil\",\"item\":\"https:\\\/\\\/www.webdo.tn\\\/fr\\\/\"},{\"@type\":\"ListItem\",\"position\":2,\"name\":\"L\u2019Iran bombard\u00e9 : la strat\u00e9gie du choc pour un changement de r\u00e9gime ?\"}]},{\"@type\":\"WebSite\",\"@id\":\"https:\\\/\\\/www.webdo.tn\\\/fr\\\/#website\",\"url\":\"https:\\\/\\\/www.webdo.tn\\\/fr\\\/\",\"name\":\"webdo\",\"description\":\"Tunisie - News en Tunisie et \u00e0 l&#039;international sur Webdo.tn\",\"publisher\":{\"@id\":\"https:\\\/\\\/www.webdo.tn\\\/fr\\\/#organization\"},\"potentialAction\":[{\"@type\":\"SearchAction\",\"target\":{\"@type\":\"EntryPoint\",\"urlTemplate\":\"https:\\\/\\\/www.webdo.tn\\\/fr\\\/?s={search_term_string}\"},\"query-input\":{\"@type\":\"PropertyValueSpecification\",\"valueRequired\":true,\"valueName\":\"search_term_string\"}}],\"inLanguage\":\"fr-FR\"},{\"@type\":\"Organization\",\"@id\":\"https:\\\/\\\/www.webdo.tn\\\/fr\\\/#organization\",\"name\":\"Webdo\",\"alternateName\":\"Webdo.tn\",\"url\":\"https:\\\/\\\/www.webdo.tn\\\/fr\\\/\",\"logo\":{\"@type\":\"ImageObject\",\"inLanguage\":\"fr-FR\",\"@id\":\"https:\\\/\\\/www.webdo.tn\\\/fr\\\/#\\\/schema\\\/logo\\\/image\\\/\",\"url\":\"https:\\\/\\\/www.webdo.tn\\\/fr\\\/wp-content\\\/uploads\\\/2025\\\/06\\\/Webdo-Tunisie_168377.jpg\",\"contentUrl\":\"https:\\\/\\\/www.webdo.tn\\\/fr\\\/wp-content\\\/uploads\\\/2025\\\/06\\\/Webdo-Tunisie_168377.jpg\",\"width\":301,\"height\":301,\"caption\":\"Webdo\"},\"image\":{\"@id\":\"https:\\\/\\\/www.webdo.tn\\\/fr\\\/#\\\/schema\\\/logo\\\/image\\\/\"},\"sameAs\":[\"https:\\\/\\\/www.facebook.com\\\/webdotn\",\"https:\\\/\\\/x.com\\\/webdo_tn\"],\"description\":\"Webdo est un m\u00e9dia num\u00e9rique tunisien fond\u00e9 en 2010, sp\u00e9cialis\u00e9 dans l\u2019actualit\u00e9 nationale et internationale, l\u2019\u00e9conomie, la soci\u00e9t\u00e9 et les analyses politiques. Le site s\u2019adresse \u00e0 un large public francophone et couvre l\u2019information tunisienne en temps r\u00e9el.\",\"email\":\"redac@webdo.tn\",\"legalName\":\"YNJ SARL\",\"foundingDate\":\"2010-09-06\",\"numberOfEmployees\":{\"@type\":\"QuantitativeValue\",\"minValue\":\"11\",\"maxValue\":\"50\"}},{\"@type\":\"Person\",\"@id\":\"https:\\\/\\\/www.webdo.tn\\\/fr\\\/#\\\/schema\\\/person\\\/5663044c25eb36d8f88ba5b653f12f8c\",\"name\":\"Ramzi Haddad\",\"image\":{\"@type\":\"ImageObject\",\"inLanguage\":\"fr-FR\",\"@id\":\"https:\\\/\\\/www.webdo.tn\\\/fr\\\/wp-content\\\/uploads\\\/2026\\\/04\\\/ramzi-haddad_avatar-96x96.jpg\",\"url\":\"https:\\\/\\\/www.webdo.tn\\\/fr\\\/wp-content\\\/uploads\\\/2026\\\/04\\\/ramzi-haddad_avatar-96x96.jpg\",\"contentUrl\":\"https:\\\/\\\/www.webdo.tn\\\/fr\\\/wp-content\\\/uploads\\\/2026\\\/04\\\/ramzi-haddad_avatar-96x96.jpg\",\"caption\":\"Ramzi Haddad\"},\"description\":\"Signature \u00e9ditoriale de Walid Ben Youssef Ramzi Haddad est le pseudonyme \u00e9ditorial de Walid Ben Youssef, fondateur et g\u00e9rant de Webdo.tn. Cette signature est d\u00e9di\u00e9e \u00e0 la couverture de l'actualit\u00e9 nationale et internationale, ainsi qu'aux analyses des dynamiques num\u00e9riques. Ce profil b\u00e9n\u00e9ficie de l'expertise de Walid Ben Youssef, pionnier du web en Tunisie depuis 2000 et dipl\u00f4m\u00e9 en Math\u00e9matiques pures de l'Universit\u00e9 d'Oregon. \u00c0 travers cette signature, la r\u00e9daction de Webdo garantit une information structur\u00e9e et v\u00e9rifi\u00e9e, fid\u00e8le aux standards journalistiques du m\u00e9dia.\",\"url\":\"https:\\\/\\\/www.webdo.tn\\\/fr\\\/actualite\\\/author\\\/ramzi-haddad\\\/\"}]}<\/script>\n<!-- \/ Yoast SEO Premium plugin. -->","yoast_head_json":{"title":"L\u2019Iran bombard\u00e9 : la strat\u00e9gie du choc pour un changement de r\u00e9gime ? - webdo","description":"Explorez L\u2019Iran bombard\u00e9 : la strat\u00e9gie du choc pour un changement de r\u00e9gime ? et ses implications pour le pouvoir \u00e0 T\u00e9h\u00e9ran.","canonical":"https:\/\/www.webdo.tn\/fr\/actualite\/international\/liran-bombarde-la-strategie-du-choc-pour-un-changement-de-regime\/377394\/","og_locale":"fr_FR","og_type":"article","og_title":"L\u2019Iran bombard\u00e9 : la strat\u00e9gie du choc pour un changement de r\u00e9gime ?","og_description":"Explorez L\u2019Iran bombard\u00e9 : la strat\u00e9gie du choc pour un changement de r\u00e9gime ? et ses implications pour le pouvoir \u00e0 T\u00e9h\u00e9ran.","og_url":"https:\/\/www.webdo.tn\/fr\/actualite\/international\/liran-bombarde-la-strategie-du-choc-pour-un-changement-de-regime\/377394\/","og_site_name":"webdo","article_publisher":"https:\/\/www.facebook.com\/webdotn","article_published_time":"2025-06-13T14:22:45+00:00","article_modified_time":"2025-06-13T14:22:46+00:00","og_image":[{"width":1600,"height":900,"url":"https:\/\/www.webdo.tn\/fr\/wp-content\/uploads\/2025\/06\/khamenei.webp","type":"image\/webp"}],"author":"Ramzi Haddad","twitter_card":"summary_large_image","twitter_creator":"@webdo_tn","twitter_site":"@webdo_tn","twitter_misc":{"\u00c9crit par":"Ramzi Haddad","Dur\u00e9e de lecture estim\u00e9e":"4 minutes"},"schema":{"@context":"https:\/\/schema.org","@graph":[{"@type":"NewsArticle","@id":"https:\/\/www.webdo.tn\/fr\/actualite\/international\/liran-bombarde-la-strategie-du-choc-pour-un-changement-de-regime\/377394\/#article","isPartOf":{"@id":"https:\/\/www.webdo.tn\/fr\/actualite\/international\/liran-bombarde-la-strategie-du-choc-pour-un-changement-de-regime\/377394\/"},"author":{"name":"Ramzi Haddad","@id":"https:\/\/www.webdo.tn\/fr\/#\/schema\/person\/5663044c25eb36d8f88ba5b653f12f8c"},"headline":"L\u2019Iran bombard\u00e9 : la strat\u00e9gie du choc pour un changement de r\u00e9gime ?","datePublished":"2025-06-13T14:22:45+00:00","dateModified":"2025-06-13T14:22:46+00:00","mainEntityOfPage":{"@id":"https:\/\/www.webdo.tn\/fr\/actualite\/international\/liran-bombarde-la-strategie-du-choc-pour-un-changement-de-regime\/377394\/"},"wordCount":779,"commentCount":0,"publisher":{"@id":"https:\/\/www.webdo.tn\/fr\/#organization"},"image":{"@id":"https:\/\/www.webdo.tn\/fr\/actualite\/international\/liran-bombarde-la-strategie-du-choc-pour-un-changement-de-regime\/377394\/#primaryimage"},"thumbnailUrl":"https:\/\/www.webdo.tn\/fr\/wp-content\/uploads\/2025\/06\/khamenei.webp","keywords":["Ali Khamenei","bombardement","Iran","USA"],"articleSection":["International"],"inLanguage":"fr-FR"},{"@type":"WebPage","@id":"https:\/\/www.webdo.tn\/fr\/actualite\/international\/liran-bombarde-la-strategie-du-choc-pour-un-changement-de-regime\/377394\/","url":"https:\/\/www.webdo.tn\/fr\/actualite\/international\/liran-bombarde-la-strategie-du-choc-pour-un-changement-de-regime\/377394\/","name":"L\u2019Iran bombard\u00e9 : la strat\u00e9gie du choc pour un changement de r\u00e9gime ? - webdo","isPartOf":{"@id":"https:\/\/www.webdo.tn\/fr\/#website"},"primaryImageOfPage":{"@id":"https:\/\/www.webdo.tn\/fr\/actualite\/international\/liran-bombarde-la-strategie-du-choc-pour-un-changement-de-regime\/377394\/#primaryimage"},"image":{"@id":"https:\/\/www.webdo.tn\/fr\/actualite\/international\/liran-bombarde-la-strategie-du-choc-pour-un-changement-de-regime\/377394\/#primaryimage"},"thumbnailUrl":"https:\/\/www.webdo.tn\/fr\/wp-content\/uploads\/2025\/06\/khamenei.webp","datePublished":"2025-06-13T14:22:45+00:00","dateModified":"2025-06-13T14:22:46+00:00","description":"Explorez L\u2019Iran bombard\u00e9 : la strat\u00e9gie du choc pour un changement de r\u00e9gime ? et ses implications pour le pouvoir \u00e0 T\u00e9h\u00e9ran.","breadcrumb":{"@id":"https:\/\/www.webdo.tn\/fr\/actualite\/international\/liran-bombarde-la-strategie-du-choc-pour-un-changement-de-regime\/377394\/#breadcrumb"},"inLanguage":"fr-FR","potentialAction":[{"@type":"ReadAction","target":["https:\/\/www.webdo.tn\/fr\/actualite\/international\/liran-bombarde-la-strategie-du-choc-pour-un-changement-de-regime\/377394\/"]}]},{"@type":"ImageObject","inLanguage":"fr-FR","@id":"https:\/\/www.webdo.tn\/fr\/actualite\/international\/liran-bombarde-la-strategie-du-choc-pour-un-changement-de-regime\/377394\/#primaryimage","url":"https:\/\/www.webdo.tn\/fr\/wp-content\/uploads\/2025\/06\/khamenei.webp","contentUrl":"https:\/\/www.webdo.tn\/fr\/wp-content\/uploads\/2025\/06\/khamenei.webp","width":1600,"height":900,"caption":"Ali Khamenei est le guide supr\u00eame d'Iran depuis 1989, succ\u00e9dant \u00e0 l'Ayatollah Khomeini."},{"@type":"BreadcrumbList","@id":"https:\/\/www.webdo.tn\/fr\/actualite\/international\/liran-bombarde-la-strategie-du-choc-pour-un-changement-de-regime\/377394\/#breadcrumb","itemListElement":[{"@type":"ListItem","position":1,"name":"Accueil","item":"https:\/\/www.webdo.tn\/fr\/"},{"@type":"ListItem","position":2,"name":"L\u2019Iran bombard\u00e9 : la strat\u00e9gie du choc pour un changement de r\u00e9gime ?"}]},{"@type":"WebSite","@id":"https:\/\/www.webdo.tn\/fr\/#website","url":"https:\/\/www.webdo.tn\/fr\/","name":"webdo","description":"Tunisie - News en Tunisie et \u00e0 l&#039;international sur Webdo.tn","publisher":{"@id":"https:\/\/www.webdo.tn\/fr\/#organization"},"potentialAction":[{"@type":"SearchAction","target":{"@type":"EntryPoint","urlTemplate":"https:\/\/www.webdo.tn\/fr\/?s={search_term_string}"},"query-input":{"@type":"PropertyValueSpecification","valueRequired":true,"valueName":"search_term_string"}}],"inLanguage":"fr-FR"},{"@type":"Organization","@id":"https:\/\/www.webdo.tn\/fr\/#organization","name":"Webdo","alternateName":"Webdo.tn","url":"https:\/\/www.webdo.tn\/fr\/","logo":{"@type":"ImageObject","inLanguage":"fr-FR","@id":"https:\/\/www.webdo.tn\/fr\/#\/schema\/logo\/image\/","url":"https:\/\/www.webdo.tn\/fr\/wp-content\/uploads\/2025\/06\/Webdo-Tunisie_168377.jpg","contentUrl":"https:\/\/www.webdo.tn\/fr\/wp-content\/uploads\/2025\/06\/Webdo-Tunisie_168377.jpg","width":301,"height":301,"caption":"Webdo"},"image":{"@id":"https:\/\/www.webdo.tn\/fr\/#\/schema\/logo\/image\/"},"sameAs":["https:\/\/www.facebook.com\/webdotn","https:\/\/x.com\/webdo_tn"],"description":"Webdo est un m\u00e9dia num\u00e9rique tunisien fond\u00e9 en 2010, sp\u00e9cialis\u00e9 dans l\u2019actualit\u00e9 nationale et internationale, l\u2019\u00e9conomie, la soci\u00e9t\u00e9 et les analyses politiques. Le site s\u2019adresse \u00e0 un large public francophone et couvre l\u2019information tunisienne en temps r\u00e9el.","email":"redac@webdo.tn","legalName":"YNJ SARL","foundingDate":"2010-09-06","numberOfEmployees":{"@type":"QuantitativeValue","minValue":"11","maxValue":"50"}},{"@type":"Person","@id":"https:\/\/www.webdo.tn\/fr\/#\/schema\/person\/5663044c25eb36d8f88ba5b653f12f8c","name":"Ramzi Haddad","image":{"@type":"ImageObject","inLanguage":"fr-FR","@id":"https:\/\/www.webdo.tn\/fr\/wp-content\/uploads\/2026\/04\/ramzi-haddad_avatar-96x96.jpg","url":"https:\/\/www.webdo.tn\/fr\/wp-content\/uploads\/2026\/04\/ramzi-haddad_avatar-96x96.jpg","contentUrl":"https:\/\/www.webdo.tn\/fr\/wp-content\/uploads\/2026\/04\/ramzi-haddad_avatar-96x96.jpg","caption":"Ramzi Haddad"},"description":"Signature \u00e9ditoriale de Walid Ben Youssef Ramzi Haddad est le pseudonyme \u00e9ditorial de Walid Ben Youssef, fondateur et g\u00e9rant de Webdo.tn. Cette signature est d\u00e9di\u00e9e \u00e0 la couverture de l'actualit\u00e9 nationale et internationale, ainsi qu'aux analyses des dynamiques num\u00e9riques. Ce profil b\u00e9n\u00e9ficie de l'expertise de Walid Ben Youssef, pionnier du web en Tunisie depuis 2000 et dipl\u00f4m\u00e9 en Math\u00e9matiques pures de l'Universit\u00e9 d'Oregon. \u00c0 travers cette signature, la r\u00e9daction de Webdo garantit une information structur\u00e9e et v\u00e9rifi\u00e9e, fid\u00e8le aux standards journalistiques du m\u00e9dia.","url":"https:\/\/www.webdo.tn\/fr\/actualite\/author\/ramzi-haddad\/"}]}},"_links":{"self":[{"href":"https:\/\/www.webdo.tn\/fr\/wp-json\/wp\/v2\/posts\/377394","targetHints":{"allow":["GET"]}}],"collection":[{"href":"https:\/\/www.webdo.tn\/fr\/wp-json\/wp\/v2\/posts"}],"about":[{"href":"https:\/\/www.webdo.tn\/fr\/wp-json\/wp\/v2\/types\/post"}],"author":[{"embeddable":true,"href":"https:\/\/www.webdo.tn\/fr\/wp-json\/wp\/v2\/users\/3203"}],"replies":[{"embeddable":true,"href":"https:\/\/www.webdo.tn\/fr\/wp-json\/wp\/v2\/comments?post=377394"}],"version-history":[{"count":0,"href":"https:\/\/www.webdo.tn\/fr\/wp-json\/wp\/v2\/posts\/377394\/revisions"}],"wp:featuredmedia":[{"embeddable":true,"href":"https:\/\/www.webdo.tn\/fr\/wp-json\/wp\/v2\/media\/377396"}],"wp:attachment":[{"href":"https:\/\/www.webdo.tn\/fr\/wp-json\/wp\/v2\/media?parent=377394"}],"wp:term":[{"taxonomy":"category","embeddable":true,"href":"https:\/\/www.webdo.tn\/fr\/wp-json\/wp\/v2\/categories?post=377394"},{"taxonomy":"post_tag","embeddable":true,"href":"https:\/\/www.webdo.tn\/fr\/wp-json\/wp\/v2\/tags?post=377394"}],"curies":[{"name":"wp","href":"https:\/\/api.w.org\/{rel}","templated":true}]}}