{"id":377387,"date":"2025-06-13T14:28:19","date_gmt":"2025-06-13T13:28:19","guid":{"rendered":"https:\/\/www.webdo.tn\/fr\/?p=377387"},"modified":"2025-06-14T09:01:13","modified_gmt":"2025-06-14T08:01:13","slug":"iran-israel-le-monde-financier-en-alerte-lor-noir-senflamme","status":"publish","type":"post","link":"https:\/\/www.webdo.tn\/fr\/actualite\/international\/iran-israel-le-monde-financier-en-alerte-lor-noir-senflamme\/377387\/","title":{"rendered":"Iran &#8211; Isra\u00ebl : Le monde financier en alerte, l\u2019or noir s\u2019enflamme"},"content":{"rendered":"\n<p>Alors que le conflit entre Isra\u00ebl et l\u2019Iran franchit un nouveau cap, les march\u00e9s financiers mondiaux vacillent. Hausse brutale du p\u00e9trole, envol\u00e9e de l\u2019or, chute des Bourses : les investisseurs redoutent une guerre \u00e9largie dans une r\u00e9gion cl\u00e9 pour l\u2019\u00e9conomie mondiale.<\/p>\n\n\n\n<p>\u00c0 la suite des frappes isra\u00e9liennes contre des installations nucl\u00e9aires et militaires en Iran, les prix du p\u00e9trole se sont envol\u00e9s. Le baril de brut am\u00e9ricain (WTI) a bondi de plus de 8\u202f%, fr\u00f4lant les 74 dollars, tandis que le Brent de la mer du Nord a grimp\u00e9 de pr\u00e8s de 7,6\u202f%. En pleine nuit, les hausses avaient m\u00eame d\u00e9pass\u00e9 les 12\u202f%.<\/p>\n\n\n\n<p>Pourquoi ? L\u2019Iran est l\u2019un des dix plus gros producteurs mondiaux de p\u00e9trole. Et une guerre au Moyen-Orient, notamment dans la r\u00e9gion strat\u00e9gique du Golfe, menace de perturber l\u2019un des axes maritimes essentiels pour l\u2019approvisionnement mondial en or noir. \u00ab Un quart du p\u00e9trole mondial transite par cette zone \u00bb, rappelle Ricardo Evangelista, analyste chez ActivTrades.<\/p>\n\n\n\n<p>Comme souvent en p\u00e9riode de crise, les investisseurs se tournent vers les valeurs dites \u00ab\u00a0refuge\u00a0\u00bb. R\u00e9sultat : le cours de l\u2019or a gagn\u00e9 pr\u00e8s de 1\u202f%, atteignant les 3\u202f418 dollars l\u2019once (31,1 grammes). Le dollar s\u2019est \u00e9galement renforc\u00e9 face \u00e0 l\u2019euro (+0,74\u202f%), profitant de son statut de monnaie refuge.<\/p>\n\n\n\n<p>Les principales places boursi\u00e8res ont ouvert en net recul ce vendredi :<\/p>\n\n\n\n<ul class=\"wp-block-list\">\n<li>Wall Street : S&amp;P\u202f500 -1,00\u202f%, Nasdaq -1,26\u202f%, Dow Jones -1,05\u202f%<\/li>\n\n\n\n<li>Europe : Paris -0,80\u202f%, Francfort -1,10\u202f%, Milan -0,99\u202f%, Londres -0,24\u202f%<\/li>\n\n\n\n<li>Asie : Tokyo -0,89\u202f%, S\u00e9oul -0,87\u202f%, Shanghai -0,75\u202f%, Hong Kong -0,57\u202f%<\/li>\n<\/ul>\n\n\n\n<p>Les march\u00e9s redoutent une escalade incontr\u00f4lable, surtout apr\u00e8s les propos de l\u2019arm\u00e9e iranienne qui promet une riposte \u00ab sans limite \u00bb. Selon le minist\u00e8re iranien des Affaires \u00e9trang\u00e8res, les frappes isra\u00e9liennes constituent une \u00ab d\u00e9claration de guerre \u00bb.<\/p>\n\n\n\n<p>Les analystes financiers pr\u00e9voient un week-end particuli\u00e8rement volatil. \u00ab Une riposte massive de l\u2019Iran pourrait bouleverser les \u00e9quilibres \u00e9conomiques mondiaux \u00bb, pr\u00e9vient Stephen Innes de SPI Asset Management. \u00ab De nombreux investisseurs pourraient r\u00e9duire leur exposition au risque en attendant de voir comment la situation \u00e9volue \u00bb, rench\u00e9rit Ipek Ozkardeskaya de Swissquote Bank.<\/p>\n\n\n\n<p>Certaines entreprises du secteur \u00e9nerg\u00e9tique, en revanche, profitent de cette envol\u00e9e des cours du p\u00e9trole. \u00c0 Paris, TotalEnergies gagnait +1,72\u202f%, BP +2,5\u202f% \u00e0 Londres, Shell +1,6\u202f% et Repsol +1,5\u202f% \u00e0 Madrid. Aux \u00c9tats-Unis, ExxonMobil et Chevron gagnaient pr\u00e8s de 3\u202f% en avant-Bourse.<\/p>\n\n\n\n<p>Le regain de tension entre Isra\u00ebl et l\u2019Iran ne se limite pas au terrain militaire. Il fait vaciller l\u2019\u00e9quilibre fragile des march\u00e9s mondiaux, d\u00e9j\u00e0 secou\u00e9s par les incertitudes politiques et \u00e9conomiques. Entre p\u00e9trole, or, devises et Bourses, le moindre tir de missile pourrait d\u00e9sormais faire trembler les courbes \u00e9conomiques de la plan\u00e8te.<\/p>\n","protected":false},"excerpt":{"rendered":"<p>Alors que le conflit entre Isra\u00ebl et l\u2019Iran franchit un nouveau cap, les march\u00e9s financiers mondiaux vacillent. Hausse brutale du p\u00e9trole, envol\u00e9e de l\u2019or, chute des Bourses : les investisseurs redoutent une guerre \u00e9largie dans une r\u00e9gion cl\u00e9 pour l\u2019\u00e9conomie mondiale. \u00c0 la suite des frappes isra\u00e9liennes contre des installations nucl\u00e9aires et militaires en Iran, [&hellip;]<\/p>\n","protected":false},"author":3191,"featured_media":377388,"comment_status":"open","ping_status":"open","sticky":false,"template":"","format":"standard","meta":{"footnotes":""},"categories":[2598],"tags":[3853,2600,2912,2636],"class_list":["post-377387","post","type-post","status-publish","format-standard","has-post-thumbnail","hentry","category-international","tag-bourses","tag-guerre","tag-iran","tag-israel"],"yoast_head":"<!-- This site is optimized with the Yoast SEO Premium plugin v27.5 (Yoast SEO v27.5) - https:\/\/yoast.com\/product\/yoast-seo-premium-wordpress\/ -->\n<title>Iran - Isra\u00ebl : Le monde financier en alerte, l\u2019or noir s\u2019enflamme - webdo<\/title>\n<meta name=\"description\" content=\"Analyse des r\u00e9percussions du conflit Isra\u00ebl-Iran : Le monde financier en alerte face \u00e0 l&#039;instabilit\u00e9 des march\u00e9s et des ressources.\" \/>\n<link rel=\"canonical\" href=\"https:\/\/www.webdo.tn\/fr\/actualite\/international\/iran-israel-le-monde-financier-en-alerte-lor-noir-senflamme\/377387\/\" \/>\n<meta property=\"og:locale\" content=\"fr_FR\" \/>\n<meta property=\"og:type\" content=\"article\" \/>\n<meta property=\"og:title\" content=\"Iran - Isra\u00ebl : Le monde financier en alerte, l\u2019or noir s\u2019enflamme\" \/>\n<meta property=\"og:description\" content=\"Analyse des r\u00e9percussions du conflit Isra\u00ebl-Iran : Le monde financier en alerte face \u00e0 l&#039;instabilit\u00e9 des march\u00e9s et des ressources.\" \/>\n<meta property=\"og:url\" content=\"https:\/\/www.webdo.tn\/fr\/actualite\/international\/iran-israel-le-monde-financier-en-alerte-lor-noir-senflamme\/377387\/\" \/>\n<meta property=\"og:site_name\" content=\"webdo\" \/>\n<meta property=\"article:publisher\" content=\"https:\/\/www.facebook.com\/webdotn\" \/>\n<meta property=\"article:published_time\" content=\"2025-06-13T13:28:19+00:00\" \/>\n<meta property=\"article:modified_time\" content=\"2025-06-14T08:01:13+00:00\" \/>\n<meta property=\"og:image\" content=\"https:\/\/www.webdo.tn\/fr\/wp-content\/uploads\/2025\/06\/bourses.jpg\" \/>\n\t<meta property=\"og:image:width\" content=\"1000\" \/>\n\t<meta property=\"og:image:height\" content=\"500\" \/>\n\t<meta property=\"og:image:type\" content=\"image\/jpeg\" \/>\n<meta name=\"author\" content=\"Mohamed Hedi Touati\" \/>\n<meta name=\"twitter:card\" content=\"summary_large_image\" \/>\n<meta name=\"twitter:creator\" content=\"@webdo_tn\" \/>\n<meta name=\"twitter:site\" content=\"@webdo_tn\" \/>\n<meta name=\"twitter:label1\" content=\"\u00c9crit par\" \/>\n\t<meta name=\"twitter:data1\" content=\"Mohamed Hedi Touati\" \/>\n\t<meta name=\"twitter:label2\" content=\"Dur\u00e9e de lecture estim\u00e9e\" \/>\n\t<meta name=\"twitter:data2\" content=\"3 minutes\" \/>\n<script type=\"application\/ld+json\" class=\"yoast-schema-graph\">{\"@context\":\"https:\\\/\\\/schema.org\",\"@graph\":[{\"@type\":\"NewsArticle\",\"@id\":\"https:\\\/\\\/www.webdo.tn\\\/fr\\\/actualite\\\/international\\\/iran-israel-le-monde-financier-en-alerte-lor-noir-senflamme\\\/377387\\\/#article\",\"isPartOf\":{\"@id\":\"https:\\\/\\\/www.webdo.tn\\\/fr\\\/actualite\\\/international\\\/iran-israel-le-monde-financier-en-alerte-lor-noir-senflamme\\\/377387\\\/\"},\"author\":{\"name\":\"Mohamed Hedi Touati\",\"@id\":\"https:\\\/\\\/www.webdo.tn\\\/fr\\\/#\\\/schema\\\/person\\\/c652cd8fc2b1b44412b5ffb48c5a911d\"},\"headline\":\"Iran &#8211; Isra\u00ebl : Le monde financier en alerte, l\u2019or noir s\u2019enflamme\",\"datePublished\":\"2025-06-13T13:28:19+00:00\",\"dateModified\":\"2025-06-14T08:01:13+00:00\",\"mainEntityOfPage\":{\"@id\":\"https:\\\/\\\/www.webdo.tn\\\/fr\\\/actualite\\\/international\\\/iran-israel-le-monde-financier-en-alerte-lor-noir-senflamme\\\/377387\\\/\"},\"wordCount\":479,\"commentCount\":0,\"publisher\":{\"@id\":\"https:\\\/\\\/www.webdo.tn\\\/fr\\\/#organization\"},\"image\":{\"@id\":\"https:\\\/\\\/www.webdo.tn\\\/fr\\\/actualite\\\/international\\\/iran-israel-le-monde-financier-en-alerte-lor-noir-senflamme\\\/377387\\\/#primaryimage\"},\"thumbnailUrl\":\"https:\\\/\\\/www.webdo.tn\\\/fr\\\/wp-content\\\/uploads\\\/2025\\\/06\\\/bourses.jpg\",\"keywords\":[\"Bourses\",\"guerre\",\"Iran\",\"isra\u00ebl\"],\"articleSection\":[\"International\"],\"inLanguage\":\"fr-FR\"},{\"@type\":\"WebPage\",\"@id\":\"https:\\\/\\\/www.webdo.tn\\\/fr\\\/actualite\\\/international\\\/iran-israel-le-monde-financier-en-alerte-lor-noir-senflamme\\\/377387\\\/\",\"url\":\"https:\\\/\\\/www.webdo.tn\\\/fr\\\/actualite\\\/international\\\/iran-israel-le-monde-financier-en-alerte-lor-noir-senflamme\\\/377387\\\/\",\"name\":\"Iran - Isra\u00ebl : Le monde financier en alerte, l\u2019or noir s\u2019enflamme - webdo\",\"isPartOf\":{\"@id\":\"https:\\\/\\\/www.webdo.tn\\\/fr\\\/#website\"},\"primaryImageOfPage\":{\"@id\":\"https:\\\/\\\/www.webdo.tn\\\/fr\\\/actualite\\\/international\\\/iran-israel-le-monde-financier-en-alerte-lor-noir-senflamme\\\/377387\\\/#primaryimage\"},\"image\":{\"@id\":\"https:\\\/\\\/www.webdo.tn\\\/fr\\\/actualite\\\/international\\\/iran-israel-le-monde-financier-en-alerte-lor-noir-senflamme\\\/377387\\\/#primaryimage\"},\"thumbnailUrl\":\"https:\\\/\\\/www.webdo.tn\\\/fr\\\/wp-content\\\/uploads\\\/2025\\\/06\\\/bourses.jpg\",\"datePublished\":\"2025-06-13T13:28:19+00:00\",\"dateModified\":\"2025-06-14T08:01:13+00:00\",\"description\":\"Analyse des r\u00e9percussions du conflit Isra\u00ebl-Iran : Le monde financier en alerte face \u00e0 l'instabilit\u00e9 des march\u00e9s et des ressources.\",\"breadcrumb\":{\"@id\":\"https:\\\/\\\/www.webdo.tn\\\/fr\\\/actualite\\\/international\\\/iran-israel-le-monde-financier-en-alerte-lor-noir-senflamme\\\/377387\\\/#breadcrumb\"},\"inLanguage\":\"fr-FR\",\"potentialAction\":[{\"@type\":\"ReadAction\",\"target\":[\"https:\\\/\\\/www.webdo.tn\\\/fr\\\/actualite\\\/international\\\/iran-israel-le-monde-financier-en-alerte-lor-noir-senflamme\\\/377387\\\/\"]}]},{\"@type\":\"ImageObject\",\"inLanguage\":\"fr-FR\",\"@id\":\"https:\\\/\\\/www.webdo.tn\\\/fr\\\/actualite\\\/international\\\/iran-israel-le-monde-financier-en-alerte-lor-noir-senflamme\\\/377387\\\/#primaryimage\",\"url\":\"https:\\\/\\\/www.webdo.tn\\\/fr\\\/wp-content\\\/uploads\\\/2025\\\/06\\\/bourses.jpg\",\"contentUrl\":\"https:\\\/\\\/www.webdo.tn\\\/fr\\\/wp-content\\\/uploads\\\/2025\\\/06\\\/bourses.jpg\",\"width\":1000,\"height\":500},{\"@type\":\"BreadcrumbList\",\"@id\":\"https:\\\/\\\/www.webdo.tn\\\/fr\\\/actualite\\\/international\\\/iran-israel-le-monde-financier-en-alerte-lor-noir-senflamme\\\/377387\\\/#breadcrumb\",\"itemListElement\":[{\"@type\":\"ListItem\",\"position\":1,\"name\":\"Accueil\",\"item\":\"https:\\\/\\\/www.webdo.tn\\\/fr\\\/\"},{\"@type\":\"ListItem\",\"position\":2,\"name\":\"Iran &#8211; Isra\u00ebl : Le monde financier en alerte, l\u2019or noir s\u2019enflamme\"}]},{\"@type\":\"WebSite\",\"@id\":\"https:\\\/\\\/www.webdo.tn\\\/fr\\\/#website\",\"url\":\"https:\\\/\\\/www.webdo.tn\\\/fr\\\/\",\"name\":\"webdo\",\"description\":\"Tunisie - News en Tunisie et \u00e0 l&#039;international sur Webdo.tn\",\"publisher\":{\"@id\":\"https:\\\/\\\/www.webdo.tn\\\/fr\\\/#organization\"},\"potentialAction\":[{\"@type\":\"SearchAction\",\"target\":{\"@type\":\"EntryPoint\",\"urlTemplate\":\"https:\\\/\\\/www.webdo.tn\\\/fr\\\/?s={search_term_string}\"},\"query-input\":{\"@type\":\"PropertyValueSpecification\",\"valueRequired\":true,\"valueName\":\"search_term_string\"}}],\"inLanguage\":\"fr-FR\"},{\"@type\":\"Organization\",\"@id\":\"https:\\\/\\\/www.webdo.tn\\\/fr\\\/#organization\",\"name\":\"Webdo\",\"alternateName\":\"Webdo.tn\",\"url\":\"https:\\\/\\\/www.webdo.tn\\\/fr\\\/\",\"logo\":{\"@type\":\"ImageObject\",\"inLanguage\":\"fr-FR\",\"@id\":\"https:\\\/\\\/www.webdo.tn\\\/fr\\\/#\\\/schema\\\/logo\\\/image\\\/\",\"url\":\"https:\\\/\\\/www.webdo.tn\\\/fr\\\/wp-content\\\/uploads\\\/2025\\\/06\\\/Webdo-Tunisie_168377.jpg\",\"contentUrl\":\"https:\\\/\\\/www.webdo.tn\\\/fr\\\/wp-content\\\/uploads\\\/2025\\\/06\\\/Webdo-Tunisie_168377.jpg\",\"width\":301,\"height\":301,\"caption\":\"Webdo\"},\"image\":{\"@id\":\"https:\\\/\\\/www.webdo.tn\\\/fr\\\/#\\\/schema\\\/logo\\\/image\\\/\"},\"sameAs\":[\"https:\\\/\\\/www.facebook.com\\\/webdotn\",\"https:\\\/\\\/x.com\\\/webdo_tn\"],\"description\":\"Webdo est un m\u00e9dia num\u00e9rique tunisien fond\u00e9 en 2010, sp\u00e9cialis\u00e9 dans l\u2019actualit\u00e9 nationale et internationale, l\u2019\u00e9conomie, la soci\u00e9t\u00e9 et les analyses politiques. Le site s\u2019adresse \u00e0 un large public francophone et couvre l\u2019information tunisienne en temps r\u00e9el.\",\"email\":\"redac@webdo.tn\",\"legalName\":\"YNJ SARL\",\"foundingDate\":\"2010-09-06\",\"numberOfEmployees\":{\"@type\":\"QuantitativeValue\",\"minValue\":\"11\",\"maxValue\":\"50\"}},{\"@type\":\"Person\",\"@id\":\"https:\\\/\\\/www.webdo.tn\\\/fr\\\/#\\\/schema\\\/person\\\/c652cd8fc2b1b44412b5ffb48c5a911d\",\"name\":\"Mohamed Hedi Touati\",\"image\":{\"@type\":\"ImageObject\",\"inLanguage\":\"fr-FR\",\"@id\":\"https:\\\/\\\/secure.gravatar.com\\\/avatar\\\/9cfd402c745b7a685f13eed0ea6e59d2144a3c2fc50a3db6fd5ed451f6cddf1a?s=96&d=mm&r=g\",\"url\":\"https:\\\/\\\/secure.gravatar.com\\\/avatar\\\/9cfd402c745b7a685f13eed0ea6e59d2144a3c2fc50a3db6fd5ed451f6cddf1a?s=96&d=mm&r=g\",\"contentUrl\":\"https:\\\/\\\/secure.gravatar.com\\\/avatar\\\/9cfd402c745b7a685f13eed0ea6e59d2144a3c2fc50a3db6fd5ed451f6cddf1a?s=96&d=mm&r=g\",\"caption\":\"Mohamed Hedi Touati\"},\"url\":\"https:\\\/\\\/www.webdo.tn\\\/fr\\\/actualite\\\/author\\\/mohamed-hedi-touati\\\/\"}]}<\/script>\n<!-- \/ Yoast SEO Premium plugin. -->","yoast_head_json":{"title":"Iran - Isra\u00ebl : Le monde financier en alerte, l\u2019or noir s\u2019enflamme - webdo","description":"Analyse des r\u00e9percussions du conflit Isra\u00ebl-Iran : Le monde financier en alerte face \u00e0 l'instabilit\u00e9 des march\u00e9s et des ressources.","canonical":"https:\/\/www.webdo.tn\/fr\/actualite\/international\/iran-israel-le-monde-financier-en-alerte-lor-noir-senflamme\/377387\/","og_locale":"fr_FR","og_type":"article","og_title":"Iran - Isra\u00ebl : Le monde financier en alerte, l\u2019or noir s\u2019enflamme","og_description":"Analyse des r\u00e9percussions du conflit Isra\u00ebl-Iran : Le monde financier en alerte face \u00e0 l'instabilit\u00e9 des march\u00e9s et des ressources.","og_url":"https:\/\/www.webdo.tn\/fr\/actualite\/international\/iran-israel-le-monde-financier-en-alerte-lor-noir-senflamme\/377387\/","og_site_name":"webdo","article_publisher":"https:\/\/www.facebook.com\/webdotn","article_published_time":"2025-06-13T13:28:19+00:00","article_modified_time":"2025-06-14T08:01:13+00:00","og_image":[{"width":1000,"height":500,"url":"https:\/\/www.webdo.tn\/fr\/wp-content\/uploads\/2025\/06\/bourses.jpg","type":"image\/jpeg"}],"author":"Mohamed Hedi Touati","twitter_card":"summary_large_image","twitter_creator":"@webdo_tn","twitter_site":"@webdo_tn","twitter_misc":{"\u00c9crit par":"Mohamed Hedi Touati","Dur\u00e9e de lecture estim\u00e9e":"3 minutes"},"schema":{"@context":"https:\/\/schema.org","@graph":[{"@type":"NewsArticle","@id":"https:\/\/www.webdo.tn\/fr\/actualite\/international\/iran-israel-le-monde-financier-en-alerte-lor-noir-senflamme\/377387\/#article","isPartOf":{"@id":"https:\/\/www.webdo.tn\/fr\/actualite\/international\/iran-israel-le-monde-financier-en-alerte-lor-noir-senflamme\/377387\/"},"author":{"name":"Mohamed Hedi Touati","@id":"https:\/\/www.webdo.tn\/fr\/#\/schema\/person\/c652cd8fc2b1b44412b5ffb48c5a911d"},"headline":"Iran &#8211; Isra\u00ebl : Le monde financier en alerte, l\u2019or noir s\u2019enflamme","datePublished":"2025-06-13T13:28:19+00:00","dateModified":"2025-06-14T08:01:13+00:00","mainEntityOfPage":{"@id":"https:\/\/www.webdo.tn\/fr\/actualite\/international\/iran-israel-le-monde-financier-en-alerte-lor-noir-senflamme\/377387\/"},"wordCount":479,"commentCount":0,"publisher":{"@id":"https:\/\/www.webdo.tn\/fr\/#organization"},"image":{"@id":"https:\/\/www.webdo.tn\/fr\/actualite\/international\/iran-israel-le-monde-financier-en-alerte-lor-noir-senflamme\/377387\/#primaryimage"},"thumbnailUrl":"https:\/\/www.webdo.tn\/fr\/wp-content\/uploads\/2025\/06\/bourses.jpg","keywords":["Bourses","guerre","Iran","isra\u00ebl"],"articleSection":["International"],"inLanguage":"fr-FR"},{"@type":"WebPage","@id":"https:\/\/www.webdo.tn\/fr\/actualite\/international\/iran-israel-le-monde-financier-en-alerte-lor-noir-senflamme\/377387\/","url":"https:\/\/www.webdo.tn\/fr\/actualite\/international\/iran-israel-le-monde-financier-en-alerte-lor-noir-senflamme\/377387\/","name":"Iran - Isra\u00ebl : Le monde financier en alerte, l\u2019or noir s\u2019enflamme - webdo","isPartOf":{"@id":"https:\/\/www.webdo.tn\/fr\/#website"},"primaryImageOfPage":{"@id":"https:\/\/www.webdo.tn\/fr\/actualite\/international\/iran-israel-le-monde-financier-en-alerte-lor-noir-senflamme\/377387\/#primaryimage"},"image":{"@id":"https:\/\/www.webdo.tn\/fr\/actualite\/international\/iran-israel-le-monde-financier-en-alerte-lor-noir-senflamme\/377387\/#primaryimage"},"thumbnailUrl":"https:\/\/www.webdo.tn\/fr\/wp-content\/uploads\/2025\/06\/bourses.jpg","datePublished":"2025-06-13T13:28:19+00:00","dateModified":"2025-06-14T08:01:13+00:00","description":"Analyse des r\u00e9percussions du conflit Isra\u00ebl-Iran : Le monde financier en alerte face \u00e0 l'instabilit\u00e9 des march\u00e9s et des ressources.","breadcrumb":{"@id":"https:\/\/www.webdo.tn\/fr\/actualite\/international\/iran-israel-le-monde-financier-en-alerte-lor-noir-senflamme\/377387\/#breadcrumb"},"inLanguage":"fr-FR","potentialAction":[{"@type":"ReadAction","target":["https:\/\/www.webdo.tn\/fr\/actualite\/international\/iran-israel-le-monde-financier-en-alerte-lor-noir-senflamme\/377387\/"]}]},{"@type":"ImageObject","inLanguage":"fr-FR","@id":"https:\/\/www.webdo.tn\/fr\/actualite\/international\/iran-israel-le-monde-financier-en-alerte-lor-noir-senflamme\/377387\/#primaryimage","url":"https:\/\/www.webdo.tn\/fr\/wp-content\/uploads\/2025\/06\/bourses.jpg","contentUrl":"https:\/\/www.webdo.tn\/fr\/wp-content\/uploads\/2025\/06\/bourses.jpg","width":1000,"height":500},{"@type":"BreadcrumbList","@id":"https:\/\/www.webdo.tn\/fr\/actualite\/international\/iran-israel-le-monde-financier-en-alerte-lor-noir-senflamme\/377387\/#breadcrumb","itemListElement":[{"@type":"ListItem","position":1,"name":"Accueil","item":"https:\/\/www.webdo.tn\/fr\/"},{"@type":"ListItem","position":2,"name":"Iran &#8211; Isra\u00ebl : Le monde financier en alerte, l\u2019or noir s\u2019enflamme"}]},{"@type":"WebSite","@id":"https:\/\/www.webdo.tn\/fr\/#website","url":"https:\/\/www.webdo.tn\/fr\/","name":"webdo","description":"Tunisie - News en Tunisie et \u00e0 l&#039;international sur Webdo.tn","publisher":{"@id":"https:\/\/www.webdo.tn\/fr\/#organization"},"potentialAction":[{"@type":"SearchAction","target":{"@type":"EntryPoint","urlTemplate":"https:\/\/www.webdo.tn\/fr\/?s={search_term_string}"},"query-input":{"@type":"PropertyValueSpecification","valueRequired":true,"valueName":"search_term_string"}}],"inLanguage":"fr-FR"},{"@type":"Organization","@id":"https:\/\/www.webdo.tn\/fr\/#organization","name":"Webdo","alternateName":"Webdo.tn","url":"https:\/\/www.webdo.tn\/fr\/","logo":{"@type":"ImageObject","inLanguage":"fr-FR","@id":"https:\/\/www.webdo.tn\/fr\/#\/schema\/logo\/image\/","url":"https:\/\/www.webdo.tn\/fr\/wp-content\/uploads\/2025\/06\/Webdo-Tunisie_168377.jpg","contentUrl":"https:\/\/www.webdo.tn\/fr\/wp-content\/uploads\/2025\/06\/Webdo-Tunisie_168377.jpg","width":301,"height":301,"caption":"Webdo"},"image":{"@id":"https:\/\/www.webdo.tn\/fr\/#\/schema\/logo\/image\/"},"sameAs":["https:\/\/www.facebook.com\/webdotn","https:\/\/x.com\/webdo_tn"],"description":"Webdo est un m\u00e9dia num\u00e9rique tunisien fond\u00e9 en 2010, sp\u00e9cialis\u00e9 dans l\u2019actualit\u00e9 nationale et internationale, l\u2019\u00e9conomie, la soci\u00e9t\u00e9 et les analyses politiques. Le site s\u2019adresse \u00e0 un large public francophone et couvre l\u2019information tunisienne en temps r\u00e9el.","email":"redac@webdo.tn","legalName":"YNJ SARL","foundingDate":"2010-09-06","numberOfEmployees":{"@type":"QuantitativeValue","minValue":"11","maxValue":"50"}},{"@type":"Person","@id":"https:\/\/www.webdo.tn\/fr\/#\/schema\/person\/c652cd8fc2b1b44412b5ffb48c5a911d","name":"Mohamed Hedi Touati","image":{"@type":"ImageObject","inLanguage":"fr-FR","@id":"https:\/\/secure.gravatar.com\/avatar\/9cfd402c745b7a685f13eed0ea6e59d2144a3c2fc50a3db6fd5ed451f6cddf1a?s=96&d=mm&r=g","url":"https:\/\/secure.gravatar.com\/avatar\/9cfd402c745b7a685f13eed0ea6e59d2144a3c2fc50a3db6fd5ed451f6cddf1a?s=96&d=mm&r=g","contentUrl":"https:\/\/secure.gravatar.com\/avatar\/9cfd402c745b7a685f13eed0ea6e59d2144a3c2fc50a3db6fd5ed451f6cddf1a?s=96&d=mm&r=g","caption":"Mohamed Hedi Touati"},"url":"https:\/\/www.webdo.tn\/fr\/actualite\/author\/mohamed-hedi-touati\/"}]}},"_links":{"self":[{"href":"https:\/\/www.webdo.tn\/fr\/wp-json\/wp\/v2\/posts\/377387","targetHints":{"allow":["GET"]}}],"collection":[{"href":"https:\/\/www.webdo.tn\/fr\/wp-json\/wp\/v2\/posts"}],"about":[{"href":"https:\/\/www.webdo.tn\/fr\/wp-json\/wp\/v2\/types\/post"}],"author":[{"embeddable":true,"href":"https:\/\/www.webdo.tn\/fr\/wp-json\/wp\/v2\/users\/3191"}],"replies":[{"embeddable":true,"href":"https:\/\/www.webdo.tn\/fr\/wp-json\/wp\/v2\/comments?post=377387"}],"version-history":[{"count":0,"href":"https:\/\/www.webdo.tn\/fr\/wp-json\/wp\/v2\/posts\/377387\/revisions"}],"wp:featuredmedia":[{"embeddable":true,"href":"https:\/\/www.webdo.tn\/fr\/wp-json\/wp\/v2\/media\/377388"}],"wp:attachment":[{"href":"https:\/\/www.webdo.tn\/fr\/wp-json\/wp\/v2\/media?parent=377387"}],"wp:term":[{"taxonomy":"category","embeddable":true,"href":"https:\/\/www.webdo.tn\/fr\/wp-json\/wp\/v2\/categories?post=377387"},{"taxonomy":"post_tag","embeddable":true,"href":"https:\/\/www.webdo.tn\/fr\/wp-json\/wp\/v2\/tags?post=377387"}],"curies":[{"name":"wp","href":"https:\/\/api.w.org\/{rel}","templated":true}]}}