{"id":377383,"date":"2025-06-13T12:37:56","date_gmt":"2025-06-13T11:37:56","guid":{"rendered":"https:\/\/www.webdo.tn\/fr\/?p=377383"},"modified":"2025-06-14T08:59:44","modified_gmt":"2025-06-14T07:59:44","slug":"israel-frappe-liran-teheran-crie-a-la-declaration-de-guerre","status":"publish","type":"post","link":"https:\/\/www.webdo.tn\/fr\/actualite\/international\/israel-frappe-liran-teheran-crie-a-la-declaration-de-guerre\/377383\/","title":{"rendered":"Isra\u00ebl frappe l\u2019Iran : T\u00e9h\u00e9ran crie \u00e0 la \u00ab d\u00e9claration de guerre \u00bb"},"content":{"rendered":"\n<p><strong>Apr\u00e8s des frappes isra\u00e9liennes massives sur des sites nucl\u00e9aires en Iran, T\u00e9h\u00e9ran crie \u00e0 la d\u00e9claration de guerre. La riposte est imm\u00e9diate et l&rsquo;escalade militaire menace d&#8217;embraser toute la r\u00e9gion.<\/strong><\/p>\n\n\n\n<p>Les tensions au Moyen-Orient ont franchi un nouveau seuil critique ce vendredi 13 juin. Apr\u00e8s une s\u00e9rie de frappes isra\u00e9liennes d\u2019une ampleur in\u00e9dite contre des installations militaires et nucl\u00e9aires iraniennes, T\u00e9h\u00e9ran a r\u00e9agi avec une virulence sans pr\u00e9c\u00e9dent, qualifiant l\u2019attaque de \u00ab\u202fd\u00e9claration de guerre\u202f\u00bb.<\/p>\n\n\n\n<p>Selon les autorit\u00e9s iraniennes, l\u2019op\u00e9ration isra\u00e9lienne &#8211; baptis\u00e9e Rising Lion &#8211; a cibl\u00e9 une centaine de sites strat\u00e9giques, notamment les complexes nucl\u00e9aires de Natanz et Ispahan. Des frappes a\u00e9riennes massives ont vis\u00e9 \u00e9galement des centres de commandement, des bases des Gardiens de la r\u00e9volution et des scientifiques de haut rang. Plusieurs responsables militaires de premier plan, dont les g\u00e9n\u00e9raux Hossein Salami et Mohammad Bagheri, auraient \u00e9t\u00e9 tu\u00e9s dans l\u2019offensive.<\/p>\n\n\n\n<p>\u00ab\u202fCe qui s\u2019est produit est une d\u00e9claration de guerre claire contre la souverainet\u00e9 iranienne. Le Conseil de s\u00e9curit\u00e9 des Nations unies doit agir imm\u00e9diatement\u202f\u00bb, a d\u00e9clar\u00e9 Abbas Araghchi, ministre iranien des Affaires \u00e9trang\u00e8res, dans un message adress\u00e9 \u00e0 l\u2019ONU. Le Guide supr\u00eame, Ali Khamenei, a promis une riposte \u00ab\u202fdouloureuse et sans limites\u202f\u00bb, affirmant que \u00ab\u202fle r\u00e9gime sioniste devra en payer le prix fort\u202f\u00bb.<\/p>\n\n\n\n<p>En r\u00e9action, l\u2019Iran a lanc\u00e9 plus d\u2019une centaine de drones en direction d\u2019Isra\u00ebl, selon les m\u00e9dias officiels iraniens. L\u2019arm\u00e9e isra\u00e9lienne (IDF) affirme avoir intercept\u00e9 la majorit\u00e9 de ces engins gr\u00e2ce \u00e0 son bouclier antimissile, mais l\u2019alerte a \u00e9t\u00e9 d\u00e9clench\u00e9e dans plusieurs r\u00e9gions, de Tel-Aviv au sud du pays.<\/p>\n\n\n\n<p>Donald Trump a exhort\u00e9 l\u2019Iran \u00e0 conclure un accord nucl\u00e9aire \u00ab\u202favant qu\u2019il ne reste plus rien\u202f\u00bb, tout en d\u00e9non\u00e7ant les pertes humaines et mat\u00e9rielles caus\u00e9es par le conflit. \u00ab\u202fIl est encore temps d\u2019arr\u00eater ce massacre\u202f\u00bb, a-t-il lanc\u00e9, sans pour autant condamner les frappes isra\u00e9liennes.<\/p>\n\n\n\n<p>Selon des sources diplomatiques relay\u00e9es par Reuters, les \u00c9tats-Unis n\u2019auraient pas directement particip\u00e9 aux frappes mais auraient fourni un soutien logistique et du renseignement \u00e0 leur alli\u00e9 isra\u00e9lien. L\u2019administration am\u00e9ricaine s\u2019est toutefois gard\u00e9e de commenter publiquement la situation, appelant \u00ab \u00e0 la retenue \u00bb de toutes les parties.<\/p>\n","protected":false},"excerpt":{"rendered":"<p>Apr\u00e8s des frappes isra\u00e9liennes massives sur des sites nucl\u00e9aires en Iran, T\u00e9h\u00e9ran crie \u00e0 la d\u00e9claration de guerre. La riposte est imm\u00e9diate et l&rsquo;escalade militaire menace d&#8217;embraser toute la r\u00e9gion. Les tensions au Moyen-Orient ont franchi un nouveau seuil critique ce vendredi 13 juin. Apr\u00e8s une s\u00e9rie de frappes isra\u00e9liennes d\u2019une ampleur in\u00e9dite contre des [&hellip;]<\/p>\n","protected":false},"author":3191,"featured_media":377386,"comment_status":"open","ping_status":"open","sticky":false,"template":"","format":"standard","meta":{"footnotes":""},"categories":[2598],"tags":[2912,2636],"class_list":["post-377383","post","type-post","status-publish","format-standard","has-post-thumbnail","hentry","category-international","tag-iran","tag-israel"],"yoast_head":"<!-- This site is optimized with the Yoast SEO Premium plugin v27.5 (Yoast SEO v27.5) - https:\/\/yoast.com\/product\/yoast-seo-premium-wordpress\/ -->\n<title>Isra\u00ebl frappe l\u2019Iran : T\u00e9h\u00e9ran crie \u00e0 la \u00ab d\u00e9claration de guerre \u00bb - webdo<\/title>\n<meta name=\"description\" content=\"Les frappes isra\u00e9liennes sont qualifi\u00e9es par T\u00e9h\u00e9ran de d\u00e9claration de guerre. D\u00e9couvrez les cons\u00e9quences de cette escalade.\" \/>\n<link rel=\"canonical\" href=\"https:\/\/www.webdo.tn\/fr\/actualite\/international\/israel-frappe-liran-teheran-crie-a-la-declaration-de-guerre\/377383\/\" \/>\n<meta property=\"og:locale\" content=\"fr_FR\" \/>\n<meta property=\"og:type\" content=\"article\" \/>\n<meta property=\"og:title\" content=\"Isra\u00ebl frappe l\u2019Iran : T\u00e9h\u00e9ran crie \u00e0 la \u00ab d\u00e9claration de guerre \u00bb\" \/>\n<meta property=\"og:description\" content=\"Les frappes isra\u00e9liennes sont qualifi\u00e9es par T\u00e9h\u00e9ran de d\u00e9claration de guerre. D\u00e9couvrez les cons\u00e9quences de cette escalade.\" \/>\n<meta property=\"og:url\" content=\"https:\/\/www.webdo.tn\/fr\/actualite\/international\/israel-frappe-liran-teheran-crie-a-la-declaration-de-guerre\/377383\/\" \/>\n<meta property=\"og:site_name\" content=\"webdo\" \/>\n<meta property=\"article:publisher\" content=\"https:\/\/www.facebook.com\/webdotn\" \/>\n<meta property=\"article:published_time\" content=\"2025-06-13T11:37:56+00:00\" \/>\n<meta property=\"article:modified_time\" content=\"2025-06-14T07:59:44+00:00\" \/>\n<meta property=\"og:image\" content=\"https:\/\/www.webdo.tn\/fr\/wp-content\/uploads\/2025\/06\/2111126-teheran-touche-par-des-frappes-israeliennes-israel.jpg\" \/>\n\t<meta property=\"og:image:width\" content=\"836\" \/>\n\t<meta property=\"og:image:height\" content=\"567\" \/>\n\t<meta property=\"og:image:type\" content=\"image\/jpeg\" \/>\n<meta name=\"author\" content=\"Mohamed Hedi Touati\" \/>\n<meta name=\"twitter:card\" content=\"summary_large_image\" \/>\n<meta name=\"twitter:creator\" content=\"@webdo_tn\" \/>\n<meta name=\"twitter:site\" content=\"@webdo_tn\" \/>\n<meta name=\"twitter:label1\" content=\"\u00c9crit par\" \/>\n\t<meta name=\"twitter:data1\" content=\"Mohamed Hedi Touati\" \/>\n\t<meta name=\"twitter:label2\" content=\"Dur\u00e9e de lecture estim\u00e9e\" \/>\n\t<meta name=\"twitter:data2\" content=\"2 minutes\" \/>\n<script type=\"application\/ld+json\" class=\"yoast-schema-graph\">{\"@context\":\"https:\\\/\\\/schema.org\",\"@graph\":[{\"@type\":\"NewsArticle\",\"@id\":\"https:\\\/\\\/www.webdo.tn\\\/fr\\\/actualite\\\/international\\\/israel-frappe-liran-teheran-crie-a-la-declaration-de-guerre\\\/377383\\\/#article\",\"isPartOf\":{\"@id\":\"https:\\\/\\\/www.webdo.tn\\\/fr\\\/actualite\\\/international\\\/israel-frappe-liran-teheran-crie-a-la-declaration-de-guerre\\\/377383\\\/\"},\"author\":{\"name\":\"Mohamed Hedi Touati\",\"@id\":\"https:\\\/\\\/www.webdo.tn\\\/fr\\\/#\\\/schema\\\/person\\\/c652cd8fc2b1b44412b5ffb48c5a911d\"},\"headline\":\"Isra\u00ebl frappe l\u2019Iran : T\u00e9h\u00e9ran crie \u00e0 la \u00ab d\u00e9claration de guerre \u00bb\",\"datePublished\":\"2025-06-13T11:37:56+00:00\",\"dateModified\":\"2025-06-14T07:59:44+00:00\",\"mainEntityOfPage\":{\"@id\":\"https:\\\/\\\/www.webdo.tn\\\/fr\\\/actualite\\\/international\\\/israel-frappe-liran-teheran-crie-a-la-declaration-de-guerre\\\/377383\\\/\"},\"wordCount\":427,\"commentCount\":0,\"publisher\":{\"@id\":\"https:\\\/\\\/www.webdo.tn\\\/fr\\\/#organization\"},\"image\":{\"@id\":\"https:\\\/\\\/www.webdo.tn\\\/fr\\\/actualite\\\/international\\\/israel-frappe-liran-teheran-crie-a-la-declaration-de-guerre\\\/377383\\\/#primaryimage\"},\"thumbnailUrl\":\"https:\\\/\\\/www.webdo.tn\\\/fr\\\/wp-content\\\/uploads\\\/2025\\\/06\\\/2111126-teheran-touche-par-des-frappes-israeliennes-israel.jpg\",\"keywords\":[\"Iran\",\"isra\u00ebl\"],\"articleSection\":[\"International\"],\"inLanguage\":\"fr-FR\"},{\"@type\":\"WebPage\",\"@id\":\"https:\\\/\\\/www.webdo.tn\\\/fr\\\/actualite\\\/international\\\/israel-frappe-liran-teheran-crie-a-la-declaration-de-guerre\\\/377383\\\/\",\"url\":\"https:\\\/\\\/www.webdo.tn\\\/fr\\\/actualite\\\/international\\\/israel-frappe-liran-teheran-crie-a-la-declaration-de-guerre\\\/377383\\\/\",\"name\":\"Isra\u00ebl frappe l\u2019Iran : T\u00e9h\u00e9ran crie \u00e0 la \u00ab d\u00e9claration de guerre \u00bb - webdo\",\"isPartOf\":{\"@id\":\"https:\\\/\\\/www.webdo.tn\\\/fr\\\/#website\"},\"primaryImageOfPage\":{\"@id\":\"https:\\\/\\\/www.webdo.tn\\\/fr\\\/actualite\\\/international\\\/israel-frappe-liran-teheran-crie-a-la-declaration-de-guerre\\\/377383\\\/#primaryimage\"},\"image\":{\"@id\":\"https:\\\/\\\/www.webdo.tn\\\/fr\\\/actualite\\\/international\\\/israel-frappe-liran-teheran-crie-a-la-declaration-de-guerre\\\/377383\\\/#primaryimage\"},\"thumbnailUrl\":\"https:\\\/\\\/www.webdo.tn\\\/fr\\\/wp-content\\\/uploads\\\/2025\\\/06\\\/2111126-teheran-touche-par-des-frappes-israeliennes-israel.jpg\",\"datePublished\":\"2025-06-13T11:37:56+00:00\",\"dateModified\":\"2025-06-14T07:59:44+00:00\",\"description\":\"Les frappes isra\u00e9liennes sont qualifi\u00e9es par T\u00e9h\u00e9ran de d\u00e9claration de guerre. D\u00e9couvrez les cons\u00e9quences de cette escalade.\",\"breadcrumb\":{\"@id\":\"https:\\\/\\\/www.webdo.tn\\\/fr\\\/actualite\\\/international\\\/israel-frappe-liran-teheran-crie-a-la-declaration-de-guerre\\\/377383\\\/#breadcrumb\"},\"inLanguage\":\"fr-FR\",\"potentialAction\":[{\"@type\":\"ReadAction\",\"target\":[\"https:\\\/\\\/www.webdo.tn\\\/fr\\\/actualite\\\/international\\\/israel-frappe-liran-teheran-crie-a-la-declaration-de-guerre\\\/377383\\\/\"]}]},{\"@type\":\"ImageObject\",\"inLanguage\":\"fr-FR\",\"@id\":\"https:\\\/\\\/www.webdo.tn\\\/fr\\\/actualite\\\/international\\\/israel-frappe-liran-teheran-crie-a-la-declaration-de-guerre\\\/377383\\\/#primaryimage\",\"url\":\"https:\\\/\\\/www.webdo.tn\\\/fr\\\/wp-content\\\/uploads\\\/2025\\\/06\\\/2111126-teheran-touche-par-des-frappes-israeliennes-israel.jpg\",\"contentUrl\":\"https:\\\/\\\/www.webdo.tn\\\/fr\\\/wp-content\\\/uploads\\\/2025\\\/06\\\/2111126-teheran-touche-par-des-frappes-israeliennes-israel.jpg\",\"width\":836,\"height\":567},{\"@type\":\"BreadcrumbList\",\"@id\":\"https:\\\/\\\/www.webdo.tn\\\/fr\\\/actualite\\\/international\\\/israel-frappe-liran-teheran-crie-a-la-declaration-de-guerre\\\/377383\\\/#breadcrumb\",\"itemListElement\":[{\"@type\":\"ListItem\",\"position\":1,\"name\":\"Accueil\",\"item\":\"https:\\\/\\\/www.webdo.tn\\\/fr\\\/\"},{\"@type\":\"ListItem\",\"position\":2,\"name\":\"Isra\u00ebl frappe l\u2019Iran : T\u00e9h\u00e9ran crie \u00e0 la \u00ab d\u00e9claration de guerre \u00bb\"}]},{\"@type\":\"WebSite\",\"@id\":\"https:\\\/\\\/www.webdo.tn\\\/fr\\\/#website\",\"url\":\"https:\\\/\\\/www.webdo.tn\\\/fr\\\/\",\"name\":\"webdo\",\"description\":\"Tunisie - News en Tunisie et \u00e0 l&#039;international sur Webdo.tn\",\"publisher\":{\"@id\":\"https:\\\/\\\/www.webdo.tn\\\/fr\\\/#organization\"},\"potentialAction\":[{\"@type\":\"SearchAction\",\"target\":{\"@type\":\"EntryPoint\",\"urlTemplate\":\"https:\\\/\\\/www.webdo.tn\\\/fr\\\/?s={search_term_string}\"},\"query-input\":{\"@type\":\"PropertyValueSpecification\",\"valueRequired\":true,\"valueName\":\"search_term_string\"}}],\"inLanguage\":\"fr-FR\"},{\"@type\":\"Organization\",\"@id\":\"https:\\\/\\\/www.webdo.tn\\\/fr\\\/#organization\",\"name\":\"Webdo\",\"alternateName\":\"Webdo.tn\",\"url\":\"https:\\\/\\\/www.webdo.tn\\\/fr\\\/\",\"logo\":{\"@type\":\"ImageObject\",\"inLanguage\":\"fr-FR\",\"@id\":\"https:\\\/\\\/www.webdo.tn\\\/fr\\\/#\\\/schema\\\/logo\\\/image\\\/\",\"url\":\"https:\\\/\\\/www.webdo.tn\\\/fr\\\/wp-content\\\/uploads\\\/2025\\\/06\\\/Webdo-Tunisie_168377.jpg\",\"contentUrl\":\"https:\\\/\\\/www.webdo.tn\\\/fr\\\/wp-content\\\/uploads\\\/2025\\\/06\\\/Webdo-Tunisie_168377.jpg\",\"width\":301,\"height\":301,\"caption\":\"Webdo\"},\"image\":{\"@id\":\"https:\\\/\\\/www.webdo.tn\\\/fr\\\/#\\\/schema\\\/logo\\\/image\\\/\"},\"sameAs\":[\"https:\\\/\\\/www.facebook.com\\\/webdotn\",\"https:\\\/\\\/x.com\\\/webdo_tn\"],\"description\":\"Webdo est un m\u00e9dia num\u00e9rique tunisien fond\u00e9 en 2010, sp\u00e9cialis\u00e9 dans l\u2019actualit\u00e9 nationale et internationale, l\u2019\u00e9conomie, la soci\u00e9t\u00e9 et les analyses politiques. Le site s\u2019adresse \u00e0 un large public francophone et couvre l\u2019information tunisienne en temps r\u00e9el.\",\"email\":\"redac@webdo.tn\",\"legalName\":\"YNJ SARL\",\"foundingDate\":\"2010-09-06\",\"numberOfEmployees\":{\"@type\":\"QuantitativeValue\",\"minValue\":\"11\",\"maxValue\":\"50\"}},{\"@type\":\"Person\",\"@id\":\"https:\\\/\\\/www.webdo.tn\\\/fr\\\/#\\\/schema\\\/person\\\/c652cd8fc2b1b44412b5ffb48c5a911d\",\"name\":\"Mohamed Hedi Touati\",\"image\":{\"@type\":\"ImageObject\",\"inLanguage\":\"fr-FR\",\"@id\":\"https:\\\/\\\/secure.gravatar.com\\\/avatar\\\/9cfd402c745b7a685f13eed0ea6e59d2144a3c2fc50a3db6fd5ed451f6cddf1a?s=96&d=mm&r=g\",\"url\":\"https:\\\/\\\/secure.gravatar.com\\\/avatar\\\/9cfd402c745b7a685f13eed0ea6e59d2144a3c2fc50a3db6fd5ed451f6cddf1a?s=96&d=mm&r=g\",\"contentUrl\":\"https:\\\/\\\/secure.gravatar.com\\\/avatar\\\/9cfd402c745b7a685f13eed0ea6e59d2144a3c2fc50a3db6fd5ed451f6cddf1a?s=96&d=mm&r=g\",\"caption\":\"Mohamed Hedi Touati\"},\"url\":\"https:\\\/\\\/www.webdo.tn\\\/fr\\\/actualite\\\/author\\\/mohamed-hedi-touati\\\/\"}]}<\/script>\n<!-- \/ Yoast SEO Premium plugin. -->","yoast_head_json":{"title":"Isra\u00ebl frappe l\u2019Iran : T\u00e9h\u00e9ran crie \u00e0 la \u00ab d\u00e9claration de guerre \u00bb - webdo","description":"Les frappes isra\u00e9liennes sont qualifi\u00e9es par T\u00e9h\u00e9ran de d\u00e9claration de guerre. D\u00e9couvrez les cons\u00e9quences de cette escalade.","canonical":"https:\/\/www.webdo.tn\/fr\/actualite\/international\/israel-frappe-liran-teheran-crie-a-la-declaration-de-guerre\/377383\/","og_locale":"fr_FR","og_type":"article","og_title":"Isra\u00ebl frappe l\u2019Iran : T\u00e9h\u00e9ran crie \u00e0 la \u00ab d\u00e9claration de guerre \u00bb","og_description":"Les frappes isra\u00e9liennes sont qualifi\u00e9es par T\u00e9h\u00e9ran de d\u00e9claration de guerre. D\u00e9couvrez les cons\u00e9quences de cette escalade.","og_url":"https:\/\/www.webdo.tn\/fr\/actualite\/international\/israel-frappe-liran-teheran-crie-a-la-declaration-de-guerre\/377383\/","og_site_name":"webdo","article_publisher":"https:\/\/www.facebook.com\/webdotn","article_published_time":"2025-06-13T11:37:56+00:00","article_modified_time":"2025-06-14T07:59:44+00:00","og_image":[{"width":836,"height":567,"url":"https:\/\/www.webdo.tn\/fr\/wp-content\/uploads\/2025\/06\/2111126-teheran-touche-par-des-frappes-israeliennes-israel.jpg","type":"image\/jpeg"}],"author":"Mohamed Hedi Touati","twitter_card":"summary_large_image","twitter_creator":"@webdo_tn","twitter_site":"@webdo_tn","twitter_misc":{"\u00c9crit par":"Mohamed Hedi Touati","Dur\u00e9e de lecture estim\u00e9e":"2 minutes"},"schema":{"@context":"https:\/\/schema.org","@graph":[{"@type":"NewsArticle","@id":"https:\/\/www.webdo.tn\/fr\/actualite\/international\/israel-frappe-liran-teheran-crie-a-la-declaration-de-guerre\/377383\/#article","isPartOf":{"@id":"https:\/\/www.webdo.tn\/fr\/actualite\/international\/israel-frappe-liran-teheran-crie-a-la-declaration-de-guerre\/377383\/"},"author":{"name":"Mohamed Hedi Touati","@id":"https:\/\/www.webdo.tn\/fr\/#\/schema\/person\/c652cd8fc2b1b44412b5ffb48c5a911d"},"headline":"Isra\u00ebl frappe l\u2019Iran : T\u00e9h\u00e9ran crie \u00e0 la \u00ab d\u00e9claration de guerre \u00bb","datePublished":"2025-06-13T11:37:56+00:00","dateModified":"2025-06-14T07:59:44+00:00","mainEntityOfPage":{"@id":"https:\/\/www.webdo.tn\/fr\/actualite\/international\/israel-frappe-liran-teheran-crie-a-la-declaration-de-guerre\/377383\/"},"wordCount":427,"commentCount":0,"publisher":{"@id":"https:\/\/www.webdo.tn\/fr\/#organization"},"image":{"@id":"https:\/\/www.webdo.tn\/fr\/actualite\/international\/israel-frappe-liran-teheran-crie-a-la-declaration-de-guerre\/377383\/#primaryimage"},"thumbnailUrl":"https:\/\/www.webdo.tn\/fr\/wp-content\/uploads\/2025\/06\/2111126-teheran-touche-par-des-frappes-israeliennes-israel.jpg","keywords":["Iran","isra\u00ebl"],"articleSection":["International"],"inLanguage":"fr-FR"},{"@type":"WebPage","@id":"https:\/\/www.webdo.tn\/fr\/actualite\/international\/israel-frappe-liran-teheran-crie-a-la-declaration-de-guerre\/377383\/","url":"https:\/\/www.webdo.tn\/fr\/actualite\/international\/israel-frappe-liran-teheran-crie-a-la-declaration-de-guerre\/377383\/","name":"Isra\u00ebl frappe l\u2019Iran : T\u00e9h\u00e9ran crie \u00e0 la \u00ab d\u00e9claration de guerre \u00bb - webdo","isPartOf":{"@id":"https:\/\/www.webdo.tn\/fr\/#website"},"primaryImageOfPage":{"@id":"https:\/\/www.webdo.tn\/fr\/actualite\/international\/israel-frappe-liran-teheran-crie-a-la-declaration-de-guerre\/377383\/#primaryimage"},"image":{"@id":"https:\/\/www.webdo.tn\/fr\/actualite\/international\/israel-frappe-liran-teheran-crie-a-la-declaration-de-guerre\/377383\/#primaryimage"},"thumbnailUrl":"https:\/\/www.webdo.tn\/fr\/wp-content\/uploads\/2025\/06\/2111126-teheran-touche-par-des-frappes-israeliennes-israel.jpg","datePublished":"2025-06-13T11:37:56+00:00","dateModified":"2025-06-14T07:59:44+00:00","description":"Les frappes isra\u00e9liennes sont qualifi\u00e9es par T\u00e9h\u00e9ran de d\u00e9claration de guerre. D\u00e9couvrez les cons\u00e9quences de cette escalade.","breadcrumb":{"@id":"https:\/\/www.webdo.tn\/fr\/actualite\/international\/israel-frappe-liran-teheran-crie-a-la-declaration-de-guerre\/377383\/#breadcrumb"},"inLanguage":"fr-FR","potentialAction":[{"@type":"ReadAction","target":["https:\/\/www.webdo.tn\/fr\/actualite\/international\/israel-frappe-liran-teheran-crie-a-la-declaration-de-guerre\/377383\/"]}]},{"@type":"ImageObject","inLanguage":"fr-FR","@id":"https:\/\/www.webdo.tn\/fr\/actualite\/international\/israel-frappe-liran-teheran-crie-a-la-declaration-de-guerre\/377383\/#primaryimage","url":"https:\/\/www.webdo.tn\/fr\/wp-content\/uploads\/2025\/06\/2111126-teheran-touche-par-des-frappes-israeliennes-israel.jpg","contentUrl":"https:\/\/www.webdo.tn\/fr\/wp-content\/uploads\/2025\/06\/2111126-teheran-touche-par-des-frappes-israeliennes-israel.jpg","width":836,"height":567},{"@type":"BreadcrumbList","@id":"https:\/\/www.webdo.tn\/fr\/actualite\/international\/israel-frappe-liran-teheran-crie-a-la-declaration-de-guerre\/377383\/#breadcrumb","itemListElement":[{"@type":"ListItem","position":1,"name":"Accueil","item":"https:\/\/www.webdo.tn\/fr\/"},{"@type":"ListItem","position":2,"name":"Isra\u00ebl frappe l\u2019Iran : T\u00e9h\u00e9ran crie \u00e0 la \u00ab d\u00e9claration de guerre \u00bb"}]},{"@type":"WebSite","@id":"https:\/\/www.webdo.tn\/fr\/#website","url":"https:\/\/www.webdo.tn\/fr\/","name":"webdo","description":"Tunisie - News en Tunisie et \u00e0 l&#039;international sur Webdo.tn","publisher":{"@id":"https:\/\/www.webdo.tn\/fr\/#organization"},"potentialAction":[{"@type":"SearchAction","target":{"@type":"EntryPoint","urlTemplate":"https:\/\/www.webdo.tn\/fr\/?s={search_term_string}"},"query-input":{"@type":"PropertyValueSpecification","valueRequired":true,"valueName":"search_term_string"}}],"inLanguage":"fr-FR"},{"@type":"Organization","@id":"https:\/\/www.webdo.tn\/fr\/#organization","name":"Webdo","alternateName":"Webdo.tn","url":"https:\/\/www.webdo.tn\/fr\/","logo":{"@type":"ImageObject","inLanguage":"fr-FR","@id":"https:\/\/www.webdo.tn\/fr\/#\/schema\/logo\/image\/","url":"https:\/\/www.webdo.tn\/fr\/wp-content\/uploads\/2025\/06\/Webdo-Tunisie_168377.jpg","contentUrl":"https:\/\/www.webdo.tn\/fr\/wp-content\/uploads\/2025\/06\/Webdo-Tunisie_168377.jpg","width":301,"height":301,"caption":"Webdo"},"image":{"@id":"https:\/\/www.webdo.tn\/fr\/#\/schema\/logo\/image\/"},"sameAs":["https:\/\/www.facebook.com\/webdotn","https:\/\/x.com\/webdo_tn"],"description":"Webdo est un m\u00e9dia num\u00e9rique tunisien fond\u00e9 en 2010, sp\u00e9cialis\u00e9 dans l\u2019actualit\u00e9 nationale et internationale, l\u2019\u00e9conomie, la soci\u00e9t\u00e9 et les analyses politiques. Le site s\u2019adresse \u00e0 un large public francophone et couvre l\u2019information tunisienne en temps r\u00e9el.","email":"redac@webdo.tn","legalName":"YNJ SARL","foundingDate":"2010-09-06","numberOfEmployees":{"@type":"QuantitativeValue","minValue":"11","maxValue":"50"}},{"@type":"Person","@id":"https:\/\/www.webdo.tn\/fr\/#\/schema\/person\/c652cd8fc2b1b44412b5ffb48c5a911d","name":"Mohamed Hedi Touati","image":{"@type":"ImageObject","inLanguage":"fr-FR","@id":"https:\/\/secure.gravatar.com\/avatar\/9cfd402c745b7a685f13eed0ea6e59d2144a3c2fc50a3db6fd5ed451f6cddf1a?s=96&d=mm&r=g","url":"https:\/\/secure.gravatar.com\/avatar\/9cfd402c745b7a685f13eed0ea6e59d2144a3c2fc50a3db6fd5ed451f6cddf1a?s=96&d=mm&r=g","contentUrl":"https:\/\/secure.gravatar.com\/avatar\/9cfd402c745b7a685f13eed0ea6e59d2144a3c2fc50a3db6fd5ed451f6cddf1a?s=96&d=mm&r=g","caption":"Mohamed Hedi Touati"},"url":"https:\/\/www.webdo.tn\/fr\/actualite\/author\/mohamed-hedi-touati\/"}]}},"_links":{"self":[{"href":"https:\/\/www.webdo.tn\/fr\/wp-json\/wp\/v2\/posts\/377383","targetHints":{"allow":["GET"]}}],"collection":[{"href":"https:\/\/www.webdo.tn\/fr\/wp-json\/wp\/v2\/posts"}],"about":[{"href":"https:\/\/www.webdo.tn\/fr\/wp-json\/wp\/v2\/types\/post"}],"author":[{"embeddable":true,"href":"https:\/\/www.webdo.tn\/fr\/wp-json\/wp\/v2\/users\/3191"}],"replies":[{"embeddable":true,"href":"https:\/\/www.webdo.tn\/fr\/wp-json\/wp\/v2\/comments?post=377383"}],"version-history":[{"count":0,"href":"https:\/\/www.webdo.tn\/fr\/wp-json\/wp\/v2\/posts\/377383\/revisions"}],"wp:featuredmedia":[{"embeddable":true,"href":"https:\/\/www.webdo.tn\/fr\/wp-json\/wp\/v2\/media\/377386"}],"wp:attachment":[{"href":"https:\/\/www.webdo.tn\/fr\/wp-json\/wp\/v2\/media?parent=377383"}],"wp:term":[{"taxonomy":"category","embeddable":true,"href":"https:\/\/www.webdo.tn\/fr\/wp-json\/wp\/v2\/categories?post=377383"},{"taxonomy":"post_tag","embeddable":true,"href":"https:\/\/www.webdo.tn\/fr\/wp-json\/wp\/v2\/tags?post=377383"}],"curies":[{"name":"wp","href":"https:\/\/api.w.org\/{rel}","templated":true}]}}