{"id":377374,"date":"2025-06-13T11:35:34","date_gmt":"2025-06-13T10:35:34","guid":{"rendered":"https:\/\/www.webdo.tn\/fr\/?p=377374"},"modified":"2025-06-13T12:30:23","modified_gmt":"2025-06-13T11:30:23","slug":"bloque-en-iran-le-journaliste-ala-chebbi-livre-son-temoignage","status":"publish","type":"post","link":"https:\/\/www.webdo.tn\/fr\/actualite\/divers\/bloque-en-iran-le-journaliste-ala-chebbi-livre-son-temoignage\/377374\/","title":{"rendered":"Bloqu\u00e9 en Iran, le journaliste Ala Chebbi livre son t\u00e9moignage"},"content":{"rendered":"\n<p><strong>L\u2019attaque lanc\u00e9e par Isra\u00ebl contre l\u2019Iran, la nuit derni\u00e8re en a surpris plus d\u2019un dont la journaliste tunisien Ala Chebbi. Celui-ci est actuellement en Iran avec son \u00e9pouse en tant que touriste.<\/strong><\/p>\n\n\n\n<p>Contact\u00e9 par la radio Express fm pour livrer son t\u00e9moignage, le journaliste a tenu \u00e0 rassurer tout le monde. Dans son t\u00e9moignage il r\u00e9v\u00e8le qu\u2019il est pr\u00e9sent dans l\u2019ouest de l\u2019Iran, assez loin de la s\u00e9rie de frappes cibl\u00e9es contre plusieurs sites strat\u00e9giques dans le nord.<\/p>\n\n\n\n<p>Malgr\u00e9 cette attaque, la vie est normale l\u00e0 o\u00f9 il se trouve actuellement et rien n\u2019est venu perturber les habitudes des habitants et des quelques touristes \u00e9trangers dont des Am\u00e9ricains.<\/p>\n\n\n\n<p>Il a toutefois exprim\u00e9 son souhait de rentrer au plus vite en Tunisie sachant que l\u2019espace a\u00e9rien iranien a \u00e9t\u00e9 ferm\u00e9, mais il esp\u00e8re revenir par voie terrestre via la Turquie. Il a \u00e9galement indiqu\u00e9 avoir \u00e9t\u00e9 contact\u00e9 personnellement par l\u2019ambassadeur de Tunisie en Iran.<\/p>\n\n\n\n<p>Ala Chebbi devra donc attendre que la situation se calme pour pouvoir esp\u00e9rer revenir en Tunisie. Dans ce contexte bien pr\u00e9cis, le journaliste Samir Ouafi a tenu \u00e0 pr\u00e9ciser dans un message publi\u00e9 sur Facebook mercredi, qu\u2019il avait, lui aussi, \u00e9t\u00e9 invit\u00e9 \u00e0 passer quelques jours en Iran mais qu\u2019il avait choisi de d\u00e9cliner l\u2019invitation pour des raisons professionnelles.<\/p>\n\n\n\n<p>\u00ab\u00a0J&rsquo;avais \u00e9t\u00e9 invit\u00e9 en Iran par une partie officielle iranienne, dans le cadre d&rsquo;une d\u00e9l\u00e9gation m\u00e9diatique tunisienne restreinte, partie il y a deux jours, pour d\u00e9couvrir l&rsquo;Iran de pr\u00e8s et pour la premi\u00e8re fois. Le programme de la visite, pr\u00e9vu pour une semaine, \u00e9tait passionnant et bien organis\u00e9, sous la supervision de l\u2019\u00c9tat iranien. (\u2026).<\/p>\n\n\n\n<p>Je remercie l\u2019\u00c9tat iranien, son ambassade ainsi que son centre culturel \u00e0 Tunis pour cette aimable invitation et pour leur insistance \u00e0 ce que je participe jusqu\u2019au dernier moment. Je leur pr\u00e9sente mes excuses pour mon absence, et j\u2019esp\u00e8re avoir une prochaine occasion pour visiter l\u2019Iran et d\u00e9couvrir r\u00e9ellement sa civilisation\u00a0\u00bb.<\/p>\n\n\n\n<iframe src=\"https:\/\/www.facebook.com\/plugins\/video.php?height=314&#038;href=https%3A%2F%2Fwww.facebook.com%2FExpressFmTN%2Fvideos%2F721979833570421%2F&#038;show_text=false&#038;width=560&#038;t=0\" width=\"560\" height=\"314\" style=\"border:none;overflow:hidden\" scrolling=\"no\" frameborder=\"0\" allowfullscreen=\"true\" allow=\"autoplay; clipboard-write; encrypted-media; picture-in-picture; web-share\" allowFullScreen=\"true\"><\/iframe>\n","protected":false},"excerpt":{"rendered":"<p>L\u2019attaque lanc\u00e9e par Isra\u00ebl contre l\u2019Iran, la nuit derni\u00e8re en a surpris plus d\u2019un dont la journaliste tunisien Ala Chebbi. Celui-ci est actuellement en Iran avec son \u00e9pouse en tant que touriste. Contact\u00e9 par la radio Express fm pour livrer son t\u00e9moignage, le journaliste a tenu \u00e0 rassurer tout le monde. Dans son t\u00e9moignage il [&hellip;]<\/p>\n","protected":false},"author":3191,"featured_media":377375,"comment_status":"open","ping_status":"open","sticky":false,"template":"","format":"standard","meta":{"footnotes":""},"categories":[2839],"tags":[11924,2608],"class_list":["post-377374","post","type-post","status-publish","format-standard","has-post-thumbnail","hentry","category-divers","tag-ala-chebbi","tag-tunisie"],"yoast_head":"<!-- This site is optimized with the Yoast SEO Premium plugin v27.5 (Yoast SEO v27.5) - https:\/\/yoast.com\/product\/yoast-seo-premium-wordpress\/ -->\n<title>Bloqu\u00e9 en Iran, le journaliste Ala Chebbi livre son t\u00e9moignage - webdo<\/title>\n<meta name=\"description\" content=\"D\u00e9couvrez le t\u00e9moignage de le journaliste Ala Chebbi sur l&#039;attaque d&#039;Isra\u00ebl en Iran et la vie normale qu&#039;il observe l\u00e0-bas.\" \/>\n<link rel=\"canonical\" href=\"https:\/\/www.webdo.tn\/fr\/actualite\/divers\/bloque-en-iran-le-journaliste-ala-chebbi-livre-son-temoignage\/377374\/\" \/>\n<meta property=\"og:locale\" content=\"fr_FR\" \/>\n<meta property=\"og:type\" content=\"article\" \/>\n<meta property=\"og:title\" content=\"Bloqu\u00e9 en Iran, le journaliste Ala Chebbi livre son t\u00e9moignage\" \/>\n<meta property=\"og:description\" content=\"D\u00e9couvrez le t\u00e9moignage de le journaliste Ala Chebbi sur l&#039;attaque d&#039;Isra\u00ebl en Iran et la vie normale qu&#039;il observe l\u00e0-bas.\" \/>\n<meta property=\"og:url\" content=\"https:\/\/www.webdo.tn\/fr\/actualite\/divers\/bloque-en-iran-le-journaliste-ala-chebbi-livre-son-temoignage\/377374\/\" \/>\n<meta property=\"og:site_name\" content=\"webdo\" \/>\n<meta property=\"article:publisher\" content=\"https:\/\/www.facebook.com\/webdotn\" \/>\n<meta property=\"article:published_time\" content=\"2025-06-13T10:35:34+00:00\" \/>\n<meta property=\"article:modified_time\" content=\"2025-06-13T11:30:23+00:00\" \/>\n<meta property=\"og:image\" content=\"https:\/\/www.webdo.tn\/fr\/wp-content\/uploads\/2025\/06\/Capture-decran-2025-06-13-113326.png\" \/>\n\t<meta property=\"og:image:width\" content=\"685\" \/>\n\t<meta property=\"og:image:height\" content=\"409\" \/>\n\t<meta property=\"og:image:type\" content=\"image\/png\" \/>\n<meta name=\"author\" content=\"Mohamed Hedi Touati\" \/>\n<meta name=\"twitter:card\" content=\"summary_large_image\" \/>\n<meta name=\"twitter:creator\" content=\"@webdo_tn\" \/>\n<meta name=\"twitter:site\" content=\"@webdo_tn\" \/>\n<meta name=\"twitter:label1\" content=\"\u00c9crit par\" \/>\n\t<meta name=\"twitter:data1\" content=\"Mohamed Hedi Touati\" \/>\n\t<meta name=\"twitter:label2\" content=\"Dur\u00e9e de lecture estim\u00e9e\" \/>\n\t<meta name=\"twitter:data2\" content=\"2 minutes\" \/>\n<script type=\"application\/ld+json\" class=\"yoast-schema-graph\">{\"@context\":\"https:\\\/\\\/schema.org\",\"@graph\":[{\"@type\":\"NewsArticle\",\"@id\":\"https:\\\/\\\/www.webdo.tn\\\/fr\\\/actualite\\\/divers\\\/bloque-en-iran-le-journaliste-ala-chebbi-livre-son-temoignage\\\/377374\\\/#article\",\"isPartOf\":{\"@id\":\"https:\\\/\\\/www.webdo.tn\\\/fr\\\/actualite\\\/divers\\\/bloque-en-iran-le-journaliste-ala-chebbi-livre-son-temoignage\\\/377374\\\/\"},\"author\":{\"name\":\"Mohamed Hedi Touati\",\"@id\":\"https:\\\/\\\/www.webdo.tn\\\/fr\\\/#\\\/schema\\\/person\\\/c652cd8fc2b1b44412b5ffb48c5a911d\"},\"headline\":\"Bloqu\u00e9 en Iran, le journaliste Ala Chebbi livre son t\u00e9moignage\",\"datePublished\":\"2025-06-13T10:35:34+00:00\",\"dateModified\":\"2025-06-13T11:30:23+00:00\",\"mainEntityOfPage\":{\"@id\":\"https:\\\/\\\/www.webdo.tn\\\/fr\\\/actualite\\\/divers\\\/bloque-en-iran-le-journaliste-ala-chebbi-livre-son-temoignage\\\/377374\\\/\"},\"wordCount\":372,\"commentCount\":0,\"publisher\":{\"@id\":\"https:\\\/\\\/www.webdo.tn\\\/fr\\\/#organization\"},\"image\":{\"@id\":\"https:\\\/\\\/www.webdo.tn\\\/fr\\\/actualite\\\/divers\\\/bloque-en-iran-le-journaliste-ala-chebbi-livre-son-temoignage\\\/377374\\\/#primaryimage\"},\"thumbnailUrl\":\"https:\\\/\\\/www.webdo.tn\\\/fr\\\/wp-content\\\/uploads\\\/2025\\\/06\\\/Capture-decran-2025-06-13-113326.png\",\"keywords\":[\"Ala chebbi\",\"Tunisie\"],\"articleSection\":[\"Divers\"],\"inLanguage\":\"fr-FR\"},{\"@type\":\"WebPage\",\"@id\":\"https:\\\/\\\/www.webdo.tn\\\/fr\\\/actualite\\\/divers\\\/bloque-en-iran-le-journaliste-ala-chebbi-livre-son-temoignage\\\/377374\\\/\",\"url\":\"https:\\\/\\\/www.webdo.tn\\\/fr\\\/actualite\\\/divers\\\/bloque-en-iran-le-journaliste-ala-chebbi-livre-son-temoignage\\\/377374\\\/\",\"name\":\"Bloqu\u00e9 en Iran, le journaliste Ala Chebbi livre son t\u00e9moignage - webdo\",\"isPartOf\":{\"@id\":\"https:\\\/\\\/www.webdo.tn\\\/fr\\\/#website\"},\"primaryImageOfPage\":{\"@id\":\"https:\\\/\\\/www.webdo.tn\\\/fr\\\/actualite\\\/divers\\\/bloque-en-iran-le-journaliste-ala-chebbi-livre-son-temoignage\\\/377374\\\/#primaryimage\"},\"image\":{\"@id\":\"https:\\\/\\\/www.webdo.tn\\\/fr\\\/actualite\\\/divers\\\/bloque-en-iran-le-journaliste-ala-chebbi-livre-son-temoignage\\\/377374\\\/#primaryimage\"},\"thumbnailUrl\":\"https:\\\/\\\/www.webdo.tn\\\/fr\\\/wp-content\\\/uploads\\\/2025\\\/06\\\/Capture-decran-2025-06-13-113326.png\",\"datePublished\":\"2025-06-13T10:35:34+00:00\",\"dateModified\":\"2025-06-13T11:30:23+00:00\",\"description\":\"D\u00e9couvrez le t\u00e9moignage de le journaliste Ala Chebbi sur l'attaque d'Isra\u00ebl en Iran et la vie normale qu'il observe l\u00e0-bas.\",\"breadcrumb\":{\"@id\":\"https:\\\/\\\/www.webdo.tn\\\/fr\\\/actualite\\\/divers\\\/bloque-en-iran-le-journaliste-ala-chebbi-livre-son-temoignage\\\/377374\\\/#breadcrumb\"},\"inLanguage\":\"fr-FR\",\"potentialAction\":[{\"@type\":\"ReadAction\",\"target\":[\"https:\\\/\\\/www.webdo.tn\\\/fr\\\/actualite\\\/divers\\\/bloque-en-iran-le-journaliste-ala-chebbi-livre-son-temoignage\\\/377374\\\/\"]}]},{\"@type\":\"ImageObject\",\"inLanguage\":\"fr-FR\",\"@id\":\"https:\\\/\\\/www.webdo.tn\\\/fr\\\/actualite\\\/divers\\\/bloque-en-iran-le-journaliste-ala-chebbi-livre-son-temoignage\\\/377374\\\/#primaryimage\",\"url\":\"https:\\\/\\\/www.webdo.tn\\\/fr\\\/wp-content\\\/uploads\\\/2025\\\/06\\\/Capture-decran-2025-06-13-113326.png\",\"contentUrl\":\"https:\\\/\\\/www.webdo.tn\\\/fr\\\/wp-content\\\/uploads\\\/2025\\\/06\\\/Capture-decran-2025-06-13-113326.png\",\"width\":685,\"height\":409},{\"@type\":\"BreadcrumbList\",\"@id\":\"https:\\\/\\\/www.webdo.tn\\\/fr\\\/actualite\\\/divers\\\/bloque-en-iran-le-journaliste-ala-chebbi-livre-son-temoignage\\\/377374\\\/#breadcrumb\",\"itemListElement\":[{\"@type\":\"ListItem\",\"position\":1,\"name\":\"Accueil\",\"item\":\"https:\\\/\\\/www.webdo.tn\\\/fr\\\/\"},{\"@type\":\"ListItem\",\"position\":2,\"name\":\"Bloqu\u00e9 en Iran, le journaliste Ala Chebbi livre son t\u00e9moignage\"}]},{\"@type\":\"WebSite\",\"@id\":\"https:\\\/\\\/www.webdo.tn\\\/fr\\\/#website\",\"url\":\"https:\\\/\\\/www.webdo.tn\\\/fr\\\/\",\"name\":\"webdo\",\"description\":\"Tunisie - News en Tunisie et \u00e0 l&#039;international sur Webdo.tn\",\"publisher\":{\"@id\":\"https:\\\/\\\/www.webdo.tn\\\/fr\\\/#organization\"},\"potentialAction\":[{\"@type\":\"SearchAction\",\"target\":{\"@type\":\"EntryPoint\",\"urlTemplate\":\"https:\\\/\\\/www.webdo.tn\\\/fr\\\/?s={search_term_string}\"},\"query-input\":{\"@type\":\"PropertyValueSpecification\",\"valueRequired\":true,\"valueName\":\"search_term_string\"}}],\"inLanguage\":\"fr-FR\"},{\"@type\":\"Organization\",\"@id\":\"https:\\\/\\\/www.webdo.tn\\\/fr\\\/#organization\",\"name\":\"Webdo\",\"alternateName\":\"Webdo.tn\",\"url\":\"https:\\\/\\\/www.webdo.tn\\\/fr\\\/\",\"logo\":{\"@type\":\"ImageObject\",\"inLanguage\":\"fr-FR\",\"@id\":\"https:\\\/\\\/www.webdo.tn\\\/fr\\\/#\\\/schema\\\/logo\\\/image\\\/\",\"url\":\"https:\\\/\\\/www.webdo.tn\\\/fr\\\/wp-content\\\/uploads\\\/2025\\\/06\\\/Webdo-Tunisie_168377.jpg\",\"contentUrl\":\"https:\\\/\\\/www.webdo.tn\\\/fr\\\/wp-content\\\/uploads\\\/2025\\\/06\\\/Webdo-Tunisie_168377.jpg\",\"width\":301,\"height\":301,\"caption\":\"Webdo\"},\"image\":{\"@id\":\"https:\\\/\\\/www.webdo.tn\\\/fr\\\/#\\\/schema\\\/logo\\\/image\\\/\"},\"sameAs\":[\"https:\\\/\\\/www.facebook.com\\\/webdotn\",\"https:\\\/\\\/x.com\\\/webdo_tn\"],\"description\":\"Webdo est un m\u00e9dia num\u00e9rique tunisien fond\u00e9 en 2010, sp\u00e9cialis\u00e9 dans l\u2019actualit\u00e9 nationale et internationale, l\u2019\u00e9conomie, la soci\u00e9t\u00e9 et les analyses politiques. Le site s\u2019adresse \u00e0 un large public francophone et couvre l\u2019information tunisienne en temps r\u00e9el.\",\"email\":\"redac@webdo.tn\",\"legalName\":\"YNJ SARL\",\"foundingDate\":\"2010-09-06\",\"numberOfEmployees\":{\"@type\":\"QuantitativeValue\",\"minValue\":\"11\",\"maxValue\":\"50\"}},{\"@type\":\"Person\",\"@id\":\"https:\\\/\\\/www.webdo.tn\\\/fr\\\/#\\\/schema\\\/person\\\/c652cd8fc2b1b44412b5ffb48c5a911d\",\"name\":\"Mohamed Hedi Touati\",\"image\":{\"@type\":\"ImageObject\",\"inLanguage\":\"fr-FR\",\"@id\":\"https:\\\/\\\/secure.gravatar.com\\\/avatar\\\/9cfd402c745b7a685f13eed0ea6e59d2144a3c2fc50a3db6fd5ed451f6cddf1a?s=96&d=mm&r=g\",\"url\":\"https:\\\/\\\/secure.gravatar.com\\\/avatar\\\/9cfd402c745b7a685f13eed0ea6e59d2144a3c2fc50a3db6fd5ed451f6cddf1a?s=96&d=mm&r=g\",\"contentUrl\":\"https:\\\/\\\/secure.gravatar.com\\\/avatar\\\/9cfd402c745b7a685f13eed0ea6e59d2144a3c2fc50a3db6fd5ed451f6cddf1a?s=96&d=mm&r=g\",\"caption\":\"Mohamed Hedi Touati\"},\"url\":\"https:\\\/\\\/www.webdo.tn\\\/fr\\\/actualite\\\/author\\\/mohamed-hedi-touati\\\/\"}]}<\/script>\n<!-- \/ Yoast SEO Premium plugin. -->","yoast_head_json":{"title":"Bloqu\u00e9 en Iran, le journaliste Ala Chebbi livre son t\u00e9moignage - webdo","description":"D\u00e9couvrez le t\u00e9moignage de le journaliste Ala Chebbi sur l'attaque d'Isra\u00ebl en Iran et la vie normale qu'il observe l\u00e0-bas.","canonical":"https:\/\/www.webdo.tn\/fr\/actualite\/divers\/bloque-en-iran-le-journaliste-ala-chebbi-livre-son-temoignage\/377374\/","og_locale":"fr_FR","og_type":"article","og_title":"Bloqu\u00e9 en Iran, le journaliste Ala Chebbi livre son t\u00e9moignage","og_description":"D\u00e9couvrez le t\u00e9moignage de le journaliste Ala Chebbi sur l'attaque d'Isra\u00ebl en Iran et la vie normale qu'il observe l\u00e0-bas.","og_url":"https:\/\/www.webdo.tn\/fr\/actualite\/divers\/bloque-en-iran-le-journaliste-ala-chebbi-livre-son-temoignage\/377374\/","og_site_name":"webdo","article_publisher":"https:\/\/www.facebook.com\/webdotn","article_published_time":"2025-06-13T10:35:34+00:00","article_modified_time":"2025-06-13T11:30:23+00:00","og_image":[{"width":685,"height":409,"url":"https:\/\/www.webdo.tn\/fr\/wp-content\/uploads\/2025\/06\/Capture-decran-2025-06-13-113326.png","type":"image\/png"}],"author":"Mohamed Hedi Touati","twitter_card":"summary_large_image","twitter_creator":"@webdo_tn","twitter_site":"@webdo_tn","twitter_misc":{"\u00c9crit par":"Mohamed Hedi Touati","Dur\u00e9e de lecture estim\u00e9e":"2 minutes"},"schema":{"@context":"https:\/\/schema.org","@graph":[{"@type":"NewsArticle","@id":"https:\/\/www.webdo.tn\/fr\/actualite\/divers\/bloque-en-iran-le-journaliste-ala-chebbi-livre-son-temoignage\/377374\/#article","isPartOf":{"@id":"https:\/\/www.webdo.tn\/fr\/actualite\/divers\/bloque-en-iran-le-journaliste-ala-chebbi-livre-son-temoignage\/377374\/"},"author":{"name":"Mohamed Hedi Touati","@id":"https:\/\/www.webdo.tn\/fr\/#\/schema\/person\/c652cd8fc2b1b44412b5ffb48c5a911d"},"headline":"Bloqu\u00e9 en Iran, le journaliste Ala Chebbi livre son t\u00e9moignage","datePublished":"2025-06-13T10:35:34+00:00","dateModified":"2025-06-13T11:30:23+00:00","mainEntityOfPage":{"@id":"https:\/\/www.webdo.tn\/fr\/actualite\/divers\/bloque-en-iran-le-journaliste-ala-chebbi-livre-son-temoignage\/377374\/"},"wordCount":372,"commentCount":0,"publisher":{"@id":"https:\/\/www.webdo.tn\/fr\/#organization"},"image":{"@id":"https:\/\/www.webdo.tn\/fr\/actualite\/divers\/bloque-en-iran-le-journaliste-ala-chebbi-livre-son-temoignage\/377374\/#primaryimage"},"thumbnailUrl":"https:\/\/www.webdo.tn\/fr\/wp-content\/uploads\/2025\/06\/Capture-decran-2025-06-13-113326.png","keywords":["Ala chebbi","Tunisie"],"articleSection":["Divers"],"inLanguage":"fr-FR"},{"@type":"WebPage","@id":"https:\/\/www.webdo.tn\/fr\/actualite\/divers\/bloque-en-iran-le-journaliste-ala-chebbi-livre-son-temoignage\/377374\/","url":"https:\/\/www.webdo.tn\/fr\/actualite\/divers\/bloque-en-iran-le-journaliste-ala-chebbi-livre-son-temoignage\/377374\/","name":"Bloqu\u00e9 en Iran, le journaliste Ala Chebbi livre son t\u00e9moignage - webdo","isPartOf":{"@id":"https:\/\/www.webdo.tn\/fr\/#website"},"primaryImageOfPage":{"@id":"https:\/\/www.webdo.tn\/fr\/actualite\/divers\/bloque-en-iran-le-journaliste-ala-chebbi-livre-son-temoignage\/377374\/#primaryimage"},"image":{"@id":"https:\/\/www.webdo.tn\/fr\/actualite\/divers\/bloque-en-iran-le-journaliste-ala-chebbi-livre-son-temoignage\/377374\/#primaryimage"},"thumbnailUrl":"https:\/\/www.webdo.tn\/fr\/wp-content\/uploads\/2025\/06\/Capture-decran-2025-06-13-113326.png","datePublished":"2025-06-13T10:35:34+00:00","dateModified":"2025-06-13T11:30:23+00:00","description":"D\u00e9couvrez le t\u00e9moignage de le journaliste Ala Chebbi sur l'attaque d'Isra\u00ebl en Iran et la vie normale qu'il observe l\u00e0-bas.","breadcrumb":{"@id":"https:\/\/www.webdo.tn\/fr\/actualite\/divers\/bloque-en-iran-le-journaliste-ala-chebbi-livre-son-temoignage\/377374\/#breadcrumb"},"inLanguage":"fr-FR","potentialAction":[{"@type":"ReadAction","target":["https:\/\/www.webdo.tn\/fr\/actualite\/divers\/bloque-en-iran-le-journaliste-ala-chebbi-livre-son-temoignage\/377374\/"]}]},{"@type":"ImageObject","inLanguage":"fr-FR","@id":"https:\/\/www.webdo.tn\/fr\/actualite\/divers\/bloque-en-iran-le-journaliste-ala-chebbi-livre-son-temoignage\/377374\/#primaryimage","url":"https:\/\/www.webdo.tn\/fr\/wp-content\/uploads\/2025\/06\/Capture-decran-2025-06-13-113326.png","contentUrl":"https:\/\/www.webdo.tn\/fr\/wp-content\/uploads\/2025\/06\/Capture-decran-2025-06-13-113326.png","width":685,"height":409},{"@type":"BreadcrumbList","@id":"https:\/\/www.webdo.tn\/fr\/actualite\/divers\/bloque-en-iran-le-journaliste-ala-chebbi-livre-son-temoignage\/377374\/#breadcrumb","itemListElement":[{"@type":"ListItem","position":1,"name":"Accueil","item":"https:\/\/www.webdo.tn\/fr\/"},{"@type":"ListItem","position":2,"name":"Bloqu\u00e9 en Iran, le journaliste Ala Chebbi livre son t\u00e9moignage"}]},{"@type":"WebSite","@id":"https:\/\/www.webdo.tn\/fr\/#website","url":"https:\/\/www.webdo.tn\/fr\/","name":"webdo","description":"Tunisie - News en Tunisie et \u00e0 l&#039;international sur Webdo.tn","publisher":{"@id":"https:\/\/www.webdo.tn\/fr\/#organization"},"potentialAction":[{"@type":"SearchAction","target":{"@type":"EntryPoint","urlTemplate":"https:\/\/www.webdo.tn\/fr\/?s={search_term_string}"},"query-input":{"@type":"PropertyValueSpecification","valueRequired":true,"valueName":"search_term_string"}}],"inLanguage":"fr-FR"},{"@type":"Organization","@id":"https:\/\/www.webdo.tn\/fr\/#organization","name":"Webdo","alternateName":"Webdo.tn","url":"https:\/\/www.webdo.tn\/fr\/","logo":{"@type":"ImageObject","inLanguage":"fr-FR","@id":"https:\/\/www.webdo.tn\/fr\/#\/schema\/logo\/image\/","url":"https:\/\/www.webdo.tn\/fr\/wp-content\/uploads\/2025\/06\/Webdo-Tunisie_168377.jpg","contentUrl":"https:\/\/www.webdo.tn\/fr\/wp-content\/uploads\/2025\/06\/Webdo-Tunisie_168377.jpg","width":301,"height":301,"caption":"Webdo"},"image":{"@id":"https:\/\/www.webdo.tn\/fr\/#\/schema\/logo\/image\/"},"sameAs":["https:\/\/www.facebook.com\/webdotn","https:\/\/x.com\/webdo_tn"],"description":"Webdo est un m\u00e9dia num\u00e9rique tunisien fond\u00e9 en 2010, sp\u00e9cialis\u00e9 dans l\u2019actualit\u00e9 nationale et internationale, l\u2019\u00e9conomie, la soci\u00e9t\u00e9 et les analyses politiques. Le site s\u2019adresse \u00e0 un large public francophone et couvre l\u2019information tunisienne en temps r\u00e9el.","email":"redac@webdo.tn","legalName":"YNJ SARL","foundingDate":"2010-09-06","numberOfEmployees":{"@type":"QuantitativeValue","minValue":"11","maxValue":"50"}},{"@type":"Person","@id":"https:\/\/www.webdo.tn\/fr\/#\/schema\/person\/c652cd8fc2b1b44412b5ffb48c5a911d","name":"Mohamed Hedi Touati","image":{"@type":"ImageObject","inLanguage":"fr-FR","@id":"https:\/\/secure.gravatar.com\/avatar\/9cfd402c745b7a685f13eed0ea6e59d2144a3c2fc50a3db6fd5ed451f6cddf1a?s=96&d=mm&r=g","url":"https:\/\/secure.gravatar.com\/avatar\/9cfd402c745b7a685f13eed0ea6e59d2144a3c2fc50a3db6fd5ed451f6cddf1a?s=96&d=mm&r=g","contentUrl":"https:\/\/secure.gravatar.com\/avatar\/9cfd402c745b7a685f13eed0ea6e59d2144a3c2fc50a3db6fd5ed451f6cddf1a?s=96&d=mm&r=g","caption":"Mohamed Hedi Touati"},"url":"https:\/\/www.webdo.tn\/fr\/actualite\/author\/mohamed-hedi-touati\/"}]}},"_links":{"self":[{"href":"https:\/\/www.webdo.tn\/fr\/wp-json\/wp\/v2\/posts\/377374","targetHints":{"allow":["GET"]}}],"collection":[{"href":"https:\/\/www.webdo.tn\/fr\/wp-json\/wp\/v2\/posts"}],"about":[{"href":"https:\/\/www.webdo.tn\/fr\/wp-json\/wp\/v2\/types\/post"}],"author":[{"embeddable":true,"href":"https:\/\/www.webdo.tn\/fr\/wp-json\/wp\/v2\/users\/3191"}],"replies":[{"embeddable":true,"href":"https:\/\/www.webdo.tn\/fr\/wp-json\/wp\/v2\/comments?post=377374"}],"version-history":[{"count":0,"href":"https:\/\/www.webdo.tn\/fr\/wp-json\/wp\/v2\/posts\/377374\/revisions"}],"wp:featuredmedia":[{"embeddable":true,"href":"https:\/\/www.webdo.tn\/fr\/wp-json\/wp\/v2\/media\/377375"}],"wp:attachment":[{"href":"https:\/\/www.webdo.tn\/fr\/wp-json\/wp\/v2\/media?parent=377374"}],"wp:term":[{"taxonomy":"category","embeddable":true,"href":"https:\/\/www.webdo.tn\/fr\/wp-json\/wp\/v2\/categories?post=377374"},{"taxonomy":"post_tag","embeddable":true,"href":"https:\/\/www.webdo.tn\/fr\/wp-json\/wp\/v2\/tags?post=377374"}],"curies":[{"name":"wp","href":"https:\/\/api.w.org\/{rel}","templated":true}]}}