{"id":377369,"date":"2025-06-13T10:15:07","date_gmt":"2025-06-13T09:15:07","guid":{"rendered":"https:\/\/www.webdo.tn\/fr\/?p=377369"},"modified":"2025-06-14T08:58:59","modified_gmt":"2025-06-14T07:58:59","slug":"la-russie-condamne-lescalade-apres-les-frappes-israeliennes-en-iran","status":"publish","type":"post","link":"https:\/\/www.webdo.tn\/fr\/actualite\/international\/la-russie-condamne-lescalade-apres-les-frappes-israeliennes-en-iran\/377369\/","title":{"rendered":"La Russie condamne \u00ab\u00a0l\u2019escalade\u00a0\u00bb apr\u00e8s les frappes isra\u00e9liennes en Iran"},"content":{"rendered":"\n<p><strong>Au lendemain de frappes isra\u00e9liennes sur des sites nucl\u00e9aires et militaires en Iran, la Russie exprime sa \u00ab\u202fprofonde pr\u00e9occupation\u202f\u00bb et condamne une \u00ab\u202fescalade dangereuse\u202f\u00bb au Moyen-Orient. Moscou, alli\u00e9 strat\u00e9gique de T\u00e9h\u00e9ran, appelle \u00e0 la retenue tout en mettant en garde contre le risque d\u2019un embrasement r\u00e9gional majeur.<\/strong><\/p>\n\n\n\n<p>La Russie a exprim\u00e9, ce vendredi 13\u202fjuin, sa profonde pr\u00e9occupation et condamn\u00e9 fermement la \u00ab forte escalade des tensions \u00bb apr\u00e8s les frappes a\u00e9riennes isra\u00e9liennes ayant vis\u00e9 des installations nucl\u00e9aires et militaires en Iran.<\/p>\n\n\n\n<p>Le porte-parole du Kremlin, Dmitri\u202fPeskov, a assur\u00e9 que le pr\u00e9sident Vladimir\u202fPoutine \u00e9tait tenu \u00ab inform\u00e9 en temps r\u00e9el \u00bb de l\u2019\u00e9volution des \u00e9v\u00e9nements. Dans la foul\u00e9e, l\u2019ambassade russe en Isra\u00ebl a d\u00e9conseill\u00e9 tout d\u00e9placement vers ce pays.<\/p>\n\n\n\n<p>Moscou rappelle r\u00e9guli\u00e8rement sa position : toute action militaire contre les installations nucl\u00e9aires iraniennes doit \u00eatre exclue, invoquant le risque d\u2019une \u00ab catastrophe r\u00e9gionale \u00bb. D\u00e9but avril, M.\u202fPeskov avait d\u00e9j\u00e0 soulign\u00e9 la n\u00e9cessit\u00e9 d\u2019un r\u00e8glement diplomatique des tensions li\u00e9es au nucl\u00e9aire iranien.<\/p>\n\n\n\n<p>La visite surprise du pr\u00e9sident Poutine en Iran en janvier 2025 avait renforc\u00e9 les liens entre les deux pays : un trait\u00e9 strat\u00e9gique global de coop\u00e9ration a \u00e9t\u00e9 sign\u00e9, couvrant l\u2019\u00e9nergie nucl\u00e9aire civile, la d\u00e9fense, le commerce et la mise en place d\u2019un corridor \u00e9conomique reliant la Russie \u00e0 l\u2019Inde via l\u2019Iran.<\/p>\n\n\n\n<p>Pourtant, cette alliance reste prudente : si la Russie soutient des sanctions l\u00e9gales et non militaires contre l&rsquo;Iran, le partenariat ne comprend pas d&rsquo;engagement de d\u00e9fense mutuelle.<\/p>\n\n\n\n<p>En avril dernier Moscou avait mis en garde contre toute frappe visant les sites nucl\u00e9aires iraniens, avertissant qu\u2019une telle action pourrait d\u00e9clencher une \u00ab catastrophe r\u00e9gionale \u00bb.<\/p>\n\n\n\n<p>La Russie avertit que les frappes de l\u2019op\u00e9ration isra\u00e9lienne dite Operation Rising Lion &#8211; ayant touch\u00e9 jusqu\u2019\u00e0 100 installations dont des sites nucl\u00e9aires &#8211; risquent de d\u00e9clencher une spirale incontr\u00f4lable<\/p>\n\n\n\n<p>Les d\u00e9clarations russes et les initiatives diplomatiques dans les prochains jours seront d\u00e9terminantes pour savoir si la r\u00e9gion s\u2019approchera de la guerre ou si une d\u00e9sescalade ma\u00eetris\u00e9e sera possible.<\/p>\n","protected":false},"excerpt":{"rendered":"<p>Au lendemain de frappes isra\u00e9liennes sur des sites nucl\u00e9aires et militaires en Iran, la Russie exprime sa \u00ab\u202fprofonde pr\u00e9occupation\u202f\u00bb et condamne une \u00ab\u202fescalade dangereuse\u202f\u00bb au Moyen-Orient. Moscou, alli\u00e9 strat\u00e9gique de T\u00e9h\u00e9ran, appelle \u00e0 la retenue tout en mettant en garde contre le risque d\u2019un embrasement r\u00e9gional majeur. La Russie a exprim\u00e9, ce vendredi 13\u202fjuin, sa [&hellip;]<\/p>\n","protected":false},"author":3191,"featured_media":377370,"comment_status":"open","ping_status":"open","sticky":false,"template":"","format":"standard","meta":{"footnotes":""},"categories":[2598],"tags":[2600,2912,2636,3299],"class_list":["post-377369","post","type-post","status-publish","format-standard","has-post-thumbnail","hentry","category-international","tag-guerre","tag-iran","tag-israel","tag-russie"],"yoast_head":"<!-- This site is optimized with the Yoast SEO Premium plugin v27.5 (Yoast SEO v27.5) - https:\/\/yoast.com\/product\/yoast-seo-premium-wordpress\/ -->\n<title>La Russie condamne &quot;l\u2019escalade&quot; apr\u00e8s les frappes isra\u00e9liennes en Iran - webdo<\/title>\n<meta name=\"description\" content=\"Les frappes isra\u00e9liennes en Iran soul\u00e8vent des inqui\u00e9tudes. D\u00e9couvrez la position de la Russie face \u00e0 cette escalade dangereuse.\" \/>\n<link rel=\"canonical\" href=\"https:\/\/www.webdo.tn\/fr\/actualite\/international\/la-russie-condamne-lescalade-apres-les-frappes-israeliennes-en-iran\/377369\/\" \/>\n<meta property=\"og:locale\" content=\"fr_FR\" \/>\n<meta property=\"og:type\" content=\"article\" \/>\n<meta property=\"og:title\" content=\"La Russie condamne &quot;l\u2019escalade&quot; apr\u00e8s les frappes isra\u00e9liennes en Iran\" \/>\n<meta property=\"og:description\" content=\"Les frappes isra\u00e9liennes en Iran soul\u00e8vent des inqui\u00e9tudes. D\u00e9couvrez la position de la Russie face \u00e0 cette escalade dangereuse.\" \/>\n<meta property=\"og:url\" content=\"https:\/\/www.webdo.tn\/fr\/actualite\/international\/la-russie-condamne-lescalade-apres-les-frappes-israeliennes-en-iran\/377369\/\" \/>\n<meta property=\"og:site_name\" content=\"webdo\" \/>\n<meta property=\"article:publisher\" content=\"https:\/\/www.facebook.com\/webdotn\" \/>\n<meta property=\"article:published_time\" content=\"2025-06-13T09:15:07+00:00\" \/>\n<meta property=\"article:modified_time\" content=\"2025-06-14T07:58:59+00:00\" \/>\n<meta property=\"og:image\" content=\"https:\/\/www.webdo.tn\/fr\/wp-content\/uploads\/2025\/06\/Iran.jpeg\" \/>\n\t<meta property=\"og:image:width\" content=\"1444\" \/>\n\t<meta property=\"og:image:height\" content=\"920\" \/>\n\t<meta property=\"og:image:type\" content=\"image\/jpeg\" \/>\n<meta name=\"author\" content=\"Mohamed Hedi Touati\" \/>\n<meta name=\"twitter:card\" content=\"summary_large_image\" \/>\n<meta name=\"twitter:creator\" content=\"@webdo_tn\" \/>\n<meta name=\"twitter:site\" content=\"@webdo_tn\" \/>\n<meta name=\"twitter:label1\" content=\"\u00c9crit par\" \/>\n\t<meta name=\"twitter:data1\" content=\"Mohamed Hedi Touati\" \/>\n\t<meta name=\"twitter:label2\" content=\"Dur\u00e9e de lecture estim\u00e9e\" \/>\n\t<meta name=\"twitter:data2\" content=\"2 minutes\" \/>\n<script type=\"application\/ld+json\" class=\"yoast-schema-graph\">{\"@context\":\"https:\\\/\\\/schema.org\",\"@graph\":[{\"@type\":\"NewsArticle\",\"@id\":\"https:\\\/\\\/www.webdo.tn\\\/fr\\\/actualite\\\/international\\\/la-russie-condamne-lescalade-apres-les-frappes-israeliennes-en-iran\\\/377369\\\/#article\",\"isPartOf\":{\"@id\":\"https:\\\/\\\/www.webdo.tn\\\/fr\\\/actualite\\\/international\\\/la-russie-condamne-lescalade-apres-les-frappes-israeliennes-en-iran\\\/377369\\\/\"},\"author\":{\"name\":\"Mohamed Hedi Touati\",\"@id\":\"https:\\\/\\\/www.webdo.tn\\\/fr\\\/#\\\/schema\\\/person\\\/c652cd8fc2b1b44412b5ffb48c5a911d\"},\"headline\":\"La Russie condamne \u00ab\u00a0l\u2019escalade\u00a0\u00bb apr\u00e8s les frappes isra\u00e9liennes en Iran\",\"datePublished\":\"2025-06-13T09:15:07+00:00\",\"dateModified\":\"2025-06-14T07:58:59+00:00\",\"mainEntityOfPage\":{\"@id\":\"https:\\\/\\\/www.webdo.tn\\\/fr\\\/actualite\\\/international\\\/la-russie-condamne-lescalade-apres-les-frappes-israeliennes-en-iran\\\/377369\\\/\"},\"wordCount\":390,\"commentCount\":0,\"publisher\":{\"@id\":\"https:\\\/\\\/www.webdo.tn\\\/fr\\\/#organization\"},\"image\":{\"@id\":\"https:\\\/\\\/www.webdo.tn\\\/fr\\\/actualite\\\/international\\\/la-russie-condamne-lescalade-apres-les-frappes-israeliennes-en-iran\\\/377369\\\/#primaryimage\"},\"thumbnailUrl\":\"https:\\\/\\\/www.webdo.tn\\\/fr\\\/wp-content\\\/uploads\\\/2025\\\/06\\\/Iran.jpeg\",\"keywords\":[\"guerre\",\"Iran\",\"isra\u00ebl\",\"Russie\"],\"articleSection\":[\"International\"],\"inLanguage\":\"fr-FR\"},{\"@type\":\"WebPage\",\"@id\":\"https:\\\/\\\/www.webdo.tn\\\/fr\\\/actualite\\\/international\\\/la-russie-condamne-lescalade-apres-les-frappes-israeliennes-en-iran\\\/377369\\\/\",\"url\":\"https:\\\/\\\/www.webdo.tn\\\/fr\\\/actualite\\\/international\\\/la-russie-condamne-lescalade-apres-les-frappes-israeliennes-en-iran\\\/377369\\\/\",\"name\":\"La Russie condamne \\\"l\u2019escalade\\\" apr\u00e8s les frappes isra\u00e9liennes en Iran - webdo\",\"isPartOf\":{\"@id\":\"https:\\\/\\\/www.webdo.tn\\\/fr\\\/#website\"},\"primaryImageOfPage\":{\"@id\":\"https:\\\/\\\/www.webdo.tn\\\/fr\\\/actualite\\\/international\\\/la-russie-condamne-lescalade-apres-les-frappes-israeliennes-en-iran\\\/377369\\\/#primaryimage\"},\"image\":{\"@id\":\"https:\\\/\\\/www.webdo.tn\\\/fr\\\/actualite\\\/international\\\/la-russie-condamne-lescalade-apres-les-frappes-israeliennes-en-iran\\\/377369\\\/#primaryimage\"},\"thumbnailUrl\":\"https:\\\/\\\/www.webdo.tn\\\/fr\\\/wp-content\\\/uploads\\\/2025\\\/06\\\/Iran.jpeg\",\"datePublished\":\"2025-06-13T09:15:07+00:00\",\"dateModified\":\"2025-06-14T07:58:59+00:00\",\"description\":\"Les frappes isra\u00e9liennes en Iran soul\u00e8vent des inqui\u00e9tudes. D\u00e9couvrez la position de la Russie face \u00e0 cette escalade dangereuse.\",\"breadcrumb\":{\"@id\":\"https:\\\/\\\/www.webdo.tn\\\/fr\\\/actualite\\\/international\\\/la-russie-condamne-lescalade-apres-les-frappes-israeliennes-en-iran\\\/377369\\\/#breadcrumb\"},\"inLanguage\":\"fr-FR\",\"potentialAction\":[{\"@type\":\"ReadAction\",\"target\":[\"https:\\\/\\\/www.webdo.tn\\\/fr\\\/actualite\\\/international\\\/la-russie-condamne-lescalade-apres-les-frappes-israeliennes-en-iran\\\/377369\\\/\"]}]},{\"@type\":\"ImageObject\",\"inLanguage\":\"fr-FR\",\"@id\":\"https:\\\/\\\/www.webdo.tn\\\/fr\\\/actualite\\\/international\\\/la-russie-condamne-lescalade-apres-les-frappes-israeliennes-en-iran\\\/377369\\\/#primaryimage\",\"url\":\"https:\\\/\\\/www.webdo.tn\\\/fr\\\/wp-content\\\/uploads\\\/2025\\\/06\\\/Iran.jpeg\",\"contentUrl\":\"https:\\\/\\\/www.webdo.tn\\\/fr\\\/wp-content\\\/uploads\\\/2025\\\/06\\\/Iran.jpeg\",\"width\":1444,\"height\":920,\"caption\":\"Les frappes nocturnes, men\u00e9es par 200 avions isra\u00e9liens contre une centaine de cibles, ont touch\u00e9 notamment T\u00e9h\u00e9ran (nord) et l'usine d'enrichissement d'uranium de Natanz (centre) - AP\\\/SIPA\"},{\"@type\":\"BreadcrumbList\",\"@id\":\"https:\\\/\\\/www.webdo.tn\\\/fr\\\/actualite\\\/international\\\/la-russie-condamne-lescalade-apres-les-frappes-israeliennes-en-iran\\\/377369\\\/#breadcrumb\",\"itemListElement\":[{\"@type\":\"ListItem\",\"position\":1,\"name\":\"Accueil\",\"item\":\"https:\\\/\\\/www.webdo.tn\\\/fr\\\/\"},{\"@type\":\"ListItem\",\"position\":2,\"name\":\"La Russie condamne \u00ab\u00a0l\u2019escalade\u00a0\u00bb apr\u00e8s les frappes isra\u00e9liennes en Iran\"}]},{\"@type\":\"WebSite\",\"@id\":\"https:\\\/\\\/www.webdo.tn\\\/fr\\\/#website\",\"url\":\"https:\\\/\\\/www.webdo.tn\\\/fr\\\/\",\"name\":\"webdo\",\"description\":\"Tunisie - News en Tunisie et \u00e0 l&#039;international sur Webdo.tn\",\"publisher\":{\"@id\":\"https:\\\/\\\/www.webdo.tn\\\/fr\\\/#organization\"},\"potentialAction\":[{\"@type\":\"SearchAction\",\"target\":{\"@type\":\"EntryPoint\",\"urlTemplate\":\"https:\\\/\\\/www.webdo.tn\\\/fr\\\/?s={search_term_string}\"},\"query-input\":{\"@type\":\"PropertyValueSpecification\",\"valueRequired\":true,\"valueName\":\"search_term_string\"}}],\"inLanguage\":\"fr-FR\"},{\"@type\":\"Organization\",\"@id\":\"https:\\\/\\\/www.webdo.tn\\\/fr\\\/#organization\",\"name\":\"Webdo\",\"alternateName\":\"Webdo.tn\",\"url\":\"https:\\\/\\\/www.webdo.tn\\\/fr\\\/\",\"logo\":{\"@type\":\"ImageObject\",\"inLanguage\":\"fr-FR\",\"@id\":\"https:\\\/\\\/www.webdo.tn\\\/fr\\\/#\\\/schema\\\/logo\\\/image\\\/\",\"url\":\"https:\\\/\\\/www.webdo.tn\\\/fr\\\/wp-content\\\/uploads\\\/2025\\\/06\\\/Webdo-Tunisie_168377.jpg\",\"contentUrl\":\"https:\\\/\\\/www.webdo.tn\\\/fr\\\/wp-content\\\/uploads\\\/2025\\\/06\\\/Webdo-Tunisie_168377.jpg\",\"width\":301,\"height\":301,\"caption\":\"Webdo\"},\"image\":{\"@id\":\"https:\\\/\\\/www.webdo.tn\\\/fr\\\/#\\\/schema\\\/logo\\\/image\\\/\"},\"sameAs\":[\"https:\\\/\\\/www.facebook.com\\\/webdotn\",\"https:\\\/\\\/x.com\\\/webdo_tn\"],\"description\":\"Webdo est un m\u00e9dia num\u00e9rique tunisien fond\u00e9 en 2010, sp\u00e9cialis\u00e9 dans l\u2019actualit\u00e9 nationale et internationale, l\u2019\u00e9conomie, la soci\u00e9t\u00e9 et les analyses politiques. Le site s\u2019adresse \u00e0 un large public francophone et couvre l\u2019information tunisienne en temps r\u00e9el.\",\"email\":\"redac@webdo.tn\",\"legalName\":\"YNJ SARL\",\"foundingDate\":\"2010-09-06\",\"numberOfEmployees\":{\"@type\":\"QuantitativeValue\",\"minValue\":\"11\",\"maxValue\":\"50\"}},{\"@type\":\"Person\",\"@id\":\"https:\\\/\\\/www.webdo.tn\\\/fr\\\/#\\\/schema\\\/person\\\/c652cd8fc2b1b44412b5ffb48c5a911d\",\"name\":\"Mohamed Hedi Touati\",\"image\":{\"@type\":\"ImageObject\",\"inLanguage\":\"fr-FR\",\"@id\":\"https:\\\/\\\/secure.gravatar.com\\\/avatar\\\/9cfd402c745b7a685f13eed0ea6e59d2144a3c2fc50a3db6fd5ed451f6cddf1a?s=96&d=mm&r=g\",\"url\":\"https:\\\/\\\/secure.gravatar.com\\\/avatar\\\/9cfd402c745b7a685f13eed0ea6e59d2144a3c2fc50a3db6fd5ed451f6cddf1a?s=96&d=mm&r=g\",\"contentUrl\":\"https:\\\/\\\/secure.gravatar.com\\\/avatar\\\/9cfd402c745b7a685f13eed0ea6e59d2144a3c2fc50a3db6fd5ed451f6cddf1a?s=96&d=mm&r=g\",\"caption\":\"Mohamed Hedi Touati\"},\"url\":\"https:\\\/\\\/www.webdo.tn\\\/fr\\\/actualite\\\/author\\\/mohamed-hedi-touati\\\/\"}]}<\/script>\n<!-- \/ Yoast SEO Premium plugin. -->","yoast_head_json":{"title":"La Russie condamne \"l\u2019escalade\" apr\u00e8s les frappes isra\u00e9liennes en Iran - webdo","description":"Les frappes isra\u00e9liennes en Iran soul\u00e8vent des inqui\u00e9tudes. D\u00e9couvrez la position de la Russie face \u00e0 cette escalade dangereuse.","canonical":"https:\/\/www.webdo.tn\/fr\/actualite\/international\/la-russie-condamne-lescalade-apres-les-frappes-israeliennes-en-iran\/377369\/","og_locale":"fr_FR","og_type":"article","og_title":"La Russie condamne \"l\u2019escalade\" apr\u00e8s les frappes isra\u00e9liennes en Iran","og_description":"Les frappes isra\u00e9liennes en Iran soul\u00e8vent des inqui\u00e9tudes. D\u00e9couvrez la position de la Russie face \u00e0 cette escalade dangereuse.","og_url":"https:\/\/www.webdo.tn\/fr\/actualite\/international\/la-russie-condamne-lescalade-apres-les-frappes-israeliennes-en-iran\/377369\/","og_site_name":"webdo","article_publisher":"https:\/\/www.facebook.com\/webdotn","article_published_time":"2025-06-13T09:15:07+00:00","article_modified_time":"2025-06-14T07:58:59+00:00","og_image":[{"width":1444,"height":920,"url":"https:\/\/www.webdo.tn\/fr\/wp-content\/uploads\/2025\/06\/Iran.jpeg","type":"image\/jpeg"}],"author":"Mohamed Hedi Touati","twitter_card":"summary_large_image","twitter_creator":"@webdo_tn","twitter_site":"@webdo_tn","twitter_misc":{"\u00c9crit par":"Mohamed Hedi Touati","Dur\u00e9e de lecture estim\u00e9e":"2 minutes"},"schema":{"@context":"https:\/\/schema.org","@graph":[{"@type":"NewsArticle","@id":"https:\/\/www.webdo.tn\/fr\/actualite\/international\/la-russie-condamne-lescalade-apres-les-frappes-israeliennes-en-iran\/377369\/#article","isPartOf":{"@id":"https:\/\/www.webdo.tn\/fr\/actualite\/international\/la-russie-condamne-lescalade-apres-les-frappes-israeliennes-en-iran\/377369\/"},"author":{"name":"Mohamed Hedi Touati","@id":"https:\/\/www.webdo.tn\/fr\/#\/schema\/person\/c652cd8fc2b1b44412b5ffb48c5a911d"},"headline":"La Russie condamne \u00ab\u00a0l\u2019escalade\u00a0\u00bb apr\u00e8s les frappes isra\u00e9liennes en Iran","datePublished":"2025-06-13T09:15:07+00:00","dateModified":"2025-06-14T07:58:59+00:00","mainEntityOfPage":{"@id":"https:\/\/www.webdo.tn\/fr\/actualite\/international\/la-russie-condamne-lescalade-apres-les-frappes-israeliennes-en-iran\/377369\/"},"wordCount":390,"commentCount":0,"publisher":{"@id":"https:\/\/www.webdo.tn\/fr\/#organization"},"image":{"@id":"https:\/\/www.webdo.tn\/fr\/actualite\/international\/la-russie-condamne-lescalade-apres-les-frappes-israeliennes-en-iran\/377369\/#primaryimage"},"thumbnailUrl":"https:\/\/www.webdo.tn\/fr\/wp-content\/uploads\/2025\/06\/Iran.jpeg","keywords":["guerre","Iran","isra\u00ebl","Russie"],"articleSection":["International"],"inLanguage":"fr-FR"},{"@type":"WebPage","@id":"https:\/\/www.webdo.tn\/fr\/actualite\/international\/la-russie-condamne-lescalade-apres-les-frappes-israeliennes-en-iran\/377369\/","url":"https:\/\/www.webdo.tn\/fr\/actualite\/international\/la-russie-condamne-lescalade-apres-les-frappes-israeliennes-en-iran\/377369\/","name":"La Russie condamne \"l\u2019escalade\" apr\u00e8s les frappes isra\u00e9liennes en Iran - webdo","isPartOf":{"@id":"https:\/\/www.webdo.tn\/fr\/#website"},"primaryImageOfPage":{"@id":"https:\/\/www.webdo.tn\/fr\/actualite\/international\/la-russie-condamne-lescalade-apres-les-frappes-israeliennes-en-iran\/377369\/#primaryimage"},"image":{"@id":"https:\/\/www.webdo.tn\/fr\/actualite\/international\/la-russie-condamne-lescalade-apres-les-frappes-israeliennes-en-iran\/377369\/#primaryimage"},"thumbnailUrl":"https:\/\/www.webdo.tn\/fr\/wp-content\/uploads\/2025\/06\/Iran.jpeg","datePublished":"2025-06-13T09:15:07+00:00","dateModified":"2025-06-14T07:58:59+00:00","description":"Les frappes isra\u00e9liennes en Iran soul\u00e8vent des inqui\u00e9tudes. D\u00e9couvrez la position de la Russie face \u00e0 cette escalade dangereuse.","breadcrumb":{"@id":"https:\/\/www.webdo.tn\/fr\/actualite\/international\/la-russie-condamne-lescalade-apres-les-frappes-israeliennes-en-iran\/377369\/#breadcrumb"},"inLanguage":"fr-FR","potentialAction":[{"@type":"ReadAction","target":["https:\/\/www.webdo.tn\/fr\/actualite\/international\/la-russie-condamne-lescalade-apres-les-frappes-israeliennes-en-iran\/377369\/"]}]},{"@type":"ImageObject","inLanguage":"fr-FR","@id":"https:\/\/www.webdo.tn\/fr\/actualite\/international\/la-russie-condamne-lescalade-apres-les-frappes-israeliennes-en-iran\/377369\/#primaryimage","url":"https:\/\/www.webdo.tn\/fr\/wp-content\/uploads\/2025\/06\/Iran.jpeg","contentUrl":"https:\/\/www.webdo.tn\/fr\/wp-content\/uploads\/2025\/06\/Iran.jpeg","width":1444,"height":920,"caption":"Les frappes nocturnes, men\u00e9es par 200 avions isra\u00e9liens contre une centaine de cibles, ont touch\u00e9 notamment T\u00e9h\u00e9ran (nord) et l'usine d'enrichissement d'uranium de Natanz (centre) - AP\/SIPA"},{"@type":"BreadcrumbList","@id":"https:\/\/www.webdo.tn\/fr\/actualite\/international\/la-russie-condamne-lescalade-apres-les-frappes-israeliennes-en-iran\/377369\/#breadcrumb","itemListElement":[{"@type":"ListItem","position":1,"name":"Accueil","item":"https:\/\/www.webdo.tn\/fr\/"},{"@type":"ListItem","position":2,"name":"La Russie condamne \u00ab\u00a0l\u2019escalade\u00a0\u00bb apr\u00e8s les frappes isra\u00e9liennes en Iran"}]},{"@type":"WebSite","@id":"https:\/\/www.webdo.tn\/fr\/#website","url":"https:\/\/www.webdo.tn\/fr\/","name":"webdo","description":"Tunisie - News en Tunisie et \u00e0 l&#039;international sur Webdo.tn","publisher":{"@id":"https:\/\/www.webdo.tn\/fr\/#organization"},"potentialAction":[{"@type":"SearchAction","target":{"@type":"EntryPoint","urlTemplate":"https:\/\/www.webdo.tn\/fr\/?s={search_term_string}"},"query-input":{"@type":"PropertyValueSpecification","valueRequired":true,"valueName":"search_term_string"}}],"inLanguage":"fr-FR"},{"@type":"Organization","@id":"https:\/\/www.webdo.tn\/fr\/#organization","name":"Webdo","alternateName":"Webdo.tn","url":"https:\/\/www.webdo.tn\/fr\/","logo":{"@type":"ImageObject","inLanguage":"fr-FR","@id":"https:\/\/www.webdo.tn\/fr\/#\/schema\/logo\/image\/","url":"https:\/\/www.webdo.tn\/fr\/wp-content\/uploads\/2025\/06\/Webdo-Tunisie_168377.jpg","contentUrl":"https:\/\/www.webdo.tn\/fr\/wp-content\/uploads\/2025\/06\/Webdo-Tunisie_168377.jpg","width":301,"height":301,"caption":"Webdo"},"image":{"@id":"https:\/\/www.webdo.tn\/fr\/#\/schema\/logo\/image\/"},"sameAs":["https:\/\/www.facebook.com\/webdotn","https:\/\/x.com\/webdo_tn"],"description":"Webdo est un m\u00e9dia num\u00e9rique tunisien fond\u00e9 en 2010, sp\u00e9cialis\u00e9 dans l\u2019actualit\u00e9 nationale et internationale, l\u2019\u00e9conomie, la soci\u00e9t\u00e9 et les analyses politiques. Le site s\u2019adresse \u00e0 un large public francophone et couvre l\u2019information tunisienne en temps r\u00e9el.","email":"redac@webdo.tn","legalName":"YNJ SARL","foundingDate":"2010-09-06","numberOfEmployees":{"@type":"QuantitativeValue","minValue":"11","maxValue":"50"}},{"@type":"Person","@id":"https:\/\/www.webdo.tn\/fr\/#\/schema\/person\/c652cd8fc2b1b44412b5ffb48c5a911d","name":"Mohamed Hedi Touati","image":{"@type":"ImageObject","inLanguage":"fr-FR","@id":"https:\/\/secure.gravatar.com\/avatar\/9cfd402c745b7a685f13eed0ea6e59d2144a3c2fc50a3db6fd5ed451f6cddf1a?s=96&d=mm&r=g","url":"https:\/\/secure.gravatar.com\/avatar\/9cfd402c745b7a685f13eed0ea6e59d2144a3c2fc50a3db6fd5ed451f6cddf1a?s=96&d=mm&r=g","contentUrl":"https:\/\/secure.gravatar.com\/avatar\/9cfd402c745b7a685f13eed0ea6e59d2144a3c2fc50a3db6fd5ed451f6cddf1a?s=96&d=mm&r=g","caption":"Mohamed Hedi Touati"},"url":"https:\/\/www.webdo.tn\/fr\/actualite\/author\/mohamed-hedi-touati\/"}]}},"_links":{"self":[{"href":"https:\/\/www.webdo.tn\/fr\/wp-json\/wp\/v2\/posts\/377369","targetHints":{"allow":["GET"]}}],"collection":[{"href":"https:\/\/www.webdo.tn\/fr\/wp-json\/wp\/v2\/posts"}],"about":[{"href":"https:\/\/www.webdo.tn\/fr\/wp-json\/wp\/v2\/types\/post"}],"author":[{"embeddable":true,"href":"https:\/\/www.webdo.tn\/fr\/wp-json\/wp\/v2\/users\/3191"}],"replies":[{"embeddable":true,"href":"https:\/\/www.webdo.tn\/fr\/wp-json\/wp\/v2\/comments?post=377369"}],"version-history":[{"count":0,"href":"https:\/\/www.webdo.tn\/fr\/wp-json\/wp\/v2\/posts\/377369\/revisions"}],"wp:featuredmedia":[{"embeddable":true,"href":"https:\/\/www.webdo.tn\/fr\/wp-json\/wp\/v2\/media\/377370"}],"wp:attachment":[{"href":"https:\/\/www.webdo.tn\/fr\/wp-json\/wp\/v2\/media?parent=377369"}],"wp:term":[{"taxonomy":"category","embeddable":true,"href":"https:\/\/www.webdo.tn\/fr\/wp-json\/wp\/v2\/categories?post=377369"},{"taxonomy":"post_tag","embeddable":true,"href":"https:\/\/www.webdo.tn\/fr\/wp-json\/wp\/v2\/tags?post=377369"}],"curies":[{"name":"wp","href":"https:\/\/api.w.org\/{rel}","templated":true}]}}