{"id":377355,"date":"2025-06-13T08:11:56","date_gmt":"2025-06-13T07:11:56","guid":{"rendered":"https:\/\/www.webdo.tn\/fr\/?p=377355"},"modified":"2025-06-13T12:06:55","modified_gmt":"2025-06-13T11:06:55","slug":"israel-jordanie-une-riposte-iranienne-par-drones-et-missiles-deja-en-cours","status":"publish","type":"post","link":"https:\/\/www.webdo.tn\/fr\/actualite\/international\/israel-jordanie-une-riposte-iranienne-par-drones-et-missiles-deja-en-cours\/377355\/","title":{"rendered":"Isra\u00ebl, Jordanie : une riposte iranienne par drones et missiles d\u00e9j\u00e0 en cours ?"},"content":{"rendered":"\n<p>Au lendemain des frappes massives men\u00e9es par Isra\u00ebl contre des infrastructures cl\u00e9s en Iran, l\u2019espace a\u00e9rien du Moyen-Orient semble entrer dans une nouvelle phase d\u2019alerte maximale. Ce vendredi matin, <strong>des drones et missiles iraniens auraient \u00e9t\u00e9 intercept\u00e9s<\/strong> au-dessus d\u2019Isra\u00ebl, de la Syrie, de la Jordanie et m\u00eame de l\u2019Arabie saoudite.<\/p>\n\n\n\n<p>L\u2019arm\u00e9e isra\u00e9lienne a annonc\u00e9 <strong>avoir commenc\u00e9 \u00e0 intercepter plusieurs engins a\u00e9riens sans pilote (UAV)<\/strong> en provenance d\u2019Iran. Si les autorit\u00e9s ne confirment pas officiellement l\u2019origine exacte des appareils, les sources militaires indiquent que <strong>des interceptions sont en cours dans plusieurs zones<\/strong>, notamment <strong>au-dessus de la Syrie<\/strong> et <strong>du nord de l\u2019Arabie saoudite<\/strong>, selon des cha\u00eenes isra\u00e9liennes.<\/p>\n\n\n\n<p>Simultan\u00e9ment, <strong>la Jordanie<\/strong> a annonc\u00e9 par le biais de son agence de presse officielle avoir <strong>abattu un certain nombre de missiles et de drones<\/strong> ayant p\u00e9n\u00e9tr\u00e9 son espace a\u00e9rien dans la matin\u00e9e. <strong>Amman n\u2019a pas pr\u00e9cis\u00e9 leur origine<\/strong>, mais cette man\u0153uvre d\u00e9fensive intervient moins de 24 heures apr\u00e8s l\u2019offensive isra\u00e9lienne sur des sites sensibles en Iran, alimentant les soup\u00e7ons d\u2019une riposte en cours.<\/p>\n\n\n\n<p>Alors que <strong>T\u00e9h\u00e9ran a promis une \u201cpunition s\u00e9v\u00e8re\u201d<\/strong> et annonc\u00e9 que sa r\u00e9action pourrait toucher aussi bien Isra\u00ebl que les int\u00e9r\u00eats am\u00e9ricains dans la r\u00e9gion, ces premiers mouvements a\u00e9riens laissent entrevoir <strong>une escalade rapide et multilat\u00e9rale<\/strong> du conflit. La situation reste <strong>extr\u00eamement volatile<\/strong>, alors que les \u00c9tats-Unis maintiennent un haut niveau d\u2019alerte sur leurs bases militaires au Moyen-Orient.<\/p>\n","protected":false},"excerpt":{"rendered":"<p>Au lendemain des frappes massives men\u00e9es par Isra\u00ebl contre des infrastructures cl\u00e9s en Iran, l\u2019espace a\u00e9rien du Moyen-Orient semble entrer dans une nouvelle phase d\u2019alerte maximale. Ce vendredi matin, des drones et missiles iraniens auraient \u00e9t\u00e9 intercept\u00e9s au-dessus d\u2019Isra\u00ebl, de la Syrie, de la Jordanie et m\u00eame de l\u2019Arabie saoudite. L\u2019arm\u00e9e isra\u00e9lienne a annonc\u00e9 avoir [&hellip;]<\/p>\n","protected":false},"author":3183,"featured_media":377357,"comment_status":"open","ping_status":"open","sticky":false,"template":"","format":"standard","meta":{"footnotes":""},"categories":[2598],"tags":[7503,2912,2636,5539],"class_list":["post-377355","post","type-post","status-publish","format-standard","has-post-thumbnail","hentry","category-international","tag-drones","tag-iran","tag-israel","tag-jordanie"],"yoast_head":"<!-- This site is optimized with the Yoast SEO Premium plugin v27.5 (Yoast SEO v27.5) - https:\/\/yoast.com\/product\/yoast-seo-premium-wordpress\/ -->\n<title>Isra\u00ebl, Jordanie : une riposte iranienne par drones et missiles d\u00e9j\u00e0 en cours ? - webdo<\/title>\n<meta name=\"description\" content=\"Isra\u00ebl, Jordanie : une riposte iranienne par drones et missiles est-elle d\u00e9j\u00e0 en cours ? D\u00e9couvrez les derni\u00e8res nouvelles.\" \/>\n<link rel=\"canonical\" href=\"https:\/\/www.webdo.tn\/fr\/actualite\/international\/israel-jordanie-une-riposte-iranienne-par-drones-et-missiles-deja-en-cours\/377355\/\" \/>\n<meta property=\"og:locale\" content=\"fr_FR\" \/>\n<meta property=\"og:type\" content=\"article\" \/>\n<meta property=\"og:title\" content=\"Isra\u00ebl, Jordanie : une riposte iranienne par drones et missiles d\u00e9j\u00e0 en cours ?\" \/>\n<meta property=\"og:description\" content=\"Isra\u00ebl, Jordanie : une riposte iranienne par drones et missiles est-elle d\u00e9j\u00e0 en cours ? D\u00e9couvrez les derni\u00e8res nouvelles.\" \/>\n<meta property=\"og:url\" content=\"https:\/\/www.webdo.tn\/fr\/actualite\/international\/israel-jordanie-une-riposte-iranienne-par-drones-et-missiles-deja-en-cours\/377355\/\" \/>\n<meta property=\"og:site_name\" content=\"webdo\" \/>\n<meta property=\"article:publisher\" content=\"https:\/\/www.facebook.com\/webdotn\" \/>\n<meta property=\"article:author\" content=\"https:\/\/www.facebook.com\/wby.webdo\" \/>\n<meta property=\"article:published_time\" content=\"2025-06-13T07:11:56+00:00\" \/>\n<meta property=\"article:modified_time\" content=\"2025-06-13T11:06:55+00:00\" \/>\n<meta property=\"og:image\" content=\"https:\/\/www.webdo.tn\/fr\/wp-content\/uploads\/2025\/06\/drones-iran.webp\" \/>\n\t<meta property=\"og:image:width\" content=\"1200\" \/>\n\t<meta property=\"og:image:height\" content=\"800\" \/>\n\t<meta property=\"og:image:type\" content=\"image\/webp\" \/>\n<meta name=\"author\" content=\"Walid Ben Youssef\" \/>\n<meta name=\"twitter:card\" content=\"summary_large_image\" \/>\n<meta name=\"twitter:creator\" content=\"@webdo_tn\" \/>\n<meta name=\"twitter:site\" content=\"@webdo_tn\" \/>\n<meta name=\"twitter:label1\" content=\"\u00c9crit par\" \/>\n\t<meta name=\"twitter:data1\" content=\"Walid Ben Youssef\" \/>\n\t<meta name=\"twitter:label2\" content=\"Dur\u00e9e de lecture estim\u00e9e\" \/>\n\t<meta name=\"twitter:data2\" content=\"2 minutes\" \/>\n<script type=\"application\/ld+json\" class=\"yoast-schema-graph\">{\"@context\":\"https:\\\/\\\/schema.org\",\"@graph\":[{\"@type\":\"NewsArticle\",\"@id\":\"https:\\\/\\\/www.webdo.tn\\\/fr\\\/actualite\\\/international\\\/israel-jordanie-une-riposte-iranienne-par-drones-et-missiles-deja-en-cours\\\/377355\\\/#article\",\"isPartOf\":{\"@id\":\"https:\\\/\\\/www.webdo.tn\\\/fr\\\/actualite\\\/international\\\/israel-jordanie-une-riposte-iranienne-par-drones-et-missiles-deja-en-cours\\\/377355\\\/\"},\"author\":{\"name\":\"Walid Ben Youssef\",\"@id\":\"https:\\\/\\\/www.webdo.tn\\\/fr\\\/#\\\/schema\\\/person\\\/2c509d3aeb706736cdf7dc93d76b6fe1\"},\"headline\":\"Isra\u00ebl, Jordanie : une riposte iranienne par drones et missiles d\u00e9j\u00e0 en cours ?\",\"datePublished\":\"2025-06-13T07:11:56+00:00\",\"dateModified\":\"2025-06-13T11:06:55+00:00\",\"mainEntityOfPage\":{\"@id\":\"https:\\\/\\\/www.webdo.tn\\\/fr\\\/actualite\\\/international\\\/israel-jordanie-une-riposte-iranienne-par-drones-et-missiles-deja-en-cours\\\/377355\\\/\"},\"wordCount\":288,\"commentCount\":0,\"publisher\":{\"@id\":\"https:\\\/\\\/www.webdo.tn\\\/fr\\\/#organization\"},\"image\":{\"@id\":\"https:\\\/\\\/www.webdo.tn\\\/fr\\\/actualite\\\/international\\\/israel-jordanie-une-riposte-iranienne-par-drones-et-missiles-deja-en-cours\\\/377355\\\/#primaryimage\"},\"thumbnailUrl\":\"https:\\\/\\\/www.webdo.tn\\\/fr\\\/wp-content\\\/uploads\\\/2025\\\/06\\\/drones-iran.webp\",\"keywords\":[\"Drones\",\"Iran\",\"isra\u00ebl\",\"Jordanie\"],\"articleSection\":[\"International\"],\"inLanguage\":\"fr-FR\"},{\"@type\":\"WebPage\",\"@id\":\"https:\\\/\\\/www.webdo.tn\\\/fr\\\/actualite\\\/international\\\/israel-jordanie-une-riposte-iranienne-par-drones-et-missiles-deja-en-cours\\\/377355\\\/\",\"url\":\"https:\\\/\\\/www.webdo.tn\\\/fr\\\/actualite\\\/international\\\/israel-jordanie-une-riposte-iranienne-par-drones-et-missiles-deja-en-cours\\\/377355\\\/\",\"name\":\"Isra\u00ebl, Jordanie : une riposte iranienne par drones et missiles d\u00e9j\u00e0 en cours ? - webdo\",\"isPartOf\":{\"@id\":\"https:\\\/\\\/www.webdo.tn\\\/fr\\\/#website\"},\"primaryImageOfPage\":{\"@id\":\"https:\\\/\\\/www.webdo.tn\\\/fr\\\/actualite\\\/international\\\/israel-jordanie-une-riposte-iranienne-par-drones-et-missiles-deja-en-cours\\\/377355\\\/#primaryimage\"},\"image\":{\"@id\":\"https:\\\/\\\/www.webdo.tn\\\/fr\\\/actualite\\\/international\\\/israel-jordanie-une-riposte-iranienne-par-drones-et-missiles-deja-en-cours\\\/377355\\\/#primaryimage\"},\"thumbnailUrl\":\"https:\\\/\\\/www.webdo.tn\\\/fr\\\/wp-content\\\/uploads\\\/2025\\\/06\\\/drones-iran.webp\",\"datePublished\":\"2025-06-13T07:11:56+00:00\",\"dateModified\":\"2025-06-13T11:06:55+00:00\",\"description\":\"Isra\u00ebl, Jordanie : une riposte iranienne par drones et missiles est-elle d\u00e9j\u00e0 en cours ? D\u00e9couvrez les derni\u00e8res nouvelles.\",\"breadcrumb\":{\"@id\":\"https:\\\/\\\/www.webdo.tn\\\/fr\\\/actualite\\\/international\\\/israel-jordanie-une-riposte-iranienne-par-drones-et-missiles-deja-en-cours\\\/377355\\\/#breadcrumb\"},\"inLanguage\":\"fr-FR\",\"potentialAction\":[{\"@type\":\"ReadAction\",\"target\":[\"https:\\\/\\\/www.webdo.tn\\\/fr\\\/actualite\\\/international\\\/israel-jordanie-une-riposte-iranienne-par-drones-et-missiles-deja-en-cours\\\/377355\\\/\"]}]},{\"@type\":\"ImageObject\",\"inLanguage\":\"fr-FR\",\"@id\":\"https:\\\/\\\/www.webdo.tn\\\/fr\\\/actualite\\\/international\\\/israel-jordanie-une-riposte-iranienne-par-drones-et-missiles-deja-en-cours\\\/377355\\\/#primaryimage\",\"url\":\"https:\\\/\\\/www.webdo.tn\\\/fr\\\/wp-content\\\/uploads\\\/2025\\\/06\\\/drones-iran.webp\",\"contentUrl\":\"https:\\\/\\\/www.webdo.tn\\\/fr\\\/wp-content\\\/uploads\\\/2025\\\/06\\\/drones-iran.webp\",\"width\":1200,\"height\":800},{\"@type\":\"BreadcrumbList\",\"@id\":\"https:\\\/\\\/www.webdo.tn\\\/fr\\\/actualite\\\/international\\\/israel-jordanie-une-riposte-iranienne-par-drones-et-missiles-deja-en-cours\\\/377355\\\/#breadcrumb\",\"itemListElement\":[{\"@type\":\"ListItem\",\"position\":1,\"name\":\"Accueil\",\"item\":\"https:\\\/\\\/www.webdo.tn\\\/fr\\\/\"},{\"@type\":\"ListItem\",\"position\":2,\"name\":\"Isra\u00ebl, Jordanie : une riposte iranienne par drones et missiles d\u00e9j\u00e0 en cours ?\"}]},{\"@type\":\"WebSite\",\"@id\":\"https:\\\/\\\/www.webdo.tn\\\/fr\\\/#website\",\"url\":\"https:\\\/\\\/www.webdo.tn\\\/fr\\\/\",\"name\":\"webdo\",\"description\":\"Tunisie - News en Tunisie et \u00e0 l&#039;international sur Webdo.tn\",\"publisher\":{\"@id\":\"https:\\\/\\\/www.webdo.tn\\\/fr\\\/#organization\"},\"potentialAction\":[{\"@type\":\"SearchAction\",\"target\":{\"@type\":\"EntryPoint\",\"urlTemplate\":\"https:\\\/\\\/www.webdo.tn\\\/fr\\\/?s={search_term_string}\"},\"query-input\":{\"@type\":\"PropertyValueSpecification\",\"valueRequired\":true,\"valueName\":\"search_term_string\"}}],\"inLanguage\":\"fr-FR\"},{\"@type\":\"Organization\",\"@id\":\"https:\\\/\\\/www.webdo.tn\\\/fr\\\/#organization\",\"name\":\"Webdo\",\"alternateName\":\"Webdo.tn\",\"url\":\"https:\\\/\\\/www.webdo.tn\\\/fr\\\/\",\"logo\":{\"@type\":\"ImageObject\",\"inLanguage\":\"fr-FR\",\"@id\":\"https:\\\/\\\/www.webdo.tn\\\/fr\\\/#\\\/schema\\\/logo\\\/image\\\/\",\"url\":\"https:\\\/\\\/www.webdo.tn\\\/fr\\\/wp-content\\\/uploads\\\/2025\\\/06\\\/Webdo-Tunisie_168377.jpg\",\"contentUrl\":\"https:\\\/\\\/www.webdo.tn\\\/fr\\\/wp-content\\\/uploads\\\/2025\\\/06\\\/Webdo-Tunisie_168377.jpg\",\"width\":301,\"height\":301,\"caption\":\"Webdo\"},\"image\":{\"@id\":\"https:\\\/\\\/www.webdo.tn\\\/fr\\\/#\\\/schema\\\/logo\\\/image\\\/\"},\"sameAs\":[\"https:\\\/\\\/www.facebook.com\\\/webdotn\",\"https:\\\/\\\/x.com\\\/webdo_tn\"],\"description\":\"Webdo est un m\u00e9dia num\u00e9rique tunisien fond\u00e9 en 2010, sp\u00e9cialis\u00e9 dans l\u2019actualit\u00e9 nationale et internationale, l\u2019\u00e9conomie, la soci\u00e9t\u00e9 et les analyses politiques. Le site s\u2019adresse \u00e0 un large public francophone et couvre l\u2019information tunisienne en temps r\u00e9el.\",\"email\":\"redac@webdo.tn\",\"legalName\":\"YNJ SARL\",\"foundingDate\":\"2010-09-06\",\"numberOfEmployees\":{\"@type\":\"QuantitativeValue\",\"minValue\":\"11\",\"maxValue\":\"50\"}},{\"@type\":\"Person\",\"@id\":\"https:\\\/\\\/www.webdo.tn\\\/fr\\\/#\\\/schema\\\/person\\\/2c509d3aeb706736cdf7dc93d76b6fe1\",\"name\":\"Walid Ben Youssef\",\"image\":{\"@type\":\"ImageObject\",\"inLanguage\":\"fr-FR\",\"@id\":\"https:\\\/\\\/www.webdo.tn\\\/fr\\\/wp-content\\\/uploads\\\/2026\\\/04\\\/walid-ben-youssef_avatar-96x96.jpg\",\"url\":\"https:\\\/\\\/www.webdo.tn\\\/fr\\\/wp-content\\\/uploads\\\/2026\\\/04\\\/walid-ben-youssef_avatar-96x96.jpg\",\"contentUrl\":\"https:\\\/\\\/www.webdo.tn\\\/fr\\\/wp-content\\\/uploads\\\/2026\\\/04\\\/walid-ben-youssef_avatar-96x96.jpg\",\"caption\":\"Walid Ben Youssef\"},\"description\":\"Walid Ben Youssef est fondateur et directeur de publication de Webdo.tn, m\u00e9dia num\u00e9rique tunisien lanc\u00e9 en 2011. Journaliste depuis plus de 20 ans, il a d\u00e9but\u00e9 sa carri\u00e8re au sein du groupe Dar Tunis-Hebdo, o\u00f9 il a contribu\u00e9 d\u00e8s le d\u00e9but des ann\u00e9es 2000 au d\u00e9veloppement des premi\u00e8res initiatives web du titre. Avant de fonder Webdo, il a occup\u00e9 les fonctions de directeur adjoint du groupe Dar Tunis-Hebdo, participant au d\u00e9veloppement \u00e9ditorial, publicitaire et num\u00e9rique du groupe. Sp\u00e9cialis\u00e9 dans les m\u00e9dias num\u00e9riques, la transformation digitale de l\u2019information et l\u2019actualit\u00e9 nationale et internationale, il supervise la ligne \u00e9ditoriale de Webdo et pilote son d\u00e9veloppement strat\u00e9gique. Dipl\u00f4m\u00e9 en math\u00e9matiques de l\u2019Universit\u00e9 d\u2019Oregon (\u00c9tats-Unis), il associe une approche analytique \u00e0 une expertise de terrain du journalisme. \ud83d\udd17 Facebook : https:\\\/\\\/www.facebook.com\\\/wby.webdo\",\"sameAs\":[\"https:\\\/\\\/www.facebook.com\\\/wby.webdo\"],\"knowsAbout\":[\"journalisme\",\"m\u00e9dias num\u00e9riques\",\"transformation digitale\",\"actualit\u00e9 tunisienne\",\"g\u00e9opolitique\"],\"knowsLanguage\":[\"Fran\u00e7ais\",\"Arabe\",\"Anglais\"],\"jobTitle\":\"Fondateur et directeur de publication\",\"worksFor\":\"Webdo.tn\",\"url\":\"https:\\\/\\\/www.webdo.tn\\\/fr\\\/actualite\\\/author\\\/walid-ben-youssef\\\/\"}]}<\/script>\n<!-- \/ Yoast SEO Premium plugin. -->","yoast_head_json":{"title":"Isra\u00ebl, Jordanie : une riposte iranienne par drones et missiles d\u00e9j\u00e0 en cours ? - webdo","description":"Isra\u00ebl, Jordanie : une riposte iranienne par drones et missiles est-elle d\u00e9j\u00e0 en cours ? D\u00e9couvrez les derni\u00e8res nouvelles.","canonical":"https:\/\/www.webdo.tn\/fr\/actualite\/international\/israel-jordanie-une-riposte-iranienne-par-drones-et-missiles-deja-en-cours\/377355\/","og_locale":"fr_FR","og_type":"article","og_title":"Isra\u00ebl, Jordanie : une riposte iranienne par drones et missiles d\u00e9j\u00e0 en cours ?","og_description":"Isra\u00ebl, Jordanie : une riposte iranienne par drones et missiles est-elle d\u00e9j\u00e0 en cours ? D\u00e9couvrez les derni\u00e8res nouvelles.","og_url":"https:\/\/www.webdo.tn\/fr\/actualite\/international\/israel-jordanie-une-riposte-iranienne-par-drones-et-missiles-deja-en-cours\/377355\/","og_site_name":"webdo","article_publisher":"https:\/\/www.facebook.com\/webdotn","article_author":"https:\/\/www.facebook.com\/wby.webdo","article_published_time":"2025-06-13T07:11:56+00:00","article_modified_time":"2025-06-13T11:06:55+00:00","og_image":[{"width":1200,"height":800,"url":"https:\/\/www.webdo.tn\/fr\/wp-content\/uploads\/2025\/06\/drones-iran.webp","type":"image\/webp"}],"author":"Walid Ben Youssef","twitter_card":"summary_large_image","twitter_creator":"@webdo_tn","twitter_site":"@webdo_tn","twitter_misc":{"\u00c9crit par":"Walid Ben Youssef","Dur\u00e9e de lecture estim\u00e9e":"2 minutes"},"schema":{"@context":"https:\/\/schema.org","@graph":[{"@type":"NewsArticle","@id":"https:\/\/www.webdo.tn\/fr\/actualite\/international\/israel-jordanie-une-riposte-iranienne-par-drones-et-missiles-deja-en-cours\/377355\/#article","isPartOf":{"@id":"https:\/\/www.webdo.tn\/fr\/actualite\/international\/israel-jordanie-une-riposte-iranienne-par-drones-et-missiles-deja-en-cours\/377355\/"},"author":{"name":"Walid Ben Youssef","@id":"https:\/\/www.webdo.tn\/fr\/#\/schema\/person\/2c509d3aeb706736cdf7dc93d76b6fe1"},"headline":"Isra\u00ebl, Jordanie : une riposte iranienne par drones et missiles d\u00e9j\u00e0 en cours ?","datePublished":"2025-06-13T07:11:56+00:00","dateModified":"2025-06-13T11:06:55+00:00","mainEntityOfPage":{"@id":"https:\/\/www.webdo.tn\/fr\/actualite\/international\/israel-jordanie-une-riposte-iranienne-par-drones-et-missiles-deja-en-cours\/377355\/"},"wordCount":288,"commentCount":0,"publisher":{"@id":"https:\/\/www.webdo.tn\/fr\/#organization"},"image":{"@id":"https:\/\/www.webdo.tn\/fr\/actualite\/international\/israel-jordanie-une-riposte-iranienne-par-drones-et-missiles-deja-en-cours\/377355\/#primaryimage"},"thumbnailUrl":"https:\/\/www.webdo.tn\/fr\/wp-content\/uploads\/2025\/06\/drones-iran.webp","keywords":["Drones","Iran","isra\u00ebl","Jordanie"],"articleSection":["International"],"inLanguage":"fr-FR"},{"@type":"WebPage","@id":"https:\/\/www.webdo.tn\/fr\/actualite\/international\/israel-jordanie-une-riposte-iranienne-par-drones-et-missiles-deja-en-cours\/377355\/","url":"https:\/\/www.webdo.tn\/fr\/actualite\/international\/israel-jordanie-une-riposte-iranienne-par-drones-et-missiles-deja-en-cours\/377355\/","name":"Isra\u00ebl, Jordanie : une riposte iranienne par drones et missiles d\u00e9j\u00e0 en cours ? - webdo","isPartOf":{"@id":"https:\/\/www.webdo.tn\/fr\/#website"},"primaryImageOfPage":{"@id":"https:\/\/www.webdo.tn\/fr\/actualite\/international\/israel-jordanie-une-riposte-iranienne-par-drones-et-missiles-deja-en-cours\/377355\/#primaryimage"},"image":{"@id":"https:\/\/www.webdo.tn\/fr\/actualite\/international\/israel-jordanie-une-riposte-iranienne-par-drones-et-missiles-deja-en-cours\/377355\/#primaryimage"},"thumbnailUrl":"https:\/\/www.webdo.tn\/fr\/wp-content\/uploads\/2025\/06\/drones-iran.webp","datePublished":"2025-06-13T07:11:56+00:00","dateModified":"2025-06-13T11:06:55+00:00","description":"Isra\u00ebl, Jordanie : une riposte iranienne par drones et missiles est-elle d\u00e9j\u00e0 en cours ? D\u00e9couvrez les derni\u00e8res nouvelles.","breadcrumb":{"@id":"https:\/\/www.webdo.tn\/fr\/actualite\/international\/israel-jordanie-une-riposte-iranienne-par-drones-et-missiles-deja-en-cours\/377355\/#breadcrumb"},"inLanguage":"fr-FR","potentialAction":[{"@type":"ReadAction","target":["https:\/\/www.webdo.tn\/fr\/actualite\/international\/israel-jordanie-une-riposte-iranienne-par-drones-et-missiles-deja-en-cours\/377355\/"]}]},{"@type":"ImageObject","inLanguage":"fr-FR","@id":"https:\/\/www.webdo.tn\/fr\/actualite\/international\/israel-jordanie-une-riposte-iranienne-par-drones-et-missiles-deja-en-cours\/377355\/#primaryimage","url":"https:\/\/www.webdo.tn\/fr\/wp-content\/uploads\/2025\/06\/drones-iran.webp","contentUrl":"https:\/\/www.webdo.tn\/fr\/wp-content\/uploads\/2025\/06\/drones-iran.webp","width":1200,"height":800},{"@type":"BreadcrumbList","@id":"https:\/\/www.webdo.tn\/fr\/actualite\/international\/israel-jordanie-une-riposte-iranienne-par-drones-et-missiles-deja-en-cours\/377355\/#breadcrumb","itemListElement":[{"@type":"ListItem","position":1,"name":"Accueil","item":"https:\/\/www.webdo.tn\/fr\/"},{"@type":"ListItem","position":2,"name":"Isra\u00ebl, Jordanie : une riposte iranienne par drones et missiles d\u00e9j\u00e0 en cours ?"}]},{"@type":"WebSite","@id":"https:\/\/www.webdo.tn\/fr\/#website","url":"https:\/\/www.webdo.tn\/fr\/","name":"webdo","description":"Tunisie - News en Tunisie et \u00e0 l&#039;international sur Webdo.tn","publisher":{"@id":"https:\/\/www.webdo.tn\/fr\/#organization"},"potentialAction":[{"@type":"SearchAction","target":{"@type":"EntryPoint","urlTemplate":"https:\/\/www.webdo.tn\/fr\/?s={search_term_string}"},"query-input":{"@type":"PropertyValueSpecification","valueRequired":true,"valueName":"search_term_string"}}],"inLanguage":"fr-FR"},{"@type":"Organization","@id":"https:\/\/www.webdo.tn\/fr\/#organization","name":"Webdo","alternateName":"Webdo.tn","url":"https:\/\/www.webdo.tn\/fr\/","logo":{"@type":"ImageObject","inLanguage":"fr-FR","@id":"https:\/\/www.webdo.tn\/fr\/#\/schema\/logo\/image\/","url":"https:\/\/www.webdo.tn\/fr\/wp-content\/uploads\/2025\/06\/Webdo-Tunisie_168377.jpg","contentUrl":"https:\/\/www.webdo.tn\/fr\/wp-content\/uploads\/2025\/06\/Webdo-Tunisie_168377.jpg","width":301,"height":301,"caption":"Webdo"},"image":{"@id":"https:\/\/www.webdo.tn\/fr\/#\/schema\/logo\/image\/"},"sameAs":["https:\/\/www.facebook.com\/webdotn","https:\/\/x.com\/webdo_tn"],"description":"Webdo est un m\u00e9dia num\u00e9rique tunisien fond\u00e9 en 2010, sp\u00e9cialis\u00e9 dans l\u2019actualit\u00e9 nationale et internationale, l\u2019\u00e9conomie, la soci\u00e9t\u00e9 et les analyses politiques. Le site s\u2019adresse \u00e0 un large public francophone et couvre l\u2019information tunisienne en temps r\u00e9el.","email":"redac@webdo.tn","legalName":"YNJ SARL","foundingDate":"2010-09-06","numberOfEmployees":{"@type":"QuantitativeValue","minValue":"11","maxValue":"50"}},{"@type":"Person","@id":"https:\/\/www.webdo.tn\/fr\/#\/schema\/person\/2c509d3aeb706736cdf7dc93d76b6fe1","name":"Walid Ben Youssef","image":{"@type":"ImageObject","inLanguage":"fr-FR","@id":"https:\/\/www.webdo.tn\/fr\/wp-content\/uploads\/2026\/04\/walid-ben-youssef_avatar-96x96.jpg","url":"https:\/\/www.webdo.tn\/fr\/wp-content\/uploads\/2026\/04\/walid-ben-youssef_avatar-96x96.jpg","contentUrl":"https:\/\/www.webdo.tn\/fr\/wp-content\/uploads\/2026\/04\/walid-ben-youssef_avatar-96x96.jpg","caption":"Walid Ben Youssef"},"description":"Walid Ben Youssef est fondateur et directeur de publication de Webdo.tn, m\u00e9dia num\u00e9rique tunisien lanc\u00e9 en 2011. Journaliste depuis plus de 20 ans, il a d\u00e9but\u00e9 sa carri\u00e8re au sein du groupe Dar Tunis-Hebdo, o\u00f9 il a contribu\u00e9 d\u00e8s le d\u00e9but des ann\u00e9es 2000 au d\u00e9veloppement des premi\u00e8res initiatives web du titre. Avant de fonder Webdo, il a occup\u00e9 les fonctions de directeur adjoint du groupe Dar Tunis-Hebdo, participant au d\u00e9veloppement \u00e9ditorial, publicitaire et num\u00e9rique du groupe. Sp\u00e9cialis\u00e9 dans les m\u00e9dias num\u00e9riques, la transformation digitale de l\u2019information et l\u2019actualit\u00e9 nationale et internationale, il supervise la ligne \u00e9ditoriale de Webdo et pilote son d\u00e9veloppement strat\u00e9gique. Dipl\u00f4m\u00e9 en math\u00e9matiques de l\u2019Universit\u00e9 d\u2019Oregon (\u00c9tats-Unis), il associe une approche analytique \u00e0 une expertise de terrain du journalisme. \ud83d\udd17 Facebook : https:\/\/www.facebook.com\/wby.webdo","sameAs":["https:\/\/www.facebook.com\/wby.webdo"],"knowsAbout":["journalisme","m\u00e9dias num\u00e9riques","transformation digitale","actualit\u00e9 tunisienne","g\u00e9opolitique"],"knowsLanguage":["Fran\u00e7ais","Arabe","Anglais"],"jobTitle":"Fondateur et directeur de publication","worksFor":"Webdo.tn","url":"https:\/\/www.webdo.tn\/fr\/actualite\/author\/walid-ben-youssef\/"}]}},"_links":{"self":[{"href":"https:\/\/www.webdo.tn\/fr\/wp-json\/wp\/v2\/posts\/377355","targetHints":{"allow":["GET"]}}],"collection":[{"href":"https:\/\/www.webdo.tn\/fr\/wp-json\/wp\/v2\/posts"}],"about":[{"href":"https:\/\/www.webdo.tn\/fr\/wp-json\/wp\/v2\/types\/post"}],"author":[{"embeddable":true,"href":"https:\/\/www.webdo.tn\/fr\/wp-json\/wp\/v2\/users\/3183"}],"replies":[{"embeddable":true,"href":"https:\/\/www.webdo.tn\/fr\/wp-json\/wp\/v2\/comments?post=377355"}],"version-history":[{"count":0,"href":"https:\/\/www.webdo.tn\/fr\/wp-json\/wp\/v2\/posts\/377355\/revisions"}],"wp:featuredmedia":[{"embeddable":true,"href":"https:\/\/www.webdo.tn\/fr\/wp-json\/wp\/v2\/media\/377357"}],"wp:attachment":[{"href":"https:\/\/www.webdo.tn\/fr\/wp-json\/wp\/v2\/media?parent=377355"}],"wp:term":[{"taxonomy":"category","embeddable":true,"href":"https:\/\/www.webdo.tn\/fr\/wp-json\/wp\/v2\/categories?post=377355"},{"taxonomy":"post_tag","embeddable":true,"href":"https:\/\/www.webdo.tn\/fr\/wp-json\/wp\/v2\/tags?post=377355"}],"curies":[{"name":"wp","href":"https:\/\/api.w.org\/{rel}","templated":true}]}}