{"id":377350,"date":"2025-06-13T07:08:06","date_gmt":"2025-06-13T06:08:06","guid":{"rendered":"https:\/\/www.webdo.tn\/fr\/?p=377350"},"modified":"2025-06-13T14:35:38","modified_gmt":"2025-06-13T13:35:38","slug":"frappes-israeliennes-en-iran-larabie-saoudite-et-dautres-pays-denoncent-une-escalade-dangereuse","status":"publish","type":"post","link":"https:\/\/www.webdo.tn\/fr\/actualite\/international\/frappes-israeliennes-en-iran-larabie-saoudite-et-dautres-pays-denoncent-une-escalade-dangereuse\/377350\/","title":{"rendered":"Frappes isra\u00e9liennes en Iran : l\u2019Arabie saoudite et d\u2019autres pays d\u00e9noncent une escalade dangereuse\u202f"},"content":{"rendered":"\n<p><strong>Les frappes a\u00e9riennes men\u00e9es par Isra\u00ebl dans la nuit du 12 au 13 juin sur plusieurs sites militaires et nucl\u00e9aires en Iran ont suscit\u00e9 une vague de condamnations \u00e0 travers le monde. Si l\u2019\u00c9tat h\u00e9breu assume ouvertement l\u2019op\u00e9ration \u2014 baptis\u00e9e <em>Rising Lion<\/em> \u2014, ses r\u00e9percussions diplomatiques s\u2019annoncent d\u00e9j\u00e0 majeures.<\/strong><\/p>\n\n\n\n<p><strong>L&rsquo;Arabie saoudite, premier acteur r\u00e9gional \u00e0 r\u00e9agir<\/strong>, a d\u00e9nonc\u00e9, vendredi 13 juin, \u00ab une violation flagrante du droit international \u00bb. Dans un communiqu\u00e9 diffus\u00e9 par son minist\u00e8re des affaires \u00e9trang\u00e8res, Riyad a condamn\u00e9 des \u00ab attaques odieuses \u00bb et a appel\u00e9 le Conseil de s\u00e9curit\u00e9 de l\u2019ONU \u00e0 \u00ab assumer ses responsabilit\u00e9s pour faire cesser imm\u00e9diatement cette agression \u00bb.<\/p>\n\n\n\n<h3 class=\"wp-block-heading\" id=\"h-reprobation-dans-le-golfe-et-au-dela\"><strong>R\u00e9probation dans le Golfe et au-del\u00e0<\/strong><\/h3>\n\n\n\n<p>Oman, pays h\u00f4te de pourparlers informels entre Washington et T\u00e9h\u00e9ran, a exprim\u00e9 une condamnation similaire, d\u00e9plorant une \u00ab escalade susceptible d\u2019embraser toute la r\u00e9gion \u00bb. Le Qatar et le Kowe\u00eft ont \u00e9galement exprim\u00e9 leur inqui\u00e9tude, appelant au respect de la souverainet\u00e9 iranienne et \u00e0 la d\u00e9sescalade.<\/p>\n\n\n\n<p>En Asie, <strong>l\u2019Indon\u00e9sie<\/strong> a exprim\u00e9 sa pr\u00e9occupation face aux \u00ab risques majeurs pour la stabilit\u00e9 r\u00e9gionale et mondiale \u00bb. Le <strong>Japon<\/strong> a exhort\u00e9 toutes les parties \u00e0 \u00ab la retenue \u00bb et \u00e0 privil\u00e9gier \u00ab la voie diplomatique \u00bb, tandis que <strong>la Chine<\/strong> a mis en garde contre \u00ab une d\u00e9rive vers un conflit ouvert \u00bb.<\/p>\n\n\n\n<p>Du c\u00f4t\u00e9 occidental, les r\u00e9actions sont rest\u00e9es plus nuanc\u00e9es. Le <strong>Royaume-Uni<\/strong> s\u2019est dit \u00ab pr\u00e9occup\u00e9 par l\u2019escalade \u00bb tout en r\u00e9affirmant le droit d\u2019Isra\u00ebl \u00e0 se d\u00e9fendre. L\u2019<strong>Union europ\u00e9enne<\/strong> a appel\u00e9 \u00e0 \u00ab \u00e9viter tout acte susceptible de compromettre davantage la stabilit\u00e9 r\u00e9gionale \u00bb, sans condamner directement l\u2019op\u00e9ration isra\u00e9lienne.<\/p>\n\n\n\n<h3 class=\"wp-block-heading\" id=\"h-un-precedent-strategique\"><strong>Un pr\u00e9c\u00e9dent strat\u00e9gique<\/strong><\/h3>\n\n\n\n<p>Selon plusieurs analystes, cette attaque marque un tournant dans la confrontation isra\u00e9lo-iranienne. \u00ab Le niveau de coordination, la simultan\u00e9it\u00e9 des frappes sur Natanz, Ispahan, Tabriz, T\u00e9h\u00e9ran et Khorramabad montrent une planification militaire pouss\u00e9e \u00bb, note un diplomate europ\u00e9en. Contrairement aux \u00e9changes de 2024 \u2014 ripostes limit\u00e9es apr\u00e8s l\u2019attaque de l\u2019ambassade iranienne \u00e0 Damas et l\u2019assassinat du g\u00e9n\u00e9ral Abbas Nilforoushan \u2014, cette op\u00e9ration semble viser \u00e0 d\u00e9grader durablement les capacit\u00e9s strat\u00e9giques iraniennes.<\/p>\n\n\n\n<p>L\u2019<strong>ONU<\/strong>, par la voix du secr\u00e9taire g\u00e9n\u00e9ral Ant\u00f3nio Guterres, a exprim\u00e9 sa \u00ab vive inqui\u00e9tude \u00bb face \u00e0 ce qu\u2019il qualifie d\u2019\u00ab escalade militaire dangereuse \u00bb, appelant toutes les parties \u00e0 la retenue. Des consultations d\u2019urgence pourraient \u00eatre convoqu\u00e9es au Conseil de s\u00e9curit\u00e9 dans les prochaines heures.<\/p>\n\n\n\n<h3 class=\"wp-block-heading\" id=\"h-un-risque-d-embrasement-regional\"><strong>Un risque d\u2019embrasement r\u00e9gional<\/strong><\/h3>\n\n\n\n<p>\u00c0 T\u00e9h\u00e9ran, les autorit\u00e9s iraniennes ont d\u00e9nonc\u00e9 une \u00ab agression brutale \u00bb et promis une \u00ab riposte d\u00e9cisive \u00bb. Plusieurs responsables iraniens ont \u00e9voqu\u00e9 la possibilit\u00e9 de s\u2019en prendre aux int\u00e9r\u00eats am\u00e9ricains dans la r\u00e9gion, bien que Washington ait assur\u00e9 ne pas avoir \u00e9t\u00e9 inform\u00e9 des frappes isra\u00e9liennes.<\/p>\n\n\n\n<p>Les \u00c9tats-Unis, tout en rappelant leur engagement en faveur de la s\u00e9curit\u00e9 d\u2019Isra\u00ebl, ont ordonn\u00e9 l\u2019\u00e9vacuation partielle de plusieurs ambassades et bases militaires en Irak et au Golfe. Le Pentagone a indiqu\u00e9 avoir plac\u00e9 ses forces en \u00e9tat d\u2019alerte renforc\u00e9e.<\/p>\n\n\n\n<hr class=\"wp-block-separator has-alpha-channel-opacity\" \/>\n","protected":false},"excerpt":{"rendered":"<p>Les frappes a\u00e9riennes men\u00e9es par Isra\u00ebl dans la nuit du 12 au 13 juin sur plusieurs sites militaires et nucl\u00e9aires en Iran ont suscit\u00e9 une vague de condamnations \u00e0 travers le monde. Si l\u2019\u00c9tat h\u00e9breu assume ouvertement l\u2019op\u00e9ration \u2014 baptis\u00e9e Rising Lion \u2014, ses r\u00e9percussions diplomatiques s\u2019annoncent d\u00e9j\u00e0 majeures. L&rsquo;Arabie saoudite, premier acteur r\u00e9gional \u00e0 [&hellip;]<\/p>\n","protected":false},"author":3203,"featured_media":377352,"comment_status":"open","ping_status":"open","sticky":false,"template":"","format":"standard","meta":{"footnotes":""},"categories":[2598],"tags":[8415,5202,2912,2636,6016],"class_list":["post-377350","post","type-post","status-publish","format-standard","has-post-thumbnail","hentry","category-international","tag-arabaie-saoudite","tag-bombardement","tag-iran","tag-israel","tag-teheran"],"yoast_head":"<!-- This site is optimized with the Yoast SEO Premium plugin v27.5 (Yoast SEO v27.5) - https:\/\/yoast.com\/product\/yoast-seo-premium-wordpress\/ -->\n<title>Frappes isra\u00e9liennes en Iran : l\u2019Arabie saoudite et d\u2019autres pays d\u00e9noncent une escalade dangereuse\u202f - webdo<\/title>\n<meta name=\"description\" content=\"D\u00e9couvrez les frappes isra\u00e9liennes en Iran et la r\u00e9action de l\u2019Arabie saoudite face \u00e0 cette violation du droit international.\" \/>\n<link rel=\"canonical\" href=\"https:\/\/www.webdo.tn\/fr\/actualite\/international\/frappes-israeliennes-en-iran-larabie-saoudite-et-dautres-pays-denoncent-une-escalade-dangereuse\/377350\/\" \/>\n<meta property=\"og:locale\" content=\"fr_FR\" \/>\n<meta property=\"og:type\" content=\"article\" \/>\n<meta property=\"og:title\" content=\"Frappes isra\u00e9liennes en Iran : l\u2019Arabie saoudite et d\u2019autres pays d\u00e9noncent une escalade dangereuse\u202f\" \/>\n<meta property=\"og:description\" content=\"D\u00e9couvrez les frappes isra\u00e9liennes en Iran et la r\u00e9action de l\u2019Arabie saoudite face \u00e0 cette violation du droit international.\" \/>\n<meta property=\"og:url\" content=\"https:\/\/www.webdo.tn\/fr\/actualite\/international\/frappes-israeliennes-en-iran-larabie-saoudite-et-dautres-pays-denoncent-une-escalade-dangereuse\/377350\/\" \/>\n<meta property=\"og:site_name\" content=\"webdo\" \/>\n<meta property=\"article:publisher\" content=\"https:\/\/www.facebook.com\/webdotn\" \/>\n<meta property=\"article:published_time\" content=\"2025-06-13T06:08:06+00:00\" \/>\n<meta property=\"article:modified_time\" content=\"2025-06-13T13:35:38+00:00\" \/>\n<meta property=\"og:image\" content=\"https:\/\/www.webdo.tn\/fr\/wp-content\/uploads\/2025\/06\/immeuble-bombarde-iran.jpg\" \/>\n\t<meta property=\"og:image:width\" content=\"1216\" \/>\n\t<meta property=\"og:image:height\" content=\"810\" \/>\n\t<meta property=\"og:image:type\" content=\"image\/jpeg\" \/>\n<meta name=\"author\" content=\"Ramzi Haddad\" \/>\n<meta name=\"twitter:card\" content=\"summary_large_image\" \/>\n<meta name=\"twitter:creator\" content=\"@webdo_tn\" \/>\n<meta name=\"twitter:site\" content=\"@webdo_tn\" \/>\n<meta name=\"twitter:label1\" content=\"\u00c9crit par\" \/>\n\t<meta name=\"twitter:data1\" content=\"Ramzi Haddad\" \/>\n\t<meta name=\"twitter:label2\" content=\"Dur\u00e9e de lecture estim\u00e9e\" \/>\n\t<meta name=\"twitter:data2\" content=\"3 minutes\" \/>\n<script type=\"application\/ld+json\" class=\"yoast-schema-graph\">{\"@context\":\"https:\\\/\\\/schema.org\",\"@graph\":[{\"@type\":\"NewsArticle\",\"@id\":\"https:\\\/\\\/www.webdo.tn\\\/fr\\\/actualite\\\/international\\\/frappes-israeliennes-en-iran-larabie-saoudite-et-dautres-pays-denoncent-une-escalade-dangereuse\\\/377350\\\/#article\",\"isPartOf\":{\"@id\":\"https:\\\/\\\/www.webdo.tn\\\/fr\\\/actualite\\\/international\\\/frappes-israeliennes-en-iran-larabie-saoudite-et-dautres-pays-denoncent-une-escalade-dangereuse\\\/377350\\\/\"},\"author\":{\"name\":\"Ramzi Haddad\",\"@id\":\"https:\\\/\\\/www.webdo.tn\\\/fr\\\/#\\\/schema\\\/person\\\/5663044c25eb36d8f88ba5b653f12f8c\"},\"headline\":\"Frappes isra\u00e9liennes en Iran : l\u2019Arabie saoudite et d\u2019autres pays d\u00e9noncent une escalade dangereuse\u202f\",\"datePublished\":\"2025-06-13T06:08:06+00:00\",\"dateModified\":\"2025-06-13T13:35:38+00:00\",\"mainEntityOfPage\":{\"@id\":\"https:\\\/\\\/www.webdo.tn\\\/fr\\\/actualite\\\/international\\\/frappes-israeliennes-en-iran-larabie-saoudite-et-dautres-pays-denoncent-une-escalade-dangereuse\\\/377350\\\/\"},\"wordCount\":549,\"commentCount\":0,\"publisher\":{\"@id\":\"https:\\\/\\\/www.webdo.tn\\\/fr\\\/#organization\"},\"image\":{\"@id\":\"https:\\\/\\\/www.webdo.tn\\\/fr\\\/actualite\\\/international\\\/frappes-israeliennes-en-iran-larabie-saoudite-et-dautres-pays-denoncent-une-escalade-dangereuse\\\/377350\\\/#primaryimage\"},\"thumbnailUrl\":\"https:\\\/\\\/www.webdo.tn\\\/fr\\\/wp-content\\\/uploads\\\/2025\\\/06\\\/immeuble-bombarde-iran.jpg\",\"keywords\":[\"arabaie saoudite\",\"bombardement\",\"Iran\",\"isra\u00ebl\",\"t\u00e9h\u00e9ran\"],\"articleSection\":[\"International\"],\"inLanguage\":\"fr-FR\"},{\"@type\":\"WebPage\",\"@id\":\"https:\\\/\\\/www.webdo.tn\\\/fr\\\/actualite\\\/international\\\/frappes-israeliennes-en-iran-larabie-saoudite-et-dautres-pays-denoncent-une-escalade-dangereuse\\\/377350\\\/\",\"url\":\"https:\\\/\\\/www.webdo.tn\\\/fr\\\/actualite\\\/international\\\/frappes-israeliennes-en-iran-larabie-saoudite-et-dautres-pays-denoncent-une-escalade-dangereuse\\\/377350\\\/\",\"name\":\"Frappes isra\u00e9liennes en Iran : l\u2019Arabie saoudite et d\u2019autres pays d\u00e9noncent une escalade dangereuse\u202f - webdo\",\"isPartOf\":{\"@id\":\"https:\\\/\\\/www.webdo.tn\\\/fr\\\/#website\"},\"primaryImageOfPage\":{\"@id\":\"https:\\\/\\\/www.webdo.tn\\\/fr\\\/actualite\\\/international\\\/frappes-israeliennes-en-iran-larabie-saoudite-et-dautres-pays-denoncent-une-escalade-dangereuse\\\/377350\\\/#primaryimage\"},\"image\":{\"@id\":\"https:\\\/\\\/www.webdo.tn\\\/fr\\\/actualite\\\/international\\\/frappes-israeliennes-en-iran-larabie-saoudite-et-dautres-pays-denoncent-une-escalade-dangereuse\\\/377350\\\/#primaryimage\"},\"thumbnailUrl\":\"https:\\\/\\\/www.webdo.tn\\\/fr\\\/wp-content\\\/uploads\\\/2025\\\/06\\\/immeuble-bombarde-iran.jpg\",\"datePublished\":\"2025-06-13T06:08:06+00:00\",\"dateModified\":\"2025-06-13T13:35:38+00:00\",\"description\":\"D\u00e9couvrez les frappes isra\u00e9liennes en Iran et la r\u00e9action de l\u2019Arabie saoudite face \u00e0 cette violation du droit international.\",\"breadcrumb\":{\"@id\":\"https:\\\/\\\/www.webdo.tn\\\/fr\\\/actualite\\\/international\\\/frappes-israeliennes-en-iran-larabie-saoudite-et-dautres-pays-denoncent-une-escalade-dangereuse\\\/377350\\\/#breadcrumb\"},\"inLanguage\":\"fr-FR\",\"potentialAction\":[{\"@type\":\"ReadAction\",\"target\":[\"https:\\\/\\\/www.webdo.tn\\\/fr\\\/actualite\\\/international\\\/frappes-israeliennes-en-iran-larabie-saoudite-et-dautres-pays-denoncent-une-escalade-dangereuse\\\/377350\\\/\"]}]},{\"@type\":\"ImageObject\",\"inLanguage\":\"fr-FR\",\"@id\":\"https:\\\/\\\/www.webdo.tn\\\/fr\\\/actualite\\\/international\\\/frappes-israeliennes-en-iran-larabie-saoudite-et-dautres-pays-denoncent-une-escalade-dangereuse\\\/377350\\\/#primaryimage\",\"url\":\"https:\\\/\\\/www.webdo.tn\\\/fr\\\/wp-content\\\/uploads\\\/2025\\\/06\\\/immeuble-bombarde-iran.jpg\",\"contentUrl\":\"https:\\\/\\\/www.webdo.tn\\\/fr\\\/wp-content\\\/uploads\\\/2025\\\/06\\\/immeuble-bombarde-iran.jpg\",\"width\":1216,\"height\":810,\"caption\":\"Des secouristes iraniens et des habitants rassembl\u00e9s devant un immeuble endommag\u00e9 \u00e0 T\u00e9h\u00e9ran, au lendemain des frappes isra\u00e9liennes.\"},{\"@type\":\"BreadcrumbList\",\"@id\":\"https:\\\/\\\/www.webdo.tn\\\/fr\\\/actualite\\\/international\\\/frappes-israeliennes-en-iran-larabie-saoudite-et-dautres-pays-denoncent-une-escalade-dangereuse\\\/377350\\\/#breadcrumb\",\"itemListElement\":[{\"@type\":\"ListItem\",\"position\":1,\"name\":\"Accueil\",\"item\":\"https:\\\/\\\/www.webdo.tn\\\/fr\\\/\"},{\"@type\":\"ListItem\",\"position\":2,\"name\":\"Frappes isra\u00e9liennes en Iran : l\u2019Arabie saoudite et d\u2019autres pays d\u00e9noncent une escalade dangereuse\u202f\"}]},{\"@type\":\"WebSite\",\"@id\":\"https:\\\/\\\/www.webdo.tn\\\/fr\\\/#website\",\"url\":\"https:\\\/\\\/www.webdo.tn\\\/fr\\\/\",\"name\":\"webdo\",\"description\":\"Tunisie - News en Tunisie et \u00e0 l&#039;international sur Webdo.tn\",\"publisher\":{\"@id\":\"https:\\\/\\\/www.webdo.tn\\\/fr\\\/#organization\"},\"potentialAction\":[{\"@type\":\"SearchAction\",\"target\":{\"@type\":\"EntryPoint\",\"urlTemplate\":\"https:\\\/\\\/www.webdo.tn\\\/fr\\\/?s={search_term_string}\"},\"query-input\":{\"@type\":\"PropertyValueSpecification\",\"valueRequired\":true,\"valueName\":\"search_term_string\"}}],\"inLanguage\":\"fr-FR\"},{\"@type\":\"Organization\",\"@id\":\"https:\\\/\\\/www.webdo.tn\\\/fr\\\/#organization\",\"name\":\"Webdo\",\"alternateName\":\"Webdo.tn\",\"url\":\"https:\\\/\\\/www.webdo.tn\\\/fr\\\/\",\"logo\":{\"@type\":\"ImageObject\",\"inLanguage\":\"fr-FR\",\"@id\":\"https:\\\/\\\/www.webdo.tn\\\/fr\\\/#\\\/schema\\\/logo\\\/image\\\/\",\"url\":\"https:\\\/\\\/www.webdo.tn\\\/fr\\\/wp-content\\\/uploads\\\/2025\\\/06\\\/Webdo-Tunisie_168377.jpg\",\"contentUrl\":\"https:\\\/\\\/www.webdo.tn\\\/fr\\\/wp-content\\\/uploads\\\/2025\\\/06\\\/Webdo-Tunisie_168377.jpg\",\"width\":301,\"height\":301,\"caption\":\"Webdo\"},\"image\":{\"@id\":\"https:\\\/\\\/www.webdo.tn\\\/fr\\\/#\\\/schema\\\/logo\\\/image\\\/\"},\"sameAs\":[\"https:\\\/\\\/www.facebook.com\\\/webdotn\",\"https:\\\/\\\/x.com\\\/webdo_tn\"],\"description\":\"Webdo est un m\u00e9dia num\u00e9rique tunisien fond\u00e9 en 2010, sp\u00e9cialis\u00e9 dans l\u2019actualit\u00e9 nationale et internationale, l\u2019\u00e9conomie, la soci\u00e9t\u00e9 et les analyses politiques. Le site s\u2019adresse \u00e0 un large public francophone et couvre l\u2019information tunisienne en temps r\u00e9el.\",\"email\":\"redac@webdo.tn\",\"legalName\":\"YNJ SARL\",\"foundingDate\":\"2010-09-06\",\"numberOfEmployees\":{\"@type\":\"QuantitativeValue\",\"minValue\":\"11\",\"maxValue\":\"50\"}},{\"@type\":\"Person\",\"@id\":\"https:\\\/\\\/www.webdo.tn\\\/fr\\\/#\\\/schema\\\/person\\\/5663044c25eb36d8f88ba5b653f12f8c\",\"name\":\"Ramzi Haddad\",\"image\":{\"@type\":\"ImageObject\",\"inLanguage\":\"fr-FR\",\"@id\":\"https:\\\/\\\/www.webdo.tn\\\/fr\\\/wp-content\\\/uploads\\\/2026\\\/04\\\/ramzi-haddad_avatar-96x96.jpg\",\"url\":\"https:\\\/\\\/www.webdo.tn\\\/fr\\\/wp-content\\\/uploads\\\/2026\\\/04\\\/ramzi-haddad_avatar-96x96.jpg\",\"contentUrl\":\"https:\\\/\\\/www.webdo.tn\\\/fr\\\/wp-content\\\/uploads\\\/2026\\\/04\\\/ramzi-haddad_avatar-96x96.jpg\",\"caption\":\"Ramzi Haddad\"},\"description\":\"Signature \u00e9ditoriale de Walid Ben Youssef Ramzi Haddad est le pseudonyme \u00e9ditorial de Walid Ben Youssef, fondateur et g\u00e9rant de Webdo.tn. Cette signature est d\u00e9di\u00e9e \u00e0 la couverture de l'actualit\u00e9 nationale et internationale, ainsi qu'aux analyses des dynamiques num\u00e9riques. Ce profil b\u00e9n\u00e9ficie de l'expertise de Walid Ben Youssef, pionnier du web en Tunisie depuis 2000 et dipl\u00f4m\u00e9 en Math\u00e9matiques pures de l'Universit\u00e9 d'Oregon. \u00c0 travers cette signature, la r\u00e9daction de Webdo garantit une information structur\u00e9e et v\u00e9rifi\u00e9e, fid\u00e8le aux standards journalistiques du m\u00e9dia.\",\"url\":\"https:\\\/\\\/www.webdo.tn\\\/fr\\\/actualite\\\/author\\\/ramzi-haddad\\\/\"}]}<\/script>\n<!-- \/ Yoast SEO Premium plugin. -->","yoast_head_json":{"title":"Frappes isra\u00e9liennes en Iran : l\u2019Arabie saoudite et d\u2019autres pays d\u00e9noncent une escalade dangereuse\u202f - webdo","description":"D\u00e9couvrez les frappes isra\u00e9liennes en Iran et la r\u00e9action de l\u2019Arabie saoudite face \u00e0 cette violation du droit international.","canonical":"https:\/\/www.webdo.tn\/fr\/actualite\/international\/frappes-israeliennes-en-iran-larabie-saoudite-et-dautres-pays-denoncent-une-escalade-dangereuse\/377350\/","og_locale":"fr_FR","og_type":"article","og_title":"Frappes isra\u00e9liennes en Iran : l\u2019Arabie saoudite et d\u2019autres pays d\u00e9noncent une escalade dangereuse\u202f","og_description":"D\u00e9couvrez les frappes isra\u00e9liennes en Iran et la r\u00e9action de l\u2019Arabie saoudite face \u00e0 cette violation du droit international.","og_url":"https:\/\/www.webdo.tn\/fr\/actualite\/international\/frappes-israeliennes-en-iran-larabie-saoudite-et-dautres-pays-denoncent-une-escalade-dangereuse\/377350\/","og_site_name":"webdo","article_publisher":"https:\/\/www.facebook.com\/webdotn","article_published_time":"2025-06-13T06:08:06+00:00","article_modified_time":"2025-06-13T13:35:38+00:00","og_image":[{"width":1216,"height":810,"url":"https:\/\/www.webdo.tn\/fr\/wp-content\/uploads\/2025\/06\/immeuble-bombarde-iran.jpg","type":"image\/jpeg"}],"author":"Ramzi Haddad","twitter_card":"summary_large_image","twitter_creator":"@webdo_tn","twitter_site":"@webdo_tn","twitter_misc":{"\u00c9crit par":"Ramzi Haddad","Dur\u00e9e de lecture estim\u00e9e":"3 minutes"},"schema":{"@context":"https:\/\/schema.org","@graph":[{"@type":"NewsArticle","@id":"https:\/\/www.webdo.tn\/fr\/actualite\/international\/frappes-israeliennes-en-iran-larabie-saoudite-et-dautres-pays-denoncent-une-escalade-dangereuse\/377350\/#article","isPartOf":{"@id":"https:\/\/www.webdo.tn\/fr\/actualite\/international\/frappes-israeliennes-en-iran-larabie-saoudite-et-dautres-pays-denoncent-une-escalade-dangereuse\/377350\/"},"author":{"name":"Ramzi Haddad","@id":"https:\/\/www.webdo.tn\/fr\/#\/schema\/person\/5663044c25eb36d8f88ba5b653f12f8c"},"headline":"Frappes isra\u00e9liennes en Iran : l\u2019Arabie saoudite et d\u2019autres pays d\u00e9noncent une escalade dangereuse\u202f","datePublished":"2025-06-13T06:08:06+00:00","dateModified":"2025-06-13T13:35:38+00:00","mainEntityOfPage":{"@id":"https:\/\/www.webdo.tn\/fr\/actualite\/international\/frappes-israeliennes-en-iran-larabie-saoudite-et-dautres-pays-denoncent-une-escalade-dangereuse\/377350\/"},"wordCount":549,"commentCount":0,"publisher":{"@id":"https:\/\/www.webdo.tn\/fr\/#organization"},"image":{"@id":"https:\/\/www.webdo.tn\/fr\/actualite\/international\/frappes-israeliennes-en-iran-larabie-saoudite-et-dautres-pays-denoncent-une-escalade-dangereuse\/377350\/#primaryimage"},"thumbnailUrl":"https:\/\/www.webdo.tn\/fr\/wp-content\/uploads\/2025\/06\/immeuble-bombarde-iran.jpg","keywords":["arabaie saoudite","bombardement","Iran","isra\u00ebl","t\u00e9h\u00e9ran"],"articleSection":["International"],"inLanguage":"fr-FR"},{"@type":"WebPage","@id":"https:\/\/www.webdo.tn\/fr\/actualite\/international\/frappes-israeliennes-en-iran-larabie-saoudite-et-dautres-pays-denoncent-une-escalade-dangereuse\/377350\/","url":"https:\/\/www.webdo.tn\/fr\/actualite\/international\/frappes-israeliennes-en-iran-larabie-saoudite-et-dautres-pays-denoncent-une-escalade-dangereuse\/377350\/","name":"Frappes isra\u00e9liennes en Iran : l\u2019Arabie saoudite et d\u2019autres pays d\u00e9noncent une escalade dangereuse\u202f - webdo","isPartOf":{"@id":"https:\/\/www.webdo.tn\/fr\/#website"},"primaryImageOfPage":{"@id":"https:\/\/www.webdo.tn\/fr\/actualite\/international\/frappes-israeliennes-en-iran-larabie-saoudite-et-dautres-pays-denoncent-une-escalade-dangereuse\/377350\/#primaryimage"},"image":{"@id":"https:\/\/www.webdo.tn\/fr\/actualite\/international\/frappes-israeliennes-en-iran-larabie-saoudite-et-dautres-pays-denoncent-une-escalade-dangereuse\/377350\/#primaryimage"},"thumbnailUrl":"https:\/\/www.webdo.tn\/fr\/wp-content\/uploads\/2025\/06\/immeuble-bombarde-iran.jpg","datePublished":"2025-06-13T06:08:06+00:00","dateModified":"2025-06-13T13:35:38+00:00","description":"D\u00e9couvrez les frappes isra\u00e9liennes en Iran et la r\u00e9action de l\u2019Arabie saoudite face \u00e0 cette violation du droit international.","breadcrumb":{"@id":"https:\/\/www.webdo.tn\/fr\/actualite\/international\/frappes-israeliennes-en-iran-larabie-saoudite-et-dautres-pays-denoncent-une-escalade-dangereuse\/377350\/#breadcrumb"},"inLanguage":"fr-FR","potentialAction":[{"@type":"ReadAction","target":["https:\/\/www.webdo.tn\/fr\/actualite\/international\/frappes-israeliennes-en-iran-larabie-saoudite-et-dautres-pays-denoncent-une-escalade-dangereuse\/377350\/"]}]},{"@type":"ImageObject","inLanguage":"fr-FR","@id":"https:\/\/www.webdo.tn\/fr\/actualite\/international\/frappes-israeliennes-en-iran-larabie-saoudite-et-dautres-pays-denoncent-une-escalade-dangereuse\/377350\/#primaryimage","url":"https:\/\/www.webdo.tn\/fr\/wp-content\/uploads\/2025\/06\/immeuble-bombarde-iran.jpg","contentUrl":"https:\/\/www.webdo.tn\/fr\/wp-content\/uploads\/2025\/06\/immeuble-bombarde-iran.jpg","width":1216,"height":810,"caption":"Des secouristes iraniens et des habitants rassembl\u00e9s devant un immeuble endommag\u00e9 \u00e0 T\u00e9h\u00e9ran, au lendemain des frappes isra\u00e9liennes."},{"@type":"BreadcrumbList","@id":"https:\/\/www.webdo.tn\/fr\/actualite\/international\/frappes-israeliennes-en-iran-larabie-saoudite-et-dautres-pays-denoncent-une-escalade-dangereuse\/377350\/#breadcrumb","itemListElement":[{"@type":"ListItem","position":1,"name":"Accueil","item":"https:\/\/www.webdo.tn\/fr\/"},{"@type":"ListItem","position":2,"name":"Frappes isra\u00e9liennes en Iran : l\u2019Arabie saoudite et d\u2019autres pays d\u00e9noncent une escalade dangereuse\u202f"}]},{"@type":"WebSite","@id":"https:\/\/www.webdo.tn\/fr\/#website","url":"https:\/\/www.webdo.tn\/fr\/","name":"webdo","description":"Tunisie - News en Tunisie et \u00e0 l&#039;international sur Webdo.tn","publisher":{"@id":"https:\/\/www.webdo.tn\/fr\/#organization"},"potentialAction":[{"@type":"SearchAction","target":{"@type":"EntryPoint","urlTemplate":"https:\/\/www.webdo.tn\/fr\/?s={search_term_string}"},"query-input":{"@type":"PropertyValueSpecification","valueRequired":true,"valueName":"search_term_string"}}],"inLanguage":"fr-FR"},{"@type":"Organization","@id":"https:\/\/www.webdo.tn\/fr\/#organization","name":"Webdo","alternateName":"Webdo.tn","url":"https:\/\/www.webdo.tn\/fr\/","logo":{"@type":"ImageObject","inLanguage":"fr-FR","@id":"https:\/\/www.webdo.tn\/fr\/#\/schema\/logo\/image\/","url":"https:\/\/www.webdo.tn\/fr\/wp-content\/uploads\/2025\/06\/Webdo-Tunisie_168377.jpg","contentUrl":"https:\/\/www.webdo.tn\/fr\/wp-content\/uploads\/2025\/06\/Webdo-Tunisie_168377.jpg","width":301,"height":301,"caption":"Webdo"},"image":{"@id":"https:\/\/www.webdo.tn\/fr\/#\/schema\/logo\/image\/"},"sameAs":["https:\/\/www.facebook.com\/webdotn","https:\/\/x.com\/webdo_tn"],"description":"Webdo est un m\u00e9dia num\u00e9rique tunisien fond\u00e9 en 2010, sp\u00e9cialis\u00e9 dans l\u2019actualit\u00e9 nationale et internationale, l\u2019\u00e9conomie, la soci\u00e9t\u00e9 et les analyses politiques. Le site s\u2019adresse \u00e0 un large public francophone et couvre l\u2019information tunisienne en temps r\u00e9el.","email":"redac@webdo.tn","legalName":"YNJ SARL","foundingDate":"2010-09-06","numberOfEmployees":{"@type":"QuantitativeValue","minValue":"11","maxValue":"50"}},{"@type":"Person","@id":"https:\/\/www.webdo.tn\/fr\/#\/schema\/person\/5663044c25eb36d8f88ba5b653f12f8c","name":"Ramzi Haddad","image":{"@type":"ImageObject","inLanguage":"fr-FR","@id":"https:\/\/www.webdo.tn\/fr\/wp-content\/uploads\/2026\/04\/ramzi-haddad_avatar-96x96.jpg","url":"https:\/\/www.webdo.tn\/fr\/wp-content\/uploads\/2026\/04\/ramzi-haddad_avatar-96x96.jpg","contentUrl":"https:\/\/www.webdo.tn\/fr\/wp-content\/uploads\/2026\/04\/ramzi-haddad_avatar-96x96.jpg","caption":"Ramzi Haddad"},"description":"Signature \u00e9ditoriale de Walid Ben Youssef Ramzi Haddad est le pseudonyme \u00e9ditorial de Walid Ben Youssef, fondateur et g\u00e9rant de Webdo.tn. Cette signature est d\u00e9di\u00e9e \u00e0 la couverture de l'actualit\u00e9 nationale et internationale, ainsi qu'aux analyses des dynamiques num\u00e9riques. Ce profil b\u00e9n\u00e9ficie de l'expertise de Walid Ben Youssef, pionnier du web en Tunisie depuis 2000 et dipl\u00f4m\u00e9 en Math\u00e9matiques pures de l'Universit\u00e9 d'Oregon. \u00c0 travers cette signature, la r\u00e9daction de Webdo garantit une information structur\u00e9e et v\u00e9rifi\u00e9e, fid\u00e8le aux standards journalistiques du m\u00e9dia.","url":"https:\/\/www.webdo.tn\/fr\/actualite\/author\/ramzi-haddad\/"}]}},"_links":{"self":[{"href":"https:\/\/www.webdo.tn\/fr\/wp-json\/wp\/v2\/posts\/377350","targetHints":{"allow":["GET"]}}],"collection":[{"href":"https:\/\/www.webdo.tn\/fr\/wp-json\/wp\/v2\/posts"}],"about":[{"href":"https:\/\/www.webdo.tn\/fr\/wp-json\/wp\/v2\/types\/post"}],"author":[{"embeddable":true,"href":"https:\/\/www.webdo.tn\/fr\/wp-json\/wp\/v2\/users\/3203"}],"replies":[{"embeddable":true,"href":"https:\/\/www.webdo.tn\/fr\/wp-json\/wp\/v2\/comments?post=377350"}],"version-history":[{"count":0,"href":"https:\/\/www.webdo.tn\/fr\/wp-json\/wp\/v2\/posts\/377350\/revisions"}],"wp:featuredmedia":[{"embeddable":true,"href":"https:\/\/www.webdo.tn\/fr\/wp-json\/wp\/v2\/media\/377352"}],"wp:attachment":[{"href":"https:\/\/www.webdo.tn\/fr\/wp-json\/wp\/v2\/media?parent=377350"}],"wp:term":[{"taxonomy":"category","embeddable":true,"href":"https:\/\/www.webdo.tn\/fr\/wp-json\/wp\/v2\/categories?post=377350"},{"taxonomy":"post_tag","embeddable":true,"href":"https:\/\/www.webdo.tn\/fr\/wp-json\/wp\/v2\/tags?post=377350"}],"curies":[{"name":"wp","href":"https:\/\/api.w.org\/{rel}","templated":true}]}}