{"id":377336,"date":"2025-06-12T19:27:59","date_gmt":"2025-06-12T18:27:59","guid":{"rendered":"https:\/\/www.webdo.tn\/fr\/?p=377336"},"modified":"2025-06-12T19:28:10","modified_gmt":"2025-06-12T18:28:10","slug":"tunisie-inauguration-du-premier-service-public-africain-dedie-aux-tumeurs-oculaires","status":"publish","type":"post","link":"https:\/\/www.webdo.tn\/fr\/actualite\/national\/tunisie-inauguration-du-premier-service-public-africain-dedie-aux-tumeurs-oculaires\/377336\/","title":{"rendered":"Tunisie : inauguration du premier service public africain d\u00e9di\u00e9 aux tumeurs oculaires"},"content":{"rendered":"\n<p><strong>Le ministre de la Sant\u00e9, Dr. Mustapha Ferjani, a inaugur\u00e9 ce jeudi 12 juin 2025 un service m\u00e9dical in\u00e9dit sur le continent africain : le tout premier d\u00e9partement public sp\u00e9cialis\u00e9 dans les tumeurs oculaires, au sein de l\u2019Institut H\u00e9di Ra\u00efs d\u2019ophtalmologie \u00e0 Tunis.<\/strong><\/p>\n\n\n\n<p>Ce nouveau service marque une avanc\u00e9e significative pour le syst\u00e8me de sant\u00e9 tunisien et africain. Dot\u00e9 de 16 lits \u2014 r\u00e9partis \u00e0 parts \u00e9gales entre hommes et femmes \u2014 il comprend \u00e9galement des cliniques sp\u00e9cialis\u00e9es, des \u00e9quipements m\u00e9dicaux de derni\u00e8re g\u00e9n\u00e9ration et un espace sp\u00e9cifiquement am\u00e9nag\u00e9 pour accueillir les enfants atteints de pathologies oculaires canc\u00e9reuses.<\/p>\n\n\n\n<p>Lors de la c\u00e9r\u00e9monie d\u2019ouverture, Mustapha Ferjani a soulign\u00e9 l\u2019importance de la modernisation des soins et a appel\u00e9 \u00e0 un \u00e9largissement de l\u2019usage de l\u2019intelligence artificielle et de la t\u00e9l\u00e9m\u00e9decine, en particulier pour rapprocher les services sp\u00e9cialis\u00e9s des r\u00e9gions de l\u2019int\u00e9rieur du pays, souvent moins bien desservies. Le ministre a \u00e9galement r\u00e9affirm\u00e9 l\u2019engagement de son d\u00e9partement \u00e0 soutenir l\u2019extension du projet, avec la cr\u00e9ation prochaine d\u2019une unit\u00e9 d\u00e9di\u00e9e aux interventions chirurgicales.<\/p>\n","protected":false},"excerpt":{"rendered":"<p>Le ministre de la Sant\u00e9, Dr. Mustapha Ferjani, a inaugur\u00e9 ce jeudi 12 juin 2025 un service m\u00e9dical in\u00e9dit sur le continent africain : le tout premier d\u00e9partement public sp\u00e9cialis\u00e9 dans les tumeurs oculaires, au sein de l\u2019Institut H\u00e9di Ra\u00efs d\u2019ophtalmologie \u00e0 Tunis. Ce nouveau service marque une avanc\u00e9e significative pour le syst\u00e8me de sant\u00e9 [&hellip;]<\/p>\n","protected":false},"author":4782,"featured_media":377338,"comment_status":"open","ping_status":"open","sticky":false,"template":"","format":"standard","meta":{"footnotes":""},"categories":[44],"tags":[11241,2731,2608],"class_list":["post-377336","post","type-post","status-publish","format-standard","has-post-thumbnail","hentry","category-national","tag-ophtalmologie","tag-sante","tag-tunisie"],"yoast_head":"<!-- This site is optimized with the Yoast SEO Premium plugin v27.5 (Yoast SEO v27.5) - https:\/\/yoast.com\/product\/yoast-seo-premium-wordpress\/ -->\n<title>Tunisie : inauguration du premier service public africain d\u00e9di\u00e9 aux tumeurs oculaires - webdo<\/title>\n<meta name=\"description\" content=\"La Tunisie inaugure le premier service public africain d\u00e9di\u00e9 aux tumeurs oculaires \u00e0 l\u2019Institut H\u00e9di Ra\u00efs, alliant \u00e9quipements modernes, soins sp\u00e9cialis\u00e9s et acc\u00e8s \u00e9quitable \u00e0 la sant\u00e9.\" \/>\n<link rel=\"canonical\" href=\"https:\/\/www.webdo.tn\/fr\/actualite\/national\/tunisie-inauguration-du-premier-service-public-africain-dedie-aux-tumeurs-oculaires\/377336\/\" \/>\n<meta property=\"og:locale\" content=\"fr_FR\" \/>\n<meta property=\"og:type\" content=\"article\" \/>\n<meta property=\"og:title\" content=\"Tunisie : inauguration du premier service public africain d\u00e9di\u00e9 aux tumeurs oculaires\" \/>\n<meta property=\"og:description\" content=\"La Tunisie inaugure le premier service public africain d\u00e9di\u00e9 aux tumeurs oculaires \u00e0 l\u2019Institut H\u00e9di Ra\u00efs, alliant \u00e9quipements modernes, soins sp\u00e9cialis\u00e9s et acc\u00e8s \u00e9quitable \u00e0 la sant\u00e9.\" \/>\n<meta property=\"og:url\" content=\"https:\/\/www.webdo.tn\/fr\/actualite\/national\/tunisie-inauguration-du-premier-service-public-africain-dedie-aux-tumeurs-oculaires\/377336\/\" \/>\n<meta property=\"og:site_name\" content=\"webdo\" \/>\n<meta property=\"article:publisher\" content=\"https:\/\/www.facebook.com\/webdotn\" \/>\n<meta property=\"article:published_time\" content=\"2025-06-12T18:27:59+00:00\" \/>\n<meta property=\"article:modified_time\" content=\"2025-06-12T18:28:10+00:00\" \/>\n<meta property=\"og:image\" content=\"https:\/\/www.webdo.tn\/fr\/wp-content\/uploads\/2025\/06\/505898298_1129526782551116_7590445330851521832_n.jpg\" \/>\n\t<meta property=\"og:image:width\" content=\"1600\" \/>\n\t<meta property=\"og:image:height\" content=\"1066\" \/>\n\t<meta property=\"og:image:type\" content=\"image\/jpeg\" \/>\n<meta name=\"author\" content=\"Mohamed Fethi\" \/>\n<meta name=\"twitter:card\" content=\"summary_large_image\" \/>\n<meta name=\"twitter:creator\" content=\"@webdo_tn\" \/>\n<meta name=\"twitter:site\" content=\"@webdo_tn\" \/>\n<meta name=\"twitter:label1\" content=\"\u00c9crit par\" \/>\n\t<meta name=\"twitter:data1\" content=\"Mohamed Fethi\" \/>\n\t<meta name=\"twitter:label2\" content=\"Dur\u00e9e de lecture estim\u00e9e\" \/>\n\t<meta name=\"twitter:data2\" content=\"2 minutes\" \/>\n<script type=\"application\/ld+json\" class=\"yoast-schema-graph\">{\"@context\":\"https:\\\/\\\/schema.org\",\"@graph\":[{\"@type\":\"NewsArticle\",\"@id\":\"https:\\\/\\\/www.webdo.tn\\\/fr\\\/actualite\\\/national\\\/tunisie-inauguration-du-premier-service-public-africain-dedie-aux-tumeurs-oculaires\\\/377336\\\/#article\",\"isPartOf\":{\"@id\":\"https:\\\/\\\/www.webdo.tn\\\/fr\\\/actualite\\\/national\\\/tunisie-inauguration-du-premier-service-public-africain-dedie-aux-tumeurs-oculaires\\\/377336\\\/\"},\"author\":{\"name\":\"Mohamed Fethi\",\"@id\":\"https:\\\/\\\/www.webdo.tn\\\/fr\\\/#\\\/schema\\\/person\\\/16a4857e77dfc0b610c4c2cadffc9ac4\"},\"headline\":\"Tunisie : inauguration du premier service public africain d\u00e9di\u00e9 aux tumeurs oculaires\",\"datePublished\":\"2025-06-12T18:27:59+00:00\",\"dateModified\":\"2025-06-12T18:28:10+00:00\",\"mainEntityOfPage\":{\"@id\":\"https:\\\/\\\/www.webdo.tn\\\/fr\\\/actualite\\\/national\\\/tunisie-inauguration-du-premier-service-public-africain-dedie-aux-tumeurs-oculaires\\\/377336\\\/\"},\"wordCount\":213,\"commentCount\":0,\"publisher\":{\"@id\":\"https:\\\/\\\/www.webdo.tn\\\/fr\\\/#organization\"},\"image\":{\"@id\":\"https:\\\/\\\/www.webdo.tn\\\/fr\\\/actualite\\\/national\\\/tunisie-inauguration-du-premier-service-public-africain-dedie-aux-tumeurs-oculaires\\\/377336\\\/#primaryimage\"},\"thumbnailUrl\":\"https:\\\/\\\/www.webdo.tn\\\/fr\\\/wp-content\\\/uploads\\\/2025\\\/06\\\/505898298_1129526782551116_7590445330851521832_n.jpg\",\"keywords\":[\"'ophtalmologie'\",\"Sant\u00e9\",\"Tunisie\"],\"articleSection\":[\"National\"],\"inLanguage\":\"fr-FR\"},{\"@type\":\"WebPage\",\"@id\":\"https:\\\/\\\/www.webdo.tn\\\/fr\\\/actualite\\\/national\\\/tunisie-inauguration-du-premier-service-public-africain-dedie-aux-tumeurs-oculaires\\\/377336\\\/\",\"url\":\"https:\\\/\\\/www.webdo.tn\\\/fr\\\/actualite\\\/national\\\/tunisie-inauguration-du-premier-service-public-africain-dedie-aux-tumeurs-oculaires\\\/377336\\\/\",\"name\":\"Tunisie : inauguration du premier service public africain d\u00e9di\u00e9 aux tumeurs oculaires - webdo\",\"isPartOf\":{\"@id\":\"https:\\\/\\\/www.webdo.tn\\\/fr\\\/#website\"},\"primaryImageOfPage\":{\"@id\":\"https:\\\/\\\/www.webdo.tn\\\/fr\\\/actualite\\\/national\\\/tunisie-inauguration-du-premier-service-public-africain-dedie-aux-tumeurs-oculaires\\\/377336\\\/#primaryimage\"},\"image\":{\"@id\":\"https:\\\/\\\/www.webdo.tn\\\/fr\\\/actualite\\\/national\\\/tunisie-inauguration-du-premier-service-public-africain-dedie-aux-tumeurs-oculaires\\\/377336\\\/#primaryimage\"},\"thumbnailUrl\":\"https:\\\/\\\/www.webdo.tn\\\/fr\\\/wp-content\\\/uploads\\\/2025\\\/06\\\/505898298_1129526782551116_7590445330851521832_n.jpg\",\"datePublished\":\"2025-06-12T18:27:59+00:00\",\"dateModified\":\"2025-06-12T18:28:10+00:00\",\"description\":\"La Tunisie inaugure le premier service public africain d\u00e9di\u00e9 aux tumeurs oculaires \u00e0 l\u2019Institut H\u00e9di Ra\u00efs, alliant \u00e9quipements modernes, soins sp\u00e9cialis\u00e9s et acc\u00e8s \u00e9quitable \u00e0 la sant\u00e9.\",\"breadcrumb\":{\"@id\":\"https:\\\/\\\/www.webdo.tn\\\/fr\\\/actualite\\\/national\\\/tunisie-inauguration-du-premier-service-public-africain-dedie-aux-tumeurs-oculaires\\\/377336\\\/#breadcrumb\"},\"inLanguage\":\"fr-FR\",\"potentialAction\":[{\"@type\":\"ReadAction\",\"target\":[\"https:\\\/\\\/www.webdo.tn\\\/fr\\\/actualite\\\/national\\\/tunisie-inauguration-du-premier-service-public-africain-dedie-aux-tumeurs-oculaires\\\/377336\\\/\"]}]},{\"@type\":\"ImageObject\",\"inLanguage\":\"fr-FR\",\"@id\":\"https:\\\/\\\/www.webdo.tn\\\/fr\\\/actualite\\\/national\\\/tunisie-inauguration-du-premier-service-public-africain-dedie-aux-tumeurs-oculaires\\\/377336\\\/#primaryimage\",\"url\":\"https:\\\/\\\/www.webdo.tn\\\/fr\\\/wp-content\\\/uploads\\\/2025\\\/06\\\/505898298_1129526782551116_7590445330851521832_n.jpg\",\"contentUrl\":\"https:\\\/\\\/www.webdo.tn\\\/fr\\\/wp-content\\\/uploads\\\/2025\\\/06\\\/505898298_1129526782551116_7590445330851521832_n.jpg\",\"width\":1600,\"height\":1066},{\"@type\":\"BreadcrumbList\",\"@id\":\"https:\\\/\\\/www.webdo.tn\\\/fr\\\/actualite\\\/national\\\/tunisie-inauguration-du-premier-service-public-africain-dedie-aux-tumeurs-oculaires\\\/377336\\\/#breadcrumb\",\"itemListElement\":[{\"@type\":\"ListItem\",\"position\":1,\"name\":\"Accueil\",\"item\":\"https:\\\/\\\/www.webdo.tn\\\/fr\\\/\"},{\"@type\":\"ListItem\",\"position\":2,\"name\":\"Tunisie : inauguration du premier service public africain d\u00e9di\u00e9 aux tumeurs oculaires\"}]},{\"@type\":\"WebSite\",\"@id\":\"https:\\\/\\\/www.webdo.tn\\\/fr\\\/#website\",\"url\":\"https:\\\/\\\/www.webdo.tn\\\/fr\\\/\",\"name\":\"webdo\",\"description\":\"Tunisie - News en Tunisie et \u00e0 l&#039;international sur Webdo.tn\",\"publisher\":{\"@id\":\"https:\\\/\\\/www.webdo.tn\\\/fr\\\/#organization\"},\"potentialAction\":[{\"@type\":\"SearchAction\",\"target\":{\"@type\":\"EntryPoint\",\"urlTemplate\":\"https:\\\/\\\/www.webdo.tn\\\/fr\\\/?s={search_term_string}\"},\"query-input\":{\"@type\":\"PropertyValueSpecification\",\"valueRequired\":true,\"valueName\":\"search_term_string\"}}],\"inLanguage\":\"fr-FR\"},{\"@type\":\"Organization\",\"@id\":\"https:\\\/\\\/www.webdo.tn\\\/fr\\\/#organization\",\"name\":\"Webdo\",\"alternateName\":\"Webdo.tn\",\"url\":\"https:\\\/\\\/www.webdo.tn\\\/fr\\\/\",\"logo\":{\"@type\":\"ImageObject\",\"inLanguage\":\"fr-FR\",\"@id\":\"https:\\\/\\\/www.webdo.tn\\\/fr\\\/#\\\/schema\\\/logo\\\/image\\\/\",\"url\":\"https:\\\/\\\/www.webdo.tn\\\/fr\\\/wp-content\\\/uploads\\\/2025\\\/06\\\/Webdo-Tunisie_168377.jpg\",\"contentUrl\":\"https:\\\/\\\/www.webdo.tn\\\/fr\\\/wp-content\\\/uploads\\\/2025\\\/06\\\/Webdo-Tunisie_168377.jpg\",\"width\":301,\"height\":301,\"caption\":\"Webdo\"},\"image\":{\"@id\":\"https:\\\/\\\/www.webdo.tn\\\/fr\\\/#\\\/schema\\\/logo\\\/image\\\/\"},\"sameAs\":[\"https:\\\/\\\/www.facebook.com\\\/webdotn\",\"https:\\\/\\\/x.com\\\/webdo_tn\"],\"description\":\"Webdo est un m\u00e9dia num\u00e9rique tunisien fond\u00e9 en 2010, sp\u00e9cialis\u00e9 dans l\u2019actualit\u00e9 nationale et internationale, l\u2019\u00e9conomie, la soci\u00e9t\u00e9 et les analyses politiques. Le site s\u2019adresse \u00e0 un large public francophone et couvre l\u2019information tunisienne en temps r\u00e9el.\",\"email\":\"redac@webdo.tn\",\"legalName\":\"YNJ SARL\",\"foundingDate\":\"2010-09-06\",\"numberOfEmployees\":{\"@type\":\"QuantitativeValue\",\"minValue\":\"11\",\"maxValue\":\"50\"}},{\"@type\":\"Person\",\"@id\":\"https:\\\/\\\/www.webdo.tn\\\/fr\\\/#\\\/schema\\\/person\\\/16a4857e77dfc0b610c4c2cadffc9ac4\",\"name\":\"Mohamed Fethi\",\"image\":{\"@type\":\"ImageObject\",\"inLanguage\":\"fr-FR\",\"@id\":\"https:\\\/\\\/www.webdo.tn\\\/fr\\\/wp-content\\\/uploads\\\/2026\\\/04\\\/mohamed-fethi_avatar_1-96x96.jpg\",\"url\":\"https:\\\/\\\/www.webdo.tn\\\/fr\\\/wp-content\\\/uploads\\\/2026\\\/04\\\/mohamed-fethi_avatar_1-96x96.jpg\",\"contentUrl\":\"https:\\\/\\\/www.webdo.tn\\\/fr\\\/wp-content\\\/uploads\\\/2026\\\/04\\\/mohamed-fethi_avatar_1-96x96.jpg\",\"caption\":\"Mohamed Fethi\"},\"description\":\"Signature \u00e9ditoriale de Maher Chaabane Mohamed Fethi est le pseudonyme \u00e9ditorial de Maher Chaabane, r\u00e9dacteur en chef de Webdo.tn depuis 2012. Cette signature est d\u00e9di\u00e9e au traitement intensif de l'actualit\u00e9 nationale et internationale en temps r\u00e9el. S'appuyant sur les deux d\u00e9cennies d'expertise journalistique de Maher Chaabane \u2014 d\u00e9but\u00e9e au sein du groupe Tunis Hebdo en 2000 \u2014 Mohamed Fethi assure une veille rigoureuse sur les enjeux politiques, \u00e9conomiques et sportifs. Sa mission est de garantir une information structur\u00e9e, fluide et fid\u00e8le aux standards de la r\u00e9daction. Pour consulter le parcours complet du r\u00e9dacteur en chef, visitez le profil officiel de Maher Chaabane.\",\"knowsAbout\":[\"actualit\u00e9\",\"journalisme\",\"information\",\"politique\",\"sport\",\"m\u00e9dias\",\"actualit\u00e9 internationale\"],\"knowsLanguage\":[\"Fran\u00e7ais\",\"Arabe\"],\"jobTitle\":\"Journaliste \u2013 R\u00e9daction Webdo\",\"worksFor\":\"Webdo.tn\",\"url\":\"https:\\\/\\\/www.webdo.tn\\\/fr\\\/actualite\\\/author\\\/mohamed-fethi\\\/\"}]}<\/script>\n<!-- \/ Yoast SEO Premium plugin. -->","yoast_head_json":{"title":"Tunisie : inauguration du premier service public africain d\u00e9di\u00e9 aux tumeurs oculaires - webdo","description":"La Tunisie inaugure le premier service public africain d\u00e9di\u00e9 aux tumeurs oculaires \u00e0 l\u2019Institut H\u00e9di Ra\u00efs, alliant \u00e9quipements modernes, soins sp\u00e9cialis\u00e9s et acc\u00e8s \u00e9quitable \u00e0 la sant\u00e9.","canonical":"https:\/\/www.webdo.tn\/fr\/actualite\/national\/tunisie-inauguration-du-premier-service-public-africain-dedie-aux-tumeurs-oculaires\/377336\/","og_locale":"fr_FR","og_type":"article","og_title":"Tunisie : inauguration du premier service public africain d\u00e9di\u00e9 aux tumeurs oculaires","og_description":"La Tunisie inaugure le premier service public africain d\u00e9di\u00e9 aux tumeurs oculaires \u00e0 l\u2019Institut H\u00e9di Ra\u00efs, alliant \u00e9quipements modernes, soins sp\u00e9cialis\u00e9s et acc\u00e8s \u00e9quitable \u00e0 la sant\u00e9.","og_url":"https:\/\/www.webdo.tn\/fr\/actualite\/national\/tunisie-inauguration-du-premier-service-public-africain-dedie-aux-tumeurs-oculaires\/377336\/","og_site_name":"webdo","article_publisher":"https:\/\/www.facebook.com\/webdotn","article_published_time":"2025-06-12T18:27:59+00:00","article_modified_time":"2025-06-12T18:28:10+00:00","og_image":[{"width":1600,"height":1066,"url":"https:\/\/www.webdo.tn\/fr\/wp-content\/uploads\/2025\/06\/505898298_1129526782551116_7590445330851521832_n.jpg","type":"image\/jpeg"}],"author":"Mohamed Fethi","twitter_card":"summary_large_image","twitter_creator":"@webdo_tn","twitter_site":"@webdo_tn","twitter_misc":{"\u00c9crit par":"Mohamed Fethi","Dur\u00e9e de lecture estim\u00e9e":"2 minutes"},"schema":{"@context":"https:\/\/schema.org","@graph":[{"@type":"NewsArticle","@id":"https:\/\/www.webdo.tn\/fr\/actualite\/national\/tunisie-inauguration-du-premier-service-public-africain-dedie-aux-tumeurs-oculaires\/377336\/#article","isPartOf":{"@id":"https:\/\/www.webdo.tn\/fr\/actualite\/national\/tunisie-inauguration-du-premier-service-public-africain-dedie-aux-tumeurs-oculaires\/377336\/"},"author":{"name":"Mohamed Fethi","@id":"https:\/\/www.webdo.tn\/fr\/#\/schema\/person\/16a4857e77dfc0b610c4c2cadffc9ac4"},"headline":"Tunisie : inauguration du premier service public africain d\u00e9di\u00e9 aux tumeurs oculaires","datePublished":"2025-06-12T18:27:59+00:00","dateModified":"2025-06-12T18:28:10+00:00","mainEntityOfPage":{"@id":"https:\/\/www.webdo.tn\/fr\/actualite\/national\/tunisie-inauguration-du-premier-service-public-africain-dedie-aux-tumeurs-oculaires\/377336\/"},"wordCount":213,"commentCount":0,"publisher":{"@id":"https:\/\/www.webdo.tn\/fr\/#organization"},"image":{"@id":"https:\/\/www.webdo.tn\/fr\/actualite\/national\/tunisie-inauguration-du-premier-service-public-africain-dedie-aux-tumeurs-oculaires\/377336\/#primaryimage"},"thumbnailUrl":"https:\/\/www.webdo.tn\/fr\/wp-content\/uploads\/2025\/06\/505898298_1129526782551116_7590445330851521832_n.jpg","keywords":["'ophtalmologie'","Sant\u00e9","Tunisie"],"articleSection":["National"],"inLanguage":"fr-FR"},{"@type":"WebPage","@id":"https:\/\/www.webdo.tn\/fr\/actualite\/national\/tunisie-inauguration-du-premier-service-public-africain-dedie-aux-tumeurs-oculaires\/377336\/","url":"https:\/\/www.webdo.tn\/fr\/actualite\/national\/tunisie-inauguration-du-premier-service-public-africain-dedie-aux-tumeurs-oculaires\/377336\/","name":"Tunisie : inauguration du premier service public africain d\u00e9di\u00e9 aux tumeurs oculaires - webdo","isPartOf":{"@id":"https:\/\/www.webdo.tn\/fr\/#website"},"primaryImageOfPage":{"@id":"https:\/\/www.webdo.tn\/fr\/actualite\/national\/tunisie-inauguration-du-premier-service-public-africain-dedie-aux-tumeurs-oculaires\/377336\/#primaryimage"},"image":{"@id":"https:\/\/www.webdo.tn\/fr\/actualite\/national\/tunisie-inauguration-du-premier-service-public-africain-dedie-aux-tumeurs-oculaires\/377336\/#primaryimage"},"thumbnailUrl":"https:\/\/www.webdo.tn\/fr\/wp-content\/uploads\/2025\/06\/505898298_1129526782551116_7590445330851521832_n.jpg","datePublished":"2025-06-12T18:27:59+00:00","dateModified":"2025-06-12T18:28:10+00:00","description":"La Tunisie inaugure le premier service public africain d\u00e9di\u00e9 aux tumeurs oculaires \u00e0 l\u2019Institut H\u00e9di Ra\u00efs, alliant \u00e9quipements modernes, soins sp\u00e9cialis\u00e9s et acc\u00e8s \u00e9quitable \u00e0 la sant\u00e9.","breadcrumb":{"@id":"https:\/\/www.webdo.tn\/fr\/actualite\/national\/tunisie-inauguration-du-premier-service-public-africain-dedie-aux-tumeurs-oculaires\/377336\/#breadcrumb"},"inLanguage":"fr-FR","potentialAction":[{"@type":"ReadAction","target":["https:\/\/www.webdo.tn\/fr\/actualite\/national\/tunisie-inauguration-du-premier-service-public-africain-dedie-aux-tumeurs-oculaires\/377336\/"]}]},{"@type":"ImageObject","inLanguage":"fr-FR","@id":"https:\/\/www.webdo.tn\/fr\/actualite\/national\/tunisie-inauguration-du-premier-service-public-africain-dedie-aux-tumeurs-oculaires\/377336\/#primaryimage","url":"https:\/\/www.webdo.tn\/fr\/wp-content\/uploads\/2025\/06\/505898298_1129526782551116_7590445330851521832_n.jpg","contentUrl":"https:\/\/www.webdo.tn\/fr\/wp-content\/uploads\/2025\/06\/505898298_1129526782551116_7590445330851521832_n.jpg","width":1600,"height":1066},{"@type":"BreadcrumbList","@id":"https:\/\/www.webdo.tn\/fr\/actualite\/national\/tunisie-inauguration-du-premier-service-public-africain-dedie-aux-tumeurs-oculaires\/377336\/#breadcrumb","itemListElement":[{"@type":"ListItem","position":1,"name":"Accueil","item":"https:\/\/www.webdo.tn\/fr\/"},{"@type":"ListItem","position":2,"name":"Tunisie : inauguration du premier service public africain d\u00e9di\u00e9 aux tumeurs oculaires"}]},{"@type":"WebSite","@id":"https:\/\/www.webdo.tn\/fr\/#website","url":"https:\/\/www.webdo.tn\/fr\/","name":"webdo","description":"Tunisie - News en Tunisie et \u00e0 l&#039;international sur Webdo.tn","publisher":{"@id":"https:\/\/www.webdo.tn\/fr\/#organization"},"potentialAction":[{"@type":"SearchAction","target":{"@type":"EntryPoint","urlTemplate":"https:\/\/www.webdo.tn\/fr\/?s={search_term_string}"},"query-input":{"@type":"PropertyValueSpecification","valueRequired":true,"valueName":"search_term_string"}}],"inLanguage":"fr-FR"},{"@type":"Organization","@id":"https:\/\/www.webdo.tn\/fr\/#organization","name":"Webdo","alternateName":"Webdo.tn","url":"https:\/\/www.webdo.tn\/fr\/","logo":{"@type":"ImageObject","inLanguage":"fr-FR","@id":"https:\/\/www.webdo.tn\/fr\/#\/schema\/logo\/image\/","url":"https:\/\/www.webdo.tn\/fr\/wp-content\/uploads\/2025\/06\/Webdo-Tunisie_168377.jpg","contentUrl":"https:\/\/www.webdo.tn\/fr\/wp-content\/uploads\/2025\/06\/Webdo-Tunisie_168377.jpg","width":301,"height":301,"caption":"Webdo"},"image":{"@id":"https:\/\/www.webdo.tn\/fr\/#\/schema\/logo\/image\/"},"sameAs":["https:\/\/www.facebook.com\/webdotn","https:\/\/x.com\/webdo_tn"],"description":"Webdo est un m\u00e9dia num\u00e9rique tunisien fond\u00e9 en 2010, sp\u00e9cialis\u00e9 dans l\u2019actualit\u00e9 nationale et internationale, l\u2019\u00e9conomie, la soci\u00e9t\u00e9 et les analyses politiques. Le site s\u2019adresse \u00e0 un large public francophone et couvre l\u2019information tunisienne en temps r\u00e9el.","email":"redac@webdo.tn","legalName":"YNJ SARL","foundingDate":"2010-09-06","numberOfEmployees":{"@type":"QuantitativeValue","minValue":"11","maxValue":"50"}},{"@type":"Person","@id":"https:\/\/www.webdo.tn\/fr\/#\/schema\/person\/16a4857e77dfc0b610c4c2cadffc9ac4","name":"Mohamed Fethi","image":{"@type":"ImageObject","inLanguage":"fr-FR","@id":"https:\/\/www.webdo.tn\/fr\/wp-content\/uploads\/2026\/04\/mohamed-fethi_avatar_1-96x96.jpg","url":"https:\/\/www.webdo.tn\/fr\/wp-content\/uploads\/2026\/04\/mohamed-fethi_avatar_1-96x96.jpg","contentUrl":"https:\/\/www.webdo.tn\/fr\/wp-content\/uploads\/2026\/04\/mohamed-fethi_avatar_1-96x96.jpg","caption":"Mohamed Fethi"},"description":"Signature \u00e9ditoriale de Maher Chaabane Mohamed Fethi est le pseudonyme \u00e9ditorial de Maher Chaabane, r\u00e9dacteur en chef de Webdo.tn depuis 2012. Cette signature est d\u00e9di\u00e9e au traitement intensif de l'actualit\u00e9 nationale et internationale en temps r\u00e9el. S'appuyant sur les deux d\u00e9cennies d'expertise journalistique de Maher Chaabane \u2014 d\u00e9but\u00e9e au sein du groupe Tunis Hebdo en 2000 \u2014 Mohamed Fethi assure une veille rigoureuse sur les enjeux politiques, \u00e9conomiques et sportifs. Sa mission est de garantir une information structur\u00e9e, fluide et fid\u00e8le aux standards de la r\u00e9daction. Pour consulter le parcours complet du r\u00e9dacteur en chef, visitez le profil officiel de Maher Chaabane.","knowsAbout":["actualit\u00e9","journalisme","information","politique","sport","m\u00e9dias","actualit\u00e9 internationale"],"knowsLanguage":["Fran\u00e7ais","Arabe"],"jobTitle":"Journaliste \u2013 R\u00e9daction Webdo","worksFor":"Webdo.tn","url":"https:\/\/www.webdo.tn\/fr\/actualite\/author\/mohamed-fethi\/"}]}},"_links":{"self":[{"href":"https:\/\/www.webdo.tn\/fr\/wp-json\/wp\/v2\/posts\/377336","targetHints":{"allow":["GET"]}}],"collection":[{"href":"https:\/\/www.webdo.tn\/fr\/wp-json\/wp\/v2\/posts"}],"about":[{"href":"https:\/\/www.webdo.tn\/fr\/wp-json\/wp\/v2\/types\/post"}],"author":[{"embeddable":true,"href":"https:\/\/www.webdo.tn\/fr\/wp-json\/wp\/v2\/users\/4782"}],"replies":[{"embeddable":true,"href":"https:\/\/www.webdo.tn\/fr\/wp-json\/wp\/v2\/comments?post=377336"}],"version-history":[{"count":0,"href":"https:\/\/www.webdo.tn\/fr\/wp-json\/wp\/v2\/posts\/377336\/revisions"}],"wp:featuredmedia":[{"embeddable":true,"href":"https:\/\/www.webdo.tn\/fr\/wp-json\/wp\/v2\/media\/377338"}],"wp:attachment":[{"href":"https:\/\/www.webdo.tn\/fr\/wp-json\/wp\/v2\/media?parent=377336"}],"wp:term":[{"taxonomy":"category","embeddable":true,"href":"https:\/\/www.webdo.tn\/fr\/wp-json\/wp\/v2\/categories?post=377336"},{"taxonomy":"post_tag","embeddable":true,"href":"https:\/\/www.webdo.tn\/fr\/wp-json\/wp\/v2\/tags?post=377336"}],"curies":[{"name":"wp","href":"https:\/\/api.w.org\/{rel}","templated":true}]}}