{"id":377332,"date":"2025-06-12T18:57:44","date_gmt":"2025-06-12T17:57:44","guid":{"rendered":"https:\/\/www.webdo.tn\/fr\/?p=377332"},"modified":"2025-06-13T08:35:05","modified_gmt":"2025-06-13T07:35:05","slug":"tunisie-le-deficit-commercial-se-creuse-a-837-milliards-de-dinars","status":"publish","type":"post","link":"https:\/\/www.webdo.tn\/fr\/actualite\/national\/tunisie-le-deficit-commercial-se-creuse-a-837-milliards-de-dinars\/377332\/","title":{"rendered":"Tunisie : Le d\u00e9ficit commercial se creuse \u00e0 8,37 milliards de dinars"},"content":{"rendered":"\n<p><strong>D\u2019apr\u00e8s la note sur le Commerce ext\u00e9rieur aux prix courants, Mai 2025 publi\u00e9e, ce jeudi, par l\u2019Institut national de la statistique, le commerce ext\u00e9rieur tunisien a enregistr\u00e9 un creusement du d\u00e9ficit commercial au cours des cinq premiers mois de l\u2019ann\u00e9e, dans un contexte de stagnation des exportations.<\/strong><\/p>\n\n\n\n<p>Celles-ci se sont \u00e9tablies \u00e0 26,83 milliards de dinars, en tr\u00e8s l\u00e9g\u00e8re progression de 0,3 % par rapport \u00e0 la m\u00eame p\u00e9riode de 2024. Les importations, en revanche, ont augment\u00e9 de 6,1 %, atteignant 35,20 milliards de dinars.<\/p>\n\n\n\n<p>Cette \u00e9volution a entra\u00een\u00e9 un d\u00e9ficit commercial de 8,37 milliards de dinars, contre 6,41 milliards un an plus t\u00f4t. Le taux de couverture des importations par les exportations s\u2019est ainsi repli\u00e9 \u00e0 76,2 %, contre 80,7 % l\u2019ann\u00e9e pr\u00e9c\u00e9dente.<\/p>\n\n\n\n<p><strong>Performances sectorielles contrast\u00e9es<\/strong><\/p>\n\n\n\n<p>Certains secteurs ont contribu\u00e9 \u00e0 soutenir les exportations. Les mines, phosphates et d\u00e9riv\u00e9s ont enregistr\u00e9 une hausse de 12,9 %, tandis que les industries m\u00e9caniques et \u00e9lectriques ont progress\u00e9 de 6,4 %, et le textile, habillement et cuir de 2 %. En revanche, les exportations du secteur de l\u2019\u00e9nergie ont chut\u00e9 de 30,7 %, en raison d\u2019un net recul des ventes de produits raffin\u00e9s (150,1 millions de dinars contre 788,3 millions un an auparavant). Le secteur agroalimentaire a \u00e9galement recul\u00e9 de 18,5 %, notamment sous l\u2019effet d\u2019une baisse des exportations d\u2019huile d\u2019olive.<\/p>\n\n\n\n<p><strong>Reprise des importations d\u2019investissement<\/strong><\/p>\n\n\n\n<p>La hausse des importations a \u00e9t\u00e9 particuli\u00e8rement marqu\u00e9e pour les biens d\u2019\u00e9quipement (+22,2 %), les mati\u00e8res premi\u00e8res et demi-produits (+8,4 %) et les biens de consommation (+14,7 %). \u00c0 l\u2019inverse, les achats de produits \u00e9nerg\u00e9tiques ont baiss\u00e9 de 16,9 %, et ceux de produits alimentaires ont diminu\u00e9 de 1,9 %.<\/p>\n\n\n\n<p><strong>Partenaires commerciaux : dynamiques divergentes<\/strong><\/p>\n\n\n\n<p>L\u2019Union europ\u00e9enne reste le principal partenaire commercial de la Tunisie. Elle a absorb\u00e9 70,3 % des exportations, soit 18,87 milliards de dinars contre 18,80 milliards un an plus t\u00f4t. La Tunisie a renforc\u00e9 ses exportations vers l\u2019Allemagne (+16,9 %), les Pays-Bas (+13,5 %) et la France (+3,4 %), tandis qu\u2019elles ont diminu\u00e9 vers l\u2019Italie (-6,5 %) et l\u2019Espagne (-30,8 %).<\/p>\n\n\n\n<p>Les exportations tunisiennes ont aussi fortement progress\u00e9 vers les pays arabes, notamment la Libye (+25,1 %), le Maroc (+41 %), l\u2019Alg\u00e9rie (+25 %) et l\u2019\u00c9gypte (+60 %).<\/p>\n\n\n\n<p>Concernant les importations, celles en provenance de l\u2019Union europ\u00e9enne repr\u00e9sentent 43,9 % du total, pour un montant de 15,47 milliards de dinars. Elles sont en hausse avec la France (+13 %), l\u2019Allemagne (+9,9 %) et l\u2019Italie (+3,2 %), mais en baisse avec la Gr\u00e8ce (-29,1 %) et la Belgique (-2,8 %). Hors UE, la Chine (+42,7 %) et la Turquie (+18,1 %) enregistrent de fortes hausses, tandis que la Russie (-19,4 %) et l\u2019Ukraine (-14,6 %) sont en repli.<\/p>\n\n\n\n<p><strong>Une balance commerciale toujours p\u00e9nalis\u00e9e par l\u2019\u00e9nergie<\/strong><\/p>\n\n\n\n<p>Le d\u00e9ficit commercial reste fortement influenc\u00e9 par la balance \u00e9nerg\u00e9tique, qui affiche un solde n\u00e9gatif de 4,33 milliards de dinars. Viennent ensuite les d\u00e9ficits li\u00e9s aux mati\u00e8res premi\u00e8res et demi-produits (2,90 milliards), aux biens d\u2019\u00e9quipement (1,38 milliard) et aux biens de consommation (500,9 millions). Seul le secteur alimentaire d\u00e9gage un exc\u00e9dent de 744,2 millions de dinars.<\/p>\n\n\n\n<p>Hors \u00e9nergie, le d\u00e9ficit commercial se r\u00e9duit \u00e0 4,03 milliards de dinars, ce qui souligne le poids encore tr\u00e8s lourd de la facture \u00e9nerg\u00e9tique sur la balance des \u00e9changes.<\/p>\n","protected":false},"excerpt":{"rendered":"<p>D\u2019apr\u00e8s la note sur le Commerce ext\u00e9rieur aux prix courants, Mai 2025 publi\u00e9e, ce jeudi, par l\u2019Institut national de la statistique, le commerce ext\u00e9rieur tunisien a enregistr\u00e9 un creusement du d\u00e9ficit commercial au cours des cinq premiers mois de l\u2019ann\u00e9e, dans un contexte de stagnation des exportations. Celles-ci se sont \u00e9tablies \u00e0 26,83 milliards de [&hellip;]<\/p>\n","protected":false},"author":4782,"featured_media":377333,"comment_status":"open","ping_status":"open","sticky":false,"template":"","format":"standard","meta":{"footnotes":""},"categories":[44],"tags":[3293,4705,2608],"class_list":["post-377332","post","type-post","status-publish","format-standard","has-post-thumbnail","hentry","category-national","tag-deficit-commercial-tunisie-2025","tag-import-export","tag-tunisie"],"yoast_head":"<!-- This site is optimized with the Yoast SEO Premium plugin v27.5 (Yoast SEO v27.5) - https:\/\/yoast.com\/product\/yoast-seo-premium-wordpress\/ -->\n<title>Tunisie : Le d\u00e9ficit commercial se creuse \u00e0 8,37 milliards de dinars - webdo<\/title>\n<meta name=\"description\" content=\"Le d\u00e9ficit commercial en hausse en Tunisie souligne des exportations stagnantes et des importations en augmentation significative.\" \/>\n<link rel=\"canonical\" href=\"https:\/\/www.webdo.tn\/fr\/actualite\/national\/tunisie-le-deficit-commercial-se-creuse-a-837-milliards-de-dinars\/377332\/\" \/>\n<meta property=\"og:locale\" content=\"fr_FR\" \/>\n<meta property=\"og:type\" content=\"article\" \/>\n<meta property=\"og:title\" content=\"Tunisie : Le d\u00e9ficit commercial se creuse \u00e0 8,37 milliards de dinars\" \/>\n<meta property=\"og:description\" content=\"Le d\u00e9ficit commercial en hausse en Tunisie souligne des exportations stagnantes et des importations en augmentation significative.\" \/>\n<meta property=\"og:url\" content=\"https:\/\/www.webdo.tn\/fr\/actualite\/national\/tunisie-le-deficit-commercial-se-creuse-a-837-milliards-de-dinars\/377332\/\" \/>\n<meta property=\"og:site_name\" content=\"webdo\" \/>\n<meta property=\"article:publisher\" content=\"https:\/\/www.facebook.com\/webdotn\" \/>\n<meta property=\"article:published_time\" content=\"2025-06-12T17:57:44+00:00\" \/>\n<meta property=\"article:modified_time\" content=\"2025-06-13T07:35:05+00:00\" \/>\n<meta property=\"og:image\" content=\"https:\/\/www.webdo.tn\/fr\/wp-content\/uploads\/2025\/06\/commerce-exterieur.jpg\" \/>\n\t<meta property=\"og:image:width\" content=\"1440\" \/>\n\t<meta property=\"og:image:height\" content=\"959\" \/>\n\t<meta property=\"og:image:type\" content=\"image\/jpeg\" \/>\n<meta name=\"author\" content=\"Mohamed Fethi\" \/>\n<meta name=\"twitter:card\" content=\"summary_large_image\" \/>\n<meta name=\"twitter:creator\" content=\"@webdo_tn\" \/>\n<meta name=\"twitter:site\" content=\"@webdo_tn\" \/>\n<meta name=\"twitter:label1\" content=\"\u00c9crit par\" \/>\n\t<meta name=\"twitter:data1\" content=\"Mohamed Fethi\" \/>\n\t<meta name=\"twitter:label2\" content=\"Dur\u00e9e de lecture estim\u00e9e\" \/>\n\t<meta name=\"twitter:data2\" content=\"3 minutes\" \/>\n<script type=\"application\/ld+json\" class=\"yoast-schema-graph\">{\"@context\":\"https:\\\/\\\/schema.org\",\"@graph\":[{\"@type\":\"NewsArticle\",\"@id\":\"https:\\\/\\\/www.webdo.tn\\\/fr\\\/actualite\\\/national\\\/tunisie-le-deficit-commercial-se-creuse-a-837-milliards-de-dinars\\\/377332\\\/#article\",\"isPartOf\":{\"@id\":\"https:\\\/\\\/www.webdo.tn\\\/fr\\\/actualite\\\/national\\\/tunisie-le-deficit-commercial-se-creuse-a-837-milliards-de-dinars\\\/377332\\\/\"},\"author\":{\"name\":\"Mohamed Fethi\",\"@id\":\"https:\\\/\\\/www.webdo.tn\\\/fr\\\/#\\\/schema\\\/person\\\/16a4857e77dfc0b610c4c2cadffc9ac4\"},\"headline\":\"Tunisie : Le d\u00e9ficit commercial se creuse \u00e0 8,37 milliards de dinars\",\"datePublished\":\"2025-06-12T17:57:44+00:00\",\"dateModified\":\"2025-06-13T07:35:05+00:00\",\"mainEntityOfPage\":{\"@id\":\"https:\\\/\\\/www.webdo.tn\\\/fr\\\/actualite\\\/national\\\/tunisie-le-deficit-commercial-se-creuse-a-837-milliards-de-dinars\\\/377332\\\/\"},\"wordCount\":535,\"commentCount\":0,\"publisher\":{\"@id\":\"https:\\\/\\\/www.webdo.tn\\\/fr\\\/#organization\"},\"image\":{\"@id\":\"https:\\\/\\\/www.webdo.tn\\\/fr\\\/actualite\\\/national\\\/tunisie-le-deficit-commercial-se-creuse-a-837-milliards-de-dinars\\\/377332\\\/#primaryimage\"},\"thumbnailUrl\":\"https:\\\/\\\/www.webdo.tn\\\/fr\\\/wp-content\\\/uploads\\\/2025\\\/06\\\/commerce-exterieur.jpg\",\"keywords\":[\"d\u00e9ficit commercial Tunisie 2025\",\"import-export\",\"Tunisie\"],\"articleSection\":[\"National\"],\"inLanguage\":\"fr-FR\"},{\"@type\":\"WebPage\",\"@id\":\"https:\\\/\\\/www.webdo.tn\\\/fr\\\/actualite\\\/national\\\/tunisie-le-deficit-commercial-se-creuse-a-837-milliards-de-dinars\\\/377332\\\/\",\"url\":\"https:\\\/\\\/www.webdo.tn\\\/fr\\\/actualite\\\/national\\\/tunisie-le-deficit-commercial-se-creuse-a-837-milliards-de-dinars\\\/377332\\\/\",\"name\":\"Tunisie : Le d\u00e9ficit commercial se creuse \u00e0 8,37 milliards de dinars - webdo\",\"isPartOf\":{\"@id\":\"https:\\\/\\\/www.webdo.tn\\\/fr\\\/#website\"},\"primaryImageOfPage\":{\"@id\":\"https:\\\/\\\/www.webdo.tn\\\/fr\\\/actualite\\\/national\\\/tunisie-le-deficit-commercial-se-creuse-a-837-milliards-de-dinars\\\/377332\\\/#primaryimage\"},\"image\":{\"@id\":\"https:\\\/\\\/www.webdo.tn\\\/fr\\\/actualite\\\/national\\\/tunisie-le-deficit-commercial-se-creuse-a-837-milliards-de-dinars\\\/377332\\\/#primaryimage\"},\"thumbnailUrl\":\"https:\\\/\\\/www.webdo.tn\\\/fr\\\/wp-content\\\/uploads\\\/2025\\\/06\\\/commerce-exterieur.jpg\",\"datePublished\":\"2025-06-12T17:57:44+00:00\",\"dateModified\":\"2025-06-13T07:35:05+00:00\",\"description\":\"Le d\u00e9ficit commercial en hausse en Tunisie souligne des exportations stagnantes et des importations en augmentation significative.\",\"breadcrumb\":{\"@id\":\"https:\\\/\\\/www.webdo.tn\\\/fr\\\/actualite\\\/national\\\/tunisie-le-deficit-commercial-se-creuse-a-837-milliards-de-dinars\\\/377332\\\/#breadcrumb\"},\"inLanguage\":\"fr-FR\",\"potentialAction\":[{\"@type\":\"ReadAction\",\"target\":[\"https:\\\/\\\/www.webdo.tn\\\/fr\\\/actualite\\\/national\\\/tunisie-le-deficit-commercial-se-creuse-a-837-milliards-de-dinars\\\/377332\\\/\"]}]},{\"@type\":\"ImageObject\",\"inLanguage\":\"fr-FR\",\"@id\":\"https:\\\/\\\/www.webdo.tn\\\/fr\\\/actualite\\\/national\\\/tunisie-le-deficit-commercial-se-creuse-a-837-milliards-de-dinars\\\/377332\\\/#primaryimage\",\"url\":\"https:\\\/\\\/www.webdo.tn\\\/fr\\\/wp-content\\\/uploads\\\/2025\\\/06\\\/commerce-exterieur.jpg\",\"contentUrl\":\"https:\\\/\\\/www.webdo.tn\\\/fr\\\/wp-content\\\/uploads\\\/2025\\\/06\\\/commerce-exterieur.jpg\",\"width\":1440,\"height\":959},{\"@type\":\"BreadcrumbList\",\"@id\":\"https:\\\/\\\/www.webdo.tn\\\/fr\\\/actualite\\\/national\\\/tunisie-le-deficit-commercial-se-creuse-a-837-milliards-de-dinars\\\/377332\\\/#breadcrumb\",\"itemListElement\":[{\"@type\":\"ListItem\",\"position\":1,\"name\":\"Accueil\",\"item\":\"https:\\\/\\\/www.webdo.tn\\\/fr\\\/\"},{\"@type\":\"ListItem\",\"position\":2,\"name\":\"Tunisie : Le d\u00e9ficit commercial se creuse \u00e0 8,37 milliards de dinars\"}]},{\"@type\":\"WebSite\",\"@id\":\"https:\\\/\\\/www.webdo.tn\\\/fr\\\/#website\",\"url\":\"https:\\\/\\\/www.webdo.tn\\\/fr\\\/\",\"name\":\"webdo\",\"description\":\"Tunisie - News en Tunisie et \u00e0 l&#039;international sur Webdo.tn\",\"publisher\":{\"@id\":\"https:\\\/\\\/www.webdo.tn\\\/fr\\\/#organization\"},\"potentialAction\":[{\"@type\":\"SearchAction\",\"target\":{\"@type\":\"EntryPoint\",\"urlTemplate\":\"https:\\\/\\\/www.webdo.tn\\\/fr\\\/?s={search_term_string}\"},\"query-input\":{\"@type\":\"PropertyValueSpecification\",\"valueRequired\":true,\"valueName\":\"search_term_string\"}}],\"inLanguage\":\"fr-FR\"},{\"@type\":\"Organization\",\"@id\":\"https:\\\/\\\/www.webdo.tn\\\/fr\\\/#organization\",\"name\":\"Webdo\",\"alternateName\":\"Webdo.tn\",\"url\":\"https:\\\/\\\/www.webdo.tn\\\/fr\\\/\",\"logo\":{\"@type\":\"ImageObject\",\"inLanguage\":\"fr-FR\",\"@id\":\"https:\\\/\\\/www.webdo.tn\\\/fr\\\/#\\\/schema\\\/logo\\\/image\\\/\",\"url\":\"https:\\\/\\\/www.webdo.tn\\\/fr\\\/wp-content\\\/uploads\\\/2025\\\/06\\\/Webdo-Tunisie_168377.jpg\",\"contentUrl\":\"https:\\\/\\\/www.webdo.tn\\\/fr\\\/wp-content\\\/uploads\\\/2025\\\/06\\\/Webdo-Tunisie_168377.jpg\",\"width\":301,\"height\":301,\"caption\":\"Webdo\"},\"image\":{\"@id\":\"https:\\\/\\\/www.webdo.tn\\\/fr\\\/#\\\/schema\\\/logo\\\/image\\\/\"},\"sameAs\":[\"https:\\\/\\\/www.facebook.com\\\/webdotn\",\"https:\\\/\\\/x.com\\\/webdo_tn\"],\"description\":\"Webdo est un m\u00e9dia num\u00e9rique tunisien fond\u00e9 en 2010, sp\u00e9cialis\u00e9 dans l\u2019actualit\u00e9 nationale et internationale, l\u2019\u00e9conomie, la soci\u00e9t\u00e9 et les analyses politiques. Le site s\u2019adresse \u00e0 un large public francophone et couvre l\u2019information tunisienne en temps r\u00e9el.\",\"email\":\"redac@webdo.tn\",\"legalName\":\"YNJ SARL\",\"foundingDate\":\"2010-09-06\",\"numberOfEmployees\":{\"@type\":\"QuantitativeValue\",\"minValue\":\"11\",\"maxValue\":\"50\"}},{\"@type\":\"Person\",\"@id\":\"https:\\\/\\\/www.webdo.tn\\\/fr\\\/#\\\/schema\\\/person\\\/16a4857e77dfc0b610c4c2cadffc9ac4\",\"name\":\"Mohamed Fethi\",\"image\":{\"@type\":\"ImageObject\",\"inLanguage\":\"fr-FR\",\"@id\":\"https:\\\/\\\/www.webdo.tn\\\/fr\\\/wp-content\\\/uploads\\\/2026\\\/04\\\/mohamed-fethi_avatar_1-96x96.jpg\",\"url\":\"https:\\\/\\\/www.webdo.tn\\\/fr\\\/wp-content\\\/uploads\\\/2026\\\/04\\\/mohamed-fethi_avatar_1-96x96.jpg\",\"contentUrl\":\"https:\\\/\\\/www.webdo.tn\\\/fr\\\/wp-content\\\/uploads\\\/2026\\\/04\\\/mohamed-fethi_avatar_1-96x96.jpg\",\"caption\":\"Mohamed Fethi\"},\"description\":\"Signature \u00e9ditoriale de Maher Chaabane Mohamed Fethi est le pseudonyme \u00e9ditorial de Maher Chaabane, r\u00e9dacteur en chef de Webdo.tn depuis 2012. Cette signature est d\u00e9di\u00e9e au traitement intensif de l'actualit\u00e9 nationale et internationale en temps r\u00e9el. S'appuyant sur les deux d\u00e9cennies d'expertise journalistique de Maher Chaabane \u2014 d\u00e9but\u00e9e au sein du groupe Tunis Hebdo en 2000 \u2014 Mohamed Fethi assure une veille rigoureuse sur les enjeux politiques, \u00e9conomiques et sportifs. Sa mission est de garantir une information structur\u00e9e, fluide et fid\u00e8le aux standards de la r\u00e9daction. Pour consulter le parcours complet du r\u00e9dacteur en chef, visitez le profil officiel de Maher Chaabane.\",\"knowsAbout\":[\"actualit\u00e9\",\"journalisme\",\"information\",\"politique\",\"sport\",\"m\u00e9dias\",\"actualit\u00e9 internationale\"],\"knowsLanguage\":[\"Fran\u00e7ais\",\"Arabe\"],\"jobTitle\":\"Journaliste \u2013 R\u00e9daction Webdo\",\"worksFor\":\"Webdo.tn\",\"url\":\"https:\\\/\\\/www.webdo.tn\\\/fr\\\/actualite\\\/author\\\/mohamed-fethi\\\/\"}]}<\/script>\n<!-- \/ Yoast SEO Premium plugin. -->","yoast_head_json":{"title":"Tunisie : Le d\u00e9ficit commercial se creuse \u00e0 8,37 milliards de dinars - webdo","description":"Le d\u00e9ficit commercial en hausse en Tunisie souligne des exportations stagnantes et des importations en augmentation significative.","canonical":"https:\/\/www.webdo.tn\/fr\/actualite\/national\/tunisie-le-deficit-commercial-se-creuse-a-837-milliards-de-dinars\/377332\/","og_locale":"fr_FR","og_type":"article","og_title":"Tunisie : Le d\u00e9ficit commercial se creuse \u00e0 8,37 milliards de dinars","og_description":"Le d\u00e9ficit commercial en hausse en Tunisie souligne des exportations stagnantes et des importations en augmentation significative.","og_url":"https:\/\/www.webdo.tn\/fr\/actualite\/national\/tunisie-le-deficit-commercial-se-creuse-a-837-milliards-de-dinars\/377332\/","og_site_name":"webdo","article_publisher":"https:\/\/www.facebook.com\/webdotn","article_published_time":"2025-06-12T17:57:44+00:00","article_modified_time":"2025-06-13T07:35:05+00:00","og_image":[{"width":1440,"height":959,"url":"https:\/\/www.webdo.tn\/fr\/wp-content\/uploads\/2025\/06\/commerce-exterieur.jpg","type":"image\/jpeg"}],"author":"Mohamed Fethi","twitter_card":"summary_large_image","twitter_creator":"@webdo_tn","twitter_site":"@webdo_tn","twitter_misc":{"\u00c9crit par":"Mohamed Fethi","Dur\u00e9e de lecture estim\u00e9e":"3 minutes"},"schema":{"@context":"https:\/\/schema.org","@graph":[{"@type":"NewsArticle","@id":"https:\/\/www.webdo.tn\/fr\/actualite\/national\/tunisie-le-deficit-commercial-se-creuse-a-837-milliards-de-dinars\/377332\/#article","isPartOf":{"@id":"https:\/\/www.webdo.tn\/fr\/actualite\/national\/tunisie-le-deficit-commercial-se-creuse-a-837-milliards-de-dinars\/377332\/"},"author":{"name":"Mohamed Fethi","@id":"https:\/\/www.webdo.tn\/fr\/#\/schema\/person\/16a4857e77dfc0b610c4c2cadffc9ac4"},"headline":"Tunisie : Le d\u00e9ficit commercial se creuse \u00e0 8,37 milliards de dinars","datePublished":"2025-06-12T17:57:44+00:00","dateModified":"2025-06-13T07:35:05+00:00","mainEntityOfPage":{"@id":"https:\/\/www.webdo.tn\/fr\/actualite\/national\/tunisie-le-deficit-commercial-se-creuse-a-837-milliards-de-dinars\/377332\/"},"wordCount":535,"commentCount":0,"publisher":{"@id":"https:\/\/www.webdo.tn\/fr\/#organization"},"image":{"@id":"https:\/\/www.webdo.tn\/fr\/actualite\/national\/tunisie-le-deficit-commercial-se-creuse-a-837-milliards-de-dinars\/377332\/#primaryimage"},"thumbnailUrl":"https:\/\/www.webdo.tn\/fr\/wp-content\/uploads\/2025\/06\/commerce-exterieur.jpg","keywords":["d\u00e9ficit commercial Tunisie 2025","import-export","Tunisie"],"articleSection":["National"],"inLanguage":"fr-FR"},{"@type":"WebPage","@id":"https:\/\/www.webdo.tn\/fr\/actualite\/national\/tunisie-le-deficit-commercial-se-creuse-a-837-milliards-de-dinars\/377332\/","url":"https:\/\/www.webdo.tn\/fr\/actualite\/national\/tunisie-le-deficit-commercial-se-creuse-a-837-milliards-de-dinars\/377332\/","name":"Tunisie : Le d\u00e9ficit commercial se creuse \u00e0 8,37 milliards de dinars - webdo","isPartOf":{"@id":"https:\/\/www.webdo.tn\/fr\/#website"},"primaryImageOfPage":{"@id":"https:\/\/www.webdo.tn\/fr\/actualite\/national\/tunisie-le-deficit-commercial-se-creuse-a-837-milliards-de-dinars\/377332\/#primaryimage"},"image":{"@id":"https:\/\/www.webdo.tn\/fr\/actualite\/national\/tunisie-le-deficit-commercial-se-creuse-a-837-milliards-de-dinars\/377332\/#primaryimage"},"thumbnailUrl":"https:\/\/www.webdo.tn\/fr\/wp-content\/uploads\/2025\/06\/commerce-exterieur.jpg","datePublished":"2025-06-12T17:57:44+00:00","dateModified":"2025-06-13T07:35:05+00:00","description":"Le d\u00e9ficit commercial en hausse en Tunisie souligne des exportations stagnantes et des importations en augmentation significative.","breadcrumb":{"@id":"https:\/\/www.webdo.tn\/fr\/actualite\/national\/tunisie-le-deficit-commercial-se-creuse-a-837-milliards-de-dinars\/377332\/#breadcrumb"},"inLanguage":"fr-FR","potentialAction":[{"@type":"ReadAction","target":["https:\/\/www.webdo.tn\/fr\/actualite\/national\/tunisie-le-deficit-commercial-se-creuse-a-837-milliards-de-dinars\/377332\/"]}]},{"@type":"ImageObject","inLanguage":"fr-FR","@id":"https:\/\/www.webdo.tn\/fr\/actualite\/national\/tunisie-le-deficit-commercial-se-creuse-a-837-milliards-de-dinars\/377332\/#primaryimage","url":"https:\/\/www.webdo.tn\/fr\/wp-content\/uploads\/2025\/06\/commerce-exterieur.jpg","contentUrl":"https:\/\/www.webdo.tn\/fr\/wp-content\/uploads\/2025\/06\/commerce-exterieur.jpg","width":1440,"height":959},{"@type":"BreadcrumbList","@id":"https:\/\/www.webdo.tn\/fr\/actualite\/national\/tunisie-le-deficit-commercial-se-creuse-a-837-milliards-de-dinars\/377332\/#breadcrumb","itemListElement":[{"@type":"ListItem","position":1,"name":"Accueil","item":"https:\/\/www.webdo.tn\/fr\/"},{"@type":"ListItem","position":2,"name":"Tunisie : Le d\u00e9ficit commercial se creuse \u00e0 8,37 milliards de dinars"}]},{"@type":"WebSite","@id":"https:\/\/www.webdo.tn\/fr\/#website","url":"https:\/\/www.webdo.tn\/fr\/","name":"webdo","description":"Tunisie - News en Tunisie et \u00e0 l&#039;international sur Webdo.tn","publisher":{"@id":"https:\/\/www.webdo.tn\/fr\/#organization"},"potentialAction":[{"@type":"SearchAction","target":{"@type":"EntryPoint","urlTemplate":"https:\/\/www.webdo.tn\/fr\/?s={search_term_string}"},"query-input":{"@type":"PropertyValueSpecification","valueRequired":true,"valueName":"search_term_string"}}],"inLanguage":"fr-FR"},{"@type":"Organization","@id":"https:\/\/www.webdo.tn\/fr\/#organization","name":"Webdo","alternateName":"Webdo.tn","url":"https:\/\/www.webdo.tn\/fr\/","logo":{"@type":"ImageObject","inLanguage":"fr-FR","@id":"https:\/\/www.webdo.tn\/fr\/#\/schema\/logo\/image\/","url":"https:\/\/www.webdo.tn\/fr\/wp-content\/uploads\/2025\/06\/Webdo-Tunisie_168377.jpg","contentUrl":"https:\/\/www.webdo.tn\/fr\/wp-content\/uploads\/2025\/06\/Webdo-Tunisie_168377.jpg","width":301,"height":301,"caption":"Webdo"},"image":{"@id":"https:\/\/www.webdo.tn\/fr\/#\/schema\/logo\/image\/"},"sameAs":["https:\/\/www.facebook.com\/webdotn","https:\/\/x.com\/webdo_tn"],"description":"Webdo est un m\u00e9dia num\u00e9rique tunisien fond\u00e9 en 2010, sp\u00e9cialis\u00e9 dans l\u2019actualit\u00e9 nationale et internationale, l\u2019\u00e9conomie, la soci\u00e9t\u00e9 et les analyses politiques. Le site s\u2019adresse \u00e0 un large public francophone et couvre l\u2019information tunisienne en temps r\u00e9el.","email":"redac@webdo.tn","legalName":"YNJ SARL","foundingDate":"2010-09-06","numberOfEmployees":{"@type":"QuantitativeValue","minValue":"11","maxValue":"50"}},{"@type":"Person","@id":"https:\/\/www.webdo.tn\/fr\/#\/schema\/person\/16a4857e77dfc0b610c4c2cadffc9ac4","name":"Mohamed Fethi","image":{"@type":"ImageObject","inLanguage":"fr-FR","@id":"https:\/\/www.webdo.tn\/fr\/wp-content\/uploads\/2026\/04\/mohamed-fethi_avatar_1-96x96.jpg","url":"https:\/\/www.webdo.tn\/fr\/wp-content\/uploads\/2026\/04\/mohamed-fethi_avatar_1-96x96.jpg","contentUrl":"https:\/\/www.webdo.tn\/fr\/wp-content\/uploads\/2026\/04\/mohamed-fethi_avatar_1-96x96.jpg","caption":"Mohamed Fethi"},"description":"Signature \u00e9ditoriale de Maher Chaabane Mohamed Fethi est le pseudonyme \u00e9ditorial de Maher Chaabane, r\u00e9dacteur en chef de Webdo.tn depuis 2012. Cette signature est d\u00e9di\u00e9e au traitement intensif de l'actualit\u00e9 nationale et internationale en temps r\u00e9el. S'appuyant sur les deux d\u00e9cennies d'expertise journalistique de Maher Chaabane \u2014 d\u00e9but\u00e9e au sein du groupe Tunis Hebdo en 2000 \u2014 Mohamed Fethi assure une veille rigoureuse sur les enjeux politiques, \u00e9conomiques et sportifs. Sa mission est de garantir une information structur\u00e9e, fluide et fid\u00e8le aux standards de la r\u00e9daction. Pour consulter le parcours complet du r\u00e9dacteur en chef, visitez le profil officiel de Maher Chaabane.","knowsAbout":["actualit\u00e9","journalisme","information","politique","sport","m\u00e9dias","actualit\u00e9 internationale"],"knowsLanguage":["Fran\u00e7ais","Arabe"],"jobTitle":"Journaliste \u2013 R\u00e9daction Webdo","worksFor":"Webdo.tn","url":"https:\/\/www.webdo.tn\/fr\/actualite\/author\/mohamed-fethi\/"}]}},"_links":{"self":[{"href":"https:\/\/www.webdo.tn\/fr\/wp-json\/wp\/v2\/posts\/377332","targetHints":{"allow":["GET"]}}],"collection":[{"href":"https:\/\/www.webdo.tn\/fr\/wp-json\/wp\/v2\/posts"}],"about":[{"href":"https:\/\/www.webdo.tn\/fr\/wp-json\/wp\/v2\/types\/post"}],"author":[{"embeddable":true,"href":"https:\/\/www.webdo.tn\/fr\/wp-json\/wp\/v2\/users\/4782"}],"replies":[{"embeddable":true,"href":"https:\/\/www.webdo.tn\/fr\/wp-json\/wp\/v2\/comments?post=377332"}],"version-history":[{"count":0,"href":"https:\/\/www.webdo.tn\/fr\/wp-json\/wp\/v2\/posts\/377332\/revisions"}],"wp:featuredmedia":[{"embeddable":true,"href":"https:\/\/www.webdo.tn\/fr\/wp-json\/wp\/v2\/media\/377333"}],"wp:attachment":[{"href":"https:\/\/www.webdo.tn\/fr\/wp-json\/wp\/v2\/media?parent=377332"}],"wp:term":[{"taxonomy":"category","embeddable":true,"href":"https:\/\/www.webdo.tn\/fr\/wp-json\/wp\/v2\/categories?post=377332"},{"taxonomy":"post_tag","embeddable":true,"href":"https:\/\/www.webdo.tn\/fr\/wp-json\/wp\/v2\/tags?post=377332"}],"curies":[{"name":"wp","href":"https:\/\/api.w.org\/{rel}","templated":true}]}}