{"id":377300,"date":"2025-06-12T14:18:43","date_gmt":"2025-06-12T13:18:43","guid":{"rendered":"https:\/\/www.webdo.tn\/fr\/?p=377300"},"modified":"2025-06-12T14:18:44","modified_gmt":"2025-06-12T13:18:44","slug":"la-tunisie-lance-un-appel-doffres-international-pour-75-000-tonnes-de-ble-tendre","status":"publish","type":"post","link":"https:\/\/www.webdo.tn\/fr\/actualite\/national\/la-tunisie-lance-un-appel-doffres-international-pour-75-000-tonnes-de-ble-tendre\/377300\/","title":{"rendered":"La Tunisie lance un appel d&rsquo;offres international pour 75\u202f000 tonnes de bl\u00e9 tendre"},"content":{"rendered":"\n<p>L\u2019Office national des c\u00e9r\u00e9ales (ONC) a officiellement lanc\u00e9 un appel d\u2019offres international pour l\u2019acquisition de 75\u202f000 tonnes de bl\u00e9 tendre, d\u2019apr\u00e8s des informations relay\u00e9es par des sources europ\u00e9ennes et reprises par Reuters.<\/p>\n\n\n\n<p>Les offres doivent \u00eatre d\u00e9pos\u00e9es avant le 13\u202fjuin. La quantit\u00e9 demand\u00e9e est 75\u202f000 tonnes, r\u00e9parties en trois lots de 25\u202f000 tonnes chacun.<\/p>\n\n\n\n<p>Selon des traders europ\u00e9ens, l\u2019offre la plus comp\u00e9titive serait d\u00e9tenue par Cargill, \u00e0 262,91\u202f$ la tonne C&amp;F, pour un lot de 25\u202f000 tonnes. Cargill aurait \u00e9galement soumis une seconde offre \u00e0 263,91\u202f$ pour la m\u00eame quantit\u00e9<\/p>\n\n\n\n<p>Les offres recueillies seront examin\u00e9es apr\u00e8s la date limite du 13\u202fjuin. Le contrat final ne sera pas toujours attribu\u00e9 au prix le plus bas\u202f: la qualit\u00e9, la fiabilit\u00e9 des d\u00e9lais de livraison et les conditions logistiques seront des crit\u00e8res essentiels dans le choix du fournisseur.<\/p>\n","protected":false},"excerpt":{"rendered":"<p>L\u2019Office national des c\u00e9r\u00e9ales (ONC) a officiellement lanc\u00e9 un appel d\u2019offres international pour l\u2019acquisition de 75\u202f000 tonnes de bl\u00e9 tendre, d\u2019apr\u00e8s des informations relay\u00e9es par des sources europ\u00e9ennes et reprises par Reuters. Les offres doivent \u00eatre d\u00e9pos\u00e9es avant le 13\u202fjuin. La quantit\u00e9 demand\u00e9e est 75\u202f000 tonnes, r\u00e9parties en trois lots de 25\u202f000 tonnes chacun. Selon [&hellip;]<\/p>\n","protected":false},"author":3191,"featured_media":377302,"comment_status":"open","ping_status":"open","sticky":false,"template":"","format":"standard","meta":{"footnotes":""},"categories":[44],"tags":[3628,8058,2608],"class_list":["post-377300","post","type-post","status-publish","format-standard","has-post-thumbnail","hentry","category-national","tag-appel-doffres","tag-ble-tendre","tag-tunisie"],"yoast_head":"<!-- This site is optimized with the Yoast SEO Premium plugin v27.5 (Yoast SEO v27.5) - https:\/\/yoast.com\/product\/yoast-seo-premium-wordpress\/ -->\n<title>La Tunisie lance un appel d&#039;offres international pour 75\u202f000 tonnes de bl\u00e9 tendre - webdo<\/title>\n<meta name=\"description\" content=\"L&#039;Office national des c\u00e9r\u00e9ales annonce un appel d&#039;offres international pour 75\u202f000 tonnes de bl\u00e9 tendre avant le 13\u202fjuin.\" \/>\n<link rel=\"canonical\" href=\"https:\/\/www.webdo.tn\/fr\/actualite\/national\/la-tunisie-lance-un-appel-doffres-international-pour-75-000-tonnes-de-ble-tendre\/377300\/\" \/>\n<meta property=\"og:locale\" content=\"fr_FR\" \/>\n<meta property=\"og:type\" content=\"article\" \/>\n<meta property=\"og:title\" content=\"La Tunisie lance un appel d&#039;offres international pour 75\u202f000 tonnes de bl\u00e9 tendre\" \/>\n<meta property=\"og:description\" content=\"L&#039;Office national des c\u00e9r\u00e9ales annonce un appel d&#039;offres international pour 75\u202f000 tonnes de bl\u00e9 tendre avant le 13\u202fjuin.\" \/>\n<meta property=\"og:url\" content=\"https:\/\/www.webdo.tn\/fr\/actualite\/national\/la-tunisie-lance-un-appel-doffres-international-pour-75-000-tonnes-de-ble-tendre\/377300\/\" \/>\n<meta property=\"og:site_name\" content=\"webdo\" \/>\n<meta property=\"article:publisher\" content=\"https:\/\/www.facebook.com\/webdotn\" \/>\n<meta property=\"article:published_time\" content=\"2025-06-12T13:18:43+00:00\" \/>\n<meta property=\"article:modified_time\" content=\"2025-06-12T13:18:44+00:00\" \/>\n<meta property=\"og:image\" content=\"https:\/\/www.webdo.tn\/fr\/wp-content\/uploads\/2025\/06\/ble.jpg\" \/>\n\t<meta property=\"og:image:width\" content=\"750\" \/>\n\t<meta property=\"og:image:height\" content=\"375\" \/>\n\t<meta property=\"og:image:type\" content=\"image\/jpeg\" \/>\n<meta name=\"author\" content=\"Mohamed Hedi Touati\" \/>\n<meta name=\"twitter:card\" content=\"summary_large_image\" \/>\n<meta name=\"twitter:creator\" content=\"@webdo_tn\" \/>\n<meta name=\"twitter:site\" content=\"@webdo_tn\" \/>\n<meta name=\"twitter:label1\" content=\"\u00c9crit par\" \/>\n\t<meta name=\"twitter:data1\" content=\"Mohamed Hedi Touati\" \/>\n\t<meta name=\"twitter:label2\" content=\"Dur\u00e9e de lecture estim\u00e9e\" \/>\n\t<meta name=\"twitter:data2\" content=\"1 minute\" \/>\n<script type=\"application\/ld+json\" class=\"yoast-schema-graph\">{\"@context\":\"https:\\\/\\\/schema.org\",\"@graph\":[{\"@type\":\"NewsArticle\",\"@id\":\"https:\\\/\\\/www.webdo.tn\\\/fr\\\/actualite\\\/national\\\/la-tunisie-lance-un-appel-doffres-international-pour-75-000-tonnes-de-ble-tendre\\\/377300\\\/#article\",\"isPartOf\":{\"@id\":\"https:\\\/\\\/www.webdo.tn\\\/fr\\\/actualite\\\/national\\\/la-tunisie-lance-un-appel-doffres-international-pour-75-000-tonnes-de-ble-tendre\\\/377300\\\/\"},\"author\":{\"name\":\"Mohamed Hedi Touati\",\"@id\":\"https:\\\/\\\/www.webdo.tn\\\/fr\\\/#\\\/schema\\\/person\\\/c652cd8fc2b1b44412b5ffb48c5a911d\"},\"headline\":\"La Tunisie lance un appel d&rsquo;offres international pour 75\u202f000 tonnes de bl\u00e9 tendre\",\"datePublished\":\"2025-06-12T13:18:43+00:00\",\"dateModified\":\"2025-06-12T13:18:44+00:00\",\"mainEntityOfPage\":{\"@id\":\"https:\\\/\\\/www.webdo.tn\\\/fr\\\/actualite\\\/national\\\/la-tunisie-lance-un-appel-doffres-international-pour-75-000-tonnes-de-ble-tendre\\\/377300\\\/\"},\"wordCount\":164,\"commentCount\":0,\"publisher\":{\"@id\":\"https:\\\/\\\/www.webdo.tn\\\/fr\\\/#organization\"},\"image\":{\"@id\":\"https:\\\/\\\/www.webdo.tn\\\/fr\\\/actualite\\\/national\\\/la-tunisie-lance-un-appel-doffres-international-pour-75-000-tonnes-de-ble-tendre\\\/377300\\\/#primaryimage\"},\"thumbnailUrl\":\"https:\\\/\\\/www.webdo.tn\\\/fr\\\/wp-content\\\/uploads\\\/2025\\\/06\\\/ble.jpg\",\"keywords\":[\"appel d'offres\",\"bl\u00e9 tendre\",\"Tunisie\"],\"articleSection\":[\"National\"],\"inLanguage\":\"fr-FR\"},{\"@type\":\"WebPage\",\"@id\":\"https:\\\/\\\/www.webdo.tn\\\/fr\\\/actualite\\\/national\\\/la-tunisie-lance-un-appel-doffres-international-pour-75-000-tonnes-de-ble-tendre\\\/377300\\\/\",\"url\":\"https:\\\/\\\/www.webdo.tn\\\/fr\\\/actualite\\\/national\\\/la-tunisie-lance-un-appel-doffres-international-pour-75-000-tonnes-de-ble-tendre\\\/377300\\\/\",\"name\":\"La Tunisie lance un appel d'offres international pour 75\u202f000 tonnes de bl\u00e9 tendre - webdo\",\"isPartOf\":{\"@id\":\"https:\\\/\\\/www.webdo.tn\\\/fr\\\/#website\"},\"primaryImageOfPage\":{\"@id\":\"https:\\\/\\\/www.webdo.tn\\\/fr\\\/actualite\\\/national\\\/la-tunisie-lance-un-appel-doffres-international-pour-75-000-tonnes-de-ble-tendre\\\/377300\\\/#primaryimage\"},\"image\":{\"@id\":\"https:\\\/\\\/www.webdo.tn\\\/fr\\\/actualite\\\/national\\\/la-tunisie-lance-un-appel-doffres-international-pour-75-000-tonnes-de-ble-tendre\\\/377300\\\/#primaryimage\"},\"thumbnailUrl\":\"https:\\\/\\\/www.webdo.tn\\\/fr\\\/wp-content\\\/uploads\\\/2025\\\/06\\\/ble.jpg\",\"datePublished\":\"2025-06-12T13:18:43+00:00\",\"dateModified\":\"2025-06-12T13:18:44+00:00\",\"description\":\"L'Office national des c\u00e9r\u00e9ales annonce un appel d'offres international pour 75\u202f000 tonnes de bl\u00e9 tendre avant le 13\u202fjuin.\",\"breadcrumb\":{\"@id\":\"https:\\\/\\\/www.webdo.tn\\\/fr\\\/actualite\\\/national\\\/la-tunisie-lance-un-appel-doffres-international-pour-75-000-tonnes-de-ble-tendre\\\/377300\\\/#breadcrumb\"},\"inLanguage\":\"fr-FR\",\"potentialAction\":[{\"@type\":\"ReadAction\",\"target\":[\"https:\\\/\\\/www.webdo.tn\\\/fr\\\/actualite\\\/national\\\/la-tunisie-lance-un-appel-doffres-international-pour-75-000-tonnes-de-ble-tendre\\\/377300\\\/\"]}]},{\"@type\":\"ImageObject\",\"inLanguage\":\"fr-FR\",\"@id\":\"https:\\\/\\\/www.webdo.tn\\\/fr\\\/actualite\\\/national\\\/la-tunisie-lance-un-appel-doffres-international-pour-75-000-tonnes-de-ble-tendre\\\/377300\\\/#primaryimage\",\"url\":\"https:\\\/\\\/www.webdo.tn\\\/fr\\\/wp-content\\\/uploads\\\/2025\\\/06\\\/ble.jpg\",\"contentUrl\":\"https:\\\/\\\/www.webdo.tn\\\/fr\\\/wp-content\\\/uploads\\\/2025\\\/06\\\/ble.jpg\",\"width\":750,\"height\":375},{\"@type\":\"BreadcrumbList\",\"@id\":\"https:\\\/\\\/www.webdo.tn\\\/fr\\\/actualite\\\/national\\\/la-tunisie-lance-un-appel-doffres-international-pour-75-000-tonnes-de-ble-tendre\\\/377300\\\/#breadcrumb\",\"itemListElement\":[{\"@type\":\"ListItem\",\"position\":1,\"name\":\"Accueil\",\"item\":\"https:\\\/\\\/www.webdo.tn\\\/fr\\\/\"},{\"@type\":\"ListItem\",\"position\":2,\"name\":\"La Tunisie lance un appel d&rsquo;offres international pour 75\u202f000 tonnes de bl\u00e9 tendre\"}]},{\"@type\":\"WebSite\",\"@id\":\"https:\\\/\\\/www.webdo.tn\\\/fr\\\/#website\",\"url\":\"https:\\\/\\\/www.webdo.tn\\\/fr\\\/\",\"name\":\"webdo\",\"description\":\"Tunisie - News en Tunisie et \u00e0 l&#039;international sur Webdo.tn\",\"publisher\":{\"@id\":\"https:\\\/\\\/www.webdo.tn\\\/fr\\\/#organization\"},\"potentialAction\":[{\"@type\":\"SearchAction\",\"target\":{\"@type\":\"EntryPoint\",\"urlTemplate\":\"https:\\\/\\\/www.webdo.tn\\\/fr\\\/?s={search_term_string}\"},\"query-input\":{\"@type\":\"PropertyValueSpecification\",\"valueRequired\":true,\"valueName\":\"search_term_string\"}}],\"inLanguage\":\"fr-FR\"},{\"@type\":\"Organization\",\"@id\":\"https:\\\/\\\/www.webdo.tn\\\/fr\\\/#organization\",\"name\":\"Webdo\",\"alternateName\":\"Webdo.tn\",\"url\":\"https:\\\/\\\/www.webdo.tn\\\/fr\\\/\",\"logo\":{\"@type\":\"ImageObject\",\"inLanguage\":\"fr-FR\",\"@id\":\"https:\\\/\\\/www.webdo.tn\\\/fr\\\/#\\\/schema\\\/logo\\\/image\\\/\",\"url\":\"https:\\\/\\\/www.webdo.tn\\\/fr\\\/wp-content\\\/uploads\\\/2025\\\/06\\\/Webdo-Tunisie_168377.jpg\",\"contentUrl\":\"https:\\\/\\\/www.webdo.tn\\\/fr\\\/wp-content\\\/uploads\\\/2025\\\/06\\\/Webdo-Tunisie_168377.jpg\",\"width\":301,\"height\":301,\"caption\":\"Webdo\"},\"image\":{\"@id\":\"https:\\\/\\\/www.webdo.tn\\\/fr\\\/#\\\/schema\\\/logo\\\/image\\\/\"},\"sameAs\":[\"https:\\\/\\\/www.facebook.com\\\/webdotn\",\"https:\\\/\\\/x.com\\\/webdo_tn\"],\"description\":\"Webdo est un m\u00e9dia num\u00e9rique tunisien fond\u00e9 en 2010, sp\u00e9cialis\u00e9 dans l\u2019actualit\u00e9 nationale et internationale, l\u2019\u00e9conomie, la soci\u00e9t\u00e9 et les analyses politiques. Le site s\u2019adresse \u00e0 un large public francophone et couvre l\u2019information tunisienne en temps r\u00e9el.\",\"email\":\"redac@webdo.tn\",\"legalName\":\"YNJ SARL\",\"foundingDate\":\"2010-09-06\",\"numberOfEmployees\":{\"@type\":\"QuantitativeValue\",\"minValue\":\"11\",\"maxValue\":\"50\"}},{\"@type\":\"Person\",\"@id\":\"https:\\\/\\\/www.webdo.tn\\\/fr\\\/#\\\/schema\\\/person\\\/c652cd8fc2b1b44412b5ffb48c5a911d\",\"name\":\"Mohamed Hedi Touati\",\"image\":{\"@type\":\"ImageObject\",\"inLanguage\":\"fr-FR\",\"@id\":\"https:\\\/\\\/secure.gravatar.com\\\/avatar\\\/9cfd402c745b7a685f13eed0ea6e59d2144a3c2fc50a3db6fd5ed451f6cddf1a?s=96&d=mm&r=g\",\"url\":\"https:\\\/\\\/secure.gravatar.com\\\/avatar\\\/9cfd402c745b7a685f13eed0ea6e59d2144a3c2fc50a3db6fd5ed451f6cddf1a?s=96&d=mm&r=g\",\"contentUrl\":\"https:\\\/\\\/secure.gravatar.com\\\/avatar\\\/9cfd402c745b7a685f13eed0ea6e59d2144a3c2fc50a3db6fd5ed451f6cddf1a?s=96&d=mm&r=g\",\"caption\":\"Mohamed Hedi Touati\"},\"url\":\"https:\\\/\\\/www.webdo.tn\\\/fr\\\/actualite\\\/author\\\/mohamed-hedi-touati\\\/\"}]}<\/script>\n<!-- \/ Yoast SEO Premium plugin. -->","yoast_head_json":{"title":"La Tunisie lance un appel d'offres international pour 75\u202f000 tonnes de bl\u00e9 tendre - webdo","description":"L'Office national des c\u00e9r\u00e9ales annonce un appel d'offres international pour 75\u202f000 tonnes de bl\u00e9 tendre avant le 13\u202fjuin.","canonical":"https:\/\/www.webdo.tn\/fr\/actualite\/national\/la-tunisie-lance-un-appel-doffres-international-pour-75-000-tonnes-de-ble-tendre\/377300\/","og_locale":"fr_FR","og_type":"article","og_title":"La Tunisie lance un appel d'offres international pour 75\u202f000 tonnes de bl\u00e9 tendre","og_description":"L'Office national des c\u00e9r\u00e9ales annonce un appel d'offres international pour 75\u202f000 tonnes de bl\u00e9 tendre avant le 13\u202fjuin.","og_url":"https:\/\/www.webdo.tn\/fr\/actualite\/national\/la-tunisie-lance-un-appel-doffres-international-pour-75-000-tonnes-de-ble-tendre\/377300\/","og_site_name":"webdo","article_publisher":"https:\/\/www.facebook.com\/webdotn","article_published_time":"2025-06-12T13:18:43+00:00","article_modified_time":"2025-06-12T13:18:44+00:00","og_image":[{"width":750,"height":375,"url":"https:\/\/www.webdo.tn\/fr\/wp-content\/uploads\/2025\/06\/ble.jpg","type":"image\/jpeg"}],"author":"Mohamed Hedi Touati","twitter_card":"summary_large_image","twitter_creator":"@webdo_tn","twitter_site":"@webdo_tn","twitter_misc":{"\u00c9crit par":"Mohamed Hedi Touati","Dur\u00e9e de lecture estim\u00e9e":"1 minute"},"schema":{"@context":"https:\/\/schema.org","@graph":[{"@type":"NewsArticle","@id":"https:\/\/www.webdo.tn\/fr\/actualite\/national\/la-tunisie-lance-un-appel-doffres-international-pour-75-000-tonnes-de-ble-tendre\/377300\/#article","isPartOf":{"@id":"https:\/\/www.webdo.tn\/fr\/actualite\/national\/la-tunisie-lance-un-appel-doffres-international-pour-75-000-tonnes-de-ble-tendre\/377300\/"},"author":{"name":"Mohamed Hedi Touati","@id":"https:\/\/www.webdo.tn\/fr\/#\/schema\/person\/c652cd8fc2b1b44412b5ffb48c5a911d"},"headline":"La Tunisie lance un appel d&rsquo;offres international pour 75\u202f000 tonnes de bl\u00e9 tendre","datePublished":"2025-06-12T13:18:43+00:00","dateModified":"2025-06-12T13:18:44+00:00","mainEntityOfPage":{"@id":"https:\/\/www.webdo.tn\/fr\/actualite\/national\/la-tunisie-lance-un-appel-doffres-international-pour-75-000-tonnes-de-ble-tendre\/377300\/"},"wordCount":164,"commentCount":0,"publisher":{"@id":"https:\/\/www.webdo.tn\/fr\/#organization"},"image":{"@id":"https:\/\/www.webdo.tn\/fr\/actualite\/national\/la-tunisie-lance-un-appel-doffres-international-pour-75-000-tonnes-de-ble-tendre\/377300\/#primaryimage"},"thumbnailUrl":"https:\/\/www.webdo.tn\/fr\/wp-content\/uploads\/2025\/06\/ble.jpg","keywords":["appel d'offres","bl\u00e9 tendre","Tunisie"],"articleSection":["National"],"inLanguage":"fr-FR"},{"@type":"WebPage","@id":"https:\/\/www.webdo.tn\/fr\/actualite\/national\/la-tunisie-lance-un-appel-doffres-international-pour-75-000-tonnes-de-ble-tendre\/377300\/","url":"https:\/\/www.webdo.tn\/fr\/actualite\/national\/la-tunisie-lance-un-appel-doffres-international-pour-75-000-tonnes-de-ble-tendre\/377300\/","name":"La Tunisie lance un appel d'offres international pour 75\u202f000 tonnes de bl\u00e9 tendre - webdo","isPartOf":{"@id":"https:\/\/www.webdo.tn\/fr\/#website"},"primaryImageOfPage":{"@id":"https:\/\/www.webdo.tn\/fr\/actualite\/national\/la-tunisie-lance-un-appel-doffres-international-pour-75-000-tonnes-de-ble-tendre\/377300\/#primaryimage"},"image":{"@id":"https:\/\/www.webdo.tn\/fr\/actualite\/national\/la-tunisie-lance-un-appel-doffres-international-pour-75-000-tonnes-de-ble-tendre\/377300\/#primaryimage"},"thumbnailUrl":"https:\/\/www.webdo.tn\/fr\/wp-content\/uploads\/2025\/06\/ble.jpg","datePublished":"2025-06-12T13:18:43+00:00","dateModified":"2025-06-12T13:18:44+00:00","description":"L'Office national des c\u00e9r\u00e9ales annonce un appel d'offres international pour 75\u202f000 tonnes de bl\u00e9 tendre avant le 13\u202fjuin.","breadcrumb":{"@id":"https:\/\/www.webdo.tn\/fr\/actualite\/national\/la-tunisie-lance-un-appel-doffres-international-pour-75-000-tonnes-de-ble-tendre\/377300\/#breadcrumb"},"inLanguage":"fr-FR","potentialAction":[{"@type":"ReadAction","target":["https:\/\/www.webdo.tn\/fr\/actualite\/national\/la-tunisie-lance-un-appel-doffres-international-pour-75-000-tonnes-de-ble-tendre\/377300\/"]}]},{"@type":"ImageObject","inLanguage":"fr-FR","@id":"https:\/\/www.webdo.tn\/fr\/actualite\/national\/la-tunisie-lance-un-appel-doffres-international-pour-75-000-tonnes-de-ble-tendre\/377300\/#primaryimage","url":"https:\/\/www.webdo.tn\/fr\/wp-content\/uploads\/2025\/06\/ble.jpg","contentUrl":"https:\/\/www.webdo.tn\/fr\/wp-content\/uploads\/2025\/06\/ble.jpg","width":750,"height":375},{"@type":"BreadcrumbList","@id":"https:\/\/www.webdo.tn\/fr\/actualite\/national\/la-tunisie-lance-un-appel-doffres-international-pour-75-000-tonnes-de-ble-tendre\/377300\/#breadcrumb","itemListElement":[{"@type":"ListItem","position":1,"name":"Accueil","item":"https:\/\/www.webdo.tn\/fr\/"},{"@type":"ListItem","position":2,"name":"La Tunisie lance un appel d&rsquo;offres international pour 75\u202f000 tonnes de bl\u00e9 tendre"}]},{"@type":"WebSite","@id":"https:\/\/www.webdo.tn\/fr\/#website","url":"https:\/\/www.webdo.tn\/fr\/","name":"webdo","description":"Tunisie - News en Tunisie et \u00e0 l&#039;international sur Webdo.tn","publisher":{"@id":"https:\/\/www.webdo.tn\/fr\/#organization"},"potentialAction":[{"@type":"SearchAction","target":{"@type":"EntryPoint","urlTemplate":"https:\/\/www.webdo.tn\/fr\/?s={search_term_string}"},"query-input":{"@type":"PropertyValueSpecification","valueRequired":true,"valueName":"search_term_string"}}],"inLanguage":"fr-FR"},{"@type":"Organization","@id":"https:\/\/www.webdo.tn\/fr\/#organization","name":"Webdo","alternateName":"Webdo.tn","url":"https:\/\/www.webdo.tn\/fr\/","logo":{"@type":"ImageObject","inLanguage":"fr-FR","@id":"https:\/\/www.webdo.tn\/fr\/#\/schema\/logo\/image\/","url":"https:\/\/www.webdo.tn\/fr\/wp-content\/uploads\/2025\/06\/Webdo-Tunisie_168377.jpg","contentUrl":"https:\/\/www.webdo.tn\/fr\/wp-content\/uploads\/2025\/06\/Webdo-Tunisie_168377.jpg","width":301,"height":301,"caption":"Webdo"},"image":{"@id":"https:\/\/www.webdo.tn\/fr\/#\/schema\/logo\/image\/"},"sameAs":["https:\/\/www.facebook.com\/webdotn","https:\/\/x.com\/webdo_tn"],"description":"Webdo est un m\u00e9dia num\u00e9rique tunisien fond\u00e9 en 2010, sp\u00e9cialis\u00e9 dans l\u2019actualit\u00e9 nationale et internationale, l\u2019\u00e9conomie, la soci\u00e9t\u00e9 et les analyses politiques. Le site s\u2019adresse \u00e0 un large public francophone et couvre l\u2019information tunisienne en temps r\u00e9el.","email":"redac@webdo.tn","legalName":"YNJ SARL","foundingDate":"2010-09-06","numberOfEmployees":{"@type":"QuantitativeValue","minValue":"11","maxValue":"50"}},{"@type":"Person","@id":"https:\/\/www.webdo.tn\/fr\/#\/schema\/person\/c652cd8fc2b1b44412b5ffb48c5a911d","name":"Mohamed Hedi Touati","image":{"@type":"ImageObject","inLanguage":"fr-FR","@id":"https:\/\/secure.gravatar.com\/avatar\/9cfd402c745b7a685f13eed0ea6e59d2144a3c2fc50a3db6fd5ed451f6cddf1a?s=96&d=mm&r=g","url":"https:\/\/secure.gravatar.com\/avatar\/9cfd402c745b7a685f13eed0ea6e59d2144a3c2fc50a3db6fd5ed451f6cddf1a?s=96&d=mm&r=g","contentUrl":"https:\/\/secure.gravatar.com\/avatar\/9cfd402c745b7a685f13eed0ea6e59d2144a3c2fc50a3db6fd5ed451f6cddf1a?s=96&d=mm&r=g","caption":"Mohamed Hedi Touati"},"url":"https:\/\/www.webdo.tn\/fr\/actualite\/author\/mohamed-hedi-touati\/"}]}},"_links":{"self":[{"href":"https:\/\/www.webdo.tn\/fr\/wp-json\/wp\/v2\/posts\/377300","targetHints":{"allow":["GET"]}}],"collection":[{"href":"https:\/\/www.webdo.tn\/fr\/wp-json\/wp\/v2\/posts"}],"about":[{"href":"https:\/\/www.webdo.tn\/fr\/wp-json\/wp\/v2\/types\/post"}],"author":[{"embeddable":true,"href":"https:\/\/www.webdo.tn\/fr\/wp-json\/wp\/v2\/users\/3191"}],"replies":[{"embeddable":true,"href":"https:\/\/www.webdo.tn\/fr\/wp-json\/wp\/v2\/comments?post=377300"}],"version-history":[{"count":0,"href":"https:\/\/www.webdo.tn\/fr\/wp-json\/wp\/v2\/posts\/377300\/revisions"}],"wp:featuredmedia":[{"embeddable":true,"href":"https:\/\/www.webdo.tn\/fr\/wp-json\/wp\/v2\/media\/377302"}],"wp:attachment":[{"href":"https:\/\/www.webdo.tn\/fr\/wp-json\/wp\/v2\/media?parent=377300"}],"wp:term":[{"taxonomy":"category","embeddable":true,"href":"https:\/\/www.webdo.tn\/fr\/wp-json\/wp\/v2\/categories?post=377300"},{"taxonomy":"post_tag","embeddable":true,"href":"https:\/\/www.webdo.tn\/fr\/wp-json\/wp\/v2\/tags?post=377300"}],"curies":[{"name":"wp","href":"https:\/\/api.w.org\/{rel}","templated":true}]}}