{"id":377293,"date":"2025-06-12T14:33:11","date_gmt":"2025-06-12T13:33:11","guid":{"rendered":"https:\/\/www.webdo.tn\/fr\/?p=377293"},"modified":"2025-06-12T14:52:59","modified_gmt":"2025-06-12T13:52:59","slug":"quand-lenvoye-de-trump-suggere-que-netanyahu-pourrait-diriger-les-etats-unis","status":"publish","type":"post","link":"https:\/\/www.webdo.tn\/fr\/actualite\/international\/quand-lenvoye-de-trump-suggere-que-netanyahu-pourrait-diriger-les-etats-unis\/377293\/","title":{"rendered":"Quand l&rsquo;envoy\u00e9 de Trump sugg\u00e8re que Netanyahu pourrait diriger les \u00c9tats-Unis"},"content":{"rendered":"\n<p>Les d\u00e9clarations de Steven Witkoff, envoy\u00e9 sp\u00e9cial am\u00e9ricain au Moyen-Orient, lors du gala de l&rsquo;organisation United Hatzalah \u00e0 New York mercredi 5 juin 2024, ont provoqu\u00e9 un toll\u00e9 diplomatique r\u00e9v\u00e9lateur. En affirmant que Donald Trump <em>\u00ab pourrait \u00eatre le premier pr\u00e9sident en exercice qui pourrait \u00eatre Premier ministre d&rsquo;Isra\u00ebl en m\u00eame temps \u00bb<\/em>, Witkoff a involontairement mis en lumi\u00e8re l\u2019inversion des rapports de force entre Washington et Tel Aviv. Plusieurs m\u00e9dias, dont <em>The Times of Israel<\/em>, ont largement relay\u00e9 ces propos, qui illustrent cr\u00fbment la r\u00e9alit\u00e9 g\u00e9opolitique actuelle.<\/p>\n\n\n\n<p>L\u2019analyse de cette d\u00e9claration r\u00e9v\u00e8le une v\u00e9rit\u00e9 d\u00e9rangeante : si l\u2019on inverse la lecture de la phrase, on obtient que <em>\u00ab Netanyahu pourrait \u00eatre Premier ministre d\u2019Isra\u00ebl et pr\u00e9sident des \u00c9tats-Unis en m\u00eame temps \u00bb<\/em>, ce qui d\u00e9crit avec une pr\u00e9cision troublante l\u2019influence r\u00e9elle exerc\u00e9e par le dirigeant isra\u00e9lien sur les d\u00e9cisions am\u00e9ricaines. Les tentatives de l\u2019administration Trump pour minimiser ces propos ne font qu\u2019aggraver une situation d\u00e9j\u00e0 compromise, d\u00e9voilant l\u2019embarras de Washington face \u00e0 cette v\u00e9rit\u00e9 involontairement exprim\u00e9e.<\/p>\n\n\n\n<p>Les propos de Witkoff sur l\u2019Iran confirment cette analyse. En reprenant mot pour mot la rh\u00e9torique isra\u00e9lienne sur l\u2019interdiction totale d\u2019enrichissement d\u2019uranium, l\u2019envoy\u00e9 am\u00e9ricain illustre comment la politique am\u00e9ricaine au Moyen-Orient s\u2019est progressivement align\u00e9e sur les priorit\u00e9s de Tel Aviv, au d\u00e9triment des int\u00e9r\u00eats g\u00e9opolitiques am\u00e9ricains traditionnels. Cette position maximaliste, allant bien au-del\u00e0 des positions historiques de Washington, montre l\u2019ampleur de l\u2019influence isra\u00e9lienne sur les choix strat\u00e9giques am\u00e9ricains.<\/p>\n\n\n\n<p>L\u2019\u00e9vacuation du personnel diplomatique de Bagdad et l\u2019alerte maximale dans les bases am\u00e9ricaines du Moyen-Orient confirment que les \u00c9tats-Unis subissent d\u00e9sormais les cons\u00e9quences d\u2019une politique qu\u2019ils ne ma\u00eetrisent plus vraiment. Les 2 500 soldats am\u00e9ricains en Irak deviennent les victimes collat\u00e9rales d\u2019une strat\u00e9gie dict\u00e9e depuis Tel Aviv, tandis que la diplomatie am\u00e9ricaine se contente de justifier a posteriori des d\u00e9cisions prises ailleurs.<\/p>\n\n\n\n<p>Le lapsus de Witkoff r\u00e9v\u00e8le donc une r\u00e9alit\u00e9 g\u00e9opolitique longtemps ni\u00e9e : dans le tandem \u00c9tats-Unis\/Isra\u00ebl, c\u2019est d\u00e9sormais le partenaire junior qui dicte sa conduite au partenaire senior. Cette inversion des r\u00f4les, pass\u00e9e sous silence \u00e0 Washington, appara\u00eet aujourd\u2019hui au grand jour, \u00e0 travers les maladresses d\u2019un envoy\u00e9 sp\u00e9cial trop z\u00e9l\u00e9. Les d\u00e9clarations du 5 juin 2024 marquent peut-\u00eatre un tournant dans la perception publique des relations am\u00e9ricano-isra\u00e9liennes, ouvrant une br\u00e8che dans le discours officiel et contraignant Washington \u00e0 une remise en cause n\u00e9cessaire de ses priorit\u00e9s r\u00e9gionales.<\/p>\n\n\n\n<figure class=\"wp-block-embed aligncenter is-type-rich is-provider-twitter wp-block-embed-twitter\"><div class=\"wp-block-embed__wrapper\">\n<blockquote class=\"twitter-tweet\" data-width=\"500\" data-dnt=\"true\"><p lang=\"en\" dir=\"ltr\">Breaking: Special Presidential Envoy <a href=\"https:\/\/twitter.com\/SteveWitkoff?ref_src=twsrc%5Etfw\">@SteveWitkoff<\/a> remarks on Iran as he is honored at <a href=\"https:\/\/twitter.com\/UnitedHatzalah?ref_src=twsrc%5Etfw\">@UnitedHatzalah<\/a> gala <a href=\"https:\/\/t.co\/M05KA7645g\">pic.twitter.com\/M05KA7645g<\/a><\/p>&mdash; Ellie Cohanim (@EllieCohanim) <a href=\"https:\/\/twitter.com\/EllieCohanim\/status\/1932962109295309305?ref_src=twsrc%5Etfw\">June 12, 2025<\/a><\/blockquote><script async src=\"https:\/\/platform.twitter.com\/widgets.js\" charset=\"utf-8\"><\/script>\n<\/div><\/figure>\n","protected":false},"excerpt":{"rendered":"<p>Les d\u00e9clarations de Steven Witkoff, envoy\u00e9 sp\u00e9cial am\u00e9ricain au Moyen-Orient, lors du gala de l&rsquo;organisation United Hatzalah \u00e0 New York mercredi 5 juin 2024, ont provoqu\u00e9 un toll\u00e9 diplomatique r\u00e9v\u00e9lateur. En affirmant que Donald Trump \u00ab pourrait \u00eatre le premier pr\u00e9sident en exercice qui pourrait \u00eatre Premier ministre d&rsquo;Isra\u00ebl en m\u00eame temps \u00bb, Witkoff a [&hellip;]<\/p>\n","protected":false},"author":3203,"featured_media":377306,"comment_status":"open","ping_status":"open","sticky":false,"template":"","format":"standard","meta":{"footnotes":""},"categories":[2598],"tags":[2689,2912,5479,3309],"class_list":["post-377293","post","type-post","status-publish","format-standard","has-post-thumbnail","hentry","category-international","tag-gaza","tag-iran","tag-netanyahu","tag-trump"],"yoast_head":"<!-- This site is optimized with the Yoast SEO Premium plugin v27.5 (Yoast SEO v27.5) - https:\/\/yoast.com\/product\/yoast-seo-premium-wordpress\/ -->\n<title>Quand l&#039;envoy\u00e9 de Trump sugg\u00e8re que Netanyahu pourrait diriger les \u00c9tats-Unis - webdo<\/title>\n<meta name=\"description\" content=\"Les propos de Witkoff sur Netanyahu et Trump soul\u00e8vent des questions sur l&#039;influence d&#039;Isra\u00ebl sur les \u00c9tats-Unis.\" \/>\n<link rel=\"canonical\" href=\"https:\/\/www.webdo.tn\/fr\/actualite\/international\/quand-lenvoye-de-trump-suggere-que-netanyahu-pourrait-diriger-les-etats-unis\/377293\/\" \/>\n<meta property=\"og:locale\" content=\"fr_FR\" \/>\n<meta property=\"og:type\" content=\"article\" \/>\n<meta property=\"og:title\" content=\"Quand l&#039;envoy\u00e9 de Trump sugg\u00e8re que Netanyahu pourrait diriger les \u00c9tats-Unis\" \/>\n<meta property=\"og:description\" content=\"Les propos de Witkoff sur Netanyahu et Trump soul\u00e8vent des questions sur l&#039;influence d&#039;Isra\u00ebl sur les \u00c9tats-Unis.\" \/>\n<meta property=\"og:url\" content=\"https:\/\/www.webdo.tn\/fr\/actualite\/international\/quand-lenvoye-de-trump-suggere-que-netanyahu-pourrait-diriger-les-etats-unis\/377293\/\" \/>\n<meta property=\"og:site_name\" content=\"webdo\" \/>\n<meta property=\"article:publisher\" content=\"https:\/\/www.facebook.com\/webdotn\" \/>\n<meta property=\"article:published_time\" content=\"2025-06-12T13:33:11+00:00\" \/>\n<meta property=\"article:modified_time\" content=\"2025-06-12T13:52:59+00:00\" \/>\n<meta property=\"og:image\" content=\"https:\/\/www.webdo.tn\/fr\/wp-content\/uploads\/2025\/06\/Netanyahu-Trump-car1-.jpg\" \/>\n\t<meta property=\"og:image:width\" content=\"539\" \/>\n\t<meta property=\"og:image:height\" content=\"358\" \/>\n\t<meta property=\"og:image:type\" content=\"image\/jpeg\" \/>\n<meta name=\"author\" content=\"Ramzi Haddad\" \/>\n<meta name=\"twitter:card\" content=\"summary_large_image\" \/>\n<meta name=\"twitter:creator\" content=\"@webdo_tn\" \/>\n<meta name=\"twitter:site\" content=\"@webdo_tn\" \/>\n<meta name=\"twitter:label1\" content=\"\u00c9crit par\" \/>\n\t<meta name=\"twitter:data1\" content=\"Ramzi Haddad\" \/>\n\t<meta name=\"twitter:label2\" content=\"Dur\u00e9e de lecture estim\u00e9e\" \/>\n\t<meta name=\"twitter:data2\" content=\"3 minutes\" \/>\n<script type=\"application\/ld+json\" class=\"yoast-schema-graph\">{\"@context\":\"https:\\\/\\\/schema.org\",\"@graph\":[{\"@type\":\"NewsArticle\",\"@id\":\"https:\\\/\\\/www.webdo.tn\\\/fr\\\/actualite\\\/international\\\/quand-lenvoye-de-trump-suggere-que-netanyahu-pourrait-diriger-les-etats-unis\\\/377293\\\/#article\",\"isPartOf\":{\"@id\":\"https:\\\/\\\/www.webdo.tn\\\/fr\\\/actualite\\\/international\\\/quand-lenvoye-de-trump-suggere-que-netanyahu-pourrait-diriger-les-etats-unis\\\/377293\\\/\"},\"author\":{\"name\":\"Ramzi Haddad\",\"@id\":\"https:\\\/\\\/www.webdo.tn\\\/fr\\\/#\\\/schema\\\/person\\\/5663044c25eb36d8f88ba5b653f12f8c\"},\"headline\":\"Quand l&rsquo;envoy\u00e9 de Trump sugg\u00e8re que Netanyahu pourrait diriger les \u00c9tats-Unis\",\"datePublished\":\"2025-06-12T13:33:11+00:00\",\"dateModified\":\"2025-06-12T13:52:59+00:00\",\"mainEntityOfPage\":{\"@id\":\"https:\\\/\\\/www.webdo.tn\\\/fr\\\/actualite\\\/international\\\/quand-lenvoye-de-trump-suggere-que-netanyahu-pourrait-diriger-les-etats-unis\\\/377293\\\/\"},\"wordCount\":489,\"commentCount\":0,\"publisher\":{\"@id\":\"https:\\\/\\\/www.webdo.tn\\\/fr\\\/#organization\"},\"image\":{\"@id\":\"https:\\\/\\\/www.webdo.tn\\\/fr\\\/actualite\\\/international\\\/quand-lenvoye-de-trump-suggere-que-netanyahu-pourrait-diriger-les-etats-unis\\\/377293\\\/#primaryimage\"},\"thumbnailUrl\":\"https:\\\/\\\/www.webdo.tn\\\/fr\\\/wp-content\\\/uploads\\\/2025\\\/06\\\/Netanyahu-Trump-car1-.jpg\",\"keywords\":[\"Gaza\",\"Iran\",\"Netanyahu\",\"trump\"],\"articleSection\":[\"International\"],\"inLanguage\":\"fr-FR\"},{\"@type\":\"WebPage\",\"@id\":\"https:\\\/\\\/www.webdo.tn\\\/fr\\\/actualite\\\/international\\\/quand-lenvoye-de-trump-suggere-que-netanyahu-pourrait-diriger-les-etats-unis\\\/377293\\\/\",\"url\":\"https:\\\/\\\/www.webdo.tn\\\/fr\\\/actualite\\\/international\\\/quand-lenvoye-de-trump-suggere-que-netanyahu-pourrait-diriger-les-etats-unis\\\/377293\\\/\",\"name\":\"Quand l'envoy\u00e9 de Trump sugg\u00e8re que Netanyahu pourrait diriger les \u00c9tats-Unis - webdo\",\"isPartOf\":{\"@id\":\"https:\\\/\\\/www.webdo.tn\\\/fr\\\/#website\"},\"primaryImageOfPage\":{\"@id\":\"https:\\\/\\\/www.webdo.tn\\\/fr\\\/actualite\\\/international\\\/quand-lenvoye-de-trump-suggere-que-netanyahu-pourrait-diriger-les-etats-unis\\\/377293\\\/#primaryimage\"},\"image\":{\"@id\":\"https:\\\/\\\/www.webdo.tn\\\/fr\\\/actualite\\\/international\\\/quand-lenvoye-de-trump-suggere-que-netanyahu-pourrait-diriger-les-etats-unis\\\/377293\\\/#primaryimage\"},\"thumbnailUrl\":\"https:\\\/\\\/www.webdo.tn\\\/fr\\\/wp-content\\\/uploads\\\/2025\\\/06\\\/Netanyahu-Trump-car1-.jpg\",\"datePublished\":\"2025-06-12T13:33:11+00:00\",\"dateModified\":\"2025-06-12T13:52:59+00:00\",\"description\":\"Les propos de Witkoff sur Netanyahu et Trump soul\u00e8vent des questions sur l'influence d'Isra\u00ebl sur les \u00c9tats-Unis.\",\"breadcrumb\":{\"@id\":\"https:\\\/\\\/www.webdo.tn\\\/fr\\\/actualite\\\/international\\\/quand-lenvoye-de-trump-suggere-que-netanyahu-pourrait-diriger-les-etats-unis\\\/377293\\\/#breadcrumb\"},\"inLanguage\":\"fr-FR\",\"potentialAction\":[{\"@type\":\"ReadAction\",\"target\":[\"https:\\\/\\\/www.webdo.tn\\\/fr\\\/actualite\\\/international\\\/quand-lenvoye-de-trump-suggere-que-netanyahu-pourrait-diriger-les-etats-unis\\\/377293\\\/\"]}]},{\"@type\":\"ImageObject\",\"inLanguage\":\"fr-FR\",\"@id\":\"https:\\\/\\\/www.webdo.tn\\\/fr\\\/actualite\\\/international\\\/quand-lenvoye-de-trump-suggere-que-netanyahu-pourrait-diriger-les-etats-unis\\\/377293\\\/#primaryimage\",\"url\":\"https:\\\/\\\/www.webdo.tn\\\/fr\\\/wp-content\\\/uploads\\\/2025\\\/06\\\/Netanyahu-Trump-car1-.jpg\",\"contentUrl\":\"https:\\\/\\\/www.webdo.tn\\\/fr\\\/wp-content\\\/uploads\\\/2025\\\/06\\\/Netanyahu-Trump-car1-.jpg\",\"width\":539,\"height\":358},{\"@type\":\"BreadcrumbList\",\"@id\":\"https:\\\/\\\/www.webdo.tn\\\/fr\\\/actualite\\\/international\\\/quand-lenvoye-de-trump-suggere-que-netanyahu-pourrait-diriger-les-etats-unis\\\/377293\\\/#breadcrumb\",\"itemListElement\":[{\"@type\":\"ListItem\",\"position\":1,\"name\":\"Accueil\",\"item\":\"https:\\\/\\\/www.webdo.tn\\\/fr\\\/\"},{\"@type\":\"ListItem\",\"position\":2,\"name\":\"Quand l&rsquo;envoy\u00e9 de Trump sugg\u00e8re que Netanyahu pourrait diriger les \u00c9tats-Unis\"}]},{\"@type\":\"WebSite\",\"@id\":\"https:\\\/\\\/www.webdo.tn\\\/fr\\\/#website\",\"url\":\"https:\\\/\\\/www.webdo.tn\\\/fr\\\/\",\"name\":\"webdo\",\"description\":\"Tunisie - News en Tunisie et \u00e0 l&#039;international sur Webdo.tn\",\"publisher\":{\"@id\":\"https:\\\/\\\/www.webdo.tn\\\/fr\\\/#organization\"},\"potentialAction\":[{\"@type\":\"SearchAction\",\"target\":{\"@type\":\"EntryPoint\",\"urlTemplate\":\"https:\\\/\\\/www.webdo.tn\\\/fr\\\/?s={search_term_string}\"},\"query-input\":{\"@type\":\"PropertyValueSpecification\",\"valueRequired\":true,\"valueName\":\"search_term_string\"}}],\"inLanguage\":\"fr-FR\"},{\"@type\":\"Organization\",\"@id\":\"https:\\\/\\\/www.webdo.tn\\\/fr\\\/#organization\",\"name\":\"Webdo\",\"alternateName\":\"Webdo.tn\",\"url\":\"https:\\\/\\\/www.webdo.tn\\\/fr\\\/\",\"logo\":{\"@type\":\"ImageObject\",\"inLanguage\":\"fr-FR\",\"@id\":\"https:\\\/\\\/www.webdo.tn\\\/fr\\\/#\\\/schema\\\/logo\\\/image\\\/\",\"url\":\"https:\\\/\\\/www.webdo.tn\\\/fr\\\/wp-content\\\/uploads\\\/2025\\\/06\\\/Webdo-Tunisie_168377.jpg\",\"contentUrl\":\"https:\\\/\\\/www.webdo.tn\\\/fr\\\/wp-content\\\/uploads\\\/2025\\\/06\\\/Webdo-Tunisie_168377.jpg\",\"width\":301,\"height\":301,\"caption\":\"Webdo\"},\"image\":{\"@id\":\"https:\\\/\\\/www.webdo.tn\\\/fr\\\/#\\\/schema\\\/logo\\\/image\\\/\"},\"sameAs\":[\"https:\\\/\\\/www.facebook.com\\\/webdotn\",\"https:\\\/\\\/x.com\\\/webdo_tn\"],\"description\":\"Webdo est un m\u00e9dia num\u00e9rique tunisien fond\u00e9 en 2010, sp\u00e9cialis\u00e9 dans l\u2019actualit\u00e9 nationale et internationale, l\u2019\u00e9conomie, la soci\u00e9t\u00e9 et les analyses politiques. Le site s\u2019adresse \u00e0 un large public francophone et couvre l\u2019information tunisienne en temps r\u00e9el.\",\"email\":\"redac@webdo.tn\",\"legalName\":\"YNJ SARL\",\"foundingDate\":\"2010-09-06\",\"numberOfEmployees\":{\"@type\":\"QuantitativeValue\",\"minValue\":\"11\",\"maxValue\":\"50\"}},{\"@type\":\"Person\",\"@id\":\"https:\\\/\\\/www.webdo.tn\\\/fr\\\/#\\\/schema\\\/person\\\/5663044c25eb36d8f88ba5b653f12f8c\",\"name\":\"Ramzi Haddad\",\"image\":{\"@type\":\"ImageObject\",\"inLanguage\":\"fr-FR\",\"@id\":\"https:\\\/\\\/www.webdo.tn\\\/fr\\\/wp-content\\\/uploads\\\/2026\\\/04\\\/ramzi-haddad_avatar-96x96.jpg\",\"url\":\"https:\\\/\\\/www.webdo.tn\\\/fr\\\/wp-content\\\/uploads\\\/2026\\\/04\\\/ramzi-haddad_avatar-96x96.jpg\",\"contentUrl\":\"https:\\\/\\\/www.webdo.tn\\\/fr\\\/wp-content\\\/uploads\\\/2026\\\/04\\\/ramzi-haddad_avatar-96x96.jpg\",\"caption\":\"Ramzi Haddad\"},\"description\":\"Signature \u00e9ditoriale de Walid Ben Youssef Ramzi Haddad est le pseudonyme \u00e9ditorial de Walid Ben Youssef, fondateur et g\u00e9rant de Webdo.tn. Cette signature est d\u00e9di\u00e9e \u00e0 la couverture de l'actualit\u00e9 nationale et internationale, ainsi qu'aux analyses des dynamiques num\u00e9riques. Ce profil b\u00e9n\u00e9ficie de l'expertise de Walid Ben Youssef, pionnier du web en Tunisie depuis 2000 et dipl\u00f4m\u00e9 en Math\u00e9matiques pures de l'Universit\u00e9 d'Oregon. \u00c0 travers cette signature, la r\u00e9daction de Webdo garantit une information structur\u00e9e et v\u00e9rifi\u00e9e, fid\u00e8le aux standards journalistiques du m\u00e9dia.\",\"url\":\"https:\\\/\\\/www.webdo.tn\\\/fr\\\/actualite\\\/author\\\/ramzi-haddad\\\/\"}]}<\/script>\n<!-- \/ Yoast SEO Premium plugin. -->","yoast_head_json":{"title":"Quand l'envoy\u00e9 de Trump sugg\u00e8re que Netanyahu pourrait diriger les \u00c9tats-Unis - webdo","description":"Les propos de Witkoff sur Netanyahu et Trump soul\u00e8vent des questions sur l'influence d'Isra\u00ebl sur les \u00c9tats-Unis.","canonical":"https:\/\/www.webdo.tn\/fr\/actualite\/international\/quand-lenvoye-de-trump-suggere-que-netanyahu-pourrait-diriger-les-etats-unis\/377293\/","og_locale":"fr_FR","og_type":"article","og_title":"Quand l'envoy\u00e9 de Trump sugg\u00e8re que Netanyahu pourrait diriger les \u00c9tats-Unis","og_description":"Les propos de Witkoff sur Netanyahu et Trump soul\u00e8vent des questions sur l'influence d'Isra\u00ebl sur les \u00c9tats-Unis.","og_url":"https:\/\/www.webdo.tn\/fr\/actualite\/international\/quand-lenvoye-de-trump-suggere-que-netanyahu-pourrait-diriger-les-etats-unis\/377293\/","og_site_name":"webdo","article_publisher":"https:\/\/www.facebook.com\/webdotn","article_published_time":"2025-06-12T13:33:11+00:00","article_modified_time":"2025-06-12T13:52:59+00:00","og_image":[{"width":539,"height":358,"url":"https:\/\/www.webdo.tn\/fr\/wp-content\/uploads\/2025\/06\/Netanyahu-Trump-car1-.jpg","type":"image\/jpeg"}],"author":"Ramzi Haddad","twitter_card":"summary_large_image","twitter_creator":"@webdo_tn","twitter_site":"@webdo_tn","twitter_misc":{"\u00c9crit par":"Ramzi Haddad","Dur\u00e9e de lecture estim\u00e9e":"3 minutes"},"schema":{"@context":"https:\/\/schema.org","@graph":[{"@type":"NewsArticle","@id":"https:\/\/www.webdo.tn\/fr\/actualite\/international\/quand-lenvoye-de-trump-suggere-que-netanyahu-pourrait-diriger-les-etats-unis\/377293\/#article","isPartOf":{"@id":"https:\/\/www.webdo.tn\/fr\/actualite\/international\/quand-lenvoye-de-trump-suggere-que-netanyahu-pourrait-diriger-les-etats-unis\/377293\/"},"author":{"name":"Ramzi Haddad","@id":"https:\/\/www.webdo.tn\/fr\/#\/schema\/person\/5663044c25eb36d8f88ba5b653f12f8c"},"headline":"Quand l&rsquo;envoy\u00e9 de Trump sugg\u00e8re que Netanyahu pourrait diriger les \u00c9tats-Unis","datePublished":"2025-06-12T13:33:11+00:00","dateModified":"2025-06-12T13:52:59+00:00","mainEntityOfPage":{"@id":"https:\/\/www.webdo.tn\/fr\/actualite\/international\/quand-lenvoye-de-trump-suggere-que-netanyahu-pourrait-diriger-les-etats-unis\/377293\/"},"wordCount":489,"commentCount":0,"publisher":{"@id":"https:\/\/www.webdo.tn\/fr\/#organization"},"image":{"@id":"https:\/\/www.webdo.tn\/fr\/actualite\/international\/quand-lenvoye-de-trump-suggere-que-netanyahu-pourrait-diriger-les-etats-unis\/377293\/#primaryimage"},"thumbnailUrl":"https:\/\/www.webdo.tn\/fr\/wp-content\/uploads\/2025\/06\/Netanyahu-Trump-car1-.jpg","keywords":["Gaza","Iran","Netanyahu","trump"],"articleSection":["International"],"inLanguage":"fr-FR"},{"@type":"WebPage","@id":"https:\/\/www.webdo.tn\/fr\/actualite\/international\/quand-lenvoye-de-trump-suggere-que-netanyahu-pourrait-diriger-les-etats-unis\/377293\/","url":"https:\/\/www.webdo.tn\/fr\/actualite\/international\/quand-lenvoye-de-trump-suggere-que-netanyahu-pourrait-diriger-les-etats-unis\/377293\/","name":"Quand l'envoy\u00e9 de Trump sugg\u00e8re que Netanyahu pourrait diriger les \u00c9tats-Unis - webdo","isPartOf":{"@id":"https:\/\/www.webdo.tn\/fr\/#website"},"primaryImageOfPage":{"@id":"https:\/\/www.webdo.tn\/fr\/actualite\/international\/quand-lenvoye-de-trump-suggere-que-netanyahu-pourrait-diriger-les-etats-unis\/377293\/#primaryimage"},"image":{"@id":"https:\/\/www.webdo.tn\/fr\/actualite\/international\/quand-lenvoye-de-trump-suggere-que-netanyahu-pourrait-diriger-les-etats-unis\/377293\/#primaryimage"},"thumbnailUrl":"https:\/\/www.webdo.tn\/fr\/wp-content\/uploads\/2025\/06\/Netanyahu-Trump-car1-.jpg","datePublished":"2025-06-12T13:33:11+00:00","dateModified":"2025-06-12T13:52:59+00:00","description":"Les propos de Witkoff sur Netanyahu et Trump soul\u00e8vent des questions sur l'influence d'Isra\u00ebl sur les \u00c9tats-Unis.","breadcrumb":{"@id":"https:\/\/www.webdo.tn\/fr\/actualite\/international\/quand-lenvoye-de-trump-suggere-que-netanyahu-pourrait-diriger-les-etats-unis\/377293\/#breadcrumb"},"inLanguage":"fr-FR","potentialAction":[{"@type":"ReadAction","target":["https:\/\/www.webdo.tn\/fr\/actualite\/international\/quand-lenvoye-de-trump-suggere-que-netanyahu-pourrait-diriger-les-etats-unis\/377293\/"]}]},{"@type":"ImageObject","inLanguage":"fr-FR","@id":"https:\/\/www.webdo.tn\/fr\/actualite\/international\/quand-lenvoye-de-trump-suggere-que-netanyahu-pourrait-diriger-les-etats-unis\/377293\/#primaryimage","url":"https:\/\/www.webdo.tn\/fr\/wp-content\/uploads\/2025\/06\/Netanyahu-Trump-car1-.jpg","contentUrl":"https:\/\/www.webdo.tn\/fr\/wp-content\/uploads\/2025\/06\/Netanyahu-Trump-car1-.jpg","width":539,"height":358},{"@type":"BreadcrumbList","@id":"https:\/\/www.webdo.tn\/fr\/actualite\/international\/quand-lenvoye-de-trump-suggere-que-netanyahu-pourrait-diriger-les-etats-unis\/377293\/#breadcrumb","itemListElement":[{"@type":"ListItem","position":1,"name":"Accueil","item":"https:\/\/www.webdo.tn\/fr\/"},{"@type":"ListItem","position":2,"name":"Quand l&rsquo;envoy\u00e9 de Trump sugg\u00e8re que Netanyahu pourrait diriger les \u00c9tats-Unis"}]},{"@type":"WebSite","@id":"https:\/\/www.webdo.tn\/fr\/#website","url":"https:\/\/www.webdo.tn\/fr\/","name":"webdo","description":"Tunisie - News en Tunisie et \u00e0 l&#039;international sur Webdo.tn","publisher":{"@id":"https:\/\/www.webdo.tn\/fr\/#organization"},"potentialAction":[{"@type":"SearchAction","target":{"@type":"EntryPoint","urlTemplate":"https:\/\/www.webdo.tn\/fr\/?s={search_term_string}"},"query-input":{"@type":"PropertyValueSpecification","valueRequired":true,"valueName":"search_term_string"}}],"inLanguage":"fr-FR"},{"@type":"Organization","@id":"https:\/\/www.webdo.tn\/fr\/#organization","name":"Webdo","alternateName":"Webdo.tn","url":"https:\/\/www.webdo.tn\/fr\/","logo":{"@type":"ImageObject","inLanguage":"fr-FR","@id":"https:\/\/www.webdo.tn\/fr\/#\/schema\/logo\/image\/","url":"https:\/\/www.webdo.tn\/fr\/wp-content\/uploads\/2025\/06\/Webdo-Tunisie_168377.jpg","contentUrl":"https:\/\/www.webdo.tn\/fr\/wp-content\/uploads\/2025\/06\/Webdo-Tunisie_168377.jpg","width":301,"height":301,"caption":"Webdo"},"image":{"@id":"https:\/\/www.webdo.tn\/fr\/#\/schema\/logo\/image\/"},"sameAs":["https:\/\/www.facebook.com\/webdotn","https:\/\/x.com\/webdo_tn"],"description":"Webdo est un m\u00e9dia num\u00e9rique tunisien fond\u00e9 en 2010, sp\u00e9cialis\u00e9 dans l\u2019actualit\u00e9 nationale et internationale, l\u2019\u00e9conomie, la soci\u00e9t\u00e9 et les analyses politiques. Le site s\u2019adresse \u00e0 un large public francophone et couvre l\u2019information tunisienne en temps r\u00e9el.","email":"redac@webdo.tn","legalName":"YNJ SARL","foundingDate":"2010-09-06","numberOfEmployees":{"@type":"QuantitativeValue","minValue":"11","maxValue":"50"}},{"@type":"Person","@id":"https:\/\/www.webdo.tn\/fr\/#\/schema\/person\/5663044c25eb36d8f88ba5b653f12f8c","name":"Ramzi Haddad","image":{"@type":"ImageObject","inLanguage":"fr-FR","@id":"https:\/\/www.webdo.tn\/fr\/wp-content\/uploads\/2026\/04\/ramzi-haddad_avatar-96x96.jpg","url":"https:\/\/www.webdo.tn\/fr\/wp-content\/uploads\/2026\/04\/ramzi-haddad_avatar-96x96.jpg","contentUrl":"https:\/\/www.webdo.tn\/fr\/wp-content\/uploads\/2026\/04\/ramzi-haddad_avatar-96x96.jpg","caption":"Ramzi Haddad"},"description":"Signature \u00e9ditoriale de Walid Ben Youssef Ramzi Haddad est le pseudonyme \u00e9ditorial de Walid Ben Youssef, fondateur et g\u00e9rant de Webdo.tn. Cette signature est d\u00e9di\u00e9e \u00e0 la couverture de l'actualit\u00e9 nationale et internationale, ainsi qu'aux analyses des dynamiques num\u00e9riques. Ce profil b\u00e9n\u00e9ficie de l'expertise de Walid Ben Youssef, pionnier du web en Tunisie depuis 2000 et dipl\u00f4m\u00e9 en Math\u00e9matiques pures de l'Universit\u00e9 d'Oregon. \u00c0 travers cette signature, la r\u00e9daction de Webdo garantit une information structur\u00e9e et v\u00e9rifi\u00e9e, fid\u00e8le aux standards journalistiques du m\u00e9dia.","url":"https:\/\/www.webdo.tn\/fr\/actualite\/author\/ramzi-haddad\/"}]}},"_links":{"self":[{"href":"https:\/\/www.webdo.tn\/fr\/wp-json\/wp\/v2\/posts\/377293","targetHints":{"allow":["GET"]}}],"collection":[{"href":"https:\/\/www.webdo.tn\/fr\/wp-json\/wp\/v2\/posts"}],"about":[{"href":"https:\/\/www.webdo.tn\/fr\/wp-json\/wp\/v2\/types\/post"}],"author":[{"embeddable":true,"href":"https:\/\/www.webdo.tn\/fr\/wp-json\/wp\/v2\/users\/3203"}],"replies":[{"embeddable":true,"href":"https:\/\/www.webdo.tn\/fr\/wp-json\/wp\/v2\/comments?post=377293"}],"version-history":[{"count":0,"href":"https:\/\/www.webdo.tn\/fr\/wp-json\/wp\/v2\/posts\/377293\/revisions"}],"wp:featuredmedia":[{"embeddable":true,"href":"https:\/\/www.webdo.tn\/fr\/wp-json\/wp\/v2\/media\/377306"}],"wp:attachment":[{"href":"https:\/\/www.webdo.tn\/fr\/wp-json\/wp\/v2\/media?parent=377293"}],"wp:term":[{"taxonomy":"category","embeddable":true,"href":"https:\/\/www.webdo.tn\/fr\/wp-json\/wp\/v2\/categories?post=377293"},{"taxonomy":"post_tag","embeddable":true,"href":"https:\/\/www.webdo.tn\/fr\/wp-json\/wp\/v2\/tags?post=377293"}],"curies":[{"name":"wp","href":"https:\/\/api.w.org\/{rel}","templated":true}]}}