{"id":377253,"date":"2025-06-12T09:42:10","date_gmt":"2025-06-12T08:42:10","guid":{"rendered":"https:\/\/www.webdo.tn\/fr\/?p=377253"},"modified":"2025-06-13T08:33:31","modified_gmt":"2025-06-13T07:33:31","slug":"caravane-soumoud-quand-les-peuples-avancent-les-etats-hesitent","status":"publish","type":"post","link":"https:\/\/www.webdo.tn\/fr\/actualite\/international\/caravane-soumoud-quand-les-peuples-avancent-les-etats-hesitent\/377253\/","title":{"rendered":"Caravane Soumoud : Quand les peuples avancent, les \u00c9tats h\u00e9sitent"},"content":{"rendered":"\n<p><strong>La caravane de r\u00e9sistance, forte de quelque 1500 militants venus de Tunisie et d&rsquo;Alg\u00e9rie, a entam\u00e9 jeudi sa progression vers les villes de l&rsquo;est libyen, dans l&rsquo;espoir ultime d&rsquo;atteindre Gaza. Cette mobilisation populaire illustre la persistance du soutien arabe \u00e0 la cause palestinienne, alors que le conflit entre dans sa deuxi\u00e8me ann\u00e9e.<\/strong><\/p>\n\n\n\n<p>Compos\u00e9 d&rsquo;une vingtaine d&rsquo;autobus et de 350 v\u00e9hicules, le convoi a \u00e9t\u00e9 chaleureusement accueilli mercredi soir \u00e0 Zliten, \u00e0 l&rsquo;ouest de la Libye, avant de se diriger vers Misrata. Les autorit\u00e9s locales libyennes ont appel\u00e9 la population \u00e0 manifester son soutien \u00e0 cette initiative citoyenne. Cependant, l&rsquo;avenir du convoi demeure incertain face aux obstacles diplomatiques qui se dressent devant lui.<\/p>\n\n\n\n<p>L&rsquo;Egypte a en effet maintenu ses conditions strictes d&rsquo;acc\u00e8s \u00e0 la zone frontali\u00e8re avec Gaza, exigeant des demandes officielles transmises par ses ambassades. Le Caire justifie ces mesures par \u00ab\u00a0la d\u00e9licatesse de la situation s\u00e9curitaire\u00a0\u00bb dans cette r\u00e9gion sensible depuis l&rsquo;escalade du conflit. Les organisateurs du convoi affirment avoir tent\u00e9, en vain, d&rsquo;\u00e9tablir le dialogue avec les autorit\u00e9s \u00e9gyptiennes depuis plusieurs semaines.<\/p>\n\n\n\n<p>L&rsquo;initiative se heurte \u00e9galement \u00e0 l&rsquo;hostilit\u00e9 isra\u00e9lienne. Le ministre de la D\u00e9fense Isra\u00ebl Katz a explicitement interdit l&rsquo;entr\u00e9e de ces \u00ab\u00a0manifestants djihadistes\u00a0\u00bb &#8211; selon ses termes &#8211; dans l&rsquo;enclave palestinienne, sommant l&rsquo;Egypte d&#8217;emp\u00eacher leur progression.<\/p>\n\n\n\n<p>Cette caravane s&rsquo;inscrit dans un mouvement de solidarit\u00e9 internationale plus large. A La Haye, des manifestants se sont rassembl\u00e9s devant la Cour internationale de Justice pour d\u00e9noncer le sort des prisonniers palestiniens. Ces mobilisations t\u00e9moignent de la persistance d&rsquo;un \u00e9lan de soutien populaire, malgr\u00e9 l&rsquo;enlisement diplomatique du dossier palestinien.<\/p>\n\n\n\n<p>Reste \u00e0 savoir si ce convoi citoyen parviendra \u00e0 franchir les multiples barri\u00e8res politiques et s\u00e9curitaires qui jalonnent encore sa route vers Gaza, toujours sous blocus apr\u00e8s plus d&rsquo;un an et demi de guerre.<\/p>\n","protected":false},"excerpt":{"rendered":"<p>La caravane de r\u00e9sistance, forte de quelque 1500 militants venus de Tunisie et d&rsquo;Alg\u00e9rie, a entam\u00e9 jeudi sa progression vers les villes de l&rsquo;est libyen, dans l&rsquo;espoir ultime d&rsquo;atteindre Gaza. Cette mobilisation populaire illustre la persistance du soutien arabe \u00e0 la cause palestinienne, alors que le conflit entre dans sa deuxi\u00e8me ann\u00e9e. Compos\u00e9 d&rsquo;une vingtaine [&hellip;]<\/p>\n","protected":false},"author":3203,"featured_media":377255,"comment_status":"open","ping_status":"open","sticky":false,"template":"","format":"standard","meta":{"footnotes":""},"categories":[2598],"tags":[2689,2688,11913,2608],"class_list":["post-377253","post","type-post","status-publish","format-standard","has-post-thumbnail","hentry","category-international","tag-gaza","tag-palestine","tag-soumoud","tag-tunisie"],"yoast_head":"<!-- This site is optimized with the Yoast SEO Premium plugin v27.5 (Yoast SEO v27.5) - https:\/\/yoast.com\/product\/yoast-seo-premium-wordpress\/ -->\n<title>Caravane Soumoud : Quand les peuples avancent, les \u00c9tats h\u00e9sitent - webdo<\/title>\n<meta name=\"description\" content=\"La Caravane Soumoud progresse vers Gaza avec 1500 militants, illustrant la solidarit\u00e9 arabe face aux d\u00e9fis pos\u00e9s par les \u00c9tats.\" \/>\n<link rel=\"canonical\" href=\"https:\/\/www.webdo.tn\/fr\/actualite\/international\/caravane-soumoud-quand-les-peuples-avancent-les-etats-hesitent\/377253\/\" \/>\n<meta property=\"og:locale\" content=\"fr_FR\" \/>\n<meta property=\"og:type\" content=\"article\" \/>\n<meta property=\"og:title\" content=\"Caravane Soumoud : Quand les peuples avancent, les \u00c9tats h\u00e9sitent\" \/>\n<meta property=\"og:description\" content=\"La Caravane Soumoud progresse vers Gaza avec 1500 militants, illustrant la solidarit\u00e9 arabe face aux d\u00e9fis pos\u00e9s par les \u00c9tats.\" \/>\n<meta property=\"og:url\" content=\"https:\/\/www.webdo.tn\/fr\/actualite\/international\/caravane-soumoud-quand-les-peuples-avancent-les-etats-hesitent\/377253\/\" \/>\n<meta property=\"og:site_name\" content=\"webdo\" \/>\n<meta property=\"article:publisher\" content=\"https:\/\/www.facebook.com\/webdotn\" \/>\n<meta property=\"article:published_time\" content=\"2025-06-12T08:42:10+00:00\" \/>\n<meta property=\"article:modified_time\" content=\"2025-06-13T07:33:31+00:00\" \/>\n<meta property=\"og:image\" content=\"https:\/\/www.webdo.tn\/fr\/wp-content\/uploads\/2025\/06\/sumud.jpg\" \/>\n\t<meta property=\"og:image:width\" content=\"2048\" \/>\n\t<meta property=\"og:image:height\" content=\"1366\" \/>\n\t<meta property=\"og:image:type\" content=\"image\/jpeg\" \/>\n<meta name=\"author\" content=\"Ramzi Haddad\" \/>\n<meta name=\"twitter:card\" content=\"summary_large_image\" \/>\n<meta name=\"twitter:creator\" content=\"@webdo_tn\" \/>\n<meta name=\"twitter:site\" content=\"@webdo_tn\" \/>\n<meta name=\"twitter:label1\" content=\"\u00c9crit par\" \/>\n\t<meta name=\"twitter:data1\" content=\"Ramzi Haddad\" \/>\n\t<meta name=\"twitter:label2\" content=\"Dur\u00e9e de lecture estim\u00e9e\" \/>\n\t<meta name=\"twitter:data2\" content=\"2 minutes\" \/>\n<script type=\"application\/ld+json\" class=\"yoast-schema-graph\">{\"@context\":\"https:\\\/\\\/schema.org\",\"@graph\":[{\"@type\":\"NewsArticle\",\"@id\":\"https:\\\/\\\/www.webdo.tn\\\/fr\\\/actualite\\\/international\\\/caravane-soumoud-quand-les-peuples-avancent-les-etats-hesitent\\\/377253\\\/#article\",\"isPartOf\":{\"@id\":\"https:\\\/\\\/www.webdo.tn\\\/fr\\\/actualite\\\/international\\\/caravane-soumoud-quand-les-peuples-avancent-les-etats-hesitent\\\/377253\\\/\"},\"author\":{\"name\":\"Ramzi Haddad\",\"@id\":\"https:\\\/\\\/www.webdo.tn\\\/fr\\\/#\\\/schema\\\/person\\\/5663044c25eb36d8f88ba5b653f12f8c\"},\"headline\":\"Caravane Soumoud : Quand les peuples avancent, les \u00c9tats h\u00e9sitent\",\"datePublished\":\"2025-06-12T08:42:10+00:00\",\"dateModified\":\"2025-06-13T07:33:31+00:00\",\"mainEntityOfPage\":{\"@id\":\"https:\\\/\\\/www.webdo.tn\\\/fr\\\/actualite\\\/international\\\/caravane-soumoud-quand-les-peuples-avancent-les-etats-hesitent\\\/377253\\\/\"},\"wordCount\":336,\"commentCount\":0,\"publisher\":{\"@id\":\"https:\\\/\\\/www.webdo.tn\\\/fr\\\/#organization\"},\"image\":{\"@id\":\"https:\\\/\\\/www.webdo.tn\\\/fr\\\/actualite\\\/international\\\/caravane-soumoud-quand-les-peuples-avancent-les-etats-hesitent\\\/377253\\\/#primaryimage\"},\"thumbnailUrl\":\"https:\\\/\\\/www.webdo.tn\\\/fr\\\/wp-content\\\/uploads\\\/2025\\\/06\\\/sumud.jpg\",\"keywords\":[\"Gaza\",\"Palestine\",\"soumoud\",\"Tunisie\"],\"articleSection\":[\"International\"],\"inLanguage\":\"fr-FR\"},{\"@type\":\"WebPage\",\"@id\":\"https:\\\/\\\/www.webdo.tn\\\/fr\\\/actualite\\\/international\\\/caravane-soumoud-quand-les-peuples-avancent-les-etats-hesitent\\\/377253\\\/\",\"url\":\"https:\\\/\\\/www.webdo.tn\\\/fr\\\/actualite\\\/international\\\/caravane-soumoud-quand-les-peuples-avancent-les-etats-hesitent\\\/377253\\\/\",\"name\":\"Caravane Soumoud : Quand les peuples avancent, les \u00c9tats h\u00e9sitent - webdo\",\"isPartOf\":{\"@id\":\"https:\\\/\\\/www.webdo.tn\\\/fr\\\/#website\"},\"primaryImageOfPage\":{\"@id\":\"https:\\\/\\\/www.webdo.tn\\\/fr\\\/actualite\\\/international\\\/caravane-soumoud-quand-les-peuples-avancent-les-etats-hesitent\\\/377253\\\/#primaryimage\"},\"image\":{\"@id\":\"https:\\\/\\\/www.webdo.tn\\\/fr\\\/actualite\\\/international\\\/caravane-soumoud-quand-les-peuples-avancent-les-etats-hesitent\\\/377253\\\/#primaryimage\"},\"thumbnailUrl\":\"https:\\\/\\\/www.webdo.tn\\\/fr\\\/wp-content\\\/uploads\\\/2025\\\/06\\\/sumud.jpg\",\"datePublished\":\"2025-06-12T08:42:10+00:00\",\"dateModified\":\"2025-06-13T07:33:31+00:00\",\"description\":\"La Caravane Soumoud progresse vers Gaza avec 1500 militants, illustrant la solidarit\u00e9 arabe face aux d\u00e9fis pos\u00e9s par les \u00c9tats.\",\"breadcrumb\":{\"@id\":\"https:\\\/\\\/www.webdo.tn\\\/fr\\\/actualite\\\/international\\\/caravane-soumoud-quand-les-peuples-avancent-les-etats-hesitent\\\/377253\\\/#breadcrumb\"},\"inLanguage\":\"fr-FR\",\"potentialAction\":[{\"@type\":\"ReadAction\",\"target\":[\"https:\\\/\\\/www.webdo.tn\\\/fr\\\/actualite\\\/international\\\/caravane-soumoud-quand-les-peuples-avancent-les-etats-hesitent\\\/377253\\\/\"]}]},{\"@type\":\"ImageObject\",\"inLanguage\":\"fr-FR\",\"@id\":\"https:\\\/\\\/www.webdo.tn\\\/fr\\\/actualite\\\/international\\\/caravane-soumoud-quand-les-peuples-avancent-les-etats-hesitent\\\/377253\\\/#primaryimage\",\"url\":\"https:\\\/\\\/www.webdo.tn\\\/fr\\\/wp-content\\\/uploads\\\/2025\\\/06\\\/sumud.jpg\",\"contentUrl\":\"https:\\\/\\\/www.webdo.tn\\\/fr\\\/wp-content\\\/uploads\\\/2025\\\/06\\\/sumud.jpg\",\"width\":2048,\"height\":1366},{\"@type\":\"BreadcrumbList\",\"@id\":\"https:\\\/\\\/www.webdo.tn\\\/fr\\\/actualite\\\/international\\\/caravane-soumoud-quand-les-peuples-avancent-les-etats-hesitent\\\/377253\\\/#breadcrumb\",\"itemListElement\":[{\"@type\":\"ListItem\",\"position\":1,\"name\":\"Accueil\",\"item\":\"https:\\\/\\\/www.webdo.tn\\\/fr\\\/\"},{\"@type\":\"ListItem\",\"position\":2,\"name\":\"Caravane Soumoud : Quand les peuples avancent, les \u00c9tats h\u00e9sitent\"}]},{\"@type\":\"WebSite\",\"@id\":\"https:\\\/\\\/www.webdo.tn\\\/fr\\\/#website\",\"url\":\"https:\\\/\\\/www.webdo.tn\\\/fr\\\/\",\"name\":\"webdo\",\"description\":\"Tunisie - News en Tunisie et \u00e0 l&#039;international sur Webdo.tn\",\"publisher\":{\"@id\":\"https:\\\/\\\/www.webdo.tn\\\/fr\\\/#organization\"},\"potentialAction\":[{\"@type\":\"SearchAction\",\"target\":{\"@type\":\"EntryPoint\",\"urlTemplate\":\"https:\\\/\\\/www.webdo.tn\\\/fr\\\/?s={search_term_string}\"},\"query-input\":{\"@type\":\"PropertyValueSpecification\",\"valueRequired\":true,\"valueName\":\"search_term_string\"}}],\"inLanguage\":\"fr-FR\"},{\"@type\":\"Organization\",\"@id\":\"https:\\\/\\\/www.webdo.tn\\\/fr\\\/#organization\",\"name\":\"Webdo\",\"alternateName\":\"Webdo.tn\",\"url\":\"https:\\\/\\\/www.webdo.tn\\\/fr\\\/\",\"logo\":{\"@type\":\"ImageObject\",\"inLanguage\":\"fr-FR\",\"@id\":\"https:\\\/\\\/www.webdo.tn\\\/fr\\\/#\\\/schema\\\/logo\\\/image\\\/\",\"url\":\"https:\\\/\\\/www.webdo.tn\\\/fr\\\/wp-content\\\/uploads\\\/2025\\\/06\\\/Webdo-Tunisie_168377.jpg\",\"contentUrl\":\"https:\\\/\\\/www.webdo.tn\\\/fr\\\/wp-content\\\/uploads\\\/2025\\\/06\\\/Webdo-Tunisie_168377.jpg\",\"width\":301,\"height\":301,\"caption\":\"Webdo\"},\"image\":{\"@id\":\"https:\\\/\\\/www.webdo.tn\\\/fr\\\/#\\\/schema\\\/logo\\\/image\\\/\"},\"sameAs\":[\"https:\\\/\\\/www.facebook.com\\\/webdotn\",\"https:\\\/\\\/x.com\\\/webdo_tn\"],\"description\":\"Webdo est un m\u00e9dia num\u00e9rique tunisien fond\u00e9 en 2010, sp\u00e9cialis\u00e9 dans l\u2019actualit\u00e9 nationale et internationale, l\u2019\u00e9conomie, la soci\u00e9t\u00e9 et les analyses politiques. Le site s\u2019adresse \u00e0 un large public francophone et couvre l\u2019information tunisienne en temps r\u00e9el.\",\"email\":\"redac@webdo.tn\",\"legalName\":\"YNJ SARL\",\"foundingDate\":\"2010-09-06\",\"numberOfEmployees\":{\"@type\":\"QuantitativeValue\",\"minValue\":\"11\",\"maxValue\":\"50\"}},{\"@type\":\"Person\",\"@id\":\"https:\\\/\\\/www.webdo.tn\\\/fr\\\/#\\\/schema\\\/person\\\/5663044c25eb36d8f88ba5b653f12f8c\",\"name\":\"Ramzi Haddad\",\"image\":{\"@type\":\"ImageObject\",\"inLanguage\":\"fr-FR\",\"@id\":\"https:\\\/\\\/www.webdo.tn\\\/fr\\\/wp-content\\\/uploads\\\/2026\\\/04\\\/ramzi-haddad_avatar-96x96.jpg\",\"url\":\"https:\\\/\\\/www.webdo.tn\\\/fr\\\/wp-content\\\/uploads\\\/2026\\\/04\\\/ramzi-haddad_avatar-96x96.jpg\",\"contentUrl\":\"https:\\\/\\\/www.webdo.tn\\\/fr\\\/wp-content\\\/uploads\\\/2026\\\/04\\\/ramzi-haddad_avatar-96x96.jpg\",\"caption\":\"Ramzi Haddad\"},\"description\":\"Signature \u00e9ditoriale de Walid Ben Youssef Ramzi Haddad est le pseudonyme \u00e9ditorial de Walid Ben Youssef, fondateur et g\u00e9rant de Webdo.tn. Cette signature est d\u00e9di\u00e9e \u00e0 la couverture de l'actualit\u00e9 nationale et internationale, ainsi qu'aux analyses des dynamiques num\u00e9riques. Ce profil b\u00e9n\u00e9ficie de l'expertise de Walid Ben Youssef, pionnier du web en Tunisie depuis 2000 et dipl\u00f4m\u00e9 en Math\u00e9matiques pures de l'Universit\u00e9 d'Oregon. \u00c0 travers cette signature, la r\u00e9daction de Webdo garantit une information structur\u00e9e et v\u00e9rifi\u00e9e, fid\u00e8le aux standards journalistiques du m\u00e9dia.\",\"url\":\"https:\\\/\\\/www.webdo.tn\\\/fr\\\/actualite\\\/author\\\/ramzi-haddad\\\/\"}]}<\/script>\n<!-- \/ Yoast SEO Premium plugin. -->","yoast_head_json":{"title":"Caravane Soumoud : Quand les peuples avancent, les \u00c9tats h\u00e9sitent - webdo","description":"La Caravane Soumoud progresse vers Gaza avec 1500 militants, illustrant la solidarit\u00e9 arabe face aux d\u00e9fis pos\u00e9s par les \u00c9tats.","canonical":"https:\/\/www.webdo.tn\/fr\/actualite\/international\/caravane-soumoud-quand-les-peuples-avancent-les-etats-hesitent\/377253\/","og_locale":"fr_FR","og_type":"article","og_title":"Caravane Soumoud : Quand les peuples avancent, les \u00c9tats h\u00e9sitent","og_description":"La Caravane Soumoud progresse vers Gaza avec 1500 militants, illustrant la solidarit\u00e9 arabe face aux d\u00e9fis pos\u00e9s par les \u00c9tats.","og_url":"https:\/\/www.webdo.tn\/fr\/actualite\/international\/caravane-soumoud-quand-les-peuples-avancent-les-etats-hesitent\/377253\/","og_site_name":"webdo","article_publisher":"https:\/\/www.facebook.com\/webdotn","article_published_time":"2025-06-12T08:42:10+00:00","article_modified_time":"2025-06-13T07:33:31+00:00","og_image":[{"width":2048,"height":1366,"url":"https:\/\/www.webdo.tn\/fr\/wp-content\/uploads\/2025\/06\/sumud.jpg","type":"image\/jpeg"}],"author":"Ramzi Haddad","twitter_card":"summary_large_image","twitter_creator":"@webdo_tn","twitter_site":"@webdo_tn","twitter_misc":{"\u00c9crit par":"Ramzi Haddad","Dur\u00e9e de lecture estim\u00e9e":"2 minutes"},"schema":{"@context":"https:\/\/schema.org","@graph":[{"@type":"NewsArticle","@id":"https:\/\/www.webdo.tn\/fr\/actualite\/international\/caravane-soumoud-quand-les-peuples-avancent-les-etats-hesitent\/377253\/#article","isPartOf":{"@id":"https:\/\/www.webdo.tn\/fr\/actualite\/international\/caravane-soumoud-quand-les-peuples-avancent-les-etats-hesitent\/377253\/"},"author":{"name":"Ramzi Haddad","@id":"https:\/\/www.webdo.tn\/fr\/#\/schema\/person\/5663044c25eb36d8f88ba5b653f12f8c"},"headline":"Caravane Soumoud : Quand les peuples avancent, les \u00c9tats h\u00e9sitent","datePublished":"2025-06-12T08:42:10+00:00","dateModified":"2025-06-13T07:33:31+00:00","mainEntityOfPage":{"@id":"https:\/\/www.webdo.tn\/fr\/actualite\/international\/caravane-soumoud-quand-les-peuples-avancent-les-etats-hesitent\/377253\/"},"wordCount":336,"commentCount":0,"publisher":{"@id":"https:\/\/www.webdo.tn\/fr\/#organization"},"image":{"@id":"https:\/\/www.webdo.tn\/fr\/actualite\/international\/caravane-soumoud-quand-les-peuples-avancent-les-etats-hesitent\/377253\/#primaryimage"},"thumbnailUrl":"https:\/\/www.webdo.tn\/fr\/wp-content\/uploads\/2025\/06\/sumud.jpg","keywords":["Gaza","Palestine","soumoud","Tunisie"],"articleSection":["International"],"inLanguage":"fr-FR"},{"@type":"WebPage","@id":"https:\/\/www.webdo.tn\/fr\/actualite\/international\/caravane-soumoud-quand-les-peuples-avancent-les-etats-hesitent\/377253\/","url":"https:\/\/www.webdo.tn\/fr\/actualite\/international\/caravane-soumoud-quand-les-peuples-avancent-les-etats-hesitent\/377253\/","name":"Caravane Soumoud : Quand les peuples avancent, les \u00c9tats h\u00e9sitent - webdo","isPartOf":{"@id":"https:\/\/www.webdo.tn\/fr\/#website"},"primaryImageOfPage":{"@id":"https:\/\/www.webdo.tn\/fr\/actualite\/international\/caravane-soumoud-quand-les-peuples-avancent-les-etats-hesitent\/377253\/#primaryimage"},"image":{"@id":"https:\/\/www.webdo.tn\/fr\/actualite\/international\/caravane-soumoud-quand-les-peuples-avancent-les-etats-hesitent\/377253\/#primaryimage"},"thumbnailUrl":"https:\/\/www.webdo.tn\/fr\/wp-content\/uploads\/2025\/06\/sumud.jpg","datePublished":"2025-06-12T08:42:10+00:00","dateModified":"2025-06-13T07:33:31+00:00","description":"La Caravane Soumoud progresse vers Gaza avec 1500 militants, illustrant la solidarit\u00e9 arabe face aux d\u00e9fis pos\u00e9s par les \u00c9tats.","breadcrumb":{"@id":"https:\/\/www.webdo.tn\/fr\/actualite\/international\/caravane-soumoud-quand-les-peuples-avancent-les-etats-hesitent\/377253\/#breadcrumb"},"inLanguage":"fr-FR","potentialAction":[{"@type":"ReadAction","target":["https:\/\/www.webdo.tn\/fr\/actualite\/international\/caravane-soumoud-quand-les-peuples-avancent-les-etats-hesitent\/377253\/"]}]},{"@type":"ImageObject","inLanguage":"fr-FR","@id":"https:\/\/www.webdo.tn\/fr\/actualite\/international\/caravane-soumoud-quand-les-peuples-avancent-les-etats-hesitent\/377253\/#primaryimage","url":"https:\/\/www.webdo.tn\/fr\/wp-content\/uploads\/2025\/06\/sumud.jpg","contentUrl":"https:\/\/www.webdo.tn\/fr\/wp-content\/uploads\/2025\/06\/sumud.jpg","width":2048,"height":1366},{"@type":"BreadcrumbList","@id":"https:\/\/www.webdo.tn\/fr\/actualite\/international\/caravane-soumoud-quand-les-peuples-avancent-les-etats-hesitent\/377253\/#breadcrumb","itemListElement":[{"@type":"ListItem","position":1,"name":"Accueil","item":"https:\/\/www.webdo.tn\/fr\/"},{"@type":"ListItem","position":2,"name":"Caravane Soumoud : Quand les peuples avancent, les \u00c9tats h\u00e9sitent"}]},{"@type":"WebSite","@id":"https:\/\/www.webdo.tn\/fr\/#website","url":"https:\/\/www.webdo.tn\/fr\/","name":"webdo","description":"Tunisie - News en Tunisie et \u00e0 l&#039;international sur Webdo.tn","publisher":{"@id":"https:\/\/www.webdo.tn\/fr\/#organization"},"potentialAction":[{"@type":"SearchAction","target":{"@type":"EntryPoint","urlTemplate":"https:\/\/www.webdo.tn\/fr\/?s={search_term_string}"},"query-input":{"@type":"PropertyValueSpecification","valueRequired":true,"valueName":"search_term_string"}}],"inLanguage":"fr-FR"},{"@type":"Organization","@id":"https:\/\/www.webdo.tn\/fr\/#organization","name":"Webdo","alternateName":"Webdo.tn","url":"https:\/\/www.webdo.tn\/fr\/","logo":{"@type":"ImageObject","inLanguage":"fr-FR","@id":"https:\/\/www.webdo.tn\/fr\/#\/schema\/logo\/image\/","url":"https:\/\/www.webdo.tn\/fr\/wp-content\/uploads\/2025\/06\/Webdo-Tunisie_168377.jpg","contentUrl":"https:\/\/www.webdo.tn\/fr\/wp-content\/uploads\/2025\/06\/Webdo-Tunisie_168377.jpg","width":301,"height":301,"caption":"Webdo"},"image":{"@id":"https:\/\/www.webdo.tn\/fr\/#\/schema\/logo\/image\/"},"sameAs":["https:\/\/www.facebook.com\/webdotn","https:\/\/x.com\/webdo_tn"],"description":"Webdo est un m\u00e9dia num\u00e9rique tunisien fond\u00e9 en 2010, sp\u00e9cialis\u00e9 dans l\u2019actualit\u00e9 nationale et internationale, l\u2019\u00e9conomie, la soci\u00e9t\u00e9 et les analyses politiques. Le site s\u2019adresse \u00e0 un large public francophone et couvre l\u2019information tunisienne en temps r\u00e9el.","email":"redac@webdo.tn","legalName":"YNJ SARL","foundingDate":"2010-09-06","numberOfEmployees":{"@type":"QuantitativeValue","minValue":"11","maxValue":"50"}},{"@type":"Person","@id":"https:\/\/www.webdo.tn\/fr\/#\/schema\/person\/5663044c25eb36d8f88ba5b653f12f8c","name":"Ramzi Haddad","image":{"@type":"ImageObject","inLanguage":"fr-FR","@id":"https:\/\/www.webdo.tn\/fr\/wp-content\/uploads\/2026\/04\/ramzi-haddad_avatar-96x96.jpg","url":"https:\/\/www.webdo.tn\/fr\/wp-content\/uploads\/2026\/04\/ramzi-haddad_avatar-96x96.jpg","contentUrl":"https:\/\/www.webdo.tn\/fr\/wp-content\/uploads\/2026\/04\/ramzi-haddad_avatar-96x96.jpg","caption":"Ramzi Haddad"},"description":"Signature \u00e9ditoriale de Walid Ben Youssef Ramzi Haddad est le pseudonyme \u00e9ditorial de Walid Ben Youssef, fondateur et g\u00e9rant de Webdo.tn. Cette signature est d\u00e9di\u00e9e \u00e0 la couverture de l'actualit\u00e9 nationale et internationale, ainsi qu'aux analyses des dynamiques num\u00e9riques. Ce profil b\u00e9n\u00e9ficie de l'expertise de Walid Ben Youssef, pionnier du web en Tunisie depuis 2000 et dipl\u00f4m\u00e9 en Math\u00e9matiques pures de l'Universit\u00e9 d'Oregon. \u00c0 travers cette signature, la r\u00e9daction de Webdo garantit une information structur\u00e9e et v\u00e9rifi\u00e9e, fid\u00e8le aux standards journalistiques du m\u00e9dia.","url":"https:\/\/www.webdo.tn\/fr\/actualite\/author\/ramzi-haddad\/"}]}},"_links":{"self":[{"href":"https:\/\/www.webdo.tn\/fr\/wp-json\/wp\/v2\/posts\/377253","targetHints":{"allow":["GET"]}}],"collection":[{"href":"https:\/\/www.webdo.tn\/fr\/wp-json\/wp\/v2\/posts"}],"about":[{"href":"https:\/\/www.webdo.tn\/fr\/wp-json\/wp\/v2\/types\/post"}],"author":[{"embeddable":true,"href":"https:\/\/www.webdo.tn\/fr\/wp-json\/wp\/v2\/users\/3203"}],"replies":[{"embeddable":true,"href":"https:\/\/www.webdo.tn\/fr\/wp-json\/wp\/v2\/comments?post=377253"}],"version-history":[{"count":0,"href":"https:\/\/www.webdo.tn\/fr\/wp-json\/wp\/v2\/posts\/377253\/revisions"}],"wp:featuredmedia":[{"embeddable":true,"href":"https:\/\/www.webdo.tn\/fr\/wp-json\/wp\/v2\/media\/377255"}],"wp:attachment":[{"href":"https:\/\/www.webdo.tn\/fr\/wp-json\/wp\/v2\/media?parent=377253"}],"wp:term":[{"taxonomy":"category","embeddable":true,"href":"https:\/\/www.webdo.tn\/fr\/wp-json\/wp\/v2\/categories?post=377253"},{"taxonomy":"post_tag","embeddable":true,"href":"https:\/\/www.webdo.tn\/fr\/wp-json\/wp\/v2\/tags?post=377253"}],"curies":[{"name":"wp","href":"https:\/\/api.w.org\/{rel}","templated":true}]}}