{"id":377237,"date":"2025-06-11T19:24:18","date_gmt":"2025-06-11T18:24:18","guid":{"rendered":"https:\/\/www.webdo.tn\/fr\/?p=377237"},"modified":"2025-06-12T09:39:43","modified_gmt":"2025-06-12T08:39:43","slug":"tunisie-les-jeunes-medecins-entament-demain-une-greve-de-5-jours","status":"publish","type":"post","link":"https:\/\/www.webdo.tn\/fr\/actualite\/national\/tunisie-les-jeunes-medecins-entament-demain-une-greve-de-5-jours\/377237\/","title":{"rendered":"Tunisie : Les jeunes m\u00e9decins entament, demain, une gr\u00e8ve de 5 jours"},"content":{"rendered":"\n<p><\/p>\n\n\n\n<p><strong>Les jeunes m\u00e9decins entameront, \u00e0 partir du jeudi 12 juin, une gr\u00e8ve pr\u00e9sentielle de cinq jours, accompagn\u00e9e d\u2019un boycott total du processus de choix des centres de stage, afin de revendiquer une am\u00e9lioration de leurs salaires et le versement de leurs indemnit\u00e9s de gardes non pay\u00e9es.<\/strong><\/p>\n\n\n\n<p>Dans un communiqu\u00e9 publi\u00e9 ce mercredi sur les modalit\u00e9s de la gr\u00e8ve, l\u2019Organisation des jeunes m\u00e9decins a pr\u00e9cis\u00e9 que la gr\u00e8ve se tiendra les 12, 13, 16, 17 et 18 juin. Elle concernera l\u2019ensemble des activit\u00e9s hospitalo-universitaires, y compris les cours acad\u00e9miques et les enseignements compl\u00e9mentaires inscrits dans le programme universitaire. Les gardes de nuit et les services d\u2019urgences sont toutefois exclus de la gr\u00e8ve afin d\u2019assurer un minimum de continuit\u00e9 des soins de premi\u00e8re ligne.<\/p>\n\n\n\n<p>L\u2019organisation a indiqu\u00e9 que la pr\u00e9sence \u00e0 la facult\u00e9 de m\u00e9decine de Tunis est obligatoire pour tous les m\u00e9decins r\u00e9sidents et internes pendant toute la dur\u00e9e de la gr\u00e8ve. Ils sont \u00e9galement tenus de participer aux sit-in et mouvements de protestation organis\u00e9s au sein de la facult\u00e9. Le boycott du choix des centres de stage sera total et sans exception, pr\u00e9cise-t-elle.<\/p>\n\n\n\n<p>Par ailleurs, un arr\u00eat\u00e9 conjoint des ministres de la D\u00e9fense nationale, des Finances et de la Sant\u00e9, publi\u00e9 r\u00e9cemment au Journal Officiel n\u00b069, fixe \u00e0 2000 dinars le montant de la prime sp\u00e9cifique accord\u00e9e aux m\u00e9decins r\u00e9sidents effectuant leur service national au sein du minist\u00e8re de la Sant\u00e9 et de ses structures affili\u00e9es. Cette somme sera vers\u00e9e mensuellement, le minist\u00e8re de la Sant\u00e9 prenant en charge la part de cette prime destin\u00e9e \u00e0 la couverture sociale.<\/p>\n\n\n\n<p><\/p>\n\n\n\n<p><\/p>\n\n\n\n<p><\/p>\n\n\n\n<p><\/p>\n\n\n\n<p><\/p>\n","protected":false},"excerpt":{"rendered":"<p>Les jeunes m\u00e9decins entameront, \u00e0 partir du jeudi 12 juin, une gr\u00e8ve pr\u00e9sentielle de cinq jours, accompagn\u00e9e d\u2019un boycott total du processus de choix des centres de stage, afin de revendiquer une am\u00e9lioration de leurs salaires et le versement de leurs indemnit\u00e9s de gardes non pay\u00e9es. Dans un communiqu\u00e9 publi\u00e9 ce mercredi sur les modalit\u00e9s [&hellip;]<\/p>\n","protected":false},"author":3184,"featured_media":377238,"comment_status":"open","ping_status":"open","sticky":false,"template":"","format":"standard","meta":{"footnotes":""},"categories":[44],"tags":[2647,2701,2608],"class_list":["post-377237","post","type-post","status-publish","format-standard","has-post-thumbnail","hentry","category-national","tag-greve","tag-medecins","tag-tunisie"],"yoast_head":"<!-- This site is optimized with the Yoast SEO Premium plugin v27.5 (Yoast SEO v27.5) - https:\/\/yoast.com\/product\/yoast-seo-premium-wordpress\/ -->\n<title>Tunisie : Les jeunes m\u00e9decins entament, demain, une gr\u00e8ve de 5 jours - webdo<\/title>\n<meta name=\"description\" content=\"D\u00e9couvrez les implications de la gr\u00e8ve des jeunes m\u00e9decins et son impact sur le syst\u00e8me de sant\u00e9 et la Banque Mondiale.\" \/>\n<link rel=\"canonical\" href=\"https:\/\/www.webdo.tn\/fr\/actualite\/national\/tunisie-les-jeunes-medecins-entament-demain-une-greve-de-5-jours\/377237\/\" \/>\n<meta property=\"og:locale\" content=\"fr_FR\" \/>\n<meta property=\"og:type\" content=\"article\" \/>\n<meta property=\"og:title\" content=\"Tunisie : Les jeunes m\u00e9decins entament, demain, une gr\u00e8ve de 5 jours\" \/>\n<meta property=\"og:description\" content=\"D\u00e9couvrez les implications de la gr\u00e8ve des jeunes m\u00e9decins et son impact sur le syst\u00e8me de sant\u00e9 et la Banque Mondiale.\" \/>\n<meta property=\"og:url\" content=\"https:\/\/www.webdo.tn\/fr\/actualite\/national\/tunisie-les-jeunes-medecins-entament-demain-une-greve-de-5-jours\/377237\/\" \/>\n<meta property=\"og:site_name\" content=\"webdo\" \/>\n<meta property=\"article:publisher\" content=\"https:\/\/www.facebook.com\/webdotn\" \/>\n<meta property=\"article:published_time\" content=\"2025-06-11T18:24:18+00:00\" \/>\n<meta property=\"article:modified_time\" content=\"2025-06-12T08:39:43+00:00\" \/>\n<meta property=\"og:image\" content=\"https:\/\/www.webdo.tn\/fr\/wp-content\/uploads\/2025\/06\/1749656387322-9f031929a0d1.jpg\" \/>\n\t<meta property=\"og:image:width\" content=\"1200\" \/>\n\t<meta property=\"og:image:height\" content=\"800\" \/>\n\t<meta property=\"og:image:type\" content=\"image\/jpeg\" \/>\n<meta name=\"author\" content=\"Wided Belhaj\" \/>\n<meta name=\"twitter:card\" content=\"summary_large_image\" \/>\n<meta name=\"twitter:creator\" content=\"@webdo_tn\" \/>\n<meta name=\"twitter:site\" content=\"@webdo_tn\" \/>\n<meta name=\"twitter:label1\" content=\"\u00c9crit par\" \/>\n\t<meta name=\"twitter:data1\" content=\"Wided Belhaj\" \/>\n\t<meta name=\"twitter:label2\" content=\"Dur\u00e9e de lecture estim\u00e9e\" \/>\n\t<meta name=\"twitter:data2\" content=\"2 minutes\" \/>\n<script type=\"application\/ld+json\" class=\"yoast-schema-graph\">{\"@context\":\"https:\\\/\\\/schema.org\",\"@graph\":[{\"@type\":\"NewsArticle\",\"@id\":\"https:\\\/\\\/www.webdo.tn\\\/fr\\\/actualite\\\/national\\\/tunisie-les-jeunes-medecins-entament-demain-une-greve-de-5-jours\\\/377237\\\/#article\",\"isPartOf\":{\"@id\":\"https:\\\/\\\/www.webdo.tn\\\/fr\\\/actualite\\\/national\\\/tunisie-les-jeunes-medecins-entament-demain-une-greve-de-5-jours\\\/377237\\\/\"},\"author\":{\"name\":\"Wided Belhaj\",\"@id\":\"https:\\\/\\\/www.webdo.tn\\\/fr\\\/#\\\/schema\\\/person\\\/b9ecde7a5574cb4fcf4b496ea5fadb15\"},\"headline\":\"Tunisie : Les jeunes m\u00e9decins entament, demain, une gr\u00e8ve de 5 jours\",\"datePublished\":\"2025-06-11T18:24:18+00:00\",\"dateModified\":\"2025-06-12T08:39:43+00:00\",\"mainEntityOfPage\":{\"@id\":\"https:\\\/\\\/www.webdo.tn\\\/fr\\\/actualite\\\/national\\\/tunisie-les-jeunes-medecins-entament-demain-une-greve-de-5-jours\\\/377237\\\/\"},\"wordCount\":303,\"commentCount\":0,\"publisher\":{\"@id\":\"https:\\\/\\\/www.webdo.tn\\\/fr\\\/#organization\"},\"image\":{\"@id\":\"https:\\\/\\\/www.webdo.tn\\\/fr\\\/actualite\\\/national\\\/tunisie-les-jeunes-medecins-entament-demain-une-greve-de-5-jours\\\/377237\\\/#primaryimage\"},\"thumbnailUrl\":\"https:\\\/\\\/www.webdo.tn\\\/fr\\\/wp-content\\\/uploads\\\/2025\\\/06\\\/1749656387322-9f031929a0d1.jpg\",\"keywords\":[\"Gr\u00e8ve\",\"m\u00e9decins\",\"Tunisie\"],\"articleSection\":[\"National\"],\"inLanguage\":\"fr-FR\"},{\"@type\":\"WebPage\",\"@id\":\"https:\\\/\\\/www.webdo.tn\\\/fr\\\/actualite\\\/national\\\/tunisie-les-jeunes-medecins-entament-demain-une-greve-de-5-jours\\\/377237\\\/\",\"url\":\"https:\\\/\\\/www.webdo.tn\\\/fr\\\/actualite\\\/national\\\/tunisie-les-jeunes-medecins-entament-demain-une-greve-de-5-jours\\\/377237\\\/\",\"name\":\"Tunisie : Les jeunes m\u00e9decins entament, demain, une gr\u00e8ve de 5 jours - webdo\",\"isPartOf\":{\"@id\":\"https:\\\/\\\/www.webdo.tn\\\/fr\\\/#website\"},\"primaryImageOfPage\":{\"@id\":\"https:\\\/\\\/www.webdo.tn\\\/fr\\\/actualite\\\/national\\\/tunisie-les-jeunes-medecins-entament-demain-une-greve-de-5-jours\\\/377237\\\/#primaryimage\"},\"image\":{\"@id\":\"https:\\\/\\\/www.webdo.tn\\\/fr\\\/actualite\\\/national\\\/tunisie-les-jeunes-medecins-entament-demain-une-greve-de-5-jours\\\/377237\\\/#primaryimage\"},\"thumbnailUrl\":\"https:\\\/\\\/www.webdo.tn\\\/fr\\\/wp-content\\\/uploads\\\/2025\\\/06\\\/1749656387322-9f031929a0d1.jpg\",\"datePublished\":\"2025-06-11T18:24:18+00:00\",\"dateModified\":\"2025-06-12T08:39:43+00:00\",\"description\":\"D\u00e9couvrez les implications de la gr\u00e8ve des jeunes m\u00e9decins et son impact sur le syst\u00e8me de sant\u00e9 et la Banque Mondiale.\",\"breadcrumb\":{\"@id\":\"https:\\\/\\\/www.webdo.tn\\\/fr\\\/actualite\\\/national\\\/tunisie-les-jeunes-medecins-entament-demain-une-greve-de-5-jours\\\/377237\\\/#breadcrumb\"},\"inLanguage\":\"fr-FR\",\"potentialAction\":[{\"@type\":\"ReadAction\",\"target\":[\"https:\\\/\\\/www.webdo.tn\\\/fr\\\/actualite\\\/national\\\/tunisie-les-jeunes-medecins-entament-demain-une-greve-de-5-jours\\\/377237\\\/\"]}]},{\"@type\":\"ImageObject\",\"inLanguage\":\"fr-FR\",\"@id\":\"https:\\\/\\\/www.webdo.tn\\\/fr\\\/actualite\\\/national\\\/tunisie-les-jeunes-medecins-entament-demain-une-greve-de-5-jours\\\/377237\\\/#primaryimage\",\"url\":\"https:\\\/\\\/www.webdo.tn\\\/fr\\\/wp-content\\\/uploads\\\/2025\\\/06\\\/1749656387322-9f031929a0d1.jpg\",\"contentUrl\":\"https:\\\/\\\/www.webdo.tn\\\/fr\\\/wp-content\\\/uploads\\\/2025\\\/06\\\/1749656387322-9f031929a0d1.jpg\",\"width\":1200,\"height\":800},{\"@type\":\"BreadcrumbList\",\"@id\":\"https:\\\/\\\/www.webdo.tn\\\/fr\\\/actualite\\\/national\\\/tunisie-les-jeunes-medecins-entament-demain-une-greve-de-5-jours\\\/377237\\\/#breadcrumb\",\"itemListElement\":[{\"@type\":\"ListItem\",\"position\":1,\"name\":\"Accueil\",\"item\":\"https:\\\/\\\/www.webdo.tn\\\/fr\\\/\"},{\"@type\":\"ListItem\",\"position\":2,\"name\":\"Tunisie : Les jeunes m\u00e9decins entament, demain, une gr\u00e8ve de 5 jours\"}]},{\"@type\":\"WebSite\",\"@id\":\"https:\\\/\\\/www.webdo.tn\\\/fr\\\/#website\",\"url\":\"https:\\\/\\\/www.webdo.tn\\\/fr\\\/\",\"name\":\"webdo\",\"description\":\"Tunisie - News en Tunisie et \u00e0 l&#039;international sur Webdo.tn\",\"publisher\":{\"@id\":\"https:\\\/\\\/www.webdo.tn\\\/fr\\\/#organization\"},\"potentialAction\":[{\"@type\":\"SearchAction\",\"target\":{\"@type\":\"EntryPoint\",\"urlTemplate\":\"https:\\\/\\\/www.webdo.tn\\\/fr\\\/?s={search_term_string}\"},\"query-input\":{\"@type\":\"PropertyValueSpecification\",\"valueRequired\":true,\"valueName\":\"search_term_string\"}}],\"inLanguage\":\"fr-FR\"},{\"@type\":\"Organization\",\"@id\":\"https:\\\/\\\/www.webdo.tn\\\/fr\\\/#organization\",\"name\":\"Webdo\",\"alternateName\":\"Webdo.tn\",\"url\":\"https:\\\/\\\/www.webdo.tn\\\/fr\\\/\",\"logo\":{\"@type\":\"ImageObject\",\"inLanguage\":\"fr-FR\",\"@id\":\"https:\\\/\\\/www.webdo.tn\\\/fr\\\/#\\\/schema\\\/logo\\\/image\\\/\",\"url\":\"https:\\\/\\\/www.webdo.tn\\\/fr\\\/wp-content\\\/uploads\\\/2025\\\/06\\\/Webdo-Tunisie_168377.jpg\",\"contentUrl\":\"https:\\\/\\\/www.webdo.tn\\\/fr\\\/wp-content\\\/uploads\\\/2025\\\/06\\\/Webdo-Tunisie_168377.jpg\",\"width\":301,\"height\":301,\"caption\":\"Webdo\"},\"image\":{\"@id\":\"https:\\\/\\\/www.webdo.tn\\\/fr\\\/#\\\/schema\\\/logo\\\/image\\\/\"},\"sameAs\":[\"https:\\\/\\\/www.facebook.com\\\/webdotn\",\"https:\\\/\\\/x.com\\\/webdo_tn\"],\"description\":\"Webdo est un m\u00e9dia num\u00e9rique tunisien fond\u00e9 en 2010, sp\u00e9cialis\u00e9 dans l\u2019actualit\u00e9 nationale et internationale, l\u2019\u00e9conomie, la soci\u00e9t\u00e9 et les analyses politiques. Le site s\u2019adresse \u00e0 un large public francophone et couvre l\u2019information tunisienne en temps r\u00e9el.\",\"email\":\"redac@webdo.tn\",\"legalName\":\"YNJ SARL\",\"foundingDate\":\"2010-09-06\",\"numberOfEmployees\":{\"@type\":\"QuantitativeValue\",\"minValue\":\"11\",\"maxValue\":\"50\"}},{\"@type\":\"Person\",\"@id\":\"https:\\\/\\\/www.webdo.tn\\\/fr\\\/#\\\/schema\\\/person\\\/b9ecde7a5574cb4fcf4b496ea5fadb15\",\"name\":\"Wided Belhaj\",\"image\":{\"@type\":\"ImageObject\",\"inLanguage\":\"fr-FR\",\"@id\":\"https:\\\/\\\/www.webdo.tn\\\/fr\\\/wp-content\\\/uploads\\\/2026\\\/04\\\/wided-belhaj_avatar-96x96.jpg\",\"url\":\"https:\\\/\\\/www.webdo.tn\\\/fr\\\/wp-content\\\/uploads\\\/2026\\\/04\\\/wided-belhaj_avatar-96x96.jpg\",\"contentUrl\":\"https:\\\/\\\/www.webdo.tn\\\/fr\\\/wp-content\\\/uploads\\\/2026\\\/04\\\/wided-belhaj_avatar-96x96.jpg\",\"caption\":\"Wided Belhaj\"},\"description\":\"Wided Belhaj est le pseudonyme \u00e9ditorial utilis\u00e9 par Khalil Jelassi, journaliste, ma\u00eetre-assistant \u00e0 l\u2019Institut de presse et des sciences de l\u2019information (IPSI) et chercheur en sciences de l\u2019information et de la communication. Cette signature est d\u00e9di\u00e9e \u00e0 l\u2019analyse des m\u00e9dias, des pratiques journalistiques et des mutations de l\u2019information \u00e0 l\u2019\u00e8re digitale. \u00c0 travers ses contributions, Wided Belhaj propose une lecture analytique de l\u2019actualit\u00e9, en croisant regard critique et expertise acad\u00e9mique.\",\"knowsAbout\":[\"m\u00e9dias\",\"journalisme\",\"communication\",\"information\",\"transformation num\u00e9rique\",\"analyse des m\u00e9dias\"],\"knowsLanguage\":[\"Fran\u00e7ais\",\"Arabe\"],\"jobTitle\":\"Webdo.tn\",\"worksFor\":\"Journaliste \u2013 Analyse des m\u00e9dias\",\"url\":\"https:\\\/\\\/www.webdo.tn\\\/fr\\\/actualite\\\/author\\\/wided-belhaj\\\/\"}]}<\/script>\n<!-- \/ Yoast SEO Premium plugin. -->","yoast_head_json":{"title":"Tunisie : Les jeunes m\u00e9decins entament, demain, une gr\u00e8ve de 5 jours - webdo","description":"D\u00e9couvrez les implications de la gr\u00e8ve des jeunes m\u00e9decins et son impact sur le syst\u00e8me de sant\u00e9 et la Banque Mondiale.","canonical":"https:\/\/www.webdo.tn\/fr\/actualite\/national\/tunisie-les-jeunes-medecins-entament-demain-une-greve-de-5-jours\/377237\/","og_locale":"fr_FR","og_type":"article","og_title":"Tunisie : Les jeunes m\u00e9decins entament, demain, une gr\u00e8ve de 5 jours","og_description":"D\u00e9couvrez les implications de la gr\u00e8ve des jeunes m\u00e9decins et son impact sur le syst\u00e8me de sant\u00e9 et la Banque Mondiale.","og_url":"https:\/\/www.webdo.tn\/fr\/actualite\/national\/tunisie-les-jeunes-medecins-entament-demain-une-greve-de-5-jours\/377237\/","og_site_name":"webdo","article_publisher":"https:\/\/www.facebook.com\/webdotn","article_published_time":"2025-06-11T18:24:18+00:00","article_modified_time":"2025-06-12T08:39:43+00:00","og_image":[{"width":1200,"height":800,"url":"https:\/\/www.webdo.tn\/fr\/wp-content\/uploads\/2025\/06\/1749656387322-9f031929a0d1.jpg","type":"image\/jpeg"}],"author":"Wided Belhaj","twitter_card":"summary_large_image","twitter_creator":"@webdo_tn","twitter_site":"@webdo_tn","twitter_misc":{"\u00c9crit par":"Wided Belhaj","Dur\u00e9e de lecture estim\u00e9e":"2 minutes"},"schema":{"@context":"https:\/\/schema.org","@graph":[{"@type":"NewsArticle","@id":"https:\/\/www.webdo.tn\/fr\/actualite\/national\/tunisie-les-jeunes-medecins-entament-demain-une-greve-de-5-jours\/377237\/#article","isPartOf":{"@id":"https:\/\/www.webdo.tn\/fr\/actualite\/national\/tunisie-les-jeunes-medecins-entament-demain-une-greve-de-5-jours\/377237\/"},"author":{"name":"Wided Belhaj","@id":"https:\/\/www.webdo.tn\/fr\/#\/schema\/person\/b9ecde7a5574cb4fcf4b496ea5fadb15"},"headline":"Tunisie : Les jeunes m\u00e9decins entament, demain, une gr\u00e8ve de 5 jours","datePublished":"2025-06-11T18:24:18+00:00","dateModified":"2025-06-12T08:39:43+00:00","mainEntityOfPage":{"@id":"https:\/\/www.webdo.tn\/fr\/actualite\/national\/tunisie-les-jeunes-medecins-entament-demain-une-greve-de-5-jours\/377237\/"},"wordCount":303,"commentCount":0,"publisher":{"@id":"https:\/\/www.webdo.tn\/fr\/#organization"},"image":{"@id":"https:\/\/www.webdo.tn\/fr\/actualite\/national\/tunisie-les-jeunes-medecins-entament-demain-une-greve-de-5-jours\/377237\/#primaryimage"},"thumbnailUrl":"https:\/\/www.webdo.tn\/fr\/wp-content\/uploads\/2025\/06\/1749656387322-9f031929a0d1.jpg","keywords":["Gr\u00e8ve","m\u00e9decins","Tunisie"],"articleSection":["National"],"inLanguage":"fr-FR"},{"@type":"WebPage","@id":"https:\/\/www.webdo.tn\/fr\/actualite\/national\/tunisie-les-jeunes-medecins-entament-demain-une-greve-de-5-jours\/377237\/","url":"https:\/\/www.webdo.tn\/fr\/actualite\/national\/tunisie-les-jeunes-medecins-entament-demain-une-greve-de-5-jours\/377237\/","name":"Tunisie : Les jeunes m\u00e9decins entament, demain, une gr\u00e8ve de 5 jours - webdo","isPartOf":{"@id":"https:\/\/www.webdo.tn\/fr\/#website"},"primaryImageOfPage":{"@id":"https:\/\/www.webdo.tn\/fr\/actualite\/national\/tunisie-les-jeunes-medecins-entament-demain-une-greve-de-5-jours\/377237\/#primaryimage"},"image":{"@id":"https:\/\/www.webdo.tn\/fr\/actualite\/national\/tunisie-les-jeunes-medecins-entament-demain-une-greve-de-5-jours\/377237\/#primaryimage"},"thumbnailUrl":"https:\/\/www.webdo.tn\/fr\/wp-content\/uploads\/2025\/06\/1749656387322-9f031929a0d1.jpg","datePublished":"2025-06-11T18:24:18+00:00","dateModified":"2025-06-12T08:39:43+00:00","description":"D\u00e9couvrez les implications de la gr\u00e8ve des jeunes m\u00e9decins et son impact sur le syst\u00e8me de sant\u00e9 et la Banque Mondiale.","breadcrumb":{"@id":"https:\/\/www.webdo.tn\/fr\/actualite\/national\/tunisie-les-jeunes-medecins-entament-demain-une-greve-de-5-jours\/377237\/#breadcrumb"},"inLanguage":"fr-FR","potentialAction":[{"@type":"ReadAction","target":["https:\/\/www.webdo.tn\/fr\/actualite\/national\/tunisie-les-jeunes-medecins-entament-demain-une-greve-de-5-jours\/377237\/"]}]},{"@type":"ImageObject","inLanguage":"fr-FR","@id":"https:\/\/www.webdo.tn\/fr\/actualite\/national\/tunisie-les-jeunes-medecins-entament-demain-une-greve-de-5-jours\/377237\/#primaryimage","url":"https:\/\/www.webdo.tn\/fr\/wp-content\/uploads\/2025\/06\/1749656387322-9f031929a0d1.jpg","contentUrl":"https:\/\/www.webdo.tn\/fr\/wp-content\/uploads\/2025\/06\/1749656387322-9f031929a0d1.jpg","width":1200,"height":800},{"@type":"BreadcrumbList","@id":"https:\/\/www.webdo.tn\/fr\/actualite\/national\/tunisie-les-jeunes-medecins-entament-demain-une-greve-de-5-jours\/377237\/#breadcrumb","itemListElement":[{"@type":"ListItem","position":1,"name":"Accueil","item":"https:\/\/www.webdo.tn\/fr\/"},{"@type":"ListItem","position":2,"name":"Tunisie : Les jeunes m\u00e9decins entament, demain, une gr\u00e8ve de 5 jours"}]},{"@type":"WebSite","@id":"https:\/\/www.webdo.tn\/fr\/#website","url":"https:\/\/www.webdo.tn\/fr\/","name":"webdo","description":"Tunisie - News en Tunisie et \u00e0 l&#039;international sur Webdo.tn","publisher":{"@id":"https:\/\/www.webdo.tn\/fr\/#organization"},"potentialAction":[{"@type":"SearchAction","target":{"@type":"EntryPoint","urlTemplate":"https:\/\/www.webdo.tn\/fr\/?s={search_term_string}"},"query-input":{"@type":"PropertyValueSpecification","valueRequired":true,"valueName":"search_term_string"}}],"inLanguage":"fr-FR"},{"@type":"Organization","@id":"https:\/\/www.webdo.tn\/fr\/#organization","name":"Webdo","alternateName":"Webdo.tn","url":"https:\/\/www.webdo.tn\/fr\/","logo":{"@type":"ImageObject","inLanguage":"fr-FR","@id":"https:\/\/www.webdo.tn\/fr\/#\/schema\/logo\/image\/","url":"https:\/\/www.webdo.tn\/fr\/wp-content\/uploads\/2025\/06\/Webdo-Tunisie_168377.jpg","contentUrl":"https:\/\/www.webdo.tn\/fr\/wp-content\/uploads\/2025\/06\/Webdo-Tunisie_168377.jpg","width":301,"height":301,"caption":"Webdo"},"image":{"@id":"https:\/\/www.webdo.tn\/fr\/#\/schema\/logo\/image\/"},"sameAs":["https:\/\/www.facebook.com\/webdotn","https:\/\/x.com\/webdo_tn"],"description":"Webdo est un m\u00e9dia num\u00e9rique tunisien fond\u00e9 en 2010, sp\u00e9cialis\u00e9 dans l\u2019actualit\u00e9 nationale et internationale, l\u2019\u00e9conomie, la soci\u00e9t\u00e9 et les analyses politiques. Le site s\u2019adresse \u00e0 un large public francophone et couvre l\u2019information tunisienne en temps r\u00e9el.","email":"redac@webdo.tn","legalName":"YNJ SARL","foundingDate":"2010-09-06","numberOfEmployees":{"@type":"QuantitativeValue","minValue":"11","maxValue":"50"}},{"@type":"Person","@id":"https:\/\/www.webdo.tn\/fr\/#\/schema\/person\/b9ecde7a5574cb4fcf4b496ea5fadb15","name":"Wided Belhaj","image":{"@type":"ImageObject","inLanguage":"fr-FR","@id":"https:\/\/www.webdo.tn\/fr\/wp-content\/uploads\/2026\/04\/wided-belhaj_avatar-96x96.jpg","url":"https:\/\/www.webdo.tn\/fr\/wp-content\/uploads\/2026\/04\/wided-belhaj_avatar-96x96.jpg","contentUrl":"https:\/\/www.webdo.tn\/fr\/wp-content\/uploads\/2026\/04\/wided-belhaj_avatar-96x96.jpg","caption":"Wided Belhaj"},"description":"Wided Belhaj est le pseudonyme \u00e9ditorial utilis\u00e9 par Khalil Jelassi, journaliste, ma\u00eetre-assistant \u00e0 l\u2019Institut de presse et des sciences de l\u2019information (IPSI) et chercheur en sciences de l\u2019information et de la communication. Cette signature est d\u00e9di\u00e9e \u00e0 l\u2019analyse des m\u00e9dias, des pratiques journalistiques et des mutations de l\u2019information \u00e0 l\u2019\u00e8re digitale. \u00c0 travers ses contributions, Wided Belhaj propose une lecture analytique de l\u2019actualit\u00e9, en croisant regard critique et expertise acad\u00e9mique.","knowsAbout":["m\u00e9dias","journalisme","communication","information","transformation num\u00e9rique","analyse des m\u00e9dias"],"knowsLanguage":["Fran\u00e7ais","Arabe"],"jobTitle":"Webdo.tn","worksFor":"Journaliste \u2013 Analyse des m\u00e9dias","url":"https:\/\/www.webdo.tn\/fr\/actualite\/author\/wided-belhaj\/"}]}},"_links":{"self":[{"href":"https:\/\/www.webdo.tn\/fr\/wp-json\/wp\/v2\/posts\/377237","targetHints":{"allow":["GET"]}}],"collection":[{"href":"https:\/\/www.webdo.tn\/fr\/wp-json\/wp\/v2\/posts"}],"about":[{"href":"https:\/\/www.webdo.tn\/fr\/wp-json\/wp\/v2\/types\/post"}],"author":[{"embeddable":true,"href":"https:\/\/www.webdo.tn\/fr\/wp-json\/wp\/v2\/users\/3184"}],"replies":[{"embeddable":true,"href":"https:\/\/www.webdo.tn\/fr\/wp-json\/wp\/v2\/comments?post=377237"}],"version-history":[{"count":0,"href":"https:\/\/www.webdo.tn\/fr\/wp-json\/wp\/v2\/posts\/377237\/revisions"}],"wp:featuredmedia":[{"embeddable":true,"href":"https:\/\/www.webdo.tn\/fr\/wp-json\/wp\/v2\/media\/377238"}],"wp:attachment":[{"href":"https:\/\/www.webdo.tn\/fr\/wp-json\/wp\/v2\/media?parent=377237"}],"wp:term":[{"taxonomy":"category","embeddable":true,"href":"https:\/\/www.webdo.tn\/fr\/wp-json\/wp\/v2\/categories?post=377237"},{"taxonomy":"post_tag","embeddable":true,"href":"https:\/\/www.webdo.tn\/fr\/wp-json\/wp\/v2\/tags?post=377237"}],"curies":[{"name":"wp","href":"https:\/\/api.w.org\/{rel}","templated":true}]}}