{"id":377213,"date":"2025-06-11T14:42:02","date_gmt":"2025-06-11T13:42:02","guid":{"rendered":"https:\/\/www.webdo.tn\/fr\/?p=377213"},"modified":"2025-06-11T14:42:42","modified_gmt":"2025-06-11T13:42:42","slug":"lue-et-la-tunisie-face-aux-derives-de-lintelligence-artificielle","status":"publish","type":"post","link":"https:\/\/www.webdo.tn\/fr\/actualite\/national\/lue-et-la-tunisie-face-aux-derives-de-lintelligence-artificielle\/377213\/","title":{"rendered":"L\u2019UE et la Tunisie face aux d\u00e9rives de l\u2019intelligence artificielle"},"content":{"rendered":"\n<p><strong>Face \u00e0 la mont\u00e9e en puissance des campagnes de d\u00e9sinformation, notamment aliment\u00e9es par les usages d\u00e9tourn\u00e9s de l\u2019intelligence artificielle, l\u2019Union europ\u00e9enne et la Tunisie renforcent leur coop\u00e9ration.<\/strong><\/p>\n\n\n\n<p>C\u2019est ce qu\u2019a soulign\u00e9 ce mercredi 11 juin 2025 Giuseppe Perrone, ambassadeur de l\u2019Union europ\u00e9enne en Tunisie, lors d\u2019une rencontre consacr\u00e9e aux strat\u00e9gies de lutte contre la d\u00e9sinformation.<\/p>\n\n\n\n<p>S\u2019exprimant \u00e0 l\u2019occasion d\u2019un \u00e9v\u00e9nement organis\u00e9 par l\u2019ambassade de Pologne &#8211; pr\u00e9sidente du Conseil de l\u2019Europe en 2025 &#8211; en pr\u00e9sence d\u2019ambassadeurs europ\u00e9ens, d\u2019experts en communication et de professionnels des m\u00e9dias, le diplomate a insist\u00e9 sur la n\u00e9cessit\u00e9 pour les \u00c9tats partenaires de faire bloc contre l\u2019usage abusif de certains outils num\u00e9riques \u00e0 des \u00ab fins politiques \u00bb.<\/p>\n\n\n\n<p><strong>Un arsenal europ\u00e9en pour la r\u00e9silience informationnelle<\/strong><\/p>\n\n\n\n<p>Giuseppe Perrone a d\u00e9taill\u00e9 les m\u00e9canismes mis en \u0153uvre par l\u2019Union europ\u00e9enne pour contrer ce fl\u00e9au, citant notamment les programmes de soutien aux m\u00e9dias ind\u00e9pendants, l\u2019adoption de l\u00e9gislations sp\u00e9cifiques pour v\u00e9rifier les contenus diffus\u00e9s, ainsi que le recours \u00e0 des instruments diplomatiques pour consolider l&rsquo;efficacit\u00e9 des actions engag\u00e9es.<\/p>\n\n\n\n<p>Selon lui, la coop\u00e9ration avec les partenaires comme la Tunisie est essentielle pour suivre l\u2019\u00e9volution constante des canaux de d\u00e9sinformation. \u00ab Nous travaillons quotidiennement \u00e0 adapter nos outils aux nouvelles menaces informationnelles \u00bb, a-t-il affirm\u00e9.<\/p>\n\n\n\n<p><strong>L\u2019IA, nouveau vecteur de d\u00e9sordre informationnel<\/strong><\/p>\n\n\n\n<p>Le diplomate a par ailleurs exprim\u00e9 ses inqui\u00e9tudes quant \u00e0 l\u2019usage croissant de l\u2019intelligence artificielle dans les guerres de l\u2019information. Il a mis en garde contre sa capacit\u00e9 \u00e0 amplifier et acc\u00e9l\u00e9rer la diffusion de fausses informations, tant au sein des soci\u00e9t\u00e9s qu\u2019entre les \u00c9tats, mena\u00e7ant la stabilit\u00e9 d\u00e9mocratique.<\/p>\n\n\n\n<p>En s\u2019appuyant sur un dialogue r\u00e9gulier et des initiatives partag\u00e9es, l\u2019Union europ\u00e9enne et la Tunisie entendent b\u00e2tir une r\u00e9ponse coordonn\u00e9e et durable aux d\u00e9fis pos\u00e9s par la d\u00e9sinformation num\u00e9rique.<\/p>\n","protected":false},"excerpt":{"rendered":"<p>Face \u00e0 la mont\u00e9e en puissance des campagnes de d\u00e9sinformation, notamment aliment\u00e9es par les usages d\u00e9tourn\u00e9s de l\u2019intelligence artificielle, l\u2019Union europ\u00e9enne et la Tunisie renforcent leur coop\u00e9ration. C\u2019est ce qu\u2019a soulign\u00e9 ce mercredi 11 juin 2025 Giuseppe Perrone, ambassadeur de l\u2019Union europ\u00e9enne en Tunisie, lors d\u2019une rencontre consacr\u00e9e aux strat\u00e9gies de lutte contre la d\u00e9sinformation. [&hellip;]<\/p>\n","protected":false},"author":3191,"featured_media":377216,"comment_status":"open","ping_status":"open","sticky":false,"template":"","format":"standard","meta":{"footnotes":""},"categories":[44],"tags":[2957,2608,2896],"class_list":["post-377213","post","type-post","status-publish","format-standard","has-post-thumbnail","hentry","category-national","tag-intelligence-artificielle","tag-tunisie","tag-union-europeenne"],"yoast_head":"<!-- This site is optimized with the Yoast SEO Premium plugin v27.5 (Yoast SEO v27.5) - https:\/\/yoast.com\/product\/yoast-seo-premium-wordpress\/ -->\n<title>L\u2019UE et la Tunisie face aux d\u00e9rives de l\u2019intelligence artificielle - webdo<\/title>\n<meta name=\"description\" content=\"D\u00e9couvrez comment l&#039;intelligence artificielle est utilis\u00e9e dans les campagnes de d\u00e9sinformation et les r\u00e9ponses de l&#039;Union europ\u00e9enne.\" \/>\n<link rel=\"canonical\" href=\"https:\/\/www.webdo.tn\/fr\/actualite\/national\/lue-et-la-tunisie-face-aux-derives-de-lintelligence-artificielle\/377213\/\" \/>\n<meta property=\"og:locale\" content=\"fr_FR\" \/>\n<meta property=\"og:type\" content=\"article\" \/>\n<meta property=\"og:title\" content=\"L\u2019UE et la Tunisie face aux d\u00e9rives de l\u2019intelligence artificielle\" \/>\n<meta property=\"og:description\" content=\"D\u00e9couvrez comment l&#039;intelligence artificielle est utilis\u00e9e dans les campagnes de d\u00e9sinformation et les r\u00e9ponses de l&#039;Union europ\u00e9enne.\" \/>\n<meta property=\"og:url\" content=\"https:\/\/www.webdo.tn\/fr\/actualite\/national\/lue-et-la-tunisie-face-aux-derives-de-lintelligence-artificielle\/377213\/\" \/>\n<meta property=\"og:site_name\" content=\"webdo\" \/>\n<meta property=\"article:publisher\" content=\"https:\/\/www.facebook.com\/webdotn\" \/>\n<meta property=\"article:published_time\" content=\"2025-06-11T13:42:02+00:00\" \/>\n<meta property=\"article:modified_time\" content=\"2025-06-11T13:42:42+00:00\" \/>\n<meta property=\"og:image\" content=\"https:\/\/www.webdo.tn\/fr\/wp-content\/uploads\/2025\/06\/1749643730.jpg\" \/>\n\t<meta property=\"og:image:width\" content=\"800\" \/>\n\t<meta property=\"og:image:height\" content=\"450\" \/>\n\t<meta property=\"og:image:type\" content=\"image\/jpeg\" \/>\n<meta name=\"author\" content=\"Mohamed Hedi Touati\" \/>\n<meta name=\"twitter:card\" content=\"summary_large_image\" \/>\n<meta name=\"twitter:creator\" content=\"@webdo_tn\" \/>\n<meta name=\"twitter:site\" content=\"@webdo_tn\" \/>\n<meta name=\"twitter:label1\" content=\"\u00c9crit par\" \/>\n\t<meta name=\"twitter:data1\" content=\"Mohamed Hedi Touati\" \/>\n\t<meta name=\"twitter:label2\" content=\"Dur\u00e9e de lecture estim\u00e9e\" \/>\n\t<meta name=\"twitter:data2\" content=\"2 minutes\" \/>\n<script type=\"application\/ld+json\" class=\"yoast-schema-graph\">{\"@context\":\"https:\\\/\\\/schema.org\",\"@graph\":[{\"@type\":\"NewsArticle\",\"@id\":\"https:\\\/\\\/www.webdo.tn\\\/fr\\\/actualite\\\/national\\\/lue-et-la-tunisie-face-aux-derives-de-lintelligence-artificielle\\\/377213\\\/#article\",\"isPartOf\":{\"@id\":\"https:\\\/\\\/www.webdo.tn\\\/fr\\\/actualite\\\/national\\\/lue-et-la-tunisie-face-aux-derives-de-lintelligence-artificielle\\\/377213\\\/\"},\"author\":{\"name\":\"Mohamed Hedi Touati\",\"@id\":\"https:\\\/\\\/www.webdo.tn\\\/fr\\\/#\\\/schema\\\/person\\\/c652cd8fc2b1b44412b5ffb48c5a911d\"},\"headline\":\"L\u2019UE et la Tunisie face aux d\u00e9rives de l\u2019intelligence artificielle\",\"datePublished\":\"2025-06-11T13:42:02+00:00\",\"dateModified\":\"2025-06-11T13:42:42+00:00\",\"mainEntityOfPage\":{\"@id\":\"https:\\\/\\\/www.webdo.tn\\\/fr\\\/actualite\\\/national\\\/lue-et-la-tunisie-face-aux-derives-de-lintelligence-artificielle\\\/377213\\\/\"},\"wordCount\":362,\"commentCount\":0,\"publisher\":{\"@id\":\"https:\\\/\\\/www.webdo.tn\\\/fr\\\/#organization\"},\"image\":{\"@id\":\"https:\\\/\\\/www.webdo.tn\\\/fr\\\/actualite\\\/national\\\/lue-et-la-tunisie-face-aux-derives-de-lintelligence-artificielle\\\/377213\\\/#primaryimage\"},\"thumbnailUrl\":\"https:\\\/\\\/www.webdo.tn\\\/fr\\\/wp-content\\\/uploads\\\/2025\\\/06\\\/1749643730.jpg\",\"keywords\":[\"Intelligence artificielle\",\"Tunisie\",\"Union europ\u00e9enne\"],\"articleSection\":[\"National\"],\"inLanguage\":\"fr-FR\"},{\"@type\":\"WebPage\",\"@id\":\"https:\\\/\\\/www.webdo.tn\\\/fr\\\/actualite\\\/national\\\/lue-et-la-tunisie-face-aux-derives-de-lintelligence-artificielle\\\/377213\\\/\",\"url\":\"https:\\\/\\\/www.webdo.tn\\\/fr\\\/actualite\\\/national\\\/lue-et-la-tunisie-face-aux-derives-de-lintelligence-artificielle\\\/377213\\\/\",\"name\":\"L\u2019UE et la Tunisie face aux d\u00e9rives de l\u2019intelligence artificielle - webdo\",\"isPartOf\":{\"@id\":\"https:\\\/\\\/www.webdo.tn\\\/fr\\\/#website\"},\"primaryImageOfPage\":{\"@id\":\"https:\\\/\\\/www.webdo.tn\\\/fr\\\/actualite\\\/national\\\/lue-et-la-tunisie-face-aux-derives-de-lintelligence-artificielle\\\/377213\\\/#primaryimage\"},\"image\":{\"@id\":\"https:\\\/\\\/www.webdo.tn\\\/fr\\\/actualite\\\/national\\\/lue-et-la-tunisie-face-aux-derives-de-lintelligence-artificielle\\\/377213\\\/#primaryimage\"},\"thumbnailUrl\":\"https:\\\/\\\/www.webdo.tn\\\/fr\\\/wp-content\\\/uploads\\\/2025\\\/06\\\/1749643730.jpg\",\"datePublished\":\"2025-06-11T13:42:02+00:00\",\"dateModified\":\"2025-06-11T13:42:42+00:00\",\"description\":\"D\u00e9couvrez comment l'intelligence artificielle est utilis\u00e9e dans les campagnes de d\u00e9sinformation et les r\u00e9ponses de l'Union europ\u00e9enne.\",\"breadcrumb\":{\"@id\":\"https:\\\/\\\/www.webdo.tn\\\/fr\\\/actualite\\\/national\\\/lue-et-la-tunisie-face-aux-derives-de-lintelligence-artificielle\\\/377213\\\/#breadcrumb\"},\"inLanguage\":\"fr-FR\",\"potentialAction\":[{\"@type\":\"ReadAction\",\"target\":[\"https:\\\/\\\/www.webdo.tn\\\/fr\\\/actualite\\\/national\\\/lue-et-la-tunisie-face-aux-derives-de-lintelligence-artificielle\\\/377213\\\/\"]}]},{\"@type\":\"ImageObject\",\"inLanguage\":\"fr-FR\",\"@id\":\"https:\\\/\\\/www.webdo.tn\\\/fr\\\/actualite\\\/national\\\/lue-et-la-tunisie-face-aux-derives-de-lintelligence-artificielle\\\/377213\\\/#primaryimage\",\"url\":\"https:\\\/\\\/www.webdo.tn\\\/fr\\\/wp-content\\\/uploads\\\/2025\\\/06\\\/1749643730.jpg\",\"contentUrl\":\"https:\\\/\\\/www.webdo.tn\\\/fr\\\/wp-content\\\/uploads\\\/2025\\\/06\\\/1749643730.jpg\",\"width\":800,\"height\":450},{\"@type\":\"BreadcrumbList\",\"@id\":\"https:\\\/\\\/www.webdo.tn\\\/fr\\\/actualite\\\/national\\\/lue-et-la-tunisie-face-aux-derives-de-lintelligence-artificielle\\\/377213\\\/#breadcrumb\",\"itemListElement\":[{\"@type\":\"ListItem\",\"position\":1,\"name\":\"Accueil\",\"item\":\"https:\\\/\\\/www.webdo.tn\\\/fr\\\/\"},{\"@type\":\"ListItem\",\"position\":2,\"name\":\"L\u2019UE et la Tunisie face aux d\u00e9rives de l\u2019intelligence artificielle\"}]},{\"@type\":\"WebSite\",\"@id\":\"https:\\\/\\\/www.webdo.tn\\\/fr\\\/#website\",\"url\":\"https:\\\/\\\/www.webdo.tn\\\/fr\\\/\",\"name\":\"webdo\",\"description\":\"Tunisie - News en Tunisie et \u00e0 l&#039;international sur Webdo.tn\",\"publisher\":{\"@id\":\"https:\\\/\\\/www.webdo.tn\\\/fr\\\/#organization\"},\"potentialAction\":[{\"@type\":\"SearchAction\",\"target\":{\"@type\":\"EntryPoint\",\"urlTemplate\":\"https:\\\/\\\/www.webdo.tn\\\/fr\\\/?s={search_term_string}\"},\"query-input\":{\"@type\":\"PropertyValueSpecification\",\"valueRequired\":true,\"valueName\":\"search_term_string\"}}],\"inLanguage\":\"fr-FR\"},{\"@type\":\"Organization\",\"@id\":\"https:\\\/\\\/www.webdo.tn\\\/fr\\\/#organization\",\"name\":\"Webdo\",\"alternateName\":\"Webdo.tn\",\"url\":\"https:\\\/\\\/www.webdo.tn\\\/fr\\\/\",\"logo\":{\"@type\":\"ImageObject\",\"inLanguage\":\"fr-FR\",\"@id\":\"https:\\\/\\\/www.webdo.tn\\\/fr\\\/#\\\/schema\\\/logo\\\/image\\\/\",\"url\":\"https:\\\/\\\/www.webdo.tn\\\/fr\\\/wp-content\\\/uploads\\\/2025\\\/06\\\/Webdo-Tunisie_168377.jpg\",\"contentUrl\":\"https:\\\/\\\/www.webdo.tn\\\/fr\\\/wp-content\\\/uploads\\\/2025\\\/06\\\/Webdo-Tunisie_168377.jpg\",\"width\":301,\"height\":301,\"caption\":\"Webdo\"},\"image\":{\"@id\":\"https:\\\/\\\/www.webdo.tn\\\/fr\\\/#\\\/schema\\\/logo\\\/image\\\/\"},\"sameAs\":[\"https:\\\/\\\/www.facebook.com\\\/webdotn\",\"https:\\\/\\\/x.com\\\/webdo_tn\"],\"description\":\"Webdo est un m\u00e9dia num\u00e9rique tunisien fond\u00e9 en 2010, sp\u00e9cialis\u00e9 dans l\u2019actualit\u00e9 nationale et internationale, l\u2019\u00e9conomie, la soci\u00e9t\u00e9 et les analyses politiques. Le site s\u2019adresse \u00e0 un large public francophone et couvre l\u2019information tunisienne en temps r\u00e9el.\",\"email\":\"redac@webdo.tn\",\"legalName\":\"YNJ SARL\",\"foundingDate\":\"2010-09-06\",\"numberOfEmployees\":{\"@type\":\"QuantitativeValue\",\"minValue\":\"11\",\"maxValue\":\"50\"}},{\"@type\":\"Person\",\"@id\":\"https:\\\/\\\/www.webdo.tn\\\/fr\\\/#\\\/schema\\\/person\\\/c652cd8fc2b1b44412b5ffb48c5a911d\",\"name\":\"Mohamed Hedi Touati\",\"image\":{\"@type\":\"ImageObject\",\"inLanguage\":\"fr-FR\",\"@id\":\"https:\\\/\\\/secure.gravatar.com\\\/avatar\\\/9cfd402c745b7a685f13eed0ea6e59d2144a3c2fc50a3db6fd5ed451f6cddf1a?s=96&d=mm&r=g\",\"url\":\"https:\\\/\\\/secure.gravatar.com\\\/avatar\\\/9cfd402c745b7a685f13eed0ea6e59d2144a3c2fc50a3db6fd5ed451f6cddf1a?s=96&d=mm&r=g\",\"contentUrl\":\"https:\\\/\\\/secure.gravatar.com\\\/avatar\\\/9cfd402c745b7a685f13eed0ea6e59d2144a3c2fc50a3db6fd5ed451f6cddf1a?s=96&d=mm&r=g\",\"caption\":\"Mohamed Hedi Touati\"},\"url\":\"https:\\\/\\\/www.webdo.tn\\\/fr\\\/actualite\\\/author\\\/mohamed-hedi-touati\\\/\"}]}<\/script>\n<!-- \/ Yoast SEO Premium plugin. -->","yoast_head_json":{"title":"L\u2019UE et la Tunisie face aux d\u00e9rives de l\u2019intelligence artificielle - webdo","description":"D\u00e9couvrez comment l'intelligence artificielle est utilis\u00e9e dans les campagnes de d\u00e9sinformation et les r\u00e9ponses de l'Union europ\u00e9enne.","canonical":"https:\/\/www.webdo.tn\/fr\/actualite\/national\/lue-et-la-tunisie-face-aux-derives-de-lintelligence-artificielle\/377213\/","og_locale":"fr_FR","og_type":"article","og_title":"L\u2019UE et la Tunisie face aux d\u00e9rives de l\u2019intelligence artificielle","og_description":"D\u00e9couvrez comment l'intelligence artificielle est utilis\u00e9e dans les campagnes de d\u00e9sinformation et les r\u00e9ponses de l'Union europ\u00e9enne.","og_url":"https:\/\/www.webdo.tn\/fr\/actualite\/national\/lue-et-la-tunisie-face-aux-derives-de-lintelligence-artificielle\/377213\/","og_site_name":"webdo","article_publisher":"https:\/\/www.facebook.com\/webdotn","article_published_time":"2025-06-11T13:42:02+00:00","article_modified_time":"2025-06-11T13:42:42+00:00","og_image":[{"width":800,"height":450,"url":"https:\/\/www.webdo.tn\/fr\/wp-content\/uploads\/2025\/06\/1749643730.jpg","type":"image\/jpeg"}],"author":"Mohamed Hedi Touati","twitter_card":"summary_large_image","twitter_creator":"@webdo_tn","twitter_site":"@webdo_tn","twitter_misc":{"\u00c9crit par":"Mohamed Hedi Touati","Dur\u00e9e de lecture estim\u00e9e":"2 minutes"},"schema":{"@context":"https:\/\/schema.org","@graph":[{"@type":"NewsArticle","@id":"https:\/\/www.webdo.tn\/fr\/actualite\/national\/lue-et-la-tunisie-face-aux-derives-de-lintelligence-artificielle\/377213\/#article","isPartOf":{"@id":"https:\/\/www.webdo.tn\/fr\/actualite\/national\/lue-et-la-tunisie-face-aux-derives-de-lintelligence-artificielle\/377213\/"},"author":{"name":"Mohamed Hedi Touati","@id":"https:\/\/www.webdo.tn\/fr\/#\/schema\/person\/c652cd8fc2b1b44412b5ffb48c5a911d"},"headline":"L\u2019UE et la Tunisie face aux d\u00e9rives de l\u2019intelligence artificielle","datePublished":"2025-06-11T13:42:02+00:00","dateModified":"2025-06-11T13:42:42+00:00","mainEntityOfPage":{"@id":"https:\/\/www.webdo.tn\/fr\/actualite\/national\/lue-et-la-tunisie-face-aux-derives-de-lintelligence-artificielle\/377213\/"},"wordCount":362,"commentCount":0,"publisher":{"@id":"https:\/\/www.webdo.tn\/fr\/#organization"},"image":{"@id":"https:\/\/www.webdo.tn\/fr\/actualite\/national\/lue-et-la-tunisie-face-aux-derives-de-lintelligence-artificielle\/377213\/#primaryimage"},"thumbnailUrl":"https:\/\/www.webdo.tn\/fr\/wp-content\/uploads\/2025\/06\/1749643730.jpg","keywords":["Intelligence artificielle","Tunisie","Union europ\u00e9enne"],"articleSection":["National"],"inLanguage":"fr-FR"},{"@type":"WebPage","@id":"https:\/\/www.webdo.tn\/fr\/actualite\/national\/lue-et-la-tunisie-face-aux-derives-de-lintelligence-artificielle\/377213\/","url":"https:\/\/www.webdo.tn\/fr\/actualite\/national\/lue-et-la-tunisie-face-aux-derives-de-lintelligence-artificielle\/377213\/","name":"L\u2019UE et la Tunisie face aux d\u00e9rives de l\u2019intelligence artificielle - webdo","isPartOf":{"@id":"https:\/\/www.webdo.tn\/fr\/#website"},"primaryImageOfPage":{"@id":"https:\/\/www.webdo.tn\/fr\/actualite\/national\/lue-et-la-tunisie-face-aux-derives-de-lintelligence-artificielle\/377213\/#primaryimage"},"image":{"@id":"https:\/\/www.webdo.tn\/fr\/actualite\/national\/lue-et-la-tunisie-face-aux-derives-de-lintelligence-artificielle\/377213\/#primaryimage"},"thumbnailUrl":"https:\/\/www.webdo.tn\/fr\/wp-content\/uploads\/2025\/06\/1749643730.jpg","datePublished":"2025-06-11T13:42:02+00:00","dateModified":"2025-06-11T13:42:42+00:00","description":"D\u00e9couvrez comment l'intelligence artificielle est utilis\u00e9e dans les campagnes de d\u00e9sinformation et les r\u00e9ponses de l'Union europ\u00e9enne.","breadcrumb":{"@id":"https:\/\/www.webdo.tn\/fr\/actualite\/national\/lue-et-la-tunisie-face-aux-derives-de-lintelligence-artificielle\/377213\/#breadcrumb"},"inLanguage":"fr-FR","potentialAction":[{"@type":"ReadAction","target":["https:\/\/www.webdo.tn\/fr\/actualite\/national\/lue-et-la-tunisie-face-aux-derives-de-lintelligence-artificielle\/377213\/"]}]},{"@type":"ImageObject","inLanguage":"fr-FR","@id":"https:\/\/www.webdo.tn\/fr\/actualite\/national\/lue-et-la-tunisie-face-aux-derives-de-lintelligence-artificielle\/377213\/#primaryimage","url":"https:\/\/www.webdo.tn\/fr\/wp-content\/uploads\/2025\/06\/1749643730.jpg","contentUrl":"https:\/\/www.webdo.tn\/fr\/wp-content\/uploads\/2025\/06\/1749643730.jpg","width":800,"height":450},{"@type":"BreadcrumbList","@id":"https:\/\/www.webdo.tn\/fr\/actualite\/national\/lue-et-la-tunisie-face-aux-derives-de-lintelligence-artificielle\/377213\/#breadcrumb","itemListElement":[{"@type":"ListItem","position":1,"name":"Accueil","item":"https:\/\/www.webdo.tn\/fr\/"},{"@type":"ListItem","position":2,"name":"L\u2019UE et la Tunisie face aux d\u00e9rives de l\u2019intelligence artificielle"}]},{"@type":"WebSite","@id":"https:\/\/www.webdo.tn\/fr\/#website","url":"https:\/\/www.webdo.tn\/fr\/","name":"webdo","description":"Tunisie - News en Tunisie et \u00e0 l&#039;international sur Webdo.tn","publisher":{"@id":"https:\/\/www.webdo.tn\/fr\/#organization"},"potentialAction":[{"@type":"SearchAction","target":{"@type":"EntryPoint","urlTemplate":"https:\/\/www.webdo.tn\/fr\/?s={search_term_string}"},"query-input":{"@type":"PropertyValueSpecification","valueRequired":true,"valueName":"search_term_string"}}],"inLanguage":"fr-FR"},{"@type":"Organization","@id":"https:\/\/www.webdo.tn\/fr\/#organization","name":"Webdo","alternateName":"Webdo.tn","url":"https:\/\/www.webdo.tn\/fr\/","logo":{"@type":"ImageObject","inLanguage":"fr-FR","@id":"https:\/\/www.webdo.tn\/fr\/#\/schema\/logo\/image\/","url":"https:\/\/www.webdo.tn\/fr\/wp-content\/uploads\/2025\/06\/Webdo-Tunisie_168377.jpg","contentUrl":"https:\/\/www.webdo.tn\/fr\/wp-content\/uploads\/2025\/06\/Webdo-Tunisie_168377.jpg","width":301,"height":301,"caption":"Webdo"},"image":{"@id":"https:\/\/www.webdo.tn\/fr\/#\/schema\/logo\/image\/"},"sameAs":["https:\/\/www.facebook.com\/webdotn","https:\/\/x.com\/webdo_tn"],"description":"Webdo est un m\u00e9dia num\u00e9rique tunisien fond\u00e9 en 2010, sp\u00e9cialis\u00e9 dans l\u2019actualit\u00e9 nationale et internationale, l\u2019\u00e9conomie, la soci\u00e9t\u00e9 et les analyses politiques. Le site s\u2019adresse \u00e0 un large public francophone et couvre l\u2019information tunisienne en temps r\u00e9el.","email":"redac@webdo.tn","legalName":"YNJ SARL","foundingDate":"2010-09-06","numberOfEmployees":{"@type":"QuantitativeValue","minValue":"11","maxValue":"50"}},{"@type":"Person","@id":"https:\/\/www.webdo.tn\/fr\/#\/schema\/person\/c652cd8fc2b1b44412b5ffb48c5a911d","name":"Mohamed Hedi Touati","image":{"@type":"ImageObject","inLanguage":"fr-FR","@id":"https:\/\/secure.gravatar.com\/avatar\/9cfd402c745b7a685f13eed0ea6e59d2144a3c2fc50a3db6fd5ed451f6cddf1a?s=96&d=mm&r=g","url":"https:\/\/secure.gravatar.com\/avatar\/9cfd402c745b7a685f13eed0ea6e59d2144a3c2fc50a3db6fd5ed451f6cddf1a?s=96&d=mm&r=g","contentUrl":"https:\/\/secure.gravatar.com\/avatar\/9cfd402c745b7a685f13eed0ea6e59d2144a3c2fc50a3db6fd5ed451f6cddf1a?s=96&d=mm&r=g","caption":"Mohamed Hedi Touati"},"url":"https:\/\/www.webdo.tn\/fr\/actualite\/author\/mohamed-hedi-touati\/"}]}},"_links":{"self":[{"href":"https:\/\/www.webdo.tn\/fr\/wp-json\/wp\/v2\/posts\/377213","targetHints":{"allow":["GET"]}}],"collection":[{"href":"https:\/\/www.webdo.tn\/fr\/wp-json\/wp\/v2\/posts"}],"about":[{"href":"https:\/\/www.webdo.tn\/fr\/wp-json\/wp\/v2\/types\/post"}],"author":[{"embeddable":true,"href":"https:\/\/www.webdo.tn\/fr\/wp-json\/wp\/v2\/users\/3191"}],"replies":[{"embeddable":true,"href":"https:\/\/www.webdo.tn\/fr\/wp-json\/wp\/v2\/comments?post=377213"}],"version-history":[{"count":0,"href":"https:\/\/www.webdo.tn\/fr\/wp-json\/wp\/v2\/posts\/377213\/revisions"}],"wp:featuredmedia":[{"embeddable":true,"href":"https:\/\/www.webdo.tn\/fr\/wp-json\/wp\/v2\/media\/377216"}],"wp:attachment":[{"href":"https:\/\/www.webdo.tn\/fr\/wp-json\/wp\/v2\/media?parent=377213"}],"wp:term":[{"taxonomy":"category","embeddable":true,"href":"https:\/\/www.webdo.tn\/fr\/wp-json\/wp\/v2\/categories?post=377213"},{"taxonomy":"post_tag","embeddable":true,"href":"https:\/\/www.webdo.tn\/fr\/wp-json\/wp\/v2\/tags?post=377213"}],"curies":[{"name":"wp","href":"https:\/\/api.w.org\/{rel}","templated":true}]}}