{"id":377174,"date":"2025-06-11T12:52:34","date_gmt":"2025-06-11T11:52:34","guid":{"rendered":"https:\/\/www.webdo.tn\/fr\/?p=377174"},"modified":"2025-06-11T14:29:44","modified_gmt":"2025-06-11T13:29:44","slug":"tunisie-la-federation-generale-de-lagriculture-entame-des-actions-de-protestation","status":"publish","type":"post","link":"https:\/\/www.webdo.tn\/fr\/actualite\/national\/tunisie-la-federation-generale-de-lagriculture-entame-des-actions-de-protestation\/377174\/","title":{"rendered":"Tunisie : La F\u00e9d\u00e9ration g\u00e9n\u00e9rale de l\u2019agriculture entame des actions de protestation"},"content":{"rendered":"\n<p><strong>La col\u00e8re monte dans le secteur agricole : des sit-in et un pr\u00e9avis de gr\u00e8ve sont pr\u00e9vus pour faire entendre les revendications des agents du minist\u00e8re de l\u2019Agriculture.<\/strong><\/p>\n\n\n\n<p>La F\u00e9d\u00e9ration g\u00e9n\u00e9rale de l\u2019agriculture, affili\u00e9e \u00e0 l\u2019Union g\u00e9n\u00e9rale tunisienne du travail (UGTT), annonce le lancement de mouvements sectoriels de protestation \u00e0 partir du 12 juin 2025. La premi\u00e8re \u00e9tape consistera en le port du brassard rouge de 8h \u00e0 10h du matin, comme forme de protestation symbolique.<\/p>\n\n\n\n<p>Ces actions s\u2019inscrivent dans le cadre des d\u00e9cisions prises par la commission administrative extraordinaire du 27 mai dernier, en r\u00e9action \u00e0 la non-application d\u2019accords sign\u00e9s avec les autorit\u00e9s, notamment ceux des 6 f\u00e9vrier 2021 et 15 septembre 2022, portant sur des dispositions financi\u00e8res et r\u00e9glementaires.<\/p>\n\n\n\n<p>Parmi les principales revendications figurent, la mise en \u0153uvre effective des accords pr\u00e9cit\u00e9s ; l\u2019adoption des statuts particuliers pour les cadres administratifs, les techniciens et les ouvriers forestiers ; la publication du code des m\u00e9tiers pour les agents du minist\u00e8re ; la cr\u00e9ation d\u2019un Office national des for\u00eats ; la fourniture de moyens logistiques de travail aux agents forestiers ; l\u2019ouverture des concours de promotion pour les ann\u00e9es 2023, 2024 et 2025 ; la r\u00e9solution urgente du probl\u00e8me des tenues de travail ; et le versement des primes dues, telles que la prime de d\u00e9placement et celle du travail de nuit.<\/p>\n\n\n\n<p>La f\u00e9d\u00e9ration appelle \u00e9galement \u00e0 une grande manifestation sectorielle devant le minist\u00e8re de l\u2019Agriculture le 19 juin, suivie d\u2019une gr\u00e8ve g\u00e9n\u00e9rale dans toutes les institutions et administrations relevant du secteur \u00e0 une date encore \u00e0 pr\u00e9ciser.<\/p>\n","protected":false},"excerpt":{"rendered":"<p>La col\u00e8re monte dans le secteur agricole : des sit-in et un pr\u00e9avis de gr\u00e8ve sont pr\u00e9vus pour faire entendre les revendications des agents du minist\u00e8re de l\u2019Agriculture. La F\u00e9d\u00e9ration g\u00e9n\u00e9rale de l\u2019agriculture, affili\u00e9e \u00e0 l\u2019Union g\u00e9n\u00e9rale tunisienne du travail (UGTT), annonce le lancement de mouvements sectoriels de protestation \u00e0 partir du 12 juin 2025. [&hellip;]<\/p>\n","protected":false},"author":3191,"featured_media":377175,"comment_status":"open","ping_status":"open","sticky":false,"template":"","format":"standard","meta":{"footnotes":""},"categories":[44],"tags":[3271,2817,2608,2649],"class_list":["post-377174","post","type-post","status-publish","format-standard","has-post-thumbnail","hentry","category-national","tag-agriculture","tag-manifestation","tag-tunisie","tag-ugtt"],"yoast_head":"<!-- This site is optimized with the Yoast SEO Premium plugin v27.5 (Yoast SEO v27.5) - https:\/\/yoast.com\/product\/yoast-seo-premium-wordpress\/ -->\n<title>Tunisie : La F\u00e9d\u00e9ration g\u00e9n\u00e9rale de l\u2019agriculture entame des actions de protestation - webdo<\/title>\n<meta name=\"description\" content=\"La F\u00e9d\u00e9ration g\u00e9n\u00e9rale de l\u2019agriculture lance des protestations d\u00e8s le 12 juin pour exiger l\u2019application d\u2019accords sociaux et l\u2019am\u00e9lioration des conditions de travail dans le secteur. Une gr\u00e8ve et une manifestation sont pr\u00e9vues.\" \/>\n<link rel=\"canonical\" href=\"https:\/\/www.webdo.tn\/fr\/actualite\/national\/tunisie-la-federation-generale-de-lagriculture-entame-des-actions-de-protestation\/377174\/\" \/>\n<meta property=\"og:locale\" content=\"fr_FR\" \/>\n<meta property=\"og:type\" content=\"article\" \/>\n<meta property=\"og:title\" content=\"Tunisie : La F\u00e9d\u00e9ration g\u00e9n\u00e9rale de l\u2019agriculture entame des actions de protestation\" \/>\n<meta property=\"og:description\" content=\"La F\u00e9d\u00e9ration g\u00e9n\u00e9rale de l\u2019agriculture lance des protestations d\u00e8s le 12 juin pour exiger l\u2019application d\u2019accords sociaux et l\u2019am\u00e9lioration des conditions de travail dans le secteur. Une gr\u00e8ve et une manifestation sont pr\u00e9vues.\" \/>\n<meta property=\"og:url\" content=\"https:\/\/www.webdo.tn\/fr\/actualite\/national\/tunisie-la-federation-generale-de-lagriculture-entame-des-actions-de-protestation\/377174\/\" \/>\n<meta property=\"og:site_name\" content=\"webdo\" \/>\n<meta property=\"article:publisher\" content=\"https:\/\/www.facebook.com\/webdotn\" \/>\n<meta property=\"article:published_time\" content=\"2025-06-11T11:52:34+00:00\" \/>\n<meta property=\"article:modified_time\" content=\"2025-06-11T13:29:44+00:00\" \/>\n<meta property=\"og:image\" content=\"https:\/\/www.webdo.tn\/fr\/wp-content\/uploads\/2025\/06\/1749640781.jpg\" \/>\n\t<meta property=\"og:image:width\" content=\"800\" \/>\n\t<meta property=\"og:image:height\" content=\"450\" \/>\n\t<meta property=\"og:image:type\" content=\"image\/jpeg\" \/>\n<meta name=\"author\" content=\"Mohamed Hedi Touati\" \/>\n<meta name=\"twitter:card\" content=\"summary_large_image\" \/>\n<meta name=\"twitter:creator\" content=\"@webdo_tn\" \/>\n<meta name=\"twitter:site\" content=\"@webdo_tn\" \/>\n<meta name=\"twitter:label1\" content=\"\u00c9crit par\" \/>\n\t<meta name=\"twitter:data1\" content=\"Mohamed Hedi Touati\" \/>\n\t<meta name=\"twitter:label2\" content=\"Dur\u00e9e de lecture estim\u00e9e\" \/>\n\t<meta name=\"twitter:data2\" content=\"2 minutes\" \/>\n<script type=\"application\/ld+json\" class=\"yoast-schema-graph\">{\"@context\":\"https:\\\/\\\/schema.org\",\"@graph\":[{\"@type\":\"NewsArticle\",\"@id\":\"https:\\\/\\\/www.webdo.tn\\\/fr\\\/actualite\\\/national\\\/tunisie-la-federation-generale-de-lagriculture-entame-des-actions-de-protestation\\\/377174\\\/#article\",\"isPartOf\":{\"@id\":\"https:\\\/\\\/www.webdo.tn\\\/fr\\\/actualite\\\/national\\\/tunisie-la-federation-generale-de-lagriculture-entame-des-actions-de-protestation\\\/377174\\\/\"},\"author\":{\"name\":\"Mohamed Hedi Touati\",\"@id\":\"https:\\\/\\\/www.webdo.tn\\\/fr\\\/#\\\/schema\\\/person\\\/c652cd8fc2b1b44412b5ffb48c5a911d\"},\"headline\":\"Tunisie : La F\u00e9d\u00e9ration g\u00e9n\u00e9rale de l\u2019agriculture entame des actions de protestation\",\"datePublished\":\"2025-06-11T11:52:34+00:00\",\"dateModified\":\"2025-06-11T13:29:44+00:00\",\"mainEntityOfPage\":{\"@id\":\"https:\\\/\\\/www.webdo.tn\\\/fr\\\/actualite\\\/national\\\/tunisie-la-federation-generale-de-lagriculture-entame-des-actions-de-protestation\\\/377174\\\/\"},\"wordCount\":295,\"commentCount\":0,\"publisher\":{\"@id\":\"https:\\\/\\\/www.webdo.tn\\\/fr\\\/#organization\"},\"image\":{\"@id\":\"https:\\\/\\\/www.webdo.tn\\\/fr\\\/actualite\\\/national\\\/tunisie-la-federation-generale-de-lagriculture-entame-des-actions-de-protestation\\\/377174\\\/#primaryimage\"},\"thumbnailUrl\":\"https:\\\/\\\/www.webdo.tn\\\/fr\\\/wp-content\\\/uploads\\\/2025\\\/06\\\/1749640781.jpg\",\"keywords\":[\"agriculture\",\"Manifestation\",\"Tunisie\",\"UGTT\"],\"articleSection\":[\"National\"],\"inLanguage\":\"fr-FR\"},{\"@type\":\"WebPage\",\"@id\":\"https:\\\/\\\/www.webdo.tn\\\/fr\\\/actualite\\\/national\\\/tunisie-la-federation-generale-de-lagriculture-entame-des-actions-de-protestation\\\/377174\\\/\",\"url\":\"https:\\\/\\\/www.webdo.tn\\\/fr\\\/actualite\\\/national\\\/tunisie-la-federation-generale-de-lagriculture-entame-des-actions-de-protestation\\\/377174\\\/\",\"name\":\"Tunisie : La F\u00e9d\u00e9ration g\u00e9n\u00e9rale de l\u2019agriculture entame des actions de protestation - webdo\",\"isPartOf\":{\"@id\":\"https:\\\/\\\/www.webdo.tn\\\/fr\\\/#website\"},\"primaryImageOfPage\":{\"@id\":\"https:\\\/\\\/www.webdo.tn\\\/fr\\\/actualite\\\/national\\\/tunisie-la-federation-generale-de-lagriculture-entame-des-actions-de-protestation\\\/377174\\\/#primaryimage\"},\"image\":{\"@id\":\"https:\\\/\\\/www.webdo.tn\\\/fr\\\/actualite\\\/national\\\/tunisie-la-federation-generale-de-lagriculture-entame-des-actions-de-protestation\\\/377174\\\/#primaryimage\"},\"thumbnailUrl\":\"https:\\\/\\\/www.webdo.tn\\\/fr\\\/wp-content\\\/uploads\\\/2025\\\/06\\\/1749640781.jpg\",\"datePublished\":\"2025-06-11T11:52:34+00:00\",\"dateModified\":\"2025-06-11T13:29:44+00:00\",\"description\":\"La F\u00e9d\u00e9ration g\u00e9n\u00e9rale de l\u2019agriculture lance des protestations d\u00e8s le 12 juin pour exiger l\u2019application d\u2019accords sociaux et l\u2019am\u00e9lioration des conditions de travail dans le secteur. Une gr\u00e8ve et une manifestation sont pr\u00e9vues.\",\"breadcrumb\":{\"@id\":\"https:\\\/\\\/www.webdo.tn\\\/fr\\\/actualite\\\/national\\\/tunisie-la-federation-generale-de-lagriculture-entame-des-actions-de-protestation\\\/377174\\\/#breadcrumb\"},\"inLanguage\":\"fr-FR\",\"potentialAction\":[{\"@type\":\"ReadAction\",\"target\":[\"https:\\\/\\\/www.webdo.tn\\\/fr\\\/actualite\\\/national\\\/tunisie-la-federation-generale-de-lagriculture-entame-des-actions-de-protestation\\\/377174\\\/\"]}]},{\"@type\":\"ImageObject\",\"inLanguage\":\"fr-FR\",\"@id\":\"https:\\\/\\\/www.webdo.tn\\\/fr\\\/actualite\\\/national\\\/tunisie-la-federation-generale-de-lagriculture-entame-des-actions-de-protestation\\\/377174\\\/#primaryimage\",\"url\":\"https:\\\/\\\/www.webdo.tn\\\/fr\\\/wp-content\\\/uploads\\\/2025\\\/06\\\/1749640781.jpg\",\"contentUrl\":\"https:\\\/\\\/www.webdo.tn\\\/fr\\\/wp-content\\\/uploads\\\/2025\\\/06\\\/1749640781.jpg\",\"width\":800,\"height\":450},{\"@type\":\"BreadcrumbList\",\"@id\":\"https:\\\/\\\/www.webdo.tn\\\/fr\\\/actualite\\\/national\\\/tunisie-la-federation-generale-de-lagriculture-entame-des-actions-de-protestation\\\/377174\\\/#breadcrumb\",\"itemListElement\":[{\"@type\":\"ListItem\",\"position\":1,\"name\":\"Accueil\",\"item\":\"https:\\\/\\\/www.webdo.tn\\\/fr\\\/\"},{\"@type\":\"ListItem\",\"position\":2,\"name\":\"Tunisie : La F\u00e9d\u00e9ration g\u00e9n\u00e9rale de l\u2019agriculture entame des actions de protestation\"}]},{\"@type\":\"WebSite\",\"@id\":\"https:\\\/\\\/www.webdo.tn\\\/fr\\\/#website\",\"url\":\"https:\\\/\\\/www.webdo.tn\\\/fr\\\/\",\"name\":\"webdo\",\"description\":\"Tunisie - News en Tunisie et \u00e0 l&#039;international sur Webdo.tn\",\"publisher\":{\"@id\":\"https:\\\/\\\/www.webdo.tn\\\/fr\\\/#organization\"},\"potentialAction\":[{\"@type\":\"SearchAction\",\"target\":{\"@type\":\"EntryPoint\",\"urlTemplate\":\"https:\\\/\\\/www.webdo.tn\\\/fr\\\/?s={search_term_string}\"},\"query-input\":{\"@type\":\"PropertyValueSpecification\",\"valueRequired\":true,\"valueName\":\"search_term_string\"}}],\"inLanguage\":\"fr-FR\"},{\"@type\":\"Organization\",\"@id\":\"https:\\\/\\\/www.webdo.tn\\\/fr\\\/#organization\",\"name\":\"Webdo\",\"alternateName\":\"Webdo.tn\",\"url\":\"https:\\\/\\\/www.webdo.tn\\\/fr\\\/\",\"logo\":{\"@type\":\"ImageObject\",\"inLanguage\":\"fr-FR\",\"@id\":\"https:\\\/\\\/www.webdo.tn\\\/fr\\\/#\\\/schema\\\/logo\\\/image\\\/\",\"url\":\"https:\\\/\\\/www.webdo.tn\\\/fr\\\/wp-content\\\/uploads\\\/2025\\\/06\\\/Webdo-Tunisie_168377.jpg\",\"contentUrl\":\"https:\\\/\\\/www.webdo.tn\\\/fr\\\/wp-content\\\/uploads\\\/2025\\\/06\\\/Webdo-Tunisie_168377.jpg\",\"width\":301,\"height\":301,\"caption\":\"Webdo\"},\"image\":{\"@id\":\"https:\\\/\\\/www.webdo.tn\\\/fr\\\/#\\\/schema\\\/logo\\\/image\\\/\"},\"sameAs\":[\"https:\\\/\\\/www.facebook.com\\\/webdotn\",\"https:\\\/\\\/x.com\\\/webdo_tn\"],\"description\":\"Webdo est un m\u00e9dia num\u00e9rique tunisien fond\u00e9 en 2010, sp\u00e9cialis\u00e9 dans l\u2019actualit\u00e9 nationale et internationale, l\u2019\u00e9conomie, la soci\u00e9t\u00e9 et les analyses politiques. Le site s\u2019adresse \u00e0 un large public francophone et couvre l\u2019information tunisienne en temps r\u00e9el.\",\"email\":\"redac@webdo.tn\",\"legalName\":\"YNJ SARL\",\"foundingDate\":\"2010-09-06\",\"numberOfEmployees\":{\"@type\":\"QuantitativeValue\",\"minValue\":\"11\",\"maxValue\":\"50\"}},{\"@type\":\"Person\",\"@id\":\"https:\\\/\\\/www.webdo.tn\\\/fr\\\/#\\\/schema\\\/person\\\/c652cd8fc2b1b44412b5ffb48c5a911d\",\"name\":\"Mohamed Hedi Touati\",\"image\":{\"@type\":\"ImageObject\",\"inLanguage\":\"fr-FR\",\"@id\":\"https:\\\/\\\/secure.gravatar.com\\\/avatar\\\/9cfd402c745b7a685f13eed0ea6e59d2144a3c2fc50a3db6fd5ed451f6cddf1a?s=96&d=mm&r=g\",\"url\":\"https:\\\/\\\/secure.gravatar.com\\\/avatar\\\/9cfd402c745b7a685f13eed0ea6e59d2144a3c2fc50a3db6fd5ed451f6cddf1a?s=96&d=mm&r=g\",\"contentUrl\":\"https:\\\/\\\/secure.gravatar.com\\\/avatar\\\/9cfd402c745b7a685f13eed0ea6e59d2144a3c2fc50a3db6fd5ed451f6cddf1a?s=96&d=mm&r=g\",\"caption\":\"Mohamed Hedi Touati\"},\"url\":\"https:\\\/\\\/www.webdo.tn\\\/fr\\\/actualite\\\/author\\\/mohamed-hedi-touati\\\/\"}]}<\/script>\n<!-- \/ Yoast SEO Premium plugin. -->","yoast_head_json":{"title":"Tunisie : La F\u00e9d\u00e9ration g\u00e9n\u00e9rale de l\u2019agriculture entame des actions de protestation - webdo","description":"La F\u00e9d\u00e9ration g\u00e9n\u00e9rale de l\u2019agriculture lance des protestations d\u00e8s le 12 juin pour exiger l\u2019application d\u2019accords sociaux et l\u2019am\u00e9lioration des conditions de travail dans le secteur. Une gr\u00e8ve et une manifestation sont pr\u00e9vues.","canonical":"https:\/\/www.webdo.tn\/fr\/actualite\/national\/tunisie-la-federation-generale-de-lagriculture-entame-des-actions-de-protestation\/377174\/","og_locale":"fr_FR","og_type":"article","og_title":"Tunisie : La F\u00e9d\u00e9ration g\u00e9n\u00e9rale de l\u2019agriculture entame des actions de protestation","og_description":"La F\u00e9d\u00e9ration g\u00e9n\u00e9rale de l\u2019agriculture lance des protestations d\u00e8s le 12 juin pour exiger l\u2019application d\u2019accords sociaux et l\u2019am\u00e9lioration des conditions de travail dans le secteur. Une gr\u00e8ve et une manifestation sont pr\u00e9vues.","og_url":"https:\/\/www.webdo.tn\/fr\/actualite\/national\/tunisie-la-federation-generale-de-lagriculture-entame-des-actions-de-protestation\/377174\/","og_site_name":"webdo","article_publisher":"https:\/\/www.facebook.com\/webdotn","article_published_time":"2025-06-11T11:52:34+00:00","article_modified_time":"2025-06-11T13:29:44+00:00","og_image":[{"width":800,"height":450,"url":"https:\/\/www.webdo.tn\/fr\/wp-content\/uploads\/2025\/06\/1749640781.jpg","type":"image\/jpeg"}],"author":"Mohamed Hedi Touati","twitter_card":"summary_large_image","twitter_creator":"@webdo_tn","twitter_site":"@webdo_tn","twitter_misc":{"\u00c9crit par":"Mohamed Hedi Touati","Dur\u00e9e de lecture estim\u00e9e":"2 minutes"},"schema":{"@context":"https:\/\/schema.org","@graph":[{"@type":"NewsArticle","@id":"https:\/\/www.webdo.tn\/fr\/actualite\/national\/tunisie-la-federation-generale-de-lagriculture-entame-des-actions-de-protestation\/377174\/#article","isPartOf":{"@id":"https:\/\/www.webdo.tn\/fr\/actualite\/national\/tunisie-la-federation-generale-de-lagriculture-entame-des-actions-de-protestation\/377174\/"},"author":{"name":"Mohamed Hedi Touati","@id":"https:\/\/www.webdo.tn\/fr\/#\/schema\/person\/c652cd8fc2b1b44412b5ffb48c5a911d"},"headline":"Tunisie : La F\u00e9d\u00e9ration g\u00e9n\u00e9rale de l\u2019agriculture entame des actions de protestation","datePublished":"2025-06-11T11:52:34+00:00","dateModified":"2025-06-11T13:29:44+00:00","mainEntityOfPage":{"@id":"https:\/\/www.webdo.tn\/fr\/actualite\/national\/tunisie-la-federation-generale-de-lagriculture-entame-des-actions-de-protestation\/377174\/"},"wordCount":295,"commentCount":0,"publisher":{"@id":"https:\/\/www.webdo.tn\/fr\/#organization"},"image":{"@id":"https:\/\/www.webdo.tn\/fr\/actualite\/national\/tunisie-la-federation-generale-de-lagriculture-entame-des-actions-de-protestation\/377174\/#primaryimage"},"thumbnailUrl":"https:\/\/www.webdo.tn\/fr\/wp-content\/uploads\/2025\/06\/1749640781.jpg","keywords":["agriculture","Manifestation","Tunisie","UGTT"],"articleSection":["National"],"inLanguage":"fr-FR"},{"@type":"WebPage","@id":"https:\/\/www.webdo.tn\/fr\/actualite\/national\/tunisie-la-federation-generale-de-lagriculture-entame-des-actions-de-protestation\/377174\/","url":"https:\/\/www.webdo.tn\/fr\/actualite\/national\/tunisie-la-federation-generale-de-lagriculture-entame-des-actions-de-protestation\/377174\/","name":"Tunisie : La F\u00e9d\u00e9ration g\u00e9n\u00e9rale de l\u2019agriculture entame des actions de protestation - webdo","isPartOf":{"@id":"https:\/\/www.webdo.tn\/fr\/#website"},"primaryImageOfPage":{"@id":"https:\/\/www.webdo.tn\/fr\/actualite\/national\/tunisie-la-federation-generale-de-lagriculture-entame-des-actions-de-protestation\/377174\/#primaryimage"},"image":{"@id":"https:\/\/www.webdo.tn\/fr\/actualite\/national\/tunisie-la-federation-generale-de-lagriculture-entame-des-actions-de-protestation\/377174\/#primaryimage"},"thumbnailUrl":"https:\/\/www.webdo.tn\/fr\/wp-content\/uploads\/2025\/06\/1749640781.jpg","datePublished":"2025-06-11T11:52:34+00:00","dateModified":"2025-06-11T13:29:44+00:00","description":"La F\u00e9d\u00e9ration g\u00e9n\u00e9rale de l\u2019agriculture lance des protestations d\u00e8s le 12 juin pour exiger l\u2019application d\u2019accords sociaux et l\u2019am\u00e9lioration des conditions de travail dans le secteur. Une gr\u00e8ve et une manifestation sont pr\u00e9vues.","breadcrumb":{"@id":"https:\/\/www.webdo.tn\/fr\/actualite\/national\/tunisie-la-federation-generale-de-lagriculture-entame-des-actions-de-protestation\/377174\/#breadcrumb"},"inLanguage":"fr-FR","potentialAction":[{"@type":"ReadAction","target":["https:\/\/www.webdo.tn\/fr\/actualite\/national\/tunisie-la-federation-generale-de-lagriculture-entame-des-actions-de-protestation\/377174\/"]}]},{"@type":"ImageObject","inLanguage":"fr-FR","@id":"https:\/\/www.webdo.tn\/fr\/actualite\/national\/tunisie-la-federation-generale-de-lagriculture-entame-des-actions-de-protestation\/377174\/#primaryimage","url":"https:\/\/www.webdo.tn\/fr\/wp-content\/uploads\/2025\/06\/1749640781.jpg","contentUrl":"https:\/\/www.webdo.tn\/fr\/wp-content\/uploads\/2025\/06\/1749640781.jpg","width":800,"height":450},{"@type":"BreadcrumbList","@id":"https:\/\/www.webdo.tn\/fr\/actualite\/national\/tunisie-la-federation-generale-de-lagriculture-entame-des-actions-de-protestation\/377174\/#breadcrumb","itemListElement":[{"@type":"ListItem","position":1,"name":"Accueil","item":"https:\/\/www.webdo.tn\/fr\/"},{"@type":"ListItem","position":2,"name":"Tunisie : La F\u00e9d\u00e9ration g\u00e9n\u00e9rale de l\u2019agriculture entame des actions de protestation"}]},{"@type":"WebSite","@id":"https:\/\/www.webdo.tn\/fr\/#website","url":"https:\/\/www.webdo.tn\/fr\/","name":"webdo","description":"Tunisie - News en Tunisie et \u00e0 l&#039;international sur Webdo.tn","publisher":{"@id":"https:\/\/www.webdo.tn\/fr\/#organization"},"potentialAction":[{"@type":"SearchAction","target":{"@type":"EntryPoint","urlTemplate":"https:\/\/www.webdo.tn\/fr\/?s={search_term_string}"},"query-input":{"@type":"PropertyValueSpecification","valueRequired":true,"valueName":"search_term_string"}}],"inLanguage":"fr-FR"},{"@type":"Organization","@id":"https:\/\/www.webdo.tn\/fr\/#organization","name":"Webdo","alternateName":"Webdo.tn","url":"https:\/\/www.webdo.tn\/fr\/","logo":{"@type":"ImageObject","inLanguage":"fr-FR","@id":"https:\/\/www.webdo.tn\/fr\/#\/schema\/logo\/image\/","url":"https:\/\/www.webdo.tn\/fr\/wp-content\/uploads\/2025\/06\/Webdo-Tunisie_168377.jpg","contentUrl":"https:\/\/www.webdo.tn\/fr\/wp-content\/uploads\/2025\/06\/Webdo-Tunisie_168377.jpg","width":301,"height":301,"caption":"Webdo"},"image":{"@id":"https:\/\/www.webdo.tn\/fr\/#\/schema\/logo\/image\/"},"sameAs":["https:\/\/www.facebook.com\/webdotn","https:\/\/x.com\/webdo_tn"],"description":"Webdo est un m\u00e9dia num\u00e9rique tunisien fond\u00e9 en 2010, sp\u00e9cialis\u00e9 dans l\u2019actualit\u00e9 nationale et internationale, l\u2019\u00e9conomie, la soci\u00e9t\u00e9 et les analyses politiques. Le site s\u2019adresse \u00e0 un large public francophone et couvre l\u2019information tunisienne en temps r\u00e9el.","email":"redac@webdo.tn","legalName":"YNJ SARL","foundingDate":"2010-09-06","numberOfEmployees":{"@type":"QuantitativeValue","minValue":"11","maxValue":"50"}},{"@type":"Person","@id":"https:\/\/www.webdo.tn\/fr\/#\/schema\/person\/c652cd8fc2b1b44412b5ffb48c5a911d","name":"Mohamed Hedi Touati","image":{"@type":"ImageObject","inLanguage":"fr-FR","@id":"https:\/\/secure.gravatar.com\/avatar\/9cfd402c745b7a685f13eed0ea6e59d2144a3c2fc50a3db6fd5ed451f6cddf1a?s=96&d=mm&r=g","url":"https:\/\/secure.gravatar.com\/avatar\/9cfd402c745b7a685f13eed0ea6e59d2144a3c2fc50a3db6fd5ed451f6cddf1a?s=96&d=mm&r=g","contentUrl":"https:\/\/secure.gravatar.com\/avatar\/9cfd402c745b7a685f13eed0ea6e59d2144a3c2fc50a3db6fd5ed451f6cddf1a?s=96&d=mm&r=g","caption":"Mohamed Hedi Touati"},"url":"https:\/\/www.webdo.tn\/fr\/actualite\/author\/mohamed-hedi-touati\/"}]}},"_links":{"self":[{"href":"https:\/\/www.webdo.tn\/fr\/wp-json\/wp\/v2\/posts\/377174","targetHints":{"allow":["GET"]}}],"collection":[{"href":"https:\/\/www.webdo.tn\/fr\/wp-json\/wp\/v2\/posts"}],"about":[{"href":"https:\/\/www.webdo.tn\/fr\/wp-json\/wp\/v2\/types\/post"}],"author":[{"embeddable":true,"href":"https:\/\/www.webdo.tn\/fr\/wp-json\/wp\/v2\/users\/3191"}],"replies":[{"embeddable":true,"href":"https:\/\/www.webdo.tn\/fr\/wp-json\/wp\/v2\/comments?post=377174"}],"version-history":[{"count":0,"href":"https:\/\/www.webdo.tn\/fr\/wp-json\/wp\/v2\/posts\/377174\/revisions"}],"wp:featuredmedia":[{"embeddable":true,"href":"https:\/\/www.webdo.tn\/fr\/wp-json\/wp\/v2\/media\/377175"}],"wp:attachment":[{"href":"https:\/\/www.webdo.tn\/fr\/wp-json\/wp\/v2\/media?parent=377174"}],"wp:term":[{"taxonomy":"category","embeddable":true,"href":"https:\/\/www.webdo.tn\/fr\/wp-json\/wp\/v2\/categories?post=377174"},{"taxonomy":"post_tag","embeddable":true,"href":"https:\/\/www.webdo.tn\/fr\/wp-json\/wp\/v2\/tags?post=377174"}],"curies":[{"name":"wp","href":"https:\/\/api.w.org\/{rel}","templated":true}]}}