{"id":377165,"date":"2025-06-11T12:25:42","date_gmt":"2025-06-11T11:25:42","guid":{"rendered":"https:\/\/www.webdo.tn\/fr\/?p=377165"},"modified":"2025-06-12T08:24:57","modified_gmt":"2025-06-12T07:24:57","slug":"migrations-les-entrees-irregulieres-dans-lunion-europeenne-en-recul-de-20","status":"publish","type":"post","link":"https:\/\/www.webdo.tn\/fr\/actualite\/international\/migrations-les-entrees-irregulieres-dans-lunion-europeenne-en-recul-de-20\/377165\/","title":{"rendered":"Migrations : Les entr\u00e9es irr\u00e9guli\u00e8res dans l\u2019Union europ\u00e9enne en recul de 20%"},"content":{"rendered":"\n<p><strong>Selon l\u2019agence Frontex, les franchissements irr\u00e9guliers des fronti\u00e8res ext\u00e9rieures de l\u2019Union europ\u00e9enne ont baiss\u00e9 de 20% sur les cinq premiers mois de 2025, avec 63 700 passages recens\u00e9s. Une tendance contrast\u00e9e selon les routes migratoires.<\/strong><\/p>\n\n\n\n<p>L\u2019Union europ\u00e9enne enregistre une diminution notable des arriv\u00e9es de migrants en situation irr\u00e9guli\u00e8re. Entre janvier et mai 2025, 63 700 franchissements non autoris\u00e9s ont \u00e9t\u00e9 d\u00e9tect\u00e9s aux fronti\u00e8res ext\u00e9rieures de l\u2019UE, soit une baisse de 20% par rapport \u00e0 la m\u00eame p\u00e9riode en 2024, a annonc\u00e9 ce mercredi l\u2019agence europ\u00e9enne de surveillance des fronti\u00e8res, Frontex, dans un communiqu\u00e9.<\/p>\n\n\n\n<p>Ces chiffres concernent principalement des personnes originaires d\u2019Afghanistan, du Bangladesh et du Mali. L\u2019agence, bas\u00e9e \u00e0 Varsovie, pr\u00e9cise toutefois que ces donn\u00e9es se fondent sur le nombre de d\u00e9tections et non de personnes uniques, certaines travers\u00e9es \u00e9tant comptabilis\u00e9es plusieurs fois lorsqu\u2019un migrant franchit la fronti\u00e8re \u00e0 diff\u00e9rents endroits.<br><\/p>\n\n\n\n<p><strong>Forte baisse dans les Balkans et en M\u00e9diterran\u00e9e orientale<\/strong><\/p>\n\n\n\n<p>La tendance \u00e0 la baisse se manifeste de mani\u00e8re significative sur plusieurs routes migratoires. Les Balkans occidentaux enregistrent le recul le plus marqu\u00e9 avec 56% de passages en moins, suivis par la route ouest-africaine (-35%) et la M\u00e9diterran\u00e9e orientale (-30%). Les arriv\u00e9es depuis le B\u00e9larus vers la Pologne et les pays baltes ont \u00e9galement diminu\u00e9 de 7%, avec 5 062 passages recens\u00e9s sur la p\u00e9riode.<br><\/p>\n\n\n\n<p><strong>L\u00e9g\u00e8re hausse vers l\u2019Italie et forte pression sur la Manche<\/strong><\/p>\n\n\n\n<p>En revanche, la M\u00e9diterran\u00e9e centrale, qui m\u00e8ne notamment vers l\u2019Italie, conna\u00eet une l\u00e9g\u00e8re hausse de 7% des franchissements irr\u00e9guliers. Parall\u00e8lement, les tentatives de travers\u00e9e de la Manche vers le Royaume-Uni continuent d\u2019augmenter : 25 540 personnes ont tent\u00e9 la travers\u00e9e entre janvier et mai, soit une progression de 17% par rapport \u00e0 l\u2019ann\u00e9e pr\u00e9c\u00e9dente.<\/p>\n\n\n\n<p>Frontex note que les r\u00e9seaux de passeurs adaptent leurs m\u00e9thodes, recourant notamment \u00e0 des d\u00e9parts simultan\u00e9s pour multiplier les chances de franchissements r\u00e9ussis.<br><\/p>\n\n\n\n<p><strong>Une baisse globale apr\u00e8s le pic de 2023<\/strong><\/p>\n\n\n\n<p>L\u2019agence rappelle qu\u2019en 2024, les franchissements irr\u00e9guliers des fronti\u00e8res ext\u00e9rieures de l\u2019Union europ\u00e9enne ont diminu\u00e9 de 38%, \u00e0 239 000, apr\u00e8s avoir atteint un plus haut niveau en dix ans en 2023.<\/p>\n\n\n\n<p>Cette \u00e9volution contrast\u00e9e t\u00e9moigne \u00e0 la fois d\u2019un durcissement des contr\u00f4les, mais aussi de la capacit\u00e9 d\u2019adaptation des r\u00e9seaux migratoires, dans un contexte toujours tendu aux portes de l\u2019Europe.<\/p>\n","protected":false},"excerpt":{"rendered":"<p>Selon l\u2019agence Frontex, les franchissements irr\u00e9guliers des fronti\u00e8res ext\u00e9rieures de l\u2019Union europ\u00e9enne ont baiss\u00e9 de 20% sur les cinq premiers mois de 2025, avec 63 700 passages recens\u00e9s. Une tendance contrast\u00e9e selon les routes migratoires. L\u2019Union europ\u00e9enne enregistre une diminution notable des arriv\u00e9es de migrants en situation irr\u00e9guli\u00e8re. Entre janvier et mai 2025, 63 700 [&hellip;]<\/p>\n","protected":false},"author":3191,"featured_media":377170,"comment_status":"open","ping_status":"open","sticky":false,"template":"","format":"standard","meta":{"footnotes":""},"categories":[2598],"tags":[8678,7925,2896],"class_list":["post-377165","post","type-post","status-publish","format-standard","has-post-thumbnail","hentry","category-international","tag-immigration-irreguliere","tag-migrants-irreguliers","tag-union-europeenne"],"yoast_head":"<!-- This site is optimized with the Yoast SEO Premium plugin v27.5 (Yoast SEO v27.5) - https:\/\/yoast.com\/product\/yoast-seo-premium-wordpress\/ -->\n<title>Migrations : Les entr\u00e9es irr\u00e9guli\u00e8res dans l\u2019Union europ\u00e9enne en recul de 20% - webdo<\/title>\n<meta name=\"description\" content=\"Frontex annonce une baisse de 20 % des entr\u00e9es irr\u00e9guli\u00e8res dans l\u2019UE entre janvier et mai 2025. Les Balkans, l\u2019Afrique de l\u2019Ouest et la M\u00e9diterran\u00e9e orientale sont les zones les plus concern\u00e9es.\" \/>\n<link rel=\"canonical\" href=\"https:\/\/www.webdo.tn\/fr\/actualite\/international\/migrations-les-entrees-irregulieres-dans-lunion-europeenne-en-recul-de-20\/377165\/\" \/>\n<meta property=\"og:locale\" content=\"fr_FR\" \/>\n<meta property=\"og:type\" content=\"article\" \/>\n<meta property=\"og:title\" content=\"Migrations : Les entr\u00e9es irr\u00e9guli\u00e8res dans l\u2019Union europ\u00e9enne en recul de 20%\" \/>\n<meta property=\"og:description\" content=\"Frontex annonce une baisse de 20 % des entr\u00e9es irr\u00e9guli\u00e8res dans l\u2019UE entre janvier et mai 2025. Les Balkans, l\u2019Afrique de l\u2019Ouest et la M\u00e9diterran\u00e9e orientale sont les zones les plus concern\u00e9es.\" \/>\n<meta property=\"og:url\" content=\"https:\/\/www.webdo.tn\/fr\/actualite\/international\/migrations-les-entrees-irregulieres-dans-lunion-europeenne-en-recul-de-20\/377165\/\" \/>\n<meta property=\"og:site_name\" content=\"webdo\" \/>\n<meta property=\"article:publisher\" content=\"https:\/\/www.facebook.com\/webdotn\" \/>\n<meta property=\"article:published_time\" content=\"2025-06-11T11:25:42+00:00\" \/>\n<meta property=\"article:modified_time\" content=\"2025-06-12T07:24:57+00:00\" \/>\n<meta property=\"og:image\" content=\"https:\/\/www.webdo.tn\/fr\/wp-content\/uploads\/2025\/06\/000_347W9BC.jpg\" \/>\n\t<meta property=\"og:image:width\" content=\"1280\" \/>\n\t<meta property=\"og:image:height\" content=\"720\" \/>\n\t<meta property=\"og:image:type\" content=\"image\/jpeg\" \/>\n<meta name=\"author\" content=\"Mohamed Hedi Touati\" \/>\n<meta name=\"twitter:card\" content=\"summary_large_image\" \/>\n<meta name=\"twitter:creator\" content=\"@webdo_tn\" \/>\n<meta name=\"twitter:site\" content=\"@webdo_tn\" \/>\n<meta name=\"twitter:label1\" content=\"\u00c9crit par\" \/>\n\t<meta name=\"twitter:data1\" content=\"Mohamed Hedi Touati\" \/>\n\t<meta name=\"twitter:label2\" content=\"Dur\u00e9e de lecture estim\u00e9e\" \/>\n\t<meta name=\"twitter:data2\" content=\"3 minutes\" \/>\n<script type=\"application\/ld+json\" class=\"yoast-schema-graph\">{\"@context\":\"https:\\\/\\\/schema.org\",\"@graph\":[{\"@type\":\"NewsArticle\",\"@id\":\"https:\\\/\\\/www.webdo.tn\\\/fr\\\/actualite\\\/international\\\/migrations-les-entrees-irregulieres-dans-lunion-europeenne-en-recul-de-20\\\/377165\\\/#article\",\"isPartOf\":{\"@id\":\"https:\\\/\\\/www.webdo.tn\\\/fr\\\/actualite\\\/international\\\/migrations-les-entrees-irregulieres-dans-lunion-europeenne-en-recul-de-20\\\/377165\\\/\"},\"author\":{\"name\":\"Mohamed Hedi Touati\",\"@id\":\"https:\\\/\\\/www.webdo.tn\\\/fr\\\/#\\\/schema\\\/person\\\/c652cd8fc2b1b44412b5ffb48c5a911d\"},\"headline\":\"Migrations : Les entr\u00e9es irr\u00e9guli\u00e8res dans l\u2019Union europ\u00e9enne en recul de 20%\",\"datePublished\":\"2025-06-11T11:25:42+00:00\",\"dateModified\":\"2025-06-12T07:24:57+00:00\",\"mainEntityOfPage\":{\"@id\":\"https:\\\/\\\/www.webdo.tn\\\/fr\\\/actualite\\\/international\\\/migrations-les-entrees-irregulieres-dans-lunion-europeenne-en-recul-de-20\\\/377165\\\/\"},\"wordCount\":438,\"commentCount\":0,\"publisher\":{\"@id\":\"https:\\\/\\\/www.webdo.tn\\\/fr\\\/#organization\"},\"image\":{\"@id\":\"https:\\\/\\\/www.webdo.tn\\\/fr\\\/actualite\\\/international\\\/migrations-les-entrees-irregulieres-dans-lunion-europeenne-en-recul-de-20\\\/377165\\\/#primaryimage\"},\"thumbnailUrl\":\"https:\\\/\\\/www.webdo.tn\\\/fr\\\/wp-content\\\/uploads\\\/2025\\\/06\\\/000_347W9BC.jpg\",\"keywords\":[\"immigration irr\u00e9guli\u00e8re\",\"migrants irr\u00e9guliers\",\"Union europ\u00e9enne\"],\"articleSection\":[\"International\"],\"inLanguage\":\"fr-FR\"},{\"@type\":\"WebPage\",\"@id\":\"https:\\\/\\\/www.webdo.tn\\\/fr\\\/actualite\\\/international\\\/migrations-les-entrees-irregulieres-dans-lunion-europeenne-en-recul-de-20\\\/377165\\\/\",\"url\":\"https:\\\/\\\/www.webdo.tn\\\/fr\\\/actualite\\\/international\\\/migrations-les-entrees-irregulieres-dans-lunion-europeenne-en-recul-de-20\\\/377165\\\/\",\"name\":\"Migrations : Les entr\u00e9es irr\u00e9guli\u00e8res dans l\u2019Union europ\u00e9enne en recul de 20% - webdo\",\"isPartOf\":{\"@id\":\"https:\\\/\\\/www.webdo.tn\\\/fr\\\/#website\"},\"primaryImageOfPage\":{\"@id\":\"https:\\\/\\\/www.webdo.tn\\\/fr\\\/actualite\\\/international\\\/migrations-les-entrees-irregulieres-dans-lunion-europeenne-en-recul-de-20\\\/377165\\\/#primaryimage\"},\"image\":{\"@id\":\"https:\\\/\\\/www.webdo.tn\\\/fr\\\/actualite\\\/international\\\/migrations-les-entrees-irregulieres-dans-lunion-europeenne-en-recul-de-20\\\/377165\\\/#primaryimage\"},\"thumbnailUrl\":\"https:\\\/\\\/www.webdo.tn\\\/fr\\\/wp-content\\\/uploads\\\/2025\\\/06\\\/000_347W9BC.jpg\",\"datePublished\":\"2025-06-11T11:25:42+00:00\",\"dateModified\":\"2025-06-12T07:24:57+00:00\",\"description\":\"Frontex annonce une baisse de 20 % des entr\u00e9es irr\u00e9guli\u00e8res dans l\u2019UE entre janvier et mai 2025. Les Balkans, l\u2019Afrique de l\u2019Ouest et la M\u00e9diterran\u00e9e orientale sont les zones les plus concern\u00e9es.\",\"breadcrumb\":{\"@id\":\"https:\\\/\\\/www.webdo.tn\\\/fr\\\/actualite\\\/international\\\/migrations-les-entrees-irregulieres-dans-lunion-europeenne-en-recul-de-20\\\/377165\\\/#breadcrumb\"},\"inLanguage\":\"fr-FR\",\"potentialAction\":[{\"@type\":\"ReadAction\",\"target\":[\"https:\\\/\\\/www.webdo.tn\\\/fr\\\/actualite\\\/international\\\/migrations-les-entrees-irregulieres-dans-lunion-europeenne-en-recul-de-20\\\/377165\\\/\"]}]},{\"@type\":\"ImageObject\",\"inLanguage\":\"fr-FR\",\"@id\":\"https:\\\/\\\/www.webdo.tn\\\/fr\\\/actualite\\\/international\\\/migrations-les-entrees-irregulieres-dans-lunion-europeenne-en-recul-de-20\\\/377165\\\/#primaryimage\",\"url\":\"https:\\\/\\\/www.webdo.tn\\\/fr\\\/wp-content\\\/uploads\\\/2025\\\/06\\\/000_347W9BC.jpg\",\"contentUrl\":\"https:\\\/\\\/www.webdo.tn\\\/fr\\\/wp-content\\\/uploads\\\/2025\\\/06\\\/000_347W9BC.jpg\",\"width\":1280,\"height\":720},{\"@type\":\"BreadcrumbList\",\"@id\":\"https:\\\/\\\/www.webdo.tn\\\/fr\\\/actualite\\\/international\\\/migrations-les-entrees-irregulieres-dans-lunion-europeenne-en-recul-de-20\\\/377165\\\/#breadcrumb\",\"itemListElement\":[{\"@type\":\"ListItem\",\"position\":1,\"name\":\"Accueil\",\"item\":\"https:\\\/\\\/www.webdo.tn\\\/fr\\\/\"},{\"@type\":\"ListItem\",\"position\":2,\"name\":\"Migrations : Les entr\u00e9es irr\u00e9guli\u00e8res dans l\u2019Union europ\u00e9enne en recul de 20%\"}]},{\"@type\":\"WebSite\",\"@id\":\"https:\\\/\\\/www.webdo.tn\\\/fr\\\/#website\",\"url\":\"https:\\\/\\\/www.webdo.tn\\\/fr\\\/\",\"name\":\"webdo\",\"description\":\"Tunisie - News en Tunisie et \u00e0 l&#039;international sur Webdo.tn\",\"publisher\":{\"@id\":\"https:\\\/\\\/www.webdo.tn\\\/fr\\\/#organization\"},\"potentialAction\":[{\"@type\":\"SearchAction\",\"target\":{\"@type\":\"EntryPoint\",\"urlTemplate\":\"https:\\\/\\\/www.webdo.tn\\\/fr\\\/?s={search_term_string}\"},\"query-input\":{\"@type\":\"PropertyValueSpecification\",\"valueRequired\":true,\"valueName\":\"search_term_string\"}}],\"inLanguage\":\"fr-FR\"},{\"@type\":\"Organization\",\"@id\":\"https:\\\/\\\/www.webdo.tn\\\/fr\\\/#organization\",\"name\":\"Webdo\",\"alternateName\":\"Webdo.tn\",\"url\":\"https:\\\/\\\/www.webdo.tn\\\/fr\\\/\",\"logo\":{\"@type\":\"ImageObject\",\"inLanguage\":\"fr-FR\",\"@id\":\"https:\\\/\\\/www.webdo.tn\\\/fr\\\/#\\\/schema\\\/logo\\\/image\\\/\",\"url\":\"https:\\\/\\\/www.webdo.tn\\\/fr\\\/wp-content\\\/uploads\\\/2025\\\/06\\\/Webdo-Tunisie_168377.jpg\",\"contentUrl\":\"https:\\\/\\\/www.webdo.tn\\\/fr\\\/wp-content\\\/uploads\\\/2025\\\/06\\\/Webdo-Tunisie_168377.jpg\",\"width\":301,\"height\":301,\"caption\":\"Webdo\"},\"image\":{\"@id\":\"https:\\\/\\\/www.webdo.tn\\\/fr\\\/#\\\/schema\\\/logo\\\/image\\\/\"},\"sameAs\":[\"https:\\\/\\\/www.facebook.com\\\/webdotn\",\"https:\\\/\\\/x.com\\\/webdo_tn\"],\"description\":\"Webdo est un m\u00e9dia num\u00e9rique tunisien fond\u00e9 en 2010, sp\u00e9cialis\u00e9 dans l\u2019actualit\u00e9 nationale et internationale, l\u2019\u00e9conomie, la soci\u00e9t\u00e9 et les analyses politiques. Le site s\u2019adresse \u00e0 un large public francophone et couvre l\u2019information tunisienne en temps r\u00e9el.\",\"email\":\"redac@webdo.tn\",\"legalName\":\"YNJ SARL\",\"foundingDate\":\"2010-09-06\",\"numberOfEmployees\":{\"@type\":\"QuantitativeValue\",\"minValue\":\"11\",\"maxValue\":\"50\"}},{\"@type\":\"Person\",\"@id\":\"https:\\\/\\\/www.webdo.tn\\\/fr\\\/#\\\/schema\\\/person\\\/c652cd8fc2b1b44412b5ffb48c5a911d\",\"name\":\"Mohamed Hedi Touati\",\"image\":{\"@type\":\"ImageObject\",\"inLanguage\":\"fr-FR\",\"@id\":\"https:\\\/\\\/secure.gravatar.com\\\/avatar\\\/9cfd402c745b7a685f13eed0ea6e59d2144a3c2fc50a3db6fd5ed451f6cddf1a?s=96&d=mm&r=g\",\"url\":\"https:\\\/\\\/secure.gravatar.com\\\/avatar\\\/9cfd402c745b7a685f13eed0ea6e59d2144a3c2fc50a3db6fd5ed451f6cddf1a?s=96&d=mm&r=g\",\"contentUrl\":\"https:\\\/\\\/secure.gravatar.com\\\/avatar\\\/9cfd402c745b7a685f13eed0ea6e59d2144a3c2fc50a3db6fd5ed451f6cddf1a?s=96&d=mm&r=g\",\"caption\":\"Mohamed Hedi Touati\"},\"url\":\"https:\\\/\\\/www.webdo.tn\\\/fr\\\/actualite\\\/author\\\/mohamed-hedi-touati\\\/\"}]}<\/script>\n<!-- \/ Yoast SEO Premium plugin. -->","yoast_head_json":{"title":"Migrations : Les entr\u00e9es irr\u00e9guli\u00e8res dans l\u2019Union europ\u00e9enne en recul de 20% - webdo","description":"Frontex annonce une baisse de 20 % des entr\u00e9es irr\u00e9guli\u00e8res dans l\u2019UE entre janvier et mai 2025. Les Balkans, l\u2019Afrique de l\u2019Ouest et la M\u00e9diterran\u00e9e orientale sont les zones les plus concern\u00e9es.","canonical":"https:\/\/www.webdo.tn\/fr\/actualite\/international\/migrations-les-entrees-irregulieres-dans-lunion-europeenne-en-recul-de-20\/377165\/","og_locale":"fr_FR","og_type":"article","og_title":"Migrations : Les entr\u00e9es irr\u00e9guli\u00e8res dans l\u2019Union europ\u00e9enne en recul de 20%","og_description":"Frontex annonce une baisse de 20 % des entr\u00e9es irr\u00e9guli\u00e8res dans l\u2019UE entre janvier et mai 2025. Les Balkans, l\u2019Afrique de l\u2019Ouest et la M\u00e9diterran\u00e9e orientale sont les zones les plus concern\u00e9es.","og_url":"https:\/\/www.webdo.tn\/fr\/actualite\/international\/migrations-les-entrees-irregulieres-dans-lunion-europeenne-en-recul-de-20\/377165\/","og_site_name":"webdo","article_publisher":"https:\/\/www.facebook.com\/webdotn","article_published_time":"2025-06-11T11:25:42+00:00","article_modified_time":"2025-06-12T07:24:57+00:00","og_image":[{"width":1280,"height":720,"url":"https:\/\/www.webdo.tn\/fr\/wp-content\/uploads\/2025\/06\/000_347W9BC.jpg","type":"image\/jpeg"}],"author":"Mohamed Hedi Touati","twitter_card":"summary_large_image","twitter_creator":"@webdo_tn","twitter_site":"@webdo_tn","twitter_misc":{"\u00c9crit par":"Mohamed Hedi Touati","Dur\u00e9e de lecture estim\u00e9e":"3 minutes"},"schema":{"@context":"https:\/\/schema.org","@graph":[{"@type":"NewsArticle","@id":"https:\/\/www.webdo.tn\/fr\/actualite\/international\/migrations-les-entrees-irregulieres-dans-lunion-europeenne-en-recul-de-20\/377165\/#article","isPartOf":{"@id":"https:\/\/www.webdo.tn\/fr\/actualite\/international\/migrations-les-entrees-irregulieres-dans-lunion-europeenne-en-recul-de-20\/377165\/"},"author":{"name":"Mohamed Hedi Touati","@id":"https:\/\/www.webdo.tn\/fr\/#\/schema\/person\/c652cd8fc2b1b44412b5ffb48c5a911d"},"headline":"Migrations : Les entr\u00e9es irr\u00e9guli\u00e8res dans l\u2019Union europ\u00e9enne en recul de 20%","datePublished":"2025-06-11T11:25:42+00:00","dateModified":"2025-06-12T07:24:57+00:00","mainEntityOfPage":{"@id":"https:\/\/www.webdo.tn\/fr\/actualite\/international\/migrations-les-entrees-irregulieres-dans-lunion-europeenne-en-recul-de-20\/377165\/"},"wordCount":438,"commentCount":0,"publisher":{"@id":"https:\/\/www.webdo.tn\/fr\/#organization"},"image":{"@id":"https:\/\/www.webdo.tn\/fr\/actualite\/international\/migrations-les-entrees-irregulieres-dans-lunion-europeenne-en-recul-de-20\/377165\/#primaryimage"},"thumbnailUrl":"https:\/\/www.webdo.tn\/fr\/wp-content\/uploads\/2025\/06\/000_347W9BC.jpg","keywords":["immigration irr\u00e9guli\u00e8re","migrants irr\u00e9guliers","Union europ\u00e9enne"],"articleSection":["International"],"inLanguage":"fr-FR"},{"@type":"WebPage","@id":"https:\/\/www.webdo.tn\/fr\/actualite\/international\/migrations-les-entrees-irregulieres-dans-lunion-europeenne-en-recul-de-20\/377165\/","url":"https:\/\/www.webdo.tn\/fr\/actualite\/international\/migrations-les-entrees-irregulieres-dans-lunion-europeenne-en-recul-de-20\/377165\/","name":"Migrations : Les entr\u00e9es irr\u00e9guli\u00e8res dans l\u2019Union europ\u00e9enne en recul de 20% - webdo","isPartOf":{"@id":"https:\/\/www.webdo.tn\/fr\/#website"},"primaryImageOfPage":{"@id":"https:\/\/www.webdo.tn\/fr\/actualite\/international\/migrations-les-entrees-irregulieres-dans-lunion-europeenne-en-recul-de-20\/377165\/#primaryimage"},"image":{"@id":"https:\/\/www.webdo.tn\/fr\/actualite\/international\/migrations-les-entrees-irregulieres-dans-lunion-europeenne-en-recul-de-20\/377165\/#primaryimage"},"thumbnailUrl":"https:\/\/www.webdo.tn\/fr\/wp-content\/uploads\/2025\/06\/000_347W9BC.jpg","datePublished":"2025-06-11T11:25:42+00:00","dateModified":"2025-06-12T07:24:57+00:00","description":"Frontex annonce une baisse de 20 % des entr\u00e9es irr\u00e9guli\u00e8res dans l\u2019UE entre janvier et mai 2025. Les Balkans, l\u2019Afrique de l\u2019Ouest et la M\u00e9diterran\u00e9e orientale sont les zones les plus concern\u00e9es.","breadcrumb":{"@id":"https:\/\/www.webdo.tn\/fr\/actualite\/international\/migrations-les-entrees-irregulieres-dans-lunion-europeenne-en-recul-de-20\/377165\/#breadcrumb"},"inLanguage":"fr-FR","potentialAction":[{"@type":"ReadAction","target":["https:\/\/www.webdo.tn\/fr\/actualite\/international\/migrations-les-entrees-irregulieres-dans-lunion-europeenne-en-recul-de-20\/377165\/"]}]},{"@type":"ImageObject","inLanguage":"fr-FR","@id":"https:\/\/www.webdo.tn\/fr\/actualite\/international\/migrations-les-entrees-irregulieres-dans-lunion-europeenne-en-recul-de-20\/377165\/#primaryimage","url":"https:\/\/www.webdo.tn\/fr\/wp-content\/uploads\/2025\/06\/000_347W9BC.jpg","contentUrl":"https:\/\/www.webdo.tn\/fr\/wp-content\/uploads\/2025\/06\/000_347W9BC.jpg","width":1280,"height":720},{"@type":"BreadcrumbList","@id":"https:\/\/www.webdo.tn\/fr\/actualite\/international\/migrations-les-entrees-irregulieres-dans-lunion-europeenne-en-recul-de-20\/377165\/#breadcrumb","itemListElement":[{"@type":"ListItem","position":1,"name":"Accueil","item":"https:\/\/www.webdo.tn\/fr\/"},{"@type":"ListItem","position":2,"name":"Migrations : Les entr\u00e9es irr\u00e9guli\u00e8res dans l\u2019Union europ\u00e9enne en recul de 20%"}]},{"@type":"WebSite","@id":"https:\/\/www.webdo.tn\/fr\/#website","url":"https:\/\/www.webdo.tn\/fr\/","name":"webdo","description":"Tunisie - News en Tunisie et \u00e0 l&#039;international sur Webdo.tn","publisher":{"@id":"https:\/\/www.webdo.tn\/fr\/#organization"},"potentialAction":[{"@type":"SearchAction","target":{"@type":"EntryPoint","urlTemplate":"https:\/\/www.webdo.tn\/fr\/?s={search_term_string}"},"query-input":{"@type":"PropertyValueSpecification","valueRequired":true,"valueName":"search_term_string"}}],"inLanguage":"fr-FR"},{"@type":"Organization","@id":"https:\/\/www.webdo.tn\/fr\/#organization","name":"Webdo","alternateName":"Webdo.tn","url":"https:\/\/www.webdo.tn\/fr\/","logo":{"@type":"ImageObject","inLanguage":"fr-FR","@id":"https:\/\/www.webdo.tn\/fr\/#\/schema\/logo\/image\/","url":"https:\/\/www.webdo.tn\/fr\/wp-content\/uploads\/2025\/06\/Webdo-Tunisie_168377.jpg","contentUrl":"https:\/\/www.webdo.tn\/fr\/wp-content\/uploads\/2025\/06\/Webdo-Tunisie_168377.jpg","width":301,"height":301,"caption":"Webdo"},"image":{"@id":"https:\/\/www.webdo.tn\/fr\/#\/schema\/logo\/image\/"},"sameAs":["https:\/\/www.facebook.com\/webdotn","https:\/\/x.com\/webdo_tn"],"description":"Webdo est un m\u00e9dia num\u00e9rique tunisien fond\u00e9 en 2010, sp\u00e9cialis\u00e9 dans l\u2019actualit\u00e9 nationale et internationale, l\u2019\u00e9conomie, la soci\u00e9t\u00e9 et les analyses politiques. Le site s\u2019adresse \u00e0 un large public francophone et couvre l\u2019information tunisienne en temps r\u00e9el.","email":"redac@webdo.tn","legalName":"YNJ SARL","foundingDate":"2010-09-06","numberOfEmployees":{"@type":"QuantitativeValue","minValue":"11","maxValue":"50"}},{"@type":"Person","@id":"https:\/\/www.webdo.tn\/fr\/#\/schema\/person\/c652cd8fc2b1b44412b5ffb48c5a911d","name":"Mohamed Hedi Touati","image":{"@type":"ImageObject","inLanguage":"fr-FR","@id":"https:\/\/secure.gravatar.com\/avatar\/9cfd402c745b7a685f13eed0ea6e59d2144a3c2fc50a3db6fd5ed451f6cddf1a?s=96&d=mm&r=g","url":"https:\/\/secure.gravatar.com\/avatar\/9cfd402c745b7a685f13eed0ea6e59d2144a3c2fc50a3db6fd5ed451f6cddf1a?s=96&d=mm&r=g","contentUrl":"https:\/\/secure.gravatar.com\/avatar\/9cfd402c745b7a685f13eed0ea6e59d2144a3c2fc50a3db6fd5ed451f6cddf1a?s=96&d=mm&r=g","caption":"Mohamed Hedi Touati"},"url":"https:\/\/www.webdo.tn\/fr\/actualite\/author\/mohamed-hedi-touati\/"}]}},"_links":{"self":[{"href":"https:\/\/www.webdo.tn\/fr\/wp-json\/wp\/v2\/posts\/377165","targetHints":{"allow":["GET"]}}],"collection":[{"href":"https:\/\/www.webdo.tn\/fr\/wp-json\/wp\/v2\/posts"}],"about":[{"href":"https:\/\/www.webdo.tn\/fr\/wp-json\/wp\/v2\/types\/post"}],"author":[{"embeddable":true,"href":"https:\/\/www.webdo.tn\/fr\/wp-json\/wp\/v2\/users\/3191"}],"replies":[{"embeddable":true,"href":"https:\/\/www.webdo.tn\/fr\/wp-json\/wp\/v2\/comments?post=377165"}],"version-history":[{"count":0,"href":"https:\/\/www.webdo.tn\/fr\/wp-json\/wp\/v2\/posts\/377165\/revisions"}],"wp:featuredmedia":[{"embeddable":true,"href":"https:\/\/www.webdo.tn\/fr\/wp-json\/wp\/v2\/media\/377170"}],"wp:attachment":[{"href":"https:\/\/www.webdo.tn\/fr\/wp-json\/wp\/v2\/media?parent=377165"}],"wp:term":[{"taxonomy":"category","embeddable":true,"href":"https:\/\/www.webdo.tn\/fr\/wp-json\/wp\/v2\/categories?post=377165"},{"taxonomy":"post_tag","embeddable":true,"href":"https:\/\/www.webdo.tn\/fr\/wp-json\/wp\/v2\/tags?post=377165"}],"curies":[{"name":"wp","href":"https:\/\/api.w.org\/{rel}","templated":true}]}}