{"id":377140,"date":"2025-06-11T11:38:01","date_gmt":"2025-06-11T10:38:01","guid":{"rendered":"https:\/\/www.webdo.tn\/fr\/?p=377140"},"modified":"2025-06-12T08:24:29","modified_gmt":"2025-06-12T07:24:29","slug":"en-route-vers-gaza-la-caravane-soumoud-attend-toujours-le-feu-vert-du-caire","status":"publish","type":"post","link":"https:\/\/www.webdo.tn\/fr\/actualite\/international\/en-route-vers-gaza-la-caravane-soumoud-attend-toujours-le-feu-vert-du-caire\/377140\/","title":{"rendered":"En route vers Gaza, la caravane Soumoud attend toujours le feu vert du Caire"},"content":{"rendered":"<p>Partie de Tunis le 9 juin, la caravane maghr\u00e9bine baptis\u00e9e <em>Soumoud<\/em> (r\u00e9sistance) poursuit son p\u00e9riple vers Gaza avec une d\u00e9termination intacte, mais l\u2019incertitude grandit \u00e0 l\u2019approche de la fronti\u00e8re \u00e9gyptienne. Aucun visa n\u2019a encore \u00e9t\u00e9 accord\u00e9, et Le Caire reste muet.<\/p>\n<p>Compos\u00e9e d\u2019un peu plus de 1500 personnes issues de cinq pays du Maghreb \u2013 Tunisie, Alg\u00e9rie, Maroc, Mauritanie, Libye \u2013 cette initiative citoyenne entend briser le silence arabe autour de la guerre \u00e0 Gaza. Universitaires, artistes, m\u00e9decins, jeunes \u00e9tudiants, militants des droits humains et figures associatives se sont rassembl\u00e9s autour d\u2019un objectif : porter physiquement un message de solidarit\u00e9 avec la population de Gaza, assi\u00e9g\u00e9e et d\u00e9vast\u00e9e depuis 20 mois par une campagne militaire isra\u00e9lienne sans pr\u00e9c\u00e9dent.<\/p>\n<h3>Une marche contre l\u2019effacement<\/h3>\n<p>\u00c0 bord d\u2019une vingtaine de de bus et 350 voitures d\u00e9cor\u00e9s de drapeaux palestiniens et de slogans de soutien, la caravane a quitt\u00e9 Tunis dans une ferveur populaire rare. Les messages sont clairs : <em>\u201cNon au g\u00e9nocide, non au silence\u201d, \u201cLes peuples avec Gaza, malgr\u00e9 les fronti\u00e8res\u201d<\/em>. En toile de fond, le lourd bilan de la guerre : pr\u00e8s de 55 000 morts palestiniens, selon les autorit\u00e9s sanitaires de Gaza, dont une majorit\u00e9 de femmes et d\u2019enfants.<\/p>\n<p>Face \u00e0 ce qu\u2019ils qualifient de crime contre l\u2019humanit\u00e9, les \u00c9tats maghr\u00e9bins sont rest\u00e9s en retrait, se contentant de communiqu\u00e9s diplomatiques. C\u2019est ce vide que la caravane tente de combler : \u00ab Quand les \u00c9tats se taisent, les peuples doivent parler \u00bb, dit Karim, jeune m\u00e9decin alg\u00e9rien rencontr\u00e9 \u00e0 la fronti\u00e8re libyenne.<\/p>\n<h3>Accueil chaleureux en Libye, blocage potentiel en \u00c9gypte<\/h3>\n<p>Le convoi a franchi sans difficult\u00e9 le poste de Ras Jedir, entre la Tunisie et la Libye, puis travers\u00e9 les villes c\u00f4ti\u00e8res jusqu\u2019aux abords de l\u2019Est libyen. L\u00e0, les communaut\u00e9s locales leur ont offert vivres, carburant et h\u00e9bergement, souvent improvis\u00e9s dans des \u00e9coles ou des mosqu\u00e9es. La solidarit\u00e9 populaire fonctionne, mais l\u2019ombre du verrou \u00e9gyptien plane d\u00e9j\u00e0.<\/p>\n<p>En effet, l\u2019\u00c9gypte n\u2019a \u00e0 ce jour donn\u00e9 aucun accord de passage. Le quotidien <em>Asharq al-Awsat<\/em> affirme que les autorit\u00e9s n\u2019ont pris <strong>\u00ab aucune d\u00e9cision claire \u00bb<\/strong> quant au transit de la caravane. Selon plusieurs sources s\u00e9curitaires \u00e9gyptiennes, cit\u00e9es anonymement, la diversit\u00e9 des nationalit\u00e9s et le caract\u00e8re non institutionnel de la mission poseraient probl\u00e8me.<\/p>\n<p><strong>Le point d\u2019achoppement : les visas.<\/strong> Le gouvernement \u00e9gyptien exige des visas pr\u00e9alables pour toute entr\u00e9e par voie terrestre. Or, aucun membre de la caravane n\u2019a encore re\u00e7u de visa \u00e0 ce jour, comme l\u2019a confirm\u00e9 Wael Nawar, porte-parole du groupe :<\/p>\n<blockquote><p>\u00ab Nous avons soumis les dossiers n\u00e9cessaires, mais aucune r\u00e9ponse ne nous est parvenue de la part des autorit\u00e9s consulaires \u00e9gyptiennes. \u00bb<\/p><\/blockquote>\n<h3>Rafah : la derni\u00e8re br\u00e8che, sous contr\u00f4le<\/h3>\n<p>Le poste frontalier de Rafah, reliant l\u2019\u00c9gypte \u00e0 la bande de Gaza, est devenu un symbole strat\u00e9gique. Ferm\u00e9, rouvert, puis restreint au compte-goutte depuis le d\u00e9but de la guerre, il est le seul point d\u2019acc\u00e8s non isra\u00e9lien vers Gaza. Mais l\u2019\u00c9gypte, prise entre ses alliances s\u00e9curitaires, sa diplomatie r\u00e9gionale et sa peur d\u2019une mobilisation incontr\u00f4lable, g\u00e8re ce point comme un sas \u00e9tanche.<\/p>\n<p>La caravane, bien qu\u2019humanitaire, ne rentre dans aucun sch\u00e9ma officiel. Ni ONG accr\u00e9dit\u00e9e, ni mission diplomatique, elle incarne une contestation morale qui d\u00e9range. Et c\u2019est bien ce caract\u00e8re spontan\u00e9, transnational et populaire qui semble inqui\u00e9ter Le Caire.<\/p>\n<h3>Une mobilisation symbolique, m\u00eame sans franchissement<\/h3>\n<p>Les organisateurs sont lucides. Ils ne s\u2019attendent pas n\u00e9cessairement \u00e0 entrer \u00e0 Gaza. \u00ab L\u2019essentiel est de rappeler que Gaza n\u2019est pas oubli\u00e9e \u00bb, dit Mouna, une \u00e9tudiante tunisienne, drap\u00e9e d\u2019un keffieh. \u00ab Si on nous bloque, ce sera une preuve de plus que le monde arabe est paralys\u00e9. \u00bb<\/p>\n<p>Le convoi devrait atteindre la zone frontali\u00e8re orientale libyenne dans les prochaines 48 heures, \u00e0 proximit\u00e9 du d\u00e9sert du Sina\u00ef. Des discussions informelles seraient en cours avec des interm\u00e9diaires civils et religieux pour tenter de d\u00e9bloquer la situation.<\/p>\n<p>Mais les obstacles demeurent : conditions climatiques extr\u00eames, logistique fragile, s\u00e9curit\u00e9 instable, et surtout absence de statut l\u00e9gal face aux autorit\u00e9s \u00e9gyptiennes.<\/p>\n<p>La caravane Soumoud incarne une tentative rare d\u2019action directe arabe, en dehors des appareils \u00e9tatiques. Elle interpelle, g\u00eane, inspire. Qu\u2019elle franchisse ou non Rafah, elle aura impos\u00e9 un autre r\u00e9cit, celui d\u2019un peuple qui refuse de d\u00e9tourner le regard.<\/p>\n","protected":false},"excerpt":{"rendered":"<p>Partie de Tunis le 9 juin, la caravane maghr\u00e9bine baptis\u00e9e Soumoud (r\u00e9sistance) poursuit son p\u00e9riple vers Gaza avec une d\u00e9termination intacte, mais l\u2019incertitude grandit \u00e0 l\u2019approche de la fronti\u00e8re \u00e9gyptienne. Aucun visa n\u2019a encore \u00e9t\u00e9 accord\u00e9, et Le Caire reste muet. Compos\u00e9e d\u2019un peu plus de 1500 personnes issues de cinq pays du Maghreb \u2013 [&hellip;]<\/p>\n","protected":false},"author":4779,"featured_media":377144,"comment_status":"open","ping_status":"open","sticky":false,"template":"","format":"standard","meta":{"footnotes":""},"categories":[2598],"tags":[2689,2688,11913,2608],"class_list":["post-377140","post","type-post","status-publish","format-standard","has-post-thumbnail","hentry","category-international","tag-gaza","tag-palestine","tag-soumoud","tag-tunisie"],"yoast_head":"<!-- This site is optimized with the Yoast SEO Premium plugin v27.5 (Yoast SEO v27.5) - https:\/\/yoast.com\/product\/yoast-seo-premium-wordpress\/ -->\n<title>La caravane Soumoud attend toujours le feu vert du Caire<\/title>\n<meta name=\"description\" content=\"Suivez la caravane Soumoud en route vers Gaza, un projet de solidarit\u00e9 rassemblant des citoyens maghr\u00e9bins d\u00e9termin\u00e9s.\" \/>\n<link rel=\"canonical\" href=\"https:\/\/www.webdo.tn\/fr\/actualite\/international\/en-route-vers-gaza-la-caravane-soumoud-attend-toujours-le-feu-vert-du-caire\/377140\/\" \/>\n<meta property=\"og:locale\" content=\"fr_FR\" \/>\n<meta property=\"og:type\" content=\"article\" \/>\n<meta property=\"og:title\" content=\"En route vers Gaza, la caravane Soumoud attend toujours le feu vert du Caire\" \/>\n<meta property=\"og:description\" content=\"Suivez la caravane Soumoud en route vers Gaza, un projet de solidarit\u00e9 rassemblant des citoyens maghr\u00e9bins d\u00e9termin\u00e9s.\" \/>\n<meta property=\"og:url\" content=\"https:\/\/www.webdo.tn\/fr\/actualite\/international\/en-route-vers-gaza-la-caravane-soumoud-attend-toujours-le-feu-vert-du-caire\/377140\/\" \/>\n<meta property=\"og:site_name\" content=\"webdo\" \/>\n<meta property=\"article:publisher\" content=\"https:\/\/www.facebook.com\/webdotn\" \/>\n<meta property=\"article:published_time\" content=\"2025-06-11T10:38:01+00:00\" \/>\n<meta property=\"article:modified_time\" content=\"2025-06-12T07:24:29+00:00\" \/>\n<meta property=\"og:image\" content=\"https:\/\/www.webdo.tn\/fr\/wp-content\/uploads\/2025\/06\/caravane-soumoud.jpg\" \/>\n\t<meta property=\"og:image:width\" content=\"1495\" \/>\n\t<meta property=\"og:image:height\" content=\"696\" \/>\n\t<meta property=\"og:image:type\" content=\"image\/jpeg\" \/>\n<meta name=\"author\" content=\"Firas Ben Abdeltif\" \/>\n<meta name=\"twitter:card\" content=\"summary_large_image\" \/>\n<meta name=\"twitter:creator\" content=\"@webdo_tn\" \/>\n<meta name=\"twitter:site\" content=\"@webdo_tn\" \/>\n<meta name=\"twitter:label1\" content=\"\u00c9crit par\" \/>\n\t<meta name=\"twitter:data1\" content=\"Firas Ben Abdeltif\" \/>\n\t<meta name=\"twitter:label2\" content=\"Dur\u00e9e de lecture estim\u00e9e\" \/>\n\t<meta name=\"twitter:data2\" content=\"4 minutes\" \/>\n<script type=\"application\/ld+json\" class=\"yoast-schema-graph\">{\"@context\":\"https:\\\/\\\/schema.org\",\"@graph\":[{\"@type\":\"NewsArticle\",\"@id\":\"https:\\\/\\\/www.webdo.tn\\\/fr\\\/actualite\\\/international\\\/en-route-vers-gaza-la-caravane-soumoud-attend-toujours-le-feu-vert-du-caire\\\/377140\\\/#article\",\"isPartOf\":{\"@id\":\"https:\\\/\\\/www.webdo.tn\\\/fr\\\/actualite\\\/international\\\/en-route-vers-gaza-la-caravane-soumoud-attend-toujours-le-feu-vert-du-caire\\\/377140\\\/\"},\"author\":{\"name\":\"Firas Ben Abdeltif\",\"@id\":\"https:\\\/\\\/www.webdo.tn\\\/fr\\\/#\\\/schema\\\/person\\\/19664196c9bfdcda126f3c27709f7d11\"},\"headline\":\"En route vers Gaza, la caravane Soumoud attend toujours le feu vert du Caire\",\"datePublished\":\"2025-06-11T10:38:01+00:00\",\"dateModified\":\"2025-06-12T07:24:29+00:00\",\"mainEntityOfPage\":{\"@id\":\"https:\\\/\\\/www.webdo.tn\\\/fr\\\/actualite\\\/international\\\/en-route-vers-gaza-la-caravane-soumoud-attend-toujours-le-feu-vert-du-caire\\\/377140\\\/\"},\"wordCount\":785,\"commentCount\":0,\"publisher\":{\"@id\":\"https:\\\/\\\/www.webdo.tn\\\/fr\\\/#organization\"},\"image\":{\"@id\":\"https:\\\/\\\/www.webdo.tn\\\/fr\\\/actualite\\\/international\\\/en-route-vers-gaza-la-caravane-soumoud-attend-toujours-le-feu-vert-du-caire\\\/377140\\\/#primaryimage\"},\"thumbnailUrl\":\"https:\\\/\\\/www.webdo.tn\\\/fr\\\/wp-content\\\/uploads\\\/2025\\\/06\\\/caravane-soumoud.jpg\",\"keywords\":[\"Gaza\",\"Palestine\",\"soumoud\",\"Tunisie\"],\"articleSection\":[\"International\"],\"inLanguage\":\"fr-FR\"},{\"@type\":\"WebPage\",\"@id\":\"https:\\\/\\\/www.webdo.tn\\\/fr\\\/actualite\\\/international\\\/en-route-vers-gaza-la-caravane-soumoud-attend-toujours-le-feu-vert-du-caire\\\/377140\\\/\",\"url\":\"https:\\\/\\\/www.webdo.tn\\\/fr\\\/actualite\\\/international\\\/en-route-vers-gaza-la-caravane-soumoud-attend-toujours-le-feu-vert-du-caire\\\/377140\\\/\",\"name\":\"La caravane Soumoud attend toujours le feu vert du Caire\",\"isPartOf\":{\"@id\":\"https:\\\/\\\/www.webdo.tn\\\/fr\\\/#website\"},\"primaryImageOfPage\":{\"@id\":\"https:\\\/\\\/www.webdo.tn\\\/fr\\\/actualite\\\/international\\\/en-route-vers-gaza-la-caravane-soumoud-attend-toujours-le-feu-vert-du-caire\\\/377140\\\/#primaryimage\"},\"image\":{\"@id\":\"https:\\\/\\\/www.webdo.tn\\\/fr\\\/actualite\\\/international\\\/en-route-vers-gaza-la-caravane-soumoud-attend-toujours-le-feu-vert-du-caire\\\/377140\\\/#primaryimage\"},\"thumbnailUrl\":\"https:\\\/\\\/www.webdo.tn\\\/fr\\\/wp-content\\\/uploads\\\/2025\\\/06\\\/caravane-soumoud.jpg\",\"datePublished\":\"2025-06-11T10:38:01+00:00\",\"dateModified\":\"2025-06-12T07:24:29+00:00\",\"description\":\"Suivez la caravane Soumoud en route vers Gaza, un projet de solidarit\u00e9 rassemblant des citoyens maghr\u00e9bins d\u00e9termin\u00e9s.\",\"breadcrumb\":{\"@id\":\"https:\\\/\\\/www.webdo.tn\\\/fr\\\/actualite\\\/international\\\/en-route-vers-gaza-la-caravane-soumoud-attend-toujours-le-feu-vert-du-caire\\\/377140\\\/#breadcrumb\"},\"inLanguage\":\"fr-FR\",\"potentialAction\":[{\"@type\":\"ReadAction\",\"target\":[\"https:\\\/\\\/www.webdo.tn\\\/fr\\\/actualite\\\/international\\\/en-route-vers-gaza-la-caravane-soumoud-attend-toujours-le-feu-vert-du-caire\\\/377140\\\/\"]}]},{\"@type\":\"ImageObject\",\"inLanguage\":\"fr-FR\",\"@id\":\"https:\\\/\\\/www.webdo.tn\\\/fr\\\/actualite\\\/international\\\/en-route-vers-gaza-la-caravane-soumoud-attend-toujours-le-feu-vert-du-caire\\\/377140\\\/#primaryimage\",\"url\":\"https:\\\/\\\/www.webdo.tn\\\/fr\\\/wp-content\\\/uploads\\\/2025\\\/06\\\/caravane-soumoud.jpg\",\"contentUrl\":\"https:\\\/\\\/www.webdo.tn\\\/fr\\\/wp-content\\\/uploads\\\/2025\\\/06\\\/caravane-soumoud.jpg\",\"width\":1495,\"height\":696},{\"@type\":\"BreadcrumbList\",\"@id\":\"https:\\\/\\\/www.webdo.tn\\\/fr\\\/actualite\\\/international\\\/en-route-vers-gaza-la-caravane-soumoud-attend-toujours-le-feu-vert-du-caire\\\/377140\\\/#breadcrumb\",\"itemListElement\":[{\"@type\":\"ListItem\",\"position\":1,\"name\":\"Accueil\",\"item\":\"https:\\\/\\\/www.webdo.tn\\\/fr\\\/\"},{\"@type\":\"ListItem\",\"position\":2,\"name\":\"En route vers Gaza, la caravane Soumoud attend toujours le feu vert du Caire\"}]},{\"@type\":\"WebSite\",\"@id\":\"https:\\\/\\\/www.webdo.tn\\\/fr\\\/#website\",\"url\":\"https:\\\/\\\/www.webdo.tn\\\/fr\\\/\",\"name\":\"webdo\",\"description\":\"Tunisie - News en Tunisie et \u00e0 l&#039;international sur Webdo.tn\",\"publisher\":{\"@id\":\"https:\\\/\\\/www.webdo.tn\\\/fr\\\/#organization\"},\"potentialAction\":[{\"@type\":\"SearchAction\",\"target\":{\"@type\":\"EntryPoint\",\"urlTemplate\":\"https:\\\/\\\/www.webdo.tn\\\/fr\\\/?s={search_term_string}\"},\"query-input\":{\"@type\":\"PropertyValueSpecification\",\"valueRequired\":true,\"valueName\":\"search_term_string\"}}],\"inLanguage\":\"fr-FR\"},{\"@type\":\"Organization\",\"@id\":\"https:\\\/\\\/www.webdo.tn\\\/fr\\\/#organization\",\"name\":\"Webdo\",\"alternateName\":\"Webdo.tn\",\"url\":\"https:\\\/\\\/www.webdo.tn\\\/fr\\\/\",\"logo\":{\"@type\":\"ImageObject\",\"inLanguage\":\"fr-FR\",\"@id\":\"https:\\\/\\\/www.webdo.tn\\\/fr\\\/#\\\/schema\\\/logo\\\/image\\\/\",\"url\":\"https:\\\/\\\/www.webdo.tn\\\/fr\\\/wp-content\\\/uploads\\\/2025\\\/06\\\/Webdo-Tunisie_168377.jpg\",\"contentUrl\":\"https:\\\/\\\/www.webdo.tn\\\/fr\\\/wp-content\\\/uploads\\\/2025\\\/06\\\/Webdo-Tunisie_168377.jpg\",\"width\":301,\"height\":301,\"caption\":\"Webdo\"},\"image\":{\"@id\":\"https:\\\/\\\/www.webdo.tn\\\/fr\\\/#\\\/schema\\\/logo\\\/image\\\/\"},\"sameAs\":[\"https:\\\/\\\/www.facebook.com\\\/webdotn\",\"https:\\\/\\\/x.com\\\/webdo_tn\"],\"description\":\"Webdo est un m\u00e9dia num\u00e9rique tunisien fond\u00e9 en 2010, sp\u00e9cialis\u00e9 dans l\u2019actualit\u00e9 nationale et internationale, l\u2019\u00e9conomie, la soci\u00e9t\u00e9 et les analyses politiques. Le site s\u2019adresse \u00e0 un large public francophone et couvre l\u2019information tunisienne en temps r\u00e9el.\",\"email\":\"redac@webdo.tn\",\"legalName\":\"YNJ SARL\",\"foundingDate\":\"2010-09-06\",\"numberOfEmployees\":{\"@type\":\"QuantitativeValue\",\"minValue\":\"11\",\"maxValue\":\"50\"}},{\"@type\":\"Person\",\"@id\":\"https:\\\/\\\/www.webdo.tn\\\/fr\\\/#\\\/schema\\\/person\\\/19664196c9bfdcda126f3c27709f7d11\",\"name\":\"Firas Ben Abdeltif\",\"image\":{\"@type\":\"ImageObject\",\"inLanguage\":\"fr-FR\",\"@id\":\"https:\\\/\\\/secure.gravatar.com\\\/avatar\\\/161a347d40df098a084778c52ed133dbd85f14df003867067c5948081241ec55?s=96&d=mm&r=g\",\"url\":\"https:\\\/\\\/secure.gravatar.com\\\/avatar\\\/161a347d40df098a084778c52ed133dbd85f14df003867067c5948081241ec55?s=96&d=mm&r=g\",\"contentUrl\":\"https:\\\/\\\/secure.gravatar.com\\\/avatar\\\/161a347d40df098a084778c52ed133dbd85f14df003867067c5948081241ec55?s=96&d=mm&r=g\",\"caption\":\"Firas Ben Abdeltif\"},\"url\":\"https:\\\/\\\/www.webdo.tn\\\/fr\\\/actualite\\\/author\\\/firas-ben-abdeltif\\\/\"}]}<\/script>\n<!-- \/ Yoast SEO Premium plugin. -->","yoast_head_json":{"title":"La caravane Soumoud attend toujours le feu vert du Caire","description":"Suivez la caravane Soumoud en route vers Gaza, un projet de solidarit\u00e9 rassemblant des citoyens maghr\u00e9bins d\u00e9termin\u00e9s.","canonical":"https:\/\/www.webdo.tn\/fr\/actualite\/international\/en-route-vers-gaza-la-caravane-soumoud-attend-toujours-le-feu-vert-du-caire\/377140\/","og_locale":"fr_FR","og_type":"article","og_title":"En route vers Gaza, la caravane Soumoud attend toujours le feu vert du Caire","og_description":"Suivez la caravane Soumoud en route vers Gaza, un projet de solidarit\u00e9 rassemblant des citoyens maghr\u00e9bins d\u00e9termin\u00e9s.","og_url":"https:\/\/www.webdo.tn\/fr\/actualite\/international\/en-route-vers-gaza-la-caravane-soumoud-attend-toujours-le-feu-vert-du-caire\/377140\/","og_site_name":"webdo","article_publisher":"https:\/\/www.facebook.com\/webdotn","article_published_time":"2025-06-11T10:38:01+00:00","article_modified_time":"2025-06-12T07:24:29+00:00","og_image":[{"width":1495,"height":696,"url":"https:\/\/www.webdo.tn\/fr\/wp-content\/uploads\/2025\/06\/caravane-soumoud.jpg","type":"image\/jpeg"}],"author":"Firas Ben Abdeltif","twitter_card":"summary_large_image","twitter_creator":"@webdo_tn","twitter_site":"@webdo_tn","twitter_misc":{"\u00c9crit par":"Firas Ben Abdeltif","Dur\u00e9e de lecture estim\u00e9e":"4 minutes"},"schema":{"@context":"https:\/\/schema.org","@graph":[{"@type":"NewsArticle","@id":"https:\/\/www.webdo.tn\/fr\/actualite\/international\/en-route-vers-gaza-la-caravane-soumoud-attend-toujours-le-feu-vert-du-caire\/377140\/#article","isPartOf":{"@id":"https:\/\/www.webdo.tn\/fr\/actualite\/international\/en-route-vers-gaza-la-caravane-soumoud-attend-toujours-le-feu-vert-du-caire\/377140\/"},"author":{"name":"Firas Ben Abdeltif","@id":"https:\/\/www.webdo.tn\/fr\/#\/schema\/person\/19664196c9bfdcda126f3c27709f7d11"},"headline":"En route vers Gaza, la caravane Soumoud attend toujours le feu vert du Caire","datePublished":"2025-06-11T10:38:01+00:00","dateModified":"2025-06-12T07:24:29+00:00","mainEntityOfPage":{"@id":"https:\/\/www.webdo.tn\/fr\/actualite\/international\/en-route-vers-gaza-la-caravane-soumoud-attend-toujours-le-feu-vert-du-caire\/377140\/"},"wordCount":785,"commentCount":0,"publisher":{"@id":"https:\/\/www.webdo.tn\/fr\/#organization"},"image":{"@id":"https:\/\/www.webdo.tn\/fr\/actualite\/international\/en-route-vers-gaza-la-caravane-soumoud-attend-toujours-le-feu-vert-du-caire\/377140\/#primaryimage"},"thumbnailUrl":"https:\/\/www.webdo.tn\/fr\/wp-content\/uploads\/2025\/06\/caravane-soumoud.jpg","keywords":["Gaza","Palestine","soumoud","Tunisie"],"articleSection":["International"],"inLanguage":"fr-FR"},{"@type":"WebPage","@id":"https:\/\/www.webdo.tn\/fr\/actualite\/international\/en-route-vers-gaza-la-caravane-soumoud-attend-toujours-le-feu-vert-du-caire\/377140\/","url":"https:\/\/www.webdo.tn\/fr\/actualite\/international\/en-route-vers-gaza-la-caravane-soumoud-attend-toujours-le-feu-vert-du-caire\/377140\/","name":"La caravane Soumoud attend toujours le feu vert du Caire","isPartOf":{"@id":"https:\/\/www.webdo.tn\/fr\/#website"},"primaryImageOfPage":{"@id":"https:\/\/www.webdo.tn\/fr\/actualite\/international\/en-route-vers-gaza-la-caravane-soumoud-attend-toujours-le-feu-vert-du-caire\/377140\/#primaryimage"},"image":{"@id":"https:\/\/www.webdo.tn\/fr\/actualite\/international\/en-route-vers-gaza-la-caravane-soumoud-attend-toujours-le-feu-vert-du-caire\/377140\/#primaryimage"},"thumbnailUrl":"https:\/\/www.webdo.tn\/fr\/wp-content\/uploads\/2025\/06\/caravane-soumoud.jpg","datePublished":"2025-06-11T10:38:01+00:00","dateModified":"2025-06-12T07:24:29+00:00","description":"Suivez la caravane Soumoud en route vers Gaza, un projet de solidarit\u00e9 rassemblant des citoyens maghr\u00e9bins d\u00e9termin\u00e9s.","breadcrumb":{"@id":"https:\/\/www.webdo.tn\/fr\/actualite\/international\/en-route-vers-gaza-la-caravane-soumoud-attend-toujours-le-feu-vert-du-caire\/377140\/#breadcrumb"},"inLanguage":"fr-FR","potentialAction":[{"@type":"ReadAction","target":["https:\/\/www.webdo.tn\/fr\/actualite\/international\/en-route-vers-gaza-la-caravane-soumoud-attend-toujours-le-feu-vert-du-caire\/377140\/"]}]},{"@type":"ImageObject","inLanguage":"fr-FR","@id":"https:\/\/www.webdo.tn\/fr\/actualite\/international\/en-route-vers-gaza-la-caravane-soumoud-attend-toujours-le-feu-vert-du-caire\/377140\/#primaryimage","url":"https:\/\/www.webdo.tn\/fr\/wp-content\/uploads\/2025\/06\/caravane-soumoud.jpg","contentUrl":"https:\/\/www.webdo.tn\/fr\/wp-content\/uploads\/2025\/06\/caravane-soumoud.jpg","width":1495,"height":696},{"@type":"BreadcrumbList","@id":"https:\/\/www.webdo.tn\/fr\/actualite\/international\/en-route-vers-gaza-la-caravane-soumoud-attend-toujours-le-feu-vert-du-caire\/377140\/#breadcrumb","itemListElement":[{"@type":"ListItem","position":1,"name":"Accueil","item":"https:\/\/www.webdo.tn\/fr\/"},{"@type":"ListItem","position":2,"name":"En route vers Gaza, la caravane Soumoud attend toujours le feu vert du Caire"}]},{"@type":"WebSite","@id":"https:\/\/www.webdo.tn\/fr\/#website","url":"https:\/\/www.webdo.tn\/fr\/","name":"webdo","description":"Tunisie - News en Tunisie et \u00e0 l&#039;international sur Webdo.tn","publisher":{"@id":"https:\/\/www.webdo.tn\/fr\/#organization"},"potentialAction":[{"@type":"SearchAction","target":{"@type":"EntryPoint","urlTemplate":"https:\/\/www.webdo.tn\/fr\/?s={search_term_string}"},"query-input":{"@type":"PropertyValueSpecification","valueRequired":true,"valueName":"search_term_string"}}],"inLanguage":"fr-FR"},{"@type":"Organization","@id":"https:\/\/www.webdo.tn\/fr\/#organization","name":"Webdo","alternateName":"Webdo.tn","url":"https:\/\/www.webdo.tn\/fr\/","logo":{"@type":"ImageObject","inLanguage":"fr-FR","@id":"https:\/\/www.webdo.tn\/fr\/#\/schema\/logo\/image\/","url":"https:\/\/www.webdo.tn\/fr\/wp-content\/uploads\/2025\/06\/Webdo-Tunisie_168377.jpg","contentUrl":"https:\/\/www.webdo.tn\/fr\/wp-content\/uploads\/2025\/06\/Webdo-Tunisie_168377.jpg","width":301,"height":301,"caption":"Webdo"},"image":{"@id":"https:\/\/www.webdo.tn\/fr\/#\/schema\/logo\/image\/"},"sameAs":["https:\/\/www.facebook.com\/webdotn","https:\/\/x.com\/webdo_tn"],"description":"Webdo est un m\u00e9dia num\u00e9rique tunisien fond\u00e9 en 2010, sp\u00e9cialis\u00e9 dans l\u2019actualit\u00e9 nationale et internationale, l\u2019\u00e9conomie, la soci\u00e9t\u00e9 et les analyses politiques. Le site s\u2019adresse \u00e0 un large public francophone et couvre l\u2019information tunisienne en temps r\u00e9el.","email":"redac@webdo.tn","legalName":"YNJ SARL","foundingDate":"2010-09-06","numberOfEmployees":{"@type":"QuantitativeValue","minValue":"11","maxValue":"50"}},{"@type":"Person","@id":"https:\/\/www.webdo.tn\/fr\/#\/schema\/person\/19664196c9bfdcda126f3c27709f7d11","name":"Firas Ben Abdeltif","image":{"@type":"ImageObject","inLanguage":"fr-FR","@id":"https:\/\/secure.gravatar.com\/avatar\/161a347d40df098a084778c52ed133dbd85f14df003867067c5948081241ec55?s=96&d=mm&r=g","url":"https:\/\/secure.gravatar.com\/avatar\/161a347d40df098a084778c52ed133dbd85f14df003867067c5948081241ec55?s=96&d=mm&r=g","contentUrl":"https:\/\/secure.gravatar.com\/avatar\/161a347d40df098a084778c52ed133dbd85f14df003867067c5948081241ec55?s=96&d=mm&r=g","caption":"Firas Ben Abdeltif"},"url":"https:\/\/www.webdo.tn\/fr\/actualite\/author\/firas-ben-abdeltif\/"}]}},"_links":{"self":[{"href":"https:\/\/www.webdo.tn\/fr\/wp-json\/wp\/v2\/posts\/377140","targetHints":{"allow":["GET"]}}],"collection":[{"href":"https:\/\/www.webdo.tn\/fr\/wp-json\/wp\/v2\/posts"}],"about":[{"href":"https:\/\/www.webdo.tn\/fr\/wp-json\/wp\/v2\/types\/post"}],"author":[{"embeddable":true,"href":"https:\/\/www.webdo.tn\/fr\/wp-json\/wp\/v2\/users\/4779"}],"replies":[{"embeddable":true,"href":"https:\/\/www.webdo.tn\/fr\/wp-json\/wp\/v2\/comments?post=377140"}],"version-history":[{"count":0,"href":"https:\/\/www.webdo.tn\/fr\/wp-json\/wp\/v2\/posts\/377140\/revisions"}],"wp:featuredmedia":[{"embeddable":true,"href":"https:\/\/www.webdo.tn\/fr\/wp-json\/wp\/v2\/media\/377144"}],"wp:attachment":[{"href":"https:\/\/www.webdo.tn\/fr\/wp-json\/wp\/v2\/media?parent=377140"}],"wp:term":[{"taxonomy":"category","embeddable":true,"href":"https:\/\/www.webdo.tn\/fr\/wp-json\/wp\/v2\/categories?post=377140"},{"taxonomy":"post_tag","embeddable":true,"href":"https:\/\/www.webdo.tn\/fr\/wp-json\/wp\/v2\/tags?post=377140"}],"curies":[{"name":"wp","href":"https:\/\/api.w.org\/{rel}","templated":true}]}}