{"id":377138,"date":"2025-06-11T11:00:17","date_gmt":"2025-06-11T10:00:17","guid":{"rendered":"https:\/\/www.webdo.tn\/fr\/?p=377138"},"modified":"2025-06-11T14:47:09","modified_gmt":"2025-06-11T13:47:09","slug":"assassinat-de-chokri-belaid-ouverture-du-proces-dakremi-et-ellouze-le-13-juin","status":"publish","type":"post","link":"https:\/\/www.webdo.tn\/fr\/actualite\/national\/assassinat-de-chokri-belaid-ouverture-du-proces-dakremi-et-ellouze-le-13-juin\/377138\/","title":{"rendered":"Assassinat de Chokri Belaid : Ouverture du proc\u00e8s d\u2019Akremi et Ellouze le 13 juin"},"content":{"rendered":"\n<p><strong>Le proc\u00e8s de l\u2019ancien procureur Bechir Akremi et du dirigeant d\u2019Ennahdha Habib Ellouze s\u2019ouvrira ce vendredi 13 juin devant la chambre sp\u00e9cialis\u00e9e dans les affaires de terrorisme \u00e0 Tunis. Les deux hommes sont poursuivis dans un dossier disjoint li\u00e9 \u00e0 l\u2019assassinat de Chokri Bela\u00efd.<\/strong><\/p>\n\n\n\n<p>La chambre criminelle sp\u00e9cialis\u00e9e dans les affaires de terrorisme au tribunal de premi\u00e8re instance de Tunis examinera, ce vendredi 13 juin 2025, un dossier disjoint de l\u2019affaire de l\u2019assassinat de Chokri Belaid. Cette premi\u00e8re audience se tiendra par visioconf\u00e9rence.<\/p>\n\n\n\n<p>Ce volet de l\u2019affaire concerne Bechir Akremi, ancien procureur de la R\u00e9publique pr\u00e8s le tribunal de Tunis, ainsi que Habib Ellouze, cadre du mouvement Ennahdha. Tous deux sont accus\u00e9s de crimes \u00e0 caract\u00e8re terroriste.<\/p>\n\n\n\n<p>La chambre d\u2019accusation de la cour d\u2019appel de Tunis avait refus\u00e9 leur remise en libert\u00e9, ordonnant leur renvoi devant la juridiction sp\u00e9cialis\u00e9e pour y \u00eatre jug\u00e9s.<\/p>\n\n\n\n<p>Cette session marquera l\u2019ouverture officielle des poursuites dans ce pan de l\u2019un des dossiers politico-judiciaires les plus sensibles de la derni\u00e8re d\u00e9cennie en Tunisie.<\/p>\n","protected":false},"excerpt":{"rendered":"<p>Le proc\u00e8s de l\u2019ancien procureur Bechir Akremi et du dirigeant d\u2019Ennahdha Habib Ellouze s\u2019ouvrira ce vendredi 13 juin devant la chambre sp\u00e9cialis\u00e9e dans les affaires de terrorisme \u00e0 Tunis. Les deux hommes sont poursuivis dans un dossier disjoint li\u00e9 \u00e0 l\u2019assassinat de Chokri Bela\u00efd. La chambre criminelle sp\u00e9cialis\u00e9e dans les affaires de terrorisme au tribunal [&hellip;]<\/p>\n","protected":false},"author":3191,"featured_media":377139,"comment_status":"open","ping_status":"open","sticky":false,"template":"","format":"standard","meta":{"footnotes":""},"categories":[44],"tags":[5457,3262,7972,2619,2608],"class_list":["post-377138","post","type-post","status-publish","format-standard","has-post-thumbnail","hentry","category-national","tag-bechir-akremi","tag-chokri-belaid","tag-habib-ellouze","tag-justice","tag-tunisie"],"yoast_head":"<!-- This site is optimized with the Yoast SEO Premium plugin v27.5 (Yoast SEO v27.5) - https:\/\/yoast.com\/product\/yoast-seo-premium-wordpress\/ -->\n<title>Assassinat de Chokri Belaid : Ouverture du proc\u00e8s d\u2019Akremi et Ellouze le 13 juin - webdo<\/title>\n<meta name=\"description\" content=\"L&#039;audience du proc\u00e8s d\u2019Akremi et Ellouze devant le tribunal de Tunis est pr\u00e9vue par visioconf\u00e9rence. Suivez les d\u00e9veloppements.\" \/>\n<link rel=\"canonical\" href=\"https:\/\/www.webdo.tn\/fr\/actualite\/national\/assassinat-de-chokri-belaid-ouverture-du-proces-dakremi-et-ellouze-le-13-juin\/377138\/\" \/>\n<meta property=\"og:locale\" content=\"fr_FR\" \/>\n<meta property=\"og:type\" content=\"article\" \/>\n<meta property=\"og:title\" content=\"Assassinat de Chokri Belaid : Ouverture du proc\u00e8s d\u2019Akremi et Ellouze le 13 juin\" \/>\n<meta property=\"og:description\" content=\"L&#039;audience du proc\u00e8s d\u2019Akremi et Ellouze devant le tribunal de Tunis est pr\u00e9vue par visioconf\u00e9rence. Suivez les d\u00e9veloppements.\" \/>\n<meta property=\"og:url\" content=\"https:\/\/www.webdo.tn\/fr\/actualite\/national\/assassinat-de-chokri-belaid-ouverture-du-proces-dakremi-et-ellouze-le-13-juin\/377138\/\" \/>\n<meta property=\"og:site_name\" content=\"webdo\" \/>\n<meta property=\"article:publisher\" content=\"https:\/\/www.facebook.com\/webdotn\" \/>\n<meta property=\"article:published_time\" content=\"2025-06-11T10:00:17+00:00\" \/>\n<meta property=\"article:modified_time\" content=\"2025-06-11T13:47:09+00:00\" \/>\n<meta property=\"og:image\" content=\"https:\/\/www.webdo.tn\/fr\/wp-content\/uploads\/2025\/06\/habib_ellouze_1685002400.jpg\" \/>\n\t<meta property=\"og:image:width\" content=\"900\" \/>\n\t<meta property=\"og:image:height\" content=\"506\" \/>\n\t<meta property=\"og:image:type\" content=\"image\/jpeg\" \/>\n<meta name=\"author\" content=\"Mohamed Hedi Touati\" \/>\n<meta name=\"twitter:card\" content=\"summary_large_image\" \/>\n<meta name=\"twitter:creator\" content=\"@webdo_tn\" \/>\n<meta name=\"twitter:site\" content=\"@webdo_tn\" \/>\n<meta name=\"twitter:label1\" content=\"\u00c9crit par\" \/>\n\t<meta name=\"twitter:data1\" content=\"Mohamed Hedi Touati\" \/>\n\t<meta name=\"twitter:label2\" content=\"Dur\u00e9e de lecture estim\u00e9e\" \/>\n\t<meta name=\"twitter:data2\" content=\"2 minutes\" \/>\n<script type=\"application\/ld+json\" class=\"yoast-schema-graph\">{\"@context\":\"https:\\\/\\\/schema.org\",\"@graph\":[{\"@type\":\"NewsArticle\",\"@id\":\"https:\\\/\\\/www.webdo.tn\\\/fr\\\/actualite\\\/national\\\/assassinat-de-chokri-belaid-ouverture-du-proces-dakremi-et-ellouze-le-13-juin\\\/377138\\\/#article\",\"isPartOf\":{\"@id\":\"https:\\\/\\\/www.webdo.tn\\\/fr\\\/actualite\\\/national\\\/assassinat-de-chokri-belaid-ouverture-du-proces-dakremi-et-ellouze-le-13-juin\\\/377138\\\/\"},\"author\":{\"name\":\"Mohamed Hedi Touati\",\"@id\":\"https:\\\/\\\/www.webdo.tn\\\/fr\\\/#\\\/schema\\\/person\\\/c652cd8fc2b1b44412b5ffb48c5a911d\"},\"headline\":\"Assassinat de Chokri Belaid : Ouverture du proc\u00e8s d\u2019Akremi et Ellouze le 13 juin\",\"datePublished\":\"2025-06-11T10:00:17+00:00\",\"dateModified\":\"2025-06-11T13:47:09+00:00\",\"mainEntityOfPage\":{\"@id\":\"https:\\\/\\\/www.webdo.tn\\\/fr\\\/actualite\\\/national\\\/assassinat-de-chokri-belaid-ouverture-du-proces-dakremi-et-ellouze-le-13-juin\\\/377138\\\/\"},\"wordCount\":204,\"commentCount\":0,\"publisher\":{\"@id\":\"https:\\\/\\\/www.webdo.tn\\\/fr\\\/#organization\"},\"image\":{\"@id\":\"https:\\\/\\\/www.webdo.tn\\\/fr\\\/actualite\\\/national\\\/assassinat-de-chokri-belaid-ouverture-du-proces-dakremi-et-ellouze-le-13-juin\\\/377138\\\/#primaryimage\"},\"thumbnailUrl\":\"https:\\\/\\\/www.webdo.tn\\\/fr\\\/wp-content\\\/uploads\\\/2025\\\/06\\\/habib_ellouze_1685002400.jpg\",\"keywords\":[\"bechir akremi\",\"chokri belaid\",\"Habib Ellouze\",\"justice\",\"Tunisie\"],\"articleSection\":[\"National\"],\"inLanguage\":\"fr-FR\"},{\"@type\":\"WebPage\",\"@id\":\"https:\\\/\\\/www.webdo.tn\\\/fr\\\/actualite\\\/national\\\/assassinat-de-chokri-belaid-ouverture-du-proces-dakremi-et-ellouze-le-13-juin\\\/377138\\\/\",\"url\":\"https:\\\/\\\/www.webdo.tn\\\/fr\\\/actualite\\\/national\\\/assassinat-de-chokri-belaid-ouverture-du-proces-dakremi-et-ellouze-le-13-juin\\\/377138\\\/\",\"name\":\"Assassinat de Chokri Belaid : Ouverture du proc\u00e8s d\u2019Akremi et Ellouze le 13 juin - webdo\",\"isPartOf\":{\"@id\":\"https:\\\/\\\/www.webdo.tn\\\/fr\\\/#website\"},\"primaryImageOfPage\":{\"@id\":\"https:\\\/\\\/www.webdo.tn\\\/fr\\\/actualite\\\/national\\\/assassinat-de-chokri-belaid-ouverture-du-proces-dakremi-et-ellouze-le-13-juin\\\/377138\\\/#primaryimage\"},\"image\":{\"@id\":\"https:\\\/\\\/www.webdo.tn\\\/fr\\\/actualite\\\/national\\\/assassinat-de-chokri-belaid-ouverture-du-proces-dakremi-et-ellouze-le-13-juin\\\/377138\\\/#primaryimage\"},\"thumbnailUrl\":\"https:\\\/\\\/www.webdo.tn\\\/fr\\\/wp-content\\\/uploads\\\/2025\\\/06\\\/habib_ellouze_1685002400.jpg\",\"datePublished\":\"2025-06-11T10:00:17+00:00\",\"dateModified\":\"2025-06-11T13:47:09+00:00\",\"description\":\"L'audience du proc\u00e8s d\u2019Akremi et Ellouze devant le tribunal de Tunis est pr\u00e9vue par visioconf\u00e9rence. Suivez les d\u00e9veloppements.\",\"breadcrumb\":{\"@id\":\"https:\\\/\\\/www.webdo.tn\\\/fr\\\/actualite\\\/national\\\/assassinat-de-chokri-belaid-ouverture-du-proces-dakremi-et-ellouze-le-13-juin\\\/377138\\\/#breadcrumb\"},\"inLanguage\":\"fr-FR\",\"potentialAction\":[{\"@type\":\"ReadAction\",\"target\":[\"https:\\\/\\\/www.webdo.tn\\\/fr\\\/actualite\\\/national\\\/assassinat-de-chokri-belaid-ouverture-du-proces-dakremi-et-ellouze-le-13-juin\\\/377138\\\/\"]}]},{\"@type\":\"ImageObject\",\"inLanguage\":\"fr-FR\",\"@id\":\"https:\\\/\\\/www.webdo.tn\\\/fr\\\/actualite\\\/national\\\/assassinat-de-chokri-belaid-ouverture-du-proces-dakremi-et-ellouze-le-13-juin\\\/377138\\\/#primaryimage\",\"url\":\"https:\\\/\\\/www.webdo.tn\\\/fr\\\/wp-content\\\/uploads\\\/2025\\\/06\\\/habib_ellouze_1685002400.jpg\",\"contentUrl\":\"https:\\\/\\\/www.webdo.tn\\\/fr\\\/wp-content\\\/uploads\\\/2025\\\/06\\\/habib_ellouze_1685002400.jpg\",\"width\":900,\"height\":506},{\"@type\":\"BreadcrumbList\",\"@id\":\"https:\\\/\\\/www.webdo.tn\\\/fr\\\/actualite\\\/national\\\/assassinat-de-chokri-belaid-ouverture-du-proces-dakremi-et-ellouze-le-13-juin\\\/377138\\\/#breadcrumb\",\"itemListElement\":[{\"@type\":\"ListItem\",\"position\":1,\"name\":\"Accueil\",\"item\":\"https:\\\/\\\/www.webdo.tn\\\/fr\\\/\"},{\"@type\":\"ListItem\",\"position\":2,\"name\":\"Assassinat de Chokri Belaid : Ouverture du proc\u00e8s d\u2019Akremi et Ellouze le 13 juin\"}]},{\"@type\":\"WebSite\",\"@id\":\"https:\\\/\\\/www.webdo.tn\\\/fr\\\/#website\",\"url\":\"https:\\\/\\\/www.webdo.tn\\\/fr\\\/\",\"name\":\"webdo\",\"description\":\"Tunisie - News en Tunisie et \u00e0 l&#039;international sur Webdo.tn\",\"publisher\":{\"@id\":\"https:\\\/\\\/www.webdo.tn\\\/fr\\\/#organization\"},\"potentialAction\":[{\"@type\":\"SearchAction\",\"target\":{\"@type\":\"EntryPoint\",\"urlTemplate\":\"https:\\\/\\\/www.webdo.tn\\\/fr\\\/?s={search_term_string}\"},\"query-input\":{\"@type\":\"PropertyValueSpecification\",\"valueRequired\":true,\"valueName\":\"search_term_string\"}}],\"inLanguage\":\"fr-FR\"},{\"@type\":\"Organization\",\"@id\":\"https:\\\/\\\/www.webdo.tn\\\/fr\\\/#organization\",\"name\":\"Webdo\",\"alternateName\":\"Webdo.tn\",\"url\":\"https:\\\/\\\/www.webdo.tn\\\/fr\\\/\",\"logo\":{\"@type\":\"ImageObject\",\"inLanguage\":\"fr-FR\",\"@id\":\"https:\\\/\\\/www.webdo.tn\\\/fr\\\/#\\\/schema\\\/logo\\\/image\\\/\",\"url\":\"https:\\\/\\\/www.webdo.tn\\\/fr\\\/wp-content\\\/uploads\\\/2025\\\/06\\\/Webdo-Tunisie_168377.jpg\",\"contentUrl\":\"https:\\\/\\\/www.webdo.tn\\\/fr\\\/wp-content\\\/uploads\\\/2025\\\/06\\\/Webdo-Tunisie_168377.jpg\",\"width\":301,\"height\":301,\"caption\":\"Webdo\"},\"image\":{\"@id\":\"https:\\\/\\\/www.webdo.tn\\\/fr\\\/#\\\/schema\\\/logo\\\/image\\\/\"},\"sameAs\":[\"https:\\\/\\\/www.facebook.com\\\/webdotn\",\"https:\\\/\\\/x.com\\\/webdo_tn\"],\"description\":\"Webdo est un m\u00e9dia num\u00e9rique tunisien fond\u00e9 en 2010, sp\u00e9cialis\u00e9 dans l\u2019actualit\u00e9 nationale et internationale, l\u2019\u00e9conomie, la soci\u00e9t\u00e9 et les analyses politiques. Le site s\u2019adresse \u00e0 un large public francophone et couvre l\u2019information tunisienne en temps r\u00e9el.\",\"email\":\"redac@webdo.tn\",\"legalName\":\"YNJ SARL\",\"foundingDate\":\"2010-09-06\",\"numberOfEmployees\":{\"@type\":\"QuantitativeValue\",\"minValue\":\"11\",\"maxValue\":\"50\"}},{\"@type\":\"Person\",\"@id\":\"https:\\\/\\\/www.webdo.tn\\\/fr\\\/#\\\/schema\\\/person\\\/c652cd8fc2b1b44412b5ffb48c5a911d\",\"name\":\"Mohamed Hedi Touati\",\"image\":{\"@type\":\"ImageObject\",\"inLanguage\":\"fr-FR\",\"@id\":\"https:\\\/\\\/secure.gravatar.com\\\/avatar\\\/9cfd402c745b7a685f13eed0ea6e59d2144a3c2fc50a3db6fd5ed451f6cddf1a?s=96&d=mm&r=g\",\"url\":\"https:\\\/\\\/secure.gravatar.com\\\/avatar\\\/9cfd402c745b7a685f13eed0ea6e59d2144a3c2fc50a3db6fd5ed451f6cddf1a?s=96&d=mm&r=g\",\"contentUrl\":\"https:\\\/\\\/secure.gravatar.com\\\/avatar\\\/9cfd402c745b7a685f13eed0ea6e59d2144a3c2fc50a3db6fd5ed451f6cddf1a?s=96&d=mm&r=g\",\"caption\":\"Mohamed Hedi Touati\"},\"url\":\"https:\\\/\\\/www.webdo.tn\\\/fr\\\/actualite\\\/author\\\/mohamed-hedi-touati\\\/\"}]}<\/script>\n<!-- \/ Yoast SEO Premium plugin. -->","yoast_head_json":{"title":"Assassinat de Chokri Belaid : Ouverture du proc\u00e8s d\u2019Akremi et Ellouze le 13 juin - webdo","description":"L'audience du proc\u00e8s d\u2019Akremi et Ellouze devant le tribunal de Tunis est pr\u00e9vue par visioconf\u00e9rence. Suivez les d\u00e9veloppements.","canonical":"https:\/\/www.webdo.tn\/fr\/actualite\/national\/assassinat-de-chokri-belaid-ouverture-du-proces-dakremi-et-ellouze-le-13-juin\/377138\/","og_locale":"fr_FR","og_type":"article","og_title":"Assassinat de Chokri Belaid : Ouverture du proc\u00e8s d\u2019Akremi et Ellouze le 13 juin","og_description":"L'audience du proc\u00e8s d\u2019Akremi et Ellouze devant le tribunal de Tunis est pr\u00e9vue par visioconf\u00e9rence. Suivez les d\u00e9veloppements.","og_url":"https:\/\/www.webdo.tn\/fr\/actualite\/national\/assassinat-de-chokri-belaid-ouverture-du-proces-dakremi-et-ellouze-le-13-juin\/377138\/","og_site_name":"webdo","article_publisher":"https:\/\/www.facebook.com\/webdotn","article_published_time":"2025-06-11T10:00:17+00:00","article_modified_time":"2025-06-11T13:47:09+00:00","og_image":[{"width":900,"height":506,"url":"https:\/\/www.webdo.tn\/fr\/wp-content\/uploads\/2025\/06\/habib_ellouze_1685002400.jpg","type":"image\/jpeg"}],"author":"Mohamed Hedi Touati","twitter_card":"summary_large_image","twitter_creator":"@webdo_tn","twitter_site":"@webdo_tn","twitter_misc":{"\u00c9crit par":"Mohamed Hedi Touati","Dur\u00e9e de lecture estim\u00e9e":"2 minutes"},"schema":{"@context":"https:\/\/schema.org","@graph":[{"@type":"NewsArticle","@id":"https:\/\/www.webdo.tn\/fr\/actualite\/national\/assassinat-de-chokri-belaid-ouverture-du-proces-dakremi-et-ellouze-le-13-juin\/377138\/#article","isPartOf":{"@id":"https:\/\/www.webdo.tn\/fr\/actualite\/national\/assassinat-de-chokri-belaid-ouverture-du-proces-dakremi-et-ellouze-le-13-juin\/377138\/"},"author":{"name":"Mohamed Hedi Touati","@id":"https:\/\/www.webdo.tn\/fr\/#\/schema\/person\/c652cd8fc2b1b44412b5ffb48c5a911d"},"headline":"Assassinat de Chokri Belaid : Ouverture du proc\u00e8s d\u2019Akremi et Ellouze le 13 juin","datePublished":"2025-06-11T10:00:17+00:00","dateModified":"2025-06-11T13:47:09+00:00","mainEntityOfPage":{"@id":"https:\/\/www.webdo.tn\/fr\/actualite\/national\/assassinat-de-chokri-belaid-ouverture-du-proces-dakremi-et-ellouze-le-13-juin\/377138\/"},"wordCount":204,"commentCount":0,"publisher":{"@id":"https:\/\/www.webdo.tn\/fr\/#organization"},"image":{"@id":"https:\/\/www.webdo.tn\/fr\/actualite\/national\/assassinat-de-chokri-belaid-ouverture-du-proces-dakremi-et-ellouze-le-13-juin\/377138\/#primaryimage"},"thumbnailUrl":"https:\/\/www.webdo.tn\/fr\/wp-content\/uploads\/2025\/06\/habib_ellouze_1685002400.jpg","keywords":["bechir akremi","chokri belaid","Habib Ellouze","justice","Tunisie"],"articleSection":["National"],"inLanguage":"fr-FR"},{"@type":"WebPage","@id":"https:\/\/www.webdo.tn\/fr\/actualite\/national\/assassinat-de-chokri-belaid-ouverture-du-proces-dakremi-et-ellouze-le-13-juin\/377138\/","url":"https:\/\/www.webdo.tn\/fr\/actualite\/national\/assassinat-de-chokri-belaid-ouverture-du-proces-dakremi-et-ellouze-le-13-juin\/377138\/","name":"Assassinat de Chokri Belaid : Ouverture du proc\u00e8s d\u2019Akremi et Ellouze le 13 juin - webdo","isPartOf":{"@id":"https:\/\/www.webdo.tn\/fr\/#website"},"primaryImageOfPage":{"@id":"https:\/\/www.webdo.tn\/fr\/actualite\/national\/assassinat-de-chokri-belaid-ouverture-du-proces-dakremi-et-ellouze-le-13-juin\/377138\/#primaryimage"},"image":{"@id":"https:\/\/www.webdo.tn\/fr\/actualite\/national\/assassinat-de-chokri-belaid-ouverture-du-proces-dakremi-et-ellouze-le-13-juin\/377138\/#primaryimage"},"thumbnailUrl":"https:\/\/www.webdo.tn\/fr\/wp-content\/uploads\/2025\/06\/habib_ellouze_1685002400.jpg","datePublished":"2025-06-11T10:00:17+00:00","dateModified":"2025-06-11T13:47:09+00:00","description":"L'audience du proc\u00e8s d\u2019Akremi et Ellouze devant le tribunal de Tunis est pr\u00e9vue par visioconf\u00e9rence. Suivez les d\u00e9veloppements.","breadcrumb":{"@id":"https:\/\/www.webdo.tn\/fr\/actualite\/national\/assassinat-de-chokri-belaid-ouverture-du-proces-dakremi-et-ellouze-le-13-juin\/377138\/#breadcrumb"},"inLanguage":"fr-FR","potentialAction":[{"@type":"ReadAction","target":["https:\/\/www.webdo.tn\/fr\/actualite\/national\/assassinat-de-chokri-belaid-ouverture-du-proces-dakremi-et-ellouze-le-13-juin\/377138\/"]}]},{"@type":"ImageObject","inLanguage":"fr-FR","@id":"https:\/\/www.webdo.tn\/fr\/actualite\/national\/assassinat-de-chokri-belaid-ouverture-du-proces-dakremi-et-ellouze-le-13-juin\/377138\/#primaryimage","url":"https:\/\/www.webdo.tn\/fr\/wp-content\/uploads\/2025\/06\/habib_ellouze_1685002400.jpg","contentUrl":"https:\/\/www.webdo.tn\/fr\/wp-content\/uploads\/2025\/06\/habib_ellouze_1685002400.jpg","width":900,"height":506},{"@type":"BreadcrumbList","@id":"https:\/\/www.webdo.tn\/fr\/actualite\/national\/assassinat-de-chokri-belaid-ouverture-du-proces-dakremi-et-ellouze-le-13-juin\/377138\/#breadcrumb","itemListElement":[{"@type":"ListItem","position":1,"name":"Accueil","item":"https:\/\/www.webdo.tn\/fr\/"},{"@type":"ListItem","position":2,"name":"Assassinat de Chokri Belaid : Ouverture du proc\u00e8s d\u2019Akremi et Ellouze le 13 juin"}]},{"@type":"WebSite","@id":"https:\/\/www.webdo.tn\/fr\/#website","url":"https:\/\/www.webdo.tn\/fr\/","name":"webdo","description":"Tunisie - News en Tunisie et \u00e0 l&#039;international sur Webdo.tn","publisher":{"@id":"https:\/\/www.webdo.tn\/fr\/#organization"},"potentialAction":[{"@type":"SearchAction","target":{"@type":"EntryPoint","urlTemplate":"https:\/\/www.webdo.tn\/fr\/?s={search_term_string}"},"query-input":{"@type":"PropertyValueSpecification","valueRequired":true,"valueName":"search_term_string"}}],"inLanguage":"fr-FR"},{"@type":"Organization","@id":"https:\/\/www.webdo.tn\/fr\/#organization","name":"Webdo","alternateName":"Webdo.tn","url":"https:\/\/www.webdo.tn\/fr\/","logo":{"@type":"ImageObject","inLanguage":"fr-FR","@id":"https:\/\/www.webdo.tn\/fr\/#\/schema\/logo\/image\/","url":"https:\/\/www.webdo.tn\/fr\/wp-content\/uploads\/2025\/06\/Webdo-Tunisie_168377.jpg","contentUrl":"https:\/\/www.webdo.tn\/fr\/wp-content\/uploads\/2025\/06\/Webdo-Tunisie_168377.jpg","width":301,"height":301,"caption":"Webdo"},"image":{"@id":"https:\/\/www.webdo.tn\/fr\/#\/schema\/logo\/image\/"},"sameAs":["https:\/\/www.facebook.com\/webdotn","https:\/\/x.com\/webdo_tn"],"description":"Webdo est un m\u00e9dia num\u00e9rique tunisien fond\u00e9 en 2010, sp\u00e9cialis\u00e9 dans l\u2019actualit\u00e9 nationale et internationale, l\u2019\u00e9conomie, la soci\u00e9t\u00e9 et les analyses politiques. Le site s\u2019adresse \u00e0 un large public francophone et couvre l\u2019information tunisienne en temps r\u00e9el.","email":"redac@webdo.tn","legalName":"YNJ SARL","foundingDate":"2010-09-06","numberOfEmployees":{"@type":"QuantitativeValue","minValue":"11","maxValue":"50"}},{"@type":"Person","@id":"https:\/\/www.webdo.tn\/fr\/#\/schema\/person\/c652cd8fc2b1b44412b5ffb48c5a911d","name":"Mohamed Hedi Touati","image":{"@type":"ImageObject","inLanguage":"fr-FR","@id":"https:\/\/secure.gravatar.com\/avatar\/9cfd402c745b7a685f13eed0ea6e59d2144a3c2fc50a3db6fd5ed451f6cddf1a?s=96&d=mm&r=g","url":"https:\/\/secure.gravatar.com\/avatar\/9cfd402c745b7a685f13eed0ea6e59d2144a3c2fc50a3db6fd5ed451f6cddf1a?s=96&d=mm&r=g","contentUrl":"https:\/\/secure.gravatar.com\/avatar\/9cfd402c745b7a685f13eed0ea6e59d2144a3c2fc50a3db6fd5ed451f6cddf1a?s=96&d=mm&r=g","caption":"Mohamed Hedi Touati"},"url":"https:\/\/www.webdo.tn\/fr\/actualite\/author\/mohamed-hedi-touati\/"}]}},"_links":{"self":[{"href":"https:\/\/www.webdo.tn\/fr\/wp-json\/wp\/v2\/posts\/377138","targetHints":{"allow":["GET"]}}],"collection":[{"href":"https:\/\/www.webdo.tn\/fr\/wp-json\/wp\/v2\/posts"}],"about":[{"href":"https:\/\/www.webdo.tn\/fr\/wp-json\/wp\/v2\/types\/post"}],"author":[{"embeddable":true,"href":"https:\/\/www.webdo.tn\/fr\/wp-json\/wp\/v2\/users\/3191"}],"replies":[{"embeddable":true,"href":"https:\/\/www.webdo.tn\/fr\/wp-json\/wp\/v2\/comments?post=377138"}],"version-history":[{"count":0,"href":"https:\/\/www.webdo.tn\/fr\/wp-json\/wp\/v2\/posts\/377138\/revisions"}],"wp:featuredmedia":[{"embeddable":true,"href":"https:\/\/www.webdo.tn\/fr\/wp-json\/wp\/v2\/media\/377139"}],"wp:attachment":[{"href":"https:\/\/www.webdo.tn\/fr\/wp-json\/wp\/v2\/media?parent=377138"}],"wp:term":[{"taxonomy":"category","embeddable":true,"href":"https:\/\/www.webdo.tn\/fr\/wp-json\/wp\/v2\/categories?post=377138"},{"taxonomy":"post_tag","embeddable":true,"href":"https:\/\/www.webdo.tn\/fr\/wp-json\/wp\/v2\/tags?post=377138"}],"curies":[{"name":"wp","href":"https:\/\/api.w.org\/{rel}","templated":true}]}}