{"id":377125,"date":"2025-06-10T19:56:11","date_gmt":"2025-06-10T18:56:11","guid":{"rendered":"https:\/\/www.webdo.tn\/fr\/?p=377125"},"modified":"2025-06-10T20:01:33","modified_gmt":"2025-06-10T19:01:33","slug":"securite-maritime-la-tunisie-mene-son-premier-exercice-reel-de-liberation-dotages-en-mer","status":"publish","type":"post","link":"https:\/\/www.webdo.tn\/fr\/actualite\/national\/securite-maritime-la-tunisie-mene-son-premier-exercice-reel-de-liberation-dotages-en-mer\/377125\/","title":{"rendered":"S\u00e9curit\u00e9 maritime : La Tunisie m\u00e8ne son premier exercice r\u00e9el de lib\u00e9ration d\u2019otages en mer"},"content":{"rendered":"\n<p><strong>Un exercice in\u00e9dit de lib\u00e9ration d\u2019otages \u00e0 bord du navire Tanit a \u00e9t\u00e9 men\u00e9 ce mardi matin au large du port de La Goulette. Il s\u2019agit du premier exercice de ce type r\u00e9alis\u00e9 dans des conditions de navigation r\u00e9elle, marquant une \u00e9tape importante dans le renforcement des capacit\u00e9s d\u2019intervention de l\u2019\u00c9tat tunisien en mer.<\/strong><\/p>\n\n\n\n<p>L\u2019op\u00e9ration, qui a dur\u00e9 environ 35 minutes, a \u00e9t\u00e9 supervis\u00e9e par le ministre des Transports Rachid Amri, qui a salu\u00e9 \u00ab\u00a0la qualit\u00e9 du travail accompli\u00a0\u00bb et affirm\u00e9 que cet exercice d\u00e9montre \u00ab\u00a0la pleine capacit\u00e9 de l\u2019\u00c9tat \u00e0 assurer la protection du pays sur terre, en mer et dans les airs\u00a0\u00bb, rapporte Mosaique fm.<\/p>\n\n\n\n<p>Le sc\u00e9nario simulait une prise d\u2019otages \u00e0 bord du Tanit. D\u00e8s l\u2019alerte d\u00e9clench\u00e9e, une cellule de crise a \u00e9t\u00e9 activ\u00e9e, permettant la coordination entre l\u2019\u00e9quipage, la Garde nationale, les garde-c\u00f4tes, l\u2019unit\u00e9 sp\u00e9ciale et l\u2019unit\u00e9 a\u00e9rienne. L\u2019intervention s\u2019est conclue par un assaut spectaculaire, notamment avec un d\u00e9ploiement a\u00e9rien sur le pont du navire pour neutraliser l\u2019assaillant.<\/p>\n\n\n\n<p>Selon le g\u00e9n\u00e9ral Houssemeddine Jebabli, porte-parole de la Garde nationale, l\u2019un des d\u00e9fis majeurs r\u00e9sidait dans la gestion de l\u2019op\u00e9ration alors que le navire \u00e9tait en navigation r\u00e9elle, n\u00e9cessitant une coordination \u00e9troite entre toutes les entit\u00e9s impliqu\u00e9es, y compris la Compagnie tunisienne de navigation.<\/p>\n\n\n\n<p>L\u2019exercice s\u2019inscrit dans le programme annuel de la Garde nationale pour le premier semestre 2025. Une \u00e9valuation compl\u00e8te a \u00e9t\u00e9 r\u00e9alis\u00e9e \u00e0 l\u2019issue de l\u2019op\u00e9ration, qui constitue une premi\u00e8re \u00e9tape avant d&rsquo;autres simulations pr\u00e9vues, dans des contextes encore plus complexes.<\/p>\n\n\n\n<p>Ce test grandeur nature illustre la volont\u00e9 des autorit\u00e9s tunisiennes de renforcer leur vigilance face aux menaces maritimes et de perfectionner les m\u00e9canismes de r\u00e9ponse d\u2019urgence.<\/p>\n","protected":false},"excerpt":{"rendered":"<p>Un exercice in\u00e9dit de lib\u00e9ration d\u2019otages \u00e0 bord du navire Tanit a \u00e9t\u00e9 men\u00e9 ce mardi matin au large du port de La Goulette. Il s\u2019agit du premier exercice de ce type r\u00e9alis\u00e9 dans des conditions de navigation r\u00e9elle, marquant une \u00e9tape importante dans le renforcement des capacit\u00e9s d\u2019intervention de l\u2019\u00c9tat tunisien en mer. L\u2019op\u00e9ration, [&hellip;]<\/p>\n","protected":false},"author":3191,"featured_media":377126,"comment_status":"open","ping_status":"open","sticky":false,"template":"","format":"standard","meta":{"footnotes":""},"categories":[44],"tags":[11912,11911,9046,2608],"class_list":["post-377125","post","type-post","status-publish","format-standard","has-post-thumbnail","hentry","category-national","tag-exercice-maritime","tag-prise-dotages","tag-tanit","tag-tunisie"],"yoast_head":"<!-- This site is optimized with the Yoast SEO Premium plugin v27.5 (Yoast SEO v27.5) - https:\/\/yoast.com\/product\/yoast-seo-premium-wordpress\/ -->\n<title>S\u00e9curit\u00e9 maritime : La Tunisie m\u00e8ne son premier exercice r\u00e9el de lib\u00e9ration d\u2019otages en mer - webdo<\/title>\n<meta name=\"description\" content=\"L&#039;\u00c9tat tunisien a men\u00e9 un exercice r\u00e9el de lib\u00e9ration d\u2019otages en mer, marquant une avanc\u00e9e significative en mati\u00e8re de s\u00e9curit\u00e9.\" \/>\n<link rel=\"canonical\" href=\"https:\/\/www.webdo.tn\/fr\/actualite\/national\/securite-maritime-la-tunisie-mene-son-premier-exercice-reel-de-liberation-dotages-en-mer\/377125\/\" \/>\n<meta property=\"og:locale\" content=\"fr_FR\" \/>\n<meta property=\"og:type\" content=\"article\" \/>\n<meta property=\"og:title\" content=\"S\u00e9curit\u00e9 maritime : La Tunisie m\u00e8ne son premier exercice r\u00e9el de lib\u00e9ration d\u2019otages en mer\" \/>\n<meta property=\"og:description\" content=\"L&#039;\u00c9tat tunisien a men\u00e9 un exercice r\u00e9el de lib\u00e9ration d\u2019otages en mer, marquant une avanc\u00e9e significative en mati\u00e8re de s\u00e9curit\u00e9.\" \/>\n<meta property=\"og:url\" content=\"https:\/\/www.webdo.tn\/fr\/actualite\/national\/securite-maritime-la-tunisie-mene-son-premier-exercice-reel-de-liberation-dotages-en-mer\/377125\/\" \/>\n<meta property=\"og:site_name\" content=\"webdo\" \/>\n<meta property=\"article:publisher\" content=\"https:\/\/www.facebook.com\/webdotn\" \/>\n<meta property=\"article:published_time\" content=\"2025-06-10T18:56:11+00:00\" \/>\n<meta property=\"article:modified_time\" content=\"2025-06-10T19:01:33+00:00\" \/>\n<meta property=\"og:image\" content=\"https:\/\/www.webdo.tn\/fr\/wp-content\/uploads\/2025\/06\/ctntunisie7-850x491-1.jpg\" \/>\n\t<meta property=\"og:image:width\" content=\"850\" \/>\n\t<meta property=\"og:image:height\" content=\"491\" \/>\n\t<meta property=\"og:image:type\" content=\"image\/jpeg\" \/>\n<meta name=\"author\" content=\"Mohamed Hedi Touati\" \/>\n<meta name=\"twitter:card\" content=\"summary_large_image\" \/>\n<meta name=\"twitter:creator\" content=\"@webdo_tn\" \/>\n<meta name=\"twitter:site\" content=\"@webdo_tn\" \/>\n<meta name=\"twitter:label1\" content=\"\u00c9crit par\" \/>\n\t<meta name=\"twitter:data1\" content=\"Mohamed Hedi Touati\" \/>\n\t<meta name=\"twitter:label2\" content=\"Dur\u00e9e de lecture estim\u00e9e\" \/>\n\t<meta name=\"twitter:data2\" content=\"2 minutes\" \/>\n<script type=\"application\/ld+json\" class=\"yoast-schema-graph\">{\"@context\":\"https:\\\/\\\/schema.org\",\"@graph\":[{\"@type\":\"NewsArticle\",\"@id\":\"https:\\\/\\\/www.webdo.tn\\\/fr\\\/actualite\\\/national\\\/securite-maritime-la-tunisie-mene-son-premier-exercice-reel-de-liberation-dotages-en-mer\\\/377125\\\/#article\",\"isPartOf\":{\"@id\":\"https:\\\/\\\/www.webdo.tn\\\/fr\\\/actualite\\\/national\\\/securite-maritime-la-tunisie-mene-son-premier-exercice-reel-de-liberation-dotages-en-mer\\\/377125\\\/\"},\"author\":{\"name\":\"Mohamed Hedi Touati\",\"@id\":\"https:\\\/\\\/www.webdo.tn\\\/fr\\\/#\\\/schema\\\/person\\\/c652cd8fc2b1b44412b5ffb48c5a911d\"},\"headline\":\"S\u00e9curit\u00e9 maritime : La Tunisie m\u00e8ne son premier exercice r\u00e9el de lib\u00e9ration d\u2019otages en mer\",\"datePublished\":\"2025-06-10T18:56:11+00:00\",\"dateModified\":\"2025-06-10T19:01:33+00:00\",\"mainEntityOfPage\":{\"@id\":\"https:\\\/\\\/www.webdo.tn\\\/fr\\\/actualite\\\/national\\\/securite-maritime-la-tunisie-mene-son-premier-exercice-reel-de-liberation-dotages-en-mer\\\/377125\\\/\"},\"wordCount\":343,\"commentCount\":0,\"publisher\":{\"@id\":\"https:\\\/\\\/www.webdo.tn\\\/fr\\\/#organization\"},\"image\":{\"@id\":\"https:\\\/\\\/www.webdo.tn\\\/fr\\\/actualite\\\/national\\\/securite-maritime-la-tunisie-mene-son-premier-exercice-reel-de-liberation-dotages-en-mer\\\/377125\\\/#primaryimage\"},\"thumbnailUrl\":\"https:\\\/\\\/www.webdo.tn\\\/fr\\\/wp-content\\\/uploads\\\/2025\\\/06\\\/ctntunisie7-850x491-1.jpg\",\"keywords\":[\"exercice maritime\",\"prise d'otages\",\"Tanit\",\"Tunisie\"],\"articleSection\":[\"National\"],\"inLanguage\":\"fr-FR\"},{\"@type\":\"WebPage\",\"@id\":\"https:\\\/\\\/www.webdo.tn\\\/fr\\\/actualite\\\/national\\\/securite-maritime-la-tunisie-mene-son-premier-exercice-reel-de-liberation-dotages-en-mer\\\/377125\\\/\",\"url\":\"https:\\\/\\\/www.webdo.tn\\\/fr\\\/actualite\\\/national\\\/securite-maritime-la-tunisie-mene-son-premier-exercice-reel-de-liberation-dotages-en-mer\\\/377125\\\/\",\"name\":\"S\u00e9curit\u00e9 maritime : La Tunisie m\u00e8ne son premier exercice r\u00e9el de lib\u00e9ration d\u2019otages en mer - webdo\",\"isPartOf\":{\"@id\":\"https:\\\/\\\/www.webdo.tn\\\/fr\\\/#website\"},\"primaryImageOfPage\":{\"@id\":\"https:\\\/\\\/www.webdo.tn\\\/fr\\\/actualite\\\/national\\\/securite-maritime-la-tunisie-mene-son-premier-exercice-reel-de-liberation-dotages-en-mer\\\/377125\\\/#primaryimage\"},\"image\":{\"@id\":\"https:\\\/\\\/www.webdo.tn\\\/fr\\\/actualite\\\/national\\\/securite-maritime-la-tunisie-mene-son-premier-exercice-reel-de-liberation-dotages-en-mer\\\/377125\\\/#primaryimage\"},\"thumbnailUrl\":\"https:\\\/\\\/www.webdo.tn\\\/fr\\\/wp-content\\\/uploads\\\/2025\\\/06\\\/ctntunisie7-850x491-1.jpg\",\"datePublished\":\"2025-06-10T18:56:11+00:00\",\"dateModified\":\"2025-06-10T19:01:33+00:00\",\"description\":\"L'\u00c9tat tunisien a men\u00e9 un exercice r\u00e9el de lib\u00e9ration d\u2019otages en mer, marquant une avanc\u00e9e significative en mati\u00e8re de s\u00e9curit\u00e9.\",\"breadcrumb\":{\"@id\":\"https:\\\/\\\/www.webdo.tn\\\/fr\\\/actualite\\\/national\\\/securite-maritime-la-tunisie-mene-son-premier-exercice-reel-de-liberation-dotages-en-mer\\\/377125\\\/#breadcrumb\"},\"inLanguage\":\"fr-FR\",\"potentialAction\":[{\"@type\":\"ReadAction\",\"target\":[\"https:\\\/\\\/www.webdo.tn\\\/fr\\\/actualite\\\/national\\\/securite-maritime-la-tunisie-mene-son-premier-exercice-reel-de-liberation-dotages-en-mer\\\/377125\\\/\"]}]},{\"@type\":\"ImageObject\",\"inLanguage\":\"fr-FR\",\"@id\":\"https:\\\/\\\/www.webdo.tn\\\/fr\\\/actualite\\\/national\\\/securite-maritime-la-tunisie-mene-son-premier-exercice-reel-de-liberation-dotages-en-mer\\\/377125\\\/#primaryimage\",\"url\":\"https:\\\/\\\/www.webdo.tn\\\/fr\\\/wp-content\\\/uploads\\\/2025\\\/06\\\/ctntunisie7-850x491-1.jpg\",\"contentUrl\":\"https:\\\/\\\/www.webdo.tn\\\/fr\\\/wp-content\\\/uploads\\\/2025\\\/06\\\/ctntunisie7-850x491-1.jpg\",\"width\":850,\"height\":491},{\"@type\":\"BreadcrumbList\",\"@id\":\"https:\\\/\\\/www.webdo.tn\\\/fr\\\/actualite\\\/national\\\/securite-maritime-la-tunisie-mene-son-premier-exercice-reel-de-liberation-dotages-en-mer\\\/377125\\\/#breadcrumb\",\"itemListElement\":[{\"@type\":\"ListItem\",\"position\":1,\"name\":\"Accueil\",\"item\":\"https:\\\/\\\/www.webdo.tn\\\/fr\\\/\"},{\"@type\":\"ListItem\",\"position\":2,\"name\":\"S\u00e9curit\u00e9 maritime : La Tunisie m\u00e8ne son premier exercice r\u00e9el de lib\u00e9ration d\u2019otages en mer\"}]},{\"@type\":\"WebSite\",\"@id\":\"https:\\\/\\\/www.webdo.tn\\\/fr\\\/#website\",\"url\":\"https:\\\/\\\/www.webdo.tn\\\/fr\\\/\",\"name\":\"webdo\",\"description\":\"Tunisie - News en Tunisie et \u00e0 l&#039;international sur Webdo.tn\",\"publisher\":{\"@id\":\"https:\\\/\\\/www.webdo.tn\\\/fr\\\/#organization\"},\"potentialAction\":[{\"@type\":\"SearchAction\",\"target\":{\"@type\":\"EntryPoint\",\"urlTemplate\":\"https:\\\/\\\/www.webdo.tn\\\/fr\\\/?s={search_term_string}\"},\"query-input\":{\"@type\":\"PropertyValueSpecification\",\"valueRequired\":true,\"valueName\":\"search_term_string\"}}],\"inLanguage\":\"fr-FR\"},{\"@type\":\"Organization\",\"@id\":\"https:\\\/\\\/www.webdo.tn\\\/fr\\\/#organization\",\"name\":\"Webdo\",\"alternateName\":\"Webdo.tn\",\"url\":\"https:\\\/\\\/www.webdo.tn\\\/fr\\\/\",\"logo\":{\"@type\":\"ImageObject\",\"inLanguage\":\"fr-FR\",\"@id\":\"https:\\\/\\\/www.webdo.tn\\\/fr\\\/#\\\/schema\\\/logo\\\/image\\\/\",\"url\":\"https:\\\/\\\/www.webdo.tn\\\/fr\\\/wp-content\\\/uploads\\\/2025\\\/06\\\/Webdo-Tunisie_168377.jpg\",\"contentUrl\":\"https:\\\/\\\/www.webdo.tn\\\/fr\\\/wp-content\\\/uploads\\\/2025\\\/06\\\/Webdo-Tunisie_168377.jpg\",\"width\":301,\"height\":301,\"caption\":\"Webdo\"},\"image\":{\"@id\":\"https:\\\/\\\/www.webdo.tn\\\/fr\\\/#\\\/schema\\\/logo\\\/image\\\/\"},\"sameAs\":[\"https:\\\/\\\/www.facebook.com\\\/webdotn\",\"https:\\\/\\\/x.com\\\/webdo_tn\"],\"description\":\"Webdo est un m\u00e9dia num\u00e9rique tunisien fond\u00e9 en 2010, sp\u00e9cialis\u00e9 dans l\u2019actualit\u00e9 nationale et internationale, l\u2019\u00e9conomie, la soci\u00e9t\u00e9 et les analyses politiques. Le site s\u2019adresse \u00e0 un large public francophone et couvre l\u2019information tunisienne en temps r\u00e9el.\",\"email\":\"redac@webdo.tn\",\"legalName\":\"YNJ SARL\",\"foundingDate\":\"2010-09-06\",\"numberOfEmployees\":{\"@type\":\"QuantitativeValue\",\"minValue\":\"11\",\"maxValue\":\"50\"}},{\"@type\":\"Person\",\"@id\":\"https:\\\/\\\/www.webdo.tn\\\/fr\\\/#\\\/schema\\\/person\\\/c652cd8fc2b1b44412b5ffb48c5a911d\",\"name\":\"Mohamed Hedi Touati\",\"image\":{\"@type\":\"ImageObject\",\"inLanguage\":\"fr-FR\",\"@id\":\"https:\\\/\\\/secure.gravatar.com\\\/avatar\\\/9cfd402c745b7a685f13eed0ea6e59d2144a3c2fc50a3db6fd5ed451f6cddf1a?s=96&d=mm&r=g\",\"url\":\"https:\\\/\\\/secure.gravatar.com\\\/avatar\\\/9cfd402c745b7a685f13eed0ea6e59d2144a3c2fc50a3db6fd5ed451f6cddf1a?s=96&d=mm&r=g\",\"contentUrl\":\"https:\\\/\\\/secure.gravatar.com\\\/avatar\\\/9cfd402c745b7a685f13eed0ea6e59d2144a3c2fc50a3db6fd5ed451f6cddf1a?s=96&d=mm&r=g\",\"caption\":\"Mohamed Hedi Touati\"},\"url\":\"https:\\\/\\\/www.webdo.tn\\\/fr\\\/actualite\\\/author\\\/mohamed-hedi-touati\\\/\"}]}<\/script>\n<!-- \/ Yoast SEO Premium plugin. -->","yoast_head_json":{"title":"S\u00e9curit\u00e9 maritime : La Tunisie m\u00e8ne son premier exercice r\u00e9el de lib\u00e9ration d\u2019otages en mer - webdo","description":"L'\u00c9tat tunisien a men\u00e9 un exercice r\u00e9el de lib\u00e9ration d\u2019otages en mer, marquant une avanc\u00e9e significative en mati\u00e8re de s\u00e9curit\u00e9.","canonical":"https:\/\/www.webdo.tn\/fr\/actualite\/national\/securite-maritime-la-tunisie-mene-son-premier-exercice-reel-de-liberation-dotages-en-mer\/377125\/","og_locale":"fr_FR","og_type":"article","og_title":"S\u00e9curit\u00e9 maritime : La Tunisie m\u00e8ne son premier exercice r\u00e9el de lib\u00e9ration d\u2019otages en mer","og_description":"L'\u00c9tat tunisien a men\u00e9 un exercice r\u00e9el de lib\u00e9ration d\u2019otages en mer, marquant une avanc\u00e9e significative en mati\u00e8re de s\u00e9curit\u00e9.","og_url":"https:\/\/www.webdo.tn\/fr\/actualite\/national\/securite-maritime-la-tunisie-mene-son-premier-exercice-reel-de-liberation-dotages-en-mer\/377125\/","og_site_name":"webdo","article_publisher":"https:\/\/www.facebook.com\/webdotn","article_published_time":"2025-06-10T18:56:11+00:00","article_modified_time":"2025-06-10T19:01:33+00:00","og_image":[{"width":850,"height":491,"url":"https:\/\/www.webdo.tn\/fr\/wp-content\/uploads\/2025\/06\/ctntunisie7-850x491-1.jpg","type":"image\/jpeg"}],"author":"Mohamed Hedi Touati","twitter_card":"summary_large_image","twitter_creator":"@webdo_tn","twitter_site":"@webdo_tn","twitter_misc":{"\u00c9crit par":"Mohamed Hedi Touati","Dur\u00e9e de lecture estim\u00e9e":"2 minutes"},"schema":{"@context":"https:\/\/schema.org","@graph":[{"@type":"NewsArticle","@id":"https:\/\/www.webdo.tn\/fr\/actualite\/national\/securite-maritime-la-tunisie-mene-son-premier-exercice-reel-de-liberation-dotages-en-mer\/377125\/#article","isPartOf":{"@id":"https:\/\/www.webdo.tn\/fr\/actualite\/national\/securite-maritime-la-tunisie-mene-son-premier-exercice-reel-de-liberation-dotages-en-mer\/377125\/"},"author":{"name":"Mohamed Hedi Touati","@id":"https:\/\/www.webdo.tn\/fr\/#\/schema\/person\/c652cd8fc2b1b44412b5ffb48c5a911d"},"headline":"S\u00e9curit\u00e9 maritime : La Tunisie m\u00e8ne son premier exercice r\u00e9el de lib\u00e9ration d\u2019otages en mer","datePublished":"2025-06-10T18:56:11+00:00","dateModified":"2025-06-10T19:01:33+00:00","mainEntityOfPage":{"@id":"https:\/\/www.webdo.tn\/fr\/actualite\/national\/securite-maritime-la-tunisie-mene-son-premier-exercice-reel-de-liberation-dotages-en-mer\/377125\/"},"wordCount":343,"commentCount":0,"publisher":{"@id":"https:\/\/www.webdo.tn\/fr\/#organization"},"image":{"@id":"https:\/\/www.webdo.tn\/fr\/actualite\/national\/securite-maritime-la-tunisie-mene-son-premier-exercice-reel-de-liberation-dotages-en-mer\/377125\/#primaryimage"},"thumbnailUrl":"https:\/\/www.webdo.tn\/fr\/wp-content\/uploads\/2025\/06\/ctntunisie7-850x491-1.jpg","keywords":["exercice maritime","prise d'otages","Tanit","Tunisie"],"articleSection":["National"],"inLanguage":"fr-FR"},{"@type":"WebPage","@id":"https:\/\/www.webdo.tn\/fr\/actualite\/national\/securite-maritime-la-tunisie-mene-son-premier-exercice-reel-de-liberation-dotages-en-mer\/377125\/","url":"https:\/\/www.webdo.tn\/fr\/actualite\/national\/securite-maritime-la-tunisie-mene-son-premier-exercice-reel-de-liberation-dotages-en-mer\/377125\/","name":"S\u00e9curit\u00e9 maritime : La Tunisie m\u00e8ne son premier exercice r\u00e9el de lib\u00e9ration d\u2019otages en mer - webdo","isPartOf":{"@id":"https:\/\/www.webdo.tn\/fr\/#website"},"primaryImageOfPage":{"@id":"https:\/\/www.webdo.tn\/fr\/actualite\/national\/securite-maritime-la-tunisie-mene-son-premier-exercice-reel-de-liberation-dotages-en-mer\/377125\/#primaryimage"},"image":{"@id":"https:\/\/www.webdo.tn\/fr\/actualite\/national\/securite-maritime-la-tunisie-mene-son-premier-exercice-reel-de-liberation-dotages-en-mer\/377125\/#primaryimage"},"thumbnailUrl":"https:\/\/www.webdo.tn\/fr\/wp-content\/uploads\/2025\/06\/ctntunisie7-850x491-1.jpg","datePublished":"2025-06-10T18:56:11+00:00","dateModified":"2025-06-10T19:01:33+00:00","description":"L'\u00c9tat tunisien a men\u00e9 un exercice r\u00e9el de lib\u00e9ration d\u2019otages en mer, marquant une avanc\u00e9e significative en mati\u00e8re de s\u00e9curit\u00e9.","breadcrumb":{"@id":"https:\/\/www.webdo.tn\/fr\/actualite\/national\/securite-maritime-la-tunisie-mene-son-premier-exercice-reel-de-liberation-dotages-en-mer\/377125\/#breadcrumb"},"inLanguage":"fr-FR","potentialAction":[{"@type":"ReadAction","target":["https:\/\/www.webdo.tn\/fr\/actualite\/national\/securite-maritime-la-tunisie-mene-son-premier-exercice-reel-de-liberation-dotages-en-mer\/377125\/"]}]},{"@type":"ImageObject","inLanguage":"fr-FR","@id":"https:\/\/www.webdo.tn\/fr\/actualite\/national\/securite-maritime-la-tunisie-mene-son-premier-exercice-reel-de-liberation-dotages-en-mer\/377125\/#primaryimage","url":"https:\/\/www.webdo.tn\/fr\/wp-content\/uploads\/2025\/06\/ctntunisie7-850x491-1.jpg","contentUrl":"https:\/\/www.webdo.tn\/fr\/wp-content\/uploads\/2025\/06\/ctntunisie7-850x491-1.jpg","width":850,"height":491},{"@type":"BreadcrumbList","@id":"https:\/\/www.webdo.tn\/fr\/actualite\/national\/securite-maritime-la-tunisie-mene-son-premier-exercice-reel-de-liberation-dotages-en-mer\/377125\/#breadcrumb","itemListElement":[{"@type":"ListItem","position":1,"name":"Accueil","item":"https:\/\/www.webdo.tn\/fr\/"},{"@type":"ListItem","position":2,"name":"S\u00e9curit\u00e9 maritime : La Tunisie m\u00e8ne son premier exercice r\u00e9el de lib\u00e9ration d\u2019otages en mer"}]},{"@type":"WebSite","@id":"https:\/\/www.webdo.tn\/fr\/#website","url":"https:\/\/www.webdo.tn\/fr\/","name":"webdo","description":"Tunisie - News en Tunisie et \u00e0 l&#039;international sur Webdo.tn","publisher":{"@id":"https:\/\/www.webdo.tn\/fr\/#organization"},"potentialAction":[{"@type":"SearchAction","target":{"@type":"EntryPoint","urlTemplate":"https:\/\/www.webdo.tn\/fr\/?s={search_term_string}"},"query-input":{"@type":"PropertyValueSpecification","valueRequired":true,"valueName":"search_term_string"}}],"inLanguage":"fr-FR"},{"@type":"Organization","@id":"https:\/\/www.webdo.tn\/fr\/#organization","name":"Webdo","alternateName":"Webdo.tn","url":"https:\/\/www.webdo.tn\/fr\/","logo":{"@type":"ImageObject","inLanguage":"fr-FR","@id":"https:\/\/www.webdo.tn\/fr\/#\/schema\/logo\/image\/","url":"https:\/\/www.webdo.tn\/fr\/wp-content\/uploads\/2025\/06\/Webdo-Tunisie_168377.jpg","contentUrl":"https:\/\/www.webdo.tn\/fr\/wp-content\/uploads\/2025\/06\/Webdo-Tunisie_168377.jpg","width":301,"height":301,"caption":"Webdo"},"image":{"@id":"https:\/\/www.webdo.tn\/fr\/#\/schema\/logo\/image\/"},"sameAs":["https:\/\/www.facebook.com\/webdotn","https:\/\/x.com\/webdo_tn"],"description":"Webdo est un m\u00e9dia num\u00e9rique tunisien fond\u00e9 en 2010, sp\u00e9cialis\u00e9 dans l\u2019actualit\u00e9 nationale et internationale, l\u2019\u00e9conomie, la soci\u00e9t\u00e9 et les analyses politiques. Le site s\u2019adresse \u00e0 un large public francophone et couvre l\u2019information tunisienne en temps r\u00e9el.","email":"redac@webdo.tn","legalName":"YNJ SARL","foundingDate":"2010-09-06","numberOfEmployees":{"@type":"QuantitativeValue","minValue":"11","maxValue":"50"}},{"@type":"Person","@id":"https:\/\/www.webdo.tn\/fr\/#\/schema\/person\/c652cd8fc2b1b44412b5ffb48c5a911d","name":"Mohamed Hedi Touati","image":{"@type":"ImageObject","inLanguage":"fr-FR","@id":"https:\/\/secure.gravatar.com\/avatar\/9cfd402c745b7a685f13eed0ea6e59d2144a3c2fc50a3db6fd5ed451f6cddf1a?s=96&d=mm&r=g","url":"https:\/\/secure.gravatar.com\/avatar\/9cfd402c745b7a685f13eed0ea6e59d2144a3c2fc50a3db6fd5ed451f6cddf1a?s=96&d=mm&r=g","contentUrl":"https:\/\/secure.gravatar.com\/avatar\/9cfd402c745b7a685f13eed0ea6e59d2144a3c2fc50a3db6fd5ed451f6cddf1a?s=96&d=mm&r=g","caption":"Mohamed Hedi Touati"},"url":"https:\/\/www.webdo.tn\/fr\/actualite\/author\/mohamed-hedi-touati\/"}]}},"_links":{"self":[{"href":"https:\/\/www.webdo.tn\/fr\/wp-json\/wp\/v2\/posts\/377125","targetHints":{"allow":["GET"]}}],"collection":[{"href":"https:\/\/www.webdo.tn\/fr\/wp-json\/wp\/v2\/posts"}],"about":[{"href":"https:\/\/www.webdo.tn\/fr\/wp-json\/wp\/v2\/types\/post"}],"author":[{"embeddable":true,"href":"https:\/\/www.webdo.tn\/fr\/wp-json\/wp\/v2\/users\/3191"}],"replies":[{"embeddable":true,"href":"https:\/\/www.webdo.tn\/fr\/wp-json\/wp\/v2\/comments?post=377125"}],"version-history":[{"count":0,"href":"https:\/\/www.webdo.tn\/fr\/wp-json\/wp\/v2\/posts\/377125\/revisions"}],"wp:featuredmedia":[{"embeddable":true,"href":"https:\/\/www.webdo.tn\/fr\/wp-json\/wp\/v2\/media\/377126"}],"wp:attachment":[{"href":"https:\/\/www.webdo.tn\/fr\/wp-json\/wp\/v2\/media?parent=377125"}],"wp:term":[{"taxonomy":"category","embeddable":true,"href":"https:\/\/www.webdo.tn\/fr\/wp-json\/wp\/v2\/categories?post=377125"},{"taxonomy":"post_tag","embeddable":true,"href":"https:\/\/www.webdo.tn\/fr\/wp-json\/wp\/v2\/tags?post=377125"}],"curies":[{"name":"wp","href":"https:\/\/api.w.org\/{rel}","templated":true}]}}