{"id":377115,"date":"2025-06-10T18:25:18","date_gmt":"2025-06-10T17:25:18","guid":{"rendered":"https:\/\/www.webdo.tn\/fr\/?p=377115"},"modified":"2025-06-11T12:13:54","modified_gmt":"2025-06-11T11:13:54","slug":"tunisie-lamphitheatre-del-jem-pret-a-vibrer-au-rythme-des-symphonies-du-monde","status":"publish","type":"post","link":"https:\/\/www.webdo.tn\/fr\/actualite\/culture\/tunisie-lamphitheatre-del-jem-pret-a-vibrer-au-rythme-des-symphonies-du-monde\/377115\/","title":{"rendered":"Tunisie\u00a0: L\u2019amphith\u00e9\u00e2tre d\u2019El Jem pr\u00eat \u00e0 vibrer au rythme des symphonies du monde"},"content":{"rendered":"\n<p><strong>L\u2019amphith\u00e9\u00e2tre romain d\u2019El Jem s\u2019appr\u00eate \u00e0 vibrer aux sons du monde entier. Du 12 juillet au 16 ao\u00fbt 2025, onze concerts mettront \u00e0 l\u2019honneur des orchestres et artistes venus de sept pays, dans le cadre de la 38e \u00e9dition du Festival international de musique symphonique \u00ab\u00a0Les Nocturnes d\u2019El Jem\u00a0\u00bb. La programmation a \u00e9t\u00e9 d\u00e9voil\u00e9e ce mardi lors d\u2019une conf\u00e9rence de presse.<\/strong><\/p>\n\n\n\n<p>Le coup d\u2019envoi sera donn\u00e9 le 12 juillet avec une soir\u00e9e d\u00e9di\u00e9e aux \u00ab\u00a0l\u00e9gendes italiennes\u00a0\u00bb. Sur sc\u00e8ne, l\u2019Orchestra da Camera Fiorentina interpr\u00e9tera des \u0153uvres de Morricone, Puccini ou encore Rota. Fond\u00e9e en 1981 par le maestro Giuseppe Lanzetta, cette formation florentine est aujourd\u2019hui reconnue comme l\u2019un des meilleurs orchestres de chambre d\u2019Europe.<\/p>\n\n\n\n<p>La soir\u00e9e de cl\u00f4ture, pr\u00e9vue le 16 ao\u00fbt, sera port\u00e9e par le violoniste autrichien Yury Revich \u2013 repr\u00e9sentant honoraire de l\u2019UNICEF \u2013 qui se produira avec l\u2019Orchestre symphonique tunisien, sous la baguette de Shady Garfi.<\/p>\n\n\n\n<p>Sept nations sont \u00e0 l\u2019honneur cette ann\u00e9e : la Tunisie, l\u2019Italie, la Belgique, l\u2019Espagne, l\u2019Alg\u00e9rie, le Canada et l\u2019Autriche. Chaque repr\u00e9sentation propose une immersion dans une culture musicale distincte.<\/p>\n\n\n\n<p>La sc\u00e8ne tunisienne sera particuli\u00e8rement mise en valeur cette ann\u00e9e. Le 17 juillet, le compositeur Mohamed Ali Kammoun pr\u00e9sentera \u00ab\u00a0Les \u00c9toiles symphoniques : 24 Parfums de Tunisie\u00a0\u00bb, une \u0153uvre monumentale r\u00e9unissant 120 artistes, dont 50 jeunes virtuoses et 70 choristes, sous la direction d\u2019Achraf Bettibi.<\/p>\n\n\n\n<p>Le 19 juillet, \u00ab\u00a0La Nuit des Chefs\u00a0\u00bb, une initiative du Th\u00e9\u00e2tre de l\u2019Op\u00e9ra de Tunis, r\u00e9unira plusieurs chefs d\u2019orchestre tunisiens pour un programme explorant les chefs-d\u2019\u0153uvre de la M\u00e9diterran\u00e9e et du r\u00e9pertoire classique occidental.<\/p>\n\n\n\n<p>Le chanteur Hassen Doss offrira, le 6 ao\u00fbt, un spectacle fusionnel aux c\u00f4t\u00e9s de l\u2019Orchestre et du Ch\u0153ur El Manar dirig\u00e9s par Salma Masmoudi. Enfin, le Carthage Symphony Orchestra de Hafedh Makni se produira le 12 ao\u00fbt, en avant-derni\u00e8re date du festival.<\/p>\n\n\n\n<p><strong>Programme des soir\u00e9es (21h30)<\/strong><\/p>\n\n\n\n<ul class=\"wp-block-list\">\n<li>12 juillet : Orchestra Fiorentina da Camera (Italie) \u2013 Morricone, Puccini, Rota\u2026<\/li>\n\n\n\n<li>17 juillet : Mohamed Ali Kammoun \u2013 Les \u00c9toiles symphoniques : 24 Parfums de Tunisie<\/li>\n\n\n\n<li>19 juillet : La Nuit des Chefs (Tunisie)<\/li>\n\n\n\n<li>24 juillet : Orchestre Royal de chambre de Wallonie \u2013 Alors on danse ! (Belgique)<\/li>\n\n\n\n<li>26 juillet : Orquesta de C\u00e1mara Villa de Madrid \u2013 Danses du monde et musique espagnole<\/li>\n\n\n\n<li>2 ao\u00fbt : Orchestre du Bal de l\u2019Op\u00e9ra de Vienne \u2013 Les plus belles valses de Vienne<\/li>\n\n\n\n<li>6 ao\u00fbt : Hassen Doss et l\u2019Orchestre El Manar<\/li>\n\n\n\n<li>9 ao\u00fbt : Orchestre Symphonique de l\u2019Op\u00e9ra d\u2019Alger<\/li>\n\n\n\n<li>10 ao\u00fbt : Oriental Heritage Choir (Canada)<\/li>\n\n\n\n<li>12 ao\u00fbt : Carthage Symphony Orchestra (Tunisie)<\/li>\n\n\n\n<li>16 ao\u00fbt : Yury Revich et l\u2019Orchestre Symphonique Tunisien (Autriche\/Tunisie)<\/li>\n<\/ul>\n\n\n\n<p>Cette \u00e9dition 2025 s\u2019annonce comme un hommage vibrant \u00e0 la diversit\u00e9 musicale, dans l\u2019\u00e9crin majestueux de l\u2019amphith\u00e9\u00e2tre d\u2019El Jem, joyau architectural class\u00e9 au patrimoine mondial de l\u2019UNESCO.<\/p>\n","protected":false},"excerpt":{"rendered":"<p>L\u2019amphith\u00e9\u00e2tre romain d\u2019El Jem s\u2019appr\u00eate \u00e0 vibrer aux sons du monde entier. Du 12 juillet au 16 ao\u00fbt 2025, onze concerts mettront \u00e0 l\u2019honneur des orchestres et artistes venus de sept pays, dans le cadre de la 38e \u00e9dition du Festival international de musique symphonique \u00ab\u00a0Les Nocturnes d\u2019El Jem\u00a0\u00bb. La programmation a \u00e9t\u00e9 d\u00e9voil\u00e9e ce [&hellip;]<\/p>\n","protected":false},"author":3191,"featured_media":377116,"comment_status":"open","ping_status":"open","sticky":false,"template":"","format":"standard","meta":{"footnotes":""},"categories":[2594],"tags":[4595,6014,8633,2608],"class_list":["post-377115","post","type-post","status-publish","format-standard","has-post-thumbnail","hentry","category-culture","tag-concert","tag-el-jem","tag-orchestre","tag-tunisie"],"yoast_head":"<!-- This site is optimized with the Yoast SEO Premium plugin v27.5 (Yoast SEO v27.5) - https:\/\/yoast.com\/product\/yoast-seo-premium-wordpress\/ -->\n<title>Tunisie\u00a0: L\u2019amphith\u00e9\u00e2tre d\u2019El Jem pr\u00eat \u00e0 vibrer au rythme des symphonies du monde - webdo<\/title>\n<meta name=\"description\" content=\"D\u00e9couvrez L\u2019amphith\u00e9\u00e2tre d\u2019El Jem et assistez aux concerts exceptionnels lors des Nocturnes d\u2019El Jem en 2025.\" \/>\n<link rel=\"canonical\" href=\"https:\/\/www.webdo.tn\/fr\/actualite\/culture\/tunisie-lamphitheatre-del-jem-pret-a-vibrer-au-rythme-des-symphonies-du-monde\/377115\/\" \/>\n<meta property=\"og:locale\" content=\"fr_FR\" \/>\n<meta property=\"og:type\" content=\"article\" \/>\n<meta property=\"og:title\" content=\"Tunisie\u00a0: L\u2019amphith\u00e9\u00e2tre d\u2019El Jem pr\u00eat \u00e0 vibrer au rythme des symphonies du monde\" \/>\n<meta property=\"og:description\" content=\"D\u00e9couvrez L\u2019amphith\u00e9\u00e2tre d\u2019El Jem et assistez aux concerts exceptionnels lors des Nocturnes d\u2019El Jem en 2025.\" \/>\n<meta property=\"og:url\" content=\"https:\/\/www.webdo.tn\/fr\/actualite\/culture\/tunisie-lamphitheatre-del-jem-pret-a-vibrer-au-rythme-des-symphonies-du-monde\/377115\/\" \/>\n<meta property=\"og:site_name\" content=\"webdo\" \/>\n<meta property=\"article:publisher\" content=\"https:\/\/www.facebook.com\/webdotn\" \/>\n<meta property=\"article:published_time\" content=\"2025-06-10T17:25:18+00:00\" \/>\n<meta property=\"article:modified_time\" content=\"2025-06-11T11:13:54+00:00\" \/>\n<meta property=\"og:image\" content=\"https:\/\/www.webdo.tn\/fr\/wp-content\/uploads\/2025\/06\/1718988717.jpg\" \/>\n\t<meta property=\"og:image:width\" content=\"800\" \/>\n\t<meta property=\"og:image:height\" content=\"420\" \/>\n\t<meta property=\"og:image:type\" content=\"image\/jpeg\" \/>\n<meta name=\"author\" content=\"Mohamed Hedi Touati\" \/>\n<meta name=\"twitter:card\" content=\"summary_large_image\" \/>\n<meta name=\"twitter:creator\" content=\"@webdo_tn\" \/>\n<meta name=\"twitter:site\" content=\"@webdo_tn\" \/>\n<meta name=\"twitter:label1\" content=\"\u00c9crit par\" \/>\n\t<meta name=\"twitter:data1\" content=\"Mohamed Hedi Touati\" \/>\n\t<meta name=\"twitter:label2\" content=\"Dur\u00e9e de lecture estim\u00e9e\" \/>\n\t<meta name=\"twitter:data2\" content=\"3 minutes\" \/>\n<script type=\"application\/ld+json\" class=\"yoast-schema-graph\">{\"@context\":\"https:\\\/\\\/schema.org\",\"@graph\":[{\"@type\":\"NewsArticle\",\"@id\":\"https:\\\/\\\/www.webdo.tn\\\/fr\\\/actualite\\\/culture\\\/tunisie-lamphitheatre-del-jem-pret-a-vibrer-au-rythme-des-symphonies-du-monde\\\/377115\\\/#article\",\"isPartOf\":{\"@id\":\"https:\\\/\\\/www.webdo.tn\\\/fr\\\/actualite\\\/culture\\\/tunisie-lamphitheatre-del-jem-pret-a-vibrer-au-rythme-des-symphonies-du-monde\\\/377115\\\/\"},\"author\":{\"name\":\"Mohamed Hedi Touati\",\"@id\":\"https:\\\/\\\/www.webdo.tn\\\/fr\\\/#\\\/schema\\\/person\\\/c652cd8fc2b1b44412b5ffb48c5a911d\"},\"headline\":\"Tunisie\u00a0: L\u2019amphith\u00e9\u00e2tre d\u2019El Jem pr\u00eat \u00e0 vibrer au rythme des symphonies du monde\",\"datePublished\":\"2025-06-10T17:25:18+00:00\",\"dateModified\":\"2025-06-11T11:13:54+00:00\",\"mainEntityOfPage\":{\"@id\":\"https:\\\/\\\/www.webdo.tn\\\/fr\\\/actualite\\\/culture\\\/tunisie-lamphitheatre-del-jem-pret-a-vibrer-au-rythme-des-symphonies-du-monde\\\/377115\\\/\"},\"wordCount\":501,\"commentCount\":0,\"publisher\":{\"@id\":\"https:\\\/\\\/www.webdo.tn\\\/fr\\\/#organization\"},\"image\":{\"@id\":\"https:\\\/\\\/www.webdo.tn\\\/fr\\\/actualite\\\/culture\\\/tunisie-lamphitheatre-del-jem-pret-a-vibrer-au-rythme-des-symphonies-du-monde\\\/377115\\\/#primaryimage\"},\"thumbnailUrl\":\"https:\\\/\\\/www.webdo.tn\\\/fr\\\/wp-content\\\/uploads\\\/2025\\\/06\\\/1718988717.jpg\",\"keywords\":[\"concert\",\"el jem\",\"orchestre\",\"Tunisie\"],\"articleSection\":[\"Culture\"],\"inLanguage\":\"fr-FR\"},{\"@type\":\"WebPage\",\"@id\":\"https:\\\/\\\/www.webdo.tn\\\/fr\\\/actualite\\\/culture\\\/tunisie-lamphitheatre-del-jem-pret-a-vibrer-au-rythme-des-symphonies-du-monde\\\/377115\\\/\",\"url\":\"https:\\\/\\\/www.webdo.tn\\\/fr\\\/actualite\\\/culture\\\/tunisie-lamphitheatre-del-jem-pret-a-vibrer-au-rythme-des-symphonies-du-monde\\\/377115\\\/\",\"name\":\"Tunisie\u00a0: L\u2019amphith\u00e9\u00e2tre d\u2019El Jem pr\u00eat \u00e0 vibrer au rythme des symphonies du monde - webdo\",\"isPartOf\":{\"@id\":\"https:\\\/\\\/www.webdo.tn\\\/fr\\\/#website\"},\"primaryImageOfPage\":{\"@id\":\"https:\\\/\\\/www.webdo.tn\\\/fr\\\/actualite\\\/culture\\\/tunisie-lamphitheatre-del-jem-pret-a-vibrer-au-rythme-des-symphonies-du-monde\\\/377115\\\/#primaryimage\"},\"image\":{\"@id\":\"https:\\\/\\\/www.webdo.tn\\\/fr\\\/actualite\\\/culture\\\/tunisie-lamphitheatre-del-jem-pret-a-vibrer-au-rythme-des-symphonies-du-monde\\\/377115\\\/#primaryimage\"},\"thumbnailUrl\":\"https:\\\/\\\/www.webdo.tn\\\/fr\\\/wp-content\\\/uploads\\\/2025\\\/06\\\/1718988717.jpg\",\"datePublished\":\"2025-06-10T17:25:18+00:00\",\"dateModified\":\"2025-06-11T11:13:54+00:00\",\"description\":\"D\u00e9couvrez L\u2019amphith\u00e9\u00e2tre d\u2019El Jem et assistez aux concerts exceptionnels lors des Nocturnes d\u2019El Jem en 2025.\",\"breadcrumb\":{\"@id\":\"https:\\\/\\\/www.webdo.tn\\\/fr\\\/actualite\\\/culture\\\/tunisie-lamphitheatre-del-jem-pret-a-vibrer-au-rythme-des-symphonies-du-monde\\\/377115\\\/#breadcrumb\"},\"inLanguage\":\"fr-FR\",\"potentialAction\":[{\"@type\":\"ReadAction\",\"target\":[\"https:\\\/\\\/www.webdo.tn\\\/fr\\\/actualite\\\/culture\\\/tunisie-lamphitheatre-del-jem-pret-a-vibrer-au-rythme-des-symphonies-du-monde\\\/377115\\\/\"]}]},{\"@type\":\"ImageObject\",\"inLanguage\":\"fr-FR\",\"@id\":\"https:\\\/\\\/www.webdo.tn\\\/fr\\\/actualite\\\/culture\\\/tunisie-lamphitheatre-del-jem-pret-a-vibrer-au-rythme-des-symphonies-du-monde\\\/377115\\\/#primaryimage\",\"url\":\"https:\\\/\\\/www.webdo.tn\\\/fr\\\/wp-content\\\/uploads\\\/2025\\\/06\\\/1718988717.jpg\",\"contentUrl\":\"https:\\\/\\\/www.webdo.tn\\\/fr\\\/wp-content\\\/uploads\\\/2025\\\/06\\\/1718988717.jpg\",\"width\":800,\"height\":420},{\"@type\":\"BreadcrumbList\",\"@id\":\"https:\\\/\\\/www.webdo.tn\\\/fr\\\/actualite\\\/culture\\\/tunisie-lamphitheatre-del-jem-pret-a-vibrer-au-rythme-des-symphonies-du-monde\\\/377115\\\/#breadcrumb\",\"itemListElement\":[{\"@type\":\"ListItem\",\"position\":1,\"name\":\"Accueil\",\"item\":\"https:\\\/\\\/www.webdo.tn\\\/fr\\\/\"},{\"@type\":\"ListItem\",\"position\":2,\"name\":\"Tunisie\u00a0: L\u2019amphith\u00e9\u00e2tre d\u2019El Jem pr\u00eat \u00e0 vibrer au rythme des symphonies du monde\"}]},{\"@type\":\"WebSite\",\"@id\":\"https:\\\/\\\/www.webdo.tn\\\/fr\\\/#website\",\"url\":\"https:\\\/\\\/www.webdo.tn\\\/fr\\\/\",\"name\":\"webdo\",\"description\":\"Tunisie - News en Tunisie et \u00e0 l&#039;international sur Webdo.tn\",\"publisher\":{\"@id\":\"https:\\\/\\\/www.webdo.tn\\\/fr\\\/#organization\"},\"potentialAction\":[{\"@type\":\"SearchAction\",\"target\":{\"@type\":\"EntryPoint\",\"urlTemplate\":\"https:\\\/\\\/www.webdo.tn\\\/fr\\\/?s={search_term_string}\"},\"query-input\":{\"@type\":\"PropertyValueSpecification\",\"valueRequired\":true,\"valueName\":\"search_term_string\"}}],\"inLanguage\":\"fr-FR\"},{\"@type\":\"Organization\",\"@id\":\"https:\\\/\\\/www.webdo.tn\\\/fr\\\/#organization\",\"name\":\"Webdo\",\"alternateName\":\"Webdo.tn\",\"url\":\"https:\\\/\\\/www.webdo.tn\\\/fr\\\/\",\"logo\":{\"@type\":\"ImageObject\",\"inLanguage\":\"fr-FR\",\"@id\":\"https:\\\/\\\/www.webdo.tn\\\/fr\\\/#\\\/schema\\\/logo\\\/image\\\/\",\"url\":\"https:\\\/\\\/www.webdo.tn\\\/fr\\\/wp-content\\\/uploads\\\/2025\\\/06\\\/Webdo-Tunisie_168377.jpg\",\"contentUrl\":\"https:\\\/\\\/www.webdo.tn\\\/fr\\\/wp-content\\\/uploads\\\/2025\\\/06\\\/Webdo-Tunisie_168377.jpg\",\"width\":301,\"height\":301,\"caption\":\"Webdo\"},\"image\":{\"@id\":\"https:\\\/\\\/www.webdo.tn\\\/fr\\\/#\\\/schema\\\/logo\\\/image\\\/\"},\"sameAs\":[\"https:\\\/\\\/www.facebook.com\\\/webdotn\",\"https:\\\/\\\/x.com\\\/webdo_tn\"],\"description\":\"Webdo est un m\u00e9dia num\u00e9rique tunisien fond\u00e9 en 2010, sp\u00e9cialis\u00e9 dans l\u2019actualit\u00e9 nationale et internationale, l\u2019\u00e9conomie, la soci\u00e9t\u00e9 et les analyses politiques. Le site s\u2019adresse \u00e0 un large public francophone et couvre l\u2019information tunisienne en temps r\u00e9el.\",\"email\":\"redac@webdo.tn\",\"legalName\":\"YNJ SARL\",\"foundingDate\":\"2010-09-06\",\"numberOfEmployees\":{\"@type\":\"QuantitativeValue\",\"minValue\":\"11\",\"maxValue\":\"50\"}},{\"@type\":\"Person\",\"@id\":\"https:\\\/\\\/www.webdo.tn\\\/fr\\\/#\\\/schema\\\/person\\\/c652cd8fc2b1b44412b5ffb48c5a911d\",\"name\":\"Mohamed Hedi Touati\",\"image\":{\"@type\":\"ImageObject\",\"inLanguage\":\"fr-FR\",\"@id\":\"https:\\\/\\\/secure.gravatar.com\\\/avatar\\\/9cfd402c745b7a685f13eed0ea6e59d2144a3c2fc50a3db6fd5ed451f6cddf1a?s=96&d=mm&r=g\",\"url\":\"https:\\\/\\\/secure.gravatar.com\\\/avatar\\\/9cfd402c745b7a685f13eed0ea6e59d2144a3c2fc50a3db6fd5ed451f6cddf1a?s=96&d=mm&r=g\",\"contentUrl\":\"https:\\\/\\\/secure.gravatar.com\\\/avatar\\\/9cfd402c745b7a685f13eed0ea6e59d2144a3c2fc50a3db6fd5ed451f6cddf1a?s=96&d=mm&r=g\",\"caption\":\"Mohamed Hedi Touati\"},\"url\":\"https:\\\/\\\/www.webdo.tn\\\/fr\\\/actualite\\\/author\\\/mohamed-hedi-touati\\\/\"}]}<\/script>\n<!-- \/ Yoast SEO Premium plugin. -->","yoast_head_json":{"title":"Tunisie\u00a0: L\u2019amphith\u00e9\u00e2tre d\u2019El Jem pr\u00eat \u00e0 vibrer au rythme des symphonies du monde - webdo","description":"D\u00e9couvrez L\u2019amphith\u00e9\u00e2tre d\u2019El Jem et assistez aux concerts exceptionnels lors des Nocturnes d\u2019El Jem en 2025.","canonical":"https:\/\/www.webdo.tn\/fr\/actualite\/culture\/tunisie-lamphitheatre-del-jem-pret-a-vibrer-au-rythme-des-symphonies-du-monde\/377115\/","og_locale":"fr_FR","og_type":"article","og_title":"Tunisie\u00a0: L\u2019amphith\u00e9\u00e2tre d\u2019El Jem pr\u00eat \u00e0 vibrer au rythme des symphonies du monde","og_description":"D\u00e9couvrez L\u2019amphith\u00e9\u00e2tre d\u2019El Jem et assistez aux concerts exceptionnels lors des Nocturnes d\u2019El Jem en 2025.","og_url":"https:\/\/www.webdo.tn\/fr\/actualite\/culture\/tunisie-lamphitheatre-del-jem-pret-a-vibrer-au-rythme-des-symphonies-du-monde\/377115\/","og_site_name":"webdo","article_publisher":"https:\/\/www.facebook.com\/webdotn","article_published_time":"2025-06-10T17:25:18+00:00","article_modified_time":"2025-06-11T11:13:54+00:00","og_image":[{"width":800,"height":420,"url":"https:\/\/www.webdo.tn\/fr\/wp-content\/uploads\/2025\/06\/1718988717.jpg","type":"image\/jpeg"}],"author":"Mohamed Hedi Touati","twitter_card":"summary_large_image","twitter_creator":"@webdo_tn","twitter_site":"@webdo_tn","twitter_misc":{"\u00c9crit par":"Mohamed Hedi Touati","Dur\u00e9e de lecture estim\u00e9e":"3 minutes"},"schema":{"@context":"https:\/\/schema.org","@graph":[{"@type":"NewsArticle","@id":"https:\/\/www.webdo.tn\/fr\/actualite\/culture\/tunisie-lamphitheatre-del-jem-pret-a-vibrer-au-rythme-des-symphonies-du-monde\/377115\/#article","isPartOf":{"@id":"https:\/\/www.webdo.tn\/fr\/actualite\/culture\/tunisie-lamphitheatre-del-jem-pret-a-vibrer-au-rythme-des-symphonies-du-monde\/377115\/"},"author":{"name":"Mohamed Hedi Touati","@id":"https:\/\/www.webdo.tn\/fr\/#\/schema\/person\/c652cd8fc2b1b44412b5ffb48c5a911d"},"headline":"Tunisie\u00a0: L\u2019amphith\u00e9\u00e2tre d\u2019El Jem pr\u00eat \u00e0 vibrer au rythme des symphonies du monde","datePublished":"2025-06-10T17:25:18+00:00","dateModified":"2025-06-11T11:13:54+00:00","mainEntityOfPage":{"@id":"https:\/\/www.webdo.tn\/fr\/actualite\/culture\/tunisie-lamphitheatre-del-jem-pret-a-vibrer-au-rythme-des-symphonies-du-monde\/377115\/"},"wordCount":501,"commentCount":0,"publisher":{"@id":"https:\/\/www.webdo.tn\/fr\/#organization"},"image":{"@id":"https:\/\/www.webdo.tn\/fr\/actualite\/culture\/tunisie-lamphitheatre-del-jem-pret-a-vibrer-au-rythme-des-symphonies-du-monde\/377115\/#primaryimage"},"thumbnailUrl":"https:\/\/www.webdo.tn\/fr\/wp-content\/uploads\/2025\/06\/1718988717.jpg","keywords":["concert","el jem","orchestre","Tunisie"],"articleSection":["Culture"],"inLanguage":"fr-FR"},{"@type":"WebPage","@id":"https:\/\/www.webdo.tn\/fr\/actualite\/culture\/tunisie-lamphitheatre-del-jem-pret-a-vibrer-au-rythme-des-symphonies-du-monde\/377115\/","url":"https:\/\/www.webdo.tn\/fr\/actualite\/culture\/tunisie-lamphitheatre-del-jem-pret-a-vibrer-au-rythme-des-symphonies-du-monde\/377115\/","name":"Tunisie\u00a0: L\u2019amphith\u00e9\u00e2tre d\u2019El Jem pr\u00eat \u00e0 vibrer au rythme des symphonies du monde - webdo","isPartOf":{"@id":"https:\/\/www.webdo.tn\/fr\/#website"},"primaryImageOfPage":{"@id":"https:\/\/www.webdo.tn\/fr\/actualite\/culture\/tunisie-lamphitheatre-del-jem-pret-a-vibrer-au-rythme-des-symphonies-du-monde\/377115\/#primaryimage"},"image":{"@id":"https:\/\/www.webdo.tn\/fr\/actualite\/culture\/tunisie-lamphitheatre-del-jem-pret-a-vibrer-au-rythme-des-symphonies-du-monde\/377115\/#primaryimage"},"thumbnailUrl":"https:\/\/www.webdo.tn\/fr\/wp-content\/uploads\/2025\/06\/1718988717.jpg","datePublished":"2025-06-10T17:25:18+00:00","dateModified":"2025-06-11T11:13:54+00:00","description":"D\u00e9couvrez L\u2019amphith\u00e9\u00e2tre d\u2019El Jem et assistez aux concerts exceptionnels lors des Nocturnes d\u2019El Jem en 2025.","breadcrumb":{"@id":"https:\/\/www.webdo.tn\/fr\/actualite\/culture\/tunisie-lamphitheatre-del-jem-pret-a-vibrer-au-rythme-des-symphonies-du-monde\/377115\/#breadcrumb"},"inLanguage":"fr-FR","potentialAction":[{"@type":"ReadAction","target":["https:\/\/www.webdo.tn\/fr\/actualite\/culture\/tunisie-lamphitheatre-del-jem-pret-a-vibrer-au-rythme-des-symphonies-du-monde\/377115\/"]}]},{"@type":"ImageObject","inLanguage":"fr-FR","@id":"https:\/\/www.webdo.tn\/fr\/actualite\/culture\/tunisie-lamphitheatre-del-jem-pret-a-vibrer-au-rythme-des-symphonies-du-monde\/377115\/#primaryimage","url":"https:\/\/www.webdo.tn\/fr\/wp-content\/uploads\/2025\/06\/1718988717.jpg","contentUrl":"https:\/\/www.webdo.tn\/fr\/wp-content\/uploads\/2025\/06\/1718988717.jpg","width":800,"height":420},{"@type":"BreadcrumbList","@id":"https:\/\/www.webdo.tn\/fr\/actualite\/culture\/tunisie-lamphitheatre-del-jem-pret-a-vibrer-au-rythme-des-symphonies-du-monde\/377115\/#breadcrumb","itemListElement":[{"@type":"ListItem","position":1,"name":"Accueil","item":"https:\/\/www.webdo.tn\/fr\/"},{"@type":"ListItem","position":2,"name":"Tunisie\u00a0: L\u2019amphith\u00e9\u00e2tre d\u2019El Jem pr\u00eat \u00e0 vibrer au rythme des symphonies du monde"}]},{"@type":"WebSite","@id":"https:\/\/www.webdo.tn\/fr\/#website","url":"https:\/\/www.webdo.tn\/fr\/","name":"webdo","description":"Tunisie - News en Tunisie et \u00e0 l&#039;international sur Webdo.tn","publisher":{"@id":"https:\/\/www.webdo.tn\/fr\/#organization"},"potentialAction":[{"@type":"SearchAction","target":{"@type":"EntryPoint","urlTemplate":"https:\/\/www.webdo.tn\/fr\/?s={search_term_string}"},"query-input":{"@type":"PropertyValueSpecification","valueRequired":true,"valueName":"search_term_string"}}],"inLanguage":"fr-FR"},{"@type":"Organization","@id":"https:\/\/www.webdo.tn\/fr\/#organization","name":"Webdo","alternateName":"Webdo.tn","url":"https:\/\/www.webdo.tn\/fr\/","logo":{"@type":"ImageObject","inLanguage":"fr-FR","@id":"https:\/\/www.webdo.tn\/fr\/#\/schema\/logo\/image\/","url":"https:\/\/www.webdo.tn\/fr\/wp-content\/uploads\/2025\/06\/Webdo-Tunisie_168377.jpg","contentUrl":"https:\/\/www.webdo.tn\/fr\/wp-content\/uploads\/2025\/06\/Webdo-Tunisie_168377.jpg","width":301,"height":301,"caption":"Webdo"},"image":{"@id":"https:\/\/www.webdo.tn\/fr\/#\/schema\/logo\/image\/"},"sameAs":["https:\/\/www.facebook.com\/webdotn","https:\/\/x.com\/webdo_tn"],"description":"Webdo est un m\u00e9dia num\u00e9rique tunisien fond\u00e9 en 2010, sp\u00e9cialis\u00e9 dans l\u2019actualit\u00e9 nationale et internationale, l\u2019\u00e9conomie, la soci\u00e9t\u00e9 et les analyses politiques. Le site s\u2019adresse \u00e0 un large public francophone et couvre l\u2019information tunisienne en temps r\u00e9el.","email":"redac@webdo.tn","legalName":"YNJ SARL","foundingDate":"2010-09-06","numberOfEmployees":{"@type":"QuantitativeValue","minValue":"11","maxValue":"50"}},{"@type":"Person","@id":"https:\/\/www.webdo.tn\/fr\/#\/schema\/person\/c652cd8fc2b1b44412b5ffb48c5a911d","name":"Mohamed Hedi Touati","image":{"@type":"ImageObject","inLanguage":"fr-FR","@id":"https:\/\/secure.gravatar.com\/avatar\/9cfd402c745b7a685f13eed0ea6e59d2144a3c2fc50a3db6fd5ed451f6cddf1a?s=96&d=mm&r=g","url":"https:\/\/secure.gravatar.com\/avatar\/9cfd402c745b7a685f13eed0ea6e59d2144a3c2fc50a3db6fd5ed451f6cddf1a?s=96&d=mm&r=g","contentUrl":"https:\/\/secure.gravatar.com\/avatar\/9cfd402c745b7a685f13eed0ea6e59d2144a3c2fc50a3db6fd5ed451f6cddf1a?s=96&d=mm&r=g","caption":"Mohamed Hedi Touati"},"url":"https:\/\/www.webdo.tn\/fr\/actualite\/author\/mohamed-hedi-touati\/"}]}},"_links":{"self":[{"href":"https:\/\/www.webdo.tn\/fr\/wp-json\/wp\/v2\/posts\/377115","targetHints":{"allow":["GET"]}}],"collection":[{"href":"https:\/\/www.webdo.tn\/fr\/wp-json\/wp\/v2\/posts"}],"about":[{"href":"https:\/\/www.webdo.tn\/fr\/wp-json\/wp\/v2\/types\/post"}],"author":[{"embeddable":true,"href":"https:\/\/www.webdo.tn\/fr\/wp-json\/wp\/v2\/users\/3191"}],"replies":[{"embeddable":true,"href":"https:\/\/www.webdo.tn\/fr\/wp-json\/wp\/v2\/comments?post=377115"}],"version-history":[{"count":0,"href":"https:\/\/www.webdo.tn\/fr\/wp-json\/wp\/v2\/posts\/377115\/revisions"}],"wp:featuredmedia":[{"embeddable":true,"href":"https:\/\/www.webdo.tn\/fr\/wp-json\/wp\/v2\/media\/377116"}],"wp:attachment":[{"href":"https:\/\/www.webdo.tn\/fr\/wp-json\/wp\/v2\/media?parent=377115"}],"wp:term":[{"taxonomy":"category","embeddable":true,"href":"https:\/\/www.webdo.tn\/fr\/wp-json\/wp\/v2\/categories?post=377115"},{"taxonomy":"post_tag","embeddable":true,"href":"https:\/\/www.webdo.tn\/fr\/wp-json\/wp\/v2\/tags?post=377115"}],"curies":[{"name":"wp","href":"https:\/\/api.w.org\/{rel}","templated":true}]}}