{"id":377098,"date":"2025-06-10T13:05:03","date_gmt":"2025-06-10T12:05:03","guid":{"rendered":"https:\/\/www.webdo.tn\/fr\/?p=377098"},"modified":"2025-06-11T11:02:56","modified_gmt":"2025-06-11T10:02:56","slug":"tunisie-excursions-touristiques-autorisees-vers-lile-de-la-galite-a-partir-de-cet-ete","status":"publish","type":"post","link":"https:\/\/www.webdo.tn\/fr\/actualite\/regions\/tunisie-excursions-touristiques-autorisees-vers-lile-de-la-galite-a-partir-de-cet-ete\/377098\/","title":{"rendered":"Tunisie\u00a0: Excursions touristiques autoris\u00e9es vers l&rsquo;\u00eele de la Galite \u00e0 partir de cet \u00e9t\u00e9"},"content":{"rendered":"\n<p><\/p>\n\n\n\n<p><strong>La Commission r\u00e9gionale charg\u00e9e de l&rsquo;organisation des excursions maritimes pour le transport de personnes vers l&rsquo;\u00eele de la Galite a approuv\u00e9 aujourd&rsquo;hui, lors de sa r\u00e9union au si\u00e8ge du gouvernorat de Bizerte, les dossiers de deux entreprises touristiques tunisiennes.<\/strong><\/p>\n\n\n\n<p>Ces derni\u00e8res, ayant rempli toutes les conditions requises, seront responsables de l&rsquo;organisation des excursions maritimes et r\u00e9cr\u00e9atives vers l&rsquo;\u00eele de Galite, au d\u00e9part du port de plaisance de Tabarka, pour la saison touristique 2025.<\/p>\n\n\n\n<p>Les membres de la commission r\u00e9gionale, sous la supervision du gouverneur de la r\u00e9gion, ont soulign\u00e9 l&rsquo;importance de respecter scrupuleusement le cahier des charges r\u00e9gissant le secteur, en particulier les clauses relatives \u00e0 la s\u00e9curit\u00e9 maritime pour le transport des personnes, \u00e0 la protection de l&rsquo;environnement et \u00e0 la pr\u00e9servation du patrimoine naturel de l&rsquo;\u00eele.<\/p>\n\n\n\n<p>Parall\u00e8lement, toutes les proc\u00e9dures l\u00e9gales et de s\u00e9curit\u00e9 seront activ\u00e9es, ainsi qu&rsquo;un suivi en temps r\u00e9el par les organismes concern\u00e9s.<\/p>\n\n\n\n<p>L&rsquo;\u00eele de la Galite et les \u00eeles environnantes sont situ\u00e9es \u00e0 environ 81 kilom\u00e8tres au nord de Bizerte et \u00e0 60 kilom\u00e8tres de Tabarka, dans le nord-ouest de la Tunisie. La Galite, la plus grande des \u00eeles de l&rsquo;archipel, s&rsquo;\u00e9tend sur 752,3 hectares et son point culminant atteint 391 m\u00e8tres au-dessus du niveau de la mer, offrant une beaut\u00e9 exceptionnelle.<\/p>\n\n\n\n<p>Outre Galite, l&rsquo;archipel comprend les \u00eeles de Galiton et Le Fouchal, situ\u00e9es \u00e0 3 kilom\u00e8tres au sud-ouest de Galite, ainsi que les Chiens, trois petites \u00eeles situ\u00e9es au nord-est de l&rsquo;\u00eele principale.<\/p>\n\n\n\n<p><\/p>\n","protected":false},"excerpt":{"rendered":"<p>La Commission r\u00e9gionale charg\u00e9e de l&rsquo;organisation des excursions maritimes pour le transport de personnes vers l&rsquo;\u00eele de la Galite a approuv\u00e9 aujourd&rsquo;hui, lors de sa r\u00e9union au si\u00e8ge du gouvernorat de Bizerte, les dossiers de deux entreprises touristiques tunisiennes. Ces derni\u00e8res, ayant rempli toutes les conditions requises, seront responsables de l&rsquo;organisation des excursions maritimes et [&hellip;]<\/p>\n","protected":false},"author":3184,"featured_media":377099,"comment_status":"open","ping_status":"open","sticky":false,"template":"","format":"standard","meta":{"footnotes":""},"categories":[2595],"tags":[11908,2798,2608],"class_list":["post-377098","post","type-post","status-publish","format-standard","has-post-thumbnail","hentry","category-regions","tag-galite","tag-tourisme","tag-tunisie"],"yoast_head":"<!-- This site is optimized with the Yoast SEO Premium plugin v27.5 (Yoast SEO v27.5) - https:\/\/yoast.com\/product\/yoast-seo-premium-wordpress\/ -->\n<title>Tunisie\u00a0: Excursions touristiques autoris\u00e9es vers l&#039;\u00eele de la Galite \u00e0 partir de cet \u00e9t\u00e9 - webdo<\/title>\n<meta name=\"description\" content=\"La Commission r\u00e9gionale a approuv\u00e9 des excursions vers l&#039;\u00eele de Galite pour 2025. D\u00e9couvrez les d\u00e9tails de cette importante annonce.\" \/>\n<link rel=\"canonical\" href=\"https:\/\/www.webdo.tn\/fr\/actualite\/regions\/tunisie-excursions-touristiques-autorisees-vers-lile-de-la-galite-a-partir-de-cet-ete\/377098\/\" \/>\n<meta property=\"og:locale\" content=\"fr_FR\" \/>\n<meta property=\"og:type\" content=\"article\" \/>\n<meta property=\"og:title\" content=\"Tunisie\u00a0: Excursions touristiques autoris\u00e9es vers l&#039;\u00eele de la Galite \u00e0 partir de cet \u00e9t\u00e9\" \/>\n<meta property=\"og:description\" content=\"La Commission r\u00e9gionale a approuv\u00e9 des excursions vers l&#039;\u00eele de Galite pour 2025. D\u00e9couvrez les d\u00e9tails de cette importante annonce.\" \/>\n<meta property=\"og:url\" content=\"https:\/\/www.webdo.tn\/fr\/actualite\/regions\/tunisie-excursions-touristiques-autorisees-vers-lile-de-la-galite-a-partir-de-cet-ete\/377098\/\" \/>\n<meta property=\"og:site_name\" content=\"webdo\" \/>\n<meta property=\"article:publisher\" content=\"https:\/\/www.facebook.com\/webdotn\" \/>\n<meta property=\"article:published_time\" content=\"2025-06-10T12:05:03+00:00\" \/>\n<meta property=\"article:modified_time\" content=\"2025-06-11T10:02:56+00:00\" \/>\n<meta property=\"og:image\" content=\"https:\/\/www.webdo.tn\/fr\/wp-content\/uploads\/2025\/06\/galite_2016.jpg\" \/>\n\t<meta property=\"og:image:width\" content=\"800\" \/>\n\t<meta property=\"og:image:height\" content=\"500\" \/>\n\t<meta property=\"og:image:type\" content=\"image\/jpeg\" \/>\n<meta name=\"author\" content=\"Wided Belhaj\" \/>\n<meta name=\"twitter:card\" content=\"summary_large_image\" \/>\n<meta name=\"twitter:creator\" content=\"@webdo_tn\" \/>\n<meta name=\"twitter:site\" content=\"@webdo_tn\" \/>\n<meta name=\"twitter:label1\" content=\"\u00c9crit par\" \/>\n\t<meta name=\"twitter:data1\" content=\"Wided Belhaj\" \/>\n\t<meta name=\"twitter:label2\" content=\"Dur\u00e9e de lecture estim\u00e9e\" \/>\n\t<meta name=\"twitter:data2\" content=\"2 minutes\" \/>\n<script type=\"application\/ld+json\" class=\"yoast-schema-graph\">{\"@context\":\"https:\\\/\\\/schema.org\",\"@graph\":[{\"@type\":\"NewsArticle\",\"@id\":\"https:\\\/\\\/www.webdo.tn\\\/fr\\\/actualite\\\/regions\\\/tunisie-excursions-touristiques-autorisees-vers-lile-de-la-galite-a-partir-de-cet-ete\\\/377098\\\/#article\",\"isPartOf\":{\"@id\":\"https:\\\/\\\/www.webdo.tn\\\/fr\\\/actualite\\\/regions\\\/tunisie-excursions-touristiques-autorisees-vers-lile-de-la-galite-a-partir-de-cet-ete\\\/377098\\\/\"},\"author\":{\"name\":\"Wided Belhaj\",\"@id\":\"https:\\\/\\\/www.webdo.tn\\\/fr\\\/#\\\/schema\\\/person\\\/b9ecde7a5574cb4fcf4b496ea5fadb15\"},\"headline\":\"Tunisie\u00a0: Excursions touristiques autoris\u00e9es vers l&rsquo;\u00eele de la Galite \u00e0 partir de cet \u00e9t\u00e9\",\"datePublished\":\"2025-06-10T12:05:03+00:00\",\"dateModified\":\"2025-06-11T10:02:56+00:00\",\"mainEntityOfPage\":{\"@id\":\"https:\\\/\\\/www.webdo.tn\\\/fr\\\/actualite\\\/regions\\\/tunisie-excursions-touristiques-autorisees-vers-lile-de-la-galite-a-partir-de-cet-ete\\\/377098\\\/\"},\"wordCount\":284,\"commentCount\":0,\"publisher\":{\"@id\":\"https:\\\/\\\/www.webdo.tn\\\/fr\\\/#organization\"},\"image\":{\"@id\":\"https:\\\/\\\/www.webdo.tn\\\/fr\\\/actualite\\\/regions\\\/tunisie-excursions-touristiques-autorisees-vers-lile-de-la-galite-a-partir-de-cet-ete\\\/377098\\\/#primaryimage\"},\"thumbnailUrl\":\"https:\\\/\\\/www.webdo.tn\\\/fr\\\/wp-content\\\/uploads\\\/2025\\\/06\\\/galite_2016.jpg\",\"keywords\":[\"Galite\",\"Tourisme\",\"Tunisie\"],\"articleSection\":[\"regions\"],\"inLanguage\":\"fr-FR\"},{\"@type\":\"WebPage\",\"@id\":\"https:\\\/\\\/www.webdo.tn\\\/fr\\\/actualite\\\/regions\\\/tunisie-excursions-touristiques-autorisees-vers-lile-de-la-galite-a-partir-de-cet-ete\\\/377098\\\/\",\"url\":\"https:\\\/\\\/www.webdo.tn\\\/fr\\\/actualite\\\/regions\\\/tunisie-excursions-touristiques-autorisees-vers-lile-de-la-galite-a-partir-de-cet-ete\\\/377098\\\/\",\"name\":\"Tunisie\u00a0: Excursions touristiques autoris\u00e9es vers l'\u00eele de la Galite \u00e0 partir de cet \u00e9t\u00e9 - webdo\",\"isPartOf\":{\"@id\":\"https:\\\/\\\/www.webdo.tn\\\/fr\\\/#website\"},\"primaryImageOfPage\":{\"@id\":\"https:\\\/\\\/www.webdo.tn\\\/fr\\\/actualite\\\/regions\\\/tunisie-excursions-touristiques-autorisees-vers-lile-de-la-galite-a-partir-de-cet-ete\\\/377098\\\/#primaryimage\"},\"image\":{\"@id\":\"https:\\\/\\\/www.webdo.tn\\\/fr\\\/actualite\\\/regions\\\/tunisie-excursions-touristiques-autorisees-vers-lile-de-la-galite-a-partir-de-cet-ete\\\/377098\\\/#primaryimage\"},\"thumbnailUrl\":\"https:\\\/\\\/www.webdo.tn\\\/fr\\\/wp-content\\\/uploads\\\/2025\\\/06\\\/galite_2016.jpg\",\"datePublished\":\"2025-06-10T12:05:03+00:00\",\"dateModified\":\"2025-06-11T10:02:56+00:00\",\"description\":\"La Commission r\u00e9gionale a approuv\u00e9 des excursions vers l'\u00eele de Galite pour 2025. D\u00e9couvrez les d\u00e9tails de cette importante annonce.\",\"breadcrumb\":{\"@id\":\"https:\\\/\\\/www.webdo.tn\\\/fr\\\/actualite\\\/regions\\\/tunisie-excursions-touristiques-autorisees-vers-lile-de-la-galite-a-partir-de-cet-ete\\\/377098\\\/#breadcrumb\"},\"inLanguage\":\"fr-FR\",\"potentialAction\":[{\"@type\":\"ReadAction\",\"target\":[\"https:\\\/\\\/www.webdo.tn\\\/fr\\\/actualite\\\/regions\\\/tunisie-excursions-touristiques-autorisees-vers-lile-de-la-galite-a-partir-de-cet-ete\\\/377098\\\/\"]}]},{\"@type\":\"ImageObject\",\"inLanguage\":\"fr-FR\",\"@id\":\"https:\\\/\\\/www.webdo.tn\\\/fr\\\/actualite\\\/regions\\\/tunisie-excursions-touristiques-autorisees-vers-lile-de-la-galite-a-partir-de-cet-ete\\\/377098\\\/#primaryimage\",\"url\":\"https:\\\/\\\/www.webdo.tn\\\/fr\\\/wp-content\\\/uploads\\\/2025\\\/06\\\/galite_2016.jpg\",\"contentUrl\":\"https:\\\/\\\/www.webdo.tn\\\/fr\\\/wp-content\\\/uploads\\\/2025\\\/06\\\/galite_2016.jpg\",\"width\":800,\"height\":500},{\"@type\":\"BreadcrumbList\",\"@id\":\"https:\\\/\\\/www.webdo.tn\\\/fr\\\/actualite\\\/regions\\\/tunisie-excursions-touristiques-autorisees-vers-lile-de-la-galite-a-partir-de-cet-ete\\\/377098\\\/#breadcrumb\",\"itemListElement\":[{\"@type\":\"ListItem\",\"position\":1,\"name\":\"Accueil\",\"item\":\"https:\\\/\\\/www.webdo.tn\\\/fr\\\/\"},{\"@type\":\"ListItem\",\"position\":2,\"name\":\"Tunisie\u00a0: Excursions touristiques autoris\u00e9es vers l&rsquo;\u00eele de la Galite \u00e0 partir de cet \u00e9t\u00e9\"}]},{\"@type\":\"WebSite\",\"@id\":\"https:\\\/\\\/www.webdo.tn\\\/fr\\\/#website\",\"url\":\"https:\\\/\\\/www.webdo.tn\\\/fr\\\/\",\"name\":\"webdo\",\"description\":\"Tunisie - News en Tunisie et \u00e0 l&#039;international sur Webdo.tn\",\"publisher\":{\"@id\":\"https:\\\/\\\/www.webdo.tn\\\/fr\\\/#organization\"},\"potentialAction\":[{\"@type\":\"SearchAction\",\"target\":{\"@type\":\"EntryPoint\",\"urlTemplate\":\"https:\\\/\\\/www.webdo.tn\\\/fr\\\/?s={search_term_string}\"},\"query-input\":{\"@type\":\"PropertyValueSpecification\",\"valueRequired\":true,\"valueName\":\"search_term_string\"}}],\"inLanguage\":\"fr-FR\"},{\"@type\":\"Organization\",\"@id\":\"https:\\\/\\\/www.webdo.tn\\\/fr\\\/#organization\",\"name\":\"Webdo\",\"alternateName\":\"Webdo.tn\",\"url\":\"https:\\\/\\\/www.webdo.tn\\\/fr\\\/\",\"logo\":{\"@type\":\"ImageObject\",\"inLanguage\":\"fr-FR\",\"@id\":\"https:\\\/\\\/www.webdo.tn\\\/fr\\\/#\\\/schema\\\/logo\\\/image\\\/\",\"url\":\"https:\\\/\\\/www.webdo.tn\\\/fr\\\/wp-content\\\/uploads\\\/2025\\\/06\\\/Webdo-Tunisie_168377.jpg\",\"contentUrl\":\"https:\\\/\\\/www.webdo.tn\\\/fr\\\/wp-content\\\/uploads\\\/2025\\\/06\\\/Webdo-Tunisie_168377.jpg\",\"width\":301,\"height\":301,\"caption\":\"Webdo\"},\"image\":{\"@id\":\"https:\\\/\\\/www.webdo.tn\\\/fr\\\/#\\\/schema\\\/logo\\\/image\\\/\"},\"sameAs\":[\"https:\\\/\\\/www.facebook.com\\\/webdotn\",\"https:\\\/\\\/x.com\\\/webdo_tn\"],\"description\":\"Webdo est un m\u00e9dia num\u00e9rique tunisien fond\u00e9 en 2010, sp\u00e9cialis\u00e9 dans l\u2019actualit\u00e9 nationale et internationale, l\u2019\u00e9conomie, la soci\u00e9t\u00e9 et les analyses politiques. Le site s\u2019adresse \u00e0 un large public francophone et couvre l\u2019information tunisienne en temps r\u00e9el.\",\"email\":\"redac@webdo.tn\",\"legalName\":\"YNJ SARL\",\"foundingDate\":\"2010-09-06\",\"numberOfEmployees\":{\"@type\":\"QuantitativeValue\",\"minValue\":\"11\",\"maxValue\":\"50\"}},{\"@type\":\"Person\",\"@id\":\"https:\\\/\\\/www.webdo.tn\\\/fr\\\/#\\\/schema\\\/person\\\/b9ecde7a5574cb4fcf4b496ea5fadb15\",\"name\":\"Wided Belhaj\",\"image\":{\"@type\":\"ImageObject\",\"inLanguage\":\"fr-FR\",\"@id\":\"https:\\\/\\\/www.webdo.tn\\\/fr\\\/wp-content\\\/uploads\\\/2026\\\/04\\\/wided-belhaj_avatar-96x96.jpg\",\"url\":\"https:\\\/\\\/www.webdo.tn\\\/fr\\\/wp-content\\\/uploads\\\/2026\\\/04\\\/wided-belhaj_avatar-96x96.jpg\",\"contentUrl\":\"https:\\\/\\\/www.webdo.tn\\\/fr\\\/wp-content\\\/uploads\\\/2026\\\/04\\\/wided-belhaj_avatar-96x96.jpg\",\"caption\":\"Wided Belhaj\"},\"description\":\"Wided Belhaj est le pseudonyme \u00e9ditorial utilis\u00e9 par Khalil Jelassi, journaliste, ma\u00eetre-assistant \u00e0 l\u2019Institut de presse et des sciences de l\u2019information (IPSI) et chercheur en sciences de l\u2019information et de la communication. Cette signature est d\u00e9di\u00e9e \u00e0 l\u2019analyse des m\u00e9dias, des pratiques journalistiques et des mutations de l\u2019information \u00e0 l\u2019\u00e8re digitale. \u00c0 travers ses contributions, Wided Belhaj propose une lecture analytique de l\u2019actualit\u00e9, en croisant regard critique et expertise acad\u00e9mique.\",\"knowsAbout\":[\"m\u00e9dias\",\"journalisme\",\"communication\",\"information\",\"transformation num\u00e9rique\",\"analyse des m\u00e9dias\"],\"knowsLanguage\":[\"Fran\u00e7ais\",\"Arabe\"],\"jobTitle\":\"Webdo.tn\",\"worksFor\":\"Journaliste \u2013 Analyse des m\u00e9dias\",\"url\":\"https:\\\/\\\/www.webdo.tn\\\/fr\\\/actualite\\\/author\\\/wided-belhaj\\\/\"}]}<\/script>\n<!-- \/ Yoast SEO Premium plugin. -->","yoast_head_json":{"title":"Tunisie\u00a0: Excursions touristiques autoris\u00e9es vers l'\u00eele de la Galite \u00e0 partir de cet \u00e9t\u00e9 - webdo","description":"La Commission r\u00e9gionale a approuv\u00e9 des excursions vers l'\u00eele de Galite pour 2025. D\u00e9couvrez les d\u00e9tails de cette importante annonce.","canonical":"https:\/\/www.webdo.tn\/fr\/actualite\/regions\/tunisie-excursions-touristiques-autorisees-vers-lile-de-la-galite-a-partir-de-cet-ete\/377098\/","og_locale":"fr_FR","og_type":"article","og_title":"Tunisie\u00a0: Excursions touristiques autoris\u00e9es vers l'\u00eele de la Galite \u00e0 partir de cet \u00e9t\u00e9","og_description":"La Commission r\u00e9gionale a approuv\u00e9 des excursions vers l'\u00eele de Galite pour 2025. D\u00e9couvrez les d\u00e9tails de cette importante annonce.","og_url":"https:\/\/www.webdo.tn\/fr\/actualite\/regions\/tunisie-excursions-touristiques-autorisees-vers-lile-de-la-galite-a-partir-de-cet-ete\/377098\/","og_site_name":"webdo","article_publisher":"https:\/\/www.facebook.com\/webdotn","article_published_time":"2025-06-10T12:05:03+00:00","article_modified_time":"2025-06-11T10:02:56+00:00","og_image":[{"width":800,"height":500,"url":"https:\/\/www.webdo.tn\/fr\/wp-content\/uploads\/2025\/06\/galite_2016.jpg","type":"image\/jpeg"}],"author":"Wided Belhaj","twitter_card":"summary_large_image","twitter_creator":"@webdo_tn","twitter_site":"@webdo_tn","twitter_misc":{"\u00c9crit par":"Wided Belhaj","Dur\u00e9e de lecture estim\u00e9e":"2 minutes"},"schema":{"@context":"https:\/\/schema.org","@graph":[{"@type":"NewsArticle","@id":"https:\/\/www.webdo.tn\/fr\/actualite\/regions\/tunisie-excursions-touristiques-autorisees-vers-lile-de-la-galite-a-partir-de-cet-ete\/377098\/#article","isPartOf":{"@id":"https:\/\/www.webdo.tn\/fr\/actualite\/regions\/tunisie-excursions-touristiques-autorisees-vers-lile-de-la-galite-a-partir-de-cet-ete\/377098\/"},"author":{"name":"Wided Belhaj","@id":"https:\/\/www.webdo.tn\/fr\/#\/schema\/person\/b9ecde7a5574cb4fcf4b496ea5fadb15"},"headline":"Tunisie\u00a0: Excursions touristiques autoris\u00e9es vers l&rsquo;\u00eele de la Galite \u00e0 partir de cet \u00e9t\u00e9","datePublished":"2025-06-10T12:05:03+00:00","dateModified":"2025-06-11T10:02:56+00:00","mainEntityOfPage":{"@id":"https:\/\/www.webdo.tn\/fr\/actualite\/regions\/tunisie-excursions-touristiques-autorisees-vers-lile-de-la-galite-a-partir-de-cet-ete\/377098\/"},"wordCount":284,"commentCount":0,"publisher":{"@id":"https:\/\/www.webdo.tn\/fr\/#organization"},"image":{"@id":"https:\/\/www.webdo.tn\/fr\/actualite\/regions\/tunisie-excursions-touristiques-autorisees-vers-lile-de-la-galite-a-partir-de-cet-ete\/377098\/#primaryimage"},"thumbnailUrl":"https:\/\/www.webdo.tn\/fr\/wp-content\/uploads\/2025\/06\/galite_2016.jpg","keywords":["Galite","Tourisme","Tunisie"],"articleSection":["regions"],"inLanguage":"fr-FR"},{"@type":"WebPage","@id":"https:\/\/www.webdo.tn\/fr\/actualite\/regions\/tunisie-excursions-touristiques-autorisees-vers-lile-de-la-galite-a-partir-de-cet-ete\/377098\/","url":"https:\/\/www.webdo.tn\/fr\/actualite\/regions\/tunisie-excursions-touristiques-autorisees-vers-lile-de-la-galite-a-partir-de-cet-ete\/377098\/","name":"Tunisie\u00a0: Excursions touristiques autoris\u00e9es vers l'\u00eele de la Galite \u00e0 partir de cet \u00e9t\u00e9 - webdo","isPartOf":{"@id":"https:\/\/www.webdo.tn\/fr\/#website"},"primaryImageOfPage":{"@id":"https:\/\/www.webdo.tn\/fr\/actualite\/regions\/tunisie-excursions-touristiques-autorisees-vers-lile-de-la-galite-a-partir-de-cet-ete\/377098\/#primaryimage"},"image":{"@id":"https:\/\/www.webdo.tn\/fr\/actualite\/regions\/tunisie-excursions-touristiques-autorisees-vers-lile-de-la-galite-a-partir-de-cet-ete\/377098\/#primaryimage"},"thumbnailUrl":"https:\/\/www.webdo.tn\/fr\/wp-content\/uploads\/2025\/06\/galite_2016.jpg","datePublished":"2025-06-10T12:05:03+00:00","dateModified":"2025-06-11T10:02:56+00:00","description":"La Commission r\u00e9gionale a approuv\u00e9 des excursions vers l'\u00eele de Galite pour 2025. D\u00e9couvrez les d\u00e9tails de cette importante annonce.","breadcrumb":{"@id":"https:\/\/www.webdo.tn\/fr\/actualite\/regions\/tunisie-excursions-touristiques-autorisees-vers-lile-de-la-galite-a-partir-de-cet-ete\/377098\/#breadcrumb"},"inLanguage":"fr-FR","potentialAction":[{"@type":"ReadAction","target":["https:\/\/www.webdo.tn\/fr\/actualite\/regions\/tunisie-excursions-touristiques-autorisees-vers-lile-de-la-galite-a-partir-de-cet-ete\/377098\/"]}]},{"@type":"ImageObject","inLanguage":"fr-FR","@id":"https:\/\/www.webdo.tn\/fr\/actualite\/regions\/tunisie-excursions-touristiques-autorisees-vers-lile-de-la-galite-a-partir-de-cet-ete\/377098\/#primaryimage","url":"https:\/\/www.webdo.tn\/fr\/wp-content\/uploads\/2025\/06\/galite_2016.jpg","contentUrl":"https:\/\/www.webdo.tn\/fr\/wp-content\/uploads\/2025\/06\/galite_2016.jpg","width":800,"height":500},{"@type":"BreadcrumbList","@id":"https:\/\/www.webdo.tn\/fr\/actualite\/regions\/tunisie-excursions-touristiques-autorisees-vers-lile-de-la-galite-a-partir-de-cet-ete\/377098\/#breadcrumb","itemListElement":[{"@type":"ListItem","position":1,"name":"Accueil","item":"https:\/\/www.webdo.tn\/fr\/"},{"@type":"ListItem","position":2,"name":"Tunisie\u00a0: Excursions touristiques autoris\u00e9es vers l&rsquo;\u00eele de la Galite \u00e0 partir de cet \u00e9t\u00e9"}]},{"@type":"WebSite","@id":"https:\/\/www.webdo.tn\/fr\/#website","url":"https:\/\/www.webdo.tn\/fr\/","name":"webdo","description":"Tunisie - News en Tunisie et \u00e0 l&#039;international sur Webdo.tn","publisher":{"@id":"https:\/\/www.webdo.tn\/fr\/#organization"},"potentialAction":[{"@type":"SearchAction","target":{"@type":"EntryPoint","urlTemplate":"https:\/\/www.webdo.tn\/fr\/?s={search_term_string}"},"query-input":{"@type":"PropertyValueSpecification","valueRequired":true,"valueName":"search_term_string"}}],"inLanguage":"fr-FR"},{"@type":"Organization","@id":"https:\/\/www.webdo.tn\/fr\/#organization","name":"Webdo","alternateName":"Webdo.tn","url":"https:\/\/www.webdo.tn\/fr\/","logo":{"@type":"ImageObject","inLanguage":"fr-FR","@id":"https:\/\/www.webdo.tn\/fr\/#\/schema\/logo\/image\/","url":"https:\/\/www.webdo.tn\/fr\/wp-content\/uploads\/2025\/06\/Webdo-Tunisie_168377.jpg","contentUrl":"https:\/\/www.webdo.tn\/fr\/wp-content\/uploads\/2025\/06\/Webdo-Tunisie_168377.jpg","width":301,"height":301,"caption":"Webdo"},"image":{"@id":"https:\/\/www.webdo.tn\/fr\/#\/schema\/logo\/image\/"},"sameAs":["https:\/\/www.facebook.com\/webdotn","https:\/\/x.com\/webdo_tn"],"description":"Webdo est un m\u00e9dia num\u00e9rique tunisien fond\u00e9 en 2010, sp\u00e9cialis\u00e9 dans l\u2019actualit\u00e9 nationale et internationale, l\u2019\u00e9conomie, la soci\u00e9t\u00e9 et les analyses politiques. Le site s\u2019adresse \u00e0 un large public francophone et couvre l\u2019information tunisienne en temps r\u00e9el.","email":"redac@webdo.tn","legalName":"YNJ SARL","foundingDate":"2010-09-06","numberOfEmployees":{"@type":"QuantitativeValue","minValue":"11","maxValue":"50"}},{"@type":"Person","@id":"https:\/\/www.webdo.tn\/fr\/#\/schema\/person\/b9ecde7a5574cb4fcf4b496ea5fadb15","name":"Wided Belhaj","image":{"@type":"ImageObject","inLanguage":"fr-FR","@id":"https:\/\/www.webdo.tn\/fr\/wp-content\/uploads\/2026\/04\/wided-belhaj_avatar-96x96.jpg","url":"https:\/\/www.webdo.tn\/fr\/wp-content\/uploads\/2026\/04\/wided-belhaj_avatar-96x96.jpg","contentUrl":"https:\/\/www.webdo.tn\/fr\/wp-content\/uploads\/2026\/04\/wided-belhaj_avatar-96x96.jpg","caption":"Wided Belhaj"},"description":"Wided Belhaj est le pseudonyme \u00e9ditorial utilis\u00e9 par Khalil Jelassi, journaliste, ma\u00eetre-assistant \u00e0 l\u2019Institut de presse et des sciences de l\u2019information (IPSI) et chercheur en sciences de l\u2019information et de la communication. Cette signature est d\u00e9di\u00e9e \u00e0 l\u2019analyse des m\u00e9dias, des pratiques journalistiques et des mutations de l\u2019information \u00e0 l\u2019\u00e8re digitale. \u00c0 travers ses contributions, Wided Belhaj propose une lecture analytique de l\u2019actualit\u00e9, en croisant regard critique et expertise acad\u00e9mique.","knowsAbout":["m\u00e9dias","journalisme","communication","information","transformation num\u00e9rique","analyse des m\u00e9dias"],"knowsLanguage":["Fran\u00e7ais","Arabe"],"jobTitle":"Webdo.tn","worksFor":"Journaliste \u2013 Analyse des m\u00e9dias","url":"https:\/\/www.webdo.tn\/fr\/actualite\/author\/wided-belhaj\/"}]}},"_links":{"self":[{"href":"https:\/\/www.webdo.tn\/fr\/wp-json\/wp\/v2\/posts\/377098","targetHints":{"allow":["GET"]}}],"collection":[{"href":"https:\/\/www.webdo.tn\/fr\/wp-json\/wp\/v2\/posts"}],"about":[{"href":"https:\/\/www.webdo.tn\/fr\/wp-json\/wp\/v2\/types\/post"}],"author":[{"embeddable":true,"href":"https:\/\/www.webdo.tn\/fr\/wp-json\/wp\/v2\/users\/3184"}],"replies":[{"embeddable":true,"href":"https:\/\/www.webdo.tn\/fr\/wp-json\/wp\/v2\/comments?post=377098"}],"version-history":[{"count":0,"href":"https:\/\/www.webdo.tn\/fr\/wp-json\/wp\/v2\/posts\/377098\/revisions"}],"wp:featuredmedia":[{"embeddable":true,"href":"https:\/\/www.webdo.tn\/fr\/wp-json\/wp\/v2\/media\/377099"}],"wp:attachment":[{"href":"https:\/\/www.webdo.tn\/fr\/wp-json\/wp\/v2\/media?parent=377098"}],"wp:term":[{"taxonomy":"category","embeddable":true,"href":"https:\/\/www.webdo.tn\/fr\/wp-json\/wp\/v2\/categories?post=377098"},{"taxonomy":"post_tag","embeddable":true,"href":"https:\/\/www.webdo.tn\/fr\/wp-json\/wp\/v2\/tags?post=377098"}],"curies":[{"name":"wp","href":"https:\/\/api.w.org\/{rel}","templated":true}]}}