{"id":377081,"date":"2025-06-10T10:28:07","date_gmt":"2025-06-10T10:28:07","guid":{"rendered":"https:\/\/www.webdo.tn\/fr\/?p=377081"},"modified":"2025-06-11T08:42:18","modified_gmt":"2025-06-11T07:42:18","slug":"acces-a-leau-les-eaux-souterraines-a-la-rescousse-des-tunisiens","status":"publish","type":"post","link":"https:\/\/www.webdo.tn\/fr\/actualite\/national\/acces-a-leau-les-eaux-souterraines-a-la-rescousse-des-tunisiens\/377081\/","title":{"rendered":"Acc\u00e8s \u00e0 l\u2019eau : Les eaux souterraines \u00e0 la rescousse des Tunisiens\u00a0? \u00a0"},"content":{"rendered":"\n<p><\/p>\n\n\n\n<p><strong>La Soci\u00e9t\u00e9 Nationale d&rsquo;Exploitation et de Distribution des Eaux (SONEDE) anticipe la distribution quotidienne d&rsquo;environ 2,2 millions de m\u00e8tres cubes d&rsquo;eau cet \u00e9t\u00e9, a annonc\u00e9 Mohamed Hedi Ahmeddi, directeur central de la SONEDE, ce mardi. Il a soulign\u00e9 que 60 % de l&rsquo;eau potable provient des ressources superficielles.<\/strong><\/p>\n\n\n\n<p>Invit\u00e9 sur les ondes de la Radio Nationale, Mohamed Hedi Ahmadi a affirm\u00e9 qu&rsquo;il n&rsquo;y a aucun probl\u00e8me d&rsquo;approvisionnement en eau potable dans les r\u00e9gions qui d\u00e9pendent des eaux de surface, gr\u00e2ce aux importantes pr\u00e9cipitations enregistr\u00e9es r\u00e9cemment. Cependant, la situation reste pr\u00e9occupante dans les villes qui d\u00e9pendent des nappes phr\u00e9atiques.<\/p>\n\n\n\n<p>Le responsable de la SONEDE a indiqu\u00e9 que la soci\u00e9t\u00e9 a lanc\u00e9 un programme de forage de 57 puits profonds. Vingt de ces puits sont d\u00e9j\u00e0 en exploitation, et les autres sont \u00e0 des stades avanc\u00e9s de r\u00e9alisation, notamment en phase de pose de conduites et de raccordement des \u00e9quipements. Ce programme vise \u00e0 renforcer les ressources hydriques dans plusieurs gouvernorats et r\u00e9gions souffrant d&rsquo;un d\u00e9ficit en eau potable, comme Sidi Bouzid, Zaghouan, le Bassin minier, Tataouine, Le Kef, Tabarka et Siliana.<\/p>\n\n\n\n<p>Ahmadi a insist\u00e9 sur le fait que la SONEDE et toutes les parties prenantes travaillent d&rsquo;arrache-pied pour assurer un \u00e9t\u00e9 confortable aux citoyens en termes de disponibilit\u00e9 de l&rsquo;eau potable.<\/p>\n\n\n\n<p><strong>Des projets majeurs pour renforcer les ressources en eau souterraine<\/strong><\/p>\n\n\n\n<p>Le directeur central a \u00e9galement \u00e9voqu\u00e9 des projets d&rsquo;envergure \u00e0 Siliana et El Fahs, et notamment au Kef. La ville du Kef b\u00e9n\u00e9ficie actuellement d&rsquo;un grand projet de 40 millions de dinars, lanc\u00e9 il y a quatre mois, visant \u00e0 acheminer l&rsquo;eau vers la ville depuis le puits de Bir Ennakhla. Actuellement, quatre puits profonds \u00e0 Bir Ennakhla fournissent environ 80 litres par seconde, et les travaux se concentrent sur les modalit\u00e9s d&rsquo;acheminement de ces volumes vers la ville du Kef.<\/p>\n\n\n\n<p>En outre, le projet du puits d&rsquo;El Haoudh \u00e0 Tajerouine a atteint un taux d&rsquo;avancement de 90 % et devrait \u00eatre \u00e9quip\u00e9 d&rsquo;ici un mois. Avant l&rsquo;A\u00efd, deux puits ont \u00e9t\u00e9 mis en service \u00e0 El Haoudh avec une capacit\u00e9 de 20 litres par seconde, ce qui a l\u00e9g\u00e8rement am\u00e9lior\u00e9 l&rsquo;approvisionnement en eau au Kef. \u00c0 Siliana ville, les travaux du puits profond sablonneux, qui est un puits de remplacement, sont \u00e0 leurs derni\u00e8res \u00e9tapes et permettront d&rsquo;am\u00e9liorer les ressources en eau.<\/p>\n","protected":false},"excerpt":{"rendered":"<p>La Soci\u00e9t\u00e9 Nationale d&rsquo;Exploitation et de Distribution des Eaux (SONEDE) anticipe la distribution quotidienne d&rsquo;environ 2,2 millions de m\u00e8tres cubes d&rsquo;eau cet \u00e9t\u00e9, a annonc\u00e9 Mohamed Hedi Ahmeddi, directeur central de la SONEDE, ce mardi. Il a soulign\u00e9 que 60 % de l&rsquo;eau potable provient des ressources superficielles. Invit\u00e9 sur les ondes de la Radio [&hellip;]<\/p>\n","protected":false},"author":3184,"featured_media":377088,"comment_status":"open","ping_status":"open","sticky":false,"template":"","format":"standard","meta":{"footnotes":""},"categories":[44],"tags":[],"class_list":["post-377081","post","type-post","status-publish","format-standard","has-post-thumbnail","hentry","category-national"],"yoast_head":"<!-- This site is optimized with the Yoast SEO Premium plugin v27.5 (Yoast SEO v27.5) - https:\/\/yoast.com\/product\/yoast-seo-premium-wordpress\/ -->\n<title>Acc\u00e8s \u00e0 l\u2019eau : Les eaux souterraines \u00e0 la rescousse des Tunisiens\u00a0? \u00a0 - webdo<\/title>\n<meta name=\"description\" content=\"La SONEDE souligne l&#039;importance des eaux souterraines face aux pr\u00e9occupations d&#039;approvisionnement en eau dans certaines villes.\" \/>\n<link rel=\"canonical\" href=\"https:\/\/www.webdo.tn\/fr\/actualite\/national\/acces-a-leau-les-eaux-souterraines-a-la-rescousse-des-tunisiens\/377081\/\" \/>\n<meta property=\"og:locale\" content=\"fr_FR\" \/>\n<meta property=\"og:type\" content=\"article\" \/>\n<meta property=\"og:title\" content=\"Acc\u00e8s \u00e0 l\u2019eau : Les eaux souterraines \u00e0 la rescousse des Tunisiens\u00a0? \u00a0\" \/>\n<meta property=\"og:description\" content=\"La SONEDE souligne l&#039;importance des eaux souterraines face aux pr\u00e9occupations d&#039;approvisionnement en eau dans certaines villes.\" \/>\n<meta property=\"og:url\" content=\"https:\/\/www.webdo.tn\/fr\/actualite\/national\/acces-a-leau-les-eaux-souterraines-a-la-rescousse-des-tunisiens\/377081\/\" \/>\n<meta property=\"og:site_name\" content=\"webdo\" \/>\n<meta property=\"article:publisher\" content=\"https:\/\/www.facebook.com\/webdotn\" \/>\n<meta property=\"article:published_time\" content=\"2025-06-10T10:28:07+00:00\" \/>\n<meta property=\"article:modified_time\" content=\"2025-06-11T07:42:18+00:00\" \/>\n<meta property=\"og:image\" content=\"https:\/\/www.webdo.tn\/fr\/wp-content\/uploads\/2025\/06\/5ed3b20cc09be.jpg\" \/>\n\t<meta property=\"og:image:width\" content=\"1978\" \/>\n\t<meta property=\"og:image:height\" content=\"1354\" \/>\n\t<meta property=\"og:image:type\" content=\"image\/jpeg\" \/>\n<meta name=\"author\" content=\"Wided Belhaj\" \/>\n<meta name=\"twitter:card\" content=\"summary_large_image\" \/>\n<meta name=\"twitter:creator\" content=\"@webdo_tn\" \/>\n<meta name=\"twitter:site\" content=\"@webdo_tn\" \/>\n<meta name=\"twitter:label1\" content=\"\u00c9crit par\" \/>\n\t<meta name=\"twitter:data1\" content=\"Wided Belhaj\" \/>\n\t<meta name=\"twitter:label2\" content=\"Dur\u00e9e de lecture estim\u00e9e\" \/>\n\t<meta name=\"twitter:data2\" content=\"3 minutes\" \/>\n<script type=\"application\/ld+json\" class=\"yoast-schema-graph\">{\"@context\":\"https:\\\/\\\/schema.org\",\"@graph\":[{\"@type\":\"NewsArticle\",\"@id\":\"https:\\\/\\\/www.webdo.tn\\\/fr\\\/actualite\\\/national\\\/acces-a-leau-les-eaux-souterraines-a-la-rescousse-des-tunisiens\\\/377081\\\/#article\",\"isPartOf\":{\"@id\":\"https:\\\/\\\/www.webdo.tn\\\/fr\\\/actualite\\\/national\\\/acces-a-leau-les-eaux-souterraines-a-la-rescousse-des-tunisiens\\\/377081\\\/\"},\"author\":{\"name\":\"Wided Belhaj\",\"@id\":\"https:\\\/\\\/www.webdo.tn\\\/fr\\\/#\\\/schema\\\/person\\\/b9ecde7a5574cb4fcf4b496ea5fadb15\"},\"headline\":\"Acc\u00e8s \u00e0 l\u2019eau : Les eaux souterraines \u00e0 la rescousse des Tunisiens\u00a0? \u00a0\",\"datePublished\":\"2025-06-10T10:28:07+00:00\",\"dateModified\":\"2025-06-11T07:42:18+00:00\",\"mainEntityOfPage\":{\"@id\":\"https:\\\/\\\/www.webdo.tn\\\/fr\\\/actualite\\\/national\\\/acces-a-leau-les-eaux-souterraines-a-la-rescousse-des-tunisiens\\\/377081\\\/\"},\"wordCount\":423,\"commentCount\":0,\"publisher\":{\"@id\":\"https:\\\/\\\/www.webdo.tn\\\/fr\\\/#organization\"},\"image\":{\"@id\":\"https:\\\/\\\/www.webdo.tn\\\/fr\\\/actualite\\\/national\\\/acces-a-leau-les-eaux-souterraines-a-la-rescousse-des-tunisiens\\\/377081\\\/#primaryimage\"},\"thumbnailUrl\":\"https:\\\/\\\/www.webdo.tn\\\/fr\\\/wp-content\\\/uploads\\\/2025\\\/06\\\/5ed3b20cc09be.jpg\",\"articleSection\":[\"National\"],\"inLanguage\":\"fr-FR\"},{\"@type\":\"WebPage\",\"@id\":\"https:\\\/\\\/www.webdo.tn\\\/fr\\\/actualite\\\/national\\\/acces-a-leau-les-eaux-souterraines-a-la-rescousse-des-tunisiens\\\/377081\\\/\",\"url\":\"https:\\\/\\\/www.webdo.tn\\\/fr\\\/actualite\\\/national\\\/acces-a-leau-les-eaux-souterraines-a-la-rescousse-des-tunisiens\\\/377081\\\/\",\"name\":\"Acc\u00e8s \u00e0 l\u2019eau : Les eaux souterraines \u00e0 la rescousse des Tunisiens\u00a0? \u00a0 - webdo\",\"isPartOf\":{\"@id\":\"https:\\\/\\\/www.webdo.tn\\\/fr\\\/#website\"},\"primaryImageOfPage\":{\"@id\":\"https:\\\/\\\/www.webdo.tn\\\/fr\\\/actualite\\\/national\\\/acces-a-leau-les-eaux-souterraines-a-la-rescousse-des-tunisiens\\\/377081\\\/#primaryimage\"},\"image\":{\"@id\":\"https:\\\/\\\/www.webdo.tn\\\/fr\\\/actualite\\\/national\\\/acces-a-leau-les-eaux-souterraines-a-la-rescousse-des-tunisiens\\\/377081\\\/#primaryimage\"},\"thumbnailUrl\":\"https:\\\/\\\/www.webdo.tn\\\/fr\\\/wp-content\\\/uploads\\\/2025\\\/06\\\/5ed3b20cc09be.jpg\",\"datePublished\":\"2025-06-10T10:28:07+00:00\",\"dateModified\":\"2025-06-11T07:42:18+00:00\",\"description\":\"La SONEDE souligne l'importance des eaux souterraines face aux pr\u00e9occupations d'approvisionnement en eau dans certaines villes.\",\"breadcrumb\":{\"@id\":\"https:\\\/\\\/www.webdo.tn\\\/fr\\\/actualite\\\/national\\\/acces-a-leau-les-eaux-souterraines-a-la-rescousse-des-tunisiens\\\/377081\\\/#breadcrumb\"},\"inLanguage\":\"fr-FR\",\"potentialAction\":[{\"@type\":\"ReadAction\",\"target\":[\"https:\\\/\\\/www.webdo.tn\\\/fr\\\/actualite\\\/national\\\/acces-a-leau-les-eaux-souterraines-a-la-rescousse-des-tunisiens\\\/377081\\\/\"]}]},{\"@type\":\"ImageObject\",\"inLanguage\":\"fr-FR\",\"@id\":\"https:\\\/\\\/www.webdo.tn\\\/fr\\\/actualite\\\/national\\\/acces-a-leau-les-eaux-souterraines-a-la-rescousse-des-tunisiens\\\/377081\\\/#primaryimage\",\"url\":\"https:\\\/\\\/www.webdo.tn\\\/fr\\\/wp-content\\\/uploads\\\/2025\\\/06\\\/5ed3b20cc09be.jpg\",\"contentUrl\":\"https:\\\/\\\/www.webdo.tn\\\/fr\\\/wp-content\\\/uploads\\\/2025\\\/06\\\/5ed3b20cc09be.jpg\",\"width\":1978,\"height\":1354},{\"@type\":\"BreadcrumbList\",\"@id\":\"https:\\\/\\\/www.webdo.tn\\\/fr\\\/actualite\\\/national\\\/acces-a-leau-les-eaux-souterraines-a-la-rescousse-des-tunisiens\\\/377081\\\/#breadcrumb\",\"itemListElement\":[{\"@type\":\"ListItem\",\"position\":1,\"name\":\"Accueil\",\"item\":\"https:\\\/\\\/www.webdo.tn\\\/fr\\\/\"},{\"@type\":\"ListItem\",\"position\":2,\"name\":\"Acc\u00e8s \u00e0 l\u2019eau : Les eaux souterraines \u00e0 la rescousse des Tunisiens\u00a0? \u00a0\"}]},{\"@type\":\"WebSite\",\"@id\":\"https:\\\/\\\/www.webdo.tn\\\/fr\\\/#website\",\"url\":\"https:\\\/\\\/www.webdo.tn\\\/fr\\\/\",\"name\":\"webdo\",\"description\":\"Tunisie - News en Tunisie et \u00e0 l&#039;international sur Webdo.tn\",\"publisher\":{\"@id\":\"https:\\\/\\\/www.webdo.tn\\\/fr\\\/#organization\"},\"potentialAction\":[{\"@type\":\"SearchAction\",\"target\":{\"@type\":\"EntryPoint\",\"urlTemplate\":\"https:\\\/\\\/www.webdo.tn\\\/fr\\\/?s={search_term_string}\"},\"query-input\":{\"@type\":\"PropertyValueSpecification\",\"valueRequired\":true,\"valueName\":\"search_term_string\"}}],\"inLanguage\":\"fr-FR\"},{\"@type\":\"Organization\",\"@id\":\"https:\\\/\\\/www.webdo.tn\\\/fr\\\/#organization\",\"name\":\"Webdo\",\"alternateName\":\"Webdo.tn\",\"url\":\"https:\\\/\\\/www.webdo.tn\\\/fr\\\/\",\"logo\":{\"@type\":\"ImageObject\",\"inLanguage\":\"fr-FR\",\"@id\":\"https:\\\/\\\/www.webdo.tn\\\/fr\\\/#\\\/schema\\\/logo\\\/image\\\/\",\"url\":\"https:\\\/\\\/www.webdo.tn\\\/fr\\\/wp-content\\\/uploads\\\/2025\\\/06\\\/Webdo-Tunisie_168377.jpg\",\"contentUrl\":\"https:\\\/\\\/www.webdo.tn\\\/fr\\\/wp-content\\\/uploads\\\/2025\\\/06\\\/Webdo-Tunisie_168377.jpg\",\"width\":301,\"height\":301,\"caption\":\"Webdo\"},\"image\":{\"@id\":\"https:\\\/\\\/www.webdo.tn\\\/fr\\\/#\\\/schema\\\/logo\\\/image\\\/\"},\"sameAs\":[\"https:\\\/\\\/www.facebook.com\\\/webdotn\",\"https:\\\/\\\/x.com\\\/webdo_tn\"],\"description\":\"Webdo est un m\u00e9dia num\u00e9rique tunisien fond\u00e9 en 2010, sp\u00e9cialis\u00e9 dans l\u2019actualit\u00e9 nationale et internationale, l\u2019\u00e9conomie, la soci\u00e9t\u00e9 et les analyses politiques. Le site s\u2019adresse \u00e0 un large public francophone et couvre l\u2019information tunisienne en temps r\u00e9el.\",\"email\":\"redac@webdo.tn\",\"legalName\":\"YNJ SARL\",\"foundingDate\":\"2010-09-06\",\"numberOfEmployees\":{\"@type\":\"QuantitativeValue\",\"minValue\":\"11\",\"maxValue\":\"50\"}},{\"@type\":\"Person\",\"@id\":\"https:\\\/\\\/www.webdo.tn\\\/fr\\\/#\\\/schema\\\/person\\\/b9ecde7a5574cb4fcf4b496ea5fadb15\",\"name\":\"Wided Belhaj\",\"image\":{\"@type\":\"ImageObject\",\"inLanguage\":\"fr-FR\",\"@id\":\"https:\\\/\\\/www.webdo.tn\\\/fr\\\/wp-content\\\/uploads\\\/2026\\\/04\\\/wided-belhaj_avatar-96x96.jpg\",\"url\":\"https:\\\/\\\/www.webdo.tn\\\/fr\\\/wp-content\\\/uploads\\\/2026\\\/04\\\/wided-belhaj_avatar-96x96.jpg\",\"contentUrl\":\"https:\\\/\\\/www.webdo.tn\\\/fr\\\/wp-content\\\/uploads\\\/2026\\\/04\\\/wided-belhaj_avatar-96x96.jpg\",\"caption\":\"Wided Belhaj\"},\"description\":\"Wided Belhaj est le pseudonyme \u00e9ditorial utilis\u00e9 par Khalil Jelassi, journaliste, ma\u00eetre-assistant \u00e0 l\u2019Institut de presse et des sciences de l\u2019information (IPSI) et chercheur en sciences de l\u2019information et de la communication. Cette signature est d\u00e9di\u00e9e \u00e0 l\u2019analyse des m\u00e9dias, des pratiques journalistiques et des mutations de l\u2019information \u00e0 l\u2019\u00e8re digitale. \u00c0 travers ses contributions, Wided Belhaj propose une lecture analytique de l\u2019actualit\u00e9, en croisant regard critique et expertise acad\u00e9mique.\",\"knowsAbout\":[\"m\u00e9dias\",\"journalisme\",\"communication\",\"information\",\"transformation num\u00e9rique\",\"analyse des m\u00e9dias\"],\"knowsLanguage\":[\"Fran\u00e7ais\",\"Arabe\"],\"jobTitle\":\"Webdo.tn\",\"worksFor\":\"Journaliste \u2013 Analyse des m\u00e9dias\",\"url\":\"https:\\\/\\\/www.webdo.tn\\\/fr\\\/actualite\\\/author\\\/wided-belhaj\\\/\"}]}<\/script>\n<!-- \/ Yoast SEO Premium plugin. -->","yoast_head_json":{"title":"Acc\u00e8s \u00e0 l\u2019eau : Les eaux souterraines \u00e0 la rescousse des Tunisiens\u00a0? \u00a0 - webdo","description":"La SONEDE souligne l'importance des eaux souterraines face aux pr\u00e9occupations d'approvisionnement en eau dans certaines villes.","canonical":"https:\/\/www.webdo.tn\/fr\/actualite\/national\/acces-a-leau-les-eaux-souterraines-a-la-rescousse-des-tunisiens\/377081\/","og_locale":"fr_FR","og_type":"article","og_title":"Acc\u00e8s \u00e0 l\u2019eau : Les eaux souterraines \u00e0 la rescousse des Tunisiens\u00a0? \u00a0","og_description":"La SONEDE souligne l'importance des eaux souterraines face aux pr\u00e9occupations d'approvisionnement en eau dans certaines villes.","og_url":"https:\/\/www.webdo.tn\/fr\/actualite\/national\/acces-a-leau-les-eaux-souterraines-a-la-rescousse-des-tunisiens\/377081\/","og_site_name":"webdo","article_publisher":"https:\/\/www.facebook.com\/webdotn","article_published_time":"2025-06-10T10:28:07+00:00","article_modified_time":"2025-06-11T07:42:18+00:00","og_image":[{"width":1978,"height":1354,"url":"https:\/\/www.webdo.tn\/fr\/wp-content\/uploads\/2025\/06\/5ed3b20cc09be.jpg","type":"image\/jpeg"}],"author":"Wided Belhaj","twitter_card":"summary_large_image","twitter_creator":"@webdo_tn","twitter_site":"@webdo_tn","twitter_misc":{"\u00c9crit par":"Wided Belhaj","Dur\u00e9e de lecture estim\u00e9e":"3 minutes"},"schema":{"@context":"https:\/\/schema.org","@graph":[{"@type":"NewsArticle","@id":"https:\/\/www.webdo.tn\/fr\/actualite\/national\/acces-a-leau-les-eaux-souterraines-a-la-rescousse-des-tunisiens\/377081\/#article","isPartOf":{"@id":"https:\/\/www.webdo.tn\/fr\/actualite\/national\/acces-a-leau-les-eaux-souterraines-a-la-rescousse-des-tunisiens\/377081\/"},"author":{"name":"Wided Belhaj","@id":"https:\/\/www.webdo.tn\/fr\/#\/schema\/person\/b9ecde7a5574cb4fcf4b496ea5fadb15"},"headline":"Acc\u00e8s \u00e0 l\u2019eau : Les eaux souterraines \u00e0 la rescousse des Tunisiens\u00a0? \u00a0","datePublished":"2025-06-10T10:28:07+00:00","dateModified":"2025-06-11T07:42:18+00:00","mainEntityOfPage":{"@id":"https:\/\/www.webdo.tn\/fr\/actualite\/national\/acces-a-leau-les-eaux-souterraines-a-la-rescousse-des-tunisiens\/377081\/"},"wordCount":423,"commentCount":0,"publisher":{"@id":"https:\/\/www.webdo.tn\/fr\/#organization"},"image":{"@id":"https:\/\/www.webdo.tn\/fr\/actualite\/national\/acces-a-leau-les-eaux-souterraines-a-la-rescousse-des-tunisiens\/377081\/#primaryimage"},"thumbnailUrl":"https:\/\/www.webdo.tn\/fr\/wp-content\/uploads\/2025\/06\/5ed3b20cc09be.jpg","articleSection":["National"],"inLanguage":"fr-FR"},{"@type":"WebPage","@id":"https:\/\/www.webdo.tn\/fr\/actualite\/national\/acces-a-leau-les-eaux-souterraines-a-la-rescousse-des-tunisiens\/377081\/","url":"https:\/\/www.webdo.tn\/fr\/actualite\/national\/acces-a-leau-les-eaux-souterraines-a-la-rescousse-des-tunisiens\/377081\/","name":"Acc\u00e8s \u00e0 l\u2019eau : Les eaux souterraines \u00e0 la rescousse des Tunisiens\u00a0? \u00a0 - webdo","isPartOf":{"@id":"https:\/\/www.webdo.tn\/fr\/#website"},"primaryImageOfPage":{"@id":"https:\/\/www.webdo.tn\/fr\/actualite\/national\/acces-a-leau-les-eaux-souterraines-a-la-rescousse-des-tunisiens\/377081\/#primaryimage"},"image":{"@id":"https:\/\/www.webdo.tn\/fr\/actualite\/national\/acces-a-leau-les-eaux-souterraines-a-la-rescousse-des-tunisiens\/377081\/#primaryimage"},"thumbnailUrl":"https:\/\/www.webdo.tn\/fr\/wp-content\/uploads\/2025\/06\/5ed3b20cc09be.jpg","datePublished":"2025-06-10T10:28:07+00:00","dateModified":"2025-06-11T07:42:18+00:00","description":"La SONEDE souligne l'importance des eaux souterraines face aux pr\u00e9occupations d'approvisionnement en eau dans certaines villes.","breadcrumb":{"@id":"https:\/\/www.webdo.tn\/fr\/actualite\/national\/acces-a-leau-les-eaux-souterraines-a-la-rescousse-des-tunisiens\/377081\/#breadcrumb"},"inLanguage":"fr-FR","potentialAction":[{"@type":"ReadAction","target":["https:\/\/www.webdo.tn\/fr\/actualite\/national\/acces-a-leau-les-eaux-souterraines-a-la-rescousse-des-tunisiens\/377081\/"]}]},{"@type":"ImageObject","inLanguage":"fr-FR","@id":"https:\/\/www.webdo.tn\/fr\/actualite\/national\/acces-a-leau-les-eaux-souterraines-a-la-rescousse-des-tunisiens\/377081\/#primaryimage","url":"https:\/\/www.webdo.tn\/fr\/wp-content\/uploads\/2025\/06\/5ed3b20cc09be.jpg","contentUrl":"https:\/\/www.webdo.tn\/fr\/wp-content\/uploads\/2025\/06\/5ed3b20cc09be.jpg","width":1978,"height":1354},{"@type":"BreadcrumbList","@id":"https:\/\/www.webdo.tn\/fr\/actualite\/national\/acces-a-leau-les-eaux-souterraines-a-la-rescousse-des-tunisiens\/377081\/#breadcrumb","itemListElement":[{"@type":"ListItem","position":1,"name":"Accueil","item":"https:\/\/www.webdo.tn\/fr\/"},{"@type":"ListItem","position":2,"name":"Acc\u00e8s \u00e0 l\u2019eau : Les eaux souterraines \u00e0 la rescousse des Tunisiens\u00a0? \u00a0"}]},{"@type":"WebSite","@id":"https:\/\/www.webdo.tn\/fr\/#website","url":"https:\/\/www.webdo.tn\/fr\/","name":"webdo","description":"Tunisie - News en Tunisie et \u00e0 l&#039;international sur Webdo.tn","publisher":{"@id":"https:\/\/www.webdo.tn\/fr\/#organization"},"potentialAction":[{"@type":"SearchAction","target":{"@type":"EntryPoint","urlTemplate":"https:\/\/www.webdo.tn\/fr\/?s={search_term_string}"},"query-input":{"@type":"PropertyValueSpecification","valueRequired":true,"valueName":"search_term_string"}}],"inLanguage":"fr-FR"},{"@type":"Organization","@id":"https:\/\/www.webdo.tn\/fr\/#organization","name":"Webdo","alternateName":"Webdo.tn","url":"https:\/\/www.webdo.tn\/fr\/","logo":{"@type":"ImageObject","inLanguage":"fr-FR","@id":"https:\/\/www.webdo.tn\/fr\/#\/schema\/logo\/image\/","url":"https:\/\/www.webdo.tn\/fr\/wp-content\/uploads\/2025\/06\/Webdo-Tunisie_168377.jpg","contentUrl":"https:\/\/www.webdo.tn\/fr\/wp-content\/uploads\/2025\/06\/Webdo-Tunisie_168377.jpg","width":301,"height":301,"caption":"Webdo"},"image":{"@id":"https:\/\/www.webdo.tn\/fr\/#\/schema\/logo\/image\/"},"sameAs":["https:\/\/www.facebook.com\/webdotn","https:\/\/x.com\/webdo_tn"],"description":"Webdo est un m\u00e9dia num\u00e9rique tunisien fond\u00e9 en 2010, sp\u00e9cialis\u00e9 dans l\u2019actualit\u00e9 nationale et internationale, l\u2019\u00e9conomie, la soci\u00e9t\u00e9 et les analyses politiques. Le site s\u2019adresse \u00e0 un large public francophone et couvre l\u2019information tunisienne en temps r\u00e9el.","email":"redac@webdo.tn","legalName":"YNJ SARL","foundingDate":"2010-09-06","numberOfEmployees":{"@type":"QuantitativeValue","minValue":"11","maxValue":"50"}},{"@type":"Person","@id":"https:\/\/www.webdo.tn\/fr\/#\/schema\/person\/b9ecde7a5574cb4fcf4b496ea5fadb15","name":"Wided Belhaj","image":{"@type":"ImageObject","inLanguage":"fr-FR","@id":"https:\/\/www.webdo.tn\/fr\/wp-content\/uploads\/2026\/04\/wided-belhaj_avatar-96x96.jpg","url":"https:\/\/www.webdo.tn\/fr\/wp-content\/uploads\/2026\/04\/wided-belhaj_avatar-96x96.jpg","contentUrl":"https:\/\/www.webdo.tn\/fr\/wp-content\/uploads\/2026\/04\/wided-belhaj_avatar-96x96.jpg","caption":"Wided Belhaj"},"description":"Wided Belhaj est le pseudonyme \u00e9ditorial utilis\u00e9 par Khalil Jelassi, journaliste, ma\u00eetre-assistant \u00e0 l\u2019Institut de presse et des sciences de l\u2019information (IPSI) et chercheur en sciences de l\u2019information et de la communication. Cette signature est d\u00e9di\u00e9e \u00e0 l\u2019analyse des m\u00e9dias, des pratiques journalistiques et des mutations de l\u2019information \u00e0 l\u2019\u00e8re digitale. \u00c0 travers ses contributions, Wided Belhaj propose une lecture analytique de l\u2019actualit\u00e9, en croisant regard critique et expertise acad\u00e9mique.","knowsAbout":["m\u00e9dias","journalisme","communication","information","transformation num\u00e9rique","analyse des m\u00e9dias"],"knowsLanguage":["Fran\u00e7ais","Arabe"],"jobTitle":"Webdo.tn","worksFor":"Journaliste \u2013 Analyse des m\u00e9dias","url":"https:\/\/www.webdo.tn\/fr\/actualite\/author\/wided-belhaj\/"}]}},"_links":{"self":[{"href":"https:\/\/www.webdo.tn\/fr\/wp-json\/wp\/v2\/posts\/377081","targetHints":{"allow":["GET"]}}],"collection":[{"href":"https:\/\/www.webdo.tn\/fr\/wp-json\/wp\/v2\/posts"}],"about":[{"href":"https:\/\/www.webdo.tn\/fr\/wp-json\/wp\/v2\/types\/post"}],"author":[{"embeddable":true,"href":"https:\/\/www.webdo.tn\/fr\/wp-json\/wp\/v2\/users\/3184"}],"replies":[{"embeddable":true,"href":"https:\/\/www.webdo.tn\/fr\/wp-json\/wp\/v2\/comments?post=377081"}],"version-history":[{"count":0,"href":"https:\/\/www.webdo.tn\/fr\/wp-json\/wp\/v2\/posts\/377081\/revisions"}],"wp:featuredmedia":[{"embeddable":true,"href":"https:\/\/www.webdo.tn\/fr\/wp-json\/wp\/v2\/media\/377088"}],"wp:attachment":[{"href":"https:\/\/www.webdo.tn\/fr\/wp-json\/wp\/v2\/media?parent=377081"}],"wp:term":[{"taxonomy":"category","embeddable":true,"href":"https:\/\/www.webdo.tn\/fr\/wp-json\/wp\/v2\/categories?post=377081"},{"taxonomy":"post_tag","embeddable":true,"href":"https:\/\/www.webdo.tn\/fr\/wp-json\/wp\/v2\/tags?post=377081"}],"curies":[{"name":"wp","href":"https:\/\/api.w.org\/{rel}","templated":true}]}}