{"id":377059,"date":"2025-06-10T09:02:23","date_gmt":"2025-06-10T09:02:23","guid":{"rendered":"https:\/\/www.webdo.tn\/fr\/?p=377059"},"modified":"2025-06-10T09:05:32","modified_gmt":"2025-06-10T09:05:32","slug":"qui-se-souvient-des-blanchisseries-davin-qui-etaient-nombreuses-jusquaux-annees-1980","status":"publish","type":"post","link":"https:\/\/www.webdo.tn\/fr\/actualite\/chroniques\/qui-se-souvient-des-blanchisseries-davin-qui-etaient-nombreuses-jusquaux-annees-1980\/377059\/","title":{"rendered":"Qui se souvient des blanchisseries Davin qui \u00e9taient nombreuses jusqu&rsquo;aux ann\u00e9es 1980 ?"},"content":{"rendered":"\n<p><strong>Il y a presque dix ans, je publiais cette chronique dans Webdo en posant quelques questions qui avaient vite trouv\u00e9 r\u00e9ponse. Je reviens \u00e0 cette chronique aujourd&rsquo;hui en rebond \u00e0 la correspondance d&rsquo;une amie lectrice. Voici d&rsquo;abord, le texte de la chronique parue en 2017. <\/strong><\/p>\n\n\n\n<p>Les teintureries Davin \u00e9taient une quinzaine diss\u00e9min\u00e9es dans la ville de Tunis et ses environs. Ces \u00e9tablissements proposaient des services de teinturerie et de d\u00e9graissage et nettoyage \u00e0 sec. Si je pourrais ais\u00e9ment placer ces teintureries sur une carte, il m&rsquo;est par contre difficile d&rsquo;\u00e9voquer de m\u00e9moire l&rsquo;origine et le parcours de cette entreprise. <\/p>\n\n\n\n<p>Quels en sont les fondateurs, appartiennent-ils \u00e0 la famille Davin comme semble l&rsquo;indiquer la raison commerciale ? Et qui sont les Davin dont le nom a longtemps rim\u00e9 avec pressing \u00e0 l&rsquo;ancienne ? Pas de r\u00e9ponses \u00e0 ces questions mais il est probable que nos lecteurs sauront restituer et partager cette m\u00e9moire presque perdue. <\/p>\n\n\n\n<p>Des Davin il y en avait partout jusqu&rsquo;aux ann\u00e9es 1980 ! A Bab el Khadhra et \u00e0 Bab Djedid, \u00e0 Mutuelleville et au Bardo, avenue de la Libert\u00e9 et rue Jamel Abdenasser&#8230; Aujourd&rsquo;hui, il ne reste que le souvenir t\u00e9nu de ces teintureries. Qui saura retrouver le fil de cette histoire ?<\/p>\n\n\n\n<p>Et voici les pr\u00e9cisions alors obtenues de l&rsquo;arri\u00e8re-petite-fille du fondateur de l&rsquo;entreprise Davin. \u00ab\u00a0J&rsquo;ai re\u00e7u cette correspondance de Isabelle Davin et vous invite \u00e0 la lire ensemble. Elle fera resurgir le souvenir d&rsquo;un chapelet de blanchisseries incontournables dans le Tunis des ann\u00e9es ant\u00e9rieures. De plus, cette lettre nous rem\u00e9more plusieurs d\u00e9tails sur ce que furent les blanchisseries Davin. <\/p>\n\n\n\n<p>\u00ab\u00a0Louis Davin, mon arri\u00e8re-grand p\u00e8re avait cr\u00e9\u00e9 cette industrie compos\u00e9e de plusieurs blanchisseries qui nettoyaient le linge des particuliers et l\u2019usine qui nettoyait le linge des professionnels (h\u00f4tels h\u00f4pitaux) en r\u00e9cup\u00e9rant le linge sale en charrette puis avec une premi\u00e8re camionnette. A l\u2019\u00e9poque c&rsquo;\u00e9tait un investissement important et dans l&rsquo;usine, il y avait aussi la teinturerie qui travaillait pour beaucoup de grandes marques. <\/p>\n\n\n\n<p>Puis mon grand p\u00e8re a pris la suite. Les maisons de la famille se trouvaient dans l\u2019all\u00e9e des Roses \u00e0 c\u00f4t\u00e9 de l\u2019usine au Bardo, \u00e0 Saint Henri. Il y avait aussi plusieurs maisons \u00e0 c\u00f4t\u00e9 de l\u2019usine pour le personnel et leurs familles que mon grand-p\u00e8re p\u00e8re avait donn\u00e9 a ses employ\u00e9s en partant en 1956 a la fin du Protectorat fran\u00e7ais. <\/p>\n\n\n\n<p>Mon p\u00e8re, mon grand grand-p\u00e8re et ma grand grand-m\u00e8re avaient un amour immense pour la Tunisie et ses habitants. N\u00e9e en France j&rsquo;ai \u00e9t\u00e9 tr\u00e8s souvent en vacances en Tunisie. Soyez fiers de votre magnifique pays.\u00a0\u00bb<\/p>\n","protected":false},"excerpt":{"rendered":"<p>Il y a presque dix ans, je publiais cette chronique dans Webdo en posant quelques questions qui avaient vite trouv\u00e9 r\u00e9ponse. Je reviens \u00e0 cette chronique aujourd&rsquo;hui en rebond \u00e0 la correspondance d&rsquo;une amie lectrice. Voici d&rsquo;abord, le texte de la chronique parue en 2017. Les teintureries Davin \u00e9taient une quinzaine diss\u00e9min\u00e9es dans la ville [&hellip;]<\/p>\n","protected":false},"author":3229,"featured_media":377062,"comment_status":"open","ping_status":"open","sticky":false,"template":"","format":"standard","meta":{"footnotes":""},"categories":[2596],"tags":[11905,2640,2608],"class_list":["post-377059","post","type-post","status-publish","format-standard","has-post-thumbnail","hentry","category-chroniques","tag-davin","tag-tunis","tag-tunisie"],"yoast_head":"<!-- This site is optimized with the Yoast SEO Premium plugin v27.5 (Yoast SEO v27.5) - https:\/\/yoast.com\/product\/yoast-seo-premium-wordpress\/ -->\n<title>Qui se souvient des blanchisseries Davin qui \u00e9taient nombreuses jusqu&#039;aux ann\u00e9es 1980 ? - webdo<\/title>\n<meta name=\"description\" content=\"D\u00e9couvrez l&#039;histoire des blanchisseries Davin \u00e0 Tunis, des services de teinturerie aux secrets de leur r\u00e9ussite.\" \/>\n<link rel=\"canonical\" href=\"https:\/\/www.webdo.tn\/fr\/actualite\/chroniques\/qui-se-souvient-des-blanchisseries-davin-qui-etaient-nombreuses-jusquaux-annees-1980\/377059\/\" \/>\n<meta property=\"og:locale\" content=\"fr_FR\" \/>\n<meta property=\"og:type\" content=\"article\" \/>\n<meta property=\"og:title\" content=\"Qui se souvient des blanchisseries Davin qui \u00e9taient nombreuses jusqu&#039;aux ann\u00e9es 1980 ?\" \/>\n<meta property=\"og:description\" content=\"D\u00e9couvrez l&#039;histoire des blanchisseries Davin \u00e0 Tunis, des services de teinturerie aux secrets de leur r\u00e9ussite.\" \/>\n<meta property=\"og:url\" content=\"https:\/\/www.webdo.tn\/fr\/actualite\/chroniques\/qui-se-souvient-des-blanchisseries-davin-qui-etaient-nombreuses-jusquaux-annees-1980\/377059\/\" \/>\n<meta property=\"og:site_name\" content=\"webdo\" \/>\n<meta property=\"article:publisher\" content=\"https:\/\/www.facebook.com\/webdotn\" \/>\n<meta property=\"article:author\" content=\"https:\/\/www.facebook.com\/hatem.bourial.2025\" \/>\n<meta property=\"article:published_time\" content=\"2025-06-10T09:02:23+00:00\" \/>\n<meta property=\"article:modified_time\" content=\"2025-06-10T09:05:32+00:00\" \/>\n<meta property=\"og:image\" content=\"https:\/\/www.webdo.tn\/fr\/wp-content\/uploads\/2025\/06\/174174454_735145910488435_5866776983550247584_n.jpg\" \/>\n\t<meta property=\"og:image:width\" content=\"597\" \/>\n\t<meta property=\"og:image:height\" content=\"525\" \/>\n\t<meta property=\"og:image:type\" content=\"image\/jpeg\" \/>\n<meta name=\"author\" content=\"Hatem Bourial\" \/>\n<meta name=\"twitter:card\" content=\"summary_large_image\" \/>\n<meta name=\"twitter:creator\" content=\"@webdo_tn\" \/>\n<meta name=\"twitter:site\" content=\"@webdo_tn\" \/>\n<meta name=\"twitter:label1\" content=\"\u00c9crit par\" \/>\n\t<meta name=\"twitter:data1\" content=\"Hatem Bourial\" \/>\n\t<meta name=\"twitter:label2\" content=\"Dur\u00e9e de lecture estim\u00e9e\" \/>\n\t<meta name=\"twitter:data2\" content=\"3 minutes\" \/>\n<script type=\"application\/ld+json\" class=\"yoast-schema-graph\">{\"@context\":\"https:\\\/\\\/schema.org\",\"@graph\":[{\"@type\":\"NewsArticle\",\"@id\":\"https:\\\/\\\/www.webdo.tn\\\/fr\\\/actualite\\\/chroniques\\\/qui-se-souvient-des-blanchisseries-davin-qui-etaient-nombreuses-jusquaux-annees-1980\\\/377059\\\/#article\",\"isPartOf\":{\"@id\":\"https:\\\/\\\/www.webdo.tn\\\/fr\\\/actualite\\\/chroniques\\\/qui-se-souvient-des-blanchisseries-davin-qui-etaient-nombreuses-jusquaux-annees-1980\\\/377059\\\/\"},\"author\":{\"name\":\"Hatem Bourial\",\"@id\":\"https:\\\/\\\/www.webdo.tn\\\/fr\\\/#\\\/schema\\\/person\\\/6bc0beba2cd23aec27cb5df85ca2554f\"},\"headline\":\"Qui se souvient des blanchisseries Davin qui \u00e9taient nombreuses jusqu&rsquo;aux ann\u00e9es 1980 ?\",\"datePublished\":\"2025-06-10T09:02:23+00:00\",\"dateModified\":\"2025-06-10T09:05:32+00:00\",\"mainEntityOfPage\":{\"@id\":\"https:\\\/\\\/www.webdo.tn\\\/fr\\\/actualite\\\/chroniques\\\/qui-se-souvient-des-blanchisseries-davin-qui-etaient-nombreuses-jusquaux-annees-1980\\\/377059\\\/\"},\"wordCount\":479,\"commentCount\":0,\"publisher\":{\"@id\":\"https:\\\/\\\/www.webdo.tn\\\/fr\\\/#organization\"},\"image\":{\"@id\":\"https:\\\/\\\/www.webdo.tn\\\/fr\\\/actualite\\\/chroniques\\\/qui-se-souvient-des-blanchisseries-davin-qui-etaient-nombreuses-jusquaux-annees-1980\\\/377059\\\/#primaryimage\"},\"thumbnailUrl\":\"https:\\\/\\\/www.webdo.tn\\\/fr\\\/wp-content\\\/uploads\\\/2025\\\/06\\\/174174454_735145910488435_5866776983550247584_n.jpg\",\"keywords\":[\"Davin\",\"Tunis\",\"Tunisie\"],\"articleSection\":[\"Chroniques\"],\"inLanguage\":\"fr-FR\"},{\"@type\":\"WebPage\",\"@id\":\"https:\\\/\\\/www.webdo.tn\\\/fr\\\/actualite\\\/chroniques\\\/qui-se-souvient-des-blanchisseries-davin-qui-etaient-nombreuses-jusquaux-annees-1980\\\/377059\\\/\",\"url\":\"https:\\\/\\\/www.webdo.tn\\\/fr\\\/actualite\\\/chroniques\\\/qui-se-souvient-des-blanchisseries-davin-qui-etaient-nombreuses-jusquaux-annees-1980\\\/377059\\\/\",\"name\":\"Qui se souvient des blanchisseries Davin qui \u00e9taient nombreuses jusqu'aux ann\u00e9es 1980 ? - webdo\",\"isPartOf\":{\"@id\":\"https:\\\/\\\/www.webdo.tn\\\/fr\\\/#website\"},\"primaryImageOfPage\":{\"@id\":\"https:\\\/\\\/www.webdo.tn\\\/fr\\\/actualite\\\/chroniques\\\/qui-se-souvient-des-blanchisseries-davin-qui-etaient-nombreuses-jusquaux-annees-1980\\\/377059\\\/#primaryimage\"},\"image\":{\"@id\":\"https:\\\/\\\/www.webdo.tn\\\/fr\\\/actualite\\\/chroniques\\\/qui-se-souvient-des-blanchisseries-davin-qui-etaient-nombreuses-jusquaux-annees-1980\\\/377059\\\/#primaryimage\"},\"thumbnailUrl\":\"https:\\\/\\\/www.webdo.tn\\\/fr\\\/wp-content\\\/uploads\\\/2025\\\/06\\\/174174454_735145910488435_5866776983550247584_n.jpg\",\"datePublished\":\"2025-06-10T09:02:23+00:00\",\"dateModified\":\"2025-06-10T09:05:32+00:00\",\"description\":\"D\u00e9couvrez l'histoire des blanchisseries Davin \u00e0 Tunis, des services de teinturerie aux secrets de leur r\u00e9ussite.\",\"breadcrumb\":{\"@id\":\"https:\\\/\\\/www.webdo.tn\\\/fr\\\/actualite\\\/chroniques\\\/qui-se-souvient-des-blanchisseries-davin-qui-etaient-nombreuses-jusquaux-annees-1980\\\/377059\\\/#breadcrumb\"},\"inLanguage\":\"fr-FR\",\"potentialAction\":[{\"@type\":\"ReadAction\",\"target\":[\"https:\\\/\\\/www.webdo.tn\\\/fr\\\/actualite\\\/chroniques\\\/qui-se-souvient-des-blanchisseries-davin-qui-etaient-nombreuses-jusquaux-annees-1980\\\/377059\\\/\"]}]},{\"@type\":\"ImageObject\",\"inLanguage\":\"fr-FR\",\"@id\":\"https:\\\/\\\/www.webdo.tn\\\/fr\\\/actualite\\\/chroniques\\\/qui-se-souvient-des-blanchisseries-davin-qui-etaient-nombreuses-jusquaux-annees-1980\\\/377059\\\/#primaryimage\",\"url\":\"https:\\\/\\\/www.webdo.tn\\\/fr\\\/wp-content\\\/uploads\\\/2025\\\/06\\\/174174454_735145910488435_5866776983550247584_n.jpg\",\"contentUrl\":\"https:\\\/\\\/www.webdo.tn\\\/fr\\\/wp-content\\\/uploads\\\/2025\\\/06\\\/174174454_735145910488435_5866776983550247584_n.jpg\",\"width\":597,\"height\":525},{\"@type\":\"BreadcrumbList\",\"@id\":\"https:\\\/\\\/www.webdo.tn\\\/fr\\\/actualite\\\/chroniques\\\/qui-se-souvient-des-blanchisseries-davin-qui-etaient-nombreuses-jusquaux-annees-1980\\\/377059\\\/#breadcrumb\",\"itemListElement\":[{\"@type\":\"ListItem\",\"position\":1,\"name\":\"Accueil\",\"item\":\"https:\\\/\\\/www.webdo.tn\\\/fr\\\/\"},{\"@type\":\"ListItem\",\"position\":2,\"name\":\"Qui se souvient des blanchisseries Davin qui \u00e9taient nombreuses jusqu&rsquo;aux ann\u00e9es 1980 ?\"}]},{\"@type\":\"WebSite\",\"@id\":\"https:\\\/\\\/www.webdo.tn\\\/fr\\\/#website\",\"url\":\"https:\\\/\\\/www.webdo.tn\\\/fr\\\/\",\"name\":\"webdo\",\"description\":\"Tunisie - News en Tunisie et \u00e0 l&#039;international sur Webdo.tn\",\"publisher\":{\"@id\":\"https:\\\/\\\/www.webdo.tn\\\/fr\\\/#organization\"},\"potentialAction\":[{\"@type\":\"SearchAction\",\"target\":{\"@type\":\"EntryPoint\",\"urlTemplate\":\"https:\\\/\\\/www.webdo.tn\\\/fr\\\/?s={search_term_string}\"},\"query-input\":{\"@type\":\"PropertyValueSpecification\",\"valueRequired\":true,\"valueName\":\"search_term_string\"}}],\"inLanguage\":\"fr-FR\"},{\"@type\":\"Organization\",\"@id\":\"https:\\\/\\\/www.webdo.tn\\\/fr\\\/#organization\",\"name\":\"Webdo\",\"alternateName\":\"Webdo.tn\",\"url\":\"https:\\\/\\\/www.webdo.tn\\\/fr\\\/\",\"logo\":{\"@type\":\"ImageObject\",\"inLanguage\":\"fr-FR\",\"@id\":\"https:\\\/\\\/www.webdo.tn\\\/fr\\\/#\\\/schema\\\/logo\\\/image\\\/\",\"url\":\"https:\\\/\\\/www.webdo.tn\\\/fr\\\/wp-content\\\/uploads\\\/2025\\\/06\\\/Webdo-Tunisie_168377.jpg\",\"contentUrl\":\"https:\\\/\\\/www.webdo.tn\\\/fr\\\/wp-content\\\/uploads\\\/2025\\\/06\\\/Webdo-Tunisie_168377.jpg\",\"width\":301,\"height\":301,\"caption\":\"Webdo\"},\"image\":{\"@id\":\"https:\\\/\\\/www.webdo.tn\\\/fr\\\/#\\\/schema\\\/logo\\\/image\\\/\"},\"sameAs\":[\"https:\\\/\\\/www.facebook.com\\\/webdotn\",\"https:\\\/\\\/x.com\\\/webdo_tn\"],\"description\":\"Webdo est un m\u00e9dia num\u00e9rique tunisien fond\u00e9 en 2010, sp\u00e9cialis\u00e9 dans l\u2019actualit\u00e9 nationale et internationale, l\u2019\u00e9conomie, la soci\u00e9t\u00e9 et les analyses politiques. Le site s\u2019adresse \u00e0 un large public francophone et couvre l\u2019information tunisienne en temps r\u00e9el.\",\"email\":\"redac@webdo.tn\",\"legalName\":\"YNJ SARL\",\"foundingDate\":\"2010-09-06\",\"numberOfEmployees\":{\"@type\":\"QuantitativeValue\",\"minValue\":\"11\",\"maxValue\":\"50\"}},{\"@type\":\"Person\",\"@id\":\"https:\\\/\\\/www.webdo.tn\\\/fr\\\/#\\\/schema\\\/person\\\/6bc0beba2cd23aec27cb5df85ca2554f\",\"name\":\"Hatem Bourial\",\"image\":{\"@type\":\"ImageObject\",\"inLanguage\":\"fr-FR\",\"@id\":\"https:\\\/\\\/www.webdo.tn\\\/fr\\\/wp-content\\\/uploads\\\/2026\\\/04\\\/hatem-bourial_avatar-96x96.jpg\",\"url\":\"https:\\\/\\\/www.webdo.tn\\\/fr\\\/wp-content\\\/uploads\\\/2026\\\/04\\\/hatem-bourial_avatar-96x96.jpg\",\"contentUrl\":\"https:\\\/\\\/www.webdo.tn\\\/fr\\\/wp-content\\\/uploads\\\/2026\\\/04\\\/hatem-bourial_avatar-96x96.jpg\",\"caption\":\"Hatem Bourial\"},\"description\":\"Hatem Bourial est journaliste, \u00e9crivain et chroniqueur tunisien. Actif depuis plusieurs d\u00e9cennies, il s\u2019est impos\u00e9 comme un observateur attentif de la soci\u00e9t\u00e9 tunisienne, m\u00ealant dans ses \u00e9crits m\u00e9moire, culture et analyse du quotidien. Auteur de nombreux ouvrages, il d\u00e9veloppe une \u0153uvre \u00e0 la crois\u00e9e du r\u00e9cit, de la po\u00e9sie et de l\u2019observation sociologique. Parall\u00e8lement \u00e0 ses contributions dans la presse, il intervient r\u00e9guli\u00e8rement \u00e0 la radio et dans des espaces culturels, o\u00f9 il explore les enjeux li\u00e9s au patrimoine, \u00e0 l\u2019identit\u00e9 et aux transformations du monde contemporain. \u00c0 travers ses chroniques, Hatem Bourial propose une lecture sensible et approfondie de l\u2019actualit\u00e9, nourrie par une exp\u00e9rience journalistique et litt\u00e9raire reconnue. \ud83d\udd17 Facebook : https:\\\/\\\/www.facebook.com\\\/hatem.bourial.2025\",\"sameAs\":[\"https:\\\/\\\/www.facebook.com\\\/hatem.bourial.2025\",\"https:\\\/\\\/fr.wikipedia.org\\\/wiki\\\/Fichier:Hatem_Bourial.jpg\"],\"knowsAbout\":[\"Culture & patrimoine tunisien\",\"Chronique soci\u00e9tale\",\"Litt\u00e9rature & m\u00e9moire\",\"Cin\u00e9ma & critique culturelle\",\"Identit\u00e9 & mutations sociales\"],\"knowsLanguage\":[\"Arabe\",\"Fran\u00e7ais\",\"Anglais\",\"Italien\",\"Polonais\"],\"jobTitle\":\"Journaliste, \u00e9crivain et chroniqueur culturel\",\"worksFor\":\"Webdo\",\"url\":\"https:\\\/\\\/www.webdo.tn\\\/fr\\\/actualite\\\/author\\\/hatem-bourial-2\\\/\"}]}<\/script>\n<!-- \/ Yoast SEO Premium plugin. -->","yoast_head_json":{"title":"Qui se souvient des blanchisseries Davin qui \u00e9taient nombreuses jusqu'aux ann\u00e9es 1980 ? - webdo","description":"D\u00e9couvrez l'histoire des blanchisseries Davin \u00e0 Tunis, des services de teinturerie aux secrets de leur r\u00e9ussite.","canonical":"https:\/\/www.webdo.tn\/fr\/actualite\/chroniques\/qui-se-souvient-des-blanchisseries-davin-qui-etaient-nombreuses-jusquaux-annees-1980\/377059\/","og_locale":"fr_FR","og_type":"article","og_title":"Qui se souvient des blanchisseries Davin qui \u00e9taient nombreuses jusqu'aux ann\u00e9es 1980 ?","og_description":"D\u00e9couvrez l'histoire des blanchisseries Davin \u00e0 Tunis, des services de teinturerie aux secrets de leur r\u00e9ussite.","og_url":"https:\/\/www.webdo.tn\/fr\/actualite\/chroniques\/qui-se-souvient-des-blanchisseries-davin-qui-etaient-nombreuses-jusquaux-annees-1980\/377059\/","og_site_name":"webdo","article_publisher":"https:\/\/www.facebook.com\/webdotn","article_author":"https:\/\/www.facebook.com\/hatem.bourial.2025","article_published_time":"2025-06-10T09:02:23+00:00","article_modified_time":"2025-06-10T09:05:32+00:00","og_image":[{"width":597,"height":525,"url":"https:\/\/www.webdo.tn\/fr\/wp-content\/uploads\/2025\/06\/174174454_735145910488435_5866776983550247584_n.jpg","type":"image\/jpeg"}],"author":"Hatem Bourial","twitter_card":"summary_large_image","twitter_creator":"@webdo_tn","twitter_site":"@webdo_tn","twitter_misc":{"\u00c9crit par":"Hatem Bourial","Dur\u00e9e de lecture estim\u00e9e":"3 minutes"},"schema":{"@context":"https:\/\/schema.org","@graph":[{"@type":"NewsArticle","@id":"https:\/\/www.webdo.tn\/fr\/actualite\/chroniques\/qui-se-souvient-des-blanchisseries-davin-qui-etaient-nombreuses-jusquaux-annees-1980\/377059\/#article","isPartOf":{"@id":"https:\/\/www.webdo.tn\/fr\/actualite\/chroniques\/qui-se-souvient-des-blanchisseries-davin-qui-etaient-nombreuses-jusquaux-annees-1980\/377059\/"},"author":{"name":"Hatem Bourial","@id":"https:\/\/www.webdo.tn\/fr\/#\/schema\/person\/6bc0beba2cd23aec27cb5df85ca2554f"},"headline":"Qui se souvient des blanchisseries Davin qui \u00e9taient nombreuses jusqu&rsquo;aux ann\u00e9es 1980 ?","datePublished":"2025-06-10T09:02:23+00:00","dateModified":"2025-06-10T09:05:32+00:00","mainEntityOfPage":{"@id":"https:\/\/www.webdo.tn\/fr\/actualite\/chroniques\/qui-se-souvient-des-blanchisseries-davin-qui-etaient-nombreuses-jusquaux-annees-1980\/377059\/"},"wordCount":479,"commentCount":0,"publisher":{"@id":"https:\/\/www.webdo.tn\/fr\/#organization"},"image":{"@id":"https:\/\/www.webdo.tn\/fr\/actualite\/chroniques\/qui-se-souvient-des-blanchisseries-davin-qui-etaient-nombreuses-jusquaux-annees-1980\/377059\/#primaryimage"},"thumbnailUrl":"https:\/\/www.webdo.tn\/fr\/wp-content\/uploads\/2025\/06\/174174454_735145910488435_5866776983550247584_n.jpg","keywords":["Davin","Tunis","Tunisie"],"articleSection":["Chroniques"],"inLanguage":"fr-FR"},{"@type":"WebPage","@id":"https:\/\/www.webdo.tn\/fr\/actualite\/chroniques\/qui-se-souvient-des-blanchisseries-davin-qui-etaient-nombreuses-jusquaux-annees-1980\/377059\/","url":"https:\/\/www.webdo.tn\/fr\/actualite\/chroniques\/qui-se-souvient-des-blanchisseries-davin-qui-etaient-nombreuses-jusquaux-annees-1980\/377059\/","name":"Qui se souvient des blanchisseries Davin qui \u00e9taient nombreuses jusqu'aux ann\u00e9es 1980 ? - webdo","isPartOf":{"@id":"https:\/\/www.webdo.tn\/fr\/#website"},"primaryImageOfPage":{"@id":"https:\/\/www.webdo.tn\/fr\/actualite\/chroniques\/qui-se-souvient-des-blanchisseries-davin-qui-etaient-nombreuses-jusquaux-annees-1980\/377059\/#primaryimage"},"image":{"@id":"https:\/\/www.webdo.tn\/fr\/actualite\/chroniques\/qui-se-souvient-des-blanchisseries-davin-qui-etaient-nombreuses-jusquaux-annees-1980\/377059\/#primaryimage"},"thumbnailUrl":"https:\/\/www.webdo.tn\/fr\/wp-content\/uploads\/2025\/06\/174174454_735145910488435_5866776983550247584_n.jpg","datePublished":"2025-06-10T09:02:23+00:00","dateModified":"2025-06-10T09:05:32+00:00","description":"D\u00e9couvrez l'histoire des blanchisseries Davin \u00e0 Tunis, des services de teinturerie aux secrets de leur r\u00e9ussite.","breadcrumb":{"@id":"https:\/\/www.webdo.tn\/fr\/actualite\/chroniques\/qui-se-souvient-des-blanchisseries-davin-qui-etaient-nombreuses-jusquaux-annees-1980\/377059\/#breadcrumb"},"inLanguage":"fr-FR","potentialAction":[{"@type":"ReadAction","target":["https:\/\/www.webdo.tn\/fr\/actualite\/chroniques\/qui-se-souvient-des-blanchisseries-davin-qui-etaient-nombreuses-jusquaux-annees-1980\/377059\/"]}]},{"@type":"ImageObject","inLanguage":"fr-FR","@id":"https:\/\/www.webdo.tn\/fr\/actualite\/chroniques\/qui-se-souvient-des-blanchisseries-davin-qui-etaient-nombreuses-jusquaux-annees-1980\/377059\/#primaryimage","url":"https:\/\/www.webdo.tn\/fr\/wp-content\/uploads\/2025\/06\/174174454_735145910488435_5866776983550247584_n.jpg","contentUrl":"https:\/\/www.webdo.tn\/fr\/wp-content\/uploads\/2025\/06\/174174454_735145910488435_5866776983550247584_n.jpg","width":597,"height":525},{"@type":"BreadcrumbList","@id":"https:\/\/www.webdo.tn\/fr\/actualite\/chroniques\/qui-se-souvient-des-blanchisseries-davin-qui-etaient-nombreuses-jusquaux-annees-1980\/377059\/#breadcrumb","itemListElement":[{"@type":"ListItem","position":1,"name":"Accueil","item":"https:\/\/www.webdo.tn\/fr\/"},{"@type":"ListItem","position":2,"name":"Qui se souvient des blanchisseries Davin qui \u00e9taient nombreuses jusqu&rsquo;aux ann\u00e9es 1980 ?"}]},{"@type":"WebSite","@id":"https:\/\/www.webdo.tn\/fr\/#website","url":"https:\/\/www.webdo.tn\/fr\/","name":"webdo","description":"Tunisie - News en Tunisie et \u00e0 l&#039;international sur Webdo.tn","publisher":{"@id":"https:\/\/www.webdo.tn\/fr\/#organization"},"potentialAction":[{"@type":"SearchAction","target":{"@type":"EntryPoint","urlTemplate":"https:\/\/www.webdo.tn\/fr\/?s={search_term_string}"},"query-input":{"@type":"PropertyValueSpecification","valueRequired":true,"valueName":"search_term_string"}}],"inLanguage":"fr-FR"},{"@type":"Organization","@id":"https:\/\/www.webdo.tn\/fr\/#organization","name":"Webdo","alternateName":"Webdo.tn","url":"https:\/\/www.webdo.tn\/fr\/","logo":{"@type":"ImageObject","inLanguage":"fr-FR","@id":"https:\/\/www.webdo.tn\/fr\/#\/schema\/logo\/image\/","url":"https:\/\/www.webdo.tn\/fr\/wp-content\/uploads\/2025\/06\/Webdo-Tunisie_168377.jpg","contentUrl":"https:\/\/www.webdo.tn\/fr\/wp-content\/uploads\/2025\/06\/Webdo-Tunisie_168377.jpg","width":301,"height":301,"caption":"Webdo"},"image":{"@id":"https:\/\/www.webdo.tn\/fr\/#\/schema\/logo\/image\/"},"sameAs":["https:\/\/www.facebook.com\/webdotn","https:\/\/x.com\/webdo_tn"],"description":"Webdo est un m\u00e9dia num\u00e9rique tunisien fond\u00e9 en 2010, sp\u00e9cialis\u00e9 dans l\u2019actualit\u00e9 nationale et internationale, l\u2019\u00e9conomie, la soci\u00e9t\u00e9 et les analyses politiques. Le site s\u2019adresse \u00e0 un large public francophone et couvre l\u2019information tunisienne en temps r\u00e9el.","email":"redac@webdo.tn","legalName":"YNJ SARL","foundingDate":"2010-09-06","numberOfEmployees":{"@type":"QuantitativeValue","minValue":"11","maxValue":"50"}},{"@type":"Person","@id":"https:\/\/www.webdo.tn\/fr\/#\/schema\/person\/6bc0beba2cd23aec27cb5df85ca2554f","name":"Hatem Bourial","image":{"@type":"ImageObject","inLanguage":"fr-FR","@id":"https:\/\/www.webdo.tn\/fr\/wp-content\/uploads\/2026\/04\/hatem-bourial_avatar-96x96.jpg","url":"https:\/\/www.webdo.tn\/fr\/wp-content\/uploads\/2026\/04\/hatem-bourial_avatar-96x96.jpg","contentUrl":"https:\/\/www.webdo.tn\/fr\/wp-content\/uploads\/2026\/04\/hatem-bourial_avatar-96x96.jpg","caption":"Hatem Bourial"},"description":"Hatem Bourial est journaliste, \u00e9crivain et chroniqueur tunisien. Actif depuis plusieurs d\u00e9cennies, il s\u2019est impos\u00e9 comme un observateur attentif de la soci\u00e9t\u00e9 tunisienne, m\u00ealant dans ses \u00e9crits m\u00e9moire, culture et analyse du quotidien. Auteur de nombreux ouvrages, il d\u00e9veloppe une \u0153uvre \u00e0 la crois\u00e9e du r\u00e9cit, de la po\u00e9sie et de l\u2019observation sociologique. Parall\u00e8lement \u00e0 ses contributions dans la presse, il intervient r\u00e9guli\u00e8rement \u00e0 la radio et dans des espaces culturels, o\u00f9 il explore les enjeux li\u00e9s au patrimoine, \u00e0 l\u2019identit\u00e9 et aux transformations du monde contemporain. \u00c0 travers ses chroniques, Hatem Bourial propose une lecture sensible et approfondie de l\u2019actualit\u00e9, nourrie par une exp\u00e9rience journalistique et litt\u00e9raire reconnue. \ud83d\udd17 Facebook : https:\/\/www.facebook.com\/hatem.bourial.2025","sameAs":["https:\/\/www.facebook.com\/hatem.bourial.2025","https:\/\/fr.wikipedia.org\/wiki\/Fichier:Hatem_Bourial.jpg"],"knowsAbout":["Culture & patrimoine tunisien","Chronique soci\u00e9tale","Litt\u00e9rature & m\u00e9moire","Cin\u00e9ma & critique culturelle","Identit\u00e9 & mutations sociales"],"knowsLanguage":["Arabe","Fran\u00e7ais","Anglais","Italien","Polonais"],"jobTitle":"Journaliste, \u00e9crivain et chroniqueur culturel","worksFor":"Webdo","url":"https:\/\/www.webdo.tn\/fr\/actualite\/author\/hatem-bourial-2\/"}]}},"_links":{"self":[{"href":"https:\/\/www.webdo.tn\/fr\/wp-json\/wp\/v2\/posts\/377059","targetHints":{"allow":["GET"]}}],"collection":[{"href":"https:\/\/www.webdo.tn\/fr\/wp-json\/wp\/v2\/posts"}],"about":[{"href":"https:\/\/www.webdo.tn\/fr\/wp-json\/wp\/v2\/types\/post"}],"author":[{"embeddable":true,"href":"https:\/\/www.webdo.tn\/fr\/wp-json\/wp\/v2\/users\/3229"}],"replies":[{"embeddable":true,"href":"https:\/\/www.webdo.tn\/fr\/wp-json\/wp\/v2\/comments?post=377059"}],"version-history":[{"count":0,"href":"https:\/\/www.webdo.tn\/fr\/wp-json\/wp\/v2\/posts\/377059\/revisions"}],"wp:featuredmedia":[{"embeddable":true,"href":"https:\/\/www.webdo.tn\/fr\/wp-json\/wp\/v2\/media\/377062"}],"wp:attachment":[{"href":"https:\/\/www.webdo.tn\/fr\/wp-json\/wp\/v2\/media?parent=377059"}],"wp:term":[{"taxonomy":"category","embeddable":true,"href":"https:\/\/www.webdo.tn\/fr\/wp-json\/wp\/v2\/categories?post=377059"},{"taxonomy":"post_tag","embeddable":true,"href":"https:\/\/www.webdo.tn\/fr\/wp-json\/wp\/v2\/tags?post=377059"}],"curies":[{"name":"wp","href":"https:\/\/api.w.org\/{rel}","templated":true}]}}