{"id":377047,"date":"2025-06-10T08:04:09","date_gmt":"2025-06-10T08:04:09","guid":{"rendered":"https:\/\/www.webdo.tn\/fr\/?p=377047"},"modified":"2025-06-10T08:09:20","modified_gmt":"2025-06-10T08:09:20","slug":"abbas-a-macron-le-7-octobre-inacceptable-liberons-les-otages","status":"publish","type":"post","link":"https:\/\/www.webdo.tn\/fr\/actualite\/international\/abbas-a-macron-le-7-octobre-inacceptable-liberons-les-otages\/377047\/","title":{"rendered":"Abbas \u00e0 Macron\u00a0: \u00ab\u00a0Le 7 octobre, inacceptable, lib\u00e9rons les otages\u00a0!\u00a0\u00bb"},"content":{"rendered":"\n<p><\/p>\n\n\n\n<p><strong>Le pr\u00e9sident palestinien Mahmoud Abbas a adress\u00e9 un message \u00e0 son homologue fran\u00e7ais Emmanuel Macron, avant la conf\u00e9rence des Nations unies sur la solution \u00e0 deux \u00c9tats. <\/strong><\/p>\n\n\n\n<p>En effet, dans ce message il exprime son soutien \u00e0 un d\u00e9sarmement du Hamas et \u00e0 la fin de son contr\u00f4le sur Gaza, dans le cadre de la construction d\u2019un futur \u00c9tat palestinien.<\/p>\n\n\n\n<p>Dans cette lettre, \u00e9galement adress\u00e9e au prince h\u00e9ritier saoudien Mohammed ben Salmane \u2014 qui copr\u00e9sidera la conf\u00e9rence sur la solution \u00e0 deux \u00c9tats pr\u00e9vue du 17 au 21 juin \u00e0 New York \u2014 Abbas indique qu\u2019il est \u00ab pr\u00eat \u00e0 inviter des forces arabes et internationales \u00e0 se d\u00e9ployer \u00e0 Gaza dans le cadre d\u2019une mission de stabilisation\/protection sous mandat du Conseil de s\u00e9curit\u00e9 \u00bb.<\/p>\n\n\n\n<p>\u00ab Ce qu\u2019a fait le Hamas en octobre 2023, en tuant et en prenant des civils en otage, est inacceptable \u00bb, a \u00e9crit Abbas, appelant le mouvement \u00e0 lib\u00e9rer imm\u00e9diatement tous les otages, selon l\u2019Agence France-Presse.<\/p>\n\n\n\n<p><\/p>\n","protected":false},"excerpt":{"rendered":"<p>Le pr\u00e9sident palestinien Mahmoud Abbas a adress\u00e9 un message \u00e0 son homologue fran\u00e7ais Emmanuel Macron, avant la conf\u00e9rence des Nations unies sur la solution \u00e0 deux \u00c9tats. En effet, dans ce message il exprime son soutien \u00e0 un d\u00e9sarmement du Hamas et \u00e0 la fin de son contr\u00f4le sur Gaza, dans le cadre de la [&hellip;]<\/p>\n","protected":false},"author":3184,"featured_media":377048,"comment_status":"open","ping_status":"open","sticky":false,"template":"","format":"standard","meta":{"footnotes":""},"categories":[2598],"tags":[],"class_list":["post-377047","post","type-post","status-publish","format-standard","has-post-thumbnail","hentry","category-international"],"yoast_head":"<!-- This site is optimized with the Yoast SEO Premium plugin v27.5 (Yoast SEO v27.5) - https:\/\/yoast.com\/product\/yoast-seo-premium-wordpress\/ -->\n<title>Abbas \u00e0 Macron\u00a0: \u00ab\u00a0Le 7 octobre, inacceptable, lib\u00e9rons les otages\u00a0!\u00a0\u00bb - webdo<\/title>\n<meta name=\"description\" content=\"D\u00e9couvrez le message de Mahmoud Abbas \u00e0 Emmanuel Macron sur le d\u00e9sarmement du Hamas et l&#039;avenir de Gaza avant la conf\u00e9rence des Nations unies.\" \/>\n<link rel=\"canonical\" href=\"https:\/\/www.webdo.tn\/fr\/actualite\/international\/abbas-a-macron-le-7-octobre-inacceptable-liberons-les-otages\/377047\/\" \/>\n<meta property=\"og:locale\" content=\"fr_FR\" \/>\n<meta property=\"og:type\" content=\"article\" \/>\n<meta property=\"og:title\" content=\"Abbas \u00e0 Macron\u00a0: \u00ab\u00a0Le 7 octobre, inacceptable, lib\u00e9rons les otages\u00a0!\u00a0\u00bb\" \/>\n<meta property=\"og:description\" content=\"D\u00e9couvrez le message de Mahmoud Abbas \u00e0 Emmanuel Macron sur le d\u00e9sarmement du Hamas et l&#039;avenir de Gaza avant la conf\u00e9rence des Nations unies.\" \/>\n<meta property=\"og:url\" content=\"https:\/\/www.webdo.tn\/fr\/actualite\/international\/abbas-a-macron-le-7-octobre-inacceptable-liberons-les-otages\/377047\/\" \/>\n<meta property=\"og:site_name\" content=\"webdo\" \/>\n<meta property=\"article:publisher\" content=\"https:\/\/www.facebook.com\/webdotn\" \/>\n<meta property=\"article:published_time\" content=\"2025-06-10T08:04:09+00:00\" \/>\n<meta property=\"article:modified_time\" content=\"2025-06-10T08:09:20+00:00\" \/>\n<meta property=\"og:image\" content=\"https:\/\/www.webdo.tn\/fr\/wp-content\/uploads\/2025\/06\/1749541367.png\" \/>\n\t<meta property=\"og:image:width\" content=\"800\" \/>\n\t<meta property=\"og:image:height\" content=\"483\" \/>\n\t<meta property=\"og:image:type\" content=\"image\/png\" \/>\n<meta name=\"author\" content=\"Wided Belhaj\" \/>\n<meta name=\"twitter:card\" content=\"summary_large_image\" \/>\n<meta name=\"twitter:creator\" content=\"@webdo_tn\" \/>\n<meta name=\"twitter:site\" content=\"@webdo_tn\" \/>\n<meta name=\"twitter:label1\" content=\"\u00c9crit par\" \/>\n\t<meta name=\"twitter:data1\" content=\"Wided Belhaj\" \/>\n\t<meta name=\"twitter:label2\" content=\"Dur\u00e9e de lecture estim\u00e9e\" \/>\n\t<meta name=\"twitter:data2\" content=\"1 minute\" \/>\n<script type=\"application\/ld+json\" class=\"yoast-schema-graph\">{\"@context\":\"https:\\\/\\\/schema.org\",\"@graph\":[{\"@type\":\"NewsArticle\",\"@id\":\"https:\\\/\\\/www.webdo.tn\\\/fr\\\/actualite\\\/international\\\/abbas-a-macron-le-7-octobre-inacceptable-liberons-les-otages\\\/377047\\\/#article\",\"isPartOf\":{\"@id\":\"https:\\\/\\\/www.webdo.tn\\\/fr\\\/actualite\\\/international\\\/abbas-a-macron-le-7-octobre-inacceptable-liberons-les-otages\\\/377047\\\/\"},\"author\":{\"name\":\"Wided Belhaj\",\"@id\":\"https:\\\/\\\/www.webdo.tn\\\/fr\\\/#\\\/schema\\\/person\\\/b9ecde7a5574cb4fcf4b496ea5fadb15\"},\"headline\":\"Abbas \u00e0 Macron\u00a0: \u00ab\u00a0Le 7 octobre, inacceptable, lib\u00e9rons les otages\u00a0!\u00a0\u00bb\",\"datePublished\":\"2025-06-10T08:04:09+00:00\",\"dateModified\":\"2025-06-10T08:09:20+00:00\",\"mainEntityOfPage\":{\"@id\":\"https:\\\/\\\/www.webdo.tn\\\/fr\\\/actualite\\\/international\\\/abbas-a-macron-le-7-octobre-inacceptable-liberons-les-otages\\\/377047\\\/\"},\"wordCount\":172,\"commentCount\":0,\"publisher\":{\"@id\":\"https:\\\/\\\/www.webdo.tn\\\/fr\\\/#organization\"},\"image\":{\"@id\":\"https:\\\/\\\/www.webdo.tn\\\/fr\\\/actualite\\\/international\\\/abbas-a-macron-le-7-octobre-inacceptable-liberons-les-otages\\\/377047\\\/#primaryimage\"},\"thumbnailUrl\":\"https:\\\/\\\/www.webdo.tn\\\/fr\\\/wp-content\\\/uploads\\\/2025\\\/06\\\/1749541367.png\",\"articleSection\":[\"International\"],\"inLanguage\":\"fr-FR\"},{\"@type\":\"WebPage\",\"@id\":\"https:\\\/\\\/www.webdo.tn\\\/fr\\\/actualite\\\/international\\\/abbas-a-macron-le-7-octobre-inacceptable-liberons-les-otages\\\/377047\\\/\",\"url\":\"https:\\\/\\\/www.webdo.tn\\\/fr\\\/actualite\\\/international\\\/abbas-a-macron-le-7-octobre-inacceptable-liberons-les-otages\\\/377047\\\/\",\"name\":\"Abbas \u00e0 Macron\u00a0: \u00ab\u00a0Le 7 octobre, inacceptable, lib\u00e9rons les otages\u00a0!\u00a0\u00bb - webdo\",\"isPartOf\":{\"@id\":\"https:\\\/\\\/www.webdo.tn\\\/fr\\\/#website\"},\"primaryImageOfPage\":{\"@id\":\"https:\\\/\\\/www.webdo.tn\\\/fr\\\/actualite\\\/international\\\/abbas-a-macron-le-7-octobre-inacceptable-liberons-les-otages\\\/377047\\\/#primaryimage\"},\"image\":{\"@id\":\"https:\\\/\\\/www.webdo.tn\\\/fr\\\/actualite\\\/international\\\/abbas-a-macron-le-7-octobre-inacceptable-liberons-les-otages\\\/377047\\\/#primaryimage\"},\"thumbnailUrl\":\"https:\\\/\\\/www.webdo.tn\\\/fr\\\/wp-content\\\/uploads\\\/2025\\\/06\\\/1749541367.png\",\"datePublished\":\"2025-06-10T08:04:09+00:00\",\"dateModified\":\"2025-06-10T08:09:20+00:00\",\"description\":\"D\u00e9couvrez le message de Mahmoud Abbas \u00e0 Emmanuel Macron sur le d\u00e9sarmement du Hamas et l'avenir de Gaza avant la conf\u00e9rence des Nations unies.\",\"breadcrumb\":{\"@id\":\"https:\\\/\\\/www.webdo.tn\\\/fr\\\/actualite\\\/international\\\/abbas-a-macron-le-7-octobre-inacceptable-liberons-les-otages\\\/377047\\\/#breadcrumb\"},\"inLanguage\":\"fr-FR\",\"potentialAction\":[{\"@type\":\"ReadAction\",\"target\":[\"https:\\\/\\\/www.webdo.tn\\\/fr\\\/actualite\\\/international\\\/abbas-a-macron-le-7-octobre-inacceptable-liberons-les-otages\\\/377047\\\/\"]}]},{\"@type\":\"ImageObject\",\"inLanguage\":\"fr-FR\",\"@id\":\"https:\\\/\\\/www.webdo.tn\\\/fr\\\/actualite\\\/international\\\/abbas-a-macron-le-7-octobre-inacceptable-liberons-les-otages\\\/377047\\\/#primaryimage\",\"url\":\"https:\\\/\\\/www.webdo.tn\\\/fr\\\/wp-content\\\/uploads\\\/2025\\\/06\\\/1749541367.png\",\"contentUrl\":\"https:\\\/\\\/www.webdo.tn\\\/fr\\\/wp-content\\\/uploads\\\/2025\\\/06\\\/1749541367.png\",\"width\":800,\"height\":483},{\"@type\":\"BreadcrumbList\",\"@id\":\"https:\\\/\\\/www.webdo.tn\\\/fr\\\/actualite\\\/international\\\/abbas-a-macron-le-7-octobre-inacceptable-liberons-les-otages\\\/377047\\\/#breadcrumb\",\"itemListElement\":[{\"@type\":\"ListItem\",\"position\":1,\"name\":\"Accueil\",\"item\":\"https:\\\/\\\/www.webdo.tn\\\/fr\\\/\"},{\"@type\":\"ListItem\",\"position\":2,\"name\":\"Abbas \u00e0 Macron\u00a0: \u00ab\u00a0Le 7 octobre, inacceptable, lib\u00e9rons les otages\u00a0!\u00a0\u00bb\"}]},{\"@type\":\"WebSite\",\"@id\":\"https:\\\/\\\/www.webdo.tn\\\/fr\\\/#website\",\"url\":\"https:\\\/\\\/www.webdo.tn\\\/fr\\\/\",\"name\":\"webdo\",\"description\":\"Tunisie - News en Tunisie et \u00e0 l&#039;international sur Webdo.tn\",\"publisher\":{\"@id\":\"https:\\\/\\\/www.webdo.tn\\\/fr\\\/#organization\"},\"potentialAction\":[{\"@type\":\"SearchAction\",\"target\":{\"@type\":\"EntryPoint\",\"urlTemplate\":\"https:\\\/\\\/www.webdo.tn\\\/fr\\\/?s={search_term_string}\"},\"query-input\":{\"@type\":\"PropertyValueSpecification\",\"valueRequired\":true,\"valueName\":\"search_term_string\"}}],\"inLanguage\":\"fr-FR\"},{\"@type\":\"Organization\",\"@id\":\"https:\\\/\\\/www.webdo.tn\\\/fr\\\/#organization\",\"name\":\"Webdo\",\"alternateName\":\"Webdo.tn\",\"url\":\"https:\\\/\\\/www.webdo.tn\\\/fr\\\/\",\"logo\":{\"@type\":\"ImageObject\",\"inLanguage\":\"fr-FR\",\"@id\":\"https:\\\/\\\/www.webdo.tn\\\/fr\\\/#\\\/schema\\\/logo\\\/image\\\/\",\"url\":\"https:\\\/\\\/www.webdo.tn\\\/fr\\\/wp-content\\\/uploads\\\/2025\\\/06\\\/Webdo-Tunisie_168377.jpg\",\"contentUrl\":\"https:\\\/\\\/www.webdo.tn\\\/fr\\\/wp-content\\\/uploads\\\/2025\\\/06\\\/Webdo-Tunisie_168377.jpg\",\"width\":301,\"height\":301,\"caption\":\"Webdo\"},\"image\":{\"@id\":\"https:\\\/\\\/www.webdo.tn\\\/fr\\\/#\\\/schema\\\/logo\\\/image\\\/\"},\"sameAs\":[\"https:\\\/\\\/www.facebook.com\\\/webdotn\",\"https:\\\/\\\/x.com\\\/webdo_tn\"],\"description\":\"Webdo est un m\u00e9dia num\u00e9rique tunisien fond\u00e9 en 2010, sp\u00e9cialis\u00e9 dans l\u2019actualit\u00e9 nationale et internationale, l\u2019\u00e9conomie, la soci\u00e9t\u00e9 et les analyses politiques. Le site s\u2019adresse \u00e0 un large public francophone et couvre l\u2019information tunisienne en temps r\u00e9el.\",\"email\":\"redac@webdo.tn\",\"legalName\":\"YNJ SARL\",\"foundingDate\":\"2010-09-06\",\"numberOfEmployees\":{\"@type\":\"QuantitativeValue\",\"minValue\":\"11\",\"maxValue\":\"50\"}},{\"@type\":\"Person\",\"@id\":\"https:\\\/\\\/www.webdo.tn\\\/fr\\\/#\\\/schema\\\/person\\\/b9ecde7a5574cb4fcf4b496ea5fadb15\",\"name\":\"Wided Belhaj\",\"image\":{\"@type\":\"ImageObject\",\"inLanguage\":\"fr-FR\",\"@id\":\"https:\\\/\\\/www.webdo.tn\\\/fr\\\/wp-content\\\/uploads\\\/2026\\\/04\\\/wided-belhaj_avatar-96x96.jpg\",\"url\":\"https:\\\/\\\/www.webdo.tn\\\/fr\\\/wp-content\\\/uploads\\\/2026\\\/04\\\/wided-belhaj_avatar-96x96.jpg\",\"contentUrl\":\"https:\\\/\\\/www.webdo.tn\\\/fr\\\/wp-content\\\/uploads\\\/2026\\\/04\\\/wided-belhaj_avatar-96x96.jpg\",\"caption\":\"Wided Belhaj\"},\"description\":\"Wided Belhaj est le pseudonyme \u00e9ditorial utilis\u00e9 par Khalil Jelassi, journaliste, ma\u00eetre-assistant \u00e0 l\u2019Institut de presse et des sciences de l\u2019information (IPSI) et chercheur en sciences de l\u2019information et de la communication. Cette signature est d\u00e9di\u00e9e \u00e0 l\u2019analyse des m\u00e9dias, des pratiques journalistiques et des mutations de l\u2019information \u00e0 l\u2019\u00e8re digitale. \u00c0 travers ses contributions, Wided Belhaj propose une lecture analytique de l\u2019actualit\u00e9, en croisant regard critique et expertise acad\u00e9mique.\",\"knowsAbout\":[\"m\u00e9dias\",\"journalisme\",\"communication\",\"information\",\"transformation num\u00e9rique\",\"analyse des m\u00e9dias\"],\"knowsLanguage\":[\"Fran\u00e7ais\",\"Arabe\"],\"jobTitle\":\"Webdo.tn\",\"worksFor\":\"Journaliste \u2013 Analyse des m\u00e9dias\",\"url\":\"https:\\\/\\\/www.webdo.tn\\\/fr\\\/actualite\\\/author\\\/wided-belhaj\\\/\"}]}<\/script>\n<!-- \/ Yoast SEO Premium plugin. -->","yoast_head_json":{"title":"Abbas \u00e0 Macron\u00a0: \u00ab\u00a0Le 7 octobre, inacceptable, lib\u00e9rons les otages\u00a0!\u00a0\u00bb - webdo","description":"D\u00e9couvrez le message de Mahmoud Abbas \u00e0 Emmanuel Macron sur le d\u00e9sarmement du Hamas et l'avenir de Gaza avant la conf\u00e9rence des Nations unies.","canonical":"https:\/\/www.webdo.tn\/fr\/actualite\/international\/abbas-a-macron-le-7-octobre-inacceptable-liberons-les-otages\/377047\/","og_locale":"fr_FR","og_type":"article","og_title":"Abbas \u00e0 Macron\u00a0: \u00ab\u00a0Le 7 octobre, inacceptable, lib\u00e9rons les otages\u00a0!\u00a0\u00bb","og_description":"D\u00e9couvrez le message de Mahmoud Abbas \u00e0 Emmanuel Macron sur le d\u00e9sarmement du Hamas et l'avenir de Gaza avant la conf\u00e9rence des Nations unies.","og_url":"https:\/\/www.webdo.tn\/fr\/actualite\/international\/abbas-a-macron-le-7-octobre-inacceptable-liberons-les-otages\/377047\/","og_site_name":"webdo","article_publisher":"https:\/\/www.facebook.com\/webdotn","article_published_time":"2025-06-10T08:04:09+00:00","article_modified_time":"2025-06-10T08:09:20+00:00","og_image":[{"width":800,"height":483,"url":"https:\/\/www.webdo.tn\/fr\/wp-content\/uploads\/2025\/06\/1749541367.png","type":"image\/png"}],"author":"Wided Belhaj","twitter_card":"summary_large_image","twitter_creator":"@webdo_tn","twitter_site":"@webdo_tn","twitter_misc":{"\u00c9crit par":"Wided Belhaj","Dur\u00e9e de lecture estim\u00e9e":"1 minute"},"schema":{"@context":"https:\/\/schema.org","@graph":[{"@type":"NewsArticle","@id":"https:\/\/www.webdo.tn\/fr\/actualite\/international\/abbas-a-macron-le-7-octobre-inacceptable-liberons-les-otages\/377047\/#article","isPartOf":{"@id":"https:\/\/www.webdo.tn\/fr\/actualite\/international\/abbas-a-macron-le-7-octobre-inacceptable-liberons-les-otages\/377047\/"},"author":{"name":"Wided Belhaj","@id":"https:\/\/www.webdo.tn\/fr\/#\/schema\/person\/b9ecde7a5574cb4fcf4b496ea5fadb15"},"headline":"Abbas \u00e0 Macron\u00a0: \u00ab\u00a0Le 7 octobre, inacceptable, lib\u00e9rons les otages\u00a0!\u00a0\u00bb","datePublished":"2025-06-10T08:04:09+00:00","dateModified":"2025-06-10T08:09:20+00:00","mainEntityOfPage":{"@id":"https:\/\/www.webdo.tn\/fr\/actualite\/international\/abbas-a-macron-le-7-octobre-inacceptable-liberons-les-otages\/377047\/"},"wordCount":172,"commentCount":0,"publisher":{"@id":"https:\/\/www.webdo.tn\/fr\/#organization"},"image":{"@id":"https:\/\/www.webdo.tn\/fr\/actualite\/international\/abbas-a-macron-le-7-octobre-inacceptable-liberons-les-otages\/377047\/#primaryimage"},"thumbnailUrl":"https:\/\/www.webdo.tn\/fr\/wp-content\/uploads\/2025\/06\/1749541367.png","articleSection":["International"],"inLanguage":"fr-FR"},{"@type":"WebPage","@id":"https:\/\/www.webdo.tn\/fr\/actualite\/international\/abbas-a-macron-le-7-octobre-inacceptable-liberons-les-otages\/377047\/","url":"https:\/\/www.webdo.tn\/fr\/actualite\/international\/abbas-a-macron-le-7-octobre-inacceptable-liberons-les-otages\/377047\/","name":"Abbas \u00e0 Macron\u00a0: \u00ab\u00a0Le 7 octobre, inacceptable, lib\u00e9rons les otages\u00a0!\u00a0\u00bb - webdo","isPartOf":{"@id":"https:\/\/www.webdo.tn\/fr\/#website"},"primaryImageOfPage":{"@id":"https:\/\/www.webdo.tn\/fr\/actualite\/international\/abbas-a-macron-le-7-octobre-inacceptable-liberons-les-otages\/377047\/#primaryimage"},"image":{"@id":"https:\/\/www.webdo.tn\/fr\/actualite\/international\/abbas-a-macron-le-7-octobre-inacceptable-liberons-les-otages\/377047\/#primaryimage"},"thumbnailUrl":"https:\/\/www.webdo.tn\/fr\/wp-content\/uploads\/2025\/06\/1749541367.png","datePublished":"2025-06-10T08:04:09+00:00","dateModified":"2025-06-10T08:09:20+00:00","description":"D\u00e9couvrez le message de Mahmoud Abbas \u00e0 Emmanuel Macron sur le d\u00e9sarmement du Hamas et l'avenir de Gaza avant la conf\u00e9rence des Nations unies.","breadcrumb":{"@id":"https:\/\/www.webdo.tn\/fr\/actualite\/international\/abbas-a-macron-le-7-octobre-inacceptable-liberons-les-otages\/377047\/#breadcrumb"},"inLanguage":"fr-FR","potentialAction":[{"@type":"ReadAction","target":["https:\/\/www.webdo.tn\/fr\/actualite\/international\/abbas-a-macron-le-7-octobre-inacceptable-liberons-les-otages\/377047\/"]}]},{"@type":"ImageObject","inLanguage":"fr-FR","@id":"https:\/\/www.webdo.tn\/fr\/actualite\/international\/abbas-a-macron-le-7-octobre-inacceptable-liberons-les-otages\/377047\/#primaryimage","url":"https:\/\/www.webdo.tn\/fr\/wp-content\/uploads\/2025\/06\/1749541367.png","contentUrl":"https:\/\/www.webdo.tn\/fr\/wp-content\/uploads\/2025\/06\/1749541367.png","width":800,"height":483},{"@type":"BreadcrumbList","@id":"https:\/\/www.webdo.tn\/fr\/actualite\/international\/abbas-a-macron-le-7-octobre-inacceptable-liberons-les-otages\/377047\/#breadcrumb","itemListElement":[{"@type":"ListItem","position":1,"name":"Accueil","item":"https:\/\/www.webdo.tn\/fr\/"},{"@type":"ListItem","position":2,"name":"Abbas \u00e0 Macron\u00a0: \u00ab\u00a0Le 7 octobre, inacceptable, lib\u00e9rons les otages\u00a0!\u00a0\u00bb"}]},{"@type":"WebSite","@id":"https:\/\/www.webdo.tn\/fr\/#website","url":"https:\/\/www.webdo.tn\/fr\/","name":"webdo","description":"Tunisie - News en Tunisie et \u00e0 l&#039;international sur Webdo.tn","publisher":{"@id":"https:\/\/www.webdo.tn\/fr\/#organization"},"potentialAction":[{"@type":"SearchAction","target":{"@type":"EntryPoint","urlTemplate":"https:\/\/www.webdo.tn\/fr\/?s={search_term_string}"},"query-input":{"@type":"PropertyValueSpecification","valueRequired":true,"valueName":"search_term_string"}}],"inLanguage":"fr-FR"},{"@type":"Organization","@id":"https:\/\/www.webdo.tn\/fr\/#organization","name":"Webdo","alternateName":"Webdo.tn","url":"https:\/\/www.webdo.tn\/fr\/","logo":{"@type":"ImageObject","inLanguage":"fr-FR","@id":"https:\/\/www.webdo.tn\/fr\/#\/schema\/logo\/image\/","url":"https:\/\/www.webdo.tn\/fr\/wp-content\/uploads\/2025\/06\/Webdo-Tunisie_168377.jpg","contentUrl":"https:\/\/www.webdo.tn\/fr\/wp-content\/uploads\/2025\/06\/Webdo-Tunisie_168377.jpg","width":301,"height":301,"caption":"Webdo"},"image":{"@id":"https:\/\/www.webdo.tn\/fr\/#\/schema\/logo\/image\/"},"sameAs":["https:\/\/www.facebook.com\/webdotn","https:\/\/x.com\/webdo_tn"],"description":"Webdo est un m\u00e9dia num\u00e9rique tunisien fond\u00e9 en 2010, sp\u00e9cialis\u00e9 dans l\u2019actualit\u00e9 nationale et internationale, l\u2019\u00e9conomie, la soci\u00e9t\u00e9 et les analyses politiques. Le site s\u2019adresse \u00e0 un large public francophone et couvre l\u2019information tunisienne en temps r\u00e9el.","email":"redac@webdo.tn","legalName":"YNJ SARL","foundingDate":"2010-09-06","numberOfEmployees":{"@type":"QuantitativeValue","minValue":"11","maxValue":"50"}},{"@type":"Person","@id":"https:\/\/www.webdo.tn\/fr\/#\/schema\/person\/b9ecde7a5574cb4fcf4b496ea5fadb15","name":"Wided Belhaj","image":{"@type":"ImageObject","inLanguage":"fr-FR","@id":"https:\/\/www.webdo.tn\/fr\/wp-content\/uploads\/2026\/04\/wided-belhaj_avatar-96x96.jpg","url":"https:\/\/www.webdo.tn\/fr\/wp-content\/uploads\/2026\/04\/wided-belhaj_avatar-96x96.jpg","contentUrl":"https:\/\/www.webdo.tn\/fr\/wp-content\/uploads\/2026\/04\/wided-belhaj_avatar-96x96.jpg","caption":"Wided Belhaj"},"description":"Wided Belhaj est le pseudonyme \u00e9ditorial utilis\u00e9 par Khalil Jelassi, journaliste, ma\u00eetre-assistant \u00e0 l\u2019Institut de presse et des sciences de l\u2019information (IPSI) et chercheur en sciences de l\u2019information et de la communication. Cette signature est d\u00e9di\u00e9e \u00e0 l\u2019analyse des m\u00e9dias, des pratiques journalistiques et des mutations de l\u2019information \u00e0 l\u2019\u00e8re digitale. \u00c0 travers ses contributions, Wided Belhaj propose une lecture analytique de l\u2019actualit\u00e9, en croisant regard critique et expertise acad\u00e9mique.","knowsAbout":["m\u00e9dias","journalisme","communication","information","transformation num\u00e9rique","analyse des m\u00e9dias"],"knowsLanguage":["Fran\u00e7ais","Arabe"],"jobTitle":"Webdo.tn","worksFor":"Journaliste \u2013 Analyse des m\u00e9dias","url":"https:\/\/www.webdo.tn\/fr\/actualite\/author\/wided-belhaj\/"}]}},"_links":{"self":[{"href":"https:\/\/www.webdo.tn\/fr\/wp-json\/wp\/v2\/posts\/377047","targetHints":{"allow":["GET"]}}],"collection":[{"href":"https:\/\/www.webdo.tn\/fr\/wp-json\/wp\/v2\/posts"}],"about":[{"href":"https:\/\/www.webdo.tn\/fr\/wp-json\/wp\/v2\/types\/post"}],"author":[{"embeddable":true,"href":"https:\/\/www.webdo.tn\/fr\/wp-json\/wp\/v2\/users\/3184"}],"replies":[{"embeddable":true,"href":"https:\/\/www.webdo.tn\/fr\/wp-json\/wp\/v2\/comments?post=377047"}],"version-history":[{"count":0,"href":"https:\/\/www.webdo.tn\/fr\/wp-json\/wp\/v2\/posts\/377047\/revisions"}],"wp:featuredmedia":[{"embeddable":true,"href":"https:\/\/www.webdo.tn\/fr\/wp-json\/wp\/v2\/media\/377048"}],"wp:attachment":[{"href":"https:\/\/www.webdo.tn\/fr\/wp-json\/wp\/v2\/media?parent=377047"}],"wp:term":[{"taxonomy":"category","embeddable":true,"href":"https:\/\/www.webdo.tn\/fr\/wp-json\/wp\/v2\/categories?post=377047"},{"taxonomy":"post_tag","embeddable":true,"href":"https:\/\/www.webdo.tn\/fr\/wp-json\/wp\/v2\/tags?post=377047"}],"curies":[{"name":"wp","href":"https:\/\/api.w.org\/{rel}","templated":true}]}}