{"id":377036,"date":"2025-06-10T06:46:27","date_gmt":"2025-06-10T06:46:27","guid":{"rendered":"https:\/\/www.webdo.tn\/fr\/?p=377036"},"modified":"2025-06-10T17:57:21","modified_gmt":"2025-06-10T16:57:21","slug":"de-tunis-a-gaza-la-caravane-essoumoud-entre-en-libye-cap-sur-rafah","status":"publish","type":"post","link":"https:\/\/www.webdo.tn\/fr\/actualite\/national\/de-tunis-a-gaza-la-caravane-essoumoud-entre-en-libye-cap-sur-rafah\/377036\/","title":{"rendered":"De Tunis \u00e0 Gaza : La caravane Essoumoud entre en Libye, cap sur Rafah"},"content":{"rendered":"\n<p><strong>L\u2019aventure humanitaire prend un tournant d\u00e9cisif. La caravane Essoumoud, partie la veille de l\u2019avenue Habib Bourguiba \u00e0 Tunis, vient de franchir la fronti\u00e8re tuniso-libyenne au poste de Ras Jedir, marquant ainsi une nouvelle \u00e9tape dans son p\u00e9riple vers la bande de Gaza.<\/strong><\/p>\n\n\n\n<p>Cette initiative populaire, baptis\u00e9e \u00ab <em>Essoumoud<\/em> \u00bb \u2013 la rr\u00e9silience \u2013, rassemble des centaines de citoyens tunisiens et alg\u00e9riens, des militants associatifs, des journalistes, des m\u00e9decins et des artistes, tous engag\u00e9s dans une cause unique : <strong>briser symboliquement le blocus impos\u00e9 \u00e0 Gaza et acheminer une aide humanitaire<\/strong> en territoire palestinien.<\/p>\n\n\n\n<p>En effet, ce matin les premiers v\u00e9hicules franchissent le poste frontalier, salu\u00e9s par une foule de Libyens venus exprimer leur solidarit\u00e9, rapporte un journaliste libyen.<\/p>\n\n\n\n<p>Compos\u00e9e d\u2019une soixantaine de v\u00e9hicules, la caravane transporte <strong>des m\u00e9dicaments, du mat\u00e9riel m\u00e9dical, des produits de premi\u00e8re n\u00e9cessit\u00e9<\/strong>, mais aussi des messages de paix et de soutien adress\u00e9s aux Palestiniens de Gaza. La coordination est assur\u00e9e par un collectif d\u2019ONG, en lien avec des partenaires en \u00c9gypte et en Palestine.<\/p>\n","protected":false},"excerpt":{"rendered":"<p>L\u2019aventure humanitaire prend un tournant d\u00e9cisif. La caravane Essoumoud, partie la veille de l\u2019avenue Habib Bourguiba \u00e0 Tunis, vient de franchir la fronti\u00e8re tuniso-libyenne au poste de Ras Jedir, marquant ainsi une nouvelle \u00e9tape dans son p\u00e9riple vers la bande de Gaza. Cette initiative populaire, baptis\u00e9e \u00ab Essoumoud \u00bb \u2013 la rr\u00e9silience \u2013, rassemble des [&hellip;]<\/p>\n","protected":false},"author":3184,"featured_media":377039,"comment_status":"open","ping_status":"open","sticky":false,"template":"","format":"standard","meta":{"footnotes":""},"categories":[44],"tags":[],"class_list":["post-377036","post","type-post","status-publish","format-standard","has-post-thumbnail","hentry","category-national"],"yoast_head":"<!-- This site is optimized with the Yoast SEO Premium plugin v27.5 (Yoast SEO v27.5) - https:\/\/yoast.com\/product\/yoast-seo-premium-wordpress\/ -->\n<title>De Tunis \u00e0 Gaza : La caravane Essoumoud entre en Libye, cap sur Rafah - webdo<\/title>\n<link rel=\"canonical\" href=\"https:\/\/www.webdo.tn\/fr\/actualite\/national\/de-tunis-a-gaza-la-caravane-essoumoud-entre-en-libye-cap-sur-rafah\/377036\/\" \/>\n<meta property=\"og:locale\" content=\"fr_FR\" \/>\n<meta property=\"og:type\" content=\"article\" \/>\n<meta property=\"og:title\" content=\"De Tunis \u00e0 Gaza : La caravane Essoumoud entre en Libye, cap sur Rafah\" \/>\n<meta property=\"og:description\" content=\"L\u2019aventure humanitaire prend un tournant d\u00e9cisif. La caravane Essoumoud, partie la veille de l\u2019avenue Habib Bourguiba \u00e0 Tunis, vient de franchir la fronti\u00e8re tuniso-libyenne au poste de Ras Jedir, marquant ainsi une nouvelle \u00e9tape dans son p\u00e9riple vers la bande de Gaza. Cette initiative populaire, baptis\u00e9e \u00ab Essoumoud \u00bb \u2013 la rr\u00e9silience \u2013, rassemble des [&hellip;]\" \/>\n<meta property=\"og:url\" content=\"https:\/\/www.webdo.tn\/fr\/actualite\/national\/de-tunis-a-gaza-la-caravane-essoumoud-entre-en-libye-cap-sur-rafah\/377036\/\" \/>\n<meta property=\"og:site_name\" content=\"webdo\" \/>\n<meta property=\"article:publisher\" content=\"https:\/\/www.facebook.com\/webdotn\" \/>\n<meta property=\"article:published_time\" content=\"2025-06-10T06:46:27+00:00\" \/>\n<meta property=\"article:modified_time\" content=\"2025-06-10T16:57:21+00:00\" \/>\n<meta property=\"og:image\" content=\"https:\/\/www.webdo.tn\/fr\/wp-content\/uploads\/2025\/06\/504875032_10231897714479274_1248140764184029896_n.jpg\" \/>\n\t<meta property=\"og:image:width\" content=\"2048\" \/>\n\t<meta property=\"og:image:height\" content=\"1536\" \/>\n\t<meta property=\"og:image:type\" content=\"image\/jpeg\" \/>\n<meta name=\"author\" content=\"Wided Belhaj\" \/>\n<meta name=\"twitter:card\" content=\"summary_large_image\" \/>\n<meta name=\"twitter:creator\" content=\"@webdo_tn\" \/>\n<meta name=\"twitter:site\" content=\"@webdo_tn\" \/>\n<meta name=\"twitter:label1\" content=\"\u00c9crit par\" \/>\n\t<meta name=\"twitter:data1\" content=\"Wided Belhaj\" \/>\n\t<meta name=\"twitter:label2\" content=\"Dur\u00e9e de lecture estim\u00e9e\" \/>\n\t<meta name=\"twitter:data2\" content=\"2 minutes\" \/>\n<script type=\"application\/ld+json\" class=\"yoast-schema-graph\">{\"@context\":\"https:\\\/\\\/schema.org\",\"@graph\":[{\"@type\":\"NewsArticle\",\"@id\":\"https:\\\/\\\/www.webdo.tn\\\/fr\\\/actualite\\\/national\\\/de-tunis-a-gaza-la-caravane-essoumoud-entre-en-libye-cap-sur-rafah\\\/377036\\\/#article\",\"isPartOf\":{\"@id\":\"https:\\\/\\\/www.webdo.tn\\\/fr\\\/actualite\\\/national\\\/de-tunis-a-gaza-la-caravane-essoumoud-entre-en-libye-cap-sur-rafah\\\/377036\\\/\"},\"author\":{\"name\":\"Wided Belhaj\",\"@id\":\"https:\\\/\\\/www.webdo.tn\\\/fr\\\/#\\\/schema\\\/person\\\/b9ecde7a5574cb4fcf4b496ea5fadb15\"},\"headline\":\"De Tunis \u00e0 Gaza : La caravane Essoumoud entre en Libye, cap sur Rafah\",\"datePublished\":\"2025-06-10T06:46:27+00:00\",\"dateModified\":\"2025-06-10T16:57:21+00:00\",\"mainEntityOfPage\":{\"@id\":\"https:\\\/\\\/www.webdo.tn\\\/fr\\\/actualite\\\/national\\\/de-tunis-a-gaza-la-caravane-essoumoud-entre-en-libye-cap-sur-rafah\\\/377036\\\/\"},\"wordCount\":196,\"commentCount\":0,\"publisher\":{\"@id\":\"https:\\\/\\\/www.webdo.tn\\\/fr\\\/#organization\"},\"image\":{\"@id\":\"https:\\\/\\\/www.webdo.tn\\\/fr\\\/actualite\\\/national\\\/de-tunis-a-gaza-la-caravane-essoumoud-entre-en-libye-cap-sur-rafah\\\/377036\\\/#primaryimage\"},\"thumbnailUrl\":\"https:\\\/\\\/www.webdo.tn\\\/fr\\\/wp-content\\\/uploads\\\/2025\\\/06\\\/504875032_10231897714479274_1248140764184029896_n.jpg\",\"articleSection\":[\"National\"],\"inLanguage\":\"fr-FR\"},{\"@type\":\"WebPage\",\"@id\":\"https:\\\/\\\/www.webdo.tn\\\/fr\\\/actualite\\\/national\\\/de-tunis-a-gaza-la-caravane-essoumoud-entre-en-libye-cap-sur-rafah\\\/377036\\\/\",\"url\":\"https:\\\/\\\/www.webdo.tn\\\/fr\\\/actualite\\\/national\\\/de-tunis-a-gaza-la-caravane-essoumoud-entre-en-libye-cap-sur-rafah\\\/377036\\\/\",\"name\":\"De Tunis \u00e0 Gaza : La caravane Essoumoud entre en Libye, cap sur Rafah - webdo\",\"isPartOf\":{\"@id\":\"https:\\\/\\\/www.webdo.tn\\\/fr\\\/#website\"},\"primaryImageOfPage\":{\"@id\":\"https:\\\/\\\/www.webdo.tn\\\/fr\\\/actualite\\\/national\\\/de-tunis-a-gaza-la-caravane-essoumoud-entre-en-libye-cap-sur-rafah\\\/377036\\\/#primaryimage\"},\"image\":{\"@id\":\"https:\\\/\\\/www.webdo.tn\\\/fr\\\/actualite\\\/national\\\/de-tunis-a-gaza-la-caravane-essoumoud-entre-en-libye-cap-sur-rafah\\\/377036\\\/#primaryimage\"},\"thumbnailUrl\":\"https:\\\/\\\/www.webdo.tn\\\/fr\\\/wp-content\\\/uploads\\\/2025\\\/06\\\/504875032_10231897714479274_1248140764184029896_n.jpg\",\"datePublished\":\"2025-06-10T06:46:27+00:00\",\"dateModified\":\"2025-06-10T16:57:21+00:00\",\"breadcrumb\":{\"@id\":\"https:\\\/\\\/www.webdo.tn\\\/fr\\\/actualite\\\/national\\\/de-tunis-a-gaza-la-caravane-essoumoud-entre-en-libye-cap-sur-rafah\\\/377036\\\/#breadcrumb\"},\"inLanguage\":\"fr-FR\",\"potentialAction\":[{\"@type\":\"ReadAction\",\"target\":[\"https:\\\/\\\/www.webdo.tn\\\/fr\\\/actualite\\\/national\\\/de-tunis-a-gaza-la-caravane-essoumoud-entre-en-libye-cap-sur-rafah\\\/377036\\\/\"]}]},{\"@type\":\"ImageObject\",\"inLanguage\":\"fr-FR\",\"@id\":\"https:\\\/\\\/www.webdo.tn\\\/fr\\\/actualite\\\/national\\\/de-tunis-a-gaza-la-caravane-essoumoud-entre-en-libye-cap-sur-rafah\\\/377036\\\/#primaryimage\",\"url\":\"https:\\\/\\\/www.webdo.tn\\\/fr\\\/wp-content\\\/uploads\\\/2025\\\/06\\\/504875032_10231897714479274_1248140764184029896_n.jpg\",\"contentUrl\":\"https:\\\/\\\/www.webdo.tn\\\/fr\\\/wp-content\\\/uploads\\\/2025\\\/06\\\/504875032_10231897714479274_1248140764184029896_n.jpg\",\"width\":2048,\"height\":1536},{\"@type\":\"BreadcrumbList\",\"@id\":\"https:\\\/\\\/www.webdo.tn\\\/fr\\\/actualite\\\/national\\\/de-tunis-a-gaza-la-caravane-essoumoud-entre-en-libye-cap-sur-rafah\\\/377036\\\/#breadcrumb\",\"itemListElement\":[{\"@type\":\"ListItem\",\"position\":1,\"name\":\"Accueil\",\"item\":\"https:\\\/\\\/www.webdo.tn\\\/fr\\\/\"},{\"@type\":\"ListItem\",\"position\":2,\"name\":\"De Tunis \u00e0 Gaza : La caravane Essoumoud entre en Libye, cap sur Rafah\"}]},{\"@type\":\"WebSite\",\"@id\":\"https:\\\/\\\/www.webdo.tn\\\/fr\\\/#website\",\"url\":\"https:\\\/\\\/www.webdo.tn\\\/fr\\\/\",\"name\":\"webdo\",\"description\":\"Tunisie - News en Tunisie et \u00e0 l&#039;international sur Webdo.tn\",\"publisher\":{\"@id\":\"https:\\\/\\\/www.webdo.tn\\\/fr\\\/#organization\"},\"potentialAction\":[{\"@type\":\"SearchAction\",\"target\":{\"@type\":\"EntryPoint\",\"urlTemplate\":\"https:\\\/\\\/www.webdo.tn\\\/fr\\\/?s={search_term_string}\"},\"query-input\":{\"@type\":\"PropertyValueSpecification\",\"valueRequired\":true,\"valueName\":\"search_term_string\"}}],\"inLanguage\":\"fr-FR\"},{\"@type\":\"Organization\",\"@id\":\"https:\\\/\\\/www.webdo.tn\\\/fr\\\/#organization\",\"name\":\"Webdo\",\"alternateName\":\"Webdo.tn\",\"url\":\"https:\\\/\\\/www.webdo.tn\\\/fr\\\/\",\"logo\":{\"@type\":\"ImageObject\",\"inLanguage\":\"fr-FR\",\"@id\":\"https:\\\/\\\/www.webdo.tn\\\/fr\\\/#\\\/schema\\\/logo\\\/image\\\/\",\"url\":\"https:\\\/\\\/www.webdo.tn\\\/fr\\\/wp-content\\\/uploads\\\/2025\\\/06\\\/Webdo-Tunisie_168377.jpg\",\"contentUrl\":\"https:\\\/\\\/www.webdo.tn\\\/fr\\\/wp-content\\\/uploads\\\/2025\\\/06\\\/Webdo-Tunisie_168377.jpg\",\"width\":301,\"height\":301,\"caption\":\"Webdo\"},\"image\":{\"@id\":\"https:\\\/\\\/www.webdo.tn\\\/fr\\\/#\\\/schema\\\/logo\\\/image\\\/\"},\"sameAs\":[\"https:\\\/\\\/www.facebook.com\\\/webdotn\",\"https:\\\/\\\/x.com\\\/webdo_tn\"],\"description\":\"Webdo est un m\u00e9dia num\u00e9rique tunisien fond\u00e9 en 2010, sp\u00e9cialis\u00e9 dans l\u2019actualit\u00e9 nationale et internationale, l\u2019\u00e9conomie, la soci\u00e9t\u00e9 et les analyses politiques. Le site s\u2019adresse \u00e0 un large public francophone et couvre l\u2019information tunisienne en temps r\u00e9el.\",\"email\":\"redac@webdo.tn\",\"legalName\":\"YNJ SARL\",\"foundingDate\":\"2010-09-06\",\"numberOfEmployees\":{\"@type\":\"QuantitativeValue\",\"minValue\":\"11\",\"maxValue\":\"50\"}},{\"@type\":\"Person\",\"@id\":\"https:\\\/\\\/www.webdo.tn\\\/fr\\\/#\\\/schema\\\/person\\\/b9ecde7a5574cb4fcf4b496ea5fadb15\",\"name\":\"Wided Belhaj\",\"image\":{\"@type\":\"ImageObject\",\"inLanguage\":\"fr-FR\",\"@id\":\"https:\\\/\\\/www.webdo.tn\\\/fr\\\/wp-content\\\/uploads\\\/2026\\\/04\\\/wided-belhaj_avatar-96x96.jpg\",\"url\":\"https:\\\/\\\/www.webdo.tn\\\/fr\\\/wp-content\\\/uploads\\\/2026\\\/04\\\/wided-belhaj_avatar-96x96.jpg\",\"contentUrl\":\"https:\\\/\\\/www.webdo.tn\\\/fr\\\/wp-content\\\/uploads\\\/2026\\\/04\\\/wided-belhaj_avatar-96x96.jpg\",\"caption\":\"Wided Belhaj\"},\"description\":\"Wided Belhaj est le pseudonyme \u00e9ditorial utilis\u00e9 par Khalil Jelassi, journaliste, ma\u00eetre-assistant \u00e0 l\u2019Institut de presse et des sciences de l\u2019information (IPSI) et chercheur en sciences de l\u2019information et de la communication. Cette signature est d\u00e9di\u00e9e \u00e0 l\u2019analyse des m\u00e9dias, des pratiques journalistiques et des mutations de l\u2019information \u00e0 l\u2019\u00e8re digitale. \u00c0 travers ses contributions, Wided Belhaj propose une lecture analytique de l\u2019actualit\u00e9, en croisant regard critique et expertise acad\u00e9mique.\",\"knowsAbout\":[\"m\u00e9dias\",\"journalisme\",\"communication\",\"information\",\"transformation num\u00e9rique\",\"analyse des m\u00e9dias\"],\"knowsLanguage\":[\"Fran\u00e7ais\",\"Arabe\"],\"jobTitle\":\"Webdo.tn\",\"worksFor\":\"Journaliste \u2013 Analyse des m\u00e9dias\",\"url\":\"https:\\\/\\\/www.webdo.tn\\\/fr\\\/actualite\\\/author\\\/wided-belhaj\\\/\"}]}<\/script>\n<!-- \/ Yoast SEO Premium plugin. -->","yoast_head_json":{"title":"De Tunis \u00e0 Gaza : La caravane Essoumoud entre en Libye, cap sur Rafah - webdo","canonical":"https:\/\/www.webdo.tn\/fr\/actualite\/national\/de-tunis-a-gaza-la-caravane-essoumoud-entre-en-libye-cap-sur-rafah\/377036\/","og_locale":"fr_FR","og_type":"article","og_title":"De Tunis \u00e0 Gaza : La caravane Essoumoud entre en Libye, cap sur Rafah","og_description":"L\u2019aventure humanitaire prend un tournant d\u00e9cisif. La caravane Essoumoud, partie la veille de l\u2019avenue Habib Bourguiba \u00e0 Tunis, vient de franchir la fronti\u00e8re tuniso-libyenne au poste de Ras Jedir, marquant ainsi une nouvelle \u00e9tape dans son p\u00e9riple vers la bande de Gaza. Cette initiative populaire, baptis\u00e9e \u00ab Essoumoud \u00bb \u2013 la rr\u00e9silience \u2013, rassemble des [&hellip;]","og_url":"https:\/\/www.webdo.tn\/fr\/actualite\/national\/de-tunis-a-gaza-la-caravane-essoumoud-entre-en-libye-cap-sur-rafah\/377036\/","og_site_name":"webdo","article_publisher":"https:\/\/www.facebook.com\/webdotn","article_published_time":"2025-06-10T06:46:27+00:00","article_modified_time":"2025-06-10T16:57:21+00:00","og_image":[{"width":2048,"height":1536,"url":"https:\/\/www.webdo.tn\/fr\/wp-content\/uploads\/2025\/06\/504875032_10231897714479274_1248140764184029896_n.jpg","type":"image\/jpeg"}],"author":"Wided Belhaj","twitter_card":"summary_large_image","twitter_creator":"@webdo_tn","twitter_site":"@webdo_tn","twitter_misc":{"\u00c9crit par":"Wided Belhaj","Dur\u00e9e de lecture estim\u00e9e":"2 minutes"},"schema":{"@context":"https:\/\/schema.org","@graph":[{"@type":"NewsArticle","@id":"https:\/\/www.webdo.tn\/fr\/actualite\/national\/de-tunis-a-gaza-la-caravane-essoumoud-entre-en-libye-cap-sur-rafah\/377036\/#article","isPartOf":{"@id":"https:\/\/www.webdo.tn\/fr\/actualite\/national\/de-tunis-a-gaza-la-caravane-essoumoud-entre-en-libye-cap-sur-rafah\/377036\/"},"author":{"name":"Wided Belhaj","@id":"https:\/\/www.webdo.tn\/fr\/#\/schema\/person\/b9ecde7a5574cb4fcf4b496ea5fadb15"},"headline":"De Tunis \u00e0 Gaza : La caravane Essoumoud entre en Libye, cap sur Rafah","datePublished":"2025-06-10T06:46:27+00:00","dateModified":"2025-06-10T16:57:21+00:00","mainEntityOfPage":{"@id":"https:\/\/www.webdo.tn\/fr\/actualite\/national\/de-tunis-a-gaza-la-caravane-essoumoud-entre-en-libye-cap-sur-rafah\/377036\/"},"wordCount":196,"commentCount":0,"publisher":{"@id":"https:\/\/www.webdo.tn\/fr\/#organization"},"image":{"@id":"https:\/\/www.webdo.tn\/fr\/actualite\/national\/de-tunis-a-gaza-la-caravane-essoumoud-entre-en-libye-cap-sur-rafah\/377036\/#primaryimage"},"thumbnailUrl":"https:\/\/www.webdo.tn\/fr\/wp-content\/uploads\/2025\/06\/504875032_10231897714479274_1248140764184029896_n.jpg","articleSection":["National"],"inLanguage":"fr-FR"},{"@type":"WebPage","@id":"https:\/\/www.webdo.tn\/fr\/actualite\/national\/de-tunis-a-gaza-la-caravane-essoumoud-entre-en-libye-cap-sur-rafah\/377036\/","url":"https:\/\/www.webdo.tn\/fr\/actualite\/national\/de-tunis-a-gaza-la-caravane-essoumoud-entre-en-libye-cap-sur-rafah\/377036\/","name":"De Tunis \u00e0 Gaza : La caravane Essoumoud entre en Libye, cap sur Rafah - webdo","isPartOf":{"@id":"https:\/\/www.webdo.tn\/fr\/#website"},"primaryImageOfPage":{"@id":"https:\/\/www.webdo.tn\/fr\/actualite\/national\/de-tunis-a-gaza-la-caravane-essoumoud-entre-en-libye-cap-sur-rafah\/377036\/#primaryimage"},"image":{"@id":"https:\/\/www.webdo.tn\/fr\/actualite\/national\/de-tunis-a-gaza-la-caravane-essoumoud-entre-en-libye-cap-sur-rafah\/377036\/#primaryimage"},"thumbnailUrl":"https:\/\/www.webdo.tn\/fr\/wp-content\/uploads\/2025\/06\/504875032_10231897714479274_1248140764184029896_n.jpg","datePublished":"2025-06-10T06:46:27+00:00","dateModified":"2025-06-10T16:57:21+00:00","breadcrumb":{"@id":"https:\/\/www.webdo.tn\/fr\/actualite\/national\/de-tunis-a-gaza-la-caravane-essoumoud-entre-en-libye-cap-sur-rafah\/377036\/#breadcrumb"},"inLanguage":"fr-FR","potentialAction":[{"@type":"ReadAction","target":["https:\/\/www.webdo.tn\/fr\/actualite\/national\/de-tunis-a-gaza-la-caravane-essoumoud-entre-en-libye-cap-sur-rafah\/377036\/"]}]},{"@type":"ImageObject","inLanguage":"fr-FR","@id":"https:\/\/www.webdo.tn\/fr\/actualite\/national\/de-tunis-a-gaza-la-caravane-essoumoud-entre-en-libye-cap-sur-rafah\/377036\/#primaryimage","url":"https:\/\/www.webdo.tn\/fr\/wp-content\/uploads\/2025\/06\/504875032_10231897714479274_1248140764184029896_n.jpg","contentUrl":"https:\/\/www.webdo.tn\/fr\/wp-content\/uploads\/2025\/06\/504875032_10231897714479274_1248140764184029896_n.jpg","width":2048,"height":1536},{"@type":"BreadcrumbList","@id":"https:\/\/www.webdo.tn\/fr\/actualite\/national\/de-tunis-a-gaza-la-caravane-essoumoud-entre-en-libye-cap-sur-rafah\/377036\/#breadcrumb","itemListElement":[{"@type":"ListItem","position":1,"name":"Accueil","item":"https:\/\/www.webdo.tn\/fr\/"},{"@type":"ListItem","position":2,"name":"De Tunis \u00e0 Gaza : La caravane Essoumoud entre en Libye, cap sur Rafah"}]},{"@type":"WebSite","@id":"https:\/\/www.webdo.tn\/fr\/#website","url":"https:\/\/www.webdo.tn\/fr\/","name":"webdo","description":"Tunisie - News en Tunisie et \u00e0 l&#039;international sur Webdo.tn","publisher":{"@id":"https:\/\/www.webdo.tn\/fr\/#organization"},"potentialAction":[{"@type":"SearchAction","target":{"@type":"EntryPoint","urlTemplate":"https:\/\/www.webdo.tn\/fr\/?s={search_term_string}"},"query-input":{"@type":"PropertyValueSpecification","valueRequired":true,"valueName":"search_term_string"}}],"inLanguage":"fr-FR"},{"@type":"Organization","@id":"https:\/\/www.webdo.tn\/fr\/#organization","name":"Webdo","alternateName":"Webdo.tn","url":"https:\/\/www.webdo.tn\/fr\/","logo":{"@type":"ImageObject","inLanguage":"fr-FR","@id":"https:\/\/www.webdo.tn\/fr\/#\/schema\/logo\/image\/","url":"https:\/\/www.webdo.tn\/fr\/wp-content\/uploads\/2025\/06\/Webdo-Tunisie_168377.jpg","contentUrl":"https:\/\/www.webdo.tn\/fr\/wp-content\/uploads\/2025\/06\/Webdo-Tunisie_168377.jpg","width":301,"height":301,"caption":"Webdo"},"image":{"@id":"https:\/\/www.webdo.tn\/fr\/#\/schema\/logo\/image\/"},"sameAs":["https:\/\/www.facebook.com\/webdotn","https:\/\/x.com\/webdo_tn"],"description":"Webdo est un m\u00e9dia num\u00e9rique tunisien fond\u00e9 en 2010, sp\u00e9cialis\u00e9 dans l\u2019actualit\u00e9 nationale et internationale, l\u2019\u00e9conomie, la soci\u00e9t\u00e9 et les analyses politiques. Le site s\u2019adresse \u00e0 un large public francophone et couvre l\u2019information tunisienne en temps r\u00e9el.","email":"redac@webdo.tn","legalName":"YNJ SARL","foundingDate":"2010-09-06","numberOfEmployees":{"@type":"QuantitativeValue","minValue":"11","maxValue":"50"}},{"@type":"Person","@id":"https:\/\/www.webdo.tn\/fr\/#\/schema\/person\/b9ecde7a5574cb4fcf4b496ea5fadb15","name":"Wided Belhaj","image":{"@type":"ImageObject","inLanguage":"fr-FR","@id":"https:\/\/www.webdo.tn\/fr\/wp-content\/uploads\/2026\/04\/wided-belhaj_avatar-96x96.jpg","url":"https:\/\/www.webdo.tn\/fr\/wp-content\/uploads\/2026\/04\/wided-belhaj_avatar-96x96.jpg","contentUrl":"https:\/\/www.webdo.tn\/fr\/wp-content\/uploads\/2026\/04\/wided-belhaj_avatar-96x96.jpg","caption":"Wided Belhaj"},"description":"Wided Belhaj est le pseudonyme \u00e9ditorial utilis\u00e9 par Khalil Jelassi, journaliste, ma\u00eetre-assistant \u00e0 l\u2019Institut de presse et des sciences de l\u2019information (IPSI) et chercheur en sciences de l\u2019information et de la communication. Cette signature est d\u00e9di\u00e9e \u00e0 l\u2019analyse des m\u00e9dias, des pratiques journalistiques et des mutations de l\u2019information \u00e0 l\u2019\u00e8re digitale. \u00c0 travers ses contributions, Wided Belhaj propose une lecture analytique de l\u2019actualit\u00e9, en croisant regard critique et expertise acad\u00e9mique.","knowsAbout":["m\u00e9dias","journalisme","communication","information","transformation num\u00e9rique","analyse des m\u00e9dias"],"knowsLanguage":["Fran\u00e7ais","Arabe"],"jobTitle":"Webdo.tn","worksFor":"Journaliste \u2013 Analyse des m\u00e9dias","url":"https:\/\/www.webdo.tn\/fr\/actualite\/author\/wided-belhaj\/"}]}},"_links":{"self":[{"href":"https:\/\/www.webdo.tn\/fr\/wp-json\/wp\/v2\/posts\/377036","targetHints":{"allow":["GET"]}}],"collection":[{"href":"https:\/\/www.webdo.tn\/fr\/wp-json\/wp\/v2\/posts"}],"about":[{"href":"https:\/\/www.webdo.tn\/fr\/wp-json\/wp\/v2\/types\/post"}],"author":[{"embeddable":true,"href":"https:\/\/www.webdo.tn\/fr\/wp-json\/wp\/v2\/users\/3184"}],"replies":[{"embeddable":true,"href":"https:\/\/www.webdo.tn\/fr\/wp-json\/wp\/v2\/comments?post=377036"}],"version-history":[{"count":0,"href":"https:\/\/www.webdo.tn\/fr\/wp-json\/wp\/v2\/posts\/377036\/revisions"}],"wp:featuredmedia":[{"embeddable":true,"href":"https:\/\/www.webdo.tn\/fr\/wp-json\/wp\/v2\/media\/377039"}],"wp:attachment":[{"href":"https:\/\/www.webdo.tn\/fr\/wp-json\/wp\/v2\/media?parent=377036"}],"wp:term":[{"taxonomy":"category","embeddable":true,"href":"https:\/\/www.webdo.tn\/fr\/wp-json\/wp\/v2\/categories?post=377036"},{"taxonomy":"post_tag","embeddable":true,"href":"https:\/\/www.webdo.tn\/fr\/wp-json\/wp\/v2\/tags?post=377036"}],"curies":[{"name":"wp","href":"https:\/\/api.w.org\/{rel}","templated":true}]}}