{"id":377021,"date":"2025-06-09T18:38:40","date_gmt":"2025-06-09T18:38:40","guid":{"rendered":"https:\/\/www.webdo.tn\/fr\/?p=377021"},"modified":"2025-06-09T18:38:43","modified_gmt":"2025-06-09T18:38:43","slug":"gaza-des-avocats-tunisiens-appeles-a-rejoindre-la-caravane-soumoud","status":"publish","type":"post","link":"https:\/\/www.webdo.tn\/fr\/actualite\/national\/gaza-des-avocats-tunisiens-appeles-a-rejoindre-la-caravane-soumoud\/377021\/","title":{"rendered":"Gaza : Des avocats tunisiens appel\u00e9s \u00e0 rejoindre la Caravane Soumoud"},"content":{"rendered":"\n<p>L\u2019Ordre national des avocats de Tunisie a annonc\u00e9, dans un communiqu\u00e9 publi\u00e9 ce lundi 9 juin, la mise en place d\u2019un dispositif logistique pour permettre \u00e0 ses membres de rejoindre la Caravane Soumoud, initiative maghr\u00e9bine visant \u00e0 briser le blocus impos\u00e9 \u00e0 la bande de Gaza.<\/p>\n\n\n\n<p>Selon les pr\u00e9cisions fournies par la structure ordinale, un vol charter \u00e0 destination de l\u2019\u00c9gypte est pr\u00e9vu \u00e0 partir du 14 juin, avec un retour programm\u00e9 le 18 juin. Les avocats et avocates souhaitant participer \u00e0 cette mobilisation doivent transmettre leur nom et une copie de leur passeport au plus tard <strong>mardi 10 juin \u00e0 17 heures, \u00e0 l\u2019adresse \u00e9lectronique ordreavocatstunisie@avocat.org.tn, ou par t\u00e9l\u00e9phone au 71 560 315.<\/strong><\/p>\n\n\n\n<p>Cette initiative s\u2019inscrit dans le cadre d\u2019un mouvement de solidarit\u00e9 coordonn\u00e9 par la Coordination d\u2019action commune pour la Palestine. Partie ce lundi matin de Tunis, <strong>la Caravane regroupe environ 1 500 Tunisiens et pr\u00e8s de 200 Alg\u00e9riens<\/strong>, ainsi que des militants d\u2019autres pays du Maghreb. Objectif affich\u00e9 : d\u00e9noncer et d\u00e9fier le blocus isra\u00e9lien, en place depuis plus de 600 jours, et acheminer une aide symbolique aux civils palestiniens.<\/p>\n\n\n\n<p>Le b\u00e2tonnier Hatem Mziou a, par ailleurs, appel\u00e9 \u00e0 la poursuite des dons en nature, en mat\u00e9riel m\u00e9dical ou en num\u00e9raire. Les contributions peuvent \u00eatre d\u00e9pos\u00e9es au si\u00e8ge de l\u2019Ordre ou dans ses repr\u00e9sentations r\u00e9gionales. <strong>Un compte bancaire a \u00e9galement \u00e9t\u00e9 ouvert \u00e0 cet effet aupr\u00e8s de la BIAT : 08108000792003400912.<\/strong><\/p>\n","protected":false},"excerpt":{"rendered":"<p>L\u2019Ordre national des avocats de Tunisie a annonc\u00e9, dans un communiqu\u00e9 publi\u00e9 ce lundi 9 juin, la mise en place d\u2019un dispositif logistique pour permettre \u00e0 ses membres de rejoindre la Caravane Soumoud, initiative maghr\u00e9bine visant \u00e0 briser le blocus impos\u00e9 \u00e0 la bande de Gaza. Selon les pr\u00e9cisions fournies par la structure ordinale, un [&hellip;]<\/p>\n","protected":false},"author":3203,"featured_media":377023,"comment_status":"open","ping_status":"open","sticky":false,"template":"","format":"standard","meta":{"footnotes":""},"categories":[44],"tags":[],"class_list":["post-377021","post","type-post","status-publish","format-standard","has-post-thumbnail","hentry","category-national"],"yoast_head":"<!-- This site is optimized with the Yoast SEO Premium plugin v27.5 (Yoast SEO v27.5) - https:\/\/yoast.com\/product\/yoast-seo-premium-wordpress\/ -->\n<title>Gaza : Des avocats tunisiens appel\u00e9s \u00e0 rejoindre la Caravane Soumoud - webdo<\/title>\n<link rel=\"canonical\" href=\"https:\/\/www.webdo.tn\/fr\/actualite\/national\/gaza-des-avocats-tunisiens-appeles-a-rejoindre-la-caravane-soumoud\/377021\/\" \/>\n<meta property=\"og:locale\" content=\"fr_FR\" \/>\n<meta property=\"og:type\" content=\"article\" \/>\n<meta property=\"og:title\" content=\"Gaza : Des avocats tunisiens appel\u00e9s \u00e0 rejoindre la Caravane Soumoud\" \/>\n<meta property=\"og:description\" content=\"L\u2019Ordre national des avocats de Tunisie a annonc\u00e9, dans un communiqu\u00e9 publi\u00e9 ce lundi 9 juin, la mise en place d\u2019un dispositif logistique pour permettre \u00e0 ses membres de rejoindre la Caravane Soumoud, initiative maghr\u00e9bine visant \u00e0 briser le blocus impos\u00e9 \u00e0 la bande de Gaza. Selon les pr\u00e9cisions fournies par la structure ordinale, un [&hellip;]\" \/>\n<meta property=\"og:url\" content=\"https:\/\/www.webdo.tn\/fr\/actualite\/national\/gaza-des-avocats-tunisiens-appeles-a-rejoindre-la-caravane-soumoud\/377021\/\" \/>\n<meta property=\"og:site_name\" content=\"webdo\" \/>\n<meta property=\"article:publisher\" content=\"https:\/\/www.facebook.com\/webdotn\" \/>\n<meta property=\"article:published_time\" content=\"2025-06-09T18:38:40+00:00\" \/>\n<meta property=\"article:modified_time\" content=\"2025-06-09T18:38:43+00:00\" \/>\n<meta property=\"og:image\" content=\"https:\/\/www.webdo.tn\/fr\/wp-content\/uploads\/2025\/06\/soumoud.webp\" \/>\n\t<meta property=\"og:image:width\" content=\"1500\" \/>\n\t<meta property=\"og:image:height\" content=\"999\" \/>\n\t<meta property=\"og:image:type\" content=\"image\/webp\" \/>\n<meta name=\"author\" content=\"Ramzi Haddad\" \/>\n<meta name=\"twitter:card\" content=\"summary_large_image\" \/>\n<meta name=\"twitter:creator\" content=\"@webdo_tn\" \/>\n<meta name=\"twitter:site\" content=\"@webdo_tn\" \/>\n<meta name=\"twitter:label1\" content=\"\u00c9crit par\" \/>\n\t<meta name=\"twitter:data1\" content=\"Ramzi Haddad\" \/>\n\t<meta name=\"twitter:label2\" content=\"Dur\u00e9e de lecture estim\u00e9e\" \/>\n\t<meta name=\"twitter:data2\" content=\"2 minutes\" \/>\n<script type=\"application\/ld+json\" class=\"yoast-schema-graph\">{\"@context\":\"https:\\\/\\\/schema.org\",\"@graph\":[{\"@type\":\"NewsArticle\",\"@id\":\"https:\\\/\\\/www.webdo.tn\\\/fr\\\/actualite\\\/national\\\/gaza-des-avocats-tunisiens-appeles-a-rejoindre-la-caravane-soumoud\\\/377021\\\/#article\",\"isPartOf\":{\"@id\":\"https:\\\/\\\/www.webdo.tn\\\/fr\\\/actualite\\\/national\\\/gaza-des-avocats-tunisiens-appeles-a-rejoindre-la-caravane-soumoud\\\/377021\\\/\"},\"author\":{\"name\":\"Ramzi Haddad\",\"@id\":\"https:\\\/\\\/www.webdo.tn\\\/fr\\\/#\\\/schema\\\/person\\\/5663044c25eb36d8f88ba5b653f12f8c\"},\"headline\":\"Gaza : Des avocats tunisiens appel\u00e9s \u00e0 rejoindre la Caravane Soumoud\",\"datePublished\":\"2025-06-09T18:38:40+00:00\",\"dateModified\":\"2025-06-09T18:38:43+00:00\",\"mainEntityOfPage\":{\"@id\":\"https:\\\/\\\/www.webdo.tn\\\/fr\\\/actualite\\\/national\\\/gaza-des-avocats-tunisiens-appeles-a-rejoindre-la-caravane-soumoud\\\/377021\\\/\"},\"wordCount\":251,\"commentCount\":0,\"publisher\":{\"@id\":\"https:\\\/\\\/www.webdo.tn\\\/fr\\\/#organization\"},\"image\":{\"@id\":\"https:\\\/\\\/www.webdo.tn\\\/fr\\\/actualite\\\/national\\\/gaza-des-avocats-tunisiens-appeles-a-rejoindre-la-caravane-soumoud\\\/377021\\\/#primaryimage\"},\"thumbnailUrl\":\"https:\\\/\\\/www.webdo.tn\\\/fr\\\/wp-content\\\/uploads\\\/2025\\\/06\\\/soumoud.webp\",\"articleSection\":[\"National\"],\"inLanguage\":\"fr-FR\"},{\"@type\":\"WebPage\",\"@id\":\"https:\\\/\\\/www.webdo.tn\\\/fr\\\/actualite\\\/national\\\/gaza-des-avocats-tunisiens-appeles-a-rejoindre-la-caravane-soumoud\\\/377021\\\/\",\"url\":\"https:\\\/\\\/www.webdo.tn\\\/fr\\\/actualite\\\/national\\\/gaza-des-avocats-tunisiens-appeles-a-rejoindre-la-caravane-soumoud\\\/377021\\\/\",\"name\":\"Gaza : Des avocats tunisiens appel\u00e9s \u00e0 rejoindre la Caravane Soumoud - webdo\",\"isPartOf\":{\"@id\":\"https:\\\/\\\/www.webdo.tn\\\/fr\\\/#website\"},\"primaryImageOfPage\":{\"@id\":\"https:\\\/\\\/www.webdo.tn\\\/fr\\\/actualite\\\/national\\\/gaza-des-avocats-tunisiens-appeles-a-rejoindre-la-caravane-soumoud\\\/377021\\\/#primaryimage\"},\"image\":{\"@id\":\"https:\\\/\\\/www.webdo.tn\\\/fr\\\/actualite\\\/national\\\/gaza-des-avocats-tunisiens-appeles-a-rejoindre-la-caravane-soumoud\\\/377021\\\/#primaryimage\"},\"thumbnailUrl\":\"https:\\\/\\\/www.webdo.tn\\\/fr\\\/wp-content\\\/uploads\\\/2025\\\/06\\\/soumoud.webp\",\"datePublished\":\"2025-06-09T18:38:40+00:00\",\"dateModified\":\"2025-06-09T18:38:43+00:00\",\"breadcrumb\":{\"@id\":\"https:\\\/\\\/www.webdo.tn\\\/fr\\\/actualite\\\/national\\\/gaza-des-avocats-tunisiens-appeles-a-rejoindre-la-caravane-soumoud\\\/377021\\\/#breadcrumb\"},\"inLanguage\":\"fr-FR\",\"potentialAction\":[{\"@type\":\"ReadAction\",\"target\":[\"https:\\\/\\\/www.webdo.tn\\\/fr\\\/actualite\\\/national\\\/gaza-des-avocats-tunisiens-appeles-a-rejoindre-la-caravane-soumoud\\\/377021\\\/\"]}]},{\"@type\":\"ImageObject\",\"inLanguage\":\"fr-FR\",\"@id\":\"https:\\\/\\\/www.webdo.tn\\\/fr\\\/actualite\\\/national\\\/gaza-des-avocats-tunisiens-appeles-a-rejoindre-la-caravane-soumoud\\\/377021\\\/#primaryimage\",\"url\":\"https:\\\/\\\/www.webdo.tn\\\/fr\\\/wp-content\\\/uploads\\\/2025\\\/06\\\/soumoud.webp\",\"contentUrl\":\"https:\\\/\\\/www.webdo.tn\\\/fr\\\/wp-content\\\/uploads\\\/2025\\\/06\\\/soumoud.webp\",\"width\":1500,\"height\":999},{\"@type\":\"BreadcrumbList\",\"@id\":\"https:\\\/\\\/www.webdo.tn\\\/fr\\\/actualite\\\/national\\\/gaza-des-avocats-tunisiens-appeles-a-rejoindre-la-caravane-soumoud\\\/377021\\\/#breadcrumb\",\"itemListElement\":[{\"@type\":\"ListItem\",\"position\":1,\"name\":\"Accueil\",\"item\":\"https:\\\/\\\/www.webdo.tn\\\/fr\\\/\"},{\"@type\":\"ListItem\",\"position\":2,\"name\":\"Gaza : Des avocats tunisiens appel\u00e9s \u00e0 rejoindre la Caravane Soumoud\"}]},{\"@type\":\"WebSite\",\"@id\":\"https:\\\/\\\/www.webdo.tn\\\/fr\\\/#website\",\"url\":\"https:\\\/\\\/www.webdo.tn\\\/fr\\\/\",\"name\":\"webdo\",\"description\":\"Tunisie - News en Tunisie et \u00e0 l&#039;international sur Webdo.tn\",\"publisher\":{\"@id\":\"https:\\\/\\\/www.webdo.tn\\\/fr\\\/#organization\"},\"potentialAction\":[{\"@type\":\"SearchAction\",\"target\":{\"@type\":\"EntryPoint\",\"urlTemplate\":\"https:\\\/\\\/www.webdo.tn\\\/fr\\\/?s={search_term_string}\"},\"query-input\":{\"@type\":\"PropertyValueSpecification\",\"valueRequired\":true,\"valueName\":\"search_term_string\"}}],\"inLanguage\":\"fr-FR\"},{\"@type\":\"Organization\",\"@id\":\"https:\\\/\\\/www.webdo.tn\\\/fr\\\/#organization\",\"name\":\"Webdo\",\"alternateName\":\"Webdo.tn\",\"url\":\"https:\\\/\\\/www.webdo.tn\\\/fr\\\/\",\"logo\":{\"@type\":\"ImageObject\",\"inLanguage\":\"fr-FR\",\"@id\":\"https:\\\/\\\/www.webdo.tn\\\/fr\\\/#\\\/schema\\\/logo\\\/image\\\/\",\"url\":\"https:\\\/\\\/www.webdo.tn\\\/fr\\\/wp-content\\\/uploads\\\/2025\\\/06\\\/Webdo-Tunisie_168377.jpg\",\"contentUrl\":\"https:\\\/\\\/www.webdo.tn\\\/fr\\\/wp-content\\\/uploads\\\/2025\\\/06\\\/Webdo-Tunisie_168377.jpg\",\"width\":301,\"height\":301,\"caption\":\"Webdo\"},\"image\":{\"@id\":\"https:\\\/\\\/www.webdo.tn\\\/fr\\\/#\\\/schema\\\/logo\\\/image\\\/\"},\"sameAs\":[\"https:\\\/\\\/www.facebook.com\\\/webdotn\",\"https:\\\/\\\/x.com\\\/webdo_tn\"],\"description\":\"Webdo est un m\u00e9dia num\u00e9rique tunisien fond\u00e9 en 2010, sp\u00e9cialis\u00e9 dans l\u2019actualit\u00e9 nationale et internationale, l\u2019\u00e9conomie, la soci\u00e9t\u00e9 et les analyses politiques. Le site s\u2019adresse \u00e0 un large public francophone et couvre l\u2019information tunisienne en temps r\u00e9el.\",\"email\":\"redac@webdo.tn\",\"legalName\":\"YNJ SARL\",\"foundingDate\":\"2010-09-06\",\"numberOfEmployees\":{\"@type\":\"QuantitativeValue\",\"minValue\":\"11\",\"maxValue\":\"50\"}},{\"@type\":\"Person\",\"@id\":\"https:\\\/\\\/www.webdo.tn\\\/fr\\\/#\\\/schema\\\/person\\\/5663044c25eb36d8f88ba5b653f12f8c\",\"name\":\"Ramzi Haddad\",\"image\":{\"@type\":\"ImageObject\",\"inLanguage\":\"fr-FR\",\"@id\":\"https:\\\/\\\/www.webdo.tn\\\/fr\\\/wp-content\\\/uploads\\\/2026\\\/04\\\/ramzi-haddad_avatar-96x96.jpg\",\"url\":\"https:\\\/\\\/www.webdo.tn\\\/fr\\\/wp-content\\\/uploads\\\/2026\\\/04\\\/ramzi-haddad_avatar-96x96.jpg\",\"contentUrl\":\"https:\\\/\\\/www.webdo.tn\\\/fr\\\/wp-content\\\/uploads\\\/2026\\\/04\\\/ramzi-haddad_avatar-96x96.jpg\",\"caption\":\"Ramzi Haddad\"},\"description\":\"Signature \u00e9ditoriale de Walid Ben Youssef Ramzi Haddad est le pseudonyme \u00e9ditorial de Walid Ben Youssef, fondateur et g\u00e9rant de Webdo.tn. Cette signature est d\u00e9di\u00e9e \u00e0 la couverture de l'actualit\u00e9 nationale et internationale, ainsi qu'aux analyses des dynamiques num\u00e9riques. Ce profil b\u00e9n\u00e9ficie de l'expertise de Walid Ben Youssef, pionnier du web en Tunisie depuis 2000 et dipl\u00f4m\u00e9 en Math\u00e9matiques pures de l'Universit\u00e9 d'Oregon. \u00c0 travers cette signature, la r\u00e9daction de Webdo garantit une information structur\u00e9e et v\u00e9rifi\u00e9e, fid\u00e8le aux standards journalistiques du m\u00e9dia.\",\"url\":\"https:\\\/\\\/www.webdo.tn\\\/fr\\\/actualite\\\/author\\\/ramzi-haddad\\\/\"}]}<\/script>\n<!-- \/ Yoast SEO Premium plugin. -->","yoast_head_json":{"title":"Gaza : Des avocats tunisiens appel\u00e9s \u00e0 rejoindre la Caravane Soumoud - webdo","canonical":"https:\/\/www.webdo.tn\/fr\/actualite\/national\/gaza-des-avocats-tunisiens-appeles-a-rejoindre-la-caravane-soumoud\/377021\/","og_locale":"fr_FR","og_type":"article","og_title":"Gaza : Des avocats tunisiens appel\u00e9s \u00e0 rejoindre la Caravane Soumoud","og_description":"L\u2019Ordre national des avocats de Tunisie a annonc\u00e9, dans un communiqu\u00e9 publi\u00e9 ce lundi 9 juin, la mise en place d\u2019un dispositif logistique pour permettre \u00e0 ses membres de rejoindre la Caravane Soumoud, initiative maghr\u00e9bine visant \u00e0 briser le blocus impos\u00e9 \u00e0 la bande de Gaza. Selon les pr\u00e9cisions fournies par la structure ordinale, un [&hellip;]","og_url":"https:\/\/www.webdo.tn\/fr\/actualite\/national\/gaza-des-avocats-tunisiens-appeles-a-rejoindre-la-caravane-soumoud\/377021\/","og_site_name":"webdo","article_publisher":"https:\/\/www.facebook.com\/webdotn","article_published_time":"2025-06-09T18:38:40+00:00","article_modified_time":"2025-06-09T18:38:43+00:00","og_image":[{"width":1500,"height":999,"url":"https:\/\/www.webdo.tn\/fr\/wp-content\/uploads\/2025\/06\/soumoud.webp","type":"image\/webp"}],"author":"Ramzi Haddad","twitter_card":"summary_large_image","twitter_creator":"@webdo_tn","twitter_site":"@webdo_tn","twitter_misc":{"\u00c9crit par":"Ramzi Haddad","Dur\u00e9e de lecture estim\u00e9e":"2 minutes"},"schema":{"@context":"https:\/\/schema.org","@graph":[{"@type":"NewsArticle","@id":"https:\/\/www.webdo.tn\/fr\/actualite\/national\/gaza-des-avocats-tunisiens-appeles-a-rejoindre-la-caravane-soumoud\/377021\/#article","isPartOf":{"@id":"https:\/\/www.webdo.tn\/fr\/actualite\/national\/gaza-des-avocats-tunisiens-appeles-a-rejoindre-la-caravane-soumoud\/377021\/"},"author":{"name":"Ramzi Haddad","@id":"https:\/\/www.webdo.tn\/fr\/#\/schema\/person\/5663044c25eb36d8f88ba5b653f12f8c"},"headline":"Gaza : Des avocats tunisiens appel\u00e9s \u00e0 rejoindre la Caravane Soumoud","datePublished":"2025-06-09T18:38:40+00:00","dateModified":"2025-06-09T18:38:43+00:00","mainEntityOfPage":{"@id":"https:\/\/www.webdo.tn\/fr\/actualite\/national\/gaza-des-avocats-tunisiens-appeles-a-rejoindre-la-caravane-soumoud\/377021\/"},"wordCount":251,"commentCount":0,"publisher":{"@id":"https:\/\/www.webdo.tn\/fr\/#organization"},"image":{"@id":"https:\/\/www.webdo.tn\/fr\/actualite\/national\/gaza-des-avocats-tunisiens-appeles-a-rejoindre-la-caravane-soumoud\/377021\/#primaryimage"},"thumbnailUrl":"https:\/\/www.webdo.tn\/fr\/wp-content\/uploads\/2025\/06\/soumoud.webp","articleSection":["National"],"inLanguage":"fr-FR"},{"@type":"WebPage","@id":"https:\/\/www.webdo.tn\/fr\/actualite\/national\/gaza-des-avocats-tunisiens-appeles-a-rejoindre-la-caravane-soumoud\/377021\/","url":"https:\/\/www.webdo.tn\/fr\/actualite\/national\/gaza-des-avocats-tunisiens-appeles-a-rejoindre-la-caravane-soumoud\/377021\/","name":"Gaza : Des avocats tunisiens appel\u00e9s \u00e0 rejoindre la Caravane Soumoud - webdo","isPartOf":{"@id":"https:\/\/www.webdo.tn\/fr\/#website"},"primaryImageOfPage":{"@id":"https:\/\/www.webdo.tn\/fr\/actualite\/national\/gaza-des-avocats-tunisiens-appeles-a-rejoindre-la-caravane-soumoud\/377021\/#primaryimage"},"image":{"@id":"https:\/\/www.webdo.tn\/fr\/actualite\/national\/gaza-des-avocats-tunisiens-appeles-a-rejoindre-la-caravane-soumoud\/377021\/#primaryimage"},"thumbnailUrl":"https:\/\/www.webdo.tn\/fr\/wp-content\/uploads\/2025\/06\/soumoud.webp","datePublished":"2025-06-09T18:38:40+00:00","dateModified":"2025-06-09T18:38:43+00:00","breadcrumb":{"@id":"https:\/\/www.webdo.tn\/fr\/actualite\/national\/gaza-des-avocats-tunisiens-appeles-a-rejoindre-la-caravane-soumoud\/377021\/#breadcrumb"},"inLanguage":"fr-FR","potentialAction":[{"@type":"ReadAction","target":["https:\/\/www.webdo.tn\/fr\/actualite\/national\/gaza-des-avocats-tunisiens-appeles-a-rejoindre-la-caravane-soumoud\/377021\/"]}]},{"@type":"ImageObject","inLanguage":"fr-FR","@id":"https:\/\/www.webdo.tn\/fr\/actualite\/national\/gaza-des-avocats-tunisiens-appeles-a-rejoindre-la-caravane-soumoud\/377021\/#primaryimage","url":"https:\/\/www.webdo.tn\/fr\/wp-content\/uploads\/2025\/06\/soumoud.webp","contentUrl":"https:\/\/www.webdo.tn\/fr\/wp-content\/uploads\/2025\/06\/soumoud.webp","width":1500,"height":999},{"@type":"BreadcrumbList","@id":"https:\/\/www.webdo.tn\/fr\/actualite\/national\/gaza-des-avocats-tunisiens-appeles-a-rejoindre-la-caravane-soumoud\/377021\/#breadcrumb","itemListElement":[{"@type":"ListItem","position":1,"name":"Accueil","item":"https:\/\/www.webdo.tn\/fr\/"},{"@type":"ListItem","position":2,"name":"Gaza : Des avocats tunisiens appel\u00e9s \u00e0 rejoindre la Caravane Soumoud"}]},{"@type":"WebSite","@id":"https:\/\/www.webdo.tn\/fr\/#website","url":"https:\/\/www.webdo.tn\/fr\/","name":"webdo","description":"Tunisie - News en Tunisie et \u00e0 l&#039;international sur Webdo.tn","publisher":{"@id":"https:\/\/www.webdo.tn\/fr\/#organization"},"potentialAction":[{"@type":"SearchAction","target":{"@type":"EntryPoint","urlTemplate":"https:\/\/www.webdo.tn\/fr\/?s={search_term_string}"},"query-input":{"@type":"PropertyValueSpecification","valueRequired":true,"valueName":"search_term_string"}}],"inLanguage":"fr-FR"},{"@type":"Organization","@id":"https:\/\/www.webdo.tn\/fr\/#organization","name":"Webdo","alternateName":"Webdo.tn","url":"https:\/\/www.webdo.tn\/fr\/","logo":{"@type":"ImageObject","inLanguage":"fr-FR","@id":"https:\/\/www.webdo.tn\/fr\/#\/schema\/logo\/image\/","url":"https:\/\/www.webdo.tn\/fr\/wp-content\/uploads\/2025\/06\/Webdo-Tunisie_168377.jpg","contentUrl":"https:\/\/www.webdo.tn\/fr\/wp-content\/uploads\/2025\/06\/Webdo-Tunisie_168377.jpg","width":301,"height":301,"caption":"Webdo"},"image":{"@id":"https:\/\/www.webdo.tn\/fr\/#\/schema\/logo\/image\/"},"sameAs":["https:\/\/www.facebook.com\/webdotn","https:\/\/x.com\/webdo_tn"],"description":"Webdo est un m\u00e9dia num\u00e9rique tunisien fond\u00e9 en 2010, sp\u00e9cialis\u00e9 dans l\u2019actualit\u00e9 nationale et internationale, l\u2019\u00e9conomie, la soci\u00e9t\u00e9 et les analyses politiques. Le site s\u2019adresse \u00e0 un large public francophone et couvre l\u2019information tunisienne en temps r\u00e9el.","email":"redac@webdo.tn","legalName":"YNJ SARL","foundingDate":"2010-09-06","numberOfEmployees":{"@type":"QuantitativeValue","minValue":"11","maxValue":"50"}},{"@type":"Person","@id":"https:\/\/www.webdo.tn\/fr\/#\/schema\/person\/5663044c25eb36d8f88ba5b653f12f8c","name":"Ramzi Haddad","image":{"@type":"ImageObject","inLanguage":"fr-FR","@id":"https:\/\/www.webdo.tn\/fr\/wp-content\/uploads\/2026\/04\/ramzi-haddad_avatar-96x96.jpg","url":"https:\/\/www.webdo.tn\/fr\/wp-content\/uploads\/2026\/04\/ramzi-haddad_avatar-96x96.jpg","contentUrl":"https:\/\/www.webdo.tn\/fr\/wp-content\/uploads\/2026\/04\/ramzi-haddad_avatar-96x96.jpg","caption":"Ramzi Haddad"},"description":"Signature \u00e9ditoriale de Walid Ben Youssef Ramzi Haddad est le pseudonyme \u00e9ditorial de Walid Ben Youssef, fondateur et g\u00e9rant de Webdo.tn. Cette signature est d\u00e9di\u00e9e \u00e0 la couverture de l'actualit\u00e9 nationale et internationale, ainsi qu'aux analyses des dynamiques num\u00e9riques. Ce profil b\u00e9n\u00e9ficie de l'expertise de Walid Ben Youssef, pionnier du web en Tunisie depuis 2000 et dipl\u00f4m\u00e9 en Math\u00e9matiques pures de l'Universit\u00e9 d'Oregon. \u00c0 travers cette signature, la r\u00e9daction de Webdo garantit une information structur\u00e9e et v\u00e9rifi\u00e9e, fid\u00e8le aux standards journalistiques du m\u00e9dia.","url":"https:\/\/www.webdo.tn\/fr\/actualite\/author\/ramzi-haddad\/"}]}},"_links":{"self":[{"href":"https:\/\/www.webdo.tn\/fr\/wp-json\/wp\/v2\/posts\/377021","targetHints":{"allow":["GET"]}}],"collection":[{"href":"https:\/\/www.webdo.tn\/fr\/wp-json\/wp\/v2\/posts"}],"about":[{"href":"https:\/\/www.webdo.tn\/fr\/wp-json\/wp\/v2\/types\/post"}],"author":[{"embeddable":true,"href":"https:\/\/www.webdo.tn\/fr\/wp-json\/wp\/v2\/users\/3203"}],"replies":[{"embeddable":true,"href":"https:\/\/www.webdo.tn\/fr\/wp-json\/wp\/v2\/comments?post=377021"}],"version-history":[{"count":0,"href":"https:\/\/www.webdo.tn\/fr\/wp-json\/wp\/v2\/posts\/377021\/revisions"}],"wp:featuredmedia":[{"embeddable":true,"href":"https:\/\/www.webdo.tn\/fr\/wp-json\/wp\/v2\/media\/377023"}],"wp:attachment":[{"href":"https:\/\/www.webdo.tn\/fr\/wp-json\/wp\/v2\/media?parent=377021"}],"wp:term":[{"taxonomy":"category","embeddable":true,"href":"https:\/\/www.webdo.tn\/fr\/wp-json\/wp\/v2\/categories?post=377021"},{"taxonomy":"post_tag","embeddable":true,"href":"https:\/\/www.webdo.tn\/fr\/wp-json\/wp\/v2\/tags?post=377021"}],"curies":[{"name":"wp","href":"https:\/\/api.w.org\/{rel}","templated":true}]}}