{"id":377008,"date":"2025-06-09T16:54:27","date_gmt":"2025-06-09T16:54:27","guid":{"rendered":"https:\/\/www.webdo.tn\/fr\/?p=377008"},"modified":"2025-06-10T07:43:47","modified_gmt":"2025-06-10T07:43:47","slug":"affaire-douane-slimane-ourak-blanchi-apres-quatorze-ans-de-procedure","status":"publish","type":"post","link":"https:\/\/www.webdo.tn\/fr\/actualite\/national\/affaire-douane-slimane-ourak-blanchi-apres-quatorze-ans-de-procedure\/377008\/","title":{"rendered":"Affaire Douane : Slimane Ourak blanchi apr\u00e8s quatorze ans de proc\u00e9dure"},"content":{"rendered":"\n<p>La Chambre criminelle sp\u00e9cialis\u00e9e dans les affaires de corruption financi\u00e8re, aupr\u00e8s du Tribunal de premi\u00e8re instance de Tunis, a prononc\u00e9 ce lundi un non-lieu en faveur de Slimane Ourak, ancien directeur g\u00e9n\u00e9ral de la Douane tunisienne.<\/p>\n\n\n\n<p>Cette d\u00e9cision met fin \u00e0 une longue proc\u00e9dure judiciaire engag\u00e9e il y a plus de dix ans, portant sur des accusations de falsification des r\u00e9sultats d\u2019un concours de sergents de la Douane, notamment lors des sessions de 2008 et 2010.<\/p>\n\n\n\n<p>Selon Mosaique FM, les expertises techniques r\u00e9centes ont confirm\u00e9 l\u2019absence de preuves attestant une quelconque manipulation frauduleuse. Les fichiers de r\u00e9sultats ont \u00e9t\u00e9 examin\u00e9s minutieusement, \u00e9cartant toute responsabilit\u00e9 directe de l\u2019ancien haut fonctionnaire.<\/p>\n\n\n\n<p>Slimane Ourak avait \u00e9t\u00e9 arr\u00eat\u00e9 en avril 2011, puis condamn\u00e9 \u00e0 une lourde peine avant d\u2019\u00eatre lib\u00e9r\u00e9 en janvier 2018 suite \u00e0 l\u2019annulation du jugement par la Cour de cassation.<\/p>\n\n\n\n<p>En mars 2025, la Chambre d\u2019accusation sp\u00e9cialis\u00e9e a d\u00e9cid\u00e9 d\u2019arr\u00eater d\u00e9finitivement les poursuites, ce qui a conduit \u00e0 ce non-lieu prononc\u00e9 aujourd\u2019hui.<\/p>\n\n\n\n<p>Cette affaire, qui a dur\u00e9 plus d\u2019une d\u00e9cennie, a marqu\u00e9 la sc\u00e8ne judiciaire tunisienne par ses rebondissements et a mis en lumi\u00e8re les lenteurs et dysfonctionnements du syst\u00e8me judiciaire dans les dossiers de corruption administrative.<\/p>\n\n\n\n<p><\/p>\n\n\n\n<p><\/p>\n","protected":false},"excerpt":{"rendered":"<p>La Chambre criminelle sp\u00e9cialis\u00e9e dans les affaires de corruption financi\u00e8re, aupr\u00e8s du Tribunal de premi\u00e8re instance de Tunis, a prononc\u00e9 ce lundi un non-lieu en faveur de Slimane Ourak, ancien directeur g\u00e9n\u00e9ral de la Douane tunisienne. Cette d\u00e9cision met fin \u00e0 une longue proc\u00e9dure judiciaire engag\u00e9e il y a plus de dix ans, portant sur [&hellip;]<\/p>\n","protected":false},"author":3203,"featured_media":377010,"comment_status":"open","ping_status":"open","sticky":false,"template":"","format":"standard","meta":{"footnotes":""},"categories":[44],"tags":[11902,7954,6259,11901],"class_list":["post-377008","post","type-post","status-publish","format-standard","has-post-thumbnail","hentry","category-national","tag-concours-de-sergents","tag-douane-tunisienne","tag-non-lieu","tag-slimane-ourak-2"],"yoast_head":"<!-- This site is optimized with the Yoast SEO Premium plugin v27.5 (Yoast SEO v27.5) - https:\/\/yoast.com\/product\/yoast-seo-premium-wordpress\/ -->\n<title>Affaire Douane : Slimane Ourak blanchi apr\u00e8s quatorze ans de proc\u00e9dure - webdo<\/title>\n<link rel=\"canonical\" href=\"https:\/\/www.webdo.tn\/fr\/actualite\/national\/affaire-douane-slimane-ourak-blanchi-apres-quatorze-ans-de-procedure\/377008\/\" \/>\n<meta property=\"og:locale\" content=\"fr_FR\" \/>\n<meta property=\"og:type\" content=\"article\" \/>\n<meta property=\"og:title\" content=\"Affaire Douane : Slimane Ourak blanchi apr\u00e8s quatorze ans de proc\u00e9dure\" \/>\n<meta property=\"og:description\" content=\"La Chambre criminelle sp\u00e9cialis\u00e9e dans les affaires de corruption financi\u00e8re, aupr\u00e8s du Tribunal de premi\u00e8re instance de Tunis, a prononc\u00e9 ce lundi un non-lieu en faveur de Slimane Ourak, ancien directeur g\u00e9n\u00e9ral de la Douane tunisienne. Cette d\u00e9cision met fin \u00e0 une longue proc\u00e9dure judiciaire engag\u00e9e il y a plus de dix ans, portant sur [&hellip;]\" \/>\n<meta property=\"og:url\" content=\"https:\/\/www.webdo.tn\/fr\/actualite\/national\/affaire-douane-slimane-ourak-blanchi-apres-quatorze-ans-de-procedure\/377008\/\" \/>\n<meta property=\"og:site_name\" content=\"webdo\" \/>\n<meta property=\"article:publisher\" content=\"https:\/\/www.facebook.com\/webdotn\" \/>\n<meta property=\"article:published_time\" content=\"2025-06-09T16:54:27+00:00\" \/>\n<meta property=\"article:modified_time\" content=\"2025-06-10T07:43:47+00:00\" \/>\n<meta property=\"og:image\" content=\"https:\/\/www.webdo.tn\/fr\/wp-content\/uploads\/2025\/06\/samir-wrak.jpg\" \/>\n\t<meta property=\"og:image:width\" content=\"458\" \/>\n\t<meta property=\"og:image:height\" content=\"258\" \/>\n\t<meta property=\"og:image:type\" content=\"image\/jpeg\" \/>\n<meta name=\"author\" content=\"Ramzi Haddad\" \/>\n<meta name=\"twitter:card\" content=\"summary_large_image\" \/>\n<meta name=\"twitter:creator\" content=\"@webdo_tn\" \/>\n<meta name=\"twitter:site\" content=\"@webdo_tn\" \/>\n<meta name=\"twitter:label1\" content=\"\u00c9crit par\" \/>\n\t<meta name=\"twitter:data1\" content=\"Ramzi Haddad\" \/>\n\t<meta name=\"twitter:label2\" content=\"Dur\u00e9e de lecture estim\u00e9e\" \/>\n\t<meta name=\"twitter:data2\" content=\"2 minutes\" \/>\n<script type=\"application\/ld+json\" class=\"yoast-schema-graph\">{\"@context\":\"https:\\\/\\\/schema.org\",\"@graph\":[{\"@type\":\"NewsArticle\",\"@id\":\"https:\\\/\\\/www.webdo.tn\\\/fr\\\/actualite\\\/national\\\/affaire-douane-slimane-ourak-blanchi-apres-quatorze-ans-de-procedure\\\/377008\\\/#article\",\"isPartOf\":{\"@id\":\"https:\\\/\\\/www.webdo.tn\\\/fr\\\/actualite\\\/national\\\/affaire-douane-slimane-ourak-blanchi-apres-quatorze-ans-de-procedure\\\/377008\\\/\"},\"author\":{\"name\":\"Ramzi Haddad\",\"@id\":\"https:\\\/\\\/www.webdo.tn\\\/fr\\\/#\\\/schema\\\/person\\\/5663044c25eb36d8f88ba5b653f12f8c\"},\"headline\":\"Affaire Douane : Slimane Ourak blanchi apr\u00e8s quatorze ans de proc\u00e9dure\",\"datePublished\":\"2025-06-09T16:54:27+00:00\",\"dateModified\":\"2025-06-10T07:43:47+00:00\",\"mainEntityOfPage\":{\"@id\":\"https:\\\/\\\/www.webdo.tn\\\/fr\\\/actualite\\\/national\\\/affaire-douane-slimane-ourak-blanchi-apres-quatorze-ans-de-procedure\\\/377008\\\/\"},\"wordCount\":233,\"commentCount\":0,\"publisher\":{\"@id\":\"https:\\\/\\\/www.webdo.tn\\\/fr\\\/#organization\"},\"image\":{\"@id\":\"https:\\\/\\\/www.webdo.tn\\\/fr\\\/actualite\\\/national\\\/affaire-douane-slimane-ourak-blanchi-apres-quatorze-ans-de-procedure\\\/377008\\\/#primaryimage\"},\"thumbnailUrl\":\"https:\\\/\\\/www.webdo.tn\\\/fr\\\/wp-content\\\/uploads\\\/2025\\\/06\\\/samir-wrak.jpg\",\"keywords\":[\"concours de sergents\",\"Douane tunisienne\",\"Non-lieu\",\"Slimane Ourak\"],\"articleSection\":[\"National\"],\"inLanguage\":\"fr-FR\"},{\"@type\":\"WebPage\",\"@id\":\"https:\\\/\\\/www.webdo.tn\\\/fr\\\/actualite\\\/national\\\/affaire-douane-slimane-ourak-blanchi-apres-quatorze-ans-de-procedure\\\/377008\\\/\",\"url\":\"https:\\\/\\\/www.webdo.tn\\\/fr\\\/actualite\\\/national\\\/affaire-douane-slimane-ourak-blanchi-apres-quatorze-ans-de-procedure\\\/377008\\\/\",\"name\":\"Affaire Douane : Slimane Ourak blanchi apr\u00e8s quatorze ans de proc\u00e9dure - webdo\",\"isPartOf\":{\"@id\":\"https:\\\/\\\/www.webdo.tn\\\/fr\\\/#website\"},\"primaryImageOfPage\":{\"@id\":\"https:\\\/\\\/www.webdo.tn\\\/fr\\\/actualite\\\/national\\\/affaire-douane-slimane-ourak-blanchi-apres-quatorze-ans-de-procedure\\\/377008\\\/#primaryimage\"},\"image\":{\"@id\":\"https:\\\/\\\/www.webdo.tn\\\/fr\\\/actualite\\\/national\\\/affaire-douane-slimane-ourak-blanchi-apres-quatorze-ans-de-procedure\\\/377008\\\/#primaryimage\"},\"thumbnailUrl\":\"https:\\\/\\\/www.webdo.tn\\\/fr\\\/wp-content\\\/uploads\\\/2025\\\/06\\\/samir-wrak.jpg\",\"datePublished\":\"2025-06-09T16:54:27+00:00\",\"dateModified\":\"2025-06-10T07:43:47+00:00\",\"breadcrumb\":{\"@id\":\"https:\\\/\\\/www.webdo.tn\\\/fr\\\/actualite\\\/national\\\/affaire-douane-slimane-ourak-blanchi-apres-quatorze-ans-de-procedure\\\/377008\\\/#breadcrumb\"},\"inLanguage\":\"fr-FR\",\"potentialAction\":[{\"@type\":\"ReadAction\",\"target\":[\"https:\\\/\\\/www.webdo.tn\\\/fr\\\/actualite\\\/national\\\/affaire-douane-slimane-ourak-blanchi-apres-quatorze-ans-de-procedure\\\/377008\\\/\"]}]},{\"@type\":\"ImageObject\",\"inLanguage\":\"fr-FR\",\"@id\":\"https:\\\/\\\/www.webdo.tn\\\/fr\\\/actualite\\\/national\\\/affaire-douane-slimane-ourak-blanchi-apres-quatorze-ans-de-procedure\\\/377008\\\/#primaryimage\",\"url\":\"https:\\\/\\\/www.webdo.tn\\\/fr\\\/wp-content\\\/uploads\\\/2025\\\/06\\\/samir-wrak.jpg\",\"contentUrl\":\"https:\\\/\\\/www.webdo.tn\\\/fr\\\/wp-content\\\/uploads\\\/2025\\\/06\\\/samir-wrak.jpg\",\"width\":458,\"height\":258},{\"@type\":\"BreadcrumbList\",\"@id\":\"https:\\\/\\\/www.webdo.tn\\\/fr\\\/actualite\\\/national\\\/affaire-douane-slimane-ourak-blanchi-apres-quatorze-ans-de-procedure\\\/377008\\\/#breadcrumb\",\"itemListElement\":[{\"@type\":\"ListItem\",\"position\":1,\"name\":\"Accueil\",\"item\":\"https:\\\/\\\/www.webdo.tn\\\/fr\\\/\"},{\"@type\":\"ListItem\",\"position\":2,\"name\":\"Affaire Douane : Slimane Ourak blanchi apr\u00e8s quatorze ans de proc\u00e9dure\"}]},{\"@type\":\"WebSite\",\"@id\":\"https:\\\/\\\/www.webdo.tn\\\/fr\\\/#website\",\"url\":\"https:\\\/\\\/www.webdo.tn\\\/fr\\\/\",\"name\":\"webdo\",\"description\":\"Tunisie - News en Tunisie et \u00e0 l&#039;international sur Webdo.tn\",\"publisher\":{\"@id\":\"https:\\\/\\\/www.webdo.tn\\\/fr\\\/#organization\"},\"potentialAction\":[{\"@type\":\"SearchAction\",\"target\":{\"@type\":\"EntryPoint\",\"urlTemplate\":\"https:\\\/\\\/www.webdo.tn\\\/fr\\\/?s={search_term_string}\"},\"query-input\":{\"@type\":\"PropertyValueSpecification\",\"valueRequired\":true,\"valueName\":\"search_term_string\"}}],\"inLanguage\":\"fr-FR\"},{\"@type\":\"Organization\",\"@id\":\"https:\\\/\\\/www.webdo.tn\\\/fr\\\/#organization\",\"name\":\"Webdo\",\"alternateName\":\"Webdo.tn\",\"url\":\"https:\\\/\\\/www.webdo.tn\\\/fr\\\/\",\"logo\":{\"@type\":\"ImageObject\",\"inLanguage\":\"fr-FR\",\"@id\":\"https:\\\/\\\/www.webdo.tn\\\/fr\\\/#\\\/schema\\\/logo\\\/image\\\/\",\"url\":\"https:\\\/\\\/www.webdo.tn\\\/fr\\\/wp-content\\\/uploads\\\/2025\\\/06\\\/Webdo-Tunisie_168377.jpg\",\"contentUrl\":\"https:\\\/\\\/www.webdo.tn\\\/fr\\\/wp-content\\\/uploads\\\/2025\\\/06\\\/Webdo-Tunisie_168377.jpg\",\"width\":301,\"height\":301,\"caption\":\"Webdo\"},\"image\":{\"@id\":\"https:\\\/\\\/www.webdo.tn\\\/fr\\\/#\\\/schema\\\/logo\\\/image\\\/\"},\"sameAs\":[\"https:\\\/\\\/www.facebook.com\\\/webdotn\",\"https:\\\/\\\/x.com\\\/webdo_tn\"],\"description\":\"Webdo est un m\u00e9dia num\u00e9rique tunisien fond\u00e9 en 2010, sp\u00e9cialis\u00e9 dans l\u2019actualit\u00e9 nationale et internationale, l\u2019\u00e9conomie, la soci\u00e9t\u00e9 et les analyses politiques. Le site s\u2019adresse \u00e0 un large public francophone et couvre l\u2019information tunisienne en temps r\u00e9el.\",\"email\":\"redac@webdo.tn\",\"legalName\":\"YNJ SARL\",\"foundingDate\":\"2010-09-06\",\"numberOfEmployees\":{\"@type\":\"QuantitativeValue\",\"minValue\":\"11\",\"maxValue\":\"50\"}},{\"@type\":\"Person\",\"@id\":\"https:\\\/\\\/www.webdo.tn\\\/fr\\\/#\\\/schema\\\/person\\\/5663044c25eb36d8f88ba5b653f12f8c\",\"name\":\"Ramzi Haddad\",\"image\":{\"@type\":\"ImageObject\",\"inLanguage\":\"fr-FR\",\"@id\":\"https:\\\/\\\/www.webdo.tn\\\/fr\\\/wp-content\\\/uploads\\\/2026\\\/04\\\/ramzi-haddad_avatar-96x96.jpg\",\"url\":\"https:\\\/\\\/www.webdo.tn\\\/fr\\\/wp-content\\\/uploads\\\/2026\\\/04\\\/ramzi-haddad_avatar-96x96.jpg\",\"contentUrl\":\"https:\\\/\\\/www.webdo.tn\\\/fr\\\/wp-content\\\/uploads\\\/2026\\\/04\\\/ramzi-haddad_avatar-96x96.jpg\",\"caption\":\"Ramzi Haddad\"},\"description\":\"Signature \u00e9ditoriale de Walid Ben Youssef Ramzi Haddad est le pseudonyme \u00e9ditorial de Walid Ben Youssef, fondateur et g\u00e9rant de Webdo.tn. Cette signature est d\u00e9di\u00e9e \u00e0 la couverture de l'actualit\u00e9 nationale et internationale, ainsi qu'aux analyses des dynamiques num\u00e9riques. Ce profil b\u00e9n\u00e9ficie de l'expertise de Walid Ben Youssef, pionnier du web en Tunisie depuis 2000 et dipl\u00f4m\u00e9 en Math\u00e9matiques pures de l'Universit\u00e9 d'Oregon. \u00c0 travers cette signature, la r\u00e9daction de Webdo garantit une information structur\u00e9e et v\u00e9rifi\u00e9e, fid\u00e8le aux standards journalistiques du m\u00e9dia.\",\"url\":\"https:\\\/\\\/www.webdo.tn\\\/fr\\\/actualite\\\/author\\\/ramzi-haddad\\\/\"}]}<\/script>\n<!-- \/ Yoast SEO Premium plugin. -->","yoast_head_json":{"title":"Affaire Douane : Slimane Ourak blanchi apr\u00e8s quatorze ans de proc\u00e9dure - webdo","canonical":"https:\/\/www.webdo.tn\/fr\/actualite\/national\/affaire-douane-slimane-ourak-blanchi-apres-quatorze-ans-de-procedure\/377008\/","og_locale":"fr_FR","og_type":"article","og_title":"Affaire Douane : Slimane Ourak blanchi apr\u00e8s quatorze ans de proc\u00e9dure","og_description":"La Chambre criminelle sp\u00e9cialis\u00e9e dans les affaires de corruption financi\u00e8re, aupr\u00e8s du Tribunal de premi\u00e8re instance de Tunis, a prononc\u00e9 ce lundi un non-lieu en faveur de Slimane Ourak, ancien directeur g\u00e9n\u00e9ral de la Douane tunisienne. Cette d\u00e9cision met fin \u00e0 une longue proc\u00e9dure judiciaire engag\u00e9e il y a plus de dix ans, portant sur [&hellip;]","og_url":"https:\/\/www.webdo.tn\/fr\/actualite\/national\/affaire-douane-slimane-ourak-blanchi-apres-quatorze-ans-de-procedure\/377008\/","og_site_name":"webdo","article_publisher":"https:\/\/www.facebook.com\/webdotn","article_published_time":"2025-06-09T16:54:27+00:00","article_modified_time":"2025-06-10T07:43:47+00:00","og_image":[{"width":458,"height":258,"url":"https:\/\/www.webdo.tn\/fr\/wp-content\/uploads\/2025\/06\/samir-wrak.jpg","type":"image\/jpeg"}],"author":"Ramzi Haddad","twitter_card":"summary_large_image","twitter_creator":"@webdo_tn","twitter_site":"@webdo_tn","twitter_misc":{"\u00c9crit par":"Ramzi Haddad","Dur\u00e9e de lecture estim\u00e9e":"2 minutes"},"schema":{"@context":"https:\/\/schema.org","@graph":[{"@type":"NewsArticle","@id":"https:\/\/www.webdo.tn\/fr\/actualite\/national\/affaire-douane-slimane-ourak-blanchi-apres-quatorze-ans-de-procedure\/377008\/#article","isPartOf":{"@id":"https:\/\/www.webdo.tn\/fr\/actualite\/national\/affaire-douane-slimane-ourak-blanchi-apres-quatorze-ans-de-procedure\/377008\/"},"author":{"name":"Ramzi Haddad","@id":"https:\/\/www.webdo.tn\/fr\/#\/schema\/person\/5663044c25eb36d8f88ba5b653f12f8c"},"headline":"Affaire Douane : Slimane Ourak blanchi apr\u00e8s quatorze ans de proc\u00e9dure","datePublished":"2025-06-09T16:54:27+00:00","dateModified":"2025-06-10T07:43:47+00:00","mainEntityOfPage":{"@id":"https:\/\/www.webdo.tn\/fr\/actualite\/national\/affaire-douane-slimane-ourak-blanchi-apres-quatorze-ans-de-procedure\/377008\/"},"wordCount":233,"commentCount":0,"publisher":{"@id":"https:\/\/www.webdo.tn\/fr\/#organization"},"image":{"@id":"https:\/\/www.webdo.tn\/fr\/actualite\/national\/affaire-douane-slimane-ourak-blanchi-apres-quatorze-ans-de-procedure\/377008\/#primaryimage"},"thumbnailUrl":"https:\/\/www.webdo.tn\/fr\/wp-content\/uploads\/2025\/06\/samir-wrak.jpg","keywords":["concours de sergents","Douane tunisienne","Non-lieu","Slimane Ourak"],"articleSection":["National"],"inLanguage":"fr-FR"},{"@type":"WebPage","@id":"https:\/\/www.webdo.tn\/fr\/actualite\/national\/affaire-douane-slimane-ourak-blanchi-apres-quatorze-ans-de-procedure\/377008\/","url":"https:\/\/www.webdo.tn\/fr\/actualite\/national\/affaire-douane-slimane-ourak-blanchi-apres-quatorze-ans-de-procedure\/377008\/","name":"Affaire Douane : Slimane Ourak blanchi apr\u00e8s quatorze ans de proc\u00e9dure - webdo","isPartOf":{"@id":"https:\/\/www.webdo.tn\/fr\/#website"},"primaryImageOfPage":{"@id":"https:\/\/www.webdo.tn\/fr\/actualite\/national\/affaire-douane-slimane-ourak-blanchi-apres-quatorze-ans-de-procedure\/377008\/#primaryimage"},"image":{"@id":"https:\/\/www.webdo.tn\/fr\/actualite\/national\/affaire-douane-slimane-ourak-blanchi-apres-quatorze-ans-de-procedure\/377008\/#primaryimage"},"thumbnailUrl":"https:\/\/www.webdo.tn\/fr\/wp-content\/uploads\/2025\/06\/samir-wrak.jpg","datePublished":"2025-06-09T16:54:27+00:00","dateModified":"2025-06-10T07:43:47+00:00","breadcrumb":{"@id":"https:\/\/www.webdo.tn\/fr\/actualite\/national\/affaire-douane-slimane-ourak-blanchi-apres-quatorze-ans-de-procedure\/377008\/#breadcrumb"},"inLanguage":"fr-FR","potentialAction":[{"@type":"ReadAction","target":["https:\/\/www.webdo.tn\/fr\/actualite\/national\/affaire-douane-slimane-ourak-blanchi-apres-quatorze-ans-de-procedure\/377008\/"]}]},{"@type":"ImageObject","inLanguage":"fr-FR","@id":"https:\/\/www.webdo.tn\/fr\/actualite\/national\/affaire-douane-slimane-ourak-blanchi-apres-quatorze-ans-de-procedure\/377008\/#primaryimage","url":"https:\/\/www.webdo.tn\/fr\/wp-content\/uploads\/2025\/06\/samir-wrak.jpg","contentUrl":"https:\/\/www.webdo.tn\/fr\/wp-content\/uploads\/2025\/06\/samir-wrak.jpg","width":458,"height":258},{"@type":"BreadcrumbList","@id":"https:\/\/www.webdo.tn\/fr\/actualite\/national\/affaire-douane-slimane-ourak-blanchi-apres-quatorze-ans-de-procedure\/377008\/#breadcrumb","itemListElement":[{"@type":"ListItem","position":1,"name":"Accueil","item":"https:\/\/www.webdo.tn\/fr\/"},{"@type":"ListItem","position":2,"name":"Affaire Douane : Slimane Ourak blanchi apr\u00e8s quatorze ans de proc\u00e9dure"}]},{"@type":"WebSite","@id":"https:\/\/www.webdo.tn\/fr\/#website","url":"https:\/\/www.webdo.tn\/fr\/","name":"webdo","description":"Tunisie - News en Tunisie et \u00e0 l&#039;international sur Webdo.tn","publisher":{"@id":"https:\/\/www.webdo.tn\/fr\/#organization"},"potentialAction":[{"@type":"SearchAction","target":{"@type":"EntryPoint","urlTemplate":"https:\/\/www.webdo.tn\/fr\/?s={search_term_string}"},"query-input":{"@type":"PropertyValueSpecification","valueRequired":true,"valueName":"search_term_string"}}],"inLanguage":"fr-FR"},{"@type":"Organization","@id":"https:\/\/www.webdo.tn\/fr\/#organization","name":"Webdo","alternateName":"Webdo.tn","url":"https:\/\/www.webdo.tn\/fr\/","logo":{"@type":"ImageObject","inLanguage":"fr-FR","@id":"https:\/\/www.webdo.tn\/fr\/#\/schema\/logo\/image\/","url":"https:\/\/www.webdo.tn\/fr\/wp-content\/uploads\/2025\/06\/Webdo-Tunisie_168377.jpg","contentUrl":"https:\/\/www.webdo.tn\/fr\/wp-content\/uploads\/2025\/06\/Webdo-Tunisie_168377.jpg","width":301,"height":301,"caption":"Webdo"},"image":{"@id":"https:\/\/www.webdo.tn\/fr\/#\/schema\/logo\/image\/"},"sameAs":["https:\/\/www.facebook.com\/webdotn","https:\/\/x.com\/webdo_tn"],"description":"Webdo est un m\u00e9dia num\u00e9rique tunisien fond\u00e9 en 2010, sp\u00e9cialis\u00e9 dans l\u2019actualit\u00e9 nationale et internationale, l\u2019\u00e9conomie, la soci\u00e9t\u00e9 et les analyses politiques. Le site s\u2019adresse \u00e0 un large public francophone et couvre l\u2019information tunisienne en temps r\u00e9el.","email":"redac@webdo.tn","legalName":"YNJ SARL","foundingDate":"2010-09-06","numberOfEmployees":{"@type":"QuantitativeValue","minValue":"11","maxValue":"50"}},{"@type":"Person","@id":"https:\/\/www.webdo.tn\/fr\/#\/schema\/person\/5663044c25eb36d8f88ba5b653f12f8c","name":"Ramzi Haddad","image":{"@type":"ImageObject","inLanguage":"fr-FR","@id":"https:\/\/www.webdo.tn\/fr\/wp-content\/uploads\/2026\/04\/ramzi-haddad_avatar-96x96.jpg","url":"https:\/\/www.webdo.tn\/fr\/wp-content\/uploads\/2026\/04\/ramzi-haddad_avatar-96x96.jpg","contentUrl":"https:\/\/www.webdo.tn\/fr\/wp-content\/uploads\/2026\/04\/ramzi-haddad_avatar-96x96.jpg","caption":"Ramzi Haddad"},"description":"Signature \u00e9ditoriale de Walid Ben Youssef Ramzi Haddad est le pseudonyme \u00e9ditorial de Walid Ben Youssef, fondateur et g\u00e9rant de Webdo.tn. Cette signature est d\u00e9di\u00e9e \u00e0 la couverture de l'actualit\u00e9 nationale et internationale, ainsi qu'aux analyses des dynamiques num\u00e9riques. Ce profil b\u00e9n\u00e9ficie de l'expertise de Walid Ben Youssef, pionnier du web en Tunisie depuis 2000 et dipl\u00f4m\u00e9 en Math\u00e9matiques pures de l'Universit\u00e9 d'Oregon. \u00c0 travers cette signature, la r\u00e9daction de Webdo garantit une information structur\u00e9e et v\u00e9rifi\u00e9e, fid\u00e8le aux standards journalistiques du m\u00e9dia.","url":"https:\/\/www.webdo.tn\/fr\/actualite\/author\/ramzi-haddad\/"}]}},"_links":{"self":[{"href":"https:\/\/www.webdo.tn\/fr\/wp-json\/wp\/v2\/posts\/377008","targetHints":{"allow":["GET"]}}],"collection":[{"href":"https:\/\/www.webdo.tn\/fr\/wp-json\/wp\/v2\/posts"}],"about":[{"href":"https:\/\/www.webdo.tn\/fr\/wp-json\/wp\/v2\/types\/post"}],"author":[{"embeddable":true,"href":"https:\/\/www.webdo.tn\/fr\/wp-json\/wp\/v2\/users\/3203"}],"replies":[{"embeddable":true,"href":"https:\/\/www.webdo.tn\/fr\/wp-json\/wp\/v2\/comments?post=377008"}],"version-history":[{"count":0,"href":"https:\/\/www.webdo.tn\/fr\/wp-json\/wp\/v2\/posts\/377008\/revisions"}],"wp:featuredmedia":[{"embeddable":true,"href":"https:\/\/www.webdo.tn\/fr\/wp-json\/wp\/v2\/media\/377010"}],"wp:attachment":[{"href":"https:\/\/www.webdo.tn\/fr\/wp-json\/wp\/v2\/media?parent=377008"}],"wp:term":[{"taxonomy":"category","embeddable":true,"href":"https:\/\/www.webdo.tn\/fr\/wp-json\/wp\/v2\/categories?post=377008"},{"taxonomy":"post_tag","embeddable":true,"href":"https:\/\/www.webdo.tn\/fr\/wp-json\/wp\/v2\/tags?post=377008"}],"curies":[{"name":"wp","href":"https:\/\/api.w.org\/{rel}","templated":true}]}}