{"id":377005,"date":"2025-06-09T15:14:27","date_gmt":"2025-06-09T15:14:27","guid":{"rendered":"https:\/\/www.webdo.tn\/fr\/?p=377005"},"modified":"2025-06-10T07:43:32","modified_gmt":"2025-06-10T07:43:32","slug":"tunisie-non-lieu-pour-le-journaliste-khelifa-guesmi","status":"publish","type":"post","link":"https:\/\/www.webdo.tn\/fr\/actualite\/national\/tunisie-non-lieu-pour-le-journaliste-khelifa-guesmi\/377005\/","title":{"rendered":"Tunisie\u00a0: Non-lieu pour le journaliste Khelifa Guesmi"},"content":{"rendered":"\n<p><strong>Apr\u00e8s avoir \u00e9t\u00e9 condamn\u00e9 \u00e0 un an de prison en premi\u00e8re instance, puis \u00e0 cinq ans en appel, le journaliste Khalifa Guesmi vient d\u2019obtenir un non-lieu de la Cour d\u2019appel de Tunis. Cette d\u00e9cision marque l\u2019\u00e9pilogue d\u2019un proc\u00e8s.<\/strong><\/p>\n\n\n\n<p>La justice a mis un terme, ce lundi 9 juin, \u00e0 l\u2019affaire qui a suscit\u00e9 de vifs d\u00e9bats dans les milieux m\u00e9diatiques et juridiques. La chambre criminelle de la Cour d\u2019appel de Tunis a prononc\u00e9 un non-lieu en faveur de Khelifa Guesmi, journaliste et correspondant de Mosa\u00efque FM \u00e0 Kairouan, rapporte la radio aujourd\u2019hui. Il \u00e9tait poursuivi pour avoir diffus\u00e9, en mars 2022, des informations relatives au d\u00e9mant\u00e8lement d\u2019une cellule terroriste dans sa r\u00e9gion.<\/p>\n\n\n\n<p>Le journaliste avait alors refus\u00e9 de r\u00e9v\u00e9ler l\u2019identit\u00e9 de ses sources, ce qui lui avait valu des poursuites sur la base de la loi antiterroriste. En novembre 2022, le tribunal de premi\u00e8re instance de Tunis le condamnait \u00e0 un an de prison. La peine avait \u00e9t\u00e9 lourdement alourdie \u00e0 cinq ans en appel, en mai 2023, suscitant une vague d\u2019indignation parmi les d\u00e9fenseurs des droits humains et les syndicats de journalistes.<\/p>\n\n\n\n<p>Durant toute la proc\u00e9dure, Khalifa Guesmi a ni\u00e9 avoir enfreint la loi et a toujours invoqu\u00e9 son devoir professionnel de prot\u00e9ger ses sources. Il avait \u00e9t\u00e9 lib\u00e9r\u00e9 en janvier 2024, apr\u00e8s plusieurs mois de d\u00e9tention, mais restait sous la menace d\u2019une condamnation d\u00e9finitive.<\/p>\n\n\n\n<p>La d\u00e9cision de la Chambre criminelle de la Cour d&rsquo;appel de Tunis annule les pr\u00e9c\u00e9dents jugements et \u00e9carte toutes les charges retenues contre Khelifa Guesmi.<\/p>\n","protected":false},"excerpt":{"rendered":"<p>Apr\u00e8s avoir \u00e9t\u00e9 condamn\u00e9 \u00e0 un an de prison en premi\u00e8re instance, puis \u00e0 cinq ans en appel, le journaliste Khalifa Guesmi vient d\u2019obtenir un non-lieu de la Cour d\u2019appel de Tunis. Cette d\u00e9cision marque l\u2019\u00e9pilogue d\u2019un proc\u00e8s. La justice a mis un terme, ce lundi 9 juin, \u00e0 l\u2019affaire qui a suscit\u00e9 de vifs [&hellip;]<\/p>\n","protected":false},"author":3162,"featured_media":377006,"comment_status":"open","ping_status":"open","sticky":false,"template":"","format":"standard","meta":{"footnotes":""},"categories":[44],"tags":[2619,6889,2762,2608],"class_list":["post-377005","post","type-post","status-publish","format-standard","has-post-thumbnail","hentry","category-national","tag-justice","tag-khelifa-guesmi","tag-presse","tag-tunisie"],"yoast_head":"<!-- This site is optimized with the Yoast SEO Premium plugin v27.4 (Yoast SEO v27.5) - https:\/\/yoast.com\/product\/yoast-seo-premium-wordpress\/ -->\n<title>Tunisie\u00a0: Non-lieu pour le journaliste Khelifa Guesmi - webdo<\/title>\n<meta name=\"description\" content=\"Le journaliste Khelifa Guesmi, initialement condamn\u00e9 \u00e0 cinq ans de prison, a b\u00e9n\u00e9fici\u00e9 d\u2019un non-lieu.\" \/>\n<link rel=\"canonical\" href=\"https:\/\/www.webdo.tn\/fr\/actualite\/national\/tunisie-non-lieu-pour-le-journaliste-khelifa-guesmi\/377005\/\" \/>\n<meta property=\"og:locale\" content=\"fr_FR\" \/>\n<meta property=\"og:type\" content=\"article\" \/>\n<meta property=\"og:title\" content=\"Tunisie\u00a0: Non-lieu pour le journaliste Khelifa Guesmi\" \/>\n<meta property=\"og:description\" content=\"Le journaliste Khelifa Guesmi, initialement condamn\u00e9 \u00e0 cinq ans de prison, a b\u00e9n\u00e9fici\u00e9 d\u2019un non-lieu.\" \/>\n<meta property=\"og:url\" content=\"https:\/\/www.webdo.tn\/fr\/actualite\/national\/tunisie-non-lieu-pour-le-journaliste-khelifa-guesmi\/377005\/\" \/>\n<meta property=\"og:site_name\" content=\"webdo\" \/>\n<meta property=\"article:publisher\" content=\"https:\/\/www.facebook.com\/webdotn\" \/>\n<meta property=\"article:published_time\" content=\"2025-06-09T15:14:27+00:00\" \/>\n<meta property=\"article:modified_time\" content=\"2025-06-10T07:43:32+00:00\" \/>\n<meta property=\"og:image\" content=\"https:\/\/www.webdo.tn\/fr\/wp-content\/uploads\/2025\/06\/khalifa_guesmi_condamne_a_5_ans_de_prison_1684229815-850x506-1.jpg\" \/>\n\t<meta property=\"og:image:width\" content=\"850\" \/>\n\t<meta property=\"og:image:height\" content=\"506\" \/>\n\t<meta property=\"og:image:type\" content=\"image\/jpeg\" \/>\n<meta name=\"author\" content=\"MC\" \/>\n<meta name=\"twitter:card\" content=\"summary_large_image\" \/>\n<meta name=\"twitter:creator\" content=\"@webdo_tn\" \/>\n<meta name=\"twitter:site\" content=\"@webdo_tn\" \/>\n<meta name=\"twitter:label1\" content=\"\u00c9crit par\" \/>\n\t<meta name=\"twitter:data1\" content=\"MC\" \/>\n\t<meta name=\"twitter:label2\" content=\"Dur\u00e9e de lecture estim\u00e9e\" \/>\n\t<meta name=\"twitter:data2\" content=\"2 minutes\" \/>\n<script type=\"application\/ld+json\" class=\"yoast-schema-graph\">{\"@context\":\"https:\\\/\\\/schema.org\",\"@graph\":[{\"@type\":\"NewsArticle\",\"@id\":\"https:\\\/\\\/www.webdo.tn\\\/fr\\\/actualite\\\/national\\\/tunisie-non-lieu-pour-le-journaliste-khelifa-guesmi\\\/377005\\\/#article\",\"isPartOf\":{\"@id\":\"https:\\\/\\\/www.webdo.tn\\\/fr\\\/actualite\\\/national\\\/tunisie-non-lieu-pour-le-journaliste-khelifa-guesmi\\\/377005\\\/\"},\"author\":{\"name\":\"MC\",\"@id\":\"https:\\\/\\\/www.webdo.tn\\\/fr\\\/#\\\/schema\\\/person\\\/2c4929cbf5a809e3bd38617c6ce150f6\"},\"headline\":\"Tunisie\u00a0: Non-lieu pour le journaliste Khelifa Guesmi\",\"datePublished\":\"2025-06-09T15:14:27+00:00\",\"dateModified\":\"2025-06-10T07:43:32+00:00\",\"mainEntityOfPage\":{\"@id\":\"https:\\\/\\\/www.webdo.tn\\\/fr\\\/actualite\\\/national\\\/tunisie-non-lieu-pour-le-journaliste-khelifa-guesmi\\\/377005\\\/\"},\"wordCount\":282,\"commentCount\":0,\"publisher\":{\"@id\":\"https:\\\/\\\/www.webdo.tn\\\/fr\\\/#organization\"},\"image\":{\"@id\":\"https:\\\/\\\/www.webdo.tn\\\/fr\\\/actualite\\\/national\\\/tunisie-non-lieu-pour-le-journaliste-khelifa-guesmi\\\/377005\\\/#primaryimage\"},\"thumbnailUrl\":\"https:\\\/\\\/www.webdo.tn\\\/fr\\\/wp-content\\\/uploads\\\/2025\\\/06\\\/khalifa_guesmi_condamne_a_5_ans_de_prison_1684229815-850x506-1.jpg\",\"keywords\":[\"justice\",\"khelifa guesmi\",\"presse\",\"Tunisie\"],\"articleSection\":[\"National\"],\"inLanguage\":\"fr-FR\"},{\"@type\":\"WebPage\",\"@id\":\"https:\\\/\\\/www.webdo.tn\\\/fr\\\/actualite\\\/national\\\/tunisie-non-lieu-pour-le-journaliste-khelifa-guesmi\\\/377005\\\/\",\"url\":\"https:\\\/\\\/www.webdo.tn\\\/fr\\\/actualite\\\/national\\\/tunisie-non-lieu-pour-le-journaliste-khelifa-guesmi\\\/377005\\\/\",\"name\":\"Tunisie\u00a0: Non-lieu pour le journaliste Khelifa Guesmi - webdo\",\"isPartOf\":{\"@id\":\"https:\\\/\\\/www.webdo.tn\\\/fr\\\/#website\"},\"primaryImageOfPage\":{\"@id\":\"https:\\\/\\\/www.webdo.tn\\\/fr\\\/actualite\\\/national\\\/tunisie-non-lieu-pour-le-journaliste-khelifa-guesmi\\\/377005\\\/#primaryimage\"},\"image\":{\"@id\":\"https:\\\/\\\/www.webdo.tn\\\/fr\\\/actualite\\\/national\\\/tunisie-non-lieu-pour-le-journaliste-khelifa-guesmi\\\/377005\\\/#primaryimage\"},\"thumbnailUrl\":\"https:\\\/\\\/www.webdo.tn\\\/fr\\\/wp-content\\\/uploads\\\/2025\\\/06\\\/khalifa_guesmi_condamne_a_5_ans_de_prison_1684229815-850x506-1.jpg\",\"datePublished\":\"2025-06-09T15:14:27+00:00\",\"dateModified\":\"2025-06-10T07:43:32+00:00\",\"description\":\"Le journaliste Khelifa Guesmi, initialement condamn\u00e9 \u00e0 cinq ans de prison, a b\u00e9n\u00e9fici\u00e9 d\u2019un non-lieu.\",\"breadcrumb\":{\"@id\":\"https:\\\/\\\/www.webdo.tn\\\/fr\\\/actualite\\\/national\\\/tunisie-non-lieu-pour-le-journaliste-khelifa-guesmi\\\/377005\\\/#breadcrumb\"},\"inLanguage\":\"fr-FR\",\"potentialAction\":[{\"@type\":\"ReadAction\",\"target\":[\"https:\\\/\\\/www.webdo.tn\\\/fr\\\/actualite\\\/national\\\/tunisie-non-lieu-pour-le-journaliste-khelifa-guesmi\\\/377005\\\/\"]}]},{\"@type\":\"ImageObject\",\"inLanguage\":\"fr-FR\",\"@id\":\"https:\\\/\\\/www.webdo.tn\\\/fr\\\/actualite\\\/national\\\/tunisie-non-lieu-pour-le-journaliste-khelifa-guesmi\\\/377005\\\/#primaryimage\",\"url\":\"https:\\\/\\\/www.webdo.tn\\\/fr\\\/wp-content\\\/uploads\\\/2025\\\/06\\\/khalifa_guesmi_condamne_a_5_ans_de_prison_1684229815-850x506-1.jpg\",\"contentUrl\":\"https:\\\/\\\/www.webdo.tn\\\/fr\\\/wp-content\\\/uploads\\\/2025\\\/06\\\/khalifa_guesmi_condamne_a_5_ans_de_prison_1684229815-850x506-1.jpg\",\"width\":850,\"height\":506},{\"@type\":\"BreadcrumbList\",\"@id\":\"https:\\\/\\\/www.webdo.tn\\\/fr\\\/actualite\\\/national\\\/tunisie-non-lieu-pour-le-journaliste-khelifa-guesmi\\\/377005\\\/#breadcrumb\",\"itemListElement\":[{\"@type\":\"ListItem\",\"position\":1,\"name\":\"Accueil\",\"item\":\"https:\\\/\\\/www.webdo.tn\\\/fr\\\/\"},{\"@type\":\"ListItem\",\"position\":2,\"name\":\"Tunisie\u00a0: Non-lieu pour le journaliste Khelifa Guesmi\"}]},{\"@type\":\"WebSite\",\"@id\":\"https:\\\/\\\/www.webdo.tn\\\/fr\\\/#website\",\"url\":\"https:\\\/\\\/www.webdo.tn\\\/fr\\\/\",\"name\":\"webdo\",\"description\":\"Tunisie - News en Tunisie et \u00e0 l&#039;international sur Webdo.tn\",\"publisher\":{\"@id\":\"https:\\\/\\\/www.webdo.tn\\\/fr\\\/#organization\"},\"potentialAction\":[{\"@type\":\"SearchAction\",\"target\":{\"@type\":\"EntryPoint\",\"urlTemplate\":\"https:\\\/\\\/www.webdo.tn\\\/fr\\\/?s={search_term_string}\"},\"query-input\":{\"@type\":\"PropertyValueSpecification\",\"valueRequired\":true,\"valueName\":\"search_term_string\"}}],\"inLanguage\":\"fr-FR\"},{\"@type\":\"Organization\",\"@id\":\"https:\\\/\\\/www.webdo.tn\\\/fr\\\/#organization\",\"name\":\"Webdo\",\"alternateName\":\"Webdo.tn\",\"url\":\"https:\\\/\\\/www.webdo.tn\\\/fr\\\/\",\"logo\":{\"@type\":\"ImageObject\",\"inLanguage\":\"fr-FR\",\"@id\":\"https:\\\/\\\/www.webdo.tn\\\/fr\\\/#\\\/schema\\\/logo\\\/image\\\/\",\"url\":\"https:\\\/\\\/www.webdo.tn\\\/fr\\\/wp-content\\\/uploads\\\/2025\\\/06\\\/Webdo-Tunisie_168377.jpg\",\"contentUrl\":\"https:\\\/\\\/www.webdo.tn\\\/fr\\\/wp-content\\\/uploads\\\/2025\\\/06\\\/Webdo-Tunisie_168377.jpg\",\"width\":301,\"height\":301,\"caption\":\"Webdo\"},\"image\":{\"@id\":\"https:\\\/\\\/www.webdo.tn\\\/fr\\\/#\\\/schema\\\/logo\\\/image\\\/\"},\"sameAs\":[\"https:\\\/\\\/www.facebook.com\\\/webdotn\",\"https:\\\/\\\/x.com\\\/webdo_tn\"],\"description\":\"Webdo est un m\u00e9dia num\u00e9rique tunisien fond\u00e9 en 2010, sp\u00e9cialis\u00e9 dans l\u2019actualit\u00e9 nationale et internationale, l\u2019\u00e9conomie, la soci\u00e9t\u00e9 et les analyses politiques. Le site s\u2019adresse \u00e0 un large public francophone et couvre l\u2019information tunisienne en temps r\u00e9el.\",\"email\":\"redac@webdo.tn\",\"legalName\":\"YNJ SARL\",\"foundingDate\":\"2010-09-06\",\"numberOfEmployees\":{\"@type\":\"QuantitativeValue\",\"minValue\":\"11\",\"maxValue\":\"50\"}},{\"@type\":\"Person\",\"@id\":\"https:\\\/\\\/www.webdo.tn\\\/fr\\\/#\\\/schema\\\/person\\\/2c4929cbf5a809e3bd38617c6ce150f6\",\"name\":\"MC\",\"image\":{\"@type\":\"ImageObject\",\"inLanguage\":\"fr-FR\",\"@id\":\"https:\\\/\\\/secure.gravatar.com\\\/avatar\\\/a545bbb6f84efdd5553dbbc2895e3ca8f1d12c5215e00a041c9670b54aa9b18a?s=96&d=mm&r=g\",\"url\":\"https:\\\/\\\/secure.gravatar.com\\\/avatar\\\/a545bbb6f84efdd5553dbbc2895e3ca8f1d12c5215e00a041c9670b54aa9b18a?s=96&d=mm&r=g\",\"contentUrl\":\"https:\\\/\\\/secure.gravatar.com\\\/avatar\\\/a545bbb6f84efdd5553dbbc2895e3ca8f1d12c5215e00a041c9670b54aa9b18a?s=96&d=mm&r=g\",\"caption\":\"MC\"},\"url\":\"https:\\\/\\\/www.webdo.tn\\\/fr\\\/actualite\\\/author\\\/mc\\\/\"}]}<\/script>\n<!-- \/ Yoast SEO Premium plugin. -->","yoast_head_json":{"title":"Tunisie\u00a0: Non-lieu pour le journaliste Khelifa Guesmi - webdo","description":"Le journaliste Khelifa Guesmi, initialement condamn\u00e9 \u00e0 cinq ans de prison, a b\u00e9n\u00e9fici\u00e9 d\u2019un non-lieu.","canonical":"https:\/\/www.webdo.tn\/fr\/actualite\/national\/tunisie-non-lieu-pour-le-journaliste-khelifa-guesmi\/377005\/","og_locale":"fr_FR","og_type":"article","og_title":"Tunisie\u00a0: Non-lieu pour le journaliste Khelifa Guesmi","og_description":"Le journaliste Khelifa Guesmi, initialement condamn\u00e9 \u00e0 cinq ans de prison, a b\u00e9n\u00e9fici\u00e9 d\u2019un non-lieu.","og_url":"https:\/\/www.webdo.tn\/fr\/actualite\/national\/tunisie-non-lieu-pour-le-journaliste-khelifa-guesmi\/377005\/","og_site_name":"webdo","article_publisher":"https:\/\/www.facebook.com\/webdotn","article_published_time":"2025-06-09T15:14:27+00:00","article_modified_time":"2025-06-10T07:43:32+00:00","og_image":[{"width":850,"height":506,"url":"https:\/\/www.webdo.tn\/fr\/wp-content\/uploads\/2025\/06\/khalifa_guesmi_condamne_a_5_ans_de_prison_1684229815-850x506-1.jpg","type":"image\/jpeg"}],"author":"MC","twitter_card":"summary_large_image","twitter_creator":"@webdo_tn","twitter_site":"@webdo_tn","twitter_misc":{"\u00c9crit par":"MC","Dur\u00e9e de lecture estim\u00e9e":"2 minutes"},"schema":{"@context":"https:\/\/schema.org","@graph":[{"@type":"NewsArticle","@id":"https:\/\/www.webdo.tn\/fr\/actualite\/national\/tunisie-non-lieu-pour-le-journaliste-khelifa-guesmi\/377005\/#article","isPartOf":{"@id":"https:\/\/www.webdo.tn\/fr\/actualite\/national\/tunisie-non-lieu-pour-le-journaliste-khelifa-guesmi\/377005\/"},"author":{"name":"MC","@id":"https:\/\/www.webdo.tn\/fr\/#\/schema\/person\/2c4929cbf5a809e3bd38617c6ce150f6"},"headline":"Tunisie\u00a0: Non-lieu pour le journaliste Khelifa Guesmi","datePublished":"2025-06-09T15:14:27+00:00","dateModified":"2025-06-10T07:43:32+00:00","mainEntityOfPage":{"@id":"https:\/\/www.webdo.tn\/fr\/actualite\/national\/tunisie-non-lieu-pour-le-journaliste-khelifa-guesmi\/377005\/"},"wordCount":282,"commentCount":0,"publisher":{"@id":"https:\/\/www.webdo.tn\/fr\/#organization"},"image":{"@id":"https:\/\/www.webdo.tn\/fr\/actualite\/national\/tunisie-non-lieu-pour-le-journaliste-khelifa-guesmi\/377005\/#primaryimage"},"thumbnailUrl":"https:\/\/www.webdo.tn\/fr\/wp-content\/uploads\/2025\/06\/khalifa_guesmi_condamne_a_5_ans_de_prison_1684229815-850x506-1.jpg","keywords":["justice","khelifa guesmi","presse","Tunisie"],"articleSection":["National"],"inLanguage":"fr-FR"},{"@type":"WebPage","@id":"https:\/\/www.webdo.tn\/fr\/actualite\/national\/tunisie-non-lieu-pour-le-journaliste-khelifa-guesmi\/377005\/","url":"https:\/\/www.webdo.tn\/fr\/actualite\/national\/tunisie-non-lieu-pour-le-journaliste-khelifa-guesmi\/377005\/","name":"Tunisie\u00a0: Non-lieu pour le journaliste Khelifa Guesmi - webdo","isPartOf":{"@id":"https:\/\/www.webdo.tn\/fr\/#website"},"primaryImageOfPage":{"@id":"https:\/\/www.webdo.tn\/fr\/actualite\/national\/tunisie-non-lieu-pour-le-journaliste-khelifa-guesmi\/377005\/#primaryimage"},"image":{"@id":"https:\/\/www.webdo.tn\/fr\/actualite\/national\/tunisie-non-lieu-pour-le-journaliste-khelifa-guesmi\/377005\/#primaryimage"},"thumbnailUrl":"https:\/\/www.webdo.tn\/fr\/wp-content\/uploads\/2025\/06\/khalifa_guesmi_condamne_a_5_ans_de_prison_1684229815-850x506-1.jpg","datePublished":"2025-06-09T15:14:27+00:00","dateModified":"2025-06-10T07:43:32+00:00","description":"Le journaliste Khelifa Guesmi, initialement condamn\u00e9 \u00e0 cinq ans de prison, a b\u00e9n\u00e9fici\u00e9 d\u2019un non-lieu.","breadcrumb":{"@id":"https:\/\/www.webdo.tn\/fr\/actualite\/national\/tunisie-non-lieu-pour-le-journaliste-khelifa-guesmi\/377005\/#breadcrumb"},"inLanguage":"fr-FR","potentialAction":[{"@type":"ReadAction","target":["https:\/\/www.webdo.tn\/fr\/actualite\/national\/tunisie-non-lieu-pour-le-journaliste-khelifa-guesmi\/377005\/"]}]},{"@type":"ImageObject","inLanguage":"fr-FR","@id":"https:\/\/www.webdo.tn\/fr\/actualite\/national\/tunisie-non-lieu-pour-le-journaliste-khelifa-guesmi\/377005\/#primaryimage","url":"https:\/\/www.webdo.tn\/fr\/wp-content\/uploads\/2025\/06\/khalifa_guesmi_condamne_a_5_ans_de_prison_1684229815-850x506-1.jpg","contentUrl":"https:\/\/www.webdo.tn\/fr\/wp-content\/uploads\/2025\/06\/khalifa_guesmi_condamne_a_5_ans_de_prison_1684229815-850x506-1.jpg","width":850,"height":506},{"@type":"BreadcrumbList","@id":"https:\/\/www.webdo.tn\/fr\/actualite\/national\/tunisie-non-lieu-pour-le-journaliste-khelifa-guesmi\/377005\/#breadcrumb","itemListElement":[{"@type":"ListItem","position":1,"name":"Accueil","item":"https:\/\/www.webdo.tn\/fr\/"},{"@type":"ListItem","position":2,"name":"Tunisie\u00a0: Non-lieu pour le journaliste Khelifa Guesmi"}]},{"@type":"WebSite","@id":"https:\/\/www.webdo.tn\/fr\/#website","url":"https:\/\/www.webdo.tn\/fr\/","name":"webdo","description":"Tunisie - News en Tunisie et \u00e0 l&#039;international sur Webdo.tn","publisher":{"@id":"https:\/\/www.webdo.tn\/fr\/#organization"},"potentialAction":[{"@type":"SearchAction","target":{"@type":"EntryPoint","urlTemplate":"https:\/\/www.webdo.tn\/fr\/?s={search_term_string}"},"query-input":{"@type":"PropertyValueSpecification","valueRequired":true,"valueName":"search_term_string"}}],"inLanguage":"fr-FR"},{"@type":"Organization","@id":"https:\/\/www.webdo.tn\/fr\/#organization","name":"Webdo","alternateName":"Webdo.tn","url":"https:\/\/www.webdo.tn\/fr\/","logo":{"@type":"ImageObject","inLanguage":"fr-FR","@id":"https:\/\/www.webdo.tn\/fr\/#\/schema\/logo\/image\/","url":"https:\/\/www.webdo.tn\/fr\/wp-content\/uploads\/2025\/06\/Webdo-Tunisie_168377.jpg","contentUrl":"https:\/\/www.webdo.tn\/fr\/wp-content\/uploads\/2025\/06\/Webdo-Tunisie_168377.jpg","width":301,"height":301,"caption":"Webdo"},"image":{"@id":"https:\/\/www.webdo.tn\/fr\/#\/schema\/logo\/image\/"},"sameAs":["https:\/\/www.facebook.com\/webdotn","https:\/\/x.com\/webdo_tn"],"description":"Webdo est un m\u00e9dia num\u00e9rique tunisien fond\u00e9 en 2010, sp\u00e9cialis\u00e9 dans l\u2019actualit\u00e9 nationale et internationale, l\u2019\u00e9conomie, la soci\u00e9t\u00e9 et les analyses politiques. Le site s\u2019adresse \u00e0 un large public francophone et couvre l\u2019information tunisienne en temps r\u00e9el.","email":"redac@webdo.tn","legalName":"YNJ SARL","foundingDate":"2010-09-06","numberOfEmployees":{"@type":"QuantitativeValue","minValue":"11","maxValue":"50"}},{"@type":"Person","@id":"https:\/\/www.webdo.tn\/fr\/#\/schema\/person\/2c4929cbf5a809e3bd38617c6ce150f6","name":"MC","image":{"@type":"ImageObject","inLanguage":"fr-FR","@id":"https:\/\/secure.gravatar.com\/avatar\/a545bbb6f84efdd5553dbbc2895e3ca8f1d12c5215e00a041c9670b54aa9b18a?s=96&d=mm&r=g","url":"https:\/\/secure.gravatar.com\/avatar\/a545bbb6f84efdd5553dbbc2895e3ca8f1d12c5215e00a041c9670b54aa9b18a?s=96&d=mm&r=g","contentUrl":"https:\/\/secure.gravatar.com\/avatar\/a545bbb6f84efdd5553dbbc2895e3ca8f1d12c5215e00a041c9670b54aa9b18a?s=96&d=mm&r=g","caption":"MC"},"url":"https:\/\/www.webdo.tn\/fr\/actualite\/author\/mc\/"}]}},"_links":{"self":[{"href":"https:\/\/www.webdo.tn\/fr\/wp-json\/wp\/v2\/posts\/377005","targetHints":{"allow":["GET"]}}],"collection":[{"href":"https:\/\/www.webdo.tn\/fr\/wp-json\/wp\/v2\/posts"}],"about":[{"href":"https:\/\/www.webdo.tn\/fr\/wp-json\/wp\/v2\/types\/post"}],"author":[{"embeddable":true,"href":"https:\/\/www.webdo.tn\/fr\/wp-json\/wp\/v2\/users\/3162"}],"replies":[{"embeddable":true,"href":"https:\/\/www.webdo.tn\/fr\/wp-json\/wp\/v2\/comments?post=377005"}],"version-history":[{"count":0,"href":"https:\/\/www.webdo.tn\/fr\/wp-json\/wp\/v2\/posts\/377005\/revisions"}],"wp:featuredmedia":[{"embeddable":true,"href":"https:\/\/www.webdo.tn\/fr\/wp-json\/wp\/v2\/media\/377006"}],"wp:attachment":[{"href":"https:\/\/www.webdo.tn\/fr\/wp-json\/wp\/v2\/media?parent=377005"}],"wp:term":[{"taxonomy":"category","embeddable":true,"href":"https:\/\/www.webdo.tn\/fr\/wp-json\/wp\/v2\/categories?post=377005"},{"taxonomy":"post_tag","embeddable":true,"href":"https:\/\/www.webdo.tn\/fr\/wp-json\/wp\/v2\/tags?post=377005"}],"curies":[{"name":"wp","href":"https:\/\/api.w.org\/{rel}","templated":true}]}}