{"id":376987,"date":"2025-06-09T12:47:07","date_gmt":"2025-06-09T12:47:07","guid":{"rendered":"https:\/\/www.webdo.tn\/fr\/?p=376987"},"modified":"2025-06-09T12:56:29","modified_gmt":"2025-06-09T12:56:29","slug":"nouveau-variant-du-coronavirus-pas-dinquietude-en-tunisie","status":"publish","type":"post","link":"https:\/\/www.webdo.tn\/fr\/actualite\/national\/nouveau-variant-du-coronavirus-pas-dinquietude-en-tunisie\/376987\/","title":{"rendered":"Nouveau variant du coronavirus : Pas d\u2019inqui\u00e9tude en Tunisie"},"content":{"rendered":"\n<p><\/p>\n\n\n\n<p><strong>La Tunisie a atteint un bon niveau d\u2019immunit\u00e9 acquise contre le Covid-19, ce qui permet au pays de rester \u00e0 l\u2019abri de nouvelles vagues de contamination, m\u00eame avec l\u2019\u00e9mergence du nouveau variant \u00ab\u00a0Nimbus\u00a0\u00bb. <\/strong><\/p>\n\n\n\n<p>C\u2019est ce qu\u2019a affirm\u00e9 ce lundi le directeur g\u00e9n\u00e9ral du Centre national de vigilance pharmacologique, Riadh Daghfous, dans une d\u00e9claration \u00e0 l\u2019agence TAP. Selon lui, ce variant ne repr\u00e9sente pas une menace s\u00e9rieuse pour la Tunisie, d\u2019autant plus que ses sympt\u00f4mes sont jug\u00e9s moins s\u00e9v\u00e8res que ceux des virus saisonniers.<\/p>\n\n\n\n<p>Le professeur Daghfous a pr\u00e9cis\u00e9 qu\u2019aucune contamination par le variant Nimbus n\u2019a \u00e9t\u00e9 d\u00e9tect\u00e9e \u00e0 ce jour sur le territoire tunisien. Il a \u00e9galement tenu \u00e0 rassurer la population en affirmant que ce variant n\u2019a pas la capacit\u00e9 de provoquer une flamb\u00e9e importante de cas graves. La relative l\u00e9g\u00e8ret\u00e9 des sympt\u00f4mes, combin\u00e9e \u00e0 la forte immunit\u00e9 collective, limite consid\u00e9rablement les risques de propagation rapide.<\/p>\n\n\n\n<p>Cette immunit\u00e9, selon le responsable, s\u2019est construite depuis l\u2019apparition du Covid-19 en Tunisie en mars 2020, gr\u00e2ce \u00e0 la fois aux contaminations naturelles et aux campagnes de vaccination men\u00e9es \u00e0 l\u2019\u00e9chelle nationale. Il a ajout\u00e9 que le laboratoire de r\u00e9f\u00e9rence de l\u2019h\u00f4pital Charles Nicolle a constat\u00e9 une baisse significative de la circulation du virus dans le pays, avec une moyenne de deux cas par semaine seulement enregistr\u00e9e au cours de la derni\u00e8re ann\u00e9e.<\/p>\n\n\n\n<p>Depuis pr\u00e8s d\u2019un mois, la Tunisie ne recense plus aucun cas de Covid-19, une situation qui la distingue des pays europ\u00e9ens confront\u00e9s r\u00e9cemment \u00e0 un regain d\u2019infections. Cette stabilit\u00e9 \u00e9pid\u00e9miologique t\u00e9moigne de l\u2019efficacit\u00e9 des mesures sanitaires adopt\u00e9es et du niveau de protection de la population face au virus.<\/p>\n\n\n\n<p>Toutefois, Riadh Daghfous a appel\u00e9 \u00e0 ne pas rel\u00e2cher la vigilance, notamment face aux virus saisonniers qui continuent \u00e0 circuler et provoquent des hospitalisations, surtout chez les personnes atteintes de maladies chroniques. Il a rappel\u00e9 que le variant Nimbus, une sous-variante d\u2019Omicron connue sous le nom scientifique N.B.1.8.1, est apparu en Chine en janvier 2024 avant de se propager \u00e0 plusieurs pays europ\u00e9ens depuis mars et avril 2025. Sa part dans les contaminations mondiales est pass\u00e9e de 2 % \u00e0 environ 10 % en un mois.<\/p>\n","protected":false},"excerpt":{"rendered":"<p>La Tunisie a atteint un bon niveau d\u2019immunit\u00e9 acquise contre le Covid-19, ce qui permet au pays de rester \u00e0 l\u2019abri de nouvelles vagues de contamination, m\u00eame avec l\u2019\u00e9mergence du nouveau variant \u00ab\u00a0Nimbus\u00a0\u00bb. C\u2019est ce qu\u2019a affirm\u00e9 ce lundi le directeur g\u00e9n\u00e9ral du Centre national de vigilance pharmacologique, Riadh Daghfous, dans une d\u00e9claration \u00e0 l\u2019agence [&hellip;]<\/p>\n","protected":false},"author":3184,"featured_media":376988,"comment_status":"open","ping_status":"open","sticky":false,"template":"","format":"standard","meta":{"footnotes":""},"categories":[44],"tags":[],"class_list":["post-376987","post","type-post","status-publish","format-standard","has-post-thumbnail","hentry","category-national"],"yoast_head":"<!-- This site is optimized with the Yoast SEO Premium plugin v27.5 (Yoast SEO v27.5) - https:\/\/yoast.com\/product\/yoast-seo-premium-wordpress\/ -->\n<title>Nouveau variant du coronavirus : Pas d\u2019inqui\u00e9tude en Tunisie - webdo<\/title>\n<link rel=\"canonical\" href=\"https:\/\/www.webdo.tn\/fr\/actualite\/national\/nouveau-variant-du-coronavirus-pas-dinquietude-en-tunisie\/376987\/\" \/>\n<meta property=\"og:locale\" content=\"fr_FR\" \/>\n<meta property=\"og:type\" content=\"article\" \/>\n<meta property=\"og:title\" content=\"Nouveau variant du coronavirus : Pas d\u2019inqui\u00e9tude en Tunisie\" \/>\n<meta property=\"og:description\" content=\"La Tunisie a atteint un bon niveau d\u2019immunit\u00e9 acquise contre le Covid-19, ce qui permet au pays de rester \u00e0 l\u2019abri de nouvelles vagues de contamination, m\u00eame avec l\u2019\u00e9mergence du nouveau variant \u00ab\u00a0Nimbus\u00a0\u00bb. C\u2019est ce qu\u2019a affirm\u00e9 ce lundi le directeur g\u00e9n\u00e9ral du Centre national de vigilance pharmacologique, Riadh Daghfous, dans une d\u00e9claration \u00e0 l\u2019agence [&hellip;]\" \/>\n<meta property=\"og:url\" content=\"https:\/\/www.webdo.tn\/fr\/actualite\/national\/nouveau-variant-du-coronavirus-pas-dinquietude-en-tunisie\/376987\/\" \/>\n<meta property=\"og:site_name\" content=\"webdo\" \/>\n<meta property=\"article:publisher\" content=\"https:\/\/www.facebook.com\/webdotn\" \/>\n<meta property=\"article:published_time\" content=\"2025-06-09T12:47:07+00:00\" \/>\n<meta property=\"article:modified_time\" content=\"2025-06-09T12:56:29+00:00\" \/>\n<meta property=\"og:image\" content=\"https:\/\/www.webdo.tn\/fr\/wp-content\/uploads\/2025\/06\/\u062f\u063a\u0641\u0648\u0633-\u0627\u0644\u0645\u062a\u062d\u0648\u0631-\u0627\u0644\u062c\u062f\u064a\u062f-\u0644\u0627-\u064a\u0645\u062b\u0644-\u062e\u0637\u0648\u0631\u0629-\u0639\u0644\u0649-\u0628\u0644\u0627\u062f\u0646\u0627.jpg\" \/>\n\t<meta property=\"og:image:width\" content=\"630\" \/>\n\t<meta property=\"og:image:height\" content=\"353\" \/>\n\t<meta property=\"og:image:type\" content=\"image\/jpeg\" \/>\n<meta name=\"author\" content=\"Wided Belhaj\" \/>\n<meta name=\"twitter:card\" content=\"summary_large_image\" \/>\n<meta name=\"twitter:creator\" content=\"@webdo_tn\" \/>\n<meta name=\"twitter:site\" content=\"@webdo_tn\" \/>\n<meta name=\"twitter:label1\" content=\"\u00c9crit par\" \/>\n\t<meta name=\"twitter:data1\" content=\"Wided Belhaj\" \/>\n\t<meta name=\"twitter:label2\" content=\"Dur\u00e9e de lecture estim\u00e9e\" \/>\n\t<meta name=\"twitter:data2\" content=\"3 minutes\" \/>\n<script type=\"application\/ld+json\" class=\"yoast-schema-graph\">{\"@context\":\"https:\\\/\\\/schema.org\",\"@graph\":[{\"@type\":\"NewsArticle\",\"@id\":\"https:\\\/\\\/www.webdo.tn\\\/fr\\\/actualite\\\/national\\\/nouveau-variant-du-coronavirus-pas-dinquietude-en-tunisie\\\/376987\\\/#article\",\"isPartOf\":{\"@id\":\"https:\\\/\\\/www.webdo.tn\\\/fr\\\/actualite\\\/national\\\/nouveau-variant-du-coronavirus-pas-dinquietude-en-tunisie\\\/376987\\\/\"},\"author\":{\"name\":\"Wided Belhaj\",\"@id\":\"https:\\\/\\\/www.webdo.tn\\\/fr\\\/#\\\/schema\\\/person\\\/b9ecde7a5574cb4fcf4b496ea5fadb15\"},\"headline\":\"Nouveau variant du coronavirus : Pas d\u2019inqui\u00e9tude en Tunisie\",\"datePublished\":\"2025-06-09T12:47:07+00:00\",\"dateModified\":\"2025-06-09T12:56:29+00:00\",\"mainEntityOfPage\":{\"@id\":\"https:\\\/\\\/www.webdo.tn\\\/fr\\\/actualite\\\/national\\\/nouveau-variant-du-coronavirus-pas-dinquietude-en-tunisie\\\/376987\\\/\"},\"wordCount\":401,\"commentCount\":0,\"publisher\":{\"@id\":\"https:\\\/\\\/www.webdo.tn\\\/fr\\\/#organization\"},\"image\":{\"@id\":\"https:\\\/\\\/www.webdo.tn\\\/fr\\\/actualite\\\/national\\\/nouveau-variant-du-coronavirus-pas-dinquietude-en-tunisie\\\/376987\\\/#primaryimage\"},\"thumbnailUrl\":\"https:\\\/\\\/www.webdo.tn\\\/fr\\\/wp-content\\\/uploads\\\/2025\\\/06\\\/\u062f\u063a\u0641\u0648\u0633-\u0627\u0644\u0645\u062a\u062d\u0648\u0631-\u0627\u0644\u062c\u062f\u064a\u062f-\u0644\u0627-\u064a\u0645\u062b\u0644-\u062e\u0637\u0648\u0631\u0629-\u0639\u0644\u0649-\u0628\u0644\u0627\u062f\u0646\u0627.jpg\",\"articleSection\":[\"National\"],\"inLanguage\":\"fr-FR\"},{\"@type\":\"WebPage\",\"@id\":\"https:\\\/\\\/www.webdo.tn\\\/fr\\\/actualite\\\/national\\\/nouveau-variant-du-coronavirus-pas-dinquietude-en-tunisie\\\/376987\\\/\",\"url\":\"https:\\\/\\\/www.webdo.tn\\\/fr\\\/actualite\\\/national\\\/nouveau-variant-du-coronavirus-pas-dinquietude-en-tunisie\\\/376987\\\/\",\"name\":\"Nouveau variant du coronavirus : Pas d\u2019inqui\u00e9tude en Tunisie - webdo\",\"isPartOf\":{\"@id\":\"https:\\\/\\\/www.webdo.tn\\\/fr\\\/#website\"},\"primaryImageOfPage\":{\"@id\":\"https:\\\/\\\/www.webdo.tn\\\/fr\\\/actualite\\\/national\\\/nouveau-variant-du-coronavirus-pas-dinquietude-en-tunisie\\\/376987\\\/#primaryimage\"},\"image\":{\"@id\":\"https:\\\/\\\/www.webdo.tn\\\/fr\\\/actualite\\\/national\\\/nouveau-variant-du-coronavirus-pas-dinquietude-en-tunisie\\\/376987\\\/#primaryimage\"},\"thumbnailUrl\":\"https:\\\/\\\/www.webdo.tn\\\/fr\\\/wp-content\\\/uploads\\\/2025\\\/06\\\/\u062f\u063a\u0641\u0648\u0633-\u0627\u0644\u0645\u062a\u062d\u0648\u0631-\u0627\u0644\u062c\u062f\u064a\u062f-\u0644\u0627-\u064a\u0645\u062b\u0644-\u062e\u0637\u0648\u0631\u0629-\u0639\u0644\u0649-\u0628\u0644\u0627\u062f\u0646\u0627.jpg\",\"datePublished\":\"2025-06-09T12:47:07+00:00\",\"dateModified\":\"2025-06-09T12:56:29+00:00\",\"breadcrumb\":{\"@id\":\"https:\\\/\\\/www.webdo.tn\\\/fr\\\/actualite\\\/national\\\/nouveau-variant-du-coronavirus-pas-dinquietude-en-tunisie\\\/376987\\\/#breadcrumb\"},\"inLanguage\":\"fr-FR\",\"potentialAction\":[{\"@type\":\"ReadAction\",\"target\":[\"https:\\\/\\\/www.webdo.tn\\\/fr\\\/actualite\\\/national\\\/nouveau-variant-du-coronavirus-pas-dinquietude-en-tunisie\\\/376987\\\/\"]}]},{\"@type\":\"ImageObject\",\"inLanguage\":\"fr-FR\",\"@id\":\"https:\\\/\\\/www.webdo.tn\\\/fr\\\/actualite\\\/national\\\/nouveau-variant-du-coronavirus-pas-dinquietude-en-tunisie\\\/376987\\\/#primaryimage\",\"url\":\"https:\\\/\\\/www.webdo.tn\\\/fr\\\/wp-content\\\/uploads\\\/2025\\\/06\\\/\u062f\u063a\u0641\u0648\u0633-\u0627\u0644\u0645\u062a\u062d\u0648\u0631-\u0627\u0644\u062c\u062f\u064a\u062f-\u0644\u0627-\u064a\u0645\u062b\u0644-\u062e\u0637\u0648\u0631\u0629-\u0639\u0644\u0649-\u0628\u0644\u0627\u062f\u0646\u0627.jpg\",\"contentUrl\":\"https:\\\/\\\/www.webdo.tn\\\/fr\\\/wp-content\\\/uploads\\\/2025\\\/06\\\/\u062f\u063a\u0641\u0648\u0633-\u0627\u0644\u0645\u062a\u062d\u0648\u0631-\u0627\u0644\u062c\u062f\u064a\u062f-\u0644\u0627-\u064a\u0645\u062b\u0644-\u062e\u0637\u0648\u0631\u0629-\u0639\u0644\u0649-\u0628\u0644\u0627\u062f\u0646\u0627.jpg\",\"width\":630,\"height\":353},{\"@type\":\"BreadcrumbList\",\"@id\":\"https:\\\/\\\/www.webdo.tn\\\/fr\\\/actualite\\\/national\\\/nouveau-variant-du-coronavirus-pas-dinquietude-en-tunisie\\\/376987\\\/#breadcrumb\",\"itemListElement\":[{\"@type\":\"ListItem\",\"position\":1,\"name\":\"Accueil\",\"item\":\"https:\\\/\\\/www.webdo.tn\\\/fr\\\/\"},{\"@type\":\"ListItem\",\"position\":2,\"name\":\"Nouveau variant du coronavirus : Pas d\u2019inqui\u00e9tude en Tunisie\"}]},{\"@type\":\"WebSite\",\"@id\":\"https:\\\/\\\/www.webdo.tn\\\/fr\\\/#website\",\"url\":\"https:\\\/\\\/www.webdo.tn\\\/fr\\\/\",\"name\":\"webdo\",\"description\":\"Tunisie - News en Tunisie et \u00e0 l&#039;international sur Webdo.tn\",\"publisher\":{\"@id\":\"https:\\\/\\\/www.webdo.tn\\\/fr\\\/#organization\"},\"potentialAction\":[{\"@type\":\"SearchAction\",\"target\":{\"@type\":\"EntryPoint\",\"urlTemplate\":\"https:\\\/\\\/www.webdo.tn\\\/fr\\\/?s={search_term_string}\"},\"query-input\":{\"@type\":\"PropertyValueSpecification\",\"valueRequired\":true,\"valueName\":\"search_term_string\"}}],\"inLanguage\":\"fr-FR\"},{\"@type\":\"Organization\",\"@id\":\"https:\\\/\\\/www.webdo.tn\\\/fr\\\/#organization\",\"name\":\"Webdo\",\"alternateName\":\"Webdo.tn\",\"url\":\"https:\\\/\\\/www.webdo.tn\\\/fr\\\/\",\"logo\":{\"@type\":\"ImageObject\",\"inLanguage\":\"fr-FR\",\"@id\":\"https:\\\/\\\/www.webdo.tn\\\/fr\\\/#\\\/schema\\\/logo\\\/image\\\/\",\"url\":\"https:\\\/\\\/www.webdo.tn\\\/fr\\\/wp-content\\\/uploads\\\/2025\\\/06\\\/Webdo-Tunisie_168377.jpg\",\"contentUrl\":\"https:\\\/\\\/www.webdo.tn\\\/fr\\\/wp-content\\\/uploads\\\/2025\\\/06\\\/Webdo-Tunisie_168377.jpg\",\"width\":301,\"height\":301,\"caption\":\"Webdo\"},\"image\":{\"@id\":\"https:\\\/\\\/www.webdo.tn\\\/fr\\\/#\\\/schema\\\/logo\\\/image\\\/\"},\"sameAs\":[\"https:\\\/\\\/www.facebook.com\\\/webdotn\",\"https:\\\/\\\/x.com\\\/webdo_tn\"],\"description\":\"Webdo est un m\u00e9dia num\u00e9rique tunisien fond\u00e9 en 2010, sp\u00e9cialis\u00e9 dans l\u2019actualit\u00e9 nationale et internationale, l\u2019\u00e9conomie, la soci\u00e9t\u00e9 et les analyses politiques. Le site s\u2019adresse \u00e0 un large public francophone et couvre l\u2019information tunisienne en temps r\u00e9el.\",\"email\":\"redac@webdo.tn\",\"legalName\":\"YNJ SARL\",\"foundingDate\":\"2010-09-06\",\"numberOfEmployees\":{\"@type\":\"QuantitativeValue\",\"minValue\":\"11\",\"maxValue\":\"50\"}},{\"@type\":\"Person\",\"@id\":\"https:\\\/\\\/www.webdo.tn\\\/fr\\\/#\\\/schema\\\/person\\\/b9ecde7a5574cb4fcf4b496ea5fadb15\",\"name\":\"Wided Belhaj\",\"image\":{\"@type\":\"ImageObject\",\"inLanguage\":\"fr-FR\",\"@id\":\"https:\\\/\\\/www.webdo.tn\\\/fr\\\/wp-content\\\/uploads\\\/2026\\\/04\\\/wided-belhaj_avatar-96x96.jpg\",\"url\":\"https:\\\/\\\/www.webdo.tn\\\/fr\\\/wp-content\\\/uploads\\\/2026\\\/04\\\/wided-belhaj_avatar-96x96.jpg\",\"contentUrl\":\"https:\\\/\\\/www.webdo.tn\\\/fr\\\/wp-content\\\/uploads\\\/2026\\\/04\\\/wided-belhaj_avatar-96x96.jpg\",\"caption\":\"Wided Belhaj\"},\"description\":\"Wided Belhaj est le pseudonyme \u00e9ditorial utilis\u00e9 par Khalil Jelassi, journaliste, ma\u00eetre-assistant \u00e0 l\u2019Institut de presse et des sciences de l\u2019information (IPSI) et chercheur en sciences de l\u2019information et de la communication. Cette signature est d\u00e9di\u00e9e \u00e0 l\u2019analyse des m\u00e9dias, des pratiques journalistiques et des mutations de l\u2019information \u00e0 l\u2019\u00e8re digitale. \u00c0 travers ses contributions, Wided Belhaj propose une lecture analytique de l\u2019actualit\u00e9, en croisant regard critique et expertise acad\u00e9mique.\",\"knowsAbout\":[\"m\u00e9dias\",\"journalisme\",\"communication\",\"information\",\"transformation num\u00e9rique\",\"analyse des m\u00e9dias\"],\"knowsLanguage\":[\"Fran\u00e7ais\",\"Arabe\"],\"jobTitle\":\"Webdo.tn\",\"worksFor\":\"Journaliste \u2013 Analyse des m\u00e9dias\",\"url\":\"https:\\\/\\\/www.webdo.tn\\\/fr\\\/actualite\\\/author\\\/wided-belhaj\\\/\"}]}<\/script>\n<!-- \/ Yoast SEO Premium plugin. -->","yoast_head_json":{"title":"Nouveau variant du coronavirus : Pas d\u2019inqui\u00e9tude en Tunisie - webdo","canonical":"https:\/\/www.webdo.tn\/fr\/actualite\/national\/nouveau-variant-du-coronavirus-pas-dinquietude-en-tunisie\/376987\/","og_locale":"fr_FR","og_type":"article","og_title":"Nouveau variant du coronavirus : Pas d\u2019inqui\u00e9tude en Tunisie","og_description":"La Tunisie a atteint un bon niveau d\u2019immunit\u00e9 acquise contre le Covid-19, ce qui permet au pays de rester \u00e0 l\u2019abri de nouvelles vagues de contamination, m\u00eame avec l\u2019\u00e9mergence du nouveau variant \u00ab\u00a0Nimbus\u00a0\u00bb. C\u2019est ce qu\u2019a affirm\u00e9 ce lundi le directeur g\u00e9n\u00e9ral du Centre national de vigilance pharmacologique, Riadh Daghfous, dans une d\u00e9claration \u00e0 l\u2019agence [&hellip;]","og_url":"https:\/\/www.webdo.tn\/fr\/actualite\/national\/nouveau-variant-du-coronavirus-pas-dinquietude-en-tunisie\/376987\/","og_site_name":"webdo","article_publisher":"https:\/\/www.facebook.com\/webdotn","article_published_time":"2025-06-09T12:47:07+00:00","article_modified_time":"2025-06-09T12:56:29+00:00","og_image":[{"width":630,"height":353,"url":"https:\/\/www.webdo.tn\/fr\/wp-content\/uploads\/2025\/06\/\u062f\u063a\u0641\u0648\u0633-\u0627\u0644\u0645\u062a\u062d\u0648\u0631-\u0627\u0644\u062c\u062f\u064a\u062f-\u0644\u0627-\u064a\u0645\u062b\u0644-\u062e\u0637\u0648\u0631\u0629-\u0639\u0644\u0649-\u0628\u0644\u0627\u062f\u0646\u0627.jpg","type":"image\/jpeg"}],"author":"Wided Belhaj","twitter_card":"summary_large_image","twitter_creator":"@webdo_tn","twitter_site":"@webdo_tn","twitter_misc":{"\u00c9crit par":"Wided Belhaj","Dur\u00e9e de lecture estim\u00e9e":"3 minutes"},"schema":{"@context":"https:\/\/schema.org","@graph":[{"@type":"NewsArticle","@id":"https:\/\/www.webdo.tn\/fr\/actualite\/national\/nouveau-variant-du-coronavirus-pas-dinquietude-en-tunisie\/376987\/#article","isPartOf":{"@id":"https:\/\/www.webdo.tn\/fr\/actualite\/national\/nouveau-variant-du-coronavirus-pas-dinquietude-en-tunisie\/376987\/"},"author":{"name":"Wided Belhaj","@id":"https:\/\/www.webdo.tn\/fr\/#\/schema\/person\/b9ecde7a5574cb4fcf4b496ea5fadb15"},"headline":"Nouveau variant du coronavirus : Pas d\u2019inqui\u00e9tude en Tunisie","datePublished":"2025-06-09T12:47:07+00:00","dateModified":"2025-06-09T12:56:29+00:00","mainEntityOfPage":{"@id":"https:\/\/www.webdo.tn\/fr\/actualite\/national\/nouveau-variant-du-coronavirus-pas-dinquietude-en-tunisie\/376987\/"},"wordCount":401,"commentCount":0,"publisher":{"@id":"https:\/\/www.webdo.tn\/fr\/#organization"},"image":{"@id":"https:\/\/www.webdo.tn\/fr\/actualite\/national\/nouveau-variant-du-coronavirus-pas-dinquietude-en-tunisie\/376987\/#primaryimage"},"thumbnailUrl":"https:\/\/www.webdo.tn\/fr\/wp-content\/uploads\/2025\/06\/\u062f\u063a\u0641\u0648\u0633-\u0627\u0644\u0645\u062a\u062d\u0648\u0631-\u0627\u0644\u062c\u062f\u064a\u062f-\u0644\u0627-\u064a\u0645\u062b\u0644-\u062e\u0637\u0648\u0631\u0629-\u0639\u0644\u0649-\u0628\u0644\u0627\u062f\u0646\u0627.jpg","articleSection":["National"],"inLanguage":"fr-FR"},{"@type":"WebPage","@id":"https:\/\/www.webdo.tn\/fr\/actualite\/national\/nouveau-variant-du-coronavirus-pas-dinquietude-en-tunisie\/376987\/","url":"https:\/\/www.webdo.tn\/fr\/actualite\/national\/nouveau-variant-du-coronavirus-pas-dinquietude-en-tunisie\/376987\/","name":"Nouveau variant du coronavirus : Pas d\u2019inqui\u00e9tude en Tunisie - webdo","isPartOf":{"@id":"https:\/\/www.webdo.tn\/fr\/#website"},"primaryImageOfPage":{"@id":"https:\/\/www.webdo.tn\/fr\/actualite\/national\/nouveau-variant-du-coronavirus-pas-dinquietude-en-tunisie\/376987\/#primaryimage"},"image":{"@id":"https:\/\/www.webdo.tn\/fr\/actualite\/national\/nouveau-variant-du-coronavirus-pas-dinquietude-en-tunisie\/376987\/#primaryimage"},"thumbnailUrl":"https:\/\/www.webdo.tn\/fr\/wp-content\/uploads\/2025\/06\/\u062f\u063a\u0641\u0648\u0633-\u0627\u0644\u0645\u062a\u062d\u0648\u0631-\u0627\u0644\u062c\u062f\u064a\u062f-\u0644\u0627-\u064a\u0645\u062b\u0644-\u062e\u0637\u0648\u0631\u0629-\u0639\u0644\u0649-\u0628\u0644\u0627\u062f\u0646\u0627.jpg","datePublished":"2025-06-09T12:47:07+00:00","dateModified":"2025-06-09T12:56:29+00:00","breadcrumb":{"@id":"https:\/\/www.webdo.tn\/fr\/actualite\/national\/nouveau-variant-du-coronavirus-pas-dinquietude-en-tunisie\/376987\/#breadcrumb"},"inLanguage":"fr-FR","potentialAction":[{"@type":"ReadAction","target":["https:\/\/www.webdo.tn\/fr\/actualite\/national\/nouveau-variant-du-coronavirus-pas-dinquietude-en-tunisie\/376987\/"]}]},{"@type":"ImageObject","inLanguage":"fr-FR","@id":"https:\/\/www.webdo.tn\/fr\/actualite\/national\/nouveau-variant-du-coronavirus-pas-dinquietude-en-tunisie\/376987\/#primaryimage","url":"https:\/\/www.webdo.tn\/fr\/wp-content\/uploads\/2025\/06\/\u062f\u063a\u0641\u0648\u0633-\u0627\u0644\u0645\u062a\u062d\u0648\u0631-\u0627\u0644\u062c\u062f\u064a\u062f-\u0644\u0627-\u064a\u0645\u062b\u0644-\u062e\u0637\u0648\u0631\u0629-\u0639\u0644\u0649-\u0628\u0644\u0627\u062f\u0646\u0627.jpg","contentUrl":"https:\/\/www.webdo.tn\/fr\/wp-content\/uploads\/2025\/06\/\u062f\u063a\u0641\u0648\u0633-\u0627\u0644\u0645\u062a\u062d\u0648\u0631-\u0627\u0644\u062c\u062f\u064a\u062f-\u0644\u0627-\u064a\u0645\u062b\u0644-\u062e\u0637\u0648\u0631\u0629-\u0639\u0644\u0649-\u0628\u0644\u0627\u062f\u0646\u0627.jpg","width":630,"height":353},{"@type":"BreadcrumbList","@id":"https:\/\/www.webdo.tn\/fr\/actualite\/national\/nouveau-variant-du-coronavirus-pas-dinquietude-en-tunisie\/376987\/#breadcrumb","itemListElement":[{"@type":"ListItem","position":1,"name":"Accueil","item":"https:\/\/www.webdo.tn\/fr\/"},{"@type":"ListItem","position":2,"name":"Nouveau variant du coronavirus : Pas d\u2019inqui\u00e9tude en Tunisie"}]},{"@type":"WebSite","@id":"https:\/\/www.webdo.tn\/fr\/#website","url":"https:\/\/www.webdo.tn\/fr\/","name":"webdo","description":"Tunisie - News en Tunisie et \u00e0 l&#039;international sur Webdo.tn","publisher":{"@id":"https:\/\/www.webdo.tn\/fr\/#organization"},"potentialAction":[{"@type":"SearchAction","target":{"@type":"EntryPoint","urlTemplate":"https:\/\/www.webdo.tn\/fr\/?s={search_term_string}"},"query-input":{"@type":"PropertyValueSpecification","valueRequired":true,"valueName":"search_term_string"}}],"inLanguage":"fr-FR"},{"@type":"Organization","@id":"https:\/\/www.webdo.tn\/fr\/#organization","name":"Webdo","alternateName":"Webdo.tn","url":"https:\/\/www.webdo.tn\/fr\/","logo":{"@type":"ImageObject","inLanguage":"fr-FR","@id":"https:\/\/www.webdo.tn\/fr\/#\/schema\/logo\/image\/","url":"https:\/\/www.webdo.tn\/fr\/wp-content\/uploads\/2025\/06\/Webdo-Tunisie_168377.jpg","contentUrl":"https:\/\/www.webdo.tn\/fr\/wp-content\/uploads\/2025\/06\/Webdo-Tunisie_168377.jpg","width":301,"height":301,"caption":"Webdo"},"image":{"@id":"https:\/\/www.webdo.tn\/fr\/#\/schema\/logo\/image\/"},"sameAs":["https:\/\/www.facebook.com\/webdotn","https:\/\/x.com\/webdo_tn"],"description":"Webdo est un m\u00e9dia num\u00e9rique tunisien fond\u00e9 en 2010, sp\u00e9cialis\u00e9 dans l\u2019actualit\u00e9 nationale et internationale, l\u2019\u00e9conomie, la soci\u00e9t\u00e9 et les analyses politiques. Le site s\u2019adresse \u00e0 un large public francophone et couvre l\u2019information tunisienne en temps r\u00e9el.","email":"redac@webdo.tn","legalName":"YNJ SARL","foundingDate":"2010-09-06","numberOfEmployees":{"@type":"QuantitativeValue","minValue":"11","maxValue":"50"}},{"@type":"Person","@id":"https:\/\/www.webdo.tn\/fr\/#\/schema\/person\/b9ecde7a5574cb4fcf4b496ea5fadb15","name":"Wided Belhaj","image":{"@type":"ImageObject","inLanguage":"fr-FR","@id":"https:\/\/www.webdo.tn\/fr\/wp-content\/uploads\/2026\/04\/wided-belhaj_avatar-96x96.jpg","url":"https:\/\/www.webdo.tn\/fr\/wp-content\/uploads\/2026\/04\/wided-belhaj_avatar-96x96.jpg","contentUrl":"https:\/\/www.webdo.tn\/fr\/wp-content\/uploads\/2026\/04\/wided-belhaj_avatar-96x96.jpg","caption":"Wided Belhaj"},"description":"Wided Belhaj est le pseudonyme \u00e9ditorial utilis\u00e9 par Khalil Jelassi, journaliste, ma\u00eetre-assistant \u00e0 l\u2019Institut de presse et des sciences de l\u2019information (IPSI) et chercheur en sciences de l\u2019information et de la communication. Cette signature est d\u00e9di\u00e9e \u00e0 l\u2019analyse des m\u00e9dias, des pratiques journalistiques et des mutations de l\u2019information \u00e0 l\u2019\u00e8re digitale. \u00c0 travers ses contributions, Wided Belhaj propose une lecture analytique de l\u2019actualit\u00e9, en croisant regard critique et expertise acad\u00e9mique.","knowsAbout":["m\u00e9dias","journalisme","communication","information","transformation num\u00e9rique","analyse des m\u00e9dias"],"knowsLanguage":["Fran\u00e7ais","Arabe"],"jobTitle":"Webdo.tn","worksFor":"Journaliste \u2013 Analyse des m\u00e9dias","url":"https:\/\/www.webdo.tn\/fr\/actualite\/author\/wided-belhaj\/"}]}},"_links":{"self":[{"href":"https:\/\/www.webdo.tn\/fr\/wp-json\/wp\/v2\/posts\/376987","targetHints":{"allow":["GET"]}}],"collection":[{"href":"https:\/\/www.webdo.tn\/fr\/wp-json\/wp\/v2\/posts"}],"about":[{"href":"https:\/\/www.webdo.tn\/fr\/wp-json\/wp\/v2\/types\/post"}],"author":[{"embeddable":true,"href":"https:\/\/www.webdo.tn\/fr\/wp-json\/wp\/v2\/users\/3184"}],"replies":[{"embeddable":true,"href":"https:\/\/www.webdo.tn\/fr\/wp-json\/wp\/v2\/comments?post=376987"}],"version-history":[{"count":0,"href":"https:\/\/www.webdo.tn\/fr\/wp-json\/wp\/v2\/posts\/376987\/revisions"}],"wp:featuredmedia":[{"embeddable":true,"href":"https:\/\/www.webdo.tn\/fr\/wp-json\/wp\/v2\/media\/376988"}],"wp:attachment":[{"href":"https:\/\/www.webdo.tn\/fr\/wp-json\/wp\/v2\/media?parent=376987"}],"wp:term":[{"taxonomy":"category","embeddable":true,"href":"https:\/\/www.webdo.tn\/fr\/wp-json\/wp\/v2\/categories?post=376987"},{"taxonomy":"post_tag","embeddable":true,"href":"https:\/\/www.webdo.tn\/fr\/wp-json\/wp\/v2\/tags?post=376987"}],"curies":[{"name":"wp","href":"https:\/\/api.w.org\/{rel}","templated":true}]}}