{"id":376983,"date":"2025-06-09T12:15:48","date_gmt":"2025-06-09T12:15:48","guid":{"rendered":"https:\/\/www.webdo.tn\/fr\/?p=376983"},"modified":"2025-06-09T12:55:54","modified_gmt":"2025-06-09T12:55:54","slug":"tunisie-italie-reconnaissance-mutuelle-des-permis-de-conduire-a-partir-de-cette-date","status":"publish","type":"post","link":"https:\/\/www.webdo.tn\/fr\/actualite\/national\/tunisie-italie-reconnaissance-mutuelle-des-permis-de-conduire-a-partir-de-cette-date\/376983\/","title":{"rendered":"Tunisie &#8211; Italie : Reconnaissance mutuelle des permis de conduire \u00e0 partir de cette date"},"content":{"rendered":"\n<p><\/p>\n\n\n\n<p>L\u2019accord bilat\u00e9ral entre la Tunisie et l\u2019Italie concernant la <strong>reconnaissance mutuelle des permis de conduire en vue de leur \u00e9change<\/strong> entrera officiellement en vigueur <strong>le 20 juillet 2025<\/strong>, a annonc\u00e9 ce lundi l\u2019ambassade de Tunisie \u00e0 Rome.<\/p>\n\n\n\n<p>Dans un communiqu\u00e9 publi\u00e9 sur sa page Facebook, l\u2019ambassade a pr\u00e9cis\u00e9 que <strong>l\u2019entr\u00e9e en application<\/strong> de cet accord fait suite \u00e0 sa <strong>ratification par les instances l\u00e9gislatives des deux pays<\/strong>.<\/p>\n\n\n\n<p>L&rsquo;ARP avait approuv\u00e9 ce texte le <strong>13 mai 2025<\/strong>, par le biais d\u2019une loi fondamentale portant sur l\u2019approbation de l\u2019accord relatif \u00e0 la reconnaissance mutuelle des permis de conduire entre Tunis et Rome.<\/p>\n\n\n\n<p>Cet accord repr\u00e9sente une avanc\u00e9e concr\u00e8te pour les Tunisiens r\u00e9sidant en Italie, qui pourront d\u00e9sormais \u00e9changer leur permis de conduire tunisien contre un permis italien sans avoir \u00e0 repasser d\u2019examen, et vice versa. Une mesure attendue de longue date qui facilitera la mobilit\u00e9 et l\u2019int\u00e9gration des ressortissants dans les deux pays.<\/p>\n","protected":false},"excerpt":{"rendered":"<p>L\u2019accord bilat\u00e9ral entre la Tunisie et l\u2019Italie concernant la reconnaissance mutuelle des permis de conduire en vue de leur \u00e9change entrera officiellement en vigueur le 20 juillet 2025, a annonc\u00e9 ce lundi l\u2019ambassade de Tunisie \u00e0 Rome. Dans un communiqu\u00e9 publi\u00e9 sur sa page Facebook, l\u2019ambassade a pr\u00e9cis\u00e9 que l\u2019entr\u00e9e en application de cet accord [&hellip;]<\/p>\n","protected":false},"author":3184,"featured_media":376986,"comment_status":"open","ping_status":"open","sticky":false,"template":"","format":"standard","meta":{"footnotes":""},"categories":[44],"tags":[],"class_list":["post-376983","post","type-post","status-publish","format-standard","has-post-thumbnail","hentry","category-national"],"yoast_head":"<!-- This site is optimized with the Yoast SEO Premium plugin v27.5 (Yoast SEO v27.5) - https:\/\/yoast.com\/product\/yoast-seo-premium-wordpress\/ -->\n<title>Tunisie - Italie : Reconnaissance mutuelle des permis de conduire \u00e0 partir de cette date - webdo<\/title>\n<link rel=\"canonical\" href=\"https:\/\/www.webdo.tn\/fr\/actualite\/national\/tunisie-italie-reconnaissance-mutuelle-des-permis-de-conduire-a-partir-de-cette-date\/376983\/\" \/>\n<meta property=\"og:locale\" content=\"fr_FR\" \/>\n<meta property=\"og:type\" content=\"article\" \/>\n<meta property=\"og:title\" content=\"Tunisie - Italie : Reconnaissance mutuelle des permis de conduire \u00e0 partir de cette date\" \/>\n<meta property=\"og:description\" content=\"L\u2019accord bilat\u00e9ral entre la Tunisie et l\u2019Italie concernant la reconnaissance mutuelle des permis de conduire en vue de leur \u00e9change entrera officiellement en vigueur le 20 juillet 2025, a annonc\u00e9 ce lundi l\u2019ambassade de Tunisie \u00e0 Rome. Dans un communiqu\u00e9 publi\u00e9 sur sa page Facebook, l\u2019ambassade a pr\u00e9cis\u00e9 que l\u2019entr\u00e9e en application de cet accord [&hellip;]\" \/>\n<meta property=\"og:url\" content=\"https:\/\/www.webdo.tn\/fr\/actualite\/national\/tunisie-italie-reconnaissance-mutuelle-des-permis-de-conduire-a-partir-de-cette-date\/376983\/\" \/>\n<meta property=\"og:site_name\" content=\"webdo\" \/>\n<meta property=\"article:publisher\" content=\"https:\/\/www.facebook.com\/webdotn\" \/>\n<meta property=\"article:published_time\" content=\"2025-06-09T12:15:48+00:00\" \/>\n<meta property=\"article:modified_time\" content=\"2025-06-09T12:55:54+00:00\" \/>\n<meta property=\"og:image\" content=\"https:\/\/www.webdo.tn\/fr\/wp-content\/uploads\/2025\/06\/categories-de-permis-de-conduire_5b2045c2090ab.jpeg\" \/>\n\t<meta property=\"og:image:width\" content=\"653\" \/>\n\t<meta property=\"og:image:height\" content=\"344\" \/>\n\t<meta property=\"og:image:type\" content=\"image\/jpeg\" \/>\n<meta name=\"author\" content=\"Wided Belhaj\" \/>\n<meta name=\"twitter:card\" content=\"summary_large_image\" \/>\n<meta name=\"twitter:creator\" content=\"@webdo_tn\" \/>\n<meta name=\"twitter:site\" content=\"@webdo_tn\" \/>\n<meta name=\"twitter:label1\" content=\"\u00c9crit par\" \/>\n\t<meta name=\"twitter:data1\" content=\"Wided Belhaj\" \/>\n\t<meta name=\"twitter:label2\" content=\"Dur\u00e9e de lecture estim\u00e9e\" \/>\n\t<meta name=\"twitter:data2\" content=\"1 minute\" \/>\n<script type=\"application\/ld+json\" class=\"yoast-schema-graph\">{\"@context\":\"https:\\\/\\\/schema.org\",\"@graph\":[{\"@type\":\"NewsArticle\",\"@id\":\"https:\\\/\\\/www.webdo.tn\\\/fr\\\/actualite\\\/national\\\/tunisie-italie-reconnaissance-mutuelle-des-permis-de-conduire-a-partir-de-cette-date\\\/376983\\\/#article\",\"isPartOf\":{\"@id\":\"https:\\\/\\\/www.webdo.tn\\\/fr\\\/actualite\\\/national\\\/tunisie-italie-reconnaissance-mutuelle-des-permis-de-conduire-a-partir-de-cette-date\\\/376983\\\/\"},\"author\":{\"name\":\"Wided Belhaj\",\"@id\":\"https:\\\/\\\/www.webdo.tn\\\/fr\\\/#\\\/schema\\\/person\\\/b9ecde7a5574cb4fcf4b496ea5fadb15\"},\"headline\":\"Tunisie &#8211; Italie : Reconnaissance mutuelle des permis de conduire \u00e0 partir de cette date\",\"datePublished\":\"2025-06-09T12:15:48+00:00\",\"dateModified\":\"2025-06-09T12:55:54+00:00\",\"mainEntityOfPage\":{\"@id\":\"https:\\\/\\\/www.webdo.tn\\\/fr\\\/actualite\\\/national\\\/tunisie-italie-reconnaissance-mutuelle-des-permis-de-conduire-a-partir-de-cette-date\\\/376983\\\/\"},\"wordCount\":177,\"commentCount\":0,\"publisher\":{\"@id\":\"https:\\\/\\\/www.webdo.tn\\\/fr\\\/#organization\"},\"image\":{\"@id\":\"https:\\\/\\\/www.webdo.tn\\\/fr\\\/actualite\\\/national\\\/tunisie-italie-reconnaissance-mutuelle-des-permis-de-conduire-a-partir-de-cette-date\\\/376983\\\/#primaryimage\"},\"thumbnailUrl\":\"https:\\\/\\\/www.webdo.tn\\\/fr\\\/wp-content\\\/uploads\\\/2025\\\/06\\\/categories-de-permis-de-conduire_5b2045c2090ab.jpeg\",\"articleSection\":[\"National\"],\"inLanguage\":\"fr-FR\"},{\"@type\":\"WebPage\",\"@id\":\"https:\\\/\\\/www.webdo.tn\\\/fr\\\/actualite\\\/national\\\/tunisie-italie-reconnaissance-mutuelle-des-permis-de-conduire-a-partir-de-cette-date\\\/376983\\\/\",\"url\":\"https:\\\/\\\/www.webdo.tn\\\/fr\\\/actualite\\\/national\\\/tunisie-italie-reconnaissance-mutuelle-des-permis-de-conduire-a-partir-de-cette-date\\\/376983\\\/\",\"name\":\"Tunisie - Italie : Reconnaissance mutuelle des permis de conduire \u00e0 partir de cette date - webdo\",\"isPartOf\":{\"@id\":\"https:\\\/\\\/www.webdo.tn\\\/fr\\\/#website\"},\"primaryImageOfPage\":{\"@id\":\"https:\\\/\\\/www.webdo.tn\\\/fr\\\/actualite\\\/national\\\/tunisie-italie-reconnaissance-mutuelle-des-permis-de-conduire-a-partir-de-cette-date\\\/376983\\\/#primaryimage\"},\"image\":{\"@id\":\"https:\\\/\\\/www.webdo.tn\\\/fr\\\/actualite\\\/national\\\/tunisie-italie-reconnaissance-mutuelle-des-permis-de-conduire-a-partir-de-cette-date\\\/376983\\\/#primaryimage\"},\"thumbnailUrl\":\"https:\\\/\\\/www.webdo.tn\\\/fr\\\/wp-content\\\/uploads\\\/2025\\\/06\\\/categories-de-permis-de-conduire_5b2045c2090ab.jpeg\",\"datePublished\":\"2025-06-09T12:15:48+00:00\",\"dateModified\":\"2025-06-09T12:55:54+00:00\",\"breadcrumb\":{\"@id\":\"https:\\\/\\\/www.webdo.tn\\\/fr\\\/actualite\\\/national\\\/tunisie-italie-reconnaissance-mutuelle-des-permis-de-conduire-a-partir-de-cette-date\\\/376983\\\/#breadcrumb\"},\"inLanguage\":\"fr-FR\",\"potentialAction\":[{\"@type\":\"ReadAction\",\"target\":[\"https:\\\/\\\/www.webdo.tn\\\/fr\\\/actualite\\\/national\\\/tunisie-italie-reconnaissance-mutuelle-des-permis-de-conduire-a-partir-de-cette-date\\\/376983\\\/\"]}]},{\"@type\":\"ImageObject\",\"inLanguage\":\"fr-FR\",\"@id\":\"https:\\\/\\\/www.webdo.tn\\\/fr\\\/actualite\\\/national\\\/tunisie-italie-reconnaissance-mutuelle-des-permis-de-conduire-a-partir-de-cette-date\\\/376983\\\/#primaryimage\",\"url\":\"https:\\\/\\\/www.webdo.tn\\\/fr\\\/wp-content\\\/uploads\\\/2025\\\/06\\\/categories-de-permis-de-conduire_5b2045c2090ab.jpeg\",\"contentUrl\":\"https:\\\/\\\/www.webdo.tn\\\/fr\\\/wp-content\\\/uploads\\\/2025\\\/06\\\/categories-de-permis-de-conduire_5b2045c2090ab.jpeg\",\"width\":653,\"height\":344,\"caption\":\"Tunisie\u00a0- Permis de conduire : Nouvelle condition obligatoire d\u00e8s septembre\"},{\"@type\":\"BreadcrumbList\",\"@id\":\"https:\\\/\\\/www.webdo.tn\\\/fr\\\/actualite\\\/national\\\/tunisie-italie-reconnaissance-mutuelle-des-permis-de-conduire-a-partir-de-cette-date\\\/376983\\\/#breadcrumb\",\"itemListElement\":[{\"@type\":\"ListItem\",\"position\":1,\"name\":\"Accueil\",\"item\":\"https:\\\/\\\/www.webdo.tn\\\/fr\\\/\"},{\"@type\":\"ListItem\",\"position\":2,\"name\":\"Tunisie &#8211; Italie : Reconnaissance mutuelle des permis de conduire \u00e0 partir de cette date\"}]},{\"@type\":\"WebSite\",\"@id\":\"https:\\\/\\\/www.webdo.tn\\\/fr\\\/#website\",\"url\":\"https:\\\/\\\/www.webdo.tn\\\/fr\\\/\",\"name\":\"webdo\",\"description\":\"Tunisie - News en Tunisie et \u00e0 l&#039;international sur Webdo.tn\",\"publisher\":{\"@id\":\"https:\\\/\\\/www.webdo.tn\\\/fr\\\/#organization\"},\"potentialAction\":[{\"@type\":\"SearchAction\",\"target\":{\"@type\":\"EntryPoint\",\"urlTemplate\":\"https:\\\/\\\/www.webdo.tn\\\/fr\\\/?s={search_term_string}\"},\"query-input\":{\"@type\":\"PropertyValueSpecification\",\"valueRequired\":true,\"valueName\":\"search_term_string\"}}],\"inLanguage\":\"fr-FR\"},{\"@type\":\"Organization\",\"@id\":\"https:\\\/\\\/www.webdo.tn\\\/fr\\\/#organization\",\"name\":\"Webdo\",\"alternateName\":\"Webdo.tn\",\"url\":\"https:\\\/\\\/www.webdo.tn\\\/fr\\\/\",\"logo\":{\"@type\":\"ImageObject\",\"inLanguage\":\"fr-FR\",\"@id\":\"https:\\\/\\\/www.webdo.tn\\\/fr\\\/#\\\/schema\\\/logo\\\/image\\\/\",\"url\":\"https:\\\/\\\/www.webdo.tn\\\/fr\\\/wp-content\\\/uploads\\\/2025\\\/06\\\/Webdo-Tunisie_168377.jpg\",\"contentUrl\":\"https:\\\/\\\/www.webdo.tn\\\/fr\\\/wp-content\\\/uploads\\\/2025\\\/06\\\/Webdo-Tunisie_168377.jpg\",\"width\":301,\"height\":301,\"caption\":\"Webdo\"},\"image\":{\"@id\":\"https:\\\/\\\/www.webdo.tn\\\/fr\\\/#\\\/schema\\\/logo\\\/image\\\/\"},\"sameAs\":[\"https:\\\/\\\/www.facebook.com\\\/webdotn\",\"https:\\\/\\\/x.com\\\/webdo_tn\"],\"description\":\"Webdo est un m\u00e9dia num\u00e9rique tunisien fond\u00e9 en 2010, sp\u00e9cialis\u00e9 dans l\u2019actualit\u00e9 nationale et internationale, l\u2019\u00e9conomie, la soci\u00e9t\u00e9 et les analyses politiques. Le site s\u2019adresse \u00e0 un large public francophone et couvre l\u2019information tunisienne en temps r\u00e9el.\",\"email\":\"redac@webdo.tn\",\"legalName\":\"YNJ SARL\",\"foundingDate\":\"2010-09-06\",\"numberOfEmployees\":{\"@type\":\"QuantitativeValue\",\"minValue\":\"11\",\"maxValue\":\"50\"}},{\"@type\":\"Person\",\"@id\":\"https:\\\/\\\/www.webdo.tn\\\/fr\\\/#\\\/schema\\\/person\\\/b9ecde7a5574cb4fcf4b496ea5fadb15\",\"name\":\"Wided Belhaj\",\"image\":{\"@type\":\"ImageObject\",\"inLanguage\":\"fr-FR\",\"@id\":\"https:\\\/\\\/www.webdo.tn\\\/fr\\\/wp-content\\\/uploads\\\/2026\\\/04\\\/wided-belhaj_avatar-96x96.jpg\",\"url\":\"https:\\\/\\\/www.webdo.tn\\\/fr\\\/wp-content\\\/uploads\\\/2026\\\/04\\\/wided-belhaj_avatar-96x96.jpg\",\"contentUrl\":\"https:\\\/\\\/www.webdo.tn\\\/fr\\\/wp-content\\\/uploads\\\/2026\\\/04\\\/wided-belhaj_avatar-96x96.jpg\",\"caption\":\"Wided Belhaj\"},\"description\":\"Wided Belhaj est le pseudonyme \u00e9ditorial utilis\u00e9 par Khalil Jelassi, journaliste, ma\u00eetre-assistant \u00e0 l\u2019Institut de presse et des sciences de l\u2019information (IPSI) et chercheur en sciences de l\u2019information et de la communication. Cette signature est d\u00e9di\u00e9e \u00e0 l\u2019analyse des m\u00e9dias, des pratiques journalistiques et des mutations de l\u2019information \u00e0 l\u2019\u00e8re digitale. \u00c0 travers ses contributions, Wided Belhaj propose une lecture analytique de l\u2019actualit\u00e9, en croisant regard critique et expertise acad\u00e9mique.\",\"knowsAbout\":[\"m\u00e9dias\",\"journalisme\",\"communication\",\"information\",\"transformation num\u00e9rique\",\"analyse des m\u00e9dias\"],\"knowsLanguage\":[\"Fran\u00e7ais\",\"Arabe\"],\"jobTitle\":\"Webdo.tn\",\"worksFor\":\"Journaliste \u2013 Analyse des m\u00e9dias\",\"url\":\"https:\\\/\\\/www.webdo.tn\\\/fr\\\/actualite\\\/author\\\/wided-belhaj\\\/\"}]}<\/script>\n<!-- \/ Yoast SEO Premium plugin. -->","yoast_head_json":{"title":"Tunisie - Italie : Reconnaissance mutuelle des permis de conduire \u00e0 partir de cette date - webdo","canonical":"https:\/\/www.webdo.tn\/fr\/actualite\/national\/tunisie-italie-reconnaissance-mutuelle-des-permis-de-conduire-a-partir-de-cette-date\/376983\/","og_locale":"fr_FR","og_type":"article","og_title":"Tunisie - Italie : Reconnaissance mutuelle des permis de conduire \u00e0 partir de cette date","og_description":"L\u2019accord bilat\u00e9ral entre la Tunisie et l\u2019Italie concernant la reconnaissance mutuelle des permis de conduire en vue de leur \u00e9change entrera officiellement en vigueur le 20 juillet 2025, a annonc\u00e9 ce lundi l\u2019ambassade de Tunisie \u00e0 Rome. Dans un communiqu\u00e9 publi\u00e9 sur sa page Facebook, l\u2019ambassade a pr\u00e9cis\u00e9 que l\u2019entr\u00e9e en application de cet accord [&hellip;]","og_url":"https:\/\/www.webdo.tn\/fr\/actualite\/national\/tunisie-italie-reconnaissance-mutuelle-des-permis-de-conduire-a-partir-de-cette-date\/376983\/","og_site_name":"webdo","article_publisher":"https:\/\/www.facebook.com\/webdotn","article_published_time":"2025-06-09T12:15:48+00:00","article_modified_time":"2025-06-09T12:55:54+00:00","og_image":[{"width":653,"height":344,"url":"https:\/\/www.webdo.tn\/fr\/wp-content\/uploads\/2025\/06\/categories-de-permis-de-conduire_5b2045c2090ab.jpeg","type":"image\/jpeg"}],"author":"Wided Belhaj","twitter_card":"summary_large_image","twitter_creator":"@webdo_tn","twitter_site":"@webdo_tn","twitter_misc":{"\u00c9crit par":"Wided Belhaj","Dur\u00e9e de lecture estim\u00e9e":"1 minute"},"schema":{"@context":"https:\/\/schema.org","@graph":[{"@type":"NewsArticle","@id":"https:\/\/www.webdo.tn\/fr\/actualite\/national\/tunisie-italie-reconnaissance-mutuelle-des-permis-de-conduire-a-partir-de-cette-date\/376983\/#article","isPartOf":{"@id":"https:\/\/www.webdo.tn\/fr\/actualite\/national\/tunisie-italie-reconnaissance-mutuelle-des-permis-de-conduire-a-partir-de-cette-date\/376983\/"},"author":{"name":"Wided Belhaj","@id":"https:\/\/www.webdo.tn\/fr\/#\/schema\/person\/b9ecde7a5574cb4fcf4b496ea5fadb15"},"headline":"Tunisie &#8211; Italie : Reconnaissance mutuelle des permis de conduire \u00e0 partir de cette date","datePublished":"2025-06-09T12:15:48+00:00","dateModified":"2025-06-09T12:55:54+00:00","mainEntityOfPage":{"@id":"https:\/\/www.webdo.tn\/fr\/actualite\/national\/tunisie-italie-reconnaissance-mutuelle-des-permis-de-conduire-a-partir-de-cette-date\/376983\/"},"wordCount":177,"commentCount":0,"publisher":{"@id":"https:\/\/www.webdo.tn\/fr\/#organization"},"image":{"@id":"https:\/\/www.webdo.tn\/fr\/actualite\/national\/tunisie-italie-reconnaissance-mutuelle-des-permis-de-conduire-a-partir-de-cette-date\/376983\/#primaryimage"},"thumbnailUrl":"https:\/\/www.webdo.tn\/fr\/wp-content\/uploads\/2025\/06\/categories-de-permis-de-conduire_5b2045c2090ab.jpeg","articleSection":["National"],"inLanguage":"fr-FR"},{"@type":"WebPage","@id":"https:\/\/www.webdo.tn\/fr\/actualite\/national\/tunisie-italie-reconnaissance-mutuelle-des-permis-de-conduire-a-partir-de-cette-date\/376983\/","url":"https:\/\/www.webdo.tn\/fr\/actualite\/national\/tunisie-italie-reconnaissance-mutuelle-des-permis-de-conduire-a-partir-de-cette-date\/376983\/","name":"Tunisie - Italie : Reconnaissance mutuelle des permis de conduire \u00e0 partir de cette date - webdo","isPartOf":{"@id":"https:\/\/www.webdo.tn\/fr\/#website"},"primaryImageOfPage":{"@id":"https:\/\/www.webdo.tn\/fr\/actualite\/national\/tunisie-italie-reconnaissance-mutuelle-des-permis-de-conduire-a-partir-de-cette-date\/376983\/#primaryimage"},"image":{"@id":"https:\/\/www.webdo.tn\/fr\/actualite\/national\/tunisie-italie-reconnaissance-mutuelle-des-permis-de-conduire-a-partir-de-cette-date\/376983\/#primaryimage"},"thumbnailUrl":"https:\/\/www.webdo.tn\/fr\/wp-content\/uploads\/2025\/06\/categories-de-permis-de-conduire_5b2045c2090ab.jpeg","datePublished":"2025-06-09T12:15:48+00:00","dateModified":"2025-06-09T12:55:54+00:00","breadcrumb":{"@id":"https:\/\/www.webdo.tn\/fr\/actualite\/national\/tunisie-italie-reconnaissance-mutuelle-des-permis-de-conduire-a-partir-de-cette-date\/376983\/#breadcrumb"},"inLanguage":"fr-FR","potentialAction":[{"@type":"ReadAction","target":["https:\/\/www.webdo.tn\/fr\/actualite\/national\/tunisie-italie-reconnaissance-mutuelle-des-permis-de-conduire-a-partir-de-cette-date\/376983\/"]}]},{"@type":"ImageObject","inLanguage":"fr-FR","@id":"https:\/\/www.webdo.tn\/fr\/actualite\/national\/tunisie-italie-reconnaissance-mutuelle-des-permis-de-conduire-a-partir-de-cette-date\/376983\/#primaryimage","url":"https:\/\/www.webdo.tn\/fr\/wp-content\/uploads\/2025\/06\/categories-de-permis-de-conduire_5b2045c2090ab.jpeg","contentUrl":"https:\/\/www.webdo.tn\/fr\/wp-content\/uploads\/2025\/06\/categories-de-permis-de-conduire_5b2045c2090ab.jpeg","width":653,"height":344,"caption":"Tunisie\u00a0- Permis de conduire : Nouvelle condition obligatoire d\u00e8s septembre"},{"@type":"BreadcrumbList","@id":"https:\/\/www.webdo.tn\/fr\/actualite\/national\/tunisie-italie-reconnaissance-mutuelle-des-permis-de-conduire-a-partir-de-cette-date\/376983\/#breadcrumb","itemListElement":[{"@type":"ListItem","position":1,"name":"Accueil","item":"https:\/\/www.webdo.tn\/fr\/"},{"@type":"ListItem","position":2,"name":"Tunisie &#8211; Italie : Reconnaissance mutuelle des permis de conduire \u00e0 partir de cette date"}]},{"@type":"WebSite","@id":"https:\/\/www.webdo.tn\/fr\/#website","url":"https:\/\/www.webdo.tn\/fr\/","name":"webdo","description":"Tunisie - News en Tunisie et \u00e0 l&#039;international sur Webdo.tn","publisher":{"@id":"https:\/\/www.webdo.tn\/fr\/#organization"},"potentialAction":[{"@type":"SearchAction","target":{"@type":"EntryPoint","urlTemplate":"https:\/\/www.webdo.tn\/fr\/?s={search_term_string}"},"query-input":{"@type":"PropertyValueSpecification","valueRequired":true,"valueName":"search_term_string"}}],"inLanguage":"fr-FR"},{"@type":"Organization","@id":"https:\/\/www.webdo.tn\/fr\/#organization","name":"Webdo","alternateName":"Webdo.tn","url":"https:\/\/www.webdo.tn\/fr\/","logo":{"@type":"ImageObject","inLanguage":"fr-FR","@id":"https:\/\/www.webdo.tn\/fr\/#\/schema\/logo\/image\/","url":"https:\/\/www.webdo.tn\/fr\/wp-content\/uploads\/2025\/06\/Webdo-Tunisie_168377.jpg","contentUrl":"https:\/\/www.webdo.tn\/fr\/wp-content\/uploads\/2025\/06\/Webdo-Tunisie_168377.jpg","width":301,"height":301,"caption":"Webdo"},"image":{"@id":"https:\/\/www.webdo.tn\/fr\/#\/schema\/logo\/image\/"},"sameAs":["https:\/\/www.facebook.com\/webdotn","https:\/\/x.com\/webdo_tn"],"description":"Webdo est un m\u00e9dia num\u00e9rique tunisien fond\u00e9 en 2010, sp\u00e9cialis\u00e9 dans l\u2019actualit\u00e9 nationale et internationale, l\u2019\u00e9conomie, la soci\u00e9t\u00e9 et les analyses politiques. Le site s\u2019adresse \u00e0 un large public francophone et couvre l\u2019information tunisienne en temps r\u00e9el.","email":"redac@webdo.tn","legalName":"YNJ SARL","foundingDate":"2010-09-06","numberOfEmployees":{"@type":"QuantitativeValue","minValue":"11","maxValue":"50"}},{"@type":"Person","@id":"https:\/\/www.webdo.tn\/fr\/#\/schema\/person\/b9ecde7a5574cb4fcf4b496ea5fadb15","name":"Wided Belhaj","image":{"@type":"ImageObject","inLanguage":"fr-FR","@id":"https:\/\/www.webdo.tn\/fr\/wp-content\/uploads\/2026\/04\/wided-belhaj_avatar-96x96.jpg","url":"https:\/\/www.webdo.tn\/fr\/wp-content\/uploads\/2026\/04\/wided-belhaj_avatar-96x96.jpg","contentUrl":"https:\/\/www.webdo.tn\/fr\/wp-content\/uploads\/2026\/04\/wided-belhaj_avatar-96x96.jpg","caption":"Wided Belhaj"},"description":"Wided Belhaj est le pseudonyme \u00e9ditorial utilis\u00e9 par Khalil Jelassi, journaliste, ma\u00eetre-assistant \u00e0 l\u2019Institut de presse et des sciences de l\u2019information (IPSI) et chercheur en sciences de l\u2019information et de la communication. Cette signature est d\u00e9di\u00e9e \u00e0 l\u2019analyse des m\u00e9dias, des pratiques journalistiques et des mutations de l\u2019information \u00e0 l\u2019\u00e8re digitale. \u00c0 travers ses contributions, Wided Belhaj propose une lecture analytique de l\u2019actualit\u00e9, en croisant regard critique et expertise acad\u00e9mique.","knowsAbout":["m\u00e9dias","journalisme","communication","information","transformation num\u00e9rique","analyse des m\u00e9dias"],"knowsLanguage":["Fran\u00e7ais","Arabe"],"jobTitle":"Webdo.tn","worksFor":"Journaliste \u2013 Analyse des m\u00e9dias","url":"https:\/\/www.webdo.tn\/fr\/actualite\/author\/wided-belhaj\/"}]}},"_links":{"self":[{"href":"https:\/\/www.webdo.tn\/fr\/wp-json\/wp\/v2\/posts\/376983","targetHints":{"allow":["GET"]}}],"collection":[{"href":"https:\/\/www.webdo.tn\/fr\/wp-json\/wp\/v2\/posts"}],"about":[{"href":"https:\/\/www.webdo.tn\/fr\/wp-json\/wp\/v2\/types\/post"}],"author":[{"embeddable":true,"href":"https:\/\/www.webdo.tn\/fr\/wp-json\/wp\/v2\/users\/3184"}],"replies":[{"embeddable":true,"href":"https:\/\/www.webdo.tn\/fr\/wp-json\/wp\/v2\/comments?post=376983"}],"version-history":[{"count":0,"href":"https:\/\/www.webdo.tn\/fr\/wp-json\/wp\/v2\/posts\/376983\/revisions"}],"wp:featuredmedia":[{"embeddable":true,"href":"https:\/\/www.webdo.tn\/fr\/wp-json\/wp\/v2\/media\/376986"}],"wp:attachment":[{"href":"https:\/\/www.webdo.tn\/fr\/wp-json\/wp\/v2\/media?parent=376983"}],"wp:term":[{"taxonomy":"category","embeddable":true,"href":"https:\/\/www.webdo.tn\/fr\/wp-json\/wp\/v2\/categories?post=376983"},{"taxonomy":"post_tag","embeddable":true,"href":"https:\/\/www.webdo.tn\/fr\/wp-json\/wp\/v2\/tags?post=376983"}],"curies":[{"name":"wp","href":"https:\/\/api.w.org\/{rel}","templated":true}]}}