{"id":376963,"date":"2025-06-09T10:22:22","date_gmt":"2025-06-09T10:22:22","guid":{"rendered":"https:\/\/www.webdo.tn\/fr\/?p=376963"},"modified":"2025-06-10T07:42:17","modified_gmt":"2025-06-10T07:42:17","slug":"tunisie-proces-de-sonia-dahmani-audience-reportee-au-16-juin","status":"publish","type":"post","link":"https:\/\/www.webdo.tn\/fr\/actualite\/national\/tunisie-proces-de-sonia-dahmani-audience-reportee-au-16-juin\/376963\/","title":{"rendered":"Tunisie &#8211; Proc\u00e8s de Sonia Dahmani : Audience report\u00e9e au 16 juin"},"content":{"rendered":"\n<p><strong>Le proc\u00e8s tr\u00e8s attendu de l&rsquo;avocate et chroniqueuse Sonia Dahmani a \u00e9t\u00e9 une nouvelle fois ajourn\u00e9. Pr\u00e9vue ce lundi, l&rsquo;audience a \u00e9t\u00e9 repouss\u00e9e au 16 juin 2025 par la Chambre criminelle du Tribunal de premi\u00e8re instance de Tunis.<\/strong><\/p>\n\n\n\n<p>Le proc\u00e8s de l&rsquo;avocate et chroniqueuse Sonia Dahmani a \u00e9t\u00e9 report\u00e9 au 16 juin 2025, a annonc\u00e9 ce lundi 9 juin la Chambre criminelle pr\u00e8s le Tribunal de premi\u00e8re instance de Tunis.<\/p>\n\n\n\n<p>Sonia Dahmani devait compara\u00eetre aujourd\u2019hui devant la justice, rapporte Mosaique fm.<\/p>\n\n\n\n<p>Elle fait face \u00e0 des accusations en lien avec l&rsquo;utilisation des r\u00e9seaux et syst\u00e8mes d&rsquo;information, de communication, de production, d&rsquo;envoi et de traitement de rumeurs dans le but de porter atteinte \u00e0 autrui.<\/p>\n","protected":false},"excerpt":{"rendered":"<p>Le proc\u00e8s tr\u00e8s attendu de l&rsquo;avocate et chroniqueuse Sonia Dahmani a \u00e9t\u00e9 une nouvelle fois ajourn\u00e9. Pr\u00e9vue ce lundi, l&rsquo;audience a \u00e9t\u00e9 repouss\u00e9e au 16 juin 2025 par la Chambre criminelle du Tribunal de premi\u00e8re instance de Tunis. Le proc\u00e8s de l&rsquo;avocate et chroniqueuse Sonia Dahmani a \u00e9t\u00e9 report\u00e9 au 16 juin 2025, a annonc\u00e9 [&hellip;]<\/p>\n","protected":false},"author":3162,"featured_media":376964,"comment_status":"open","ping_status":"open","sticky":false,"template":"","format":"standard","meta":{"footnotes":""},"categories":[44],"tags":[2619,3313,2608],"class_list":["post-376963","post","type-post","status-publish","format-standard","has-post-thumbnail","hentry","category-national","tag-justice","tag-sonia-dahmani","tag-tunisie"],"yoast_head":"<!-- This site is optimized with the Yoast SEO Premium plugin v27.5 (Yoast SEO v27.5) - https:\/\/yoast.com\/product\/yoast-seo-premium-wordpress\/ -->\n<title>Tunisie - Proc\u00e8s de Sonia Dahmani : Audience report\u00e9e au 16 juin - webdo<\/title>\n<meta name=\"description\" content=\"Le proc\u00e8s de l\u2019avocate Sonia Dahmani a \u00e9t\u00e9 report\u00e9 au 16 juin 2025 par la justice tunisienne. Elle est poursuivie pour atteinte \u00e0 autrui via les r\u00e9seaux et syst\u00e8mes d&#039;information.\" \/>\n<link rel=\"canonical\" href=\"https:\/\/www.webdo.tn\/fr\/actualite\/national\/tunisie-proces-de-sonia-dahmani-audience-reportee-au-16-juin\/376963\/\" \/>\n<meta property=\"og:locale\" content=\"fr_FR\" \/>\n<meta property=\"og:type\" content=\"article\" \/>\n<meta property=\"og:title\" content=\"Tunisie - Proc\u00e8s de Sonia Dahmani : Audience report\u00e9e au 16 juin\" \/>\n<meta property=\"og:description\" content=\"Le proc\u00e8s de l\u2019avocate Sonia Dahmani a \u00e9t\u00e9 report\u00e9 au 16 juin 2025 par la justice tunisienne. Elle est poursuivie pour atteinte \u00e0 autrui via les r\u00e9seaux et syst\u00e8mes d&#039;information.\" \/>\n<meta property=\"og:url\" content=\"https:\/\/www.webdo.tn\/fr\/actualite\/national\/tunisie-proces-de-sonia-dahmani-audience-reportee-au-16-juin\/376963\/\" \/>\n<meta property=\"og:site_name\" content=\"webdo\" \/>\n<meta property=\"article:publisher\" content=\"https:\/\/www.facebook.com\/webdotn\" \/>\n<meta property=\"article:published_time\" content=\"2025-06-09T10:22:22+00:00\" \/>\n<meta property=\"article:modified_time\" content=\"2025-06-10T07:42:17+00:00\" \/>\n<meta property=\"og:image\" content=\"https:\/\/www.webdo.tn\/fr\/wp-content\/uploads\/2025\/06\/sonia-dahmani-1536x1024-1.jpg\" \/>\n\t<meta property=\"og:image:width\" content=\"1536\" \/>\n\t<meta property=\"og:image:height\" content=\"1024\" \/>\n\t<meta property=\"og:image:type\" content=\"image\/jpeg\" \/>\n<meta name=\"author\" content=\"MC\" \/>\n<meta name=\"twitter:card\" content=\"summary_large_image\" \/>\n<meta name=\"twitter:creator\" content=\"@webdo_tn\" \/>\n<meta name=\"twitter:site\" content=\"@webdo_tn\" \/>\n<meta name=\"twitter:label1\" content=\"\u00c9crit par\" \/>\n\t<meta name=\"twitter:data1\" content=\"MC\" \/>\n\t<meta name=\"twitter:label2\" content=\"Dur\u00e9e de lecture estim\u00e9e\" \/>\n\t<meta name=\"twitter:data2\" content=\"1 minute\" \/>\n<script type=\"application\/ld+json\" class=\"yoast-schema-graph\">{\"@context\":\"https:\\\/\\\/schema.org\",\"@graph\":[{\"@type\":\"NewsArticle\",\"@id\":\"https:\\\/\\\/www.webdo.tn\\\/fr\\\/actualite\\\/national\\\/tunisie-proces-de-sonia-dahmani-audience-reportee-au-16-juin\\\/376963\\\/#article\",\"isPartOf\":{\"@id\":\"https:\\\/\\\/www.webdo.tn\\\/fr\\\/actualite\\\/national\\\/tunisie-proces-de-sonia-dahmani-audience-reportee-au-16-juin\\\/376963\\\/\"},\"author\":{\"name\":\"MC\",\"@id\":\"https:\\\/\\\/www.webdo.tn\\\/fr\\\/#\\\/schema\\\/person\\\/2c4929cbf5a809e3bd38617c6ce150f6\"},\"headline\":\"Tunisie &#8211; Proc\u00e8s de Sonia Dahmani : Audience report\u00e9e au 16 juin\",\"datePublished\":\"2025-06-09T10:22:22+00:00\",\"dateModified\":\"2025-06-10T07:42:17+00:00\",\"mainEntityOfPage\":{\"@id\":\"https:\\\/\\\/www.webdo.tn\\\/fr\\\/actualite\\\/national\\\/tunisie-proces-de-sonia-dahmani-audience-reportee-au-16-juin\\\/376963\\\/\"},\"wordCount\":137,\"commentCount\":0,\"publisher\":{\"@id\":\"https:\\\/\\\/www.webdo.tn\\\/fr\\\/#organization\"},\"image\":{\"@id\":\"https:\\\/\\\/www.webdo.tn\\\/fr\\\/actualite\\\/national\\\/tunisie-proces-de-sonia-dahmani-audience-reportee-au-16-juin\\\/376963\\\/#primaryimage\"},\"thumbnailUrl\":\"https:\\\/\\\/www.webdo.tn\\\/fr\\\/wp-content\\\/uploads\\\/2025\\\/06\\\/sonia-dahmani-1536x1024-1.jpg\",\"keywords\":[\"justice\",\"sonia dahmani\",\"Tunisie\"],\"articleSection\":[\"National\"],\"inLanguage\":\"fr-FR\"},{\"@type\":\"WebPage\",\"@id\":\"https:\\\/\\\/www.webdo.tn\\\/fr\\\/actualite\\\/national\\\/tunisie-proces-de-sonia-dahmani-audience-reportee-au-16-juin\\\/376963\\\/\",\"url\":\"https:\\\/\\\/www.webdo.tn\\\/fr\\\/actualite\\\/national\\\/tunisie-proces-de-sonia-dahmani-audience-reportee-au-16-juin\\\/376963\\\/\",\"name\":\"Tunisie - Proc\u00e8s de Sonia Dahmani : Audience report\u00e9e au 16 juin - webdo\",\"isPartOf\":{\"@id\":\"https:\\\/\\\/www.webdo.tn\\\/fr\\\/#website\"},\"primaryImageOfPage\":{\"@id\":\"https:\\\/\\\/www.webdo.tn\\\/fr\\\/actualite\\\/national\\\/tunisie-proces-de-sonia-dahmani-audience-reportee-au-16-juin\\\/376963\\\/#primaryimage\"},\"image\":{\"@id\":\"https:\\\/\\\/www.webdo.tn\\\/fr\\\/actualite\\\/national\\\/tunisie-proces-de-sonia-dahmani-audience-reportee-au-16-juin\\\/376963\\\/#primaryimage\"},\"thumbnailUrl\":\"https:\\\/\\\/www.webdo.tn\\\/fr\\\/wp-content\\\/uploads\\\/2025\\\/06\\\/sonia-dahmani-1536x1024-1.jpg\",\"datePublished\":\"2025-06-09T10:22:22+00:00\",\"dateModified\":\"2025-06-10T07:42:17+00:00\",\"description\":\"Le proc\u00e8s de l\u2019avocate Sonia Dahmani a \u00e9t\u00e9 report\u00e9 au 16 juin 2025 par la justice tunisienne. Elle est poursuivie pour atteinte \u00e0 autrui via les r\u00e9seaux et syst\u00e8mes d'information.\",\"breadcrumb\":{\"@id\":\"https:\\\/\\\/www.webdo.tn\\\/fr\\\/actualite\\\/national\\\/tunisie-proces-de-sonia-dahmani-audience-reportee-au-16-juin\\\/376963\\\/#breadcrumb\"},\"inLanguage\":\"fr-FR\",\"potentialAction\":[{\"@type\":\"ReadAction\",\"target\":[\"https:\\\/\\\/www.webdo.tn\\\/fr\\\/actualite\\\/national\\\/tunisie-proces-de-sonia-dahmani-audience-reportee-au-16-juin\\\/376963\\\/\"]}]},{\"@type\":\"ImageObject\",\"inLanguage\":\"fr-FR\",\"@id\":\"https:\\\/\\\/www.webdo.tn\\\/fr\\\/actualite\\\/national\\\/tunisie-proces-de-sonia-dahmani-audience-reportee-au-16-juin\\\/376963\\\/#primaryimage\",\"url\":\"https:\\\/\\\/www.webdo.tn\\\/fr\\\/wp-content\\\/uploads\\\/2025\\\/06\\\/sonia-dahmani-1536x1024-1.jpg\",\"contentUrl\":\"https:\\\/\\\/www.webdo.tn\\\/fr\\\/wp-content\\\/uploads\\\/2025\\\/06\\\/sonia-dahmani-1536x1024-1.jpg\",\"width\":1536,\"height\":1024},{\"@type\":\"BreadcrumbList\",\"@id\":\"https:\\\/\\\/www.webdo.tn\\\/fr\\\/actualite\\\/national\\\/tunisie-proces-de-sonia-dahmani-audience-reportee-au-16-juin\\\/376963\\\/#breadcrumb\",\"itemListElement\":[{\"@type\":\"ListItem\",\"position\":1,\"name\":\"Accueil\",\"item\":\"https:\\\/\\\/www.webdo.tn\\\/fr\\\/\"},{\"@type\":\"ListItem\",\"position\":2,\"name\":\"Tunisie &#8211; Proc\u00e8s de Sonia Dahmani : Audience report\u00e9e au 16 juin\"}]},{\"@type\":\"WebSite\",\"@id\":\"https:\\\/\\\/www.webdo.tn\\\/fr\\\/#website\",\"url\":\"https:\\\/\\\/www.webdo.tn\\\/fr\\\/\",\"name\":\"webdo\",\"description\":\"Tunisie - News en Tunisie et \u00e0 l&#039;international sur Webdo.tn\",\"publisher\":{\"@id\":\"https:\\\/\\\/www.webdo.tn\\\/fr\\\/#organization\"},\"potentialAction\":[{\"@type\":\"SearchAction\",\"target\":{\"@type\":\"EntryPoint\",\"urlTemplate\":\"https:\\\/\\\/www.webdo.tn\\\/fr\\\/?s={search_term_string}\"},\"query-input\":{\"@type\":\"PropertyValueSpecification\",\"valueRequired\":true,\"valueName\":\"search_term_string\"}}],\"inLanguage\":\"fr-FR\"},{\"@type\":\"Organization\",\"@id\":\"https:\\\/\\\/www.webdo.tn\\\/fr\\\/#organization\",\"name\":\"Webdo\",\"alternateName\":\"Webdo.tn\",\"url\":\"https:\\\/\\\/www.webdo.tn\\\/fr\\\/\",\"logo\":{\"@type\":\"ImageObject\",\"inLanguage\":\"fr-FR\",\"@id\":\"https:\\\/\\\/www.webdo.tn\\\/fr\\\/#\\\/schema\\\/logo\\\/image\\\/\",\"url\":\"https:\\\/\\\/www.webdo.tn\\\/fr\\\/wp-content\\\/uploads\\\/2025\\\/06\\\/Webdo-Tunisie_168377.jpg\",\"contentUrl\":\"https:\\\/\\\/www.webdo.tn\\\/fr\\\/wp-content\\\/uploads\\\/2025\\\/06\\\/Webdo-Tunisie_168377.jpg\",\"width\":301,\"height\":301,\"caption\":\"Webdo\"},\"image\":{\"@id\":\"https:\\\/\\\/www.webdo.tn\\\/fr\\\/#\\\/schema\\\/logo\\\/image\\\/\"},\"sameAs\":[\"https:\\\/\\\/www.facebook.com\\\/webdotn\",\"https:\\\/\\\/x.com\\\/webdo_tn\"],\"description\":\"Webdo est un m\u00e9dia num\u00e9rique tunisien fond\u00e9 en 2010, sp\u00e9cialis\u00e9 dans l\u2019actualit\u00e9 nationale et internationale, l\u2019\u00e9conomie, la soci\u00e9t\u00e9 et les analyses politiques. Le site s\u2019adresse \u00e0 un large public francophone et couvre l\u2019information tunisienne en temps r\u00e9el.\",\"email\":\"redac@webdo.tn\",\"legalName\":\"YNJ SARL\",\"foundingDate\":\"2010-09-06\",\"numberOfEmployees\":{\"@type\":\"QuantitativeValue\",\"minValue\":\"11\",\"maxValue\":\"50\"}},{\"@type\":\"Person\",\"@id\":\"https:\\\/\\\/www.webdo.tn\\\/fr\\\/#\\\/schema\\\/person\\\/2c4929cbf5a809e3bd38617c6ce150f6\",\"name\":\"MC\",\"image\":{\"@type\":\"ImageObject\",\"inLanguage\":\"fr-FR\",\"@id\":\"https:\\\/\\\/secure.gravatar.com\\\/avatar\\\/a545bbb6f84efdd5553dbbc2895e3ca8f1d12c5215e00a041c9670b54aa9b18a?s=96&d=mm&r=g\",\"url\":\"https:\\\/\\\/secure.gravatar.com\\\/avatar\\\/a545bbb6f84efdd5553dbbc2895e3ca8f1d12c5215e00a041c9670b54aa9b18a?s=96&d=mm&r=g\",\"contentUrl\":\"https:\\\/\\\/secure.gravatar.com\\\/avatar\\\/a545bbb6f84efdd5553dbbc2895e3ca8f1d12c5215e00a041c9670b54aa9b18a?s=96&d=mm&r=g\",\"caption\":\"MC\"},\"url\":\"https:\\\/\\\/www.webdo.tn\\\/fr\\\/actualite\\\/author\\\/mc\\\/\"}]}<\/script>\n<!-- \/ Yoast SEO Premium plugin. -->","yoast_head_json":{"title":"Tunisie - Proc\u00e8s de Sonia Dahmani : Audience report\u00e9e au 16 juin - webdo","description":"Le proc\u00e8s de l\u2019avocate Sonia Dahmani a \u00e9t\u00e9 report\u00e9 au 16 juin 2025 par la justice tunisienne. Elle est poursuivie pour atteinte \u00e0 autrui via les r\u00e9seaux et syst\u00e8mes d'information.","canonical":"https:\/\/www.webdo.tn\/fr\/actualite\/national\/tunisie-proces-de-sonia-dahmani-audience-reportee-au-16-juin\/376963\/","og_locale":"fr_FR","og_type":"article","og_title":"Tunisie - Proc\u00e8s de Sonia Dahmani : Audience report\u00e9e au 16 juin","og_description":"Le proc\u00e8s de l\u2019avocate Sonia Dahmani a \u00e9t\u00e9 report\u00e9 au 16 juin 2025 par la justice tunisienne. Elle est poursuivie pour atteinte \u00e0 autrui via les r\u00e9seaux et syst\u00e8mes d'information.","og_url":"https:\/\/www.webdo.tn\/fr\/actualite\/national\/tunisie-proces-de-sonia-dahmani-audience-reportee-au-16-juin\/376963\/","og_site_name":"webdo","article_publisher":"https:\/\/www.facebook.com\/webdotn","article_published_time":"2025-06-09T10:22:22+00:00","article_modified_time":"2025-06-10T07:42:17+00:00","og_image":[{"width":1536,"height":1024,"url":"https:\/\/www.webdo.tn\/fr\/wp-content\/uploads\/2025\/06\/sonia-dahmani-1536x1024-1.jpg","type":"image\/jpeg"}],"author":"MC","twitter_card":"summary_large_image","twitter_creator":"@webdo_tn","twitter_site":"@webdo_tn","twitter_misc":{"\u00c9crit par":"MC","Dur\u00e9e de lecture estim\u00e9e":"1 minute"},"schema":{"@context":"https:\/\/schema.org","@graph":[{"@type":"NewsArticle","@id":"https:\/\/www.webdo.tn\/fr\/actualite\/national\/tunisie-proces-de-sonia-dahmani-audience-reportee-au-16-juin\/376963\/#article","isPartOf":{"@id":"https:\/\/www.webdo.tn\/fr\/actualite\/national\/tunisie-proces-de-sonia-dahmani-audience-reportee-au-16-juin\/376963\/"},"author":{"name":"MC","@id":"https:\/\/www.webdo.tn\/fr\/#\/schema\/person\/2c4929cbf5a809e3bd38617c6ce150f6"},"headline":"Tunisie &#8211; Proc\u00e8s de Sonia Dahmani : Audience report\u00e9e au 16 juin","datePublished":"2025-06-09T10:22:22+00:00","dateModified":"2025-06-10T07:42:17+00:00","mainEntityOfPage":{"@id":"https:\/\/www.webdo.tn\/fr\/actualite\/national\/tunisie-proces-de-sonia-dahmani-audience-reportee-au-16-juin\/376963\/"},"wordCount":137,"commentCount":0,"publisher":{"@id":"https:\/\/www.webdo.tn\/fr\/#organization"},"image":{"@id":"https:\/\/www.webdo.tn\/fr\/actualite\/national\/tunisie-proces-de-sonia-dahmani-audience-reportee-au-16-juin\/376963\/#primaryimage"},"thumbnailUrl":"https:\/\/www.webdo.tn\/fr\/wp-content\/uploads\/2025\/06\/sonia-dahmani-1536x1024-1.jpg","keywords":["justice","sonia dahmani","Tunisie"],"articleSection":["National"],"inLanguage":"fr-FR"},{"@type":"WebPage","@id":"https:\/\/www.webdo.tn\/fr\/actualite\/national\/tunisie-proces-de-sonia-dahmani-audience-reportee-au-16-juin\/376963\/","url":"https:\/\/www.webdo.tn\/fr\/actualite\/national\/tunisie-proces-de-sonia-dahmani-audience-reportee-au-16-juin\/376963\/","name":"Tunisie - Proc\u00e8s de Sonia Dahmani : Audience report\u00e9e au 16 juin - webdo","isPartOf":{"@id":"https:\/\/www.webdo.tn\/fr\/#website"},"primaryImageOfPage":{"@id":"https:\/\/www.webdo.tn\/fr\/actualite\/national\/tunisie-proces-de-sonia-dahmani-audience-reportee-au-16-juin\/376963\/#primaryimage"},"image":{"@id":"https:\/\/www.webdo.tn\/fr\/actualite\/national\/tunisie-proces-de-sonia-dahmani-audience-reportee-au-16-juin\/376963\/#primaryimage"},"thumbnailUrl":"https:\/\/www.webdo.tn\/fr\/wp-content\/uploads\/2025\/06\/sonia-dahmani-1536x1024-1.jpg","datePublished":"2025-06-09T10:22:22+00:00","dateModified":"2025-06-10T07:42:17+00:00","description":"Le proc\u00e8s de l\u2019avocate Sonia Dahmani a \u00e9t\u00e9 report\u00e9 au 16 juin 2025 par la justice tunisienne. Elle est poursuivie pour atteinte \u00e0 autrui via les r\u00e9seaux et syst\u00e8mes d'information.","breadcrumb":{"@id":"https:\/\/www.webdo.tn\/fr\/actualite\/national\/tunisie-proces-de-sonia-dahmani-audience-reportee-au-16-juin\/376963\/#breadcrumb"},"inLanguage":"fr-FR","potentialAction":[{"@type":"ReadAction","target":["https:\/\/www.webdo.tn\/fr\/actualite\/national\/tunisie-proces-de-sonia-dahmani-audience-reportee-au-16-juin\/376963\/"]}]},{"@type":"ImageObject","inLanguage":"fr-FR","@id":"https:\/\/www.webdo.tn\/fr\/actualite\/national\/tunisie-proces-de-sonia-dahmani-audience-reportee-au-16-juin\/376963\/#primaryimage","url":"https:\/\/www.webdo.tn\/fr\/wp-content\/uploads\/2025\/06\/sonia-dahmani-1536x1024-1.jpg","contentUrl":"https:\/\/www.webdo.tn\/fr\/wp-content\/uploads\/2025\/06\/sonia-dahmani-1536x1024-1.jpg","width":1536,"height":1024},{"@type":"BreadcrumbList","@id":"https:\/\/www.webdo.tn\/fr\/actualite\/national\/tunisie-proces-de-sonia-dahmani-audience-reportee-au-16-juin\/376963\/#breadcrumb","itemListElement":[{"@type":"ListItem","position":1,"name":"Accueil","item":"https:\/\/www.webdo.tn\/fr\/"},{"@type":"ListItem","position":2,"name":"Tunisie &#8211; Proc\u00e8s de Sonia Dahmani : Audience report\u00e9e au 16 juin"}]},{"@type":"WebSite","@id":"https:\/\/www.webdo.tn\/fr\/#website","url":"https:\/\/www.webdo.tn\/fr\/","name":"webdo","description":"Tunisie - News en Tunisie et \u00e0 l&#039;international sur Webdo.tn","publisher":{"@id":"https:\/\/www.webdo.tn\/fr\/#organization"},"potentialAction":[{"@type":"SearchAction","target":{"@type":"EntryPoint","urlTemplate":"https:\/\/www.webdo.tn\/fr\/?s={search_term_string}"},"query-input":{"@type":"PropertyValueSpecification","valueRequired":true,"valueName":"search_term_string"}}],"inLanguage":"fr-FR"},{"@type":"Organization","@id":"https:\/\/www.webdo.tn\/fr\/#organization","name":"Webdo","alternateName":"Webdo.tn","url":"https:\/\/www.webdo.tn\/fr\/","logo":{"@type":"ImageObject","inLanguage":"fr-FR","@id":"https:\/\/www.webdo.tn\/fr\/#\/schema\/logo\/image\/","url":"https:\/\/www.webdo.tn\/fr\/wp-content\/uploads\/2025\/06\/Webdo-Tunisie_168377.jpg","contentUrl":"https:\/\/www.webdo.tn\/fr\/wp-content\/uploads\/2025\/06\/Webdo-Tunisie_168377.jpg","width":301,"height":301,"caption":"Webdo"},"image":{"@id":"https:\/\/www.webdo.tn\/fr\/#\/schema\/logo\/image\/"},"sameAs":["https:\/\/www.facebook.com\/webdotn","https:\/\/x.com\/webdo_tn"],"description":"Webdo est un m\u00e9dia num\u00e9rique tunisien fond\u00e9 en 2010, sp\u00e9cialis\u00e9 dans l\u2019actualit\u00e9 nationale et internationale, l\u2019\u00e9conomie, la soci\u00e9t\u00e9 et les analyses politiques. Le site s\u2019adresse \u00e0 un large public francophone et couvre l\u2019information tunisienne en temps r\u00e9el.","email":"redac@webdo.tn","legalName":"YNJ SARL","foundingDate":"2010-09-06","numberOfEmployees":{"@type":"QuantitativeValue","minValue":"11","maxValue":"50"}},{"@type":"Person","@id":"https:\/\/www.webdo.tn\/fr\/#\/schema\/person\/2c4929cbf5a809e3bd38617c6ce150f6","name":"MC","image":{"@type":"ImageObject","inLanguage":"fr-FR","@id":"https:\/\/secure.gravatar.com\/avatar\/a545bbb6f84efdd5553dbbc2895e3ca8f1d12c5215e00a041c9670b54aa9b18a?s=96&d=mm&r=g","url":"https:\/\/secure.gravatar.com\/avatar\/a545bbb6f84efdd5553dbbc2895e3ca8f1d12c5215e00a041c9670b54aa9b18a?s=96&d=mm&r=g","contentUrl":"https:\/\/secure.gravatar.com\/avatar\/a545bbb6f84efdd5553dbbc2895e3ca8f1d12c5215e00a041c9670b54aa9b18a?s=96&d=mm&r=g","caption":"MC"},"url":"https:\/\/www.webdo.tn\/fr\/actualite\/author\/mc\/"}]}},"_links":{"self":[{"href":"https:\/\/www.webdo.tn\/fr\/wp-json\/wp\/v2\/posts\/376963","targetHints":{"allow":["GET"]}}],"collection":[{"href":"https:\/\/www.webdo.tn\/fr\/wp-json\/wp\/v2\/posts"}],"about":[{"href":"https:\/\/www.webdo.tn\/fr\/wp-json\/wp\/v2\/types\/post"}],"author":[{"embeddable":true,"href":"https:\/\/www.webdo.tn\/fr\/wp-json\/wp\/v2\/users\/3162"}],"replies":[{"embeddable":true,"href":"https:\/\/www.webdo.tn\/fr\/wp-json\/wp\/v2\/comments?post=376963"}],"version-history":[{"count":0,"href":"https:\/\/www.webdo.tn\/fr\/wp-json\/wp\/v2\/posts\/376963\/revisions"}],"wp:featuredmedia":[{"embeddable":true,"href":"https:\/\/www.webdo.tn\/fr\/wp-json\/wp\/v2\/media\/376964"}],"wp:attachment":[{"href":"https:\/\/www.webdo.tn\/fr\/wp-json\/wp\/v2\/media?parent=376963"}],"wp:term":[{"taxonomy":"category","embeddable":true,"href":"https:\/\/www.webdo.tn\/fr\/wp-json\/wp\/v2\/categories?post=376963"},{"taxonomy":"post_tag","embeddable":true,"href":"https:\/\/www.webdo.tn\/fr\/wp-json\/wp\/v2\/tags?post=376963"}],"curies":[{"name":"wp","href":"https:\/\/api.w.org\/{rel}","templated":true}]}}