{"id":376947,"date":"2025-06-09T09:48:17","date_gmt":"2025-06-09T09:48:17","guid":{"rendered":"https:\/\/www.webdo.tn\/fr\/?p=376947"},"modified":"2025-06-09T15:17:28","modified_gmt":"2025-06-09T15:17:28","slug":"tunisie-aid-al-idha-appel-a-ouvrir-une-enquete-sur-les-depassements","status":"publish","type":"post","link":"https:\/\/www.webdo.tn\/fr\/actualite\/national\/tunisie-aid-al-idha-appel-a-ouvrir-une-enquete-sur-les-depassements\/376947\/","title":{"rendered":"Tunisie &#8211; A\u00efd al-Idha : Appel \u00e0 ouvrir une enqu\u00eate sur les d\u00e9passements"},"content":{"rendered":"\n<p><\/p>\n\n\n\n<p><strong>\u00c0 l\u2019approche de l\u2019A\u00efd al-idha 2025, les prix exorbitants des moutons de sacrifice ont d\u00e9clench\u00e9 une vague d\u2019indignation en Tunisie. L\u2019Organisation tunisienne pour l\u2019orientation du consommateur a tir\u00e9 la sonnette d\u2019alarme ce week-end, d\u00e9non\u00e7ant de graves d\u00e9passements sur le march\u00e9 des ovins et des viandes rouges.<br><\/strong><\/p>\n\n\n\n<p>Dans un communiqu\u00e9 au ton ferme, l\u2019organisation fustige une flamb\u00e9e \u00ab sans pr\u00e9c\u00e9dent \u00bb des prix, imputable \u00e0 des pratiques de monopole, des violations manifestes de la loi sur la concurrence et une sp\u00e9culation massive. Alors que le co\u00fbt de production d\u2019un kilogramme vivant d\u2019agneau s\u2019\u00e9l\u00e8verait \u00e0 environ 13 dinars, les consommateurs ont d\u00fb payer jusqu\u2019\u00e0 60 dinars chez les bouchers, un \u00e9cart jug\u00e9 \u00ab \u00e9conomiquement injustifiable \u00bb et assimil\u00e9 \u00e0 de l\u2019exploitation commerciale abusive.<br><\/p>\n\n\n\n<p>Mais au-del\u00e0 du volet \u00e9conomique, l\u2019organisation \u00e9voque un enjeu social majeur : des milliers de familles tunisiennes ont \u00e9t\u00e9 priv\u00e9es de l\u2019accomplissement d\u2019un rituel religieux fondamental. \u00ab Ce dossier d\u00e9passe la simple question des prix : il s\u2019agit d\u00e9sormais d\u2019une crise sociale et humaine \u00bb, souligne le communiqu\u00e9.<br><\/p>\n\n\n\n<p>Appelant \u00e0 une enqu\u00eate approfondie et \u00e0 des sanctions exemplaires, l\u2019organisation met en garde contre une \u00ab culture de l\u2019impunit\u00e9 \u00bb qui menace la confiance entre les citoyens et les institutions. Elle rappelle que la protection du consommateur est un droit constitutionnel et exhorte l\u2019\u00c9tat \u00e0 agir.<br><\/p>\n\n\n\n<p>Parmi les solutions propos\u00e9es, elle appelle \u00e0 un plan national durable et \u00e9quitable : plafonnement des prix de la viande rouge, fixation de marges b\u00e9n\u00e9ficiaires maximales \u00e0 chaque \u00e9tape, structuration des prix sous supervision gouvernementale, et mesures de r\u00e9gulation strictes pour garantir l\u2019\u00e9quilibre du march\u00e9 et pr\u00e9server le pouvoir d\u2019achat des Tunisiens.<\/p>\n","protected":false},"excerpt":{"rendered":"<p>\u00c0 l\u2019approche de l\u2019A\u00efd al-idha 2025, les prix exorbitants des moutons de sacrifice ont d\u00e9clench\u00e9 une vague d\u2019indignation en Tunisie. L\u2019Organisation tunisienne pour l\u2019orientation du consommateur a tir\u00e9 la sonnette d\u2019alarme ce week-end, d\u00e9non\u00e7ant de graves d\u00e9passements sur le march\u00e9 des ovins et des viandes rouges. Dans un communiqu\u00e9 au ton ferme, l\u2019organisation fustige une [&hellip;]<\/p>\n","protected":false},"author":3184,"featured_media":376948,"comment_status":"open","ping_status":"open","sticky":false,"template":"","format":"standard","meta":{"footnotes":""},"categories":[44],"tags":[],"class_list":["post-376947","post","type-post","status-publish","format-standard","has-post-thumbnail","hentry","category-national"],"yoast_head":"<!-- This site is optimized with the Yoast SEO Premium plugin v27.5 (Yoast SEO v27.5) - https:\/\/yoast.com\/product\/yoast-seo-premium-wordpress\/ -->\n<title>Tunisie - A\u00efd al-Idha : Appel \u00e0 ouvrir une enqu\u00eate sur les d\u00e9passements - webdo<\/title>\n<link rel=\"canonical\" href=\"https:\/\/www.webdo.tn\/fr\/actualite\/national\/tunisie-aid-al-idha-appel-a-ouvrir-une-enquete-sur-les-depassements\/376947\/\" \/>\n<meta property=\"og:locale\" content=\"fr_FR\" \/>\n<meta property=\"og:type\" content=\"article\" \/>\n<meta property=\"og:title\" content=\"Tunisie - A\u00efd al-Idha : Appel \u00e0 ouvrir une enqu\u00eate sur les d\u00e9passements\" \/>\n<meta property=\"og:description\" content=\"\u00c0 l\u2019approche de l\u2019A\u00efd al-idha 2025, les prix exorbitants des moutons de sacrifice ont d\u00e9clench\u00e9 une vague d\u2019indignation en Tunisie. L\u2019Organisation tunisienne pour l\u2019orientation du consommateur a tir\u00e9 la sonnette d\u2019alarme ce week-end, d\u00e9non\u00e7ant de graves d\u00e9passements sur le march\u00e9 des ovins et des viandes rouges. Dans un communiqu\u00e9 au ton ferme, l\u2019organisation fustige une [&hellip;]\" \/>\n<meta property=\"og:url\" content=\"https:\/\/www.webdo.tn\/fr\/actualite\/national\/tunisie-aid-al-idha-appel-a-ouvrir-une-enquete-sur-les-depassements\/376947\/\" \/>\n<meta property=\"og:site_name\" content=\"webdo\" \/>\n<meta property=\"article:publisher\" content=\"https:\/\/www.facebook.com\/webdotn\" \/>\n<meta property=\"article:published_time\" content=\"2025-06-09T09:48:17+00:00\" \/>\n<meta property=\"article:modified_time\" content=\"2025-06-09T15:17:28+00:00\" \/>\n<meta property=\"og:image\" content=\"https:\/\/www.webdo.tn\/fr\/wp-content\/uploads\/2025\/06\/\u062a\u062c\u0627\u0648\u0632\u0627\u062a-\u062e\u0637\u064a\u0631\u0629-\u0641\u064a-\u0645\u0644\u0641-\u0627\u0644\u0623\u0636\u0627\u062d\u064a-\u0645\u0646\u0638\u0645\u0629-\u0625\u0631\u0634\u0627\u062f-\u0627\u0644\u0645\u0633\u062a\u0647\u0644\u0643-\u062a\u062f\u0639\u0648-\u0625\u0644\u0649-\u0641\u062a\u062d-\u062a\u062d\u0642\u064a\u0642.jpg\" \/>\n\t<meta property=\"og:image:width\" content=\"630\" \/>\n\t<meta property=\"og:image:height\" content=\"353\" \/>\n\t<meta property=\"og:image:type\" content=\"image\/jpeg\" \/>\n<meta name=\"author\" content=\"Wided Belhaj\" \/>\n<meta name=\"twitter:card\" content=\"summary_large_image\" \/>\n<meta name=\"twitter:creator\" content=\"@webdo_tn\" \/>\n<meta name=\"twitter:site\" content=\"@webdo_tn\" \/>\n<meta name=\"twitter:label1\" content=\"\u00c9crit par\" \/>\n\t<meta name=\"twitter:data1\" content=\"Wided Belhaj\" \/>\n\t<meta name=\"twitter:label2\" content=\"Dur\u00e9e de lecture estim\u00e9e\" \/>\n\t<meta name=\"twitter:data2\" content=\"2 minutes\" \/>\n<script type=\"application\/ld+json\" class=\"yoast-schema-graph\">{\"@context\":\"https:\\\/\\\/schema.org\",\"@graph\":[{\"@type\":\"NewsArticle\",\"@id\":\"https:\\\/\\\/www.webdo.tn\\\/fr\\\/actualite\\\/national\\\/tunisie-aid-al-idha-appel-a-ouvrir-une-enquete-sur-les-depassements\\\/376947\\\/#article\",\"isPartOf\":{\"@id\":\"https:\\\/\\\/www.webdo.tn\\\/fr\\\/actualite\\\/national\\\/tunisie-aid-al-idha-appel-a-ouvrir-une-enquete-sur-les-depassements\\\/376947\\\/\"},\"author\":{\"name\":\"Wided Belhaj\",\"@id\":\"https:\\\/\\\/www.webdo.tn\\\/fr\\\/#\\\/schema\\\/person\\\/b9ecde7a5574cb4fcf4b496ea5fadb15\"},\"headline\":\"Tunisie &#8211; A\u00efd al-Idha : Appel \u00e0 ouvrir une enqu\u00eate sur les d\u00e9passements\",\"datePublished\":\"2025-06-09T09:48:17+00:00\",\"dateModified\":\"2025-06-09T15:17:28+00:00\",\"mainEntityOfPage\":{\"@id\":\"https:\\\/\\\/www.webdo.tn\\\/fr\\\/actualite\\\/national\\\/tunisie-aid-al-idha-appel-a-ouvrir-une-enquete-sur-les-depassements\\\/376947\\\/\"},\"wordCount\":300,\"commentCount\":0,\"publisher\":{\"@id\":\"https:\\\/\\\/www.webdo.tn\\\/fr\\\/#organization\"},\"image\":{\"@id\":\"https:\\\/\\\/www.webdo.tn\\\/fr\\\/actualite\\\/national\\\/tunisie-aid-al-idha-appel-a-ouvrir-une-enquete-sur-les-depassements\\\/376947\\\/#primaryimage\"},\"thumbnailUrl\":\"https:\\\/\\\/www.webdo.tn\\\/fr\\\/wp-content\\\/uploads\\\/2025\\\/06\\\/\u062a\u062c\u0627\u0648\u0632\u0627\u062a-\u062e\u0637\u064a\u0631\u0629-\u0641\u064a-\u0645\u0644\u0641-\u0627\u0644\u0623\u0636\u0627\u062d\u064a-\u0645\u0646\u0638\u0645\u0629-\u0625\u0631\u0634\u0627\u062f-\u0627\u0644\u0645\u0633\u062a\u0647\u0644\u0643-\u062a\u062f\u0639\u0648-\u0625\u0644\u0649-\u0641\u062a\u062d-\u062a\u062d\u0642\u064a\u0642.jpg\",\"articleSection\":[\"National\"],\"inLanguage\":\"fr-FR\"},{\"@type\":\"WebPage\",\"@id\":\"https:\\\/\\\/www.webdo.tn\\\/fr\\\/actualite\\\/national\\\/tunisie-aid-al-idha-appel-a-ouvrir-une-enquete-sur-les-depassements\\\/376947\\\/\",\"url\":\"https:\\\/\\\/www.webdo.tn\\\/fr\\\/actualite\\\/national\\\/tunisie-aid-al-idha-appel-a-ouvrir-une-enquete-sur-les-depassements\\\/376947\\\/\",\"name\":\"Tunisie - A\u00efd al-Idha : Appel \u00e0 ouvrir une enqu\u00eate sur les d\u00e9passements - webdo\",\"isPartOf\":{\"@id\":\"https:\\\/\\\/www.webdo.tn\\\/fr\\\/#website\"},\"primaryImageOfPage\":{\"@id\":\"https:\\\/\\\/www.webdo.tn\\\/fr\\\/actualite\\\/national\\\/tunisie-aid-al-idha-appel-a-ouvrir-une-enquete-sur-les-depassements\\\/376947\\\/#primaryimage\"},\"image\":{\"@id\":\"https:\\\/\\\/www.webdo.tn\\\/fr\\\/actualite\\\/national\\\/tunisie-aid-al-idha-appel-a-ouvrir-une-enquete-sur-les-depassements\\\/376947\\\/#primaryimage\"},\"thumbnailUrl\":\"https:\\\/\\\/www.webdo.tn\\\/fr\\\/wp-content\\\/uploads\\\/2025\\\/06\\\/\u062a\u062c\u0627\u0648\u0632\u0627\u062a-\u062e\u0637\u064a\u0631\u0629-\u0641\u064a-\u0645\u0644\u0641-\u0627\u0644\u0623\u0636\u0627\u062d\u064a-\u0645\u0646\u0638\u0645\u0629-\u0625\u0631\u0634\u0627\u062f-\u0627\u0644\u0645\u0633\u062a\u0647\u0644\u0643-\u062a\u062f\u0639\u0648-\u0625\u0644\u0649-\u0641\u062a\u062d-\u062a\u062d\u0642\u064a\u0642.jpg\",\"datePublished\":\"2025-06-09T09:48:17+00:00\",\"dateModified\":\"2025-06-09T15:17:28+00:00\",\"breadcrumb\":{\"@id\":\"https:\\\/\\\/www.webdo.tn\\\/fr\\\/actualite\\\/national\\\/tunisie-aid-al-idha-appel-a-ouvrir-une-enquete-sur-les-depassements\\\/376947\\\/#breadcrumb\"},\"inLanguage\":\"fr-FR\",\"potentialAction\":[{\"@type\":\"ReadAction\",\"target\":[\"https:\\\/\\\/www.webdo.tn\\\/fr\\\/actualite\\\/national\\\/tunisie-aid-al-idha-appel-a-ouvrir-une-enquete-sur-les-depassements\\\/376947\\\/\"]}]},{\"@type\":\"ImageObject\",\"inLanguage\":\"fr-FR\",\"@id\":\"https:\\\/\\\/www.webdo.tn\\\/fr\\\/actualite\\\/national\\\/tunisie-aid-al-idha-appel-a-ouvrir-une-enquete-sur-les-depassements\\\/376947\\\/#primaryimage\",\"url\":\"https:\\\/\\\/www.webdo.tn\\\/fr\\\/wp-content\\\/uploads\\\/2025\\\/06\\\/\u062a\u062c\u0627\u0648\u0632\u0627\u062a-\u062e\u0637\u064a\u0631\u0629-\u0641\u064a-\u0645\u0644\u0641-\u0627\u0644\u0623\u0636\u0627\u062d\u064a-\u0645\u0646\u0638\u0645\u0629-\u0625\u0631\u0634\u0627\u062f-\u0627\u0644\u0645\u0633\u062a\u0647\u0644\u0643-\u062a\u062f\u0639\u0648-\u0625\u0644\u0649-\u0641\u062a\u062d-\u062a\u062d\u0642\u064a\u0642.jpg\",\"contentUrl\":\"https:\\\/\\\/www.webdo.tn\\\/fr\\\/wp-content\\\/uploads\\\/2025\\\/06\\\/\u062a\u062c\u0627\u0648\u0632\u0627\u062a-\u062e\u0637\u064a\u0631\u0629-\u0641\u064a-\u0645\u0644\u0641-\u0627\u0644\u0623\u0636\u0627\u062d\u064a-\u0645\u0646\u0638\u0645\u0629-\u0625\u0631\u0634\u0627\u062f-\u0627\u0644\u0645\u0633\u062a\u0647\u0644\u0643-\u062a\u062f\u0639\u0648-\u0625\u0644\u0649-\u0641\u062a\u062d-\u062a\u062d\u0642\u064a\u0642.jpg\",\"width\":630,\"height\":353},{\"@type\":\"BreadcrumbList\",\"@id\":\"https:\\\/\\\/www.webdo.tn\\\/fr\\\/actualite\\\/national\\\/tunisie-aid-al-idha-appel-a-ouvrir-une-enquete-sur-les-depassements\\\/376947\\\/#breadcrumb\",\"itemListElement\":[{\"@type\":\"ListItem\",\"position\":1,\"name\":\"Accueil\",\"item\":\"https:\\\/\\\/www.webdo.tn\\\/fr\\\/\"},{\"@type\":\"ListItem\",\"position\":2,\"name\":\"Tunisie &#8211; A\u00efd al-Idha : Appel \u00e0 ouvrir une enqu\u00eate sur les d\u00e9passements\"}]},{\"@type\":\"WebSite\",\"@id\":\"https:\\\/\\\/www.webdo.tn\\\/fr\\\/#website\",\"url\":\"https:\\\/\\\/www.webdo.tn\\\/fr\\\/\",\"name\":\"webdo\",\"description\":\"Tunisie - News en Tunisie et \u00e0 l&#039;international sur Webdo.tn\",\"publisher\":{\"@id\":\"https:\\\/\\\/www.webdo.tn\\\/fr\\\/#organization\"},\"potentialAction\":[{\"@type\":\"SearchAction\",\"target\":{\"@type\":\"EntryPoint\",\"urlTemplate\":\"https:\\\/\\\/www.webdo.tn\\\/fr\\\/?s={search_term_string}\"},\"query-input\":{\"@type\":\"PropertyValueSpecification\",\"valueRequired\":true,\"valueName\":\"search_term_string\"}}],\"inLanguage\":\"fr-FR\"},{\"@type\":\"Organization\",\"@id\":\"https:\\\/\\\/www.webdo.tn\\\/fr\\\/#organization\",\"name\":\"Webdo\",\"alternateName\":\"Webdo.tn\",\"url\":\"https:\\\/\\\/www.webdo.tn\\\/fr\\\/\",\"logo\":{\"@type\":\"ImageObject\",\"inLanguage\":\"fr-FR\",\"@id\":\"https:\\\/\\\/www.webdo.tn\\\/fr\\\/#\\\/schema\\\/logo\\\/image\\\/\",\"url\":\"https:\\\/\\\/www.webdo.tn\\\/fr\\\/wp-content\\\/uploads\\\/2025\\\/06\\\/Webdo-Tunisie_168377.jpg\",\"contentUrl\":\"https:\\\/\\\/www.webdo.tn\\\/fr\\\/wp-content\\\/uploads\\\/2025\\\/06\\\/Webdo-Tunisie_168377.jpg\",\"width\":301,\"height\":301,\"caption\":\"Webdo\"},\"image\":{\"@id\":\"https:\\\/\\\/www.webdo.tn\\\/fr\\\/#\\\/schema\\\/logo\\\/image\\\/\"},\"sameAs\":[\"https:\\\/\\\/www.facebook.com\\\/webdotn\",\"https:\\\/\\\/x.com\\\/webdo_tn\"],\"description\":\"Webdo est un m\u00e9dia num\u00e9rique tunisien fond\u00e9 en 2010, sp\u00e9cialis\u00e9 dans l\u2019actualit\u00e9 nationale et internationale, l\u2019\u00e9conomie, la soci\u00e9t\u00e9 et les analyses politiques. Le site s\u2019adresse \u00e0 un large public francophone et couvre l\u2019information tunisienne en temps r\u00e9el.\",\"email\":\"redac@webdo.tn\",\"legalName\":\"YNJ SARL\",\"foundingDate\":\"2010-09-06\",\"numberOfEmployees\":{\"@type\":\"QuantitativeValue\",\"minValue\":\"11\",\"maxValue\":\"50\"}},{\"@type\":\"Person\",\"@id\":\"https:\\\/\\\/www.webdo.tn\\\/fr\\\/#\\\/schema\\\/person\\\/b9ecde7a5574cb4fcf4b496ea5fadb15\",\"name\":\"Wided Belhaj\",\"image\":{\"@type\":\"ImageObject\",\"inLanguage\":\"fr-FR\",\"@id\":\"https:\\\/\\\/www.webdo.tn\\\/fr\\\/wp-content\\\/uploads\\\/2026\\\/04\\\/wided-belhaj_avatar-96x96.jpg\",\"url\":\"https:\\\/\\\/www.webdo.tn\\\/fr\\\/wp-content\\\/uploads\\\/2026\\\/04\\\/wided-belhaj_avatar-96x96.jpg\",\"contentUrl\":\"https:\\\/\\\/www.webdo.tn\\\/fr\\\/wp-content\\\/uploads\\\/2026\\\/04\\\/wided-belhaj_avatar-96x96.jpg\",\"caption\":\"Wided Belhaj\"},\"description\":\"Wided Belhaj est le pseudonyme \u00e9ditorial utilis\u00e9 par Khalil Jelassi, journaliste, ma\u00eetre-assistant \u00e0 l\u2019Institut de presse et des sciences de l\u2019information (IPSI) et chercheur en sciences de l\u2019information et de la communication. Cette signature est d\u00e9di\u00e9e \u00e0 l\u2019analyse des m\u00e9dias, des pratiques journalistiques et des mutations de l\u2019information \u00e0 l\u2019\u00e8re digitale. \u00c0 travers ses contributions, Wided Belhaj propose une lecture analytique de l\u2019actualit\u00e9, en croisant regard critique et expertise acad\u00e9mique.\",\"knowsAbout\":[\"m\u00e9dias\",\"journalisme\",\"communication\",\"information\",\"transformation num\u00e9rique\",\"analyse des m\u00e9dias\"],\"knowsLanguage\":[\"Fran\u00e7ais\",\"Arabe\"],\"jobTitle\":\"Webdo.tn\",\"worksFor\":\"Journaliste \u2013 Analyse des m\u00e9dias\",\"url\":\"https:\\\/\\\/www.webdo.tn\\\/fr\\\/actualite\\\/author\\\/wided-belhaj\\\/\"}]}<\/script>\n<!-- \/ Yoast SEO Premium plugin. -->","yoast_head_json":{"title":"Tunisie - A\u00efd al-Idha : Appel \u00e0 ouvrir une enqu\u00eate sur les d\u00e9passements - webdo","canonical":"https:\/\/www.webdo.tn\/fr\/actualite\/national\/tunisie-aid-al-idha-appel-a-ouvrir-une-enquete-sur-les-depassements\/376947\/","og_locale":"fr_FR","og_type":"article","og_title":"Tunisie - A\u00efd al-Idha : Appel \u00e0 ouvrir une enqu\u00eate sur les d\u00e9passements","og_description":"\u00c0 l\u2019approche de l\u2019A\u00efd al-idha 2025, les prix exorbitants des moutons de sacrifice ont d\u00e9clench\u00e9 une vague d\u2019indignation en Tunisie. L\u2019Organisation tunisienne pour l\u2019orientation du consommateur a tir\u00e9 la sonnette d\u2019alarme ce week-end, d\u00e9non\u00e7ant de graves d\u00e9passements sur le march\u00e9 des ovins et des viandes rouges. Dans un communiqu\u00e9 au ton ferme, l\u2019organisation fustige une [&hellip;]","og_url":"https:\/\/www.webdo.tn\/fr\/actualite\/national\/tunisie-aid-al-idha-appel-a-ouvrir-une-enquete-sur-les-depassements\/376947\/","og_site_name":"webdo","article_publisher":"https:\/\/www.facebook.com\/webdotn","article_published_time":"2025-06-09T09:48:17+00:00","article_modified_time":"2025-06-09T15:17:28+00:00","og_image":[{"width":630,"height":353,"url":"https:\/\/www.webdo.tn\/fr\/wp-content\/uploads\/2025\/06\/\u062a\u062c\u0627\u0648\u0632\u0627\u062a-\u062e\u0637\u064a\u0631\u0629-\u0641\u064a-\u0645\u0644\u0641-\u0627\u0644\u0623\u0636\u0627\u062d\u064a-\u0645\u0646\u0638\u0645\u0629-\u0625\u0631\u0634\u0627\u062f-\u0627\u0644\u0645\u0633\u062a\u0647\u0644\u0643-\u062a\u062f\u0639\u0648-\u0625\u0644\u0649-\u0641\u062a\u062d-\u062a\u062d\u0642\u064a\u0642.jpg","type":"image\/jpeg"}],"author":"Wided Belhaj","twitter_card":"summary_large_image","twitter_creator":"@webdo_tn","twitter_site":"@webdo_tn","twitter_misc":{"\u00c9crit par":"Wided Belhaj","Dur\u00e9e de lecture estim\u00e9e":"2 minutes"},"schema":{"@context":"https:\/\/schema.org","@graph":[{"@type":"NewsArticle","@id":"https:\/\/www.webdo.tn\/fr\/actualite\/national\/tunisie-aid-al-idha-appel-a-ouvrir-une-enquete-sur-les-depassements\/376947\/#article","isPartOf":{"@id":"https:\/\/www.webdo.tn\/fr\/actualite\/national\/tunisie-aid-al-idha-appel-a-ouvrir-une-enquete-sur-les-depassements\/376947\/"},"author":{"name":"Wided Belhaj","@id":"https:\/\/www.webdo.tn\/fr\/#\/schema\/person\/b9ecde7a5574cb4fcf4b496ea5fadb15"},"headline":"Tunisie &#8211; A\u00efd al-Idha : Appel \u00e0 ouvrir une enqu\u00eate sur les d\u00e9passements","datePublished":"2025-06-09T09:48:17+00:00","dateModified":"2025-06-09T15:17:28+00:00","mainEntityOfPage":{"@id":"https:\/\/www.webdo.tn\/fr\/actualite\/national\/tunisie-aid-al-idha-appel-a-ouvrir-une-enquete-sur-les-depassements\/376947\/"},"wordCount":300,"commentCount":0,"publisher":{"@id":"https:\/\/www.webdo.tn\/fr\/#organization"},"image":{"@id":"https:\/\/www.webdo.tn\/fr\/actualite\/national\/tunisie-aid-al-idha-appel-a-ouvrir-une-enquete-sur-les-depassements\/376947\/#primaryimage"},"thumbnailUrl":"https:\/\/www.webdo.tn\/fr\/wp-content\/uploads\/2025\/06\/\u062a\u062c\u0627\u0648\u0632\u0627\u062a-\u062e\u0637\u064a\u0631\u0629-\u0641\u064a-\u0645\u0644\u0641-\u0627\u0644\u0623\u0636\u0627\u062d\u064a-\u0645\u0646\u0638\u0645\u0629-\u0625\u0631\u0634\u0627\u062f-\u0627\u0644\u0645\u0633\u062a\u0647\u0644\u0643-\u062a\u062f\u0639\u0648-\u0625\u0644\u0649-\u0641\u062a\u062d-\u062a\u062d\u0642\u064a\u0642.jpg","articleSection":["National"],"inLanguage":"fr-FR"},{"@type":"WebPage","@id":"https:\/\/www.webdo.tn\/fr\/actualite\/national\/tunisie-aid-al-idha-appel-a-ouvrir-une-enquete-sur-les-depassements\/376947\/","url":"https:\/\/www.webdo.tn\/fr\/actualite\/national\/tunisie-aid-al-idha-appel-a-ouvrir-une-enquete-sur-les-depassements\/376947\/","name":"Tunisie - A\u00efd al-Idha : Appel \u00e0 ouvrir une enqu\u00eate sur les d\u00e9passements - webdo","isPartOf":{"@id":"https:\/\/www.webdo.tn\/fr\/#website"},"primaryImageOfPage":{"@id":"https:\/\/www.webdo.tn\/fr\/actualite\/national\/tunisie-aid-al-idha-appel-a-ouvrir-une-enquete-sur-les-depassements\/376947\/#primaryimage"},"image":{"@id":"https:\/\/www.webdo.tn\/fr\/actualite\/national\/tunisie-aid-al-idha-appel-a-ouvrir-une-enquete-sur-les-depassements\/376947\/#primaryimage"},"thumbnailUrl":"https:\/\/www.webdo.tn\/fr\/wp-content\/uploads\/2025\/06\/\u062a\u062c\u0627\u0648\u0632\u0627\u062a-\u062e\u0637\u064a\u0631\u0629-\u0641\u064a-\u0645\u0644\u0641-\u0627\u0644\u0623\u0636\u0627\u062d\u064a-\u0645\u0646\u0638\u0645\u0629-\u0625\u0631\u0634\u0627\u062f-\u0627\u0644\u0645\u0633\u062a\u0647\u0644\u0643-\u062a\u062f\u0639\u0648-\u0625\u0644\u0649-\u0641\u062a\u062d-\u062a\u062d\u0642\u064a\u0642.jpg","datePublished":"2025-06-09T09:48:17+00:00","dateModified":"2025-06-09T15:17:28+00:00","breadcrumb":{"@id":"https:\/\/www.webdo.tn\/fr\/actualite\/national\/tunisie-aid-al-idha-appel-a-ouvrir-une-enquete-sur-les-depassements\/376947\/#breadcrumb"},"inLanguage":"fr-FR","potentialAction":[{"@type":"ReadAction","target":["https:\/\/www.webdo.tn\/fr\/actualite\/national\/tunisie-aid-al-idha-appel-a-ouvrir-une-enquete-sur-les-depassements\/376947\/"]}]},{"@type":"ImageObject","inLanguage":"fr-FR","@id":"https:\/\/www.webdo.tn\/fr\/actualite\/national\/tunisie-aid-al-idha-appel-a-ouvrir-une-enquete-sur-les-depassements\/376947\/#primaryimage","url":"https:\/\/www.webdo.tn\/fr\/wp-content\/uploads\/2025\/06\/\u062a\u062c\u0627\u0648\u0632\u0627\u062a-\u062e\u0637\u064a\u0631\u0629-\u0641\u064a-\u0645\u0644\u0641-\u0627\u0644\u0623\u0636\u0627\u062d\u064a-\u0645\u0646\u0638\u0645\u0629-\u0625\u0631\u0634\u0627\u062f-\u0627\u0644\u0645\u0633\u062a\u0647\u0644\u0643-\u062a\u062f\u0639\u0648-\u0625\u0644\u0649-\u0641\u062a\u062d-\u062a\u062d\u0642\u064a\u0642.jpg","contentUrl":"https:\/\/www.webdo.tn\/fr\/wp-content\/uploads\/2025\/06\/\u062a\u062c\u0627\u0648\u0632\u0627\u062a-\u062e\u0637\u064a\u0631\u0629-\u0641\u064a-\u0645\u0644\u0641-\u0627\u0644\u0623\u0636\u0627\u062d\u064a-\u0645\u0646\u0638\u0645\u0629-\u0625\u0631\u0634\u0627\u062f-\u0627\u0644\u0645\u0633\u062a\u0647\u0644\u0643-\u062a\u062f\u0639\u0648-\u0625\u0644\u0649-\u0641\u062a\u062d-\u062a\u062d\u0642\u064a\u0642.jpg","width":630,"height":353},{"@type":"BreadcrumbList","@id":"https:\/\/www.webdo.tn\/fr\/actualite\/national\/tunisie-aid-al-idha-appel-a-ouvrir-une-enquete-sur-les-depassements\/376947\/#breadcrumb","itemListElement":[{"@type":"ListItem","position":1,"name":"Accueil","item":"https:\/\/www.webdo.tn\/fr\/"},{"@type":"ListItem","position":2,"name":"Tunisie &#8211; A\u00efd al-Idha : Appel \u00e0 ouvrir une enqu\u00eate sur les d\u00e9passements"}]},{"@type":"WebSite","@id":"https:\/\/www.webdo.tn\/fr\/#website","url":"https:\/\/www.webdo.tn\/fr\/","name":"webdo","description":"Tunisie - News en Tunisie et \u00e0 l&#039;international sur Webdo.tn","publisher":{"@id":"https:\/\/www.webdo.tn\/fr\/#organization"},"potentialAction":[{"@type":"SearchAction","target":{"@type":"EntryPoint","urlTemplate":"https:\/\/www.webdo.tn\/fr\/?s={search_term_string}"},"query-input":{"@type":"PropertyValueSpecification","valueRequired":true,"valueName":"search_term_string"}}],"inLanguage":"fr-FR"},{"@type":"Organization","@id":"https:\/\/www.webdo.tn\/fr\/#organization","name":"Webdo","alternateName":"Webdo.tn","url":"https:\/\/www.webdo.tn\/fr\/","logo":{"@type":"ImageObject","inLanguage":"fr-FR","@id":"https:\/\/www.webdo.tn\/fr\/#\/schema\/logo\/image\/","url":"https:\/\/www.webdo.tn\/fr\/wp-content\/uploads\/2025\/06\/Webdo-Tunisie_168377.jpg","contentUrl":"https:\/\/www.webdo.tn\/fr\/wp-content\/uploads\/2025\/06\/Webdo-Tunisie_168377.jpg","width":301,"height":301,"caption":"Webdo"},"image":{"@id":"https:\/\/www.webdo.tn\/fr\/#\/schema\/logo\/image\/"},"sameAs":["https:\/\/www.facebook.com\/webdotn","https:\/\/x.com\/webdo_tn"],"description":"Webdo est un m\u00e9dia num\u00e9rique tunisien fond\u00e9 en 2010, sp\u00e9cialis\u00e9 dans l\u2019actualit\u00e9 nationale et internationale, l\u2019\u00e9conomie, la soci\u00e9t\u00e9 et les analyses politiques. Le site s\u2019adresse \u00e0 un large public francophone et couvre l\u2019information tunisienne en temps r\u00e9el.","email":"redac@webdo.tn","legalName":"YNJ SARL","foundingDate":"2010-09-06","numberOfEmployees":{"@type":"QuantitativeValue","minValue":"11","maxValue":"50"}},{"@type":"Person","@id":"https:\/\/www.webdo.tn\/fr\/#\/schema\/person\/b9ecde7a5574cb4fcf4b496ea5fadb15","name":"Wided Belhaj","image":{"@type":"ImageObject","inLanguage":"fr-FR","@id":"https:\/\/www.webdo.tn\/fr\/wp-content\/uploads\/2026\/04\/wided-belhaj_avatar-96x96.jpg","url":"https:\/\/www.webdo.tn\/fr\/wp-content\/uploads\/2026\/04\/wided-belhaj_avatar-96x96.jpg","contentUrl":"https:\/\/www.webdo.tn\/fr\/wp-content\/uploads\/2026\/04\/wided-belhaj_avatar-96x96.jpg","caption":"Wided Belhaj"},"description":"Wided Belhaj est le pseudonyme \u00e9ditorial utilis\u00e9 par Khalil Jelassi, journaliste, ma\u00eetre-assistant \u00e0 l\u2019Institut de presse et des sciences de l\u2019information (IPSI) et chercheur en sciences de l\u2019information et de la communication. Cette signature est d\u00e9di\u00e9e \u00e0 l\u2019analyse des m\u00e9dias, des pratiques journalistiques et des mutations de l\u2019information \u00e0 l\u2019\u00e8re digitale. \u00c0 travers ses contributions, Wided Belhaj propose une lecture analytique de l\u2019actualit\u00e9, en croisant regard critique et expertise acad\u00e9mique.","knowsAbout":["m\u00e9dias","journalisme","communication","information","transformation num\u00e9rique","analyse des m\u00e9dias"],"knowsLanguage":["Fran\u00e7ais","Arabe"],"jobTitle":"Webdo.tn","worksFor":"Journaliste \u2013 Analyse des m\u00e9dias","url":"https:\/\/www.webdo.tn\/fr\/actualite\/author\/wided-belhaj\/"}]}},"_links":{"self":[{"href":"https:\/\/www.webdo.tn\/fr\/wp-json\/wp\/v2\/posts\/376947","targetHints":{"allow":["GET"]}}],"collection":[{"href":"https:\/\/www.webdo.tn\/fr\/wp-json\/wp\/v2\/posts"}],"about":[{"href":"https:\/\/www.webdo.tn\/fr\/wp-json\/wp\/v2\/types\/post"}],"author":[{"embeddable":true,"href":"https:\/\/www.webdo.tn\/fr\/wp-json\/wp\/v2\/users\/3184"}],"replies":[{"embeddable":true,"href":"https:\/\/www.webdo.tn\/fr\/wp-json\/wp\/v2\/comments?post=376947"}],"version-history":[{"count":0,"href":"https:\/\/www.webdo.tn\/fr\/wp-json\/wp\/v2\/posts\/376947\/revisions"}],"wp:featuredmedia":[{"embeddable":true,"href":"https:\/\/www.webdo.tn\/fr\/wp-json\/wp\/v2\/media\/376948"}],"wp:attachment":[{"href":"https:\/\/www.webdo.tn\/fr\/wp-json\/wp\/v2\/media?parent=376947"}],"wp:term":[{"taxonomy":"category","embeddable":true,"href":"https:\/\/www.webdo.tn\/fr\/wp-json\/wp\/v2\/categories?post=376947"},{"taxonomy":"post_tag","embeddable":true,"href":"https:\/\/www.webdo.tn\/fr\/wp-json\/wp\/v2\/tags?post=376947"}],"curies":[{"name":"wp","href":"https:\/\/api.w.org\/{rel}","templated":true}]}}