{"id":376919,"date":"2025-06-09T06:50:15","date_gmt":"2025-06-09T06:50:15","guid":{"rendered":"https:\/\/www.webdo.tn\/fr\/?p=376919"},"modified":"2025-06-09T11:17:25","modified_gmt":"2025-06-09T11:17:25","slug":"gaza-interception-du-madleen-plus-aucun-contact-avec-les-passagers-de-la-flottille-de-la-liberte","status":"publish","type":"post","link":"https:\/\/www.webdo.tn\/fr\/actualite\/international\/gaza-interception-du-madleen-plus-aucun-contact-avec-les-passagers-de-la-flottille-de-la-liberte\/376919\/","title":{"rendered":"Gaza : Interception du Madleen, plus aucun contact avec les passagers de la flottille de la libert\u00e9"},"content":{"rendered":"\n<p>Dans la nuit du 8 au 9 juin 2025, le navire humanitaire <em>Madleen<\/em>, en route vers Gaza pour fournir une aide humanitaire, a \u00e9t\u00e9 intercept\u00e9 par l\u2019arm\u00e9e isra\u00e9lienne en haute mer, \u00e0 environ 160 kilom\u00e8tres au large de Gaza. \u00c0 bord se trouvaient 12 militants, dont la militante \u00e9cologiste Greta Thunberg et la d\u00e9put\u00e9e europ\u00e9enne Rima Hassan. <\/p>\n\n\n\n<p>Peu apr\u00e8s l\u2019abordage, toutes les communications ont \u00e9t\u00e9 brutalement coup\u00e9es, et le contact avec le navire a \u00e9t\u00e9 perdu. Des vid\u00e9os diffus\u00e9es sur les r\u00e9seaux sociaux montrent des militaires isra\u00e9liens demandant aux passagers de cesser de filmer et de lever les mains, sugg\u00e9rant une intervention muscl\u00e9e. L\u2019arm\u00e9e isra\u00e9lienne a confirm\u00e9 l\u2019intervention, pr\u00e9cisant que le navire se dirigeait vers les c\u00f4tes isra\u00e9liennes et que les passagers seraient expuls\u00e9s vers leurs pays d\u2019origine. <\/p>\n\n\n\n<p>Cette interception intervient alors que la Flottille de la Libert\u00e9, apr\u00e8s avoir \u00e9t\u00e9 attaqu\u00e9e en mai dernier, avait relanc\u00e9 une nouvelle mission humanitaire. Le <em>Madleen<\/em> avait quitt\u00e9 Catane, en Sicile, le 1er juin, avec des vivres, du mat\u00e9riel m\u00e9dical et des \u00e9quipements de dessalement \u00e0 destination de Gaza. En cours de route, le navire avait d\u00e9vi\u00e9 pour secourir quatre migrants en d\u00e9tresse en mer M\u00e9diterran\u00e9e. <\/p>\n\n\n\n<p>L\u2019interception du Madleen a suscit\u00e9 une vague d\u2019indignation internationale. En France, des centaines de personnes se sont rassembl\u00e9es en pleine nuit place de la R\u00e9publique \u00e0 Paris pour protester contre cette action, r\u00e9pondant \u00e0 l\u2019appel de Rima Hassan . Le parti La France Insoumise a d\u00e9nonc\u00e9 une \u00ab violation flagrante du droit international \u00bb, soulignant que le navire se trouvait en eaux internationales au moment de l\u2019interception. <\/p>\n","protected":false},"excerpt":{"rendered":"<p>Dans la nuit du 8 au 9 juin 2025, le navire humanitaire Madleen, en route vers Gaza pour fournir une aide humanitaire, a \u00e9t\u00e9 intercept\u00e9 par l\u2019arm\u00e9e isra\u00e9lienne en haute mer, \u00e0 environ 160 kilom\u00e8tres au large de Gaza. \u00c0 bord se trouvaient 12 militants, dont la militante \u00e9cologiste Greta Thunberg et la d\u00e9put\u00e9e europ\u00e9enne [&hellip;]<\/p>\n","protected":false},"author":3184,"featured_media":376921,"comment_status":"open","ping_status":"open","sticky":false,"template":"","format":"standard","meta":{"footnotes":""},"categories":[2598],"tags":[],"class_list":["post-376919","post","type-post","status-publish","format-standard","has-post-thumbnail","hentry","category-international"],"yoast_head":"<!-- This site is optimized with the Yoast SEO Premium plugin v27.5 (Yoast SEO v27.5) - https:\/\/yoast.com\/product\/yoast-seo-premium-wordpress\/ -->\n<title>Gaza : Interception du Madleen, plus aucun contact avec les passagers de la flottille de la libert\u00e9 - webdo<\/title>\n<link rel=\"canonical\" href=\"https:\/\/www.webdo.tn\/fr\/actualite\/international\/gaza-interception-du-madleen-plus-aucun-contact-avec-les-passagers-de-la-flottille-de-la-liberte\/376919\/\" \/>\n<meta property=\"og:locale\" content=\"fr_FR\" \/>\n<meta property=\"og:type\" content=\"article\" \/>\n<meta property=\"og:title\" content=\"Gaza : Interception du Madleen, plus aucun contact avec les passagers de la flottille de la libert\u00e9\" \/>\n<meta property=\"og:description\" content=\"Dans la nuit du 8 au 9 juin 2025, le navire humanitaire Madleen, en route vers Gaza pour fournir une aide humanitaire, a \u00e9t\u00e9 intercept\u00e9 par l\u2019arm\u00e9e isra\u00e9lienne en haute mer, \u00e0 environ 160 kilom\u00e8tres au large de Gaza. \u00c0 bord se trouvaient 12 militants, dont la militante \u00e9cologiste Greta Thunberg et la d\u00e9put\u00e9e europ\u00e9enne [&hellip;]\" \/>\n<meta property=\"og:url\" content=\"https:\/\/www.webdo.tn\/fr\/actualite\/international\/gaza-interception-du-madleen-plus-aucun-contact-avec-les-passagers-de-la-flottille-de-la-liberte\/376919\/\" \/>\n<meta property=\"og:site_name\" content=\"webdo\" \/>\n<meta property=\"article:publisher\" content=\"https:\/\/www.facebook.com\/webdotn\" \/>\n<meta property=\"article:published_time\" content=\"2025-06-09T06:50:15+00:00\" \/>\n<meta property=\"article:modified_time\" content=\"2025-06-09T11:17:25+00:00\" \/>\n<meta property=\"og:image\" content=\"https:\/\/www.webdo.tn\/fr\/wp-content\/uploads\/2025\/06\/e44fcaa0-44b1-11f0-9bab-9bc7b902e82b.jpg\" \/>\n\t<meta property=\"og:image:width\" content=\"1726\" \/>\n\t<meta property=\"og:image:height\" content=\"971\" \/>\n\t<meta property=\"og:image:type\" content=\"image\/jpeg\" \/>\n<meta name=\"author\" content=\"Wided Belhaj\" \/>\n<meta name=\"twitter:card\" content=\"summary_large_image\" \/>\n<meta name=\"twitter:creator\" content=\"@webdo_tn\" \/>\n<meta name=\"twitter:site\" content=\"@webdo_tn\" \/>\n<meta name=\"twitter:label1\" content=\"\u00c9crit par\" \/>\n\t<meta name=\"twitter:data1\" content=\"Wided Belhaj\" \/>\n\t<meta name=\"twitter:label2\" content=\"Dur\u00e9e de lecture estim\u00e9e\" \/>\n\t<meta name=\"twitter:data2\" content=\"2 minutes\" \/>\n<script type=\"application\/ld+json\" class=\"yoast-schema-graph\">{\"@context\":\"https:\\\/\\\/schema.org\",\"@graph\":[{\"@type\":\"NewsArticle\",\"@id\":\"https:\\\/\\\/www.webdo.tn\\\/fr\\\/actualite\\\/international\\\/gaza-interception-du-madleen-plus-aucun-contact-avec-les-passagers-de-la-flottille-de-la-liberte\\\/376919\\\/#article\",\"isPartOf\":{\"@id\":\"https:\\\/\\\/www.webdo.tn\\\/fr\\\/actualite\\\/international\\\/gaza-interception-du-madleen-plus-aucun-contact-avec-les-passagers-de-la-flottille-de-la-liberte\\\/376919\\\/\"},\"author\":{\"name\":\"Wided Belhaj\",\"@id\":\"https:\\\/\\\/www.webdo.tn\\\/fr\\\/#\\\/schema\\\/person\\\/b9ecde7a5574cb4fcf4b496ea5fadb15\"},\"headline\":\"Gaza : Interception du Madleen, plus aucun contact avec les passagers de la flottille de la libert\u00e9\",\"datePublished\":\"2025-06-09T06:50:15+00:00\",\"dateModified\":\"2025-06-09T11:17:25+00:00\",\"mainEntityOfPage\":{\"@id\":\"https:\\\/\\\/www.webdo.tn\\\/fr\\\/actualite\\\/international\\\/gaza-interception-du-madleen-plus-aucun-contact-avec-les-passagers-de-la-flottille-de-la-liberte\\\/376919\\\/\"},\"wordCount\":304,\"commentCount\":0,\"publisher\":{\"@id\":\"https:\\\/\\\/www.webdo.tn\\\/fr\\\/#organization\"},\"image\":{\"@id\":\"https:\\\/\\\/www.webdo.tn\\\/fr\\\/actualite\\\/international\\\/gaza-interception-du-madleen-plus-aucun-contact-avec-les-passagers-de-la-flottille-de-la-liberte\\\/376919\\\/#primaryimage\"},\"thumbnailUrl\":\"https:\\\/\\\/www.webdo.tn\\\/fr\\\/wp-content\\\/uploads\\\/2025\\\/06\\\/e44fcaa0-44b1-11f0-9bab-9bc7b902e82b.jpg\",\"articleSection\":[\"International\"],\"inLanguage\":\"fr-FR\"},{\"@type\":\"WebPage\",\"@id\":\"https:\\\/\\\/www.webdo.tn\\\/fr\\\/actualite\\\/international\\\/gaza-interception-du-madleen-plus-aucun-contact-avec-les-passagers-de-la-flottille-de-la-liberte\\\/376919\\\/\",\"url\":\"https:\\\/\\\/www.webdo.tn\\\/fr\\\/actualite\\\/international\\\/gaza-interception-du-madleen-plus-aucun-contact-avec-les-passagers-de-la-flottille-de-la-liberte\\\/376919\\\/\",\"name\":\"Gaza : Interception du Madleen, plus aucun contact avec les passagers de la flottille de la libert\u00e9 - webdo\",\"isPartOf\":{\"@id\":\"https:\\\/\\\/www.webdo.tn\\\/fr\\\/#website\"},\"primaryImageOfPage\":{\"@id\":\"https:\\\/\\\/www.webdo.tn\\\/fr\\\/actualite\\\/international\\\/gaza-interception-du-madleen-plus-aucun-contact-avec-les-passagers-de-la-flottille-de-la-liberte\\\/376919\\\/#primaryimage\"},\"image\":{\"@id\":\"https:\\\/\\\/www.webdo.tn\\\/fr\\\/actualite\\\/international\\\/gaza-interception-du-madleen-plus-aucun-contact-avec-les-passagers-de-la-flottille-de-la-liberte\\\/376919\\\/#primaryimage\"},\"thumbnailUrl\":\"https:\\\/\\\/www.webdo.tn\\\/fr\\\/wp-content\\\/uploads\\\/2025\\\/06\\\/e44fcaa0-44b1-11f0-9bab-9bc7b902e82b.jpg\",\"datePublished\":\"2025-06-09T06:50:15+00:00\",\"dateModified\":\"2025-06-09T11:17:25+00:00\",\"breadcrumb\":{\"@id\":\"https:\\\/\\\/www.webdo.tn\\\/fr\\\/actualite\\\/international\\\/gaza-interception-du-madleen-plus-aucun-contact-avec-les-passagers-de-la-flottille-de-la-liberte\\\/376919\\\/#breadcrumb\"},\"inLanguage\":\"fr-FR\",\"potentialAction\":[{\"@type\":\"ReadAction\",\"target\":[\"https:\\\/\\\/www.webdo.tn\\\/fr\\\/actualite\\\/international\\\/gaza-interception-du-madleen-plus-aucun-contact-avec-les-passagers-de-la-flottille-de-la-liberte\\\/376919\\\/\"]}]},{\"@type\":\"ImageObject\",\"inLanguage\":\"fr-FR\",\"@id\":\"https:\\\/\\\/www.webdo.tn\\\/fr\\\/actualite\\\/international\\\/gaza-interception-du-madleen-plus-aucun-contact-avec-les-passagers-de-la-flottille-de-la-liberte\\\/376919\\\/#primaryimage\",\"url\":\"https:\\\/\\\/www.webdo.tn\\\/fr\\\/wp-content\\\/uploads\\\/2025\\\/06\\\/e44fcaa0-44b1-11f0-9bab-9bc7b902e82b.jpg\",\"contentUrl\":\"https:\\\/\\\/www.webdo.tn\\\/fr\\\/wp-content\\\/uploads\\\/2025\\\/06\\\/e44fcaa0-44b1-11f0-9bab-9bc7b902e82b.jpg\",\"width\":1726,\"height\":971},{\"@type\":\"BreadcrumbList\",\"@id\":\"https:\\\/\\\/www.webdo.tn\\\/fr\\\/actualite\\\/international\\\/gaza-interception-du-madleen-plus-aucun-contact-avec-les-passagers-de-la-flottille-de-la-liberte\\\/376919\\\/#breadcrumb\",\"itemListElement\":[{\"@type\":\"ListItem\",\"position\":1,\"name\":\"Accueil\",\"item\":\"https:\\\/\\\/www.webdo.tn\\\/fr\\\/\"},{\"@type\":\"ListItem\",\"position\":2,\"name\":\"Gaza : Interception du Madleen, plus aucun contact avec les passagers de la flottille de la libert\u00e9\"}]},{\"@type\":\"WebSite\",\"@id\":\"https:\\\/\\\/www.webdo.tn\\\/fr\\\/#website\",\"url\":\"https:\\\/\\\/www.webdo.tn\\\/fr\\\/\",\"name\":\"webdo\",\"description\":\"Tunisie - News en Tunisie et \u00e0 l&#039;international sur Webdo.tn\",\"publisher\":{\"@id\":\"https:\\\/\\\/www.webdo.tn\\\/fr\\\/#organization\"},\"potentialAction\":[{\"@type\":\"SearchAction\",\"target\":{\"@type\":\"EntryPoint\",\"urlTemplate\":\"https:\\\/\\\/www.webdo.tn\\\/fr\\\/?s={search_term_string}\"},\"query-input\":{\"@type\":\"PropertyValueSpecification\",\"valueRequired\":true,\"valueName\":\"search_term_string\"}}],\"inLanguage\":\"fr-FR\"},{\"@type\":\"Organization\",\"@id\":\"https:\\\/\\\/www.webdo.tn\\\/fr\\\/#organization\",\"name\":\"Webdo\",\"alternateName\":\"Webdo.tn\",\"url\":\"https:\\\/\\\/www.webdo.tn\\\/fr\\\/\",\"logo\":{\"@type\":\"ImageObject\",\"inLanguage\":\"fr-FR\",\"@id\":\"https:\\\/\\\/www.webdo.tn\\\/fr\\\/#\\\/schema\\\/logo\\\/image\\\/\",\"url\":\"https:\\\/\\\/www.webdo.tn\\\/fr\\\/wp-content\\\/uploads\\\/2025\\\/06\\\/Webdo-Tunisie_168377.jpg\",\"contentUrl\":\"https:\\\/\\\/www.webdo.tn\\\/fr\\\/wp-content\\\/uploads\\\/2025\\\/06\\\/Webdo-Tunisie_168377.jpg\",\"width\":301,\"height\":301,\"caption\":\"Webdo\"},\"image\":{\"@id\":\"https:\\\/\\\/www.webdo.tn\\\/fr\\\/#\\\/schema\\\/logo\\\/image\\\/\"},\"sameAs\":[\"https:\\\/\\\/www.facebook.com\\\/webdotn\",\"https:\\\/\\\/x.com\\\/webdo_tn\"],\"description\":\"Webdo est un m\u00e9dia num\u00e9rique tunisien fond\u00e9 en 2010, sp\u00e9cialis\u00e9 dans l\u2019actualit\u00e9 nationale et internationale, l\u2019\u00e9conomie, la soci\u00e9t\u00e9 et les analyses politiques. Le site s\u2019adresse \u00e0 un large public francophone et couvre l\u2019information tunisienne en temps r\u00e9el.\",\"email\":\"redac@webdo.tn\",\"legalName\":\"YNJ SARL\",\"foundingDate\":\"2010-09-06\",\"numberOfEmployees\":{\"@type\":\"QuantitativeValue\",\"minValue\":\"11\",\"maxValue\":\"50\"}},{\"@type\":\"Person\",\"@id\":\"https:\\\/\\\/www.webdo.tn\\\/fr\\\/#\\\/schema\\\/person\\\/b9ecde7a5574cb4fcf4b496ea5fadb15\",\"name\":\"Wided Belhaj\",\"image\":{\"@type\":\"ImageObject\",\"inLanguage\":\"fr-FR\",\"@id\":\"https:\\\/\\\/www.webdo.tn\\\/fr\\\/wp-content\\\/uploads\\\/2026\\\/04\\\/wided-belhaj_avatar-96x96.jpg\",\"url\":\"https:\\\/\\\/www.webdo.tn\\\/fr\\\/wp-content\\\/uploads\\\/2026\\\/04\\\/wided-belhaj_avatar-96x96.jpg\",\"contentUrl\":\"https:\\\/\\\/www.webdo.tn\\\/fr\\\/wp-content\\\/uploads\\\/2026\\\/04\\\/wided-belhaj_avatar-96x96.jpg\",\"caption\":\"Wided Belhaj\"},\"description\":\"Wided Belhaj est le pseudonyme \u00e9ditorial utilis\u00e9 par Khalil Jelassi, journaliste, ma\u00eetre-assistant \u00e0 l\u2019Institut de presse et des sciences de l\u2019information (IPSI) et chercheur en sciences de l\u2019information et de la communication. Cette signature est d\u00e9di\u00e9e \u00e0 l\u2019analyse des m\u00e9dias, des pratiques journalistiques et des mutations de l\u2019information \u00e0 l\u2019\u00e8re digitale. \u00c0 travers ses contributions, Wided Belhaj propose une lecture analytique de l\u2019actualit\u00e9, en croisant regard critique et expertise acad\u00e9mique.\",\"knowsAbout\":[\"m\u00e9dias\",\"journalisme\",\"communication\",\"information\",\"transformation num\u00e9rique\",\"analyse des m\u00e9dias\"],\"knowsLanguage\":[\"Fran\u00e7ais\",\"Arabe\"],\"jobTitle\":\"Webdo.tn\",\"worksFor\":\"Journaliste \u2013 Analyse des m\u00e9dias\",\"url\":\"https:\\\/\\\/www.webdo.tn\\\/fr\\\/actualite\\\/author\\\/wided-belhaj\\\/\"}]}<\/script>\n<!-- \/ Yoast SEO Premium plugin. -->","yoast_head_json":{"title":"Gaza : Interception du Madleen, plus aucun contact avec les passagers de la flottille de la libert\u00e9 - webdo","canonical":"https:\/\/www.webdo.tn\/fr\/actualite\/international\/gaza-interception-du-madleen-plus-aucun-contact-avec-les-passagers-de-la-flottille-de-la-liberte\/376919\/","og_locale":"fr_FR","og_type":"article","og_title":"Gaza : Interception du Madleen, plus aucun contact avec les passagers de la flottille de la libert\u00e9","og_description":"Dans la nuit du 8 au 9 juin 2025, le navire humanitaire Madleen, en route vers Gaza pour fournir une aide humanitaire, a \u00e9t\u00e9 intercept\u00e9 par l\u2019arm\u00e9e isra\u00e9lienne en haute mer, \u00e0 environ 160 kilom\u00e8tres au large de Gaza. \u00c0 bord se trouvaient 12 militants, dont la militante \u00e9cologiste Greta Thunberg et la d\u00e9put\u00e9e europ\u00e9enne [&hellip;]","og_url":"https:\/\/www.webdo.tn\/fr\/actualite\/international\/gaza-interception-du-madleen-plus-aucun-contact-avec-les-passagers-de-la-flottille-de-la-liberte\/376919\/","og_site_name":"webdo","article_publisher":"https:\/\/www.facebook.com\/webdotn","article_published_time":"2025-06-09T06:50:15+00:00","article_modified_time":"2025-06-09T11:17:25+00:00","og_image":[{"width":1726,"height":971,"url":"https:\/\/www.webdo.tn\/fr\/wp-content\/uploads\/2025\/06\/e44fcaa0-44b1-11f0-9bab-9bc7b902e82b.jpg","type":"image\/jpeg"}],"author":"Wided Belhaj","twitter_card":"summary_large_image","twitter_creator":"@webdo_tn","twitter_site":"@webdo_tn","twitter_misc":{"\u00c9crit par":"Wided Belhaj","Dur\u00e9e de lecture estim\u00e9e":"2 minutes"},"schema":{"@context":"https:\/\/schema.org","@graph":[{"@type":"NewsArticle","@id":"https:\/\/www.webdo.tn\/fr\/actualite\/international\/gaza-interception-du-madleen-plus-aucun-contact-avec-les-passagers-de-la-flottille-de-la-liberte\/376919\/#article","isPartOf":{"@id":"https:\/\/www.webdo.tn\/fr\/actualite\/international\/gaza-interception-du-madleen-plus-aucun-contact-avec-les-passagers-de-la-flottille-de-la-liberte\/376919\/"},"author":{"name":"Wided Belhaj","@id":"https:\/\/www.webdo.tn\/fr\/#\/schema\/person\/b9ecde7a5574cb4fcf4b496ea5fadb15"},"headline":"Gaza : Interception du Madleen, plus aucun contact avec les passagers de la flottille de la libert\u00e9","datePublished":"2025-06-09T06:50:15+00:00","dateModified":"2025-06-09T11:17:25+00:00","mainEntityOfPage":{"@id":"https:\/\/www.webdo.tn\/fr\/actualite\/international\/gaza-interception-du-madleen-plus-aucun-contact-avec-les-passagers-de-la-flottille-de-la-liberte\/376919\/"},"wordCount":304,"commentCount":0,"publisher":{"@id":"https:\/\/www.webdo.tn\/fr\/#organization"},"image":{"@id":"https:\/\/www.webdo.tn\/fr\/actualite\/international\/gaza-interception-du-madleen-plus-aucun-contact-avec-les-passagers-de-la-flottille-de-la-liberte\/376919\/#primaryimage"},"thumbnailUrl":"https:\/\/www.webdo.tn\/fr\/wp-content\/uploads\/2025\/06\/e44fcaa0-44b1-11f0-9bab-9bc7b902e82b.jpg","articleSection":["International"],"inLanguage":"fr-FR"},{"@type":"WebPage","@id":"https:\/\/www.webdo.tn\/fr\/actualite\/international\/gaza-interception-du-madleen-plus-aucun-contact-avec-les-passagers-de-la-flottille-de-la-liberte\/376919\/","url":"https:\/\/www.webdo.tn\/fr\/actualite\/international\/gaza-interception-du-madleen-plus-aucun-contact-avec-les-passagers-de-la-flottille-de-la-liberte\/376919\/","name":"Gaza : Interception du Madleen, plus aucun contact avec les passagers de la flottille de la libert\u00e9 - webdo","isPartOf":{"@id":"https:\/\/www.webdo.tn\/fr\/#website"},"primaryImageOfPage":{"@id":"https:\/\/www.webdo.tn\/fr\/actualite\/international\/gaza-interception-du-madleen-plus-aucun-contact-avec-les-passagers-de-la-flottille-de-la-liberte\/376919\/#primaryimage"},"image":{"@id":"https:\/\/www.webdo.tn\/fr\/actualite\/international\/gaza-interception-du-madleen-plus-aucun-contact-avec-les-passagers-de-la-flottille-de-la-liberte\/376919\/#primaryimage"},"thumbnailUrl":"https:\/\/www.webdo.tn\/fr\/wp-content\/uploads\/2025\/06\/e44fcaa0-44b1-11f0-9bab-9bc7b902e82b.jpg","datePublished":"2025-06-09T06:50:15+00:00","dateModified":"2025-06-09T11:17:25+00:00","breadcrumb":{"@id":"https:\/\/www.webdo.tn\/fr\/actualite\/international\/gaza-interception-du-madleen-plus-aucun-contact-avec-les-passagers-de-la-flottille-de-la-liberte\/376919\/#breadcrumb"},"inLanguage":"fr-FR","potentialAction":[{"@type":"ReadAction","target":["https:\/\/www.webdo.tn\/fr\/actualite\/international\/gaza-interception-du-madleen-plus-aucun-contact-avec-les-passagers-de-la-flottille-de-la-liberte\/376919\/"]}]},{"@type":"ImageObject","inLanguage":"fr-FR","@id":"https:\/\/www.webdo.tn\/fr\/actualite\/international\/gaza-interception-du-madleen-plus-aucun-contact-avec-les-passagers-de-la-flottille-de-la-liberte\/376919\/#primaryimage","url":"https:\/\/www.webdo.tn\/fr\/wp-content\/uploads\/2025\/06\/e44fcaa0-44b1-11f0-9bab-9bc7b902e82b.jpg","contentUrl":"https:\/\/www.webdo.tn\/fr\/wp-content\/uploads\/2025\/06\/e44fcaa0-44b1-11f0-9bab-9bc7b902e82b.jpg","width":1726,"height":971},{"@type":"BreadcrumbList","@id":"https:\/\/www.webdo.tn\/fr\/actualite\/international\/gaza-interception-du-madleen-plus-aucun-contact-avec-les-passagers-de-la-flottille-de-la-liberte\/376919\/#breadcrumb","itemListElement":[{"@type":"ListItem","position":1,"name":"Accueil","item":"https:\/\/www.webdo.tn\/fr\/"},{"@type":"ListItem","position":2,"name":"Gaza : Interception du Madleen, plus aucun contact avec les passagers de la flottille de la libert\u00e9"}]},{"@type":"WebSite","@id":"https:\/\/www.webdo.tn\/fr\/#website","url":"https:\/\/www.webdo.tn\/fr\/","name":"webdo","description":"Tunisie - News en Tunisie et \u00e0 l&#039;international sur Webdo.tn","publisher":{"@id":"https:\/\/www.webdo.tn\/fr\/#organization"},"potentialAction":[{"@type":"SearchAction","target":{"@type":"EntryPoint","urlTemplate":"https:\/\/www.webdo.tn\/fr\/?s={search_term_string}"},"query-input":{"@type":"PropertyValueSpecification","valueRequired":true,"valueName":"search_term_string"}}],"inLanguage":"fr-FR"},{"@type":"Organization","@id":"https:\/\/www.webdo.tn\/fr\/#organization","name":"Webdo","alternateName":"Webdo.tn","url":"https:\/\/www.webdo.tn\/fr\/","logo":{"@type":"ImageObject","inLanguage":"fr-FR","@id":"https:\/\/www.webdo.tn\/fr\/#\/schema\/logo\/image\/","url":"https:\/\/www.webdo.tn\/fr\/wp-content\/uploads\/2025\/06\/Webdo-Tunisie_168377.jpg","contentUrl":"https:\/\/www.webdo.tn\/fr\/wp-content\/uploads\/2025\/06\/Webdo-Tunisie_168377.jpg","width":301,"height":301,"caption":"Webdo"},"image":{"@id":"https:\/\/www.webdo.tn\/fr\/#\/schema\/logo\/image\/"},"sameAs":["https:\/\/www.facebook.com\/webdotn","https:\/\/x.com\/webdo_tn"],"description":"Webdo est un m\u00e9dia num\u00e9rique tunisien fond\u00e9 en 2010, sp\u00e9cialis\u00e9 dans l\u2019actualit\u00e9 nationale et internationale, l\u2019\u00e9conomie, la soci\u00e9t\u00e9 et les analyses politiques. Le site s\u2019adresse \u00e0 un large public francophone et couvre l\u2019information tunisienne en temps r\u00e9el.","email":"redac@webdo.tn","legalName":"YNJ SARL","foundingDate":"2010-09-06","numberOfEmployees":{"@type":"QuantitativeValue","minValue":"11","maxValue":"50"}},{"@type":"Person","@id":"https:\/\/www.webdo.tn\/fr\/#\/schema\/person\/b9ecde7a5574cb4fcf4b496ea5fadb15","name":"Wided Belhaj","image":{"@type":"ImageObject","inLanguage":"fr-FR","@id":"https:\/\/www.webdo.tn\/fr\/wp-content\/uploads\/2026\/04\/wided-belhaj_avatar-96x96.jpg","url":"https:\/\/www.webdo.tn\/fr\/wp-content\/uploads\/2026\/04\/wided-belhaj_avatar-96x96.jpg","contentUrl":"https:\/\/www.webdo.tn\/fr\/wp-content\/uploads\/2026\/04\/wided-belhaj_avatar-96x96.jpg","caption":"Wided Belhaj"},"description":"Wided Belhaj est le pseudonyme \u00e9ditorial utilis\u00e9 par Khalil Jelassi, journaliste, ma\u00eetre-assistant \u00e0 l\u2019Institut de presse et des sciences de l\u2019information (IPSI) et chercheur en sciences de l\u2019information et de la communication. Cette signature est d\u00e9di\u00e9e \u00e0 l\u2019analyse des m\u00e9dias, des pratiques journalistiques et des mutations de l\u2019information \u00e0 l\u2019\u00e8re digitale. \u00c0 travers ses contributions, Wided Belhaj propose une lecture analytique de l\u2019actualit\u00e9, en croisant regard critique et expertise acad\u00e9mique.","knowsAbout":["m\u00e9dias","journalisme","communication","information","transformation num\u00e9rique","analyse des m\u00e9dias"],"knowsLanguage":["Fran\u00e7ais","Arabe"],"jobTitle":"Webdo.tn","worksFor":"Journaliste \u2013 Analyse des m\u00e9dias","url":"https:\/\/www.webdo.tn\/fr\/actualite\/author\/wided-belhaj\/"}]}},"_links":{"self":[{"href":"https:\/\/www.webdo.tn\/fr\/wp-json\/wp\/v2\/posts\/376919","targetHints":{"allow":["GET"]}}],"collection":[{"href":"https:\/\/www.webdo.tn\/fr\/wp-json\/wp\/v2\/posts"}],"about":[{"href":"https:\/\/www.webdo.tn\/fr\/wp-json\/wp\/v2\/types\/post"}],"author":[{"embeddable":true,"href":"https:\/\/www.webdo.tn\/fr\/wp-json\/wp\/v2\/users\/3184"}],"replies":[{"embeddable":true,"href":"https:\/\/www.webdo.tn\/fr\/wp-json\/wp\/v2\/comments?post=376919"}],"version-history":[{"count":0,"href":"https:\/\/www.webdo.tn\/fr\/wp-json\/wp\/v2\/posts\/376919\/revisions"}],"wp:featuredmedia":[{"embeddable":true,"href":"https:\/\/www.webdo.tn\/fr\/wp-json\/wp\/v2\/media\/376921"}],"wp:attachment":[{"href":"https:\/\/www.webdo.tn\/fr\/wp-json\/wp\/v2\/media?parent=376919"}],"wp:term":[{"taxonomy":"category","embeddable":true,"href":"https:\/\/www.webdo.tn\/fr\/wp-json\/wp\/v2\/categories?post=376919"},{"taxonomy":"post_tag","embeddable":true,"href":"https:\/\/www.webdo.tn\/fr\/wp-json\/wp\/v2\/tags?post=376919"}],"curies":[{"name":"wp","href":"https:\/\/api.w.org\/{rel}","templated":true}]}}