{"id":376908,"date":"2025-06-08T15:07:21","date_gmt":"2025-06-08T15:07:21","guid":{"rendered":"https:\/\/www.webdo.tn\/fr\/?p=376908"},"modified":"2025-06-09T08:01:27","modified_gmt":"2025-06-09T08:01:27","slug":"deux-incendies-maitrises-a-la-manouba-27-hectares-de-cultures-ravages","status":"publish","type":"post","link":"https:\/\/www.webdo.tn\/fr\/actualite\/national\/deux-incendies-maitrises-a-la-manouba-27-hectares-de-cultures-ravages\/376908\/","title":{"rendered":"Deux incendies ma\u00eetris\u00e9s \u00e0 La Manouba : 27 hectares de cultures ravag\u00e9s"},"content":{"rendered":"\n<p><\/p>\n\n\n\n<p><strong>Les \u00e9quipes de la protection civile et de la direction des for\u00eats de Manouba sont parvenues, dans la soir\u00e9e de samedi, \u00e0 ma\u00eetriser deux incendies qui se sont d\u00e9clar\u00e9s dans deux exploitations agricoles situ\u00e9es \u00e0 El Mansoura et El Mehriyen, dans la d\u00e9l\u00e9gation de El Batane.<\/strong><\/p>\n\n\n\n<p>Les flammes ont ravag\u00e9 une superficie de 27 hectares de cultures de bl\u00e9, d\u2019orge et de r\u00e9sidus de moisson, selon une d\u00e9claration de Karim Saad, chef de la circonscription des for\u00eats, \u00e0 l\u2019agence TAP.<\/p>\n\n\n\n<p>Karim Saad a pr\u00e9cis\u00e9 que des interventions efficaces ont permis de circonscrire les incendies en environ quatre heures, emp\u00eachant ainsi leur propagation \u00e0 de vastes champs de c\u00e9r\u00e9ales avoisinants. Quatre camions de pompiers ont \u00e9t\u00e9 mobilis\u00e9s, et les interventions ont \u00e9t\u00e9 r\u00e9parties entre les deux fermes selon les \u00e9quipes disponibles.<\/p>\n\n\n\n<p>Le responsable a soulign\u00e9 que les causes des incendies restent inconnues, d\u2019autant plus que les deux exploitations \u00e9taient inoccup\u00e9es au moment des faits. Il a \u00e9galement signal\u00e9 une hausse notable des temp\u00e9ratures samedi.<\/p>\n\n\n\n<p>Il a rappel\u00e9, \u00e0 cet \u00e9gard, que plusieurs incendies ont \u00e9clat\u00e9 r\u00e9cemment dans diff\u00e9rentes zones, causant des d\u00e9g\u00e2ts limit\u00e9s dans des champs de c\u00e9r\u00e9ales et des r\u00e9sidus de moisson. Il a salu\u00e9 l\u2019efficacit\u00e9 des interventions ainsi que les mesures pr\u00e9ventives mises en place.<\/p>\n","protected":false},"excerpt":{"rendered":"<p>Les \u00e9quipes de la protection civile et de la direction des for\u00eats de Manouba sont parvenues, dans la soir\u00e9e de samedi, \u00e0 ma\u00eetriser deux incendies qui se sont d\u00e9clar\u00e9s dans deux exploitations agricoles situ\u00e9es \u00e0 El Mansoura et El Mehriyen, dans la d\u00e9l\u00e9gation de El Batane. Les flammes ont ravag\u00e9 une superficie de 27 hectares [&hellip;]<\/p>\n","protected":false},"author":3184,"featured_media":376910,"comment_status":"open","ping_status":"open","sticky":false,"template":"","format":"standard","meta":{"footnotes":""},"categories":[44],"tags":[],"class_list":["post-376908","post","type-post","status-publish","format-standard","has-post-thumbnail","hentry","category-national"],"yoast_head":"<!-- This site is optimized with the Yoast SEO Premium plugin v27.5 (Yoast SEO v27.5) - https:\/\/yoast.com\/product\/yoast-seo-premium-wordpress\/ -->\n<title>Deux incendies ma\u00eetris\u00e9s \u00e0 La Manouba : 27 hectares de cultures ravag\u00e9s - webdo<\/title>\n<link rel=\"canonical\" href=\"https:\/\/www.webdo.tn\/fr\/actualite\/national\/deux-incendies-maitrises-a-la-manouba-27-hectares-de-cultures-ravages\/376908\/\" \/>\n<meta property=\"og:locale\" content=\"fr_FR\" \/>\n<meta property=\"og:type\" content=\"article\" \/>\n<meta property=\"og:title\" content=\"Deux incendies ma\u00eetris\u00e9s \u00e0 La Manouba : 27 hectares de cultures ravag\u00e9s\" \/>\n<meta property=\"og:description\" content=\"Les \u00e9quipes de la protection civile et de la direction des for\u00eats de Manouba sont parvenues, dans la soir\u00e9e de samedi, \u00e0 ma\u00eetriser deux incendies qui se sont d\u00e9clar\u00e9s dans deux exploitations agricoles situ\u00e9es \u00e0 El Mansoura et El Mehriyen, dans la d\u00e9l\u00e9gation de El Batane. Les flammes ont ravag\u00e9 une superficie de 27 hectares [&hellip;]\" \/>\n<meta property=\"og:url\" content=\"https:\/\/www.webdo.tn\/fr\/actualite\/national\/deux-incendies-maitrises-a-la-manouba-27-hectares-de-cultures-ravages\/376908\/\" \/>\n<meta property=\"og:site_name\" content=\"webdo\" \/>\n<meta property=\"article:publisher\" content=\"https:\/\/www.facebook.com\/webdotn\" \/>\n<meta property=\"article:published_time\" content=\"2025-06-08T15:07:21+00:00\" \/>\n<meta property=\"article:modified_time\" content=\"2025-06-09T08:01:27+00:00\" \/>\n<meta property=\"og:image\" content=\"https:\/\/www.webdo.tn\/fr\/wp-content\/uploads\/2025\/06\/1749381502182-7ffb8e1d1fd5.jpg\" \/>\n\t<meta property=\"og:image:width\" content=\"970\" \/>\n\t<meta property=\"og:image:height\" content=\"546\" \/>\n\t<meta property=\"og:image:type\" content=\"image\/jpeg\" \/>\n<meta name=\"author\" content=\"Wided Belhaj\" \/>\n<meta name=\"twitter:card\" content=\"summary_large_image\" \/>\n<meta name=\"twitter:creator\" content=\"@webdo_tn\" \/>\n<meta name=\"twitter:site\" content=\"@webdo_tn\" \/>\n<meta name=\"twitter:label1\" content=\"\u00c9crit par\" \/>\n\t<meta name=\"twitter:data1\" content=\"Wided Belhaj\" \/>\n\t<meta name=\"twitter:label2\" content=\"Dur\u00e9e de lecture estim\u00e9e\" \/>\n\t<meta name=\"twitter:data2\" content=\"2 minutes\" \/>\n<script type=\"application\/ld+json\" class=\"yoast-schema-graph\">{\"@context\":\"https:\\\/\\\/schema.org\",\"@graph\":[{\"@type\":\"NewsArticle\",\"@id\":\"https:\\\/\\\/www.webdo.tn\\\/fr\\\/actualite\\\/national\\\/deux-incendies-maitrises-a-la-manouba-27-hectares-de-cultures-ravages\\\/376908\\\/#article\",\"isPartOf\":{\"@id\":\"https:\\\/\\\/www.webdo.tn\\\/fr\\\/actualite\\\/national\\\/deux-incendies-maitrises-a-la-manouba-27-hectares-de-cultures-ravages\\\/376908\\\/\"},\"author\":{\"name\":\"Wided Belhaj\",\"@id\":\"https:\\\/\\\/www.webdo.tn\\\/fr\\\/#\\\/schema\\\/person\\\/b9ecde7a5574cb4fcf4b496ea5fadb15\"},\"headline\":\"Deux incendies ma\u00eetris\u00e9s \u00e0 La Manouba : 27 hectares de cultures ravag\u00e9s\",\"datePublished\":\"2025-06-08T15:07:21+00:00\",\"dateModified\":\"2025-06-09T08:01:27+00:00\",\"mainEntityOfPage\":{\"@id\":\"https:\\\/\\\/www.webdo.tn\\\/fr\\\/actualite\\\/national\\\/deux-incendies-maitrises-a-la-manouba-27-hectares-de-cultures-ravages\\\/376908\\\/\"},\"wordCount\":244,\"commentCount\":0,\"publisher\":{\"@id\":\"https:\\\/\\\/www.webdo.tn\\\/fr\\\/#organization\"},\"image\":{\"@id\":\"https:\\\/\\\/www.webdo.tn\\\/fr\\\/actualite\\\/national\\\/deux-incendies-maitrises-a-la-manouba-27-hectares-de-cultures-ravages\\\/376908\\\/#primaryimage\"},\"thumbnailUrl\":\"https:\\\/\\\/www.webdo.tn\\\/fr\\\/wp-content\\\/uploads\\\/2025\\\/06\\\/1749381502182-7ffb8e1d1fd5.jpg\",\"articleSection\":[\"National\"],\"inLanguage\":\"fr-FR\"},{\"@type\":\"WebPage\",\"@id\":\"https:\\\/\\\/www.webdo.tn\\\/fr\\\/actualite\\\/national\\\/deux-incendies-maitrises-a-la-manouba-27-hectares-de-cultures-ravages\\\/376908\\\/\",\"url\":\"https:\\\/\\\/www.webdo.tn\\\/fr\\\/actualite\\\/national\\\/deux-incendies-maitrises-a-la-manouba-27-hectares-de-cultures-ravages\\\/376908\\\/\",\"name\":\"Deux incendies ma\u00eetris\u00e9s \u00e0 La Manouba : 27 hectares de cultures ravag\u00e9s - webdo\",\"isPartOf\":{\"@id\":\"https:\\\/\\\/www.webdo.tn\\\/fr\\\/#website\"},\"primaryImageOfPage\":{\"@id\":\"https:\\\/\\\/www.webdo.tn\\\/fr\\\/actualite\\\/national\\\/deux-incendies-maitrises-a-la-manouba-27-hectares-de-cultures-ravages\\\/376908\\\/#primaryimage\"},\"image\":{\"@id\":\"https:\\\/\\\/www.webdo.tn\\\/fr\\\/actualite\\\/national\\\/deux-incendies-maitrises-a-la-manouba-27-hectares-de-cultures-ravages\\\/376908\\\/#primaryimage\"},\"thumbnailUrl\":\"https:\\\/\\\/www.webdo.tn\\\/fr\\\/wp-content\\\/uploads\\\/2025\\\/06\\\/1749381502182-7ffb8e1d1fd5.jpg\",\"datePublished\":\"2025-06-08T15:07:21+00:00\",\"dateModified\":\"2025-06-09T08:01:27+00:00\",\"breadcrumb\":{\"@id\":\"https:\\\/\\\/www.webdo.tn\\\/fr\\\/actualite\\\/national\\\/deux-incendies-maitrises-a-la-manouba-27-hectares-de-cultures-ravages\\\/376908\\\/#breadcrumb\"},\"inLanguage\":\"fr-FR\",\"potentialAction\":[{\"@type\":\"ReadAction\",\"target\":[\"https:\\\/\\\/www.webdo.tn\\\/fr\\\/actualite\\\/national\\\/deux-incendies-maitrises-a-la-manouba-27-hectares-de-cultures-ravages\\\/376908\\\/\"]}]},{\"@type\":\"ImageObject\",\"inLanguage\":\"fr-FR\",\"@id\":\"https:\\\/\\\/www.webdo.tn\\\/fr\\\/actualite\\\/national\\\/deux-incendies-maitrises-a-la-manouba-27-hectares-de-cultures-ravages\\\/376908\\\/#primaryimage\",\"url\":\"https:\\\/\\\/www.webdo.tn\\\/fr\\\/wp-content\\\/uploads\\\/2025\\\/06\\\/1749381502182-7ffb8e1d1fd5.jpg\",\"contentUrl\":\"https:\\\/\\\/www.webdo.tn\\\/fr\\\/wp-content\\\/uploads\\\/2025\\\/06\\\/1749381502182-7ffb8e1d1fd5.jpg\",\"width\":970,\"height\":546},{\"@type\":\"BreadcrumbList\",\"@id\":\"https:\\\/\\\/www.webdo.tn\\\/fr\\\/actualite\\\/national\\\/deux-incendies-maitrises-a-la-manouba-27-hectares-de-cultures-ravages\\\/376908\\\/#breadcrumb\",\"itemListElement\":[{\"@type\":\"ListItem\",\"position\":1,\"name\":\"Accueil\",\"item\":\"https:\\\/\\\/www.webdo.tn\\\/fr\\\/\"},{\"@type\":\"ListItem\",\"position\":2,\"name\":\"Deux incendies ma\u00eetris\u00e9s \u00e0 La Manouba : 27 hectares de cultures ravag\u00e9s\"}]},{\"@type\":\"WebSite\",\"@id\":\"https:\\\/\\\/www.webdo.tn\\\/fr\\\/#website\",\"url\":\"https:\\\/\\\/www.webdo.tn\\\/fr\\\/\",\"name\":\"webdo\",\"description\":\"Tunisie - News en Tunisie et \u00e0 l&#039;international sur Webdo.tn\",\"publisher\":{\"@id\":\"https:\\\/\\\/www.webdo.tn\\\/fr\\\/#organization\"},\"potentialAction\":[{\"@type\":\"SearchAction\",\"target\":{\"@type\":\"EntryPoint\",\"urlTemplate\":\"https:\\\/\\\/www.webdo.tn\\\/fr\\\/?s={search_term_string}\"},\"query-input\":{\"@type\":\"PropertyValueSpecification\",\"valueRequired\":true,\"valueName\":\"search_term_string\"}}],\"inLanguage\":\"fr-FR\"},{\"@type\":\"Organization\",\"@id\":\"https:\\\/\\\/www.webdo.tn\\\/fr\\\/#organization\",\"name\":\"Webdo\",\"alternateName\":\"Webdo.tn\",\"url\":\"https:\\\/\\\/www.webdo.tn\\\/fr\\\/\",\"logo\":{\"@type\":\"ImageObject\",\"inLanguage\":\"fr-FR\",\"@id\":\"https:\\\/\\\/www.webdo.tn\\\/fr\\\/#\\\/schema\\\/logo\\\/image\\\/\",\"url\":\"https:\\\/\\\/www.webdo.tn\\\/fr\\\/wp-content\\\/uploads\\\/2025\\\/06\\\/Webdo-Tunisie_168377.jpg\",\"contentUrl\":\"https:\\\/\\\/www.webdo.tn\\\/fr\\\/wp-content\\\/uploads\\\/2025\\\/06\\\/Webdo-Tunisie_168377.jpg\",\"width\":301,\"height\":301,\"caption\":\"Webdo\"},\"image\":{\"@id\":\"https:\\\/\\\/www.webdo.tn\\\/fr\\\/#\\\/schema\\\/logo\\\/image\\\/\"},\"sameAs\":[\"https:\\\/\\\/www.facebook.com\\\/webdotn\",\"https:\\\/\\\/x.com\\\/webdo_tn\"],\"description\":\"Webdo est un m\u00e9dia num\u00e9rique tunisien fond\u00e9 en 2010, sp\u00e9cialis\u00e9 dans l\u2019actualit\u00e9 nationale et internationale, l\u2019\u00e9conomie, la soci\u00e9t\u00e9 et les analyses politiques. Le site s\u2019adresse \u00e0 un large public francophone et couvre l\u2019information tunisienne en temps r\u00e9el.\",\"email\":\"redac@webdo.tn\",\"legalName\":\"YNJ SARL\",\"foundingDate\":\"2010-09-06\",\"numberOfEmployees\":{\"@type\":\"QuantitativeValue\",\"minValue\":\"11\",\"maxValue\":\"50\"}},{\"@type\":\"Person\",\"@id\":\"https:\\\/\\\/www.webdo.tn\\\/fr\\\/#\\\/schema\\\/person\\\/b9ecde7a5574cb4fcf4b496ea5fadb15\",\"name\":\"Wided Belhaj\",\"image\":{\"@type\":\"ImageObject\",\"inLanguage\":\"fr-FR\",\"@id\":\"https:\\\/\\\/www.webdo.tn\\\/fr\\\/wp-content\\\/uploads\\\/2026\\\/04\\\/wided-belhaj_avatar-96x96.jpg\",\"url\":\"https:\\\/\\\/www.webdo.tn\\\/fr\\\/wp-content\\\/uploads\\\/2026\\\/04\\\/wided-belhaj_avatar-96x96.jpg\",\"contentUrl\":\"https:\\\/\\\/www.webdo.tn\\\/fr\\\/wp-content\\\/uploads\\\/2026\\\/04\\\/wided-belhaj_avatar-96x96.jpg\",\"caption\":\"Wided Belhaj\"},\"description\":\"Wided Belhaj est le pseudonyme \u00e9ditorial utilis\u00e9 par Khalil Jelassi, journaliste, ma\u00eetre-assistant \u00e0 l\u2019Institut de presse et des sciences de l\u2019information (IPSI) et chercheur en sciences de l\u2019information et de la communication. Cette signature est d\u00e9di\u00e9e \u00e0 l\u2019analyse des m\u00e9dias, des pratiques journalistiques et des mutations de l\u2019information \u00e0 l\u2019\u00e8re digitale. \u00c0 travers ses contributions, Wided Belhaj propose une lecture analytique de l\u2019actualit\u00e9, en croisant regard critique et expertise acad\u00e9mique.\",\"knowsAbout\":[\"m\u00e9dias\",\"journalisme\",\"communication\",\"information\",\"transformation num\u00e9rique\",\"analyse des m\u00e9dias\"],\"knowsLanguage\":[\"Fran\u00e7ais\",\"Arabe\"],\"jobTitle\":\"Webdo.tn\",\"worksFor\":\"Journaliste \u2013 Analyse des m\u00e9dias\",\"url\":\"https:\\\/\\\/www.webdo.tn\\\/fr\\\/actualite\\\/author\\\/wided-belhaj\\\/\"}]}<\/script>\n<!-- \/ Yoast SEO Premium plugin. -->","yoast_head_json":{"title":"Deux incendies ma\u00eetris\u00e9s \u00e0 La Manouba : 27 hectares de cultures ravag\u00e9s - webdo","canonical":"https:\/\/www.webdo.tn\/fr\/actualite\/national\/deux-incendies-maitrises-a-la-manouba-27-hectares-de-cultures-ravages\/376908\/","og_locale":"fr_FR","og_type":"article","og_title":"Deux incendies ma\u00eetris\u00e9s \u00e0 La Manouba : 27 hectares de cultures ravag\u00e9s","og_description":"Les \u00e9quipes de la protection civile et de la direction des for\u00eats de Manouba sont parvenues, dans la soir\u00e9e de samedi, \u00e0 ma\u00eetriser deux incendies qui se sont d\u00e9clar\u00e9s dans deux exploitations agricoles situ\u00e9es \u00e0 El Mansoura et El Mehriyen, dans la d\u00e9l\u00e9gation de El Batane. Les flammes ont ravag\u00e9 une superficie de 27 hectares [&hellip;]","og_url":"https:\/\/www.webdo.tn\/fr\/actualite\/national\/deux-incendies-maitrises-a-la-manouba-27-hectares-de-cultures-ravages\/376908\/","og_site_name":"webdo","article_publisher":"https:\/\/www.facebook.com\/webdotn","article_published_time":"2025-06-08T15:07:21+00:00","article_modified_time":"2025-06-09T08:01:27+00:00","og_image":[{"width":970,"height":546,"url":"https:\/\/www.webdo.tn\/fr\/wp-content\/uploads\/2025\/06\/1749381502182-7ffb8e1d1fd5.jpg","type":"image\/jpeg"}],"author":"Wided Belhaj","twitter_card":"summary_large_image","twitter_creator":"@webdo_tn","twitter_site":"@webdo_tn","twitter_misc":{"\u00c9crit par":"Wided Belhaj","Dur\u00e9e de lecture estim\u00e9e":"2 minutes"},"schema":{"@context":"https:\/\/schema.org","@graph":[{"@type":"NewsArticle","@id":"https:\/\/www.webdo.tn\/fr\/actualite\/national\/deux-incendies-maitrises-a-la-manouba-27-hectares-de-cultures-ravages\/376908\/#article","isPartOf":{"@id":"https:\/\/www.webdo.tn\/fr\/actualite\/national\/deux-incendies-maitrises-a-la-manouba-27-hectares-de-cultures-ravages\/376908\/"},"author":{"name":"Wided Belhaj","@id":"https:\/\/www.webdo.tn\/fr\/#\/schema\/person\/b9ecde7a5574cb4fcf4b496ea5fadb15"},"headline":"Deux incendies ma\u00eetris\u00e9s \u00e0 La Manouba : 27 hectares de cultures ravag\u00e9s","datePublished":"2025-06-08T15:07:21+00:00","dateModified":"2025-06-09T08:01:27+00:00","mainEntityOfPage":{"@id":"https:\/\/www.webdo.tn\/fr\/actualite\/national\/deux-incendies-maitrises-a-la-manouba-27-hectares-de-cultures-ravages\/376908\/"},"wordCount":244,"commentCount":0,"publisher":{"@id":"https:\/\/www.webdo.tn\/fr\/#organization"},"image":{"@id":"https:\/\/www.webdo.tn\/fr\/actualite\/national\/deux-incendies-maitrises-a-la-manouba-27-hectares-de-cultures-ravages\/376908\/#primaryimage"},"thumbnailUrl":"https:\/\/www.webdo.tn\/fr\/wp-content\/uploads\/2025\/06\/1749381502182-7ffb8e1d1fd5.jpg","articleSection":["National"],"inLanguage":"fr-FR"},{"@type":"WebPage","@id":"https:\/\/www.webdo.tn\/fr\/actualite\/national\/deux-incendies-maitrises-a-la-manouba-27-hectares-de-cultures-ravages\/376908\/","url":"https:\/\/www.webdo.tn\/fr\/actualite\/national\/deux-incendies-maitrises-a-la-manouba-27-hectares-de-cultures-ravages\/376908\/","name":"Deux incendies ma\u00eetris\u00e9s \u00e0 La Manouba : 27 hectares de cultures ravag\u00e9s - webdo","isPartOf":{"@id":"https:\/\/www.webdo.tn\/fr\/#website"},"primaryImageOfPage":{"@id":"https:\/\/www.webdo.tn\/fr\/actualite\/national\/deux-incendies-maitrises-a-la-manouba-27-hectares-de-cultures-ravages\/376908\/#primaryimage"},"image":{"@id":"https:\/\/www.webdo.tn\/fr\/actualite\/national\/deux-incendies-maitrises-a-la-manouba-27-hectares-de-cultures-ravages\/376908\/#primaryimage"},"thumbnailUrl":"https:\/\/www.webdo.tn\/fr\/wp-content\/uploads\/2025\/06\/1749381502182-7ffb8e1d1fd5.jpg","datePublished":"2025-06-08T15:07:21+00:00","dateModified":"2025-06-09T08:01:27+00:00","breadcrumb":{"@id":"https:\/\/www.webdo.tn\/fr\/actualite\/national\/deux-incendies-maitrises-a-la-manouba-27-hectares-de-cultures-ravages\/376908\/#breadcrumb"},"inLanguage":"fr-FR","potentialAction":[{"@type":"ReadAction","target":["https:\/\/www.webdo.tn\/fr\/actualite\/national\/deux-incendies-maitrises-a-la-manouba-27-hectares-de-cultures-ravages\/376908\/"]}]},{"@type":"ImageObject","inLanguage":"fr-FR","@id":"https:\/\/www.webdo.tn\/fr\/actualite\/national\/deux-incendies-maitrises-a-la-manouba-27-hectares-de-cultures-ravages\/376908\/#primaryimage","url":"https:\/\/www.webdo.tn\/fr\/wp-content\/uploads\/2025\/06\/1749381502182-7ffb8e1d1fd5.jpg","contentUrl":"https:\/\/www.webdo.tn\/fr\/wp-content\/uploads\/2025\/06\/1749381502182-7ffb8e1d1fd5.jpg","width":970,"height":546},{"@type":"BreadcrumbList","@id":"https:\/\/www.webdo.tn\/fr\/actualite\/national\/deux-incendies-maitrises-a-la-manouba-27-hectares-de-cultures-ravages\/376908\/#breadcrumb","itemListElement":[{"@type":"ListItem","position":1,"name":"Accueil","item":"https:\/\/www.webdo.tn\/fr\/"},{"@type":"ListItem","position":2,"name":"Deux incendies ma\u00eetris\u00e9s \u00e0 La Manouba : 27 hectares de cultures ravag\u00e9s"}]},{"@type":"WebSite","@id":"https:\/\/www.webdo.tn\/fr\/#website","url":"https:\/\/www.webdo.tn\/fr\/","name":"webdo","description":"Tunisie - News en Tunisie et \u00e0 l&#039;international sur Webdo.tn","publisher":{"@id":"https:\/\/www.webdo.tn\/fr\/#organization"},"potentialAction":[{"@type":"SearchAction","target":{"@type":"EntryPoint","urlTemplate":"https:\/\/www.webdo.tn\/fr\/?s={search_term_string}"},"query-input":{"@type":"PropertyValueSpecification","valueRequired":true,"valueName":"search_term_string"}}],"inLanguage":"fr-FR"},{"@type":"Organization","@id":"https:\/\/www.webdo.tn\/fr\/#organization","name":"Webdo","alternateName":"Webdo.tn","url":"https:\/\/www.webdo.tn\/fr\/","logo":{"@type":"ImageObject","inLanguage":"fr-FR","@id":"https:\/\/www.webdo.tn\/fr\/#\/schema\/logo\/image\/","url":"https:\/\/www.webdo.tn\/fr\/wp-content\/uploads\/2025\/06\/Webdo-Tunisie_168377.jpg","contentUrl":"https:\/\/www.webdo.tn\/fr\/wp-content\/uploads\/2025\/06\/Webdo-Tunisie_168377.jpg","width":301,"height":301,"caption":"Webdo"},"image":{"@id":"https:\/\/www.webdo.tn\/fr\/#\/schema\/logo\/image\/"},"sameAs":["https:\/\/www.facebook.com\/webdotn","https:\/\/x.com\/webdo_tn"],"description":"Webdo est un m\u00e9dia num\u00e9rique tunisien fond\u00e9 en 2010, sp\u00e9cialis\u00e9 dans l\u2019actualit\u00e9 nationale et internationale, l\u2019\u00e9conomie, la soci\u00e9t\u00e9 et les analyses politiques. Le site s\u2019adresse \u00e0 un large public francophone et couvre l\u2019information tunisienne en temps r\u00e9el.","email":"redac@webdo.tn","legalName":"YNJ SARL","foundingDate":"2010-09-06","numberOfEmployees":{"@type":"QuantitativeValue","minValue":"11","maxValue":"50"}},{"@type":"Person","@id":"https:\/\/www.webdo.tn\/fr\/#\/schema\/person\/b9ecde7a5574cb4fcf4b496ea5fadb15","name":"Wided Belhaj","image":{"@type":"ImageObject","inLanguage":"fr-FR","@id":"https:\/\/www.webdo.tn\/fr\/wp-content\/uploads\/2026\/04\/wided-belhaj_avatar-96x96.jpg","url":"https:\/\/www.webdo.tn\/fr\/wp-content\/uploads\/2026\/04\/wided-belhaj_avatar-96x96.jpg","contentUrl":"https:\/\/www.webdo.tn\/fr\/wp-content\/uploads\/2026\/04\/wided-belhaj_avatar-96x96.jpg","caption":"Wided Belhaj"},"description":"Wided Belhaj est le pseudonyme \u00e9ditorial utilis\u00e9 par Khalil Jelassi, journaliste, ma\u00eetre-assistant \u00e0 l\u2019Institut de presse et des sciences de l\u2019information (IPSI) et chercheur en sciences de l\u2019information et de la communication. Cette signature est d\u00e9di\u00e9e \u00e0 l\u2019analyse des m\u00e9dias, des pratiques journalistiques et des mutations de l\u2019information \u00e0 l\u2019\u00e8re digitale. \u00c0 travers ses contributions, Wided Belhaj propose une lecture analytique de l\u2019actualit\u00e9, en croisant regard critique et expertise acad\u00e9mique.","knowsAbout":["m\u00e9dias","journalisme","communication","information","transformation num\u00e9rique","analyse des m\u00e9dias"],"knowsLanguage":["Fran\u00e7ais","Arabe"],"jobTitle":"Webdo.tn","worksFor":"Journaliste \u2013 Analyse des m\u00e9dias","url":"https:\/\/www.webdo.tn\/fr\/actualite\/author\/wided-belhaj\/"}]}},"_links":{"self":[{"href":"https:\/\/www.webdo.tn\/fr\/wp-json\/wp\/v2\/posts\/376908","targetHints":{"allow":["GET"]}}],"collection":[{"href":"https:\/\/www.webdo.tn\/fr\/wp-json\/wp\/v2\/posts"}],"about":[{"href":"https:\/\/www.webdo.tn\/fr\/wp-json\/wp\/v2\/types\/post"}],"author":[{"embeddable":true,"href":"https:\/\/www.webdo.tn\/fr\/wp-json\/wp\/v2\/users\/3184"}],"replies":[{"embeddable":true,"href":"https:\/\/www.webdo.tn\/fr\/wp-json\/wp\/v2\/comments?post=376908"}],"version-history":[{"count":0,"href":"https:\/\/www.webdo.tn\/fr\/wp-json\/wp\/v2\/posts\/376908\/revisions"}],"wp:featuredmedia":[{"embeddable":true,"href":"https:\/\/www.webdo.tn\/fr\/wp-json\/wp\/v2\/media\/376910"}],"wp:attachment":[{"href":"https:\/\/www.webdo.tn\/fr\/wp-json\/wp\/v2\/media?parent=376908"}],"wp:term":[{"taxonomy":"category","embeddable":true,"href":"https:\/\/www.webdo.tn\/fr\/wp-json\/wp\/v2\/categories?post=376908"},{"taxonomy":"post_tag","embeddable":true,"href":"https:\/\/www.webdo.tn\/fr\/wp-json\/wp\/v2\/tags?post=376908"}],"curies":[{"name":"wp","href":"https:\/\/api.w.org\/{rel}","templated":true}]}}