{"id":376902,"date":"2025-06-08T11:24:09","date_gmt":"2025-06-08T11:24:09","guid":{"rendered":"https:\/\/www.webdo.tn\/fr\/?p=376902"},"modified":"2025-06-09T10:24:28","modified_gmt":"2025-06-09T10:24:28","slug":"tunisie-lates-cles-de-la-declaration-fiscale-pour-le-mois-de-juin-2025","status":"publish","type":"post","link":"https:\/\/www.webdo.tn\/fr\/actualite\/national\/tunisie-lates-cles-de-la-declaration-fiscale-pour-le-mois-de-juin-2025\/376902\/","title":{"rendered":"Tunisie : Les dates cl\u00e9s de la d\u00e9claration fiscale pour le mois de juin 2025"},"content":{"rendered":"\n<p><\/p>\n\n\n\n<p><strong>La Direction g\u00e9n\u00e9rale des imp\u00f4ts, relevant du minist\u00e8re des Finances, a r\u00e9cemment publi\u00e9 la calendrier fiscal pour le mois de juin 2025, pr\u00e9cisant les \u00e9ch\u00e9ances \u00e0 respecter par les contribuables, qu\u2019ils soient personnes physiques, morales ou entreprises.<\/strong><\/p>\n\n\n\n<p><strong>Principales dates \u00e0 retenir :<\/strong><\/p>\n\n\n\n<ul class=\"wp-block-list\">\n<li><strong>16 juin 2025<\/strong> : dernier d\u00e9lai pour le <strong>d\u00e9p\u00f4t de la d\u00e9claration mensuelle<\/strong> des <strong>personnes physiques<\/strong>.<\/li>\n\n\n\n<li><strong>20 juin 2025<\/strong> : \u00e9ch\u00e9ance pour le <strong>d\u00e9p\u00f4t de la d\u00e9claration mensuelle des personnes morales<\/strong> adh\u00e9rant au syst\u00e8me de <strong>t\u00e9l\u00e9d\u00e9claration et t\u00e9l\u00e9paiement<\/strong>.<\/li>\n\n\n\n<li><strong>25 juin 2025<\/strong> :\n<ul class=\"wp-block-list\">\n<li>dernier d\u00e9lai pour le <strong>versement du premier acompte provisionnel<\/strong> pour les <strong>personnes physiques<\/strong> ;<\/li>\n\n\n\n<li>date limite \u00e9galement pour le <strong>d\u00e9p\u00f4t de la d\u00e9claration finale de l\u2019imp\u00f4t sur les soci\u00e9t\u00e9s<\/strong>.<\/li>\n<\/ul>\n<\/li>\n\n\n\n<li><strong>30 juin 2025<\/strong> :\n<ul class=\"wp-block-list\">\n<li>dernier d\u00e9lai pour le <strong>d\u00e9p\u00f4t de la d\u00e9claration mensuelle des personnes morales<\/strong> <strong>non soumises<\/strong> \u00e0 la t\u00e9l\u00e9d\u00e9claration ;<\/li>\n\n\n\n<li>date limite aussi pour le <strong>versement du premier acompte provisionnel par les personnes morales<\/strong>.<\/li>\n<\/ul>\n<\/li>\n<\/ul>\n\n\n\n<p>La direction a rappel\u00e9 que <strong>ces dates repr\u00e9sentent les d\u00e9lais l\u00e9gaux maximaux<\/strong> pour d\u00e9poser les d\u00e9clarations fiscales, et non les seuls jours autoris\u00e9s pour le faire. Elle recommande vivement de <strong>proc\u00e9der aux d\u00e9clarations \u00e0 l\u2019avance<\/strong> afin d\u2019\u00e9viter les files d\u2019attente dans les bureaux de recettes fiscales et d\u2019all\u00e9ger la pression sur le syst\u00e8me informatique.<\/p>\n\n\n\n<p>Ce rappel s\u2019inscrit dans une logique de <strong>modernisation et de facilitation des proc\u00e9dures fiscales<\/strong> pour les citoyens et les entreprises tunisiennes.<\/p>\n","protected":false},"excerpt":{"rendered":"<p>La Direction g\u00e9n\u00e9rale des imp\u00f4ts, relevant du minist\u00e8re des Finances, a r\u00e9cemment publi\u00e9 la calendrier fiscal pour le mois de juin 2025, pr\u00e9cisant les \u00e9ch\u00e9ances \u00e0 respecter par les contribuables, qu\u2019ils soient personnes physiques, morales ou entreprises. Principales dates \u00e0 retenir : La direction a rappel\u00e9 que ces dates repr\u00e9sentent les d\u00e9lais l\u00e9gaux maximaux pour [&hellip;]<\/p>\n","protected":false},"author":3184,"featured_media":376904,"comment_status":"open","ping_status":"open","sticky":false,"template":"","format":"standard","meta":{"footnotes":""},"categories":[44],"tags":[],"class_list":["post-376902","post","type-post","status-publish","format-standard","has-post-thumbnail","hentry","category-national"],"yoast_head":"<!-- This site is optimized with the Yoast SEO Premium plugin v27.5 (Yoast SEO v27.5) - https:\/\/yoast.com\/product\/yoast-seo-premium-wordpress\/ -->\n<title>Tunisie : Les dates cl\u00e9s de la d\u00e9claration fiscale pour le mois de juin 2025 - webdo<\/title>\n<link rel=\"canonical\" href=\"https:\/\/www.webdo.tn\/fr\/actualite\/national\/tunisie-lates-cles-de-la-declaration-fiscale-pour-le-mois-de-juin-2025\/376902\/\" \/>\n<meta property=\"og:locale\" content=\"fr_FR\" \/>\n<meta property=\"og:type\" content=\"article\" \/>\n<meta property=\"og:title\" content=\"Tunisie : Les dates cl\u00e9s de la d\u00e9claration fiscale pour le mois de juin 2025\" \/>\n<meta property=\"og:description\" content=\"La Direction g\u00e9n\u00e9rale des imp\u00f4ts, relevant du minist\u00e8re des Finances, a r\u00e9cemment publi\u00e9 la calendrier fiscal pour le mois de juin 2025, pr\u00e9cisant les \u00e9ch\u00e9ances \u00e0 respecter par les contribuables, qu\u2019ils soient personnes physiques, morales ou entreprises. Principales dates \u00e0 retenir : La direction a rappel\u00e9 que ces dates repr\u00e9sentent les d\u00e9lais l\u00e9gaux maximaux pour [&hellip;]\" \/>\n<meta property=\"og:url\" content=\"https:\/\/www.webdo.tn\/fr\/actualite\/national\/tunisie-lates-cles-de-la-declaration-fiscale-pour-le-mois-de-juin-2025\/376902\/\" \/>\n<meta property=\"og:site_name\" content=\"webdo\" \/>\n<meta property=\"article:publisher\" content=\"https:\/\/www.facebook.com\/webdotn\" \/>\n<meta property=\"article:published_time\" content=\"2025-06-08T11:24:09+00:00\" \/>\n<meta property=\"article:modified_time\" content=\"2025-06-09T10:24:28+00:00\" \/>\n<meta property=\"og:image\" content=\"https:\/\/www.webdo.tn\/fr\/wp-content\/uploads\/2025\/06\/1749297641447-5d26a72b73fa.jpg\" \/>\n\t<meta property=\"og:image:width\" content=\"1750\" \/>\n\t<meta property=\"og:image:height\" content=\"1167\" \/>\n\t<meta property=\"og:image:type\" content=\"image\/jpeg\" \/>\n<meta name=\"author\" content=\"Wided Belhaj\" \/>\n<meta name=\"twitter:card\" content=\"summary_large_image\" \/>\n<meta name=\"twitter:creator\" content=\"@webdo_tn\" \/>\n<meta name=\"twitter:site\" content=\"@webdo_tn\" \/>\n<meta name=\"twitter:label1\" content=\"\u00c9crit par\" \/>\n\t<meta name=\"twitter:data1\" content=\"Wided Belhaj\" \/>\n\t<meta name=\"twitter:label2\" content=\"Dur\u00e9e de lecture estim\u00e9e\" \/>\n\t<meta name=\"twitter:data2\" content=\"2 minutes\" \/>\n<script type=\"application\/ld+json\" class=\"yoast-schema-graph\">{\"@context\":\"https:\\\/\\\/schema.org\",\"@graph\":[{\"@type\":\"NewsArticle\",\"@id\":\"https:\\\/\\\/www.webdo.tn\\\/fr\\\/actualite\\\/national\\\/tunisie-lates-cles-de-la-declaration-fiscale-pour-le-mois-de-juin-2025\\\/376902\\\/#article\",\"isPartOf\":{\"@id\":\"https:\\\/\\\/www.webdo.tn\\\/fr\\\/actualite\\\/national\\\/tunisie-lates-cles-de-la-declaration-fiscale-pour-le-mois-de-juin-2025\\\/376902\\\/\"},\"author\":{\"name\":\"Wided Belhaj\",\"@id\":\"https:\\\/\\\/www.webdo.tn\\\/fr\\\/#\\\/schema\\\/person\\\/b9ecde7a5574cb4fcf4b496ea5fadb15\"},\"headline\":\"Tunisie : Les dates cl\u00e9s de la d\u00e9claration fiscale pour le mois de juin 2025\",\"datePublished\":\"2025-06-08T11:24:09+00:00\",\"dateModified\":\"2025-06-09T10:24:28+00:00\",\"mainEntityOfPage\":{\"@id\":\"https:\\\/\\\/www.webdo.tn\\\/fr\\\/actualite\\\/national\\\/tunisie-lates-cles-de-la-declaration-fiscale-pour-le-mois-de-juin-2025\\\/376902\\\/\"},\"wordCount\":273,\"commentCount\":0,\"publisher\":{\"@id\":\"https:\\\/\\\/www.webdo.tn\\\/fr\\\/#organization\"},\"image\":{\"@id\":\"https:\\\/\\\/www.webdo.tn\\\/fr\\\/actualite\\\/national\\\/tunisie-lates-cles-de-la-declaration-fiscale-pour-le-mois-de-juin-2025\\\/376902\\\/#primaryimage\"},\"thumbnailUrl\":\"https:\\\/\\\/www.webdo.tn\\\/fr\\\/wp-content\\\/uploads\\\/2025\\\/06\\\/1749297641447-5d26a72b73fa.jpg\",\"articleSection\":[\"National\"],\"inLanguage\":\"fr-FR\"},{\"@type\":\"WebPage\",\"@id\":\"https:\\\/\\\/www.webdo.tn\\\/fr\\\/actualite\\\/national\\\/tunisie-lates-cles-de-la-declaration-fiscale-pour-le-mois-de-juin-2025\\\/376902\\\/\",\"url\":\"https:\\\/\\\/www.webdo.tn\\\/fr\\\/actualite\\\/national\\\/tunisie-lates-cles-de-la-declaration-fiscale-pour-le-mois-de-juin-2025\\\/376902\\\/\",\"name\":\"Tunisie : Les dates cl\u00e9s de la d\u00e9claration fiscale pour le mois de juin 2025 - webdo\",\"isPartOf\":{\"@id\":\"https:\\\/\\\/www.webdo.tn\\\/fr\\\/#website\"},\"primaryImageOfPage\":{\"@id\":\"https:\\\/\\\/www.webdo.tn\\\/fr\\\/actualite\\\/national\\\/tunisie-lates-cles-de-la-declaration-fiscale-pour-le-mois-de-juin-2025\\\/376902\\\/#primaryimage\"},\"image\":{\"@id\":\"https:\\\/\\\/www.webdo.tn\\\/fr\\\/actualite\\\/national\\\/tunisie-lates-cles-de-la-declaration-fiscale-pour-le-mois-de-juin-2025\\\/376902\\\/#primaryimage\"},\"thumbnailUrl\":\"https:\\\/\\\/www.webdo.tn\\\/fr\\\/wp-content\\\/uploads\\\/2025\\\/06\\\/1749297641447-5d26a72b73fa.jpg\",\"datePublished\":\"2025-06-08T11:24:09+00:00\",\"dateModified\":\"2025-06-09T10:24:28+00:00\",\"breadcrumb\":{\"@id\":\"https:\\\/\\\/www.webdo.tn\\\/fr\\\/actualite\\\/national\\\/tunisie-lates-cles-de-la-declaration-fiscale-pour-le-mois-de-juin-2025\\\/376902\\\/#breadcrumb\"},\"inLanguage\":\"fr-FR\",\"potentialAction\":[{\"@type\":\"ReadAction\",\"target\":[\"https:\\\/\\\/www.webdo.tn\\\/fr\\\/actualite\\\/national\\\/tunisie-lates-cles-de-la-declaration-fiscale-pour-le-mois-de-juin-2025\\\/376902\\\/\"]}]},{\"@type\":\"ImageObject\",\"inLanguage\":\"fr-FR\",\"@id\":\"https:\\\/\\\/www.webdo.tn\\\/fr\\\/actualite\\\/national\\\/tunisie-lates-cles-de-la-declaration-fiscale-pour-le-mois-de-juin-2025\\\/376902\\\/#primaryimage\",\"url\":\"https:\\\/\\\/www.webdo.tn\\\/fr\\\/wp-content\\\/uploads\\\/2025\\\/06\\\/1749297641447-5d26a72b73fa.jpg\",\"contentUrl\":\"https:\\\/\\\/www.webdo.tn\\\/fr\\\/wp-content\\\/uploads\\\/2025\\\/06\\\/1749297641447-5d26a72b73fa.jpg\",\"width\":1750,\"height\":1167},{\"@type\":\"BreadcrumbList\",\"@id\":\"https:\\\/\\\/www.webdo.tn\\\/fr\\\/actualite\\\/national\\\/tunisie-lates-cles-de-la-declaration-fiscale-pour-le-mois-de-juin-2025\\\/376902\\\/#breadcrumb\",\"itemListElement\":[{\"@type\":\"ListItem\",\"position\":1,\"name\":\"Accueil\",\"item\":\"https:\\\/\\\/www.webdo.tn\\\/fr\\\/\"},{\"@type\":\"ListItem\",\"position\":2,\"name\":\"Tunisie : Les dates cl\u00e9s de la d\u00e9claration fiscale pour le mois de juin 2025\"}]},{\"@type\":\"WebSite\",\"@id\":\"https:\\\/\\\/www.webdo.tn\\\/fr\\\/#website\",\"url\":\"https:\\\/\\\/www.webdo.tn\\\/fr\\\/\",\"name\":\"webdo\",\"description\":\"Tunisie - News en Tunisie et \u00e0 l&#039;international sur Webdo.tn\",\"publisher\":{\"@id\":\"https:\\\/\\\/www.webdo.tn\\\/fr\\\/#organization\"},\"potentialAction\":[{\"@type\":\"SearchAction\",\"target\":{\"@type\":\"EntryPoint\",\"urlTemplate\":\"https:\\\/\\\/www.webdo.tn\\\/fr\\\/?s={search_term_string}\"},\"query-input\":{\"@type\":\"PropertyValueSpecification\",\"valueRequired\":true,\"valueName\":\"search_term_string\"}}],\"inLanguage\":\"fr-FR\"},{\"@type\":\"Organization\",\"@id\":\"https:\\\/\\\/www.webdo.tn\\\/fr\\\/#organization\",\"name\":\"Webdo\",\"alternateName\":\"Webdo.tn\",\"url\":\"https:\\\/\\\/www.webdo.tn\\\/fr\\\/\",\"logo\":{\"@type\":\"ImageObject\",\"inLanguage\":\"fr-FR\",\"@id\":\"https:\\\/\\\/www.webdo.tn\\\/fr\\\/#\\\/schema\\\/logo\\\/image\\\/\",\"url\":\"https:\\\/\\\/www.webdo.tn\\\/fr\\\/wp-content\\\/uploads\\\/2025\\\/06\\\/Webdo-Tunisie_168377.jpg\",\"contentUrl\":\"https:\\\/\\\/www.webdo.tn\\\/fr\\\/wp-content\\\/uploads\\\/2025\\\/06\\\/Webdo-Tunisie_168377.jpg\",\"width\":301,\"height\":301,\"caption\":\"Webdo\"},\"image\":{\"@id\":\"https:\\\/\\\/www.webdo.tn\\\/fr\\\/#\\\/schema\\\/logo\\\/image\\\/\"},\"sameAs\":[\"https:\\\/\\\/www.facebook.com\\\/webdotn\",\"https:\\\/\\\/x.com\\\/webdo_tn\"],\"description\":\"Webdo est un m\u00e9dia num\u00e9rique tunisien fond\u00e9 en 2010, sp\u00e9cialis\u00e9 dans l\u2019actualit\u00e9 nationale et internationale, l\u2019\u00e9conomie, la soci\u00e9t\u00e9 et les analyses politiques. Le site s\u2019adresse \u00e0 un large public francophone et couvre l\u2019information tunisienne en temps r\u00e9el.\",\"email\":\"redac@webdo.tn\",\"legalName\":\"YNJ SARL\",\"foundingDate\":\"2010-09-06\",\"numberOfEmployees\":{\"@type\":\"QuantitativeValue\",\"minValue\":\"11\",\"maxValue\":\"50\"}},{\"@type\":\"Person\",\"@id\":\"https:\\\/\\\/www.webdo.tn\\\/fr\\\/#\\\/schema\\\/person\\\/b9ecde7a5574cb4fcf4b496ea5fadb15\",\"name\":\"Wided Belhaj\",\"image\":{\"@type\":\"ImageObject\",\"inLanguage\":\"fr-FR\",\"@id\":\"https:\\\/\\\/www.webdo.tn\\\/fr\\\/wp-content\\\/uploads\\\/2026\\\/04\\\/wided-belhaj_avatar-96x96.jpg\",\"url\":\"https:\\\/\\\/www.webdo.tn\\\/fr\\\/wp-content\\\/uploads\\\/2026\\\/04\\\/wided-belhaj_avatar-96x96.jpg\",\"contentUrl\":\"https:\\\/\\\/www.webdo.tn\\\/fr\\\/wp-content\\\/uploads\\\/2026\\\/04\\\/wided-belhaj_avatar-96x96.jpg\",\"caption\":\"Wided Belhaj\"},\"description\":\"Wided Belhaj est le pseudonyme \u00e9ditorial utilis\u00e9 par Khalil Jelassi, journaliste, ma\u00eetre-assistant \u00e0 l\u2019Institut de presse et des sciences de l\u2019information (IPSI) et chercheur en sciences de l\u2019information et de la communication. Cette signature est d\u00e9di\u00e9e \u00e0 l\u2019analyse des m\u00e9dias, des pratiques journalistiques et des mutations de l\u2019information \u00e0 l\u2019\u00e8re digitale. \u00c0 travers ses contributions, Wided Belhaj propose une lecture analytique de l\u2019actualit\u00e9, en croisant regard critique et expertise acad\u00e9mique.\",\"knowsAbout\":[\"m\u00e9dias\",\"journalisme\",\"communication\",\"information\",\"transformation num\u00e9rique\",\"analyse des m\u00e9dias\"],\"knowsLanguage\":[\"Fran\u00e7ais\",\"Arabe\"],\"jobTitle\":\"Webdo.tn\",\"worksFor\":\"Journaliste \u2013 Analyse des m\u00e9dias\",\"url\":\"https:\\\/\\\/www.webdo.tn\\\/fr\\\/actualite\\\/author\\\/wided-belhaj\\\/\"}]}<\/script>\n<!-- \/ Yoast SEO Premium plugin. -->","yoast_head_json":{"title":"Tunisie : Les dates cl\u00e9s de la d\u00e9claration fiscale pour le mois de juin 2025 - webdo","canonical":"https:\/\/www.webdo.tn\/fr\/actualite\/national\/tunisie-lates-cles-de-la-declaration-fiscale-pour-le-mois-de-juin-2025\/376902\/","og_locale":"fr_FR","og_type":"article","og_title":"Tunisie : Les dates cl\u00e9s de la d\u00e9claration fiscale pour le mois de juin 2025","og_description":"La Direction g\u00e9n\u00e9rale des imp\u00f4ts, relevant du minist\u00e8re des Finances, a r\u00e9cemment publi\u00e9 la calendrier fiscal pour le mois de juin 2025, pr\u00e9cisant les \u00e9ch\u00e9ances \u00e0 respecter par les contribuables, qu\u2019ils soient personnes physiques, morales ou entreprises. Principales dates \u00e0 retenir : La direction a rappel\u00e9 que ces dates repr\u00e9sentent les d\u00e9lais l\u00e9gaux maximaux pour [&hellip;]","og_url":"https:\/\/www.webdo.tn\/fr\/actualite\/national\/tunisie-lates-cles-de-la-declaration-fiscale-pour-le-mois-de-juin-2025\/376902\/","og_site_name":"webdo","article_publisher":"https:\/\/www.facebook.com\/webdotn","article_published_time":"2025-06-08T11:24:09+00:00","article_modified_time":"2025-06-09T10:24:28+00:00","og_image":[{"width":1750,"height":1167,"url":"https:\/\/www.webdo.tn\/fr\/wp-content\/uploads\/2025\/06\/1749297641447-5d26a72b73fa.jpg","type":"image\/jpeg"}],"author":"Wided Belhaj","twitter_card":"summary_large_image","twitter_creator":"@webdo_tn","twitter_site":"@webdo_tn","twitter_misc":{"\u00c9crit par":"Wided Belhaj","Dur\u00e9e de lecture estim\u00e9e":"2 minutes"},"schema":{"@context":"https:\/\/schema.org","@graph":[{"@type":"NewsArticle","@id":"https:\/\/www.webdo.tn\/fr\/actualite\/national\/tunisie-lates-cles-de-la-declaration-fiscale-pour-le-mois-de-juin-2025\/376902\/#article","isPartOf":{"@id":"https:\/\/www.webdo.tn\/fr\/actualite\/national\/tunisie-lates-cles-de-la-declaration-fiscale-pour-le-mois-de-juin-2025\/376902\/"},"author":{"name":"Wided Belhaj","@id":"https:\/\/www.webdo.tn\/fr\/#\/schema\/person\/b9ecde7a5574cb4fcf4b496ea5fadb15"},"headline":"Tunisie : Les dates cl\u00e9s de la d\u00e9claration fiscale pour le mois de juin 2025","datePublished":"2025-06-08T11:24:09+00:00","dateModified":"2025-06-09T10:24:28+00:00","mainEntityOfPage":{"@id":"https:\/\/www.webdo.tn\/fr\/actualite\/national\/tunisie-lates-cles-de-la-declaration-fiscale-pour-le-mois-de-juin-2025\/376902\/"},"wordCount":273,"commentCount":0,"publisher":{"@id":"https:\/\/www.webdo.tn\/fr\/#organization"},"image":{"@id":"https:\/\/www.webdo.tn\/fr\/actualite\/national\/tunisie-lates-cles-de-la-declaration-fiscale-pour-le-mois-de-juin-2025\/376902\/#primaryimage"},"thumbnailUrl":"https:\/\/www.webdo.tn\/fr\/wp-content\/uploads\/2025\/06\/1749297641447-5d26a72b73fa.jpg","articleSection":["National"],"inLanguage":"fr-FR"},{"@type":"WebPage","@id":"https:\/\/www.webdo.tn\/fr\/actualite\/national\/tunisie-lates-cles-de-la-declaration-fiscale-pour-le-mois-de-juin-2025\/376902\/","url":"https:\/\/www.webdo.tn\/fr\/actualite\/national\/tunisie-lates-cles-de-la-declaration-fiscale-pour-le-mois-de-juin-2025\/376902\/","name":"Tunisie : Les dates cl\u00e9s de la d\u00e9claration fiscale pour le mois de juin 2025 - webdo","isPartOf":{"@id":"https:\/\/www.webdo.tn\/fr\/#website"},"primaryImageOfPage":{"@id":"https:\/\/www.webdo.tn\/fr\/actualite\/national\/tunisie-lates-cles-de-la-declaration-fiscale-pour-le-mois-de-juin-2025\/376902\/#primaryimage"},"image":{"@id":"https:\/\/www.webdo.tn\/fr\/actualite\/national\/tunisie-lates-cles-de-la-declaration-fiscale-pour-le-mois-de-juin-2025\/376902\/#primaryimage"},"thumbnailUrl":"https:\/\/www.webdo.tn\/fr\/wp-content\/uploads\/2025\/06\/1749297641447-5d26a72b73fa.jpg","datePublished":"2025-06-08T11:24:09+00:00","dateModified":"2025-06-09T10:24:28+00:00","breadcrumb":{"@id":"https:\/\/www.webdo.tn\/fr\/actualite\/national\/tunisie-lates-cles-de-la-declaration-fiscale-pour-le-mois-de-juin-2025\/376902\/#breadcrumb"},"inLanguage":"fr-FR","potentialAction":[{"@type":"ReadAction","target":["https:\/\/www.webdo.tn\/fr\/actualite\/national\/tunisie-lates-cles-de-la-declaration-fiscale-pour-le-mois-de-juin-2025\/376902\/"]}]},{"@type":"ImageObject","inLanguage":"fr-FR","@id":"https:\/\/www.webdo.tn\/fr\/actualite\/national\/tunisie-lates-cles-de-la-declaration-fiscale-pour-le-mois-de-juin-2025\/376902\/#primaryimage","url":"https:\/\/www.webdo.tn\/fr\/wp-content\/uploads\/2025\/06\/1749297641447-5d26a72b73fa.jpg","contentUrl":"https:\/\/www.webdo.tn\/fr\/wp-content\/uploads\/2025\/06\/1749297641447-5d26a72b73fa.jpg","width":1750,"height":1167},{"@type":"BreadcrumbList","@id":"https:\/\/www.webdo.tn\/fr\/actualite\/national\/tunisie-lates-cles-de-la-declaration-fiscale-pour-le-mois-de-juin-2025\/376902\/#breadcrumb","itemListElement":[{"@type":"ListItem","position":1,"name":"Accueil","item":"https:\/\/www.webdo.tn\/fr\/"},{"@type":"ListItem","position":2,"name":"Tunisie : Les dates cl\u00e9s de la d\u00e9claration fiscale pour le mois de juin 2025"}]},{"@type":"WebSite","@id":"https:\/\/www.webdo.tn\/fr\/#website","url":"https:\/\/www.webdo.tn\/fr\/","name":"webdo","description":"Tunisie - News en Tunisie et \u00e0 l&#039;international sur Webdo.tn","publisher":{"@id":"https:\/\/www.webdo.tn\/fr\/#organization"},"potentialAction":[{"@type":"SearchAction","target":{"@type":"EntryPoint","urlTemplate":"https:\/\/www.webdo.tn\/fr\/?s={search_term_string}"},"query-input":{"@type":"PropertyValueSpecification","valueRequired":true,"valueName":"search_term_string"}}],"inLanguage":"fr-FR"},{"@type":"Organization","@id":"https:\/\/www.webdo.tn\/fr\/#organization","name":"Webdo","alternateName":"Webdo.tn","url":"https:\/\/www.webdo.tn\/fr\/","logo":{"@type":"ImageObject","inLanguage":"fr-FR","@id":"https:\/\/www.webdo.tn\/fr\/#\/schema\/logo\/image\/","url":"https:\/\/www.webdo.tn\/fr\/wp-content\/uploads\/2025\/06\/Webdo-Tunisie_168377.jpg","contentUrl":"https:\/\/www.webdo.tn\/fr\/wp-content\/uploads\/2025\/06\/Webdo-Tunisie_168377.jpg","width":301,"height":301,"caption":"Webdo"},"image":{"@id":"https:\/\/www.webdo.tn\/fr\/#\/schema\/logo\/image\/"},"sameAs":["https:\/\/www.facebook.com\/webdotn","https:\/\/x.com\/webdo_tn"],"description":"Webdo est un m\u00e9dia num\u00e9rique tunisien fond\u00e9 en 2010, sp\u00e9cialis\u00e9 dans l\u2019actualit\u00e9 nationale et internationale, l\u2019\u00e9conomie, la soci\u00e9t\u00e9 et les analyses politiques. Le site s\u2019adresse \u00e0 un large public francophone et couvre l\u2019information tunisienne en temps r\u00e9el.","email":"redac@webdo.tn","legalName":"YNJ SARL","foundingDate":"2010-09-06","numberOfEmployees":{"@type":"QuantitativeValue","minValue":"11","maxValue":"50"}},{"@type":"Person","@id":"https:\/\/www.webdo.tn\/fr\/#\/schema\/person\/b9ecde7a5574cb4fcf4b496ea5fadb15","name":"Wided Belhaj","image":{"@type":"ImageObject","inLanguage":"fr-FR","@id":"https:\/\/www.webdo.tn\/fr\/wp-content\/uploads\/2026\/04\/wided-belhaj_avatar-96x96.jpg","url":"https:\/\/www.webdo.tn\/fr\/wp-content\/uploads\/2026\/04\/wided-belhaj_avatar-96x96.jpg","contentUrl":"https:\/\/www.webdo.tn\/fr\/wp-content\/uploads\/2026\/04\/wided-belhaj_avatar-96x96.jpg","caption":"Wided Belhaj"},"description":"Wided Belhaj est le pseudonyme \u00e9ditorial utilis\u00e9 par Khalil Jelassi, journaliste, ma\u00eetre-assistant \u00e0 l\u2019Institut de presse et des sciences de l\u2019information (IPSI) et chercheur en sciences de l\u2019information et de la communication. Cette signature est d\u00e9di\u00e9e \u00e0 l\u2019analyse des m\u00e9dias, des pratiques journalistiques et des mutations de l\u2019information \u00e0 l\u2019\u00e8re digitale. \u00c0 travers ses contributions, Wided Belhaj propose une lecture analytique de l\u2019actualit\u00e9, en croisant regard critique et expertise acad\u00e9mique.","knowsAbout":["m\u00e9dias","journalisme","communication","information","transformation num\u00e9rique","analyse des m\u00e9dias"],"knowsLanguage":["Fran\u00e7ais","Arabe"],"jobTitle":"Webdo.tn","worksFor":"Journaliste \u2013 Analyse des m\u00e9dias","url":"https:\/\/www.webdo.tn\/fr\/actualite\/author\/wided-belhaj\/"}]}},"_links":{"self":[{"href":"https:\/\/www.webdo.tn\/fr\/wp-json\/wp\/v2\/posts\/376902","targetHints":{"allow":["GET"]}}],"collection":[{"href":"https:\/\/www.webdo.tn\/fr\/wp-json\/wp\/v2\/posts"}],"about":[{"href":"https:\/\/www.webdo.tn\/fr\/wp-json\/wp\/v2\/types\/post"}],"author":[{"embeddable":true,"href":"https:\/\/www.webdo.tn\/fr\/wp-json\/wp\/v2\/users\/3184"}],"replies":[{"embeddable":true,"href":"https:\/\/www.webdo.tn\/fr\/wp-json\/wp\/v2\/comments?post=376902"}],"version-history":[{"count":0,"href":"https:\/\/www.webdo.tn\/fr\/wp-json\/wp\/v2\/posts\/376902\/revisions"}],"wp:featuredmedia":[{"embeddable":true,"href":"https:\/\/www.webdo.tn\/fr\/wp-json\/wp\/v2\/media\/376904"}],"wp:attachment":[{"href":"https:\/\/www.webdo.tn\/fr\/wp-json\/wp\/v2\/media?parent=376902"}],"wp:term":[{"taxonomy":"category","embeddable":true,"href":"https:\/\/www.webdo.tn\/fr\/wp-json\/wp\/v2\/categories?post=376902"},{"taxonomy":"post_tag","embeddable":true,"href":"https:\/\/www.webdo.tn\/fr\/wp-json\/wp\/v2\/tags?post=376902"}],"curies":[{"name":"wp","href":"https:\/\/api.w.org\/{rel}","templated":true}]}}