{"id":376898,"date":"2025-06-08T10:41:20","date_gmt":"2025-06-08T10:41:20","guid":{"rendered":"https:\/\/www.webdo.tn\/fr\/?p=376898"},"modified":"2025-06-09T09:55:04","modified_gmt":"2025-06-09T09:55:04","slug":"tunisie-peaux-de-moutons-une-campagne-ratee-un-echec-annonce","status":"publish","type":"post","link":"https:\/\/www.webdo.tn\/fr\/actualite\/national\/tunisie-peaux-de-moutons-une-campagne-ratee-un-echec-annonce\/376898\/","title":{"rendered":"Tunisie &#8211; Peaux de moutons : Une campagne rat\u00e9e, un \u00e9chec annonc\u00e9"},"content":{"rendered":"\n<p><\/p>\n\n\n\n<p><strong>La campagne nationale de valorisation des peaux de moutons sacrifi\u00e9s \u00e0 l\u2019occasion de l\u2019A\u00efd el-K\u00e9bir a \u00e9chou\u00e9 \u00e0 atteindre ses objectifs cette ann\u00e9e. Selon Sami Ben Yahia, pr\u00e9sident de l&rsquo;association <em>Pour une Tunisie propre<\/em>, seulement 20 % des peaux ont \u00e9t\u00e9 collect\u00e9es, contre 40 % en 2024.<\/strong><\/p>\n\n\n\n<p>Dans une d\u00e9claration \u00e0 l\u2019Agence TAP, le responsable a tir\u00e9 la sonnette d\u2019alarme : <em>\u00ab Pr\u00e8s de 500 000 peaux risquent d\u2019\u00eatre abandonn\u00e9es dans la nature ou enfouies sans traitement, ce qui repr\u00e9senterait un d\u00e9sastre \u00e9cologique \u00bb<\/em>.<\/p>\n\n\n\n<p>Les chiffres parlent d\u2019eux-m\u00eames : sur environ 800 000 peaux issues des sacrifices de l\u2019A\u00efd dans les foyers tunisiens, \u00e0 peine 160 000 ont \u00e9t\u00e9 r\u00e9cup\u00e9r\u00e9es. L\u2019ann\u00e9e pr\u00e9c\u00e9dente, la campagne avait permis d\u2019en collecter plus de 300 000. Ce recul s\u2019explique principalement par le boycott des tanneurs et des collecteurs, qui ont refus\u00e9 de participer \u00e0 l\u2019op\u00e9ration cette ann\u00e9e.<\/p>\n\n\n\n<p>Les tanneurs, selon Ben Yahia, ont conditionn\u00e9 leur participation \u00e0 l\u2019obtention de d\u00e9rogations exceptionnelles pour exporter les peaux, arguant que leur valorisation sur le march\u00e9 local n\u2019est plus rentable.<\/p>\n\n\n\n<p>Au total, seules trois ou quatre tanneries sur les quinze actives dans le pays ont pris part \u00e0 la campagne. Des r\u00e9unions ont pourtant eu lieu au si\u00e8ge du Centre national du cuir et de la chaussure en amont de l\u2019A\u00efd, r\u00e9unissant les parties prenantes, dont les tanneurs et l\u2019association <em>Pour une Tunisie propre<\/em>. Mais aucun accord n\u2019a pu \u00eatre trouv\u00e9 \u00e0 temps.<\/p>\n\n\n\n<p>Cette situation met en lumi\u00e8re les lacunes de la fili\u00e8re et l&rsquo;urgence de revoir le dispositif de valorisation des d\u00e9chets de l\u2019A\u00efd pour \u00e9viter un impact environnemental dramatique.<\/p>\n","protected":false},"excerpt":{"rendered":"<p>La campagne nationale de valorisation des peaux de moutons sacrifi\u00e9s \u00e0 l\u2019occasion de l\u2019A\u00efd el-K\u00e9bir a \u00e9chou\u00e9 \u00e0 atteindre ses objectifs cette ann\u00e9e. Selon Sami Ben Yahia, pr\u00e9sident de l&rsquo;association Pour une Tunisie propre, seulement 20 % des peaux ont \u00e9t\u00e9 collect\u00e9es, contre 40 % en 2024. Dans une d\u00e9claration \u00e0 l\u2019Agence TAP, le responsable [&hellip;]<\/p>\n","protected":false},"author":3184,"featured_media":376900,"comment_status":"open","ping_status":"open","sticky":false,"template":"","format":"standard","meta":{"footnotes":""},"categories":[44],"tags":[],"class_list":["post-376898","post","type-post","status-publish","format-standard","has-post-thumbnail","hentry","category-national"],"yoast_head":"<!-- This site is optimized with the Yoast SEO Premium plugin v27.5 (Yoast SEO v27.5) - https:\/\/yoast.com\/product\/yoast-seo-premium-wordpress\/ -->\n<title>Tunisie - Peaux de moutons : Une campagne rat\u00e9e, un \u00e9chec annonc\u00e9 - webdo<\/title>\n<link rel=\"canonical\" href=\"https:\/\/www.webdo.tn\/fr\/actualite\/national\/tunisie-peaux-de-moutons-une-campagne-ratee-un-echec-annonce\/376898\/\" \/>\n<meta property=\"og:locale\" content=\"fr_FR\" \/>\n<meta property=\"og:type\" content=\"article\" \/>\n<meta property=\"og:title\" content=\"Tunisie - Peaux de moutons : Une campagne rat\u00e9e, un \u00e9chec annonc\u00e9\" \/>\n<meta property=\"og:description\" content=\"La campagne nationale de valorisation des peaux de moutons sacrifi\u00e9s \u00e0 l\u2019occasion de l\u2019A\u00efd el-K\u00e9bir a \u00e9chou\u00e9 \u00e0 atteindre ses objectifs cette ann\u00e9e. Selon Sami Ben Yahia, pr\u00e9sident de l&rsquo;association Pour une Tunisie propre, seulement 20 % des peaux ont \u00e9t\u00e9 collect\u00e9es, contre 40 % en 2024. Dans une d\u00e9claration \u00e0 l\u2019Agence TAP, le responsable [&hellip;]\" \/>\n<meta property=\"og:url\" content=\"https:\/\/www.webdo.tn\/fr\/actualite\/national\/tunisie-peaux-de-moutons-une-campagne-ratee-un-echec-annonce\/376898\/\" \/>\n<meta property=\"og:site_name\" content=\"webdo\" \/>\n<meta property=\"article:publisher\" content=\"https:\/\/www.facebook.com\/webdotn\" \/>\n<meta property=\"article:published_time\" content=\"2025-06-08T10:41:20+00:00\" \/>\n<meta property=\"article:modified_time\" content=\"2025-06-09T09:55:04+00:00\" \/>\n<meta property=\"og:image\" content=\"https:\/\/www.webdo.tn\/fr\/wp-content\/uploads\/2025\/06\/BN30289peaux-moutons1.jpg\" \/>\n\t<meta property=\"og:image:width\" content=\"675\" \/>\n\t<meta property=\"og:image:height\" content=\"425\" \/>\n\t<meta property=\"og:image:type\" content=\"image\/jpeg\" \/>\n<meta name=\"author\" content=\"Wided Belhaj\" \/>\n<meta name=\"twitter:card\" content=\"summary_large_image\" \/>\n<meta name=\"twitter:creator\" content=\"@webdo_tn\" \/>\n<meta name=\"twitter:site\" content=\"@webdo_tn\" \/>\n<meta name=\"twitter:label1\" content=\"\u00c9crit par\" \/>\n\t<meta name=\"twitter:data1\" content=\"Wided Belhaj\" \/>\n\t<meta name=\"twitter:label2\" content=\"Dur\u00e9e de lecture estim\u00e9e\" \/>\n\t<meta name=\"twitter:data2\" content=\"2 minutes\" \/>\n<script type=\"application\/ld+json\" class=\"yoast-schema-graph\">{\"@context\":\"https:\\\/\\\/schema.org\",\"@graph\":[{\"@type\":\"NewsArticle\",\"@id\":\"https:\\\/\\\/www.webdo.tn\\\/fr\\\/actualite\\\/national\\\/tunisie-peaux-de-moutons-une-campagne-ratee-un-echec-annonce\\\/376898\\\/#article\",\"isPartOf\":{\"@id\":\"https:\\\/\\\/www.webdo.tn\\\/fr\\\/actualite\\\/national\\\/tunisie-peaux-de-moutons-une-campagne-ratee-un-echec-annonce\\\/376898\\\/\"},\"author\":{\"name\":\"Wided Belhaj\",\"@id\":\"https:\\\/\\\/www.webdo.tn\\\/fr\\\/#\\\/schema\\\/person\\\/b9ecde7a5574cb4fcf4b496ea5fadb15\"},\"headline\":\"Tunisie &#8211; Peaux de moutons : Une campagne rat\u00e9e, un \u00e9chec annonc\u00e9\",\"datePublished\":\"2025-06-08T10:41:20+00:00\",\"dateModified\":\"2025-06-09T09:55:04+00:00\",\"mainEntityOfPage\":{\"@id\":\"https:\\\/\\\/www.webdo.tn\\\/fr\\\/actualite\\\/national\\\/tunisie-peaux-de-moutons-une-campagne-ratee-un-echec-annonce\\\/376898\\\/\"},\"wordCount\":299,\"commentCount\":0,\"publisher\":{\"@id\":\"https:\\\/\\\/www.webdo.tn\\\/fr\\\/#organization\"},\"image\":{\"@id\":\"https:\\\/\\\/www.webdo.tn\\\/fr\\\/actualite\\\/national\\\/tunisie-peaux-de-moutons-une-campagne-ratee-un-echec-annonce\\\/376898\\\/#primaryimage\"},\"thumbnailUrl\":\"https:\\\/\\\/www.webdo.tn\\\/fr\\\/wp-content\\\/uploads\\\/2025\\\/06\\\/BN30289peaux-moutons1.jpg\",\"articleSection\":[\"National\"],\"inLanguage\":\"fr-FR\"},{\"@type\":\"WebPage\",\"@id\":\"https:\\\/\\\/www.webdo.tn\\\/fr\\\/actualite\\\/national\\\/tunisie-peaux-de-moutons-une-campagne-ratee-un-echec-annonce\\\/376898\\\/\",\"url\":\"https:\\\/\\\/www.webdo.tn\\\/fr\\\/actualite\\\/national\\\/tunisie-peaux-de-moutons-une-campagne-ratee-un-echec-annonce\\\/376898\\\/\",\"name\":\"Tunisie - Peaux de moutons : Une campagne rat\u00e9e, un \u00e9chec annonc\u00e9 - webdo\",\"isPartOf\":{\"@id\":\"https:\\\/\\\/www.webdo.tn\\\/fr\\\/#website\"},\"primaryImageOfPage\":{\"@id\":\"https:\\\/\\\/www.webdo.tn\\\/fr\\\/actualite\\\/national\\\/tunisie-peaux-de-moutons-une-campagne-ratee-un-echec-annonce\\\/376898\\\/#primaryimage\"},\"image\":{\"@id\":\"https:\\\/\\\/www.webdo.tn\\\/fr\\\/actualite\\\/national\\\/tunisie-peaux-de-moutons-une-campagne-ratee-un-echec-annonce\\\/376898\\\/#primaryimage\"},\"thumbnailUrl\":\"https:\\\/\\\/www.webdo.tn\\\/fr\\\/wp-content\\\/uploads\\\/2025\\\/06\\\/BN30289peaux-moutons1.jpg\",\"datePublished\":\"2025-06-08T10:41:20+00:00\",\"dateModified\":\"2025-06-09T09:55:04+00:00\",\"breadcrumb\":{\"@id\":\"https:\\\/\\\/www.webdo.tn\\\/fr\\\/actualite\\\/national\\\/tunisie-peaux-de-moutons-une-campagne-ratee-un-echec-annonce\\\/376898\\\/#breadcrumb\"},\"inLanguage\":\"fr-FR\",\"potentialAction\":[{\"@type\":\"ReadAction\",\"target\":[\"https:\\\/\\\/www.webdo.tn\\\/fr\\\/actualite\\\/national\\\/tunisie-peaux-de-moutons-une-campagne-ratee-un-echec-annonce\\\/376898\\\/\"]}]},{\"@type\":\"ImageObject\",\"inLanguage\":\"fr-FR\",\"@id\":\"https:\\\/\\\/www.webdo.tn\\\/fr\\\/actualite\\\/national\\\/tunisie-peaux-de-moutons-une-campagne-ratee-un-echec-annonce\\\/376898\\\/#primaryimage\",\"url\":\"https:\\\/\\\/www.webdo.tn\\\/fr\\\/wp-content\\\/uploads\\\/2025\\\/06\\\/BN30289peaux-moutons1.jpg\",\"contentUrl\":\"https:\\\/\\\/www.webdo.tn\\\/fr\\\/wp-content\\\/uploads\\\/2025\\\/06\\\/BN30289peaux-moutons1.jpg\",\"width\":675,\"height\":425},{\"@type\":\"BreadcrumbList\",\"@id\":\"https:\\\/\\\/www.webdo.tn\\\/fr\\\/actualite\\\/national\\\/tunisie-peaux-de-moutons-une-campagne-ratee-un-echec-annonce\\\/376898\\\/#breadcrumb\",\"itemListElement\":[{\"@type\":\"ListItem\",\"position\":1,\"name\":\"Accueil\",\"item\":\"https:\\\/\\\/www.webdo.tn\\\/fr\\\/\"},{\"@type\":\"ListItem\",\"position\":2,\"name\":\"Tunisie &#8211; Peaux de moutons : Une campagne rat\u00e9e, un \u00e9chec annonc\u00e9\"}]},{\"@type\":\"WebSite\",\"@id\":\"https:\\\/\\\/www.webdo.tn\\\/fr\\\/#website\",\"url\":\"https:\\\/\\\/www.webdo.tn\\\/fr\\\/\",\"name\":\"webdo\",\"description\":\"Tunisie - News en Tunisie et \u00e0 l&#039;international sur Webdo.tn\",\"publisher\":{\"@id\":\"https:\\\/\\\/www.webdo.tn\\\/fr\\\/#organization\"},\"potentialAction\":[{\"@type\":\"SearchAction\",\"target\":{\"@type\":\"EntryPoint\",\"urlTemplate\":\"https:\\\/\\\/www.webdo.tn\\\/fr\\\/?s={search_term_string}\"},\"query-input\":{\"@type\":\"PropertyValueSpecification\",\"valueRequired\":true,\"valueName\":\"search_term_string\"}}],\"inLanguage\":\"fr-FR\"},{\"@type\":\"Organization\",\"@id\":\"https:\\\/\\\/www.webdo.tn\\\/fr\\\/#organization\",\"name\":\"Webdo\",\"alternateName\":\"Webdo.tn\",\"url\":\"https:\\\/\\\/www.webdo.tn\\\/fr\\\/\",\"logo\":{\"@type\":\"ImageObject\",\"inLanguage\":\"fr-FR\",\"@id\":\"https:\\\/\\\/www.webdo.tn\\\/fr\\\/#\\\/schema\\\/logo\\\/image\\\/\",\"url\":\"https:\\\/\\\/www.webdo.tn\\\/fr\\\/wp-content\\\/uploads\\\/2025\\\/06\\\/Webdo-Tunisie_168377.jpg\",\"contentUrl\":\"https:\\\/\\\/www.webdo.tn\\\/fr\\\/wp-content\\\/uploads\\\/2025\\\/06\\\/Webdo-Tunisie_168377.jpg\",\"width\":301,\"height\":301,\"caption\":\"Webdo\"},\"image\":{\"@id\":\"https:\\\/\\\/www.webdo.tn\\\/fr\\\/#\\\/schema\\\/logo\\\/image\\\/\"},\"sameAs\":[\"https:\\\/\\\/www.facebook.com\\\/webdotn\",\"https:\\\/\\\/x.com\\\/webdo_tn\"],\"description\":\"Webdo est un m\u00e9dia num\u00e9rique tunisien fond\u00e9 en 2010, sp\u00e9cialis\u00e9 dans l\u2019actualit\u00e9 nationale et internationale, l\u2019\u00e9conomie, la soci\u00e9t\u00e9 et les analyses politiques. Le site s\u2019adresse \u00e0 un large public francophone et couvre l\u2019information tunisienne en temps r\u00e9el.\",\"email\":\"redac@webdo.tn\",\"legalName\":\"YNJ SARL\",\"foundingDate\":\"2010-09-06\",\"numberOfEmployees\":{\"@type\":\"QuantitativeValue\",\"minValue\":\"11\",\"maxValue\":\"50\"}},{\"@type\":\"Person\",\"@id\":\"https:\\\/\\\/www.webdo.tn\\\/fr\\\/#\\\/schema\\\/person\\\/b9ecde7a5574cb4fcf4b496ea5fadb15\",\"name\":\"Wided Belhaj\",\"image\":{\"@type\":\"ImageObject\",\"inLanguage\":\"fr-FR\",\"@id\":\"https:\\\/\\\/www.webdo.tn\\\/fr\\\/wp-content\\\/uploads\\\/2026\\\/04\\\/wided-belhaj_avatar-96x96.jpg\",\"url\":\"https:\\\/\\\/www.webdo.tn\\\/fr\\\/wp-content\\\/uploads\\\/2026\\\/04\\\/wided-belhaj_avatar-96x96.jpg\",\"contentUrl\":\"https:\\\/\\\/www.webdo.tn\\\/fr\\\/wp-content\\\/uploads\\\/2026\\\/04\\\/wided-belhaj_avatar-96x96.jpg\",\"caption\":\"Wided Belhaj\"},\"description\":\"Wided Belhaj est le pseudonyme \u00e9ditorial utilis\u00e9 par Khalil Jelassi, journaliste, ma\u00eetre-assistant \u00e0 l\u2019Institut de presse et des sciences de l\u2019information (IPSI) et chercheur en sciences de l\u2019information et de la communication. Cette signature est d\u00e9di\u00e9e \u00e0 l\u2019analyse des m\u00e9dias, des pratiques journalistiques et des mutations de l\u2019information \u00e0 l\u2019\u00e8re digitale. \u00c0 travers ses contributions, Wided Belhaj propose une lecture analytique de l\u2019actualit\u00e9, en croisant regard critique et expertise acad\u00e9mique.\",\"knowsAbout\":[\"m\u00e9dias\",\"journalisme\",\"communication\",\"information\",\"transformation num\u00e9rique\",\"analyse des m\u00e9dias\"],\"knowsLanguage\":[\"Fran\u00e7ais\",\"Arabe\"],\"jobTitle\":\"Webdo.tn\",\"worksFor\":\"Journaliste \u2013 Analyse des m\u00e9dias\",\"url\":\"https:\\\/\\\/www.webdo.tn\\\/fr\\\/actualite\\\/author\\\/wided-belhaj\\\/\"}]}<\/script>\n<!-- \/ Yoast SEO Premium plugin. -->","yoast_head_json":{"title":"Tunisie - Peaux de moutons : Une campagne rat\u00e9e, un \u00e9chec annonc\u00e9 - webdo","canonical":"https:\/\/www.webdo.tn\/fr\/actualite\/national\/tunisie-peaux-de-moutons-une-campagne-ratee-un-echec-annonce\/376898\/","og_locale":"fr_FR","og_type":"article","og_title":"Tunisie - Peaux de moutons : Une campagne rat\u00e9e, un \u00e9chec annonc\u00e9","og_description":"La campagne nationale de valorisation des peaux de moutons sacrifi\u00e9s \u00e0 l\u2019occasion de l\u2019A\u00efd el-K\u00e9bir a \u00e9chou\u00e9 \u00e0 atteindre ses objectifs cette ann\u00e9e. Selon Sami Ben Yahia, pr\u00e9sident de l&rsquo;association Pour une Tunisie propre, seulement 20 % des peaux ont \u00e9t\u00e9 collect\u00e9es, contre 40 % en 2024. Dans une d\u00e9claration \u00e0 l\u2019Agence TAP, le responsable [&hellip;]","og_url":"https:\/\/www.webdo.tn\/fr\/actualite\/national\/tunisie-peaux-de-moutons-une-campagne-ratee-un-echec-annonce\/376898\/","og_site_name":"webdo","article_publisher":"https:\/\/www.facebook.com\/webdotn","article_published_time":"2025-06-08T10:41:20+00:00","article_modified_time":"2025-06-09T09:55:04+00:00","og_image":[{"width":675,"height":425,"url":"https:\/\/www.webdo.tn\/fr\/wp-content\/uploads\/2025\/06\/BN30289peaux-moutons1.jpg","type":"image\/jpeg"}],"author":"Wided Belhaj","twitter_card":"summary_large_image","twitter_creator":"@webdo_tn","twitter_site":"@webdo_tn","twitter_misc":{"\u00c9crit par":"Wided Belhaj","Dur\u00e9e de lecture estim\u00e9e":"2 minutes"},"schema":{"@context":"https:\/\/schema.org","@graph":[{"@type":"NewsArticle","@id":"https:\/\/www.webdo.tn\/fr\/actualite\/national\/tunisie-peaux-de-moutons-une-campagne-ratee-un-echec-annonce\/376898\/#article","isPartOf":{"@id":"https:\/\/www.webdo.tn\/fr\/actualite\/national\/tunisie-peaux-de-moutons-une-campagne-ratee-un-echec-annonce\/376898\/"},"author":{"name":"Wided Belhaj","@id":"https:\/\/www.webdo.tn\/fr\/#\/schema\/person\/b9ecde7a5574cb4fcf4b496ea5fadb15"},"headline":"Tunisie &#8211; Peaux de moutons : Une campagne rat\u00e9e, un \u00e9chec annonc\u00e9","datePublished":"2025-06-08T10:41:20+00:00","dateModified":"2025-06-09T09:55:04+00:00","mainEntityOfPage":{"@id":"https:\/\/www.webdo.tn\/fr\/actualite\/national\/tunisie-peaux-de-moutons-une-campagne-ratee-un-echec-annonce\/376898\/"},"wordCount":299,"commentCount":0,"publisher":{"@id":"https:\/\/www.webdo.tn\/fr\/#organization"},"image":{"@id":"https:\/\/www.webdo.tn\/fr\/actualite\/national\/tunisie-peaux-de-moutons-une-campagne-ratee-un-echec-annonce\/376898\/#primaryimage"},"thumbnailUrl":"https:\/\/www.webdo.tn\/fr\/wp-content\/uploads\/2025\/06\/BN30289peaux-moutons1.jpg","articleSection":["National"],"inLanguage":"fr-FR"},{"@type":"WebPage","@id":"https:\/\/www.webdo.tn\/fr\/actualite\/national\/tunisie-peaux-de-moutons-une-campagne-ratee-un-echec-annonce\/376898\/","url":"https:\/\/www.webdo.tn\/fr\/actualite\/national\/tunisie-peaux-de-moutons-une-campagne-ratee-un-echec-annonce\/376898\/","name":"Tunisie - Peaux de moutons : Une campagne rat\u00e9e, un \u00e9chec annonc\u00e9 - webdo","isPartOf":{"@id":"https:\/\/www.webdo.tn\/fr\/#website"},"primaryImageOfPage":{"@id":"https:\/\/www.webdo.tn\/fr\/actualite\/national\/tunisie-peaux-de-moutons-une-campagne-ratee-un-echec-annonce\/376898\/#primaryimage"},"image":{"@id":"https:\/\/www.webdo.tn\/fr\/actualite\/national\/tunisie-peaux-de-moutons-une-campagne-ratee-un-echec-annonce\/376898\/#primaryimage"},"thumbnailUrl":"https:\/\/www.webdo.tn\/fr\/wp-content\/uploads\/2025\/06\/BN30289peaux-moutons1.jpg","datePublished":"2025-06-08T10:41:20+00:00","dateModified":"2025-06-09T09:55:04+00:00","breadcrumb":{"@id":"https:\/\/www.webdo.tn\/fr\/actualite\/national\/tunisie-peaux-de-moutons-une-campagne-ratee-un-echec-annonce\/376898\/#breadcrumb"},"inLanguage":"fr-FR","potentialAction":[{"@type":"ReadAction","target":["https:\/\/www.webdo.tn\/fr\/actualite\/national\/tunisie-peaux-de-moutons-une-campagne-ratee-un-echec-annonce\/376898\/"]}]},{"@type":"ImageObject","inLanguage":"fr-FR","@id":"https:\/\/www.webdo.tn\/fr\/actualite\/national\/tunisie-peaux-de-moutons-une-campagne-ratee-un-echec-annonce\/376898\/#primaryimage","url":"https:\/\/www.webdo.tn\/fr\/wp-content\/uploads\/2025\/06\/BN30289peaux-moutons1.jpg","contentUrl":"https:\/\/www.webdo.tn\/fr\/wp-content\/uploads\/2025\/06\/BN30289peaux-moutons1.jpg","width":675,"height":425},{"@type":"BreadcrumbList","@id":"https:\/\/www.webdo.tn\/fr\/actualite\/national\/tunisie-peaux-de-moutons-une-campagne-ratee-un-echec-annonce\/376898\/#breadcrumb","itemListElement":[{"@type":"ListItem","position":1,"name":"Accueil","item":"https:\/\/www.webdo.tn\/fr\/"},{"@type":"ListItem","position":2,"name":"Tunisie &#8211; Peaux de moutons : Une campagne rat\u00e9e, un \u00e9chec annonc\u00e9"}]},{"@type":"WebSite","@id":"https:\/\/www.webdo.tn\/fr\/#website","url":"https:\/\/www.webdo.tn\/fr\/","name":"webdo","description":"Tunisie - News en Tunisie et \u00e0 l&#039;international sur Webdo.tn","publisher":{"@id":"https:\/\/www.webdo.tn\/fr\/#organization"},"potentialAction":[{"@type":"SearchAction","target":{"@type":"EntryPoint","urlTemplate":"https:\/\/www.webdo.tn\/fr\/?s={search_term_string}"},"query-input":{"@type":"PropertyValueSpecification","valueRequired":true,"valueName":"search_term_string"}}],"inLanguage":"fr-FR"},{"@type":"Organization","@id":"https:\/\/www.webdo.tn\/fr\/#organization","name":"Webdo","alternateName":"Webdo.tn","url":"https:\/\/www.webdo.tn\/fr\/","logo":{"@type":"ImageObject","inLanguage":"fr-FR","@id":"https:\/\/www.webdo.tn\/fr\/#\/schema\/logo\/image\/","url":"https:\/\/www.webdo.tn\/fr\/wp-content\/uploads\/2025\/06\/Webdo-Tunisie_168377.jpg","contentUrl":"https:\/\/www.webdo.tn\/fr\/wp-content\/uploads\/2025\/06\/Webdo-Tunisie_168377.jpg","width":301,"height":301,"caption":"Webdo"},"image":{"@id":"https:\/\/www.webdo.tn\/fr\/#\/schema\/logo\/image\/"},"sameAs":["https:\/\/www.facebook.com\/webdotn","https:\/\/x.com\/webdo_tn"],"description":"Webdo est un m\u00e9dia num\u00e9rique tunisien fond\u00e9 en 2010, sp\u00e9cialis\u00e9 dans l\u2019actualit\u00e9 nationale et internationale, l\u2019\u00e9conomie, la soci\u00e9t\u00e9 et les analyses politiques. Le site s\u2019adresse \u00e0 un large public francophone et couvre l\u2019information tunisienne en temps r\u00e9el.","email":"redac@webdo.tn","legalName":"YNJ SARL","foundingDate":"2010-09-06","numberOfEmployees":{"@type":"QuantitativeValue","minValue":"11","maxValue":"50"}},{"@type":"Person","@id":"https:\/\/www.webdo.tn\/fr\/#\/schema\/person\/b9ecde7a5574cb4fcf4b496ea5fadb15","name":"Wided Belhaj","image":{"@type":"ImageObject","inLanguage":"fr-FR","@id":"https:\/\/www.webdo.tn\/fr\/wp-content\/uploads\/2026\/04\/wided-belhaj_avatar-96x96.jpg","url":"https:\/\/www.webdo.tn\/fr\/wp-content\/uploads\/2026\/04\/wided-belhaj_avatar-96x96.jpg","contentUrl":"https:\/\/www.webdo.tn\/fr\/wp-content\/uploads\/2026\/04\/wided-belhaj_avatar-96x96.jpg","caption":"Wided Belhaj"},"description":"Wided Belhaj est le pseudonyme \u00e9ditorial utilis\u00e9 par Khalil Jelassi, journaliste, ma\u00eetre-assistant \u00e0 l\u2019Institut de presse et des sciences de l\u2019information (IPSI) et chercheur en sciences de l\u2019information et de la communication. Cette signature est d\u00e9di\u00e9e \u00e0 l\u2019analyse des m\u00e9dias, des pratiques journalistiques et des mutations de l\u2019information \u00e0 l\u2019\u00e8re digitale. \u00c0 travers ses contributions, Wided Belhaj propose une lecture analytique de l\u2019actualit\u00e9, en croisant regard critique et expertise acad\u00e9mique.","knowsAbout":["m\u00e9dias","journalisme","communication","information","transformation num\u00e9rique","analyse des m\u00e9dias"],"knowsLanguage":["Fran\u00e7ais","Arabe"],"jobTitle":"Webdo.tn","worksFor":"Journaliste \u2013 Analyse des m\u00e9dias","url":"https:\/\/www.webdo.tn\/fr\/actualite\/author\/wided-belhaj\/"}]}},"_links":{"self":[{"href":"https:\/\/www.webdo.tn\/fr\/wp-json\/wp\/v2\/posts\/376898","targetHints":{"allow":["GET"]}}],"collection":[{"href":"https:\/\/www.webdo.tn\/fr\/wp-json\/wp\/v2\/posts"}],"about":[{"href":"https:\/\/www.webdo.tn\/fr\/wp-json\/wp\/v2\/types\/post"}],"author":[{"embeddable":true,"href":"https:\/\/www.webdo.tn\/fr\/wp-json\/wp\/v2\/users\/3184"}],"replies":[{"embeddable":true,"href":"https:\/\/www.webdo.tn\/fr\/wp-json\/wp\/v2\/comments?post=376898"}],"version-history":[{"count":0,"href":"https:\/\/www.webdo.tn\/fr\/wp-json\/wp\/v2\/posts\/376898\/revisions"}],"wp:featuredmedia":[{"embeddable":true,"href":"https:\/\/www.webdo.tn\/fr\/wp-json\/wp\/v2\/media\/376900"}],"wp:attachment":[{"href":"https:\/\/www.webdo.tn\/fr\/wp-json\/wp\/v2\/media?parent=376898"}],"wp:term":[{"taxonomy":"category","embeddable":true,"href":"https:\/\/www.webdo.tn\/fr\/wp-json\/wp\/v2\/categories?post=376898"},{"taxonomy":"post_tag","embeddable":true,"href":"https:\/\/www.webdo.tn\/fr\/wp-json\/wp\/v2\/tags?post=376898"}],"curies":[{"name":"wp","href":"https:\/\/api.w.org\/{rel}","templated":true}]}}