{"id":376894,"date":"2025-06-08T10:13:44","date_gmt":"2025-06-08T10:13:44","guid":{"rendered":"https:\/\/www.webdo.tn\/fr\/?p=376894"},"modified":"2025-06-09T08:03:01","modified_gmt":"2025-06-09T08:03:01","slug":"trump-vs-musk-un-duel-de-titans-qui-secoue-la-scene-politique-et-technologique","status":"publish","type":"post","link":"https:\/\/www.webdo.tn\/fr\/actualite\/international\/trump-vs-musk-un-duel-de-titans-qui-secoue-la-scene-politique-et-technologique\/376894\/","title":{"rendered":"Trump vs Musk : Un duel de titans qui secoue la sc\u00e8ne politique et technologique"},"content":{"rendered":"\n<p><\/p>\n\n\n\n<p><strong>Rien ne va plus entre Donald Trump et Elon Musk. Ce qui semblait \u00eatre un simple d\u00e9saccord politique autour d\u2019un projet de loi a vite d\u00e9g\u00e9n\u00e9r\u00e9 en attaque frontale entre l\u2019ancien pr\u00e9sident am\u00e9ricain et l\u2019entrepreneur influent. En jeu : l\u2019avenir de la relation entre pouvoir politique et pouvoir technologique.<\/strong><\/p>\n\n\n\n<p>Le feuilleton politique et technologique de ce d\u00e9but juin 2025 a pour protagonistes deux g\u00e9ants de l\u2019influence : Donald Trump, pr\u00e9sident am\u00e9ricain, et Elon Musk, patron de Tesla, SpaceX et du r\u00e9seau social X. L\u2019\u00e9tincelle ? Une critique virulente de Musk contre un projet de loi d\u00e9fendu par Trump. S\u2019en est suivie une escalade verbale, aux allures de r\u00e8glement de comptes entre deux \u00e9gos surdimensionn\u00e9s. Si le clash fait les gros titres, ses implications pourraient d\u00e9passer le simple buzz.<\/p>\n\n\n\n<p><strong>1. Le point de d\u00e9part : une loi contest\u00e9e par Musk<\/strong><\/p>\n\n\n\n<p>Tout commence lorsque le Congr\u00e8s am\u00e9ricain d\u00e9bat du \u00ab One Big Beautiful Bill Act \u00bb, un projet de loi soutenu par Trump visant \u00e0 r\u00e9organiser plusieurs aides f\u00e9d\u00e9rales, notamment celles li\u00e9es aux v\u00e9hicules \u00e9lectriques. Elon Musk, dont Tesla b\u00e9n\u00e9ficie largement de ces aides, ne m\u00e2che pas ses mots : il qualifie le texte d\u2019\u00ab abomination d\u00e9go\u00fbtante \u00bb. Trump, piqu\u00e9 au vif, r\u00e9plique aussit\u00f4t, qualifiant Musk d\u2019\u00ab ingrat \u00bb et insinuant qu\u2019il devrait \u00ab se souvenir qui l\u2019a aid\u00e9 \u00e0 obtenir ses premiers contrats f\u00e9d\u00e9raux \u00bb.<\/p>\n\n\n\n<p><strong>2. Une escalade rapide : menaces, insultes et allusions douteuses<\/strong><\/p>\n\n\n\n<p>La situation d\u00e9g\u00e9n\u00e8re rapidement. Trump traite Musk de \u00ab fou \u00bb et menace d\u2019interdire la plateforme X pour des raisons de \u00ab s\u00e9curit\u00e9 nationale \u00bb. Il \u00e9voque aussi la possibilit\u00e9 de suspendre les contrats f\u00e9d\u00e9raux attribu\u00e9s \u00e0 Tesla et SpaceX. De son c\u00f4t\u00e9, Musk publie (puis supprime) plusieurs tweets o\u00f9 il accuse Trump d\u2019\u00eatre li\u00e9 \u00e0 Jeffrey Epstein, une allusion incendiaire. Les attaques ne sont plus seulement politiques : elles deviennent personnelles.<\/p>\n\n\n\n<p><strong>3. Des cons\u00e9quences financi\u00e8res bien r\u00e9elles<\/strong><\/p>\n\n\n\n<p>En bourse, Tesla perd 14 % en quelques jours, soit une baisse de plus de 150 milliards de dollars de capitalisation. Elon Musk voit sa fortune personnelle chuter de 34 milliards. Bien que les analystes estiment que l\u2019impact sur les projets technologiques comme le robotaxi reste limit\u00e9, la guerre m\u00e9diatique fait tanguer l\u2019image publique de ses entreprises. L\u2019incertitude autour des contrats f\u00e9d\u00e9raux, notamment dans l\u2019espace et la d\u00e9fense, inqui\u00e8te les march\u00e9s.<\/p>\n\n\n\n<p><strong>4. L\u2019entr\u00e9e en sc\u00e8ne de JD Vance : un tiers dans le chaos<\/strong><\/p>\n\n\n\n<p>Face \u00e0 l\u2019intensit\u00e9 du conflit, une voix r\u00e9publicaine \u00e9merge : celle du s\u00e9nateur JD Vance. Fid\u00e8le \u00e0 Trump mais proche de la Silicon Valley, il tente de temporiser. Il critique publiquement Elon Musk, jugeant que \u00ab s\u2019attaquer \u00e0 Trump est une \u00e9norme erreur strat\u00e9gique \u00bb. Certains observateurs voient en Vance une figure montante, capable de capitaliser sur le chaos pour s\u2019imposer comme le nouveau visage de la droite technophile en 2028.<\/p>\n\n\n\n<p><strong>5. Une bataille d\u2019influence amplifi\u00e9e par les r\u00e9seaux sociaux<\/strong><\/p>\n\n\n\n<p>Ce duel se joue autant sur le terrain politique que sur celui des algorithmes. X et Truth Social deviennent des champs de bataille num\u00e9riques o\u00f9 se multiplient hashtags, montages et accusations. Musk et Trump mobilisent chacun leur arm\u00e9e num\u00e9rique. Leurs affrontements nourrissent les tendances mondiales, brouillant encore davantage la fronti\u00e8re entre discours politique et spectacle m\u00e9diatique.<\/p>\n","protected":false},"excerpt":{"rendered":"<p>Rien ne va plus entre Donald Trump et Elon Musk. Ce qui semblait \u00eatre un simple d\u00e9saccord politique autour d\u2019un projet de loi a vite d\u00e9g\u00e9n\u00e9r\u00e9 en attaque frontale entre l\u2019ancien pr\u00e9sident am\u00e9ricain et l\u2019entrepreneur influent. En jeu : l\u2019avenir de la relation entre pouvoir politique et pouvoir technologique. Le feuilleton politique et technologique de [&hellip;]<\/p>\n","protected":false},"author":3184,"featured_media":376896,"comment_status":"open","ping_status":"open","sticky":false,"template":"","format":"standard","meta":{"footnotes":""},"categories":[2598],"tags":[],"class_list":["post-376894","post","type-post","status-publish","format-standard","has-post-thumbnail","hentry","category-international"],"yoast_head":"<!-- This site is optimized with the Yoast SEO Premium plugin v27.5 (Yoast SEO v27.5) - https:\/\/yoast.com\/product\/yoast-seo-premium-wordpress\/ -->\n<title>Trump vs Musk : Un duel de titans qui secoue la sc\u00e8ne politique et technologique - webdo<\/title>\n<link rel=\"canonical\" href=\"https:\/\/www.webdo.tn\/fr\/actualite\/international\/trump-vs-musk-un-duel-de-titans-qui-secoue-la-scene-politique-et-technologique\/376894\/\" \/>\n<meta property=\"og:locale\" content=\"fr_FR\" \/>\n<meta property=\"og:type\" content=\"article\" \/>\n<meta property=\"og:title\" content=\"Trump vs Musk : Un duel de titans qui secoue la sc\u00e8ne politique et technologique\" \/>\n<meta property=\"og:description\" content=\"Rien ne va plus entre Donald Trump et Elon Musk. Ce qui semblait \u00eatre un simple d\u00e9saccord politique autour d\u2019un projet de loi a vite d\u00e9g\u00e9n\u00e9r\u00e9 en attaque frontale entre l\u2019ancien pr\u00e9sident am\u00e9ricain et l\u2019entrepreneur influent. En jeu : l\u2019avenir de la relation entre pouvoir politique et pouvoir technologique. Le feuilleton politique et technologique de [&hellip;]\" \/>\n<meta property=\"og:url\" content=\"https:\/\/www.webdo.tn\/fr\/actualite\/international\/trump-vs-musk-un-duel-de-titans-qui-secoue-la-scene-politique-et-technologique\/376894\/\" \/>\n<meta property=\"og:site_name\" content=\"webdo\" \/>\n<meta property=\"article:publisher\" content=\"https:\/\/www.facebook.com\/webdotn\" \/>\n<meta property=\"article:published_time\" content=\"2025-06-08T10:13:44+00:00\" \/>\n<meta property=\"article:modified_time\" content=\"2025-06-09T08:03:01+00:00\" \/>\n<meta property=\"og:image\" content=\"https:\/\/www.webdo.tn\/fr\/wp-content\/uploads\/2025\/06\/fil-afp_49h47fh.jpeg\" \/>\n\t<meta property=\"og:image:width\" content=\"376\" \/>\n\t<meta property=\"og:image:height\" content=\"250\" \/>\n\t<meta property=\"og:image:type\" content=\"image\/jpeg\" \/>\n<meta name=\"author\" content=\"Wided Belhaj\" \/>\n<meta name=\"twitter:card\" content=\"summary_large_image\" \/>\n<meta name=\"twitter:creator\" content=\"@webdo_tn\" \/>\n<meta name=\"twitter:site\" content=\"@webdo_tn\" \/>\n<meta name=\"twitter:label1\" content=\"\u00c9crit par\" \/>\n\t<meta name=\"twitter:data1\" content=\"Wided Belhaj\" \/>\n\t<meta name=\"twitter:label2\" content=\"Dur\u00e9e de lecture estim\u00e9e\" \/>\n\t<meta name=\"twitter:data2\" content=\"3 minutes\" \/>\n<script type=\"application\/ld+json\" class=\"yoast-schema-graph\">{\"@context\":\"https:\\\/\\\/schema.org\",\"@graph\":[{\"@type\":\"NewsArticle\",\"@id\":\"https:\\\/\\\/www.webdo.tn\\\/fr\\\/actualite\\\/international\\\/trump-vs-musk-un-duel-de-titans-qui-secoue-la-scene-politique-et-technologique\\\/376894\\\/#article\",\"isPartOf\":{\"@id\":\"https:\\\/\\\/www.webdo.tn\\\/fr\\\/actualite\\\/international\\\/trump-vs-musk-un-duel-de-titans-qui-secoue-la-scene-politique-et-technologique\\\/376894\\\/\"},\"author\":{\"name\":\"Wided Belhaj\",\"@id\":\"https:\\\/\\\/www.webdo.tn\\\/fr\\\/#\\\/schema\\\/person\\\/b9ecde7a5574cb4fcf4b496ea5fadb15\"},\"headline\":\"Trump vs Musk : Un duel de titans qui secoue la sc\u00e8ne politique et technologique\",\"datePublished\":\"2025-06-08T10:13:44+00:00\",\"dateModified\":\"2025-06-09T08:03:01+00:00\",\"mainEntityOfPage\":{\"@id\":\"https:\\\/\\\/www.webdo.tn\\\/fr\\\/actualite\\\/international\\\/trump-vs-musk-un-duel-de-titans-qui-secoue-la-scene-politique-et-technologique\\\/376894\\\/\"},\"wordCount\":592,\"commentCount\":0,\"publisher\":{\"@id\":\"https:\\\/\\\/www.webdo.tn\\\/fr\\\/#organization\"},\"image\":{\"@id\":\"https:\\\/\\\/www.webdo.tn\\\/fr\\\/actualite\\\/international\\\/trump-vs-musk-un-duel-de-titans-qui-secoue-la-scene-politique-et-technologique\\\/376894\\\/#primaryimage\"},\"thumbnailUrl\":\"https:\\\/\\\/www.webdo.tn\\\/fr\\\/wp-content\\\/uploads\\\/2025\\\/06\\\/fil-afp_49h47fh.jpeg\",\"articleSection\":[\"International\"],\"inLanguage\":\"fr-FR\"},{\"@type\":\"WebPage\",\"@id\":\"https:\\\/\\\/www.webdo.tn\\\/fr\\\/actualite\\\/international\\\/trump-vs-musk-un-duel-de-titans-qui-secoue-la-scene-politique-et-technologique\\\/376894\\\/\",\"url\":\"https:\\\/\\\/www.webdo.tn\\\/fr\\\/actualite\\\/international\\\/trump-vs-musk-un-duel-de-titans-qui-secoue-la-scene-politique-et-technologique\\\/376894\\\/\",\"name\":\"Trump vs Musk : Un duel de titans qui secoue la sc\u00e8ne politique et technologique - webdo\",\"isPartOf\":{\"@id\":\"https:\\\/\\\/www.webdo.tn\\\/fr\\\/#website\"},\"primaryImageOfPage\":{\"@id\":\"https:\\\/\\\/www.webdo.tn\\\/fr\\\/actualite\\\/international\\\/trump-vs-musk-un-duel-de-titans-qui-secoue-la-scene-politique-et-technologique\\\/376894\\\/#primaryimage\"},\"image\":{\"@id\":\"https:\\\/\\\/www.webdo.tn\\\/fr\\\/actualite\\\/international\\\/trump-vs-musk-un-duel-de-titans-qui-secoue-la-scene-politique-et-technologique\\\/376894\\\/#primaryimage\"},\"thumbnailUrl\":\"https:\\\/\\\/www.webdo.tn\\\/fr\\\/wp-content\\\/uploads\\\/2025\\\/06\\\/fil-afp_49h47fh.jpeg\",\"datePublished\":\"2025-06-08T10:13:44+00:00\",\"dateModified\":\"2025-06-09T08:03:01+00:00\",\"breadcrumb\":{\"@id\":\"https:\\\/\\\/www.webdo.tn\\\/fr\\\/actualite\\\/international\\\/trump-vs-musk-un-duel-de-titans-qui-secoue-la-scene-politique-et-technologique\\\/376894\\\/#breadcrumb\"},\"inLanguage\":\"fr-FR\",\"potentialAction\":[{\"@type\":\"ReadAction\",\"target\":[\"https:\\\/\\\/www.webdo.tn\\\/fr\\\/actualite\\\/international\\\/trump-vs-musk-un-duel-de-titans-qui-secoue-la-scene-politique-et-technologique\\\/376894\\\/\"]}]},{\"@type\":\"ImageObject\",\"inLanguage\":\"fr-FR\",\"@id\":\"https:\\\/\\\/www.webdo.tn\\\/fr\\\/actualite\\\/international\\\/trump-vs-musk-un-duel-de-titans-qui-secoue-la-scene-politique-et-technologique\\\/376894\\\/#primaryimage\",\"url\":\"https:\\\/\\\/www.webdo.tn\\\/fr\\\/wp-content\\\/uploads\\\/2025\\\/06\\\/fil-afp_49h47fh.jpeg\",\"contentUrl\":\"https:\\\/\\\/www.webdo.tn\\\/fr\\\/wp-content\\\/uploads\\\/2025\\\/06\\\/fil-afp_49h47fh.jpeg\",\"width\":376,\"height\":250},{\"@type\":\"BreadcrumbList\",\"@id\":\"https:\\\/\\\/www.webdo.tn\\\/fr\\\/actualite\\\/international\\\/trump-vs-musk-un-duel-de-titans-qui-secoue-la-scene-politique-et-technologique\\\/376894\\\/#breadcrumb\",\"itemListElement\":[{\"@type\":\"ListItem\",\"position\":1,\"name\":\"Accueil\",\"item\":\"https:\\\/\\\/www.webdo.tn\\\/fr\\\/\"},{\"@type\":\"ListItem\",\"position\":2,\"name\":\"Trump vs Musk : Un duel de titans qui secoue la sc\u00e8ne politique et technologique\"}]},{\"@type\":\"WebSite\",\"@id\":\"https:\\\/\\\/www.webdo.tn\\\/fr\\\/#website\",\"url\":\"https:\\\/\\\/www.webdo.tn\\\/fr\\\/\",\"name\":\"webdo\",\"description\":\"Tunisie - News en Tunisie et \u00e0 l&#039;international sur Webdo.tn\",\"publisher\":{\"@id\":\"https:\\\/\\\/www.webdo.tn\\\/fr\\\/#organization\"},\"potentialAction\":[{\"@type\":\"SearchAction\",\"target\":{\"@type\":\"EntryPoint\",\"urlTemplate\":\"https:\\\/\\\/www.webdo.tn\\\/fr\\\/?s={search_term_string}\"},\"query-input\":{\"@type\":\"PropertyValueSpecification\",\"valueRequired\":true,\"valueName\":\"search_term_string\"}}],\"inLanguage\":\"fr-FR\"},{\"@type\":\"Organization\",\"@id\":\"https:\\\/\\\/www.webdo.tn\\\/fr\\\/#organization\",\"name\":\"Webdo\",\"alternateName\":\"Webdo.tn\",\"url\":\"https:\\\/\\\/www.webdo.tn\\\/fr\\\/\",\"logo\":{\"@type\":\"ImageObject\",\"inLanguage\":\"fr-FR\",\"@id\":\"https:\\\/\\\/www.webdo.tn\\\/fr\\\/#\\\/schema\\\/logo\\\/image\\\/\",\"url\":\"https:\\\/\\\/www.webdo.tn\\\/fr\\\/wp-content\\\/uploads\\\/2025\\\/06\\\/Webdo-Tunisie_168377.jpg\",\"contentUrl\":\"https:\\\/\\\/www.webdo.tn\\\/fr\\\/wp-content\\\/uploads\\\/2025\\\/06\\\/Webdo-Tunisie_168377.jpg\",\"width\":301,\"height\":301,\"caption\":\"Webdo\"},\"image\":{\"@id\":\"https:\\\/\\\/www.webdo.tn\\\/fr\\\/#\\\/schema\\\/logo\\\/image\\\/\"},\"sameAs\":[\"https:\\\/\\\/www.facebook.com\\\/webdotn\",\"https:\\\/\\\/x.com\\\/webdo_tn\"],\"description\":\"Webdo est un m\u00e9dia num\u00e9rique tunisien fond\u00e9 en 2010, sp\u00e9cialis\u00e9 dans l\u2019actualit\u00e9 nationale et internationale, l\u2019\u00e9conomie, la soci\u00e9t\u00e9 et les analyses politiques. Le site s\u2019adresse \u00e0 un large public francophone et couvre l\u2019information tunisienne en temps r\u00e9el.\",\"email\":\"redac@webdo.tn\",\"legalName\":\"YNJ SARL\",\"foundingDate\":\"2010-09-06\",\"numberOfEmployees\":{\"@type\":\"QuantitativeValue\",\"minValue\":\"11\",\"maxValue\":\"50\"}},{\"@type\":\"Person\",\"@id\":\"https:\\\/\\\/www.webdo.tn\\\/fr\\\/#\\\/schema\\\/person\\\/b9ecde7a5574cb4fcf4b496ea5fadb15\",\"name\":\"Wided Belhaj\",\"image\":{\"@type\":\"ImageObject\",\"inLanguage\":\"fr-FR\",\"@id\":\"https:\\\/\\\/www.webdo.tn\\\/fr\\\/wp-content\\\/uploads\\\/2026\\\/04\\\/wided-belhaj_avatar-96x96.jpg\",\"url\":\"https:\\\/\\\/www.webdo.tn\\\/fr\\\/wp-content\\\/uploads\\\/2026\\\/04\\\/wided-belhaj_avatar-96x96.jpg\",\"contentUrl\":\"https:\\\/\\\/www.webdo.tn\\\/fr\\\/wp-content\\\/uploads\\\/2026\\\/04\\\/wided-belhaj_avatar-96x96.jpg\",\"caption\":\"Wided Belhaj\"},\"description\":\"Wided Belhaj est le pseudonyme \u00e9ditorial utilis\u00e9 par Khalil Jelassi, journaliste, ma\u00eetre-assistant \u00e0 l\u2019Institut de presse et des sciences de l\u2019information (IPSI) et chercheur en sciences de l\u2019information et de la communication. Cette signature est d\u00e9di\u00e9e \u00e0 l\u2019analyse des m\u00e9dias, des pratiques journalistiques et des mutations de l\u2019information \u00e0 l\u2019\u00e8re digitale. \u00c0 travers ses contributions, Wided Belhaj propose une lecture analytique de l\u2019actualit\u00e9, en croisant regard critique et expertise acad\u00e9mique.\",\"knowsAbout\":[\"m\u00e9dias\",\"journalisme\",\"communication\",\"information\",\"transformation num\u00e9rique\",\"analyse des m\u00e9dias\"],\"knowsLanguage\":[\"Fran\u00e7ais\",\"Arabe\"],\"jobTitle\":\"Webdo.tn\",\"worksFor\":\"Journaliste \u2013 Analyse des m\u00e9dias\",\"url\":\"https:\\\/\\\/www.webdo.tn\\\/fr\\\/actualite\\\/author\\\/wided-belhaj\\\/\"}]}<\/script>\n<!-- \/ Yoast SEO Premium plugin. -->","yoast_head_json":{"title":"Trump vs Musk : Un duel de titans qui secoue la sc\u00e8ne politique et technologique - webdo","canonical":"https:\/\/www.webdo.tn\/fr\/actualite\/international\/trump-vs-musk-un-duel-de-titans-qui-secoue-la-scene-politique-et-technologique\/376894\/","og_locale":"fr_FR","og_type":"article","og_title":"Trump vs Musk : Un duel de titans qui secoue la sc\u00e8ne politique et technologique","og_description":"Rien ne va plus entre Donald Trump et Elon Musk. Ce qui semblait \u00eatre un simple d\u00e9saccord politique autour d\u2019un projet de loi a vite d\u00e9g\u00e9n\u00e9r\u00e9 en attaque frontale entre l\u2019ancien pr\u00e9sident am\u00e9ricain et l\u2019entrepreneur influent. En jeu : l\u2019avenir de la relation entre pouvoir politique et pouvoir technologique. Le feuilleton politique et technologique de [&hellip;]","og_url":"https:\/\/www.webdo.tn\/fr\/actualite\/international\/trump-vs-musk-un-duel-de-titans-qui-secoue-la-scene-politique-et-technologique\/376894\/","og_site_name":"webdo","article_publisher":"https:\/\/www.facebook.com\/webdotn","article_published_time":"2025-06-08T10:13:44+00:00","article_modified_time":"2025-06-09T08:03:01+00:00","og_image":[{"width":376,"height":250,"url":"https:\/\/www.webdo.tn\/fr\/wp-content\/uploads\/2025\/06\/fil-afp_49h47fh.jpeg","type":"image\/jpeg"}],"author":"Wided Belhaj","twitter_card":"summary_large_image","twitter_creator":"@webdo_tn","twitter_site":"@webdo_tn","twitter_misc":{"\u00c9crit par":"Wided Belhaj","Dur\u00e9e de lecture estim\u00e9e":"3 minutes"},"schema":{"@context":"https:\/\/schema.org","@graph":[{"@type":"NewsArticle","@id":"https:\/\/www.webdo.tn\/fr\/actualite\/international\/trump-vs-musk-un-duel-de-titans-qui-secoue-la-scene-politique-et-technologique\/376894\/#article","isPartOf":{"@id":"https:\/\/www.webdo.tn\/fr\/actualite\/international\/trump-vs-musk-un-duel-de-titans-qui-secoue-la-scene-politique-et-technologique\/376894\/"},"author":{"name":"Wided Belhaj","@id":"https:\/\/www.webdo.tn\/fr\/#\/schema\/person\/b9ecde7a5574cb4fcf4b496ea5fadb15"},"headline":"Trump vs Musk : Un duel de titans qui secoue la sc\u00e8ne politique et technologique","datePublished":"2025-06-08T10:13:44+00:00","dateModified":"2025-06-09T08:03:01+00:00","mainEntityOfPage":{"@id":"https:\/\/www.webdo.tn\/fr\/actualite\/international\/trump-vs-musk-un-duel-de-titans-qui-secoue-la-scene-politique-et-technologique\/376894\/"},"wordCount":592,"commentCount":0,"publisher":{"@id":"https:\/\/www.webdo.tn\/fr\/#organization"},"image":{"@id":"https:\/\/www.webdo.tn\/fr\/actualite\/international\/trump-vs-musk-un-duel-de-titans-qui-secoue-la-scene-politique-et-technologique\/376894\/#primaryimage"},"thumbnailUrl":"https:\/\/www.webdo.tn\/fr\/wp-content\/uploads\/2025\/06\/fil-afp_49h47fh.jpeg","articleSection":["International"],"inLanguage":"fr-FR"},{"@type":"WebPage","@id":"https:\/\/www.webdo.tn\/fr\/actualite\/international\/trump-vs-musk-un-duel-de-titans-qui-secoue-la-scene-politique-et-technologique\/376894\/","url":"https:\/\/www.webdo.tn\/fr\/actualite\/international\/trump-vs-musk-un-duel-de-titans-qui-secoue-la-scene-politique-et-technologique\/376894\/","name":"Trump vs Musk : Un duel de titans qui secoue la sc\u00e8ne politique et technologique - webdo","isPartOf":{"@id":"https:\/\/www.webdo.tn\/fr\/#website"},"primaryImageOfPage":{"@id":"https:\/\/www.webdo.tn\/fr\/actualite\/international\/trump-vs-musk-un-duel-de-titans-qui-secoue-la-scene-politique-et-technologique\/376894\/#primaryimage"},"image":{"@id":"https:\/\/www.webdo.tn\/fr\/actualite\/international\/trump-vs-musk-un-duel-de-titans-qui-secoue-la-scene-politique-et-technologique\/376894\/#primaryimage"},"thumbnailUrl":"https:\/\/www.webdo.tn\/fr\/wp-content\/uploads\/2025\/06\/fil-afp_49h47fh.jpeg","datePublished":"2025-06-08T10:13:44+00:00","dateModified":"2025-06-09T08:03:01+00:00","breadcrumb":{"@id":"https:\/\/www.webdo.tn\/fr\/actualite\/international\/trump-vs-musk-un-duel-de-titans-qui-secoue-la-scene-politique-et-technologique\/376894\/#breadcrumb"},"inLanguage":"fr-FR","potentialAction":[{"@type":"ReadAction","target":["https:\/\/www.webdo.tn\/fr\/actualite\/international\/trump-vs-musk-un-duel-de-titans-qui-secoue-la-scene-politique-et-technologique\/376894\/"]}]},{"@type":"ImageObject","inLanguage":"fr-FR","@id":"https:\/\/www.webdo.tn\/fr\/actualite\/international\/trump-vs-musk-un-duel-de-titans-qui-secoue-la-scene-politique-et-technologique\/376894\/#primaryimage","url":"https:\/\/www.webdo.tn\/fr\/wp-content\/uploads\/2025\/06\/fil-afp_49h47fh.jpeg","contentUrl":"https:\/\/www.webdo.tn\/fr\/wp-content\/uploads\/2025\/06\/fil-afp_49h47fh.jpeg","width":376,"height":250},{"@type":"BreadcrumbList","@id":"https:\/\/www.webdo.tn\/fr\/actualite\/international\/trump-vs-musk-un-duel-de-titans-qui-secoue-la-scene-politique-et-technologique\/376894\/#breadcrumb","itemListElement":[{"@type":"ListItem","position":1,"name":"Accueil","item":"https:\/\/www.webdo.tn\/fr\/"},{"@type":"ListItem","position":2,"name":"Trump vs Musk : Un duel de titans qui secoue la sc\u00e8ne politique et technologique"}]},{"@type":"WebSite","@id":"https:\/\/www.webdo.tn\/fr\/#website","url":"https:\/\/www.webdo.tn\/fr\/","name":"webdo","description":"Tunisie - News en Tunisie et \u00e0 l&#039;international sur Webdo.tn","publisher":{"@id":"https:\/\/www.webdo.tn\/fr\/#organization"},"potentialAction":[{"@type":"SearchAction","target":{"@type":"EntryPoint","urlTemplate":"https:\/\/www.webdo.tn\/fr\/?s={search_term_string}"},"query-input":{"@type":"PropertyValueSpecification","valueRequired":true,"valueName":"search_term_string"}}],"inLanguage":"fr-FR"},{"@type":"Organization","@id":"https:\/\/www.webdo.tn\/fr\/#organization","name":"Webdo","alternateName":"Webdo.tn","url":"https:\/\/www.webdo.tn\/fr\/","logo":{"@type":"ImageObject","inLanguage":"fr-FR","@id":"https:\/\/www.webdo.tn\/fr\/#\/schema\/logo\/image\/","url":"https:\/\/www.webdo.tn\/fr\/wp-content\/uploads\/2025\/06\/Webdo-Tunisie_168377.jpg","contentUrl":"https:\/\/www.webdo.tn\/fr\/wp-content\/uploads\/2025\/06\/Webdo-Tunisie_168377.jpg","width":301,"height":301,"caption":"Webdo"},"image":{"@id":"https:\/\/www.webdo.tn\/fr\/#\/schema\/logo\/image\/"},"sameAs":["https:\/\/www.facebook.com\/webdotn","https:\/\/x.com\/webdo_tn"],"description":"Webdo est un m\u00e9dia num\u00e9rique tunisien fond\u00e9 en 2010, sp\u00e9cialis\u00e9 dans l\u2019actualit\u00e9 nationale et internationale, l\u2019\u00e9conomie, la soci\u00e9t\u00e9 et les analyses politiques. Le site s\u2019adresse \u00e0 un large public francophone et couvre l\u2019information tunisienne en temps r\u00e9el.","email":"redac@webdo.tn","legalName":"YNJ SARL","foundingDate":"2010-09-06","numberOfEmployees":{"@type":"QuantitativeValue","minValue":"11","maxValue":"50"}},{"@type":"Person","@id":"https:\/\/www.webdo.tn\/fr\/#\/schema\/person\/b9ecde7a5574cb4fcf4b496ea5fadb15","name":"Wided Belhaj","image":{"@type":"ImageObject","inLanguage":"fr-FR","@id":"https:\/\/www.webdo.tn\/fr\/wp-content\/uploads\/2026\/04\/wided-belhaj_avatar-96x96.jpg","url":"https:\/\/www.webdo.tn\/fr\/wp-content\/uploads\/2026\/04\/wided-belhaj_avatar-96x96.jpg","contentUrl":"https:\/\/www.webdo.tn\/fr\/wp-content\/uploads\/2026\/04\/wided-belhaj_avatar-96x96.jpg","caption":"Wided Belhaj"},"description":"Wided Belhaj est le pseudonyme \u00e9ditorial utilis\u00e9 par Khalil Jelassi, journaliste, ma\u00eetre-assistant \u00e0 l\u2019Institut de presse et des sciences de l\u2019information (IPSI) et chercheur en sciences de l\u2019information et de la communication. Cette signature est d\u00e9di\u00e9e \u00e0 l\u2019analyse des m\u00e9dias, des pratiques journalistiques et des mutations de l\u2019information \u00e0 l\u2019\u00e8re digitale. \u00c0 travers ses contributions, Wided Belhaj propose une lecture analytique de l\u2019actualit\u00e9, en croisant regard critique et expertise acad\u00e9mique.","knowsAbout":["m\u00e9dias","journalisme","communication","information","transformation num\u00e9rique","analyse des m\u00e9dias"],"knowsLanguage":["Fran\u00e7ais","Arabe"],"jobTitle":"Webdo.tn","worksFor":"Journaliste \u2013 Analyse des m\u00e9dias","url":"https:\/\/www.webdo.tn\/fr\/actualite\/author\/wided-belhaj\/"}]}},"_links":{"self":[{"href":"https:\/\/www.webdo.tn\/fr\/wp-json\/wp\/v2\/posts\/376894","targetHints":{"allow":["GET"]}}],"collection":[{"href":"https:\/\/www.webdo.tn\/fr\/wp-json\/wp\/v2\/posts"}],"about":[{"href":"https:\/\/www.webdo.tn\/fr\/wp-json\/wp\/v2\/types\/post"}],"author":[{"embeddable":true,"href":"https:\/\/www.webdo.tn\/fr\/wp-json\/wp\/v2\/users\/3184"}],"replies":[{"embeddable":true,"href":"https:\/\/www.webdo.tn\/fr\/wp-json\/wp\/v2\/comments?post=376894"}],"version-history":[{"count":0,"href":"https:\/\/www.webdo.tn\/fr\/wp-json\/wp\/v2\/posts\/376894\/revisions"}],"wp:featuredmedia":[{"embeddable":true,"href":"https:\/\/www.webdo.tn\/fr\/wp-json\/wp\/v2\/media\/376896"}],"wp:attachment":[{"href":"https:\/\/www.webdo.tn\/fr\/wp-json\/wp\/v2\/media?parent=376894"}],"wp:term":[{"taxonomy":"category","embeddable":true,"href":"https:\/\/www.webdo.tn\/fr\/wp-json\/wp\/v2\/categories?post=376894"},{"taxonomy":"post_tag","embeddable":true,"href":"https:\/\/www.webdo.tn\/fr\/wp-json\/wp\/v2\/tags?post=376894"}],"curies":[{"name":"wp","href":"https:\/\/api.w.org\/{rel}","templated":true}]}}