{"id":376885,"date":"2025-06-08T09:55:41","date_gmt":"2025-06-08T09:55:41","guid":{"rendered":"https:\/\/www.webdo.tn\/fr\/?p=376885"},"modified":"2025-06-09T09:53:42","modified_gmt":"2025-06-09T09:53:42","slug":"de-tunis-a-gaza-la-caravane-humanitaire-part-demain","status":"publish","type":"post","link":"https:\/\/www.webdo.tn\/fr\/actualite\/national\/de-tunis-a-gaza-la-caravane-humanitaire-part-demain\/376885\/","title":{"rendered":"De Tunis \u00e0 Gaza, la caravane humanitaire part demain"},"content":{"rendered":"\n<p><strong>Wael Nouar, membre de la Coordination de l\u2019action commune pour la Palestine, a d\u00e9clar\u00e9 \u00e0 la Radio nationale que la caravane intitul\u00e9e <em>\u00ab R\u00e9sistance pour briser le blocus de Gaza \u00bb<\/em> partira de Tunis (avenue Mohamed V) demain lundi 9 juin 2025. Elle passera par Sousse, Sfax, Gab\u00e8s, M\u00e9denine, Ben Guerdane, jusqu\u2019\u00e0 Ras Jedir.<\/strong><\/p>\n\n\n\n<p>Il a soulign\u00e9 que cette initiative vise \u00e0 briser le blocus impos\u00e9 au peuple palestinien enferm\u00e9 dans la bande de Gaza, o\u00f9 les habitants vivent dans des conditions extr\u00eames de famine, de soif et de manque cruel de m\u00e9dicaments et de produits alimentaires essentiels. Le r\u00e9gime sioniste emp\u00eache d\u00e9lib\u00e9r\u00e9ment l\u2019entr\u00e9e de toute marchandise de premi\u00e8re n\u00e9cessit\u00e9 dans le territoire.<\/p>\n\n\n\n<p>Jusqu\u2019\u00e0 pr\u00e9sent, la participation de <strong>1 700 Tunisiens<\/strong> \u00e0 cette caravane a \u00e9t\u00e9 confirm\u00e9e, a-t-il ajout\u00e9. Par ailleurs, un <strong>d\u00e9l\u00e9gation alg\u00e9rienne compos\u00e9e de plus de 300 personnes<\/strong> prendra \u00e9galement part \u00e0 cette initiative de solidarit\u00e9.<\/p>\n\n\n\n<p>Les participants de la caravane se rendront au poste-fronti\u00e8re de Ras Jedir, \u00e0 la fronti\u00e8re tuniso-libyenne, avant de poursuivre leur route le long du littoral libyen jusqu\u2019au Caire, puis en direction du poste de Rafah \u00e0 la fronti\u00e8re \u00e9gypto-palestinienne. Ils y remettront des messages de solidarit\u00e9 ainsi que des aides aux habitants de Gaza.<\/p>\n\n\n\n<p>Le d\u00e9part initialement pr\u00e9vu pour le 14 juin a \u00e9t\u00e9 avanc\u00e9 au <strong>9 juin 2025<\/strong>, afin de co\u00efncider avec l\u2019arriv\u00e9e de d\u00e9l\u00e9gations internationales \u00e0 Rafah, selon un calendrier coordonn\u00e9.<\/p>\n\n\n\n<p><\/p>\n","protected":false},"excerpt":{"rendered":"<p>Wael Nouar, membre de la Coordination de l\u2019action commune pour la Palestine, a d\u00e9clar\u00e9 \u00e0 la Radio nationale que la caravane intitul\u00e9e \u00ab R\u00e9sistance pour briser le blocus de Gaza \u00bb partira de Tunis (avenue Mohamed V) demain lundi 9 juin 2025. Elle passera par Sousse, Sfax, Gab\u00e8s, M\u00e9denine, Ben Guerdane, jusqu\u2019\u00e0 Ras Jedir. Il [&hellip;]<\/p>\n","protected":false},"author":3184,"featured_media":376859,"comment_status":"open","ping_status":"open","sticky":false,"template":"","format":"standard","meta":{"footnotes":""},"categories":[44],"tags":[],"class_list":["post-376885","post","type-post","status-publish","format-standard","has-post-thumbnail","hentry","category-national"],"yoast_head":"<!-- This site is optimized with the Yoast SEO Premium plugin v27.5 (Yoast SEO v27.5) - https:\/\/yoast.com\/product\/yoast-seo-premium-wordpress\/ -->\n<title>De Tunis \u00e0 Gaza, la caravane humanitaire part demain - webdo<\/title>\n<link rel=\"canonical\" href=\"https:\/\/www.webdo.tn\/fr\/actualite\/national\/de-tunis-a-gaza-la-caravane-humanitaire-part-demain\/376885\/\" \/>\n<meta property=\"og:locale\" content=\"fr_FR\" \/>\n<meta property=\"og:type\" content=\"article\" \/>\n<meta property=\"og:title\" content=\"De Tunis \u00e0 Gaza, la caravane humanitaire part demain\" \/>\n<meta property=\"og:description\" content=\"Wael Nouar, membre de la Coordination de l\u2019action commune pour la Palestine, a d\u00e9clar\u00e9 \u00e0 la Radio nationale que la caravane intitul\u00e9e \u00ab R\u00e9sistance pour briser le blocus de Gaza \u00bb partira de Tunis (avenue Mohamed V) demain lundi 9 juin 2025. Elle passera par Sousse, Sfax, Gab\u00e8s, M\u00e9denine, Ben Guerdane, jusqu\u2019\u00e0 Ras Jedir. Il [&hellip;]\" \/>\n<meta property=\"og:url\" content=\"https:\/\/www.webdo.tn\/fr\/actualite\/national\/de-tunis-a-gaza-la-caravane-humanitaire-part-demain\/376885\/\" \/>\n<meta property=\"og:site_name\" content=\"webdo\" \/>\n<meta property=\"article:publisher\" content=\"https:\/\/www.facebook.com\/webdotn\" \/>\n<meta property=\"article:published_time\" content=\"2025-06-08T09:55:41+00:00\" \/>\n<meta property=\"article:modified_time\" content=\"2025-06-09T09:53:42+00:00\" \/>\n<meta property=\"og:image\" content=\"https:\/\/www.webdo.tn\/fr\/wp-content\/uploads\/2025\/06\/1749322696495-68e94b00a5a0.jpg\" \/>\n\t<meta property=\"og:image:width\" content=\"794\" \/>\n\t<meta property=\"og:image:height\" content=\"438\" \/>\n\t<meta property=\"og:image:type\" content=\"image\/jpeg\" \/>\n<meta name=\"author\" content=\"Wided Belhaj\" \/>\n<meta name=\"twitter:card\" content=\"summary_large_image\" \/>\n<meta name=\"twitter:creator\" content=\"@webdo_tn\" \/>\n<meta name=\"twitter:site\" content=\"@webdo_tn\" \/>\n<meta name=\"twitter:label1\" content=\"\u00c9crit par\" \/>\n\t<meta name=\"twitter:data1\" content=\"Wided Belhaj\" \/>\n\t<meta name=\"twitter:label2\" content=\"Dur\u00e9e de lecture estim\u00e9e\" \/>\n\t<meta name=\"twitter:data2\" content=\"2 minutes\" \/>\n<script type=\"application\/ld+json\" class=\"yoast-schema-graph\">{\"@context\":\"https:\\\/\\\/schema.org\",\"@graph\":[{\"@type\":\"NewsArticle\",\"@id\":\"https:\\\/\\\/www.webdo.tn\\\/fr\\\/actualite\\\/national\\\/de-tunis-a-gaza-la-caravane-humanitaire-part-demain\\\/376885\\\/#article\",\"isPartOf\":{\"@id\":\"https:\\\/\\\/www.webdo.tn\\\/fr\\\/actualite\\\/national\\\/de-tunis-a-gaza-la-caravane-humanitaire-part-demain\\\/376885\\\/\"},\"author\":{\"name\":\"Wided Belhaj\",\"@id\":\"https:\\\/\\\/www.webdo.tn\\\/fr\\\/#\\\/schema\\\/person\\\/b9ecde7a5574cb4fcf4b496ea5fadb15\"},\"headline\":\"De Tunis \u00e0 Gaza, la caravane humanitaire part demain\",\"datePublished\":\"2025-06-08T09:55:41+00:00\",\"dateModified\":\"2025-06-09T09:53:42+00:00\",\"mainEntityOfPage\":{\"@id\":\"https:\\\/\\\/www.webdo.tn\\\/fr\\\/actualite\\\/national\\\/de-tunis-a-gaza-la-caravane-humanitaire-part-demain\\\/376885\\\/\"},\"wordCount\":256,\"commentCount\":0,\"publisher\":{\"@id\":\"https:\\\/\\\/www.webdo.tn\\\/fr\\\/#organization\"},\"image\":{\"@id\":\"https:\\\/\\\/www.webdo.tn\\\/fr\\\/actualite\\\/national\\\/de-tunis-a-gaza-la-caravane-humanitaire-part-demain\\\/376885\\\/#primaryimage\"},\"thumbnailUrl\":\"https:\\\/\\\/www.webdo.tn\\\/fr\\\/wp-content\\\/uploads\\\/2025\\\/06\\\/1749322696495-68e94b00a5a0.jpg\",\"articleSection\":[\"National\"],\"inLanguage\":\"fr-FR\"},{\"@type\":\"WebPage\",\"@id\":\"https:\\\/\\\/www.webdo.tn\\\/fr\\\/actualite\\\/national\\\/de-tunis-a-gaza-la-caravane-humanitaire-part-demain\\\/376885\\\/\",\"url\":\"https:\\\/\\\/www.webdo.tn\\\/fr\\\/actualite\\\/national\\\/de-tunis-a-gaza-la-caravane-humanitaire-part-demain\\\/376885\\\/\",\"name\":\"De Tunis \u00e0 Gaza, la caravane humanitaire part demain - webdo\",\"isPartOf\":{\"@id\":\"https:\\\/\\\/www.webdo.tn\\\/fr\\\/#website\"},\"primaryImageOfPage\":{\"@id\":\"https:\\\/\\\/www.webdo.tn\\\/fr\\\/actualite\\\/national\\\/de-tunis-a-gaza-la-caravane-humanitaire-part-demain\\\/376885\\\/#primaryimage\"},\"image\":{\"@id\":\"https:\\\/\\\/www.webdo.tn\\\/fr\\\/actualite\\\/national\\\/de-tunis-a-gaza-la-caravane-humanitaire-part-demain\\\/376885\\\/#primaryimage\"},\"thumbnailUrl\":\"https:\\\/\\\/www.webdo.tn\\\/fr\\\/wp-content\\\/uploads\\\/2025\\\/06\\\/1749322696495-68e94b00a5a0.jpg\",\"datePublished\":\"2025-06-08T09:55:41+00:00\",\"dateModified\":\"2025-06-09T09:53:42+00:00\",\"breadcrumb\":{\"@id\":\"https:\\\/\\\/www.webdo.tn\\\/fr\\\/actualite\\\/national\\\/de-tunis-a-gaza-la-caravane-humanitaire-part-demain\\\/376885\\\/#breadcrumb\"},\"inLanguage\":\"fr-FR\",\"potentialAction\":[{\"@type\":\"ReadAction\",\"target\":[\"https:\\\/\\\/www.webdo.tn\\\/fr\\\/actualite\\\/national\\\/de-tunis-a-gaza-la-caravane-humanitaire-part-demain\\\/376885\\\/\"]}]},{\"@type\":\"ImageObject\",\"inLanguage\":\"fr-FR\",\"@id\":\"https:\\\/\\\/www.webdo.tn\\\/fr\\\/actualite\\\/national\\\/de-tunis-a-gaza-la-caravane-humanitaire-part-demain\\\/376885\\\/#primaryimage\",\"url\":\"https:\\\/\\\/www.webdo.tn\\\/fr\\\/wp-content\\\/uploads\\\/2025\\\/06\\\/1749322696495-68e94b00a5a0.jpg\",\"contentUrl\":\"https:\\\/\\\/www.webdo.tn\\\/fr\\\/wp-content\\\/uploads\\\/2025\\\/06\\\/1749322696495-68e94b00a5a0.jpg\",\"width\":794,\"height\":438},{\"@type\":\"BreadcrumbList\",\"@id\":\"https:\\\/\\\/www.webdo.tn\\\/fr\\\/actualite\\\/national\\\/de-tunis-a-gaza-la-caravane-humanitaire-part-demain\\\/376885\\\/#breadcrumb\",\"itemListElement\":[{\"@type\":\"ListItem\",\"position\":1,\"name\":\"Accueil\",\"item\":\"https:\\\/\\\/www.webdo.tn\\\/fr\\\/\"},{\"@type\":\"ListItem\",\"position\":2,\"name\":\"De Tunis \u00e0 Gaza, la caravane humanitaire part demain\"}]},{\"@type\":\"WebSite\",\"@id\":\"https:\\\/\\\/www.webdo.tn\\\/fr\\\/#website\",\"url\":\"https:\\\/\\\/www.webdo.tn\\\/fr\\\/\",\"name\":\"webdo\",\"description\":\"Tunisie - News en Tunisie et \u00e0 l&#039;international sur Webdo.tn\",\"publisher\":{\"@id\":\"https:\\\/\\\/www.webdo.tn\\\/fr\\\/#organization\"},\"potentialAction\":[{\"@type\":\"SearchAction\",\"target\":{\"@type\":\"EntryPoint\",\"urlTemplate\":\"https:\\\/\\\/www.webdo.tn\\\/fr\\\/?s={search_term_string}\"},\"query-input\":{\"@type\":\"PropertyValueSpecification\",\"valueRequired\":true,\"valueName\":\"search_term_string\"}}],\"inLanguage\":\"fr-FR\"},{\"@type\":\"Organization\",\"@id\":\"https:\\\/\\\/www.webdo.tn\\\/fr\\\/#organization\",\"name\":\"Webdo\",\"alternateName\":\"Webdo.tn\",\"url\":\"https:\\\/\\\/www.webdo.tn\\\/fr\\\/\",\"logo\":{\"@type\":\"ImageObject\",\"inLanguage\":\"fr-FR\",\"@id\":\"https:\\\/\\\/www.webdo.tn\\\/fr\\\/#\\\/schema\\\/logo\\\/image\\\/\",\"url\":\"https:\\\/\\\/www.webdo.tn\\\/fr\\\/wp-content\\\/uploads\\\/2025\\\/06\\\/Webdo-Tunisie_168377.jpg\",\"contentUrl\":\"https:\\\/\\\/www.webdo.tn\\\/fr\\\/wp-content\\\/uploads\\\/2025\\\/06\\\/Webdo-Tunisie_168377.jpg\",\"width\":301,\"height\":301,\"caption\":\"Webdo\"},\"image\":{\"@id\":\"https:\\\/\\\/www.webdo.tn\\\/fr\\\/#\\\/schema\\\/logo\\\/image\\\/\"},\"sameAs\":[\"https:\\\/\\\/www.facebook.com\\\/webdotn\",\"https:\\\/\\\/x.com\\\/webdo_tn\"],\"description\":\"Webdo est un m\u00e9dia num\u00e9rique tunisien fond\u00e9 en 2010, sp\u00e9cialis\u00e9 dans l\u2019actualit\u00e9 nationale et internationale, l\u2019\u00e9conomie, la soci\u00e9t\u00e9 et les analyses politiques. Le site s\u2019adresse \u00e0 un large public francophone et couvre l\u2019information tunisienne en temps r\u00e9el.\",\"email\":\"redac@webdo.tn\",\"legalName\":\"YNJ SARL\",\"foundingDate\":\"2010-09-06\",\"numberOfEmployees\":{\"@type\":\"QuantitativeValue\",\"minValue\":\"11\",\"maxValue\":\"50\"}},{\"@type\":\"Person\",\"@id\":\"https:\\\/\\\/www.webdo.tn\\\/fr\\\/#\\\/schema\\\/person\\\/b9ecde7a5574cb4fcf4b496ea5fadb15\",\"name\":\"Wided Belhaj\",\"image\":{\"@type\":\"ImageObject\",\"inLanguage\":\"fr-FR\",\"@id\":\"https:\\\/\\\/www.webdo.tn\\\/fr\\\/wp-content\\\/uploads\\\/2026\\\/04\\\/wided-belhaj_avatar-96x96.jpg\",\"url\":\"https:\\\/\\\/www.webdo.tn\\\/fr\\\/wp-content\\\/uploads\\\/2026\\\/04\\\/wided-belhaj_avatar-96x96.jpg\",\"contentUrl\":\"https:\\\/\\\/www.webdo.tn\\\/fr\\\/wp-content\\\/uploads\\\/2026\\\/04\\\/wided-belhaj_avatar-96x96.jpg\",\"caption\":\"Wided Belhaj\"},\"description\":\"Wided Belhaj est le pseudonyme \u00e9ditorial utilis\u00e9 par Khalil Jelassi, journaliste, ma\u00eetre-assistant \u00e0 l\u2019Institut de presse et des sciences de l\u2019information (IPSI) et chercheur en sciences de l\u2019information et de la communication. Cette signature est d\u00e9di\u00e9e \u00e0 l\u2019analyse des m\u00e9dias, des pratiques journalistiques et des mutations de l\u2019information \u00e0 l\u2019\u00e8re digitale. \u00c0 travers ses contributions, Wided Belhaj propose une lecture analytique de l\u2019actualit\u00e9, en croisant regard critique et expertise acad\u00e9mique.\",\"knowsAbout\":[\"m\u00e9dias\",\"journalisme\",\"communication\",\"information\",\"transformation num\u00e9rique\",\"analyse des m\u00e9dias\"],\"knowsLanguage\":[\"Fran\u00e7ais\",\"Arabe\"],\"jobTitle\":\"Webdo.tn\",\"worksFor\":\"Journaliste \u2013 Analyse des m\u00e9dias\",\"url\":\"https:\\\/\\\/www.webdo.tn\\\/fr\\\/actualite\\\/author\\\/wided-belhaj\\\/\"}]}<\/script>\n<!-- \/ Yoast SEO Premium plugin. -->","yoast_head_json":{"title":"De Tunis \u00e0 Gaza, la caravane humanitaire part demain - webdo","canonical":"https:\/\/www.webdo.tn\/fr\/actualite\/national\/de-tunis-a-gaza-la-caravane-humanitaire-part-demain\/376885\/","og_locale":"fr_FR","og_type":"article","og_title":"De Tunis \u00e0 Gaza, la caravane humanitaire part demain","og_description":"Wael Nouar, membre de la Coordination de l\u2019action commune pour la Palestine, a d\u00e9clar\u00e9 \u00e0 la Radio nationale que la caravane intitul\u00e9e \u00ab R\u00e9sistance pour briser le blocus de Gaza \u00bb partira de Tunis (avenue Mohamed V) demain lundi 9 juin 2025. Elle passera par Sousse, Sfax, Gab\u00e8s, M\u00e9denine, Ben Guerdane, jusqu\u2019\u00e0 Ras Jedir. Il [&hellip;]","og_url":"https:\/\/www.webdo.tn\/fr\/actualite\/national\/de-tunis-a-gaza-la-caravane-humanitaire-part-demain\/376885\/","og_site_name":"webdo","article_publisher":"https:\/\/www.facebook.com\/webdotn","article_published_time":"2025-06-08T09:55:41+00:00","article_modified_time":"2025-06-09T09:53:42+00:00","og_image":[{"width":794,"height":438,"url":"https:\/\/www.webdo.tn\/fr\/wp-content\/uploads\/2025\/06\/1749322696495-68e94b00a5a0.jpg","type":"image\/jpeg"}],"author":"Wided Belhaj","twitter_card":"summary_large_image","twitter_creator":"@webdo_tn","twitter_site":"@webdo_tn","twitter_misc":{"\u00c9crit par":"Wided Belhaj","Dur\u00e9e de lecture estim\u00e9e":"2 minutes"},"schema":{"@context":"https:\/\/schema.org","@graph":[{"@type":"NewsArticle","@id":"https:\/\/www.webdo.tn\/fr\/actualite\/national\/de-tunis-a-gaza-la-caravane-humanitaire-part-demain\/376885\/#article","isPartOf":{"@id":"https:\/\/www.webdo.tn\/fr\/actualite\/national\/de-tunis-a-gaza-la-caravane-humanitaire-part-demain\/376885\/"},"author":{"name":"Wided Belhaj","@id":"https:\/\/www.webdo.tn\/fr\/#\/schema\/person\/b9ecde7a5574cb4fcf4b496ea5fadb15"},"headline":"De Tunis \u00e0 Gaza, la caravane humanitaire part demain","datePublished":"2025-06-08T09:55:41+00:00","dateModified":"2025-06-09T09:53:42+00:00","mainEntityOfPage":{"@id":"https:\/\/www.webdo.tn\/fr\/actualite\/national\/de-tunis-a-gaza-la-caravane-humanitaire-part-demain\/376885\/"},"wordCount":256,"commentCount":0,"publisher":{"@id":"https:\/\/www.webdo.tn\/fr\/#organization"},"image":{"@id":"https:\/\/www.webdo.tn\/fr\/actualite\/national\/de-tunis-a-gaza-la-caravane-humanitaire-part-demain\/376885\/#primaryimage"},"thumbnailUrl":"https:\/\/www.webdo.tn\/fr\/wp-content\/uploads\/2025\/06\/1749322696495-68e94b00a5a0.jpg","articleSection":["National"],"inLanguage":"fr-FR"},{"@type":"WebPage","@id":"https:\/\/www.webdo.tn\/fr\/actualite\/national\/de-tunis-a-gaza-la-caravane-humanitaire-part-demain\/376885\/","url":"https:\/\/www.webdo.tn\/fr\/actualite\/national\/de-tunis-a-gaza-la-caravane-humanitaire-part-demain\/376885\/","name":"De Tunis \u00e0 Gaza, la caravane humanitaire part demain - webdo","isPartOf":{"@id":"https:\/\/www.webdo.tn\/fr\/#website"},"primaryImageOfPage":{"@id":"https:\/\/www.webdo.tn\/fr\/actualite\/national\/de-tunis-a-gaza-la-caravane-humanitaire-part-demain\/376885\/#primaryimage"},"image":{"@id":"https:\/\/www.webdo.tn\/fr\/actualite\/national\/de-tunis-a-gaza-la-caravane-humanitaire-part-demain\/376885\/#primaryimage"},"thumbnailUrl":"https:\/\/www.webdo.tn\/fr\/wp-content\/uploads\/2025\/06\/1749322696495-68e94b00a5a0.jpg","datePublished":"2025-06-08T09:55:41+00:00","dateModified":"2025-06-09T09:53:42+00:00","breadcrumb":{"@id":"https:\/\/www.webdo.tn\/fr\/actualite\/national\/de-tunis-a-gaza-la-caravane-humanitaire-part-demain\/376885\/#breadcrumb"},"inLanguage":"fr-FR","potentialAction":[{"@type":"ReadAction","target":["https:\/\/www.webdo.tn\/fr\/actualite\/national\/de-tunis-a-gaza-la-caravane-humanitaire-part-demain\/376885\/"]}]},{"@type":"ImageObject","inLanguage":"fr-FR","@id":"https:\/\/www.webdo.tn\/fr\/actualite\/national\/de-tunis-a-gaza-la-caravane-humanitaire-part-demain\/376885\/#primaryimage","url":"https:\/\/www.webdo.tn\/fr\/wp-content\/uploads\/2025\/06\/1749322696495-68e94b00a5a0.jpg","contentUrl":"https:\/\/www.webdo.tn\/fr\/wp-content\/uploads\/2025\/06\/1749322696495-68e94b00a5a0.jpg","width":794,"height":438},{"@type":"BreadcrumbList","@id":"https:\/\/www.webdo.tn\/fr\/actualite\/national\/de-tunis-a-gaza-la-caravane-humanitaire-part-demain\/376885\/#breadcrumb","itemListElement":[{"@type":"ListItem","position":1,"name":"Accueil","item":"https:\/\/www.webdo.tn\/fr\/"},{"@type":"ListItem","position":2,"name":"De Tunis \u00e0 Gaza, la caravane humanitaire part demain"}]},{"@type":"WebSite","@id":"https:\/\/www.webdo.tn\/fr\/#website","url":"https:\/\/www.webdo.tn\/fr\/","name":"webdo","description":"Tunisie - News en Tunisie et \u00e0 l&#039;international sur Webdo.tn","publisher":{"@id":"https:\/\/www.webdo.tn\/fr\/#organization"},"potentialAction":[{"@type":"SearchAction","target":{"@type":"EntryPoint","urlTemplate":"https:\/\/www.webdo.tn\/fr\/?s={search_term_string}"},"query-input":{"@type":"PropertyValueSpecification","valueRequired":true,"valueName":"search_term_string"}}],"inLanguage":"fr-FR"},{"@type":"Organization","@id":"https:\/\/www.webdo.tn\/fr\/#organization","name":"Webdo","alternateName":"Webdo.tn","url":"https:\/\/www.webdo.tn\/fr\/","logo":{"@type":"ImageObject","inLanguage":"fr-FR","@id":"https:\/\/www.webdo.tn\/fr\/#\/schema\/logo\/image\/","url":"https:\/\/www.webdo.tn\/fr\/wp-content\/uploads\/2025\/06\/Webdo-Tunisie_168377.jpg","contentUrl":"https:\/\/www.webdo.tn\/fr\/wp-content\/uploads\/2025\/06\/Webdo-Tunisie_168377.jpg","width":301,"height":301,"caption":"Webdo"},"image":{"@id":"https:\/\/www.webdo.tn\/fr\/#\/schema\/logo\/image\/"},"sameAs":["https:\/\/www.facebook.com\/webdotn","https:\/\/x.com\/webdo_tn"],"description":"Webdo est un m\u00e9dia num\u00e9rique tunisien fond\u00e9 en 2010, sp\u00e9cialis\u00e9 dans l\u2019actualit\u00e9 nationale et internationale, l\u2019\u00e9conomie, la soci\u00e9t\u00e9 et les analyses politiques. Le site s\u2019adresse \u00e0 un large public francophone et couvre l\u2019information tunisienne en temps r\u00e9el.","email":"redac@webdo.tn","legalName":"YNJ SARL","foundingDate":"2010-09-06","numberOfEmployees":{"@type":"QuantitativeValue","minValue":"11","maxValue":"50"}},{"@type":"Person","@id":"https:\/\/www.webdo.tn\/fr\/#\/schema\/person\/b9ecde7a5574cb4fcf4b496ea5fadb15","name":"Wided Belhaj","image":{"@type":"ImageObject","inLanguage":"fr-FR","@id":"https:\/\/www.webdo.tn\/fr\/wp-content\/uploads\/2026\/04\/wided-belhaj_avatar-96x96.jpg","url":"https:\/\/www.webdo.tn\/fr\/wp-content\/uploads\/2026\/04\/wided-belhaj_avatar-96x96.jpg","contentUrl":"https:\/\/www.webdo.tn\/fr\/wp-content\/uploads\/2026\/04\/wided-belhaj_avatar-96x96.jpg","caption":"Wided Belhaj"},"description":"Wided Belhaj est le pseudonyme \u00e9ditorial utilis\u00e9 par Khalil Jelassi, journaliste, ma\u00eetre-assistant \u00e0 l\u2019Institut de presse et des sciences de l\u2019information (IPSI) et chercheur en sciences de l\u2019information et de la communication. Cette signature est d\u00e9di\u00e9e \u00e0 l\u2019analyse des m\u00e9dias, des pratiques journalistiques et des mutations de l\u2019information \u00e0 l\u2019\u00e8re digitale. \u00c0 travers ses contributions, Wided Belhaj propose une lecture analytique de l\u2019actualit\u00e9, en croisant regard critique et expertise acad\u00e9mique.","knowsAbout":["m\u00e9dias","journalisme","communication","information","transformation num\u00e9rique","analyse des m\u00e9dias"],"knowsLanguage":["Fran\u00e7ais","Arabe"],"jobTitle":"Webdo.tn","worksFor":"Journaliste \u2013 Analyse des m\u00e9dias","url":"https:\/\/www.webdo.tn\/fr\/actualite\/author\/wided-belhaj\/"}]}},"_links":{"self":[{"href":"https:\/\/www.webdo.tn\/fr\/wp-json\/wp\/v2\/posts\/376885","targetHints":{"allow":["GET"]}}],"collection":[{"href":"https:\/\/www.webdo.tn\/fr\/wp-json\/wp\/v2\/posts"}],"about":[{"href":"https:\/\/www.webdo.tn\/fr\/wp-json\/wp\/v2\/types\/post"}],"author":[{"embeddable":true,"href":"https:\/\/www.webdo.tn\/fr\/wp-json\/wp\/v2\/users\/3184"}],"replies":[{"embeddable":true,"href":"https:\/\/www.webdo.tn\/fr\/wp-json\/wp\/v2\/comments?post=376885"}],"version-history":[{"count":0,"href":"https:\/\/www.webdo.tn\/fr\/wp-json\/wp\/v2\/posts\/376885\/revisions"}],"wp:featuredmedia":[{"embeddable":true,"href":"https:\/\/www.webdo.tn\/fr\/wp-json\/wp\/v2\/media\/376859"}],"wp:attachment":[{"href":"https:\/\/www.webdo.tn\/fr\/wp-json\/wp\/v2\/media?parent=376885"}],"wp:term":[{"taxonomy":"category","embeddable":true,"href":"https:\/\/www.webdo.tn\/fr\/wp-json\/wp\/v2\/categories?post=376885"},{"taxonomy":"post_tag","embeddable":true,"href":"https:\/\/www.webdo.tn\/fr\/wp-json\/wp\/v2\/tags?post=376885"}],"curies":[{"name":"wp","href":"https:\/\/api.w.org\/{rel}","templated":true}]}}