{"id":376811,"date":"2025-06-07T11:50:35","date_gmt":"2025-06-07T11:50:35","guid":{"rendered":"https:\/\/www.webdo.tn\/fr\/?p=376811"},"modified":"2025-06-07T12:03:36","modified_gmt":"2025-06-07T12:03:36","slug":"sidibousaid-cimetieremarin-capres-memoire-rituel-tunis-cueillettes-mediterranee","status":"publish","type":"post","link":"https:\/\/www.webdo.tn\/fr\/actualite\/everyday-tunisians\/sidibousaid-cimetieremarin-capres-memoire-rituel-tunis-cueillettes-mediterranee\/376811\/","title":{"rendered":"Les c\u00e2pres du cimeti\u00e8re marin de Sidi Bou Said"},"content":{"rendered":"\n<p>C&rsquo;est au cimeti\u00e8re marin de Sidi Bou Said que Moncef vient souvent se recueillir sur les tombes des anc\u00eatres.<\/p>\n\n\n\n<p>Un \u0153il sur les s\u00e9pultures et l&rsquo;autre scrutant le large, il d\u00e9pose des graines de millet et verse de l&rsquo;eau sur les tombes repass\u00e9es \u00e0 la chaux blanche.<\/p>\n\n\n\n<p>Salah profite de ces moments, lorsque la saison le permet, pour cueillir des c\u00e2pres sur les arbrisseaux qui en portent.<\/p>\n\n\n\n<p>Entre cueillir et se recueillir, il trouve un juste \u00e9quilibre au mitan du cimeti\u00e8re qui, comme le phare, surplombe une falaise qui se jette dans la mer.<\/p>\n\n\n\n<p><\/p>\n","protected":false},"excerpt":{"rendered":"<p>C&rsquo;est au cimeti\u00e8re marin de Sidi Bou Said que Moncef vient souvent se recueillir sur les tombes des anc\u00eatres. Un \u0153il sur les s\u00e9pultures et l&rsquo;autre scrutant le large, il d\u00e9pose des graines de millet et verse de l&rsquo;eau sur les tombes repass\u00e9es \u00e0 la chaux blanche. Salah profite de ces moments, lorsque la saison [&hellip;]<\/p>\n","protected":false},"author":3229,"featured_media":376814,"comment_status":"open","ping_status":"open","sticky":false,"template":"","format":"standard","meta":{"footnotes":""},"categories":[2591],"tags":[],"class_list":["post-376811","post","type-post","status-publish","format-standard","has-post-thumbnail","hentry","category-everyday-tunisians"],"yoast_head":"<!-- This site is optimized with the Yoast SEO Premium plugin v27.5 (Yoast SEO v27.5) - https:\/\/yoast.com\/product\/yoast-seo-premium-wordpress\/ -->\n<title>Les c\u00e2pres du cimeti\u00e8re marin de Sidi Bou Said - webdo<\/title>\n<meta name=\"description\" content=\"Au cimeti\u00e8re marin de Sidi Bou Said, Moncef allie m\u00e9moire des anc\u00eatres et r\u00e9colte de c\u00e2pres sur les hauteurs face \u00e0 la mer.\" \/>\n<link rel=\"canonical\" href=\"https:\/\/www.webdo.tn\/fr\/actualite\/everyday-tunisians\/sidibousaid-cimetieremarin-capres-memoire-rituel-tunis-cueillettes-mediterranee\/376811\/\" \/>\n<meta property=\"og:locale\" content=\"fr_FR\" \/>\n<meta property=\"og:type\" content=\"article\" \/>\n<meta property=\"og:title\" content=\"Les c\u00e2pres du cimeti\u00e8re marin de Sidi Bou Said\" \/>\n<meta property=\"og:description\" content=\"Au cimeti\u00e8re marin de Sidi Bou Said, Moncef allie m\u00e9moire des anc\u00eatres et r\u00e9colte de c\u00e2pres sur les hauteurs face \u00e0 la mer.\" \/>\n<meta property=\"og:url\" content=\"https:\/\/www.webdo.tn\/fr\/actualite\/everyday-tunisians\/sidibousaid-cimetieremarin-capres-memoire-rituel-tunis-cueillettes-mediterranee\/376811\/\" \/>\n<meta property=\"og:site_name\" content=\"webdo\" \/>\n<meta property=\"article:publisher\" content=\"https:\/\/www.facebook.com\/webdotn\" \/>\n<meta property=\"article:author\" content=\"https:\/\/www.facebook.com\/hatem.bourial.2025\" \/>\n<meta property=\"article:published_time\" content=\"2025-06-07T11:50:35+00:00\" \/>\n<meta property=\"article:modified_time\" content=\"2025-06-07T12:03:36+00:00\" \/>\n<meta property=\"og:image\" content=\"https:\/\/www.webdo.tn\/fr\/wp-content\/uploads\/2025\/06\/Moncef-capres-e1749297803127.jpg\" \/>\n\t<meta property=\"og:image:width\" content=\"940\" \/>\n\t<meta property=\"og:image:height\" content=\"564\" \/>\n\t<meta property=\"og:image:type\" content=\"image\/jpeg\" \/>\n<meta name=\"author\" content=\"Hatem Bourial\" \/>\n<meta name=\"twitter:card\" content=\"summary_large_image\" \/>\n<meta name=\"twitter:creator\" content=\"@webdo_tn\" \/>\n<meta name=\"twitter:site\" content=\"@webdo_tn\" \/>\n<meta name=\"twitter:label1\" content=\"\u00c9crit par\" \/>\n\t<meta name=\"twitter:data1\" content=\"Hatem Bourial\" \/>\n\t<meta name=\"twitter:label2\" content=\"Dur\u00e9e de lecture estim\u00e9e\" \/>\n\t<meta name=\"twitter:data2\" content=\"1 minute\" \/>\n<script type=\"application\/ld+json\" class=\"yoast-schema-graph\">{\"@context\":\"https:\\\/\\\/schema.org\",\"@graph\":[{\"@type\":\"NewsArticle\",\"@id\":\"https:\\\/\\\/www.webdo.tn\\\/fr\\\/actualite\\\/everyday-tunisians\\\/sidibousaid-cimetieremarin-capres-memoire-rituel-tunis-cueillettes-mediterranee\\\/376811\\\/#article\",\"isPartOf\":{\"@id\":\"https:\\\/\\\/www.webdo.tn\\\/fr\\\/actualite\\\/everyday-tunisians\\\/sidibousaid-cimetieremarin-capres-memoire-rituel-tunis-cueillettes-mediterranee\\\/376811\\\/\"},\"author\":{\"name\":\"Hatem Bourial\",\"@id\":\"https:\\\/\\\/www.webdo.tn\\\/fr\\\/#\\\/schema\\\/person\\\/6bc0beba2cd23aec27cb5df85ca2554f\"},\"headline\":\"Les c\u00e2pres du cimeti\u00e8re marin de Sidi Bou Said\",\"datePublished\":\"2025-06-07T11:50:35+00:00\",\"dateModified\":\"2025-06-07T12:03:36+00:00\",\"mainEntityOfPage\":{\"@id\":\"https:\\\/\\\/www.webdo.tn\\\/fr\\\/actualite\\\/everyday-tunisians\\\/sidibousaid-cimetieremarin-capres-memoire-rituel-tunis-cueillettes-mediterranee\\\/376811\\\/\"},\"wordCount\":114,\"commentCount\":0,\"publisher\":{\"@id\":\"https:\\\/\\\/www.webdo.tn\\\/fr\\\/#organization\"},\"image\":{\"@id\":\"https:\\\/\\\/www.webdo.tn\\\/fr\\\/actualite\\\/everyday-tunisians\\\/sidibousaid-cimetieremarin-capres-memoire-rituel-tunis-cueillettes-mediterranee\\\/376811\\\/#primaryimage\"},\"thumbnailUrl\":\"https:\\\/\\\/www.webdo.tn\\\/fr\\\/wp-content\\\/uploads\\\/2025\\\/06\\\/Moncef-capres-e1749298101781.jpg\",\"articleSection\":[\"Everyday Tunisians by Hatem Bourial\"],\"inLanguage\":\"fr-FR\"},{\"@type\":\"WebPage\",\"@id\":\"https:\\\/\\\/www.webdo.tn\\\/fr\\\/actualite\\\/everyday-tunisians\\\/sidibousaid-cimetieremarin-capres-memoire-rituel-tunis-cueillettes-mediterranee\\\/376811\\\/\",\"url\":\"https:\\\/\\\/www.webdo.tn\\\/fr\\\/actualite\\\/everyday-tunisians\\\/sidibousaid-cimetieremarin-capres-memoire-rituel-tunis-cueillettes-mediterranee\\\/376811\\\/\",\"name\":\"Les c\u00e2pres du cimeti\u00e8re marin de Sidi Bou Said - webdo\",\"isPartOf\":{\"@id\":\"https:\\\/\\\/www.webdo.tn\\\/fr\\\/#website\"},\"primaryImageOfPage\":{\"@id\":\"https:\\\/\\\/www.webdo.tn\\\/fr\\\/actualite\\\/everyday-tunisians\\\/sidibousaid-cimetieremarin-capres-memoire-rituel-tunis-cueillettes-mediterranee\\\/376811\\\/#primaryimage\"},\"image\":{\"@id\":\"https:\\\/\\\/www.webdo.tn\\\/fr\\\/actualite\\\/everyday-tunisians\\\/sidibousaid-cimetieremarin-capres-memoire-rituel-tunis-cueillettes-mediterranee\\\/376811\\\/#primaryimage\"},\"thumbnailUrl\":\"https:\\\/\\\/www.webdo.tn\\\/fr\\\/wp-content\\\/uploads\\\/2025\\\/06\\\/Moncef-capres-e1749298101781.jpg\",\"datePublished\":\"2025-06-07T11:50:35+00:00\",\"dateModified\":\"2025-06-07T12:03:36+00:00\",\"description\":\"Au cimeti\u00e8re marin de Sidi Bou Said, Moncef allie m\u00e9moire des anc\u00eatres et r\u00e9colte de c\u00e2pres sur les hauteurs face \u00e0 la mer.\",\"breadcrumb\":{\"@id\":\"https:\\\/\\\/www.webdo.tn\\\/fr\\\/actualite\\\/everyday-tunisians\\\/sidibousaid-cimetieremarin-capres-memoire-rituel-tunis-cueillettes-mediterranee\\\/376811\\\/#breadcrumb\"},\"inLanguage\":\"fr-FR\",\"potentialAction\":[{\"@type\":\"ReadAction\",\"target\":[\"https:\\\/\\\/www.webdo.tn\\\/fr\\\/actualite\\\/everyday-tunisians\\\/sidibousaid-cimetieremarin-capres-memoire-rituel-tunis-cueillettes-mediterranee\\\/376811\\\/\"]}]},{\"@type\":\"ImageObject\",\"inLanguage\":\"fr-FR\",\"@id\":\"https:\\\/\\\/www.webdo.tn\\\/fr\\\/actualite\\\/everyday-tunisians\\\/sidibousaid-cimetieremarin-capres-memoire-rituel-tunis-cueillettes-mediterranee\\\/376811\\\/#primaryimage\",\"url\":\"https:\\\/\\\/www.webdo.tn\\\/fr\\\/wp-content\\\/uploads\\\/2025\\\/06\\\/Moncef-capres-e1749298101781.jpg\",\"contentUrl\":\"https:\\\/\\\/www.webdo.tn\\\/fr\\\/wp-content\\\/uploads\\\/2025\\\/06\\\/Moncef-capres-e1749298101781.jpg\",\"width\":940,\"height\":820,\"caption\":\"\u00c0 Sidi Bou Said, Moncef cueille les c\u00e2pres et se recueille entre ciel et mer - Photo: HB.\"},{\"@type\":\"BreadcrumbList\",\"@id\":\"https:\\\/\\\/www.webdo.tn\\\/fr\\\/actualite\\\/everyday-tunisians\\\/sidibousaid-cimetieremarin-capres-memoire-rituel-tunis-cueillettes-mediterranee\\\/376811\\\/#breadcrumb\",\"itemListElement\":[{\"@type\":\"ListItem\",\"position\":1,\"name\":\"Accueil\",\"item\":\"https:\\\/\\\/www.webdo.tn\\\/fr\\\/\"},{\"@type\":\"ListItem\",\"position\":2,\"name\":\"Les c\u00e2pres du cimeti\u00e8re marin de Sidi Bou Said\"}]},{\"@type\":\"WebSite\",\"@id\":\"https:\\\/\\\/www.webdo.tn\\\/fr\\\/#website\",\"url\":\"https:\\\/\\\/www.webdo.tn\\\/fr\\\/\",\"name\":\"webdo\",\"description\":\"Tunisie - News en Tunisie et \u00e0 l&#039;international sur Webdo.tn\",\"publisher\":{\"@id\":\"https:\\\/\\\/www.webdo.tn\\\/fr\\\/#organization\"},\"potentialAction\":[{\"@type\":\"SearchAction\",\"target\":{\"@type\":\"EntryPoint\",\"urlTemplate\":\"https:\\\/\\\/www.webdo.tn\\\/fr\\\/?s={search_term_string}\"},\"query-input\":{\"@type\":\"PropertyValueSpecification\",\"valueRequired\":true,\"valueName\":\"search_term_string\"}}],\"inLanguage\":\"fr-FR\"},{\"@type\":\"Organization\",\"@id\":\"https:\\\/\\\/www.webdo.tn\\\/fr\\\/#organization\",\"name\":\"Webdo\",\"alternateName\":\"Webdo.tn\",\"url\":\"https:\\\/\\\/www.webdo.tn\\\/fr\\\/\",\"logo\":{\"@type\":\"ImageObject\",\"inLanguage\":\"fr-FR\",\"@id\":\"https:\\\/\\\/www.webdo.tn\\\/fr\\\/#\\\/schema\\\/logo\\\/image\\\/\",\"url\":\"https:\\\/\\\/www.webdo.tn\\\/fr\\\/wp-content\\\/uploads\\\/2025\\\/06\\\/Webdo-Tunisie_168377.jpg\",\"contentUrl\":\"https:\\\/\\\/www.webdo.tn\\\/fr\\\/wp-content\\\/uploads\\\/2025\\\/06\\\/Webdo-Tunisie_168377.jpg\",\"width\":301,\"height\":301,\"caption\":\"Webdo\"},\"image\":{\"@id\":\"https:\\\/\\\/www.webdo.tn\\\/fr\\\/#\\\/schema\\\/logo\\\/image\\\/\"},\"sameAs\":[\"https:\\\/\\\/www.facebook.com\\\/webdotn\",\"https:\\\/\\\/x.com\\\/webdo_tn\"],\"description\":\"Webdo est un m\u00e9dia num\u00e9rique tunisien fond\u00e9 en 2010, sp\u00e9cialis\u00e9 dans l\u2019actualit\u00e9 nationale et internationale, l\u2019\u00e9conomie, la soci\u00e9t\u00e9 et les analyses politiques. Le site s\u2019adresse \u00e0 un large public francophone et couvre l\u2019information tunisienne en temps r\u00e9el.\",\"email\":\"redac@webdo.tn\",\"legalName\":\"YNJ SARL\",\"foundingDate\":\"2010-09-06\",\"numberOfEmployees\":{\"@type\":\"QuantitativeValue\",\"minValue\":\"11\",\"maxValue\":\"50\"}},{\"@type\":\"Person\",\"@id\":\"https:\\\/\\\/www.webdo.tn\\\/fr\\\/#\\\/schema\\\/person\\\/6bc0beba2cd23aec27cb5df85ca2554f\",\"name\":\"Hatem Bourial\",\"image\":{\"@type\":\"ImageObject\",\"inLanguage\":\"fr-FR\",\"@id\":\"https:\\\/\\\/www.webdo.tn\\\/fr\\\/wp-content\\\/uploads\\\/2026\\\/04\\\/hatem-bourial_avatar-96x96.jpg\",\"url\":\"https:\\\/\\\/www.webdo.tn\\\/fr\\\/wp-content\\\/uploads\\\/2026\\\/04\\\/hatem-bourial_avatar-96x96.jpg\",\"contentUrl\":\"https:\\\/\\\/www.webdo.tn\\\/fr\\\/wp-content\\\/uploads\\\/2026\\\/04\\\/hatem-bourial_avatar-96x96.jpg\",\"caption\":\"Hatem Bourial\"},\"description\":\"Hatem Bourial est journaliste, \u00e9crivain et chroniqueur tunisien. Actif depuis plusieurs d\u00e9cennies, il s\u2019est impos\u00e9 comme un observateur attentif de la soci\u00e9t\u00e9 tunisienne, m\u00ealant dans ses \u00e9crits m\u00e9moire, culture et analyse du quotidien. Auteur de nombreux ouvrages, il d\u00e9veloppe une \u0153uvre \u00e0 la crois\u00e9e du r\u00e9cit, de la po\u00e9sie et de l\u2019observation sociologique. Parall\u00e8lement \u00e0 ses contributions dans la presse, il intervient r\u00e9guli\u00e8rement \u00e0 la radio et dans des espaces culturels, o\u00f9 il explore les enjeux li\u00e9s au patrimoine, \u00e0 l\u2019identit\u00e9 et aux transformations du monde contemporain. \u00c0 travers ses chroniques, Hatem Bourial propose une lecture sensible et approfondie de l\u2019actualit\u00e9, nourrie par une exp\u00e9rience journalistique et litt\u00e9raire reconnue. \ud83d\udd17 Facebook : https:\\\/\\\/www.facebook.com\\\/hatem.bourial.2025\",\"sameAs\":[\"https:\\\/\\\/www.facebook.com\\\/hatem.bourial.2025\",\"https:\\\/\\\/fr.wikipedia.org\\\/wiki\\\/Fichier:Hatem_Bourial.jpg\"],\"knowsAbout\":[\"Culture & patrimoine tunisien\",\"Chronique soci\u00e9tale\",\"Litt\u00e9rature & m\u00e9moire\",\"Cin\u00e9ma & critique culturelle\",\"Identit\u00e9 & mutations sociales\"],\"knowsLanguage\":[\"Arabe\",\"Fran\u00e7ais\",\"Anglais\",\"Italien\",\"Polonais\"],\"jobTitle\":\"Journaliste, \u00e9crivain et chroniqueur culturel\",\"worksFor\":\"Webdo\",\"url\":\"https:\\\/\\\/www.webdo.tn\\\/fr\\\/actualite\\\/author\\\/hatem-bourial-2\\\/\"}]}<\/script>\n<!-- \/ Yoast SEO Premium plugin. -->","yoast_head_json":{"title":"Les c\u00e2pres du cimeti\u00e8re marin de Sidi Bou Said - webdo","description":"Au cimeti\u00e8re marin de Sidi Bou Said, Moncef allie m\u00e9moire des anc\u00eatres et r\u00e9colte de c\u00e2pres sur les hauteurs face \u00e0 la mer.","canonical":"https:\/\/www.webdo.tn\/fr\/actualite\/everyday-tunisians\/sidibousaid-cimetieremarin-capres-memoire-rituel-tunis-cueillettes-mediterranee\/376811\/","og_locale":"fr_FR","og_type":"article","og_title":"Les c\u00e2pres du cimeti\u00e8re marin de Sidi Bou Said","og_description":"Au cimeti\u00e8re marin de Sidi Bou Said, Moncef allie m\u00e9moire des anc\u00eatres et r\u00e9colte de c\u00e2pres sur les hauteurs face \u00e0 la mer.","og_url":"https:\/\/www.webdo.tn\/fr\/actualite\/everyday-tunisians\/sidibousaid-cimetieremarin-capres-memoire-rituel-tunis-cueillettes-mediterranee\/376811\/","og_site_name":"webdo","article_publisher":"https:\/\/www.facebook.com\/webdotn","article_author":"https:\/\/www.facebook.com\/hatem.bourial.2025","article_published_time":"2025-06-07T11:50:35+00:00","article_modified_time":"2025-06-07T12:03:36+00:00","og_image":[{"width":940,"height":564,"url":"https:\/\/www.webdo.tn\/fr\/wp-content\/uploads\/2025\/06\/Moncef-capres-e1749297803127.jpg","type":"image\/jpeg"}],"author":"Hatem Bourial","twitter_card":"summary_large_image","twitter_creator":"@webdo_tn","twitter_site":"@webdo_tn","twitter_misc":{"\u00c9crit par":"Hatem Bourial","Dur\u00e9e de lecture estim\u00e9e":"1 minute"},"schema":{"@context":"https:\/\/schema.org","@graph":[{"@type":"NewsArticle","@id":"https:\/\/www.webdo.tn\/fr\/actualite\/everyday-tunisians\/sidibousaid-cimetieremarin-capres-memoire-rituel-tunis-cueillettes-mediterranee\/376811\/#article","isPartOf":{"@id":"https:\/\/www.webdo.tn\/fr\/actualite\/everyday-tunisians\/sidibousaid-cimetieremarin-capres-memoire-rituel-tunis-cueillettes-mediterranee\/376811\/"},"author":{"name":"Hatem Bourial","@id":"https:\/\/www.webdo.tn\/fr\/#\/schema\/person\/6bc0beba2cd23aec27cb5df85ca2554f"},"headline":"Les c\u00e2pres du cimeti\u00e8re marin de Sidi Bou Said","datePublished":"2025-06-07T11:50:35+00:00","dateModified":"2025-06-07T12:03:36+00:00","mainEntityOfPage":{"@id":"https:\/\/www.webdo.tn\/fr\/actualite\/everyday-tunisians\/sidibousaid-cimetieremarin-capres-memoire-rituel-tunis-cueillettes-mediterranee\/376811\/"},"wordCount":114,"commentCount":0,"publisher":{"@id":"https:\/\/www.webdo.tn\/fr\/#organization"},"image":{"@id":"https:\/\/www.webdo.tn\/fr\/actualite\/everyday-tunisians\/sidibousaid-cimetieremarin-capres-memoire-rituel-tunis-cueillettes-mediterranee\/376811\/#primaryimage"},"thumbnailUrl":"https:\/\/www.webdo.tn\/fr\/wp-content\/uploads\/2025\/06\/Moncef-capres-e1749298101781.jpg","articleSection":["Everyday Tunisians by Hatem Bourial"],"inLanguage":"fr-FR"},{"@type":"WebPage","@id":"https:\/\/www.webdo.tn\/fr\/actualite\/everyday-tunisians\/sidibousaid-cimetieremarin-capres-memoire-rituel-tunis-cueillettes-mediterranee\/376811\/","url":"https:\/\/www.webdo.tn\/fr\/actualite\/everyday-tunisians\/sidibousaid-cimetieremarin-capres-memoire-rituel-tunis-cueillettes-mediterranee\/376811\/","name":"Les c\u00e2pres du cimeti\u00e8re marin de Sidi Bou Said - webdo","isPartOf":{"@id":"https:\/\/www.webdo.tn\/fr\/#website"},"primaryImageOfPage":{"@id":"https:\/\/www.webdo.tn\/fr\/actualite\/everyday-tunisians\/sidibousaid-cimetieremarin-capres-memoire-rituel-tunis-cueillettes-mediterranee\/376811\/#primaryimage"},"image":{"@id":"https:\/\/www.webdo.tn\/fr\/actualite\/everyday-tunisians\/sidibousaid-cimetieremarin-capres-memoire-rituel-tunis-cueillettes-mediterranee\/376811\/#primaryimage"},"thumbnailUrl":"https:\/\/www.webdo.tn\/fr\/wp-content\/uploads\/2025\/06\/Moncef-capres-e1749298101781.jpg","datePublished":"2025-06-07T11:50:35+00:00","dateModified":"2025-06-07T12:03:36+00:00","description":"Au cimeti\u00e8re marin de Sidi Bou Said, Moncef allie m\u00e9moire des anc\u00eatres et r\u00e9colte de c\u00e2pres sur les hauteurs face \u00e0 la mer.","breadcrumb":{"@id":"https:\/\/www.webdo.tn\/fr\/actualite\/everyday-tunisians\/sidibousaid-cimetieremarin-capres-memoire-rituel-tunis-cueillettes-mediterranee\/376811\/#breadcrumb"},"inLanguage":"fr-FR","potentialAction":[{"@type":"ReadAction","target":["https:\/\/www.webdo.tn\/fr\/actualite\/everyday-tunisians\/sidibousaid-cimetieremarin-capres-memoire-rituel-tunis-cueillettes-mediterranee\/376811\/"]}]},{"@type":"ImageObject","inLanguage":"fr-FR","@id":"https:\/\/www.webdo.tn\/fr\/actualite\/everyday-tunisians\/sidibousaid-cimetieremarin-capres-memoire-rituel-tunis-cueillettes-mediterranee\/376811\/#primaryimage","url":"https:\/\/www.webdo.tn\/fr\/wp-content\/uploads\/2025\/06\/Moncef-capres-e1749298101781.jpg","contentUrl":"https:\/\/www.webdo.tn\/fr\/wp-content\/uploads\/2025\/06\/Moncef-capres-e1749298101781.jpg","width":940,"height":820,"caption":"\u00c0 Sidi Bou Said, Moncef cueille les c\u00e2pres et se recueille entre ciel et mer - Photo: HB."},{"@type":"BreadcrumbList","@id":"https:\/\/www.webdo.tn\/fr\/actualite\/everyday-tunisians\/sidibousaid-cimetieremarin-capres-memoire-rituel-tunis-cueillettes-mediterranee\/376811\/#breadcrumb","itemListElement":[{"@type":"ListItem","position":1,"name":"Accueil","item":"https:\/\/www.webdo.tn\/fr\/"},{"@type":"ListItem","position":2,"name":"Les c\u00e2pres du cimeti\u00e8re marin de Sidi Bou Said"}]},{"@type":"WebSite","@id":"https:\/\/www.webdo.tn\/fr\/#website","url":"https:\/\/www.webdo.tn\/fr\/","name":"webdo","description":"Tunisie - News en Tunisie et \u00e0 l&#039;international sur Webdo.tn","publisher":{"@id":"https:\/\/www.webdo.tn\/fr\/#organization"},"potentialAction":[{"@type":"SearchAction","target":{"@type":"EntryPoint","urlTemplate":"https:\/\/www.webdo.tn\/fr\/?s={search_term_string}"},"query-input":{"@type":"PropertyValueSpecification","valueRequired":true,"valueName":"search_term_string"}}],"inLanguage":"fr-FR"},{"@type":"Organization","@id":"https:\/\/www.webdo.tn\/fr\/#organization","name":"Webdo","alternateName":"Webdo.tn","url":"https:\/\/www.webdo.tn\/fr\/","logo":{"@type":"ImageObject","inLanguage":"fr-FR","@id":"https:\/\/www.webdo.tn\/fr\/#\/schema\/logo\/image\/","url":"https:\/\/www.webdo.tn\/fr\/wp-content\/uploads\/2025\/06\/Webdo-Tunisie_168377.jpg","contentUrl":"https:\/\/www.webdo.tn\/fr\/wp-content\/uploads\/2025\/06\/Webdo-Tunisie_168377.jpg","width":301,"height":301,"caption":"Webdo"},"image":{"@id":"https:\/\/www.webdo.tn\/fr\/#\/schema\/logo\/image\/"},"sameAs":["https:\/\/www.facebook.com\/webdotn","https:\/\/x.com\/webdo_tn"],"description":"Webdo est un m\u00e9dia num\u00e9rique tunisien fond\u00e9 en 2010, sp\u00e9cialis\u00e9 dans l\u2019actualit\u00e9 nationale et internationale, l\u2019\u00e9conomie, la soci\u00e9t\u00e9 et les analyses politiques. Le site s\u2019adresse \u00e0 un large public francophone et couvre l\u2019information tunisienne en temps r\u00e9el.","email":"redac@webdo.tn","legalName":"YNJ SARL","foundingDate":"2010-09-06","numberOfEmployees":{"@type":"QuantitativeValue","minValue":"11","maxValue":"50"}},{"@type":"Person","@id":"https:\/\/www.webdo.tn\/fr\/#\/schema\/person\/6bc0beba2cd23aec27cb5df85ca2554f","name":"Hatem Bourial","image":{"@type":"ImageObject","inLanguage":"fr-FR","@id":"https:\/\/www.webdo.tn\/fr\/wp-content\/uploads\/2026\/04\/hatem-bourial_avatar-96x96.jpg","url":"https:\/\/www.webdo.tn\/fr\/wp-content\/uploads\/2026\/04\/hatem-bourial_avatar-96x96.jpg","contentUrl":"https:\/\/www.webdo.tn\/fr\/wp-content\/uploads\/2026\/04\/hatem-bourial_avatar-96x96.jpg","caption":"Hatem Bourial"},"description":"Hatem Bourial est journaliste, \u00e9crivain et chroniqueur tunisien. Actif depuis plusieurs d\u00e9cennies, il s\u2019est impos\u00e9 comme un observateur attentif de la soci\u00e9t\u00e9 tunisienne, m\u00ealant dans ses \u00e9crits m\u00e9moire, culture et analyse du quotidien. Auteur de nombreux ouvrages, il d\u00e9veloppe une \u0153uvre \u00e0 la crois\u00e9e du r\u00e9cit, de la po\u00e9sie et de l\u2019observation sociologique. Parall\u00e8lement \u00e0 ses contributions dans la presse, il intervient r\u00e9guli\u00e8rement \u00e0 la radio et dans des espaces culturels, o\u00f9 il explore les enjeux li\u00e9s au patrimoine, \u00e0 l\u2019identit\u00e9 et aux transformations du monde contemporain. \u00c0 travers ses chroniques, Hatem Bourial propose une lecture sensible et approfondie de l\u2019actualit\u00e9, nourrie par une exp\u00e9rience journalistique et litt\u00e9raire reconnue. \ud83d\udd17 Facebook : https:\/\/www.facebook.com\/hatem.bourial.2025","sameAs":["https:\/\/www.facebook.com\/hatem.bourial.2025","https:\/\/fr.wikipedia.org\/wiki\/Fichier:Hatem_Bourial.jpg"],"knowsAbout":["Culture & patrimoine tunisien","Chronique soci\u00e9tale","Litt\u00e9rature & m\u00e9moire","Cin\u00e9ma & critique culturelle","Identit\u00e9 & mutations sociales"],"knowsLanguage":["Arabe","Fran\u00e7ais","Anglais","Italien","Polonais"],"jobTitle":"Journaliste, \u00e9crivain et chroniqueur culturel","worksFor":"Webdo","url":"https:\/\/www.webdo.tn\/fr\/actualite\/author\/hatem-bourial-2\/"}]}},"_links":{"self":[{"href":"https:\/\/www.webdo.tn\/fr\/wp-json\/wp\/v2\/posts\/376811","targetHints":{"allow":["GET"]}}],"collection":[{"href":"https:\/\/www.webdo.tn\/fr\/wp-json\/wp\/v2\/posts"}],"about":[{"href":"https:\/\/www.webdo.tn\/fr\/wp-json\/wp\/v2\/types\/post"}],"author":[{"embeddable":true,"href":"https:\/\/www.webdo.tn\/fr\/wp-json\/wp\/v2\/users\/3229"}],"replies":[{"embeddable":true,"href":"https:\/\/www.webdo.tn\/fr\/wp-json\/wp\/v2\/comments?post=376811"}],"version-history":[{"count":0,"href":"https:\/\/www.webdo.tn\/fr\/wp-json\/wp\/v2\/posts\/376811\/revisions"}],"wp:featuredmedia":[{"embeddable":true,"href":"https:\/\/www.webdo.tn\/fr\/wp-json\/wp\/v2\/media\/376814"}],"wp:attachment":[{"href":"https:\/\/www.webdo.tn\/fr\/wp-json\/wp\/v2\/media?parent=376811"}],"wp:term":[{"taxonomy":"category","embeddable":true,"href":"https:\/\/www.webdo.tn\/fr\/wp-json\/wp\/v2\/categories?post=376811"},{"taxonomy":"post_tag","embeddable":true,"href":"https:\/\/www.webdo.tn\/fr\/wp-json\/wp\/v2\/tags?post=376811"}],"curies":[{"name":"wp","href":"https:\/\/api.w.org\/{rel}","templated":true}]}}