{"id":376774,"date":"2025-06-07T09:45:39","date_gmt":"2025-06-07T09:45:39","guid":{"rendered":"https:\/\/www.webdo.tn\/fr\/?p=376774"},"modified":"2025-06-09T09:17:52","modified_gmt":"2025-06-09T09:17:52","slug":"kasserine-deux-crises-cardiaques-prises-en-charge-grace-a-la-plateforme-najda-tn","status":"publish","type":"post","link":"https:\/\/www.webdo.tn\/fr\/actualite\/national\/kasserine-deux-crises-cardiaques-prises-en-charge-grace-a-la-plateforme-najda-tn\/376774\/","title":{"rendered":"Kasserine : deux crises cardiaques prises en charge gr\u00e2ce \u00e0 la plateforme \u00ab Najda TN \u00bb"},"content":{"rendered":"\n<p><strong>\u00c0 Kasserine, deux patients victimes de crises cardiaques aigu\u00ebs ont \u00e9t\u00e9 pris en charge avec succ\u00e8s par l\u2019\u00e9quipe m\u00e9dicale de l\u2019h\u00f4pital universitaire Badr Eddine Aloui, gr\u00e2ce \u00e0 une intervention coordonn\u00e9e via la plateforme num\u00e9rique \u00ab Najda TN \u00bb.<\/strong><\/p>\n\n\n\n<p>Les deux personnes ont b\u00e9n\u00e9fici\u00e9 de proc\u00e9dures de cath\u00e9t\u00e9risme, toutes deux r\u00e9ussies. Leur \u00e9tat est actuellement stable.<\/p>\n\n\n\n<p>La plateforme \u00ab Najda TN \u00bb a \u00e9t\u00e9 con\u00e7ue pour faciliter l\u2019identification rapide des cas de crise cardiaque et orienter les patients vers les centres sp\u00e9cialis\u00e9s les plus proches. D\u00e9ploy\u00e9e dans plusieurs gouvernorats de l\u2019int\u00e9rieur du pays, elle s\u2019inscrit dans un effort plus large visant \u00e0 renforcer l\u2019\u00e9quit\u00e9 dans l\u2019acc\u00e8s aux services d\u2019urgence, en particulier dans les r\u00e9gions \u00e9loign\u00e9es des grands centres hospitaliers.<\/p>\n\n\n\n<p>Cette premi\u00e8re intervention r\u00e9ussie \u00e0 Kasserine illustre le potentiel de cet outil num\u00e9rique pour am\u00e9liorer la coordination et la rapidit\u00e9 des soins en situation critique.<\/p>\n\n\n\n<p><\/p>\n","protected":false},"excerpt":{"rendered":"<p>\u00c0 Kasserine, deux patients victimes de crises cardiaques aigu\u00ebs ont \u00e9t\u00e9 pris en charge avec succ\u00e8s par l\u2019\u00e9quipe m\u00e9dicale de l\u2019h\u00f4pital universitaire Badr Eddine Aloui, gr\u00e2ce \u00e0 une intervention coordonn\u00e9e via la plateforme num\u00e9rique \u00ab Najda TN \u00bb. Les deux personnes ont b\u00e9n\u00e9fici\u00e9 de proc\u00e9dures de cath\u00e9t\u00e9risme, toutes deux r\u00e9ussies. Leur \u00e9tat est actuellement stable. [&hellip;]<\/p>\n","protected":false},"author":4782,"featured_media":376776,"comment_status":"open","ping_status":"open","sticky":false,"template":"","format":"standard","meta":{"footnotes":""},"categories":[44,2595,11341],"tags":[2744,3678,2731,2608],"class_list":["post-376774","post","type-post","status-publish","format-standard","has-post-thumbnail","hentry","category-national","category-regions","category-sante","tag-kasserine","tag-najdatn","tag-sante","tag-tunisie"],"yoast_head":"<!-- This site is optimized with the Yoast SEO Premium plugin v27.5 (Yoast SEO v27.5) - https:\/\/yoast.com\/product\/yoast-seo-premium-wordpress\/ -->\n<title>Kasserine : deux crises cardiaques prises en charge gr\u00e2ce \u00e0 la plateforme \u00ab Najda TN \u00bb - webdo<\/title>\n<link rel=\"canonical\" href=\"https:\/\/www.webdo.tn\/fr\/actualite\/national\/kasserine-deux-crises-cardiaques-prises-en-charge-grace-a-la-plateforme-najda-tn\/376774\/\" \/>\n<meta property=\"og:locale\" content=\"fr_FR\" \/>\n<meta property=\"og:type\" content=\"article\" \/>\n<meta property=\"og:title\" content=\"Kasserine : deux crises cardiaques prises en charge gr\u00e2ce \u00e0 la plateforme \u00ab Najda TN \u00bb\" \/>\n<meta property=\"og:description\" content=\"\u00c0 Kasserine, deux patients victimes de crises cardiaques aigu\u00ebs ont \u00e9t\u00e9 pris en charge avec succ\u00e8s par l\u2019\u00e9quipe m\u00e9dicale de l\u2019h\u00f4pital universitaire Badr Eddine Aloui, gr\u00e2ce \u00e0 une intervention coordonn\u00e9e via la plateforme num\u00e9rique \u00ab Najda TN \u00bb. Les deux personnes ont b\u00e9n\u00e9fici\u00e9 de proc\u00e9dures de cath\u00e9t\u00e9risme, toutes deux r\u00e9ussies. Leur \u00e9tat est actuellement stable. [&hellip;]\" \/>\n<meta property=\"og:url\" content=\"https:\/\/www.webdo.tn\/fr\/actualite\/national\/kasserine-deux-crises-cardiaques-prises-en-charge-grace-a-la-plateforme-najda-tn\/376774\/\" \/>\n<meta property=\"og:site_name\" content=\"webdo\" \/>\n<meta property=\"article:publisher\" content=\"https:\/\/www.facebook.com\/webdotn\" \/>\n<meta property=\"article:published_time\" content=\"2025-06-07T09:45:39+00:00\" \/>\n<meta property=\"article:modified_time\" content=\"2025-06-09T09:17:52+00:00\" \/>\n<meta property=\"og:image\" content=\"https:\/\/www.webdo.tn\/fr\/wp-content\/uploads\/2025\/06\/502866885_1125527642951030_5785889068018189250_n.jpg\" \/>\n\t<meta property=\"og:image:width\" content=\"1280\" \/>\n\t<meta property=\"og:image:height\" content=\"960\" \/>\n\t<meta property=\"og:image:type\" content=\"image\/jpeg\" \/>\n<meta name=\"author\" content=\"Mohamed Fethi\" \/>\n<meta name=\"twitter:card\" content=\"summary_large_image\" \/>\n<meta name=\"twitter:creator\" content=\"@webdo_tn\" \/>\n<meta name=\"twitter:site\" content=\"@webdo_tn\" \/>\n<meta name=\"twitter:label1\" content=\"\u00c9crit par\" \/>\n\t<meta name=\"twitter:data1\" content=\"Mohamed Fethi\" \/>\n\t<meta name=\"twitter:label2\" content=\"Dur\u00e9e de lecture estim\u00e9e\" \/>\n\t<meta name=\"twitter:data2\" content=\"1 minute\" \/>\n<script type=\"application\/ld+json\" class=\"yoast-schema-graph\">{\"@context\":\"https:\\\/\\\/schema.org\",\"@graph\":[{\"@type\":\"NewsArticle\",\"@id\":\"https:\\\/\\\/www.webdo.tn\\\/fr\\\/actualite\\\/national\\\/kasserine-deux-crises-cardiaques-prises-en-charge-grace-a-la-plateforme-najda-tn\\\/376774\\\/#article\",\"isPartOf\":{\"@id\":\"https:\\\/\\\/www.webdo.tn\\\/fr\\\/actualite\\\/national\\\/kasserine-deux-crises-cardiaques-prises-en-charge-grace-a-la-plateforme-najda-tn\\\/376774\\\/\"},\"author\":{\"name\":\"Mohamed Fethi\",\"@id\":\"https:\\\/\\\/www.webdo.tn\\\/fr\\\/#\\\/schema\\\/person\\\/16a4857e77dfc0b610c4c2cadffc9ac4\"},\"headline\":\"Kasserine : deux crises cardiaques prises en charge gr\u00e2ce \u00e0 la plateforme \u00ab Najda TN \u00bb\",\"datePublished\":\"2025-06-07T09:45:39+00:00\",\"dateModified\":\"2025-06-09T09:17:52+00:00\",\"mainEntityOfPage\":{\"@id\":\"https:\\\/\\\/www.webdo.tn\\\/fr\\\/actualite\\\/national\\\/kasserine-deux-crises-cardiaques-prises-en-charge-grace-a-la-plateforme-najda-tn\\\/376774\\\/\"},\"wordCount\":182,\"commentCount\":0,\"publisher\":{\"@id\":\"https:\\\/\\\/www.webdo.tn\\\/fr\\\/#organization\"},\"image\":{\"@id\":\"https:\\\/\\\/www.webdo.tn\\\/fr\\\/actualite\\\/national\\\/kasserine-deux-crises-cardiaques-prises-en-charge-grace-a-la-plateforme-najda-tn\\\/376774\\\/#primaryimage\"},\"thumbnailUrl\":\"https:\\\/\\\/www.webdo.tn\\\/fr\\\/wp-content\\\/uploads\\\/2025\\\/06\\\/502866885_1125527642951030_5785889068018189250_n.jpg\",\"keywords\":[\"Kasserine\",\"NajdaTN\",\"Sant\u00e9\",\"Tunisie\"],\"articleSection\":[\"National\",\"regions\",\"Sant\u00e9\"],\"inLanguage\":\"fr-FR\"},{\"@type\":\"WebPage\",\"@id\":\"https:\\\/\\\/www.webdo.tn\\\/fr\\\/actualite\\\/national\\\/kasserine-deux-crises-cardiaques-prises-en-charge-grace-a-la-plateforme-najda-tn\\\/376774\\\/\",\"url\":\"https:\\\/\\\/www.webdo.tn\\\/fr\\\/actualite\\\/national\\\/kasserine-deux-crises-cardiaques-prises-en-charge-grace-a-la-plateforme-najda-tn\\\/376774\\\/\",\"name\":\"Kasserine : deux crises cardiaques prises en charge gr\u00e2ce \u00e0 la plateforme \u00ab Najda TN \u00bb - webdo\",\"isPartOf\":{\"@id\":\"https:\\\/\\\/www.webdo.tn\\\/fr\\\/#website\"},\"primaryImageOfPage\":{\"@id\":\"https:\\\/\\\/www.webdo.tn\\\/fr\\\/actualite\\\/national\\\/kasserine-deux-crises-cardiaques-prises-en-charge-grace-a-la-plateforme-najda-tn\\\/376774\\\/#primaryimage\"},\"image\":{\"@id\":\"https:\\\/\\\/www.webdo.tn\\\/fr\\\/actualite\\\/national\\\/kasserine-deux-crises-cardiaques-prises-en-charge-grace-a-la-plateforme-najda-tn\\\/376774\\\/#primaryimage\"},\"thumbnailUrl\":\"https:\\\/\\\/www.webdo.tn\\\/fr\\\/wp-content\\\/uploads\\\/2025\\\/06\\\/502866885_1125527642951030_5785889068018189250_n.jpg\",\"datePublished\":\"2025-06-07T09:45:39+00:00\",\"dateModified\":\"2025-06-09T09:17:52+00:00\",\"breadcrumb\":{\"@id\":\"https:\\\/\\\/www.webdo.tn\\\/fr\\\/actualite\\\/national\\\/kasserine-deux-crises-cardiaques-prises-en-charge-grace-a-la-plateforme-najda-tn\\\/376774\\\/#breadcrumb\"},\"inLanguage\":\"fr-FR\",\"potentialAction\":[{\"@type\":\"ReadAction\",\"target\":[\"https:\\\/\\\/www.webdo.tn\\\/fr\\\/actualite\\\/national\\\/kasserine-deux-crises-cardiaques-prises-en-charge-grace-a-la-plateforme-najda-tn\\\/376774\\\/\"]}]},{\"@type\":\"ImageObject\",\"inLanguage\":\"fr-FR\",\"@id\":\"https:\\\/\\\/www.webdo.tn\\\/fr\\\/actualite\\\/national\\\/kasserine-deux-crises-cardiaques-prises-en-charge-grace-a-la-plateforme-najda-tn\\\/376774\\\/#primaryimage\",\"url\":\"https:\\\/\\\/www.webdo.tn\\\/fr\\\/wp-content\\\/uploads\\\/2025\\\/06\\\/502866885_1125527642951030_5785889068018189250_n.jpg\",\"contentUrl\":\"https:\\\/\\\/www.webdo.tn\\\/fr\\\/wp-content\\\/uploads\\\/2025\\\/06\\\/502866885_1125527642951030_5785889068018189250_n.jpg\",\"width\":1280,\"height\":960},{\"@type\":\"BreadcrumbList\",\"@id\":\"https:\\\/\\\/www.webdo.tn\\\/fr\\\/actualite\\\/national\\\/kasserine-deux-crises-cardiaques-prises-en-charge-grace-a-la-plateforme-najda-tn\\\/376774\\\/#breadcrumb\",\"itemListElement\":[{\"@type\":\"ListItem\",\"position\":1,\"name\":\"Accueil\",\"item\":\"https:\\\/\\\/www.webdo.tn\\\/fr\\\/\"},{\"@type\":\"ListItem\",\"position\":2,\"name\":\"Kasserine : deux crises cardiaques prises en charge gr\u00e2ce \u00e0 la plateforme \u00ab Najda TN \u00bb\"}]},{\"@type\":\"WebSite\",\"@id\":\"https:\\\/\\\/www.webdo.tn\\\/fr\\\/#website\",\"url\":\"https:\\\/\\\/www.webdo.tn\\\/fr\\\/\",\"name\":\"webdo\",\"description\":\"Tunisie - News en Tunisie et \u00e0 l&#039;international sur Webdo.tn\",\"publisher\":{\"@id\":\"https:\\\/\\\/www.webdo.tn\\\/fr\\\/#organization\"},\"potentialAction\":[{\"@type\":\"SearchAction\",\"target\":{\"@type\":\"EntryPoint\",\"urlTemplate\":\"https:\\\/\\\/www.webdo.tn\\\/fr\\\/?s={search_term_string}\"},\"query-input\":{\"@type\":\"PropertyValueSpecification\",\"valueRequired\":true,\"valueName\":\"search_term_string\"}}],\"inLanguage\":\"fr-FR\"},{\"@type\":\"Organization\",\"@id\":\"https:\\\/\\\/www.webdo.tn\\\/fr\\\/#organization\",\"name\":\"Webdo\",\"alternateName\":\"Webdo.tn\",\"url\":\"https:\\\/\\\/www.webdo.tn\\\/fr\\\/\",\"logo\":{\"@type\":\"ImageObject\",\"inLanguage\":\"fr-FR\",\"@id\":\"https:\\\/\\\/www.webdo.tn\\\/fr\\\/#\\\/schema\\\/logo\\\/image\\\/\",\"url\":\"https:\\\/\\\/www.webdo.tn\\\/fr\\\/wp-content\\\/uploads\\\/2025\\\/06\\\/Webdo-Tunisie_168377.jpg\",\"contentUrl\":\"https:\\\/\\\/www.webdo.tn\\\/fr\\\/wp-content\\\/uploads\\\/2025\\\/06\\\/Webdo-Tunisie_168377.jpg\",\"width\":301,\"height\":301,\"caption\":\"Webdo\"},\"image\":{\"@id\":\"https:\\\/\\\/www.webdo.tn\\\/fr\\\/#\\\/schema\\\/logo\\\/image\\\/\"},\"sameAs\":[\"https:\\\/\\\/www.facebook.com\\\/webdotn\",\"https:\\\/\\\/x.com\\\/webdo_tn\"],\"description\":\"Webdo est un m\u00e9dia num\u00e9rique tunisien fond\u00e9 en 2010, sp\u00e9cialis\u00e9 dans l\u2019actualit\u00e9 nationale et internationale, l\u2019\u00e9conomie, la soci\u00e9t\u00e9 et les analyses politiques. Le site s\u2019adresse \u00e0 un large public francophone et couvre l\u2019information tunisienne en temps r\u00e9el.\",\"email\":\"redac@webdo.tn\",\"legalName\":\"YNJ SARL\",\"foundingDate\":\"2010-09-06\",\"numberOfEmployees\":{\"@type\":\"QuantitativeValue\",\"minValue\":\"11\",\"maxValue\":\"50\"}},{\"@type\":\"Person\",\"@id\":\"https:\\\/\\\/www.webdo.tn\\\/fr\\\/#\\\/schema\\\/person\\\/16a4857e77dfc0b610c4c2cadffc9ac4\",\"name\":\"Mohamed Fethi\",\"image\":{\"@type\":\"ImageObject\",\"inLanguage\":\"fr-FR\",\"@id\":\"https:\\\/\\\/www.webdo.tn\\\/fr\\\/wp-content\\\/uploads\\\/2026\\\/04\\\/mohamed-fethi_avatar_1-96x96.jpg\",\"url\":\"https:\\\/\\\/www.webdo.tn\\\/fr\\\/wp-content\\\/uploads\\\/2026\\\/04\\\/mohamed-fethi_avatar_1-96x96.jpg\",\"contentUrl\":\"https:\\\/\\\/www.webdo.tn\\\/fr\\\/wp-content\\\/uploads\\\/2026\\\/04\\\/mohamed-fethi_avatar_1-96x96.jpg\",\"caption\":\"Mohamed Fethi\"},\"description\":\"Signature \u00e9ditoriale de Maher Chaabane Mohamed Fethi est le pseudonyme \u00e9ditorial de Maher Chaabane, r\u00e9dacteur en chef de Webdo.tn depuis 2012. Cette signature est d\u00e9di\u00e9e au traitement intensif de l'actualit\u00e9 nationale et internationale en temps r\u00e9el. S'appuyant sur les deux d\u00e9cennies d'expertise journalistique de Maher Chaabane \u2014 d\u00e9but\u00e9e au sein du groupe Tunis Hebdo en 2000 \u2014 Mohamed Fethi assure une veille rigoureuse sur les enjeux politiques, \u00e9conomiques et sportifs. Sa mission est de garantir une information structur\u00e9e, fluide et fid\u00e8le aux standards de la r\u00e9daction. Pour consulter le parcours complet du r\u00e9dacteur en chef, visitez le profil officiel de Maher Chaabane.\",\"knowsAbout\":[\"actualit\u00e9\",\"journalisme\",\"information\",\"politique\",\"sport\",\"m\u00e9dias\",\"actualit\u00e9 internationale\"],\"knowsLanguage\":[\"Fran\u00e7ais\",\"Arabe\"],\"jobTitle\":\"Journaliste \u2013 R\u00e9daction Webdo\",\"worksFor\":\"Webdo.tn\",\"url\":\"https:\\\/\\\/www.webdo.tn\\\/fr\\\/actualite\\\/author\\\/mohamed-fethi\\\/\"}]}<\/script>\n<!-- \/ Yoast SEO Premium plugin. -->","yoast_head_json":{"title":"Kasserine : deux crises cardiaques prises en charge gr\u00e2ce \u00e0 la plateforme \u00ab Najda TN \u00bb - webdo","canonical":"https:\/\/www.webdo.tn\/fr\/actualite\/national\/kasserine-deux-crises-cardiaques-prises-en-charge-grace-a-la-plateforme-najda-tn\/376774\/","og_locale":"fr_FR","og_type":"article","og_title":"Kasserine : deux crises cardiaques prises en charge gr\u00e2ce \u00e0 la plateforme \u00ab Najda TN \u00bb","og_description":"\u00c0 Kasserine, deux patients victimes de crises cardiaques aigu\u00ebs ont \u00e9t\u00e9 pris en charge avec succ\u00e8s par l\u2019\u00e9quipe m\u00e9dicale de l\u2019h\u00f4pital universitaire Badr Eddine Aloui, gr\u00e2ce \u00e0 une intervention coordonn\u00e9e via la plateforme num\u00e9rique \u00ab Najda TN \u00bb. Les deux personnes ont b\u00e9n\u00e9fici\u00e9 de proc\u00e9dures de cath\u00e9t\u00e9risme, toutes deux r\u00e9ussies. Leur \u00e9tat est actuellement stable. [&hellip;]","og_url":"https:\/\/www.webdo.tn\/fr\/actualite\/national\/kasserine-deux-crises-cardiaques-prises-en-charge-grace-a-la-plateforme-najda-tn\/376774\/","og_site_name":"webdo","article_publisher":"https:\/\/www.facebook.com\/webdotn","article_published_time":"2025-06-07T09:45:39+00:00","article_modified_time":"2025-06-09T09:17:52+00:00","og_image":[{"width":1280,"height":960,"url":"https:\/\/www.webdo.tn\/fr\/wp-content\/uploads\/2025\/06\/502866885_1125527642951030_5785889068018189250_n.jpg","type":"image\/jpeg"}],"author":"Mohamed Fethi","twitter_card":"summary_large_image","twitter_creator":"@webdo_tn","twitter_site":"@webdo_tn","twitter_misc":{"\u00c9crit par":"Mohamed Fethi","Dur\u00e9e de lecture estim\u00e9e":"1 minute"},"schema":{"@context":"https:\/\/schema.org","@graph":[{"@type":"NewsArticle","@id":"https:\/\/www.webdo.tn\/fr\/actualite\/national\/kasserine-deux-crises-cardiaques-prises-en-charge-grace-a-la-plateforme-najda-tn\/376774\/#article","isPartOf":{"@id":"https:\/\/www.webdo.tn\/fr\/actualite\/national\/kasserine-deux-crises-cardiaques-prises-en-charge-grace-a-la-plateforme-najda-tn\/376774\/"},"author":{"name":"Mohamed Fethi","@id":"https:\/\/www.webdo.tn\/fr\/#\/schema\/person\/16a4857e77dfc0b610c4c2cadffc9ac4"},"headline":"Kasserine : deux crises cardiaques prises en charge gr\u00e2ce \u00e0 la plateforme \u00ab Najda TN \u00bb","datePublished":"2025-06-07T09:45:39+00:00","dateModified":"2025-06-09T09:17:52+00:00","mainEntityOfPage":{"@id":"https:\/\/www.webdo.tn\/fr\/actualite\/national\/kasserine-deux-crises-cardiaques-prises-en-charge-grace-a-la-plateforme-najda-tn\/376774\/"},"wordCount":182,"commentCount":0,"publisher":{"@id":"https:\/\/www.webdo.tn\/fr\/#organization"},"image":{"@id":"https:\/\/www.webdo.tn\/fr\/actualite\/national\/kasserine-deux-crises-cardiaques-prises-en-charge-grace-a-la-plateforme-najda-tn\/376774\/#primaryimage"},"thumbnailUrl":"https:\/\/www.webdo.tn\/fr\/wp-content\/uploads\/2025\/06\/502866885_1125527642951030_5785889068018189250_n.jpg","keywords":["Kasserine","NajdaTN","Sant\u00e9","Tunisie"],"articleSection":["National","regions","Sant\u00e9"],"inLanguage":"fr-FR"},{"@type":"WebPage","@id":"https:\/\/www.webdo.tn\/fr\/actualite\/national\/kasserine-deux-crises-cardiaques-prises-en-charge-grace-a-la-plateforme-najda-tn\/376774\/","url":"https:\/\/www.webdo.tn\/fr\/actualite\/national\/kasserine-deux-crises-cardiaques-prises-en-charge-grace-a-la-plateforme-najda-tn\/376774\/","name":"Kasserine : deux crises cardiaques prises en charge gr\u00e2ce \u00e0 la plateforme \u00ab Najda TN \u00bb - webdo","isPartOf":{"@id":"https:\/\/www.webdo.tn\/fr\/#website"},"primaryImageOfPage":{"@id":"https:\/\/www.webdo.tn\/fr\/actualite\/national\/kasserine-deux-crises-cardiaques-prises-en-charge-grace-a-la-plateforme-najda-tn\/376774\/#primaryimage"},"image":{"@id":"https:\/\/www.webdo.tn\/fr\/actualite\/national\/kasserine-deux-crises-cardiaques-prises-en-charge-grace-a-la-plateforme-najda-tn\/376774\/#primaryimage"},"thumbnailUrl":"https:\/\/www.webdo.tn\/fr\/wp-content\/uploads\/2025\/06\/502866885_1125527642951030_5785889068018189250_n.jpg","datePublished":"2025-06-07T09:45:39+00:00","dateModified":"2025-06-09T09:17:52+00:00","breadcrumb":{"@id":"https:\/\/www.webdo.tn\/fr\/actualite\/national\/kasserine-deux-crises-cardiaques-prises-en-charge-grace-a-la-plateforme-najda-tn\/376774\/#breadcrumb"},"inLanguage":"fr-FR","potentialAction":[{"@type":"ReadAction","target":["https:\/\/www.webdo.tn\/fr\/actualite\/national\/kasserine-deux-crises-cardiaques-prises-en-charge-grace-a-la-plateforme-najda-tn\/376774\/"]}]},{"@type":"ImageObject","inLanguage":"fr-FR","@id":"https:\/\/www.webdo.tn\/fr\/actualite\/national\/kasserine-deux-crises-cardiaques-prises-en-charge-grace-a-la-plateforme-najda-tn\/376774\/#primaryimage","url":"https:\/\/www.webdo.tn\/fr\/wp-content\/uploads\/2025\/06\/502866885_1125527642951030_5785889068018189250_n.jpg","contentUrl":"https:\/\/www.webdo.tn\/fr\/wp-content\/uploads\/2025\/06\/502866885_1125527642951030_5785889068018189250_n.jpg","width":1280,"height":960},{"@type":"BreadcrumbList","@id":"https:\/\/www.webdo.tn\/fr\/actualite\/national\/kasserine-deux-crises-cardiaques-prises-en-charge-grace-a-la-plateforme-najda-tn\/376774\/#breadcrumb","itemListElement":[{"@type":"ListItem","position":1,"name":"Accueil","item":"https:\/\/www.webdo.tn\/fr\/"},{"@type":"ListItem","position":2,"name":"Kasserine : deux crises cardiaques prises en charge gr\u00e2ce \u00e0 la plateforme \u00ab Najda TN \u00bb"}]},{"@type":"WebSite","@id":"https:\/\/www.webdo.tn\/fr\/#website","url":"https:\/\/www.webdo.tn\/fr\/","name":"webdo","description":"Tunisie - News en Tunisie et \u00e0 l&#039;international sur Webdo.tn","publisher":{"@id":"https:\/\/www.webdo.tn\/fr\/#organization"},"potentialAction":[{"@type":"SearchAction","target":{"@type":"EntryPoint","urlTemplate":"https:\/\/www.webdo.tn\/fr\/?s={search_term_string}"},"query-input":{"@type":"PropertyValueSpecification","valueRequired":true,"valueName":"search_term_string"}}],"inLanguage":"fr-FR"},{"@type":"Organization","@id":"https:\/\/www.webdo.tn\/fr\/#organization","name":"Webdo","alternateName":"Webdo.tn","url":"https:\/\/www.webdo.tn\/fr\/","logo":{"@type":"ImageObject","inLanguage":"fr-FR","@id":"https:\/\/www.webdo.tn\/fr\/#\/schema\/logo\/image\/","url":"https:\/\/www.webdo.tn\/fr\/wp-content\/uploads\/2025\/06\/Webdo-Tunisie_168377.jpg","contentUrl":"https:\/\/www.webdo.tn\/fr\/wp-content\/uploads\/2025\/06\/Webdo-Tunisie_168377.jpg","width":301,"height":301,"caption":"Webdo"},"image":{"@id":"https:\/\/www.webdo.tn\/fr\/#\/schema\/logo\/image\/"},"sameAs":["https:\/\/www.facebook.com\/webdotn","https:\/\/x.com\/webdo_tn"],"description":"Webdo est un m\u00e9dia num\u00e9rique tunisien fond\u00e9 en 2010, sp\u00e9cialis\u00e9 dans l\u2019actualit\u00e9 nationale et internationale, l\u2019\u00e9conomie, la soci\u00e9t\u00e9 et les analyses politiques. Le site s\u2019adresse \u00e0 un large public francophone et couvre l\u2019information tunisienne en temps r\u00e9el.","email":"redac@webdo.tn","legalName":"YNJ SARL","foundingDate":"2010-09-06","numberOfEmployees":{"@type":"QuantitativeValue","minValue":"11","maxValue":"50"}},{"@type":"Person","@id":"https:\/\/www.webdo.tn\/fr\/#\/schema\/person\/16a4857e77dfc0b610c4c2cadffc9ac4","name":"Mohamed Fethi","image":{"@type":"ImageObject","inLanguage":"fr-FR","@id":"https:\/\/www.webdo.tn\/fr\/wp-content\/uploads\/2026\/04\/mohamed-fethi_avatar_1-96x96.jpg","url":"https:\/\/www.webdo.tn\/fr\/wp-content\/uploads\/2026\/04\/mohamed-fethi_avatar_1-96x96.jpg","contentUrl":"https:\/\/www.webdo.tn\/fr\/wp-content\/uploads\/2026\/04\/mohamed-fethi_avatar_1-96x96.jpg","caption":"Mohamed Fethi"},"description":"Signature \u00e9ditoriale de Maher Chaabane Mohamed Fethi est le pseudonyme \u00e9ditorial de Maher Chaabane, r\u00e9dacteur en chef de Webdo.tn depuis 2012. Cette signature est d\u00e9di\u00e9e au traitement intensif de l'actualit\u00e9 nationale et internationale en temps r\u00e9el. S'appuyant sur les deux d\u00e9cennies d'expertise journalistique de Maher Chaabane \u2014 d\u00e9but\u00e9e au sein du groupe Tunis Hebdo en 2000 \u2014 Mohamed Fethi assure une veille rigoureuse sur les enjeux politiques, \u00e9conomiques et sportifs. Sa mission est de garantir une information structur\u00e9e, fluide et fid\u00e8le aux standards de la r\u00e9daction. Pour consulter le parcours complet du r\u00e9dacteur en chef, visitez le profil officiel de Maher Chaabane.","knowsAbout":["actualit\u00e9","journalisme","information","politique","sport","m\u00e9dias","actualit\u00e9 internationale"],"knowsLanguage":["Fran\u00e7ais","Arabe"],"jobTitle":"Journaliste \u2013 R\u00e9daction Webdo","worksFor":"Webdo.tn","url":"https:\/\/www.webdo.tn\/fr\/actualite\/author\/mohamed-fethi\/"}]}},"_links":{"self":[{"href":"https:\/\/www.webdo.tn\/fr\/wp-json\/wp\/v2\/posts\/376774","targetHints":{"allow":["GET"]}}],"collection":[{"href":"https:\/\/www.webdo.tn\/fr\/wp-json\/wp\/v2\/posts"}],"about":[{"href":"https:\/\/www.webdo.tn\/fr\/wp-json\/wp\/v2\/types\/post"}],"author":[{"embeddable":true,"href":"https:\/\/www.webdo.tn\/fr\/wp-json\/wp\/v2\/users\/4782"}],"replies":[{"embeddable":true,"href":"https:\/\/www.webdo.tn\/fr\/wp-json\/wp\/v2\/comments?post=376774"}],"version-history":[{"count":0,"href":"https:\/\/www.webdo.tn\/fr\/wp-json\/wp\/v2\/posts\/376774\/revisions"}],"wp:featuredmedia":[{"embeddable":true,"href":"https:\/\/www.webdo.tn\/fr\/wp-json\/wp\/v2\/media\/376776"}],"wp:attachment":[{"href":"https:\/\/www.webdo.tn\/fr\/wp-json\/wp\/v2\/media?parent=376774"}],"wp:term":[{"taxonomy":"category","embeddable":true,"href":"https:\/\/www.webdo.tn\/fr\/wp-json\/wp\/v2\/categories?post=376774"},{"taxonomy":"post_tag","embeddable":true,"href":"https:\/\/www.webdo.tn\/fr\/wp-json\/wp\/v2\/tags?post=376774"}],"curies":[{"name":"wp","href":"https:\/\/api.w.org\/{rel}","templated":true}]}}