{"id":376366,"date":"2025-06-05T20:01:00","date_gmt":"2025-06-05T20:01:00","guid":{"rendered":"https:\/\/www.webdo.tn\/fr\/?p=376366"},"modified":"2025-06-09T09:52:12","modified_gmt":"2025-06-09T09:52:12","slug":"tunisie-quatre-mois-de-detention-supplementaires-pour-le-journaliste-mourad-zeghidi","status":"publish","type":"post","link":"https:\/\/www.webdo.tn\/fr\/actualite\/national\/tunisie-quatre-mois-de-detention-supplementaires-pour-le-journaliste-mourad-zeghidi\/376366\/","title":{"rendered":"Tunisie : Quatre mois de d\u00e9tention suppl\u00e9mentaires pour le journaliste Mourad Zeghidi"},"content":{"rendered":"\n<p><strong>Le juge d\u2019instruction du bureau n\u00b032, rattach\u00e9 au tribunal de premi\u00e8re instance de Tunis, a d\u00e9cid\u00e9 ce jeudi 5 juin 2025 de reconduire la d\u00e9tention pr\u00e9ventive du journaliste Mourad Zeghidi pour une p\u00e9riode suppl\u00e9mentaire de quatre mois.<\/strong><\/p>\n\n\n\n<p>Cette d\u00e9cision intervient dans le cadre d\u2019une enqu\u00eate li\u00e9e \u00e0 des soup\u00e7ons de blanchiment d\u2019argent.<\/p>\n\n\n\n<p>L\u2019information a \u00e9t\u00e9 confirm\u00e9e par Me Ghazi Mrabet, membre du collectif charg\u00e9 de la d\u00e9fense de Zeghidi, dans une d\u00e9claration \u00e0 l\u2019Agence Tunis Afrique Presse (TAP). Le journaliste, en d\u00e9tention depuis pr\u00e8s d\u2019un an, a comparu le 15 mai dernier devant le juge d\u2019instruction pour la troisi\u00e8me fois dans le cadre de cette affaire.<\/p>\n\n\n\n<p>Lors de cette audience, ses avocats avaient renouvel\u00e9 leur demande de mise en libert\u00e9 provisoire. Cette requ\u00eate demeure cependant en suspens, aucune d\u00e9cision n\u2019ayant \u00e9t\u00e9 rendue \u00e0 ce jour.<\/p>\n\n\n\n<p>En marge de l\u2019audience du 15 mai, un rassemblement de soutien s\u2019\u00e9tait tenu devant le tribunal \u00e0 l\u2019initiative du Syndicat national des journalistes tunisiens (SNJT). Plusieurs confr\u00e8res, militants associatifs, responsables politiques et proches du journaliste avaient pris part \u00e0 ce mouvement, appelant \u00e0 sa lib\u00e9ration et r\u00e9clamant le respect des droits fondamentaux, notamment la libert\u00e9 d\u2019expression et l\u2019ind\u00e9pendance de la justice.<\/p>\n","protected":false},"excerpt":{"rendered":"<p>Le juge d\u2019instruction du bureau n\u00b032, rattach\u00e9 au tribunal de premi\u00e8re instance de Tunis, a d\u00e9cid\u00e9 ce jeudi 5 juin 2025 de reconduire la d\u00e9tention pr\u00e9ventive du journaliste Mourad Zeghidi pour une p\u00e9riode suppl\u00e9mentaire de quatre mois. Cette d\u00e9cision intervient dans le cadre d\u2019une enqu\u00eate li\u00e9e \u00e0 des soup\u00e7ons de blanchiment d\u2019argent. L\u2019information a \u00e9t\u00e9 [&hellip;]<\/p>\n","protected":false},"author":4782,"featured_media":376368,"comment_status":"open","ping_status":"open","sticky":false,"template":"","format":"standard","meta":{"footnotes":""},"categories":[44],"tags":[2706,3286,2619,4868,2608],"class_list":["post-376366","post","type-post","status-publish","format-standard","has-post-thumbnail","hentry","category-national","tag-blanchiment-dargent","tag-detention","tag-justice","tag-mourad-zeghidi","tag-tunisie"],"yoast_head":"<!-- This site is optimized with the Yoast SEO Premium plugin v27.4 (Yoast SEO v27.5) - https:\/\/yoast.com\/product\/yoast-seo-premium-wordpress\/ -->\n<title>Tunisie : Quatre mois de d\u00e9tention suppl\u00e9mentaires pour le journaliste Mourad Zeghidi - webdo<\/title>\n<link rel=\"canonical\" href=\"https:\/\/www.webdo.tn\/fr\/actualite\/national\/tunisie-quatre-mois-de-detention-supplementaires-pour-le-journaliste-mourad-zeghidi\/376366\/\" \/>\n<meta property=\"og:locale\" content=\"fr_FR\" \/>\n<meta property=\"og:type\" content=\"article\" \/>\n<meta property=\"og:title\" content=\"Tunisie : Quatre mois de d\u00e9tention suppl\u00e9mentaires pour le journaliste Mourad Zeghidi\" \/>\n<meta property=\"og:description\" content=\"Le juge d\u2019instruction du bureau n\u00b032, rattach\u00e9 au tribunal de premi\u00e8re instance de Tunis, a d\u00e9cid\u00e9 ce jeudi 5 juin 2025 de reconduire la d\u00e9tention pr\u00e9ventive du journaliste Mourad Zeghidi pour une p\u00e9riode suppl\u00e9mentaire de quatre mois. Cette d\u00e9cision intervient dans le cadre d\u2019une enqu\u00eate li\u00e9e \u00e0 des soup\u00e7ons de blanchiment d\u2019argent. L\u2019information a \u00e9t\u00e9 [&hellip;]\" \/>\n<meta property=\"og:url\" content=\"https:\/\/www.webdo.tn\/fr\/actualite\/national\/tunisie-quatre-mois-de-detention-supplementaires-pour-le-journaliste-mourad-zeghidi\/376366\/\" \/>\n<meta property=\"og:site_name\" content=\"webdo\" \/>\n<meta property=\"article:publisher\" content=\"https:\/\/www.facebook.com\/webdotn\" \/>\n<meta property=\"article:published_time\" content=\"2025-06-05T20:01:00+00:00\" \/>\n<meta property=\"article:modified_time\" content=\"2025-06-09T09:52:12+00:00\" \/>\n<meta property=\"og:image\" content=\"https:\/\/www.webdo.tn\/fr\/wp-content\/uploads\/2025\/06\/7672d99f15154b63039c927264ebf9c0.webp\" \/>\n\t<meta property=\"og:image:width\" content=\"750\" \/>\n\t<meta property=\"og:image:height\" content=\"400\" \/>\n\t<meta property=\"og:image:type\" content=\"image\/webp\" \/>\n<meta name=\"author\" content=\"Mohamed Fethi\" \/>\n<meta name=\"twitter:card\" content=\"summary_large_image\" \/>\n<meta name=\"twitter:creator\" content=\"@webdo_tn\" \/>\n<meta name=\"twitter:site\" content=\"@webdo_tn\" \/>\n<meta name=\"twitter:label1\" content=\"\u00c9crit par\" \/>\n\t<meta name=\"twitter:data1\" content=\"Mohamed Fethi\" \/>\n\t<meta name=\"twitter:label2\" content=\"Dur\u00e9e de lecture estim\u00e9e\" \/>\n\t<meta name=\"twitter:data2\" content=\"2 minutes\" \/>\n<script type=\"application\/ld+json\" class=\"yoast-schema-graph\">{\"@context\":\"https:\\\/\\\/schema.org\",\"@graph\":[{\"@type\":\"NewsArticle\",\"@id\":\"https:\\\/\\\/www.webdo.tn\\\/fr\\\/actualite\\\/national\\\/tunisie-quatre-mois-de-detention-supplementaires-pour-le-journaliste-mourad-zeghidi\\\/376366\\\/#article\",\"isPartOf\":{\"@id\":\"https:\\\/\\\/www.webdo.tn\\\/fr\\\/actualite\\\/national\\\/tunisie-quatre-mois-de-detention-supplementaires-pour-le-journaliste-mourad-zeghidi\\\/376366\\\/\"},\"author\":{\"name\":\"Mohamed Fethi\",\"@id\":\"https:\\\/\\\/www.webdo.tn\\\/fr\\\/#\\\/schema\\\/person\\\/16a4857e77dfc0b610c4c2cadffc9ac4\"},\"headline\":\"Tunisie : Quatre mois de d\u00e9tention suppl\u00e9mentaires pour le journaliste Mourad Zeghidi\",\"datePublished\":\"2025-06-05T20:01:00+00:00\",\"dateModified\":\"2025-06-09T09:52:12+00:00\",\"mainEntityOfPage\":{\"@id\":\"https:\\\/\\\/www.webdo.tn\\\/fr\\\/actualite\\\/national\\\/tunisie-quatre-mois-de-detention-supplementaires-pour-le-journaliste-mourad-zeghidi\\\/376366\\\/\"},\"wordCount\":234,\"commentCount\":0,\"publisher\":{\"@id\":\"https:\\\/\\\/www.webdo.tn\\\/fr\\\/#organization\"},\"image\":{\"@id\":\"https:\\\/\\\/www.webdo.tn\\\/fr\\\/actualite\\\/national\\\/tunisie-quatre-mois-de-detention-supplementaires-pour-le-journaliste-mourad-zeghidi\\\/376366\\\/#primaryimage\"},\"thumbnailUrl\":\"https:\\\/\\\/www.webdo.tn\\\/fr\\\/wp-content\\\/uploads\\\/2025\\\/06\\\/7672d99f15154b63039c927264ebf9c0.webp\",\"keywords\":[\"blanchiment d'argent\",\"d\u00e9tention\",\"justice\",\"Mourad Zeghidi\",\"Tunisie\"],\"articleSection\":[\"National\"],\"inLanguage\":\"fr-FR\"},{\"@type\":\"WebPage\",\"@id\":\"https:\\\/\\\/www.webdo.tn\\\/fr\\\/actualite\\\/national\\\/tunisie-quatre-mois-de-detention-supplementaires-pour-le-journaliste-mourad-zeghidi\\\/376366\\\/\",\"url\":\"https:\\\/\\\/www.webdo.tn\\\/fr\\\/actualite\\\/national\\\/tunisie-quatre-mois-de-detention-supplementaires-pour-le-journaliste-mourad-zeghidi\\\/376366\\\/\",\"name\":\"Tunisie : Quatre mois de d\u00e9tention suppl\u00e9mentaires pour le journaliste Mourad Zeghidi - webdo\",\"isPartOf\":{\"@id\":\"https:\\\/\\\/www.webdo.tn\\\/fr\\\/#website\"},\"primaryImageOfPage\":{\"@id\":\"https:\\\/\\\/www.webdo.tn\\\/fr\\\/actualite\\\/national\\\/tunisie-quatre-mois-de-detention-supplementaires-pour-le-journaliste-mourad-zeghidi\\\/376366\\\/#primaryimage\"},\"image\":{\"@id\":\"https:\\\/\\\/www.webdo.tn\\\/fr\\\/actualite\\\/national\\\/tunisie-quatre-mois-de-detention-supplementaires-pour-le-journaliste-mourad-zeghidi\\\/376366\\\/#primaryimage\"},\"thumbnailUrl\":\"https:\\\/\\\/www.webdo.tn\\\/fr\\\/wp-content\\\/uploads\\\/2025\\\/06\\\/7672d99f15154b63039c927264ebf9c0.webp\",\"datePublished\":\"2025-06-05T20:01:00+00:00\",\"dateModified\":\"2025-06-09T09:52:12+00:00\",\"breadcrumb\":{\"@id\":\"https:\\\/\\\/www.webdo.tn\\\/fr\\\/actualite\\\/national\\\/tunisie-quatre-mois-de-detention-supplementaires-pour-le-journaliste-mourad-zeghidi\\\/376366\\\/#breadcrumb\"},\"inLanguage\":\"fr-FR\",\"potentialAction\":[{\"@type\":\"ReadAction\",\"target\":[\"https:\\\/\\\/www.webdo.tn\\\/fr\\\/actualite\\\/national\\\/tunisie-quatre-mois-de-detention-supplementaires-pour-le-journaliste-mourad-zeghidi\\\/376366\\\/\"]}]},{\"@type\":\"ImageObject\",\"inLanguage\":\"fr-FR\",\"@id\":\"https:\\\/\\\/www.webdo.tn\\\/fr\\\/actualite\\\/national\\\/tunisie-quatre-mois-de-detention-supplementaires-pour-le-journaliste-mourad-zeghidi\\\/376366\\\/#primaryimage\",\"url\":\"https:\\\/\\\/www.webdo.tn\\\/fr\\\/wp-content\\\/uploads\\\/2025\\\/06\\\/7672d99f15154b63039c927264ebf9c0.webp\",\"contentUrl\":\"https:\\\/\\\/www.webdo.tn\\\/fr\\\/wp-content\\\/uploads\\\/2025\\\/06\\\/7672d99f15154b63039c927264ebf9c0.webp\",\"width\":750,\"height\":400},{\"@type\":\"BreadcrumbList\",\"@id\":\"https:\\\/\\\/www.webdo.tn\\\/fr\\\/actualite\\\/national\\\/tunisie-quatre-mois-de-detention-supplementaires-pour-le-journaliste-mourad-zeghidi\\\/376366\\\/#breadcrumb\",\"itemListElement\":[{\"@type\":\"ListItem\",\"position\":1,\"name\":\"Accueil\",\"item\":\"https:\\\/\\\/www.webdo.tn\\\/fr\\\/\"},{\"@type\":\"ListItem\",\"position\":2,\"name\":\"Tunisie : Quatre mois de d\u00e9tention suppl\u00e9mentaires pour le journaliste Mourad Zeghidi\"}]},{\"@type\":\"WebSite\",\"@id\":\"https:\\\/\\\/www.webdo.tn\\\/fr\\\/#website\",\"url\":\"https:\\\/\\\/www.webdo.tn\\\/fr\\\/\",\"name\":\"webdo\",\"description\":\"Tunisie - News en Tunisie et \u00e0 l&#039;international sur Webdo.tn\",\"publisher\":{\"@id\":\"https:\\\/\\\/www.webdo.tn\\\/fr\\\/#organization\"},\"potentialAction\":[{\"@type\":\"SearchAction\",\"target\":{\"@type\":\"EntryPoint\",\"urlTemplate\":\"https:\\\/\\\/www.webdo.tn\\\/fr\\\/?s={search_term_string}\"},\"query-input\":{\"@type\":\"PropertyValueSpecification\",\"valueRequired\":true,\"valueName\":\"search_term_string\"}}],\"inLanguage\":\"fr-FR\"},{\"@type\":\"Organization\",\"@id\":\"https:\\\/\\\/www.webdo.tn\\\/fr\\\/#organization\",\"name\":\"Webdo\",\"alternateName\":\"Webdo.tn\",\"url\":\"https:\\\/\\\/www.webdo.tn\\\/fr\\\/\",\"logo\":{\"@type\":\"ImageObject\",\"inLanguage\":\"fr-FR\",\"@id\":\"https:\\\/\\\/www.webdo.tn\\\/fr\\\/#\\\/schema\\\/logo\\\/image\\\/\",\"url\":\"https:\\\/\\\/www.webdo.tn\\\/fr\\\/wp-content\\\/uploads\\\/2025\\\/06\\\/Webdo-Tunisie_168377.jpg\",\"contentUrl\":\"https:\\\/\\\/www.webdo.tn\\\/fr\\\/wp-content\\\/uploads\\\/2025\\\/06\\\/Webdo-Tunisie_168377.jpg\",\"width\":301,\"height\":301,\"caption\":\"Webdo\"},\"image\":{\"@id\":\"https:\\\/\\\/www.webdo.tn\\\/fr\\\/#\\\/schema\\\/logo\\\/image\\\/\"},\"sameAs\":[\"https:\\\/\\\/www.facebook.com\\\/webdotn\",\"https:\\\/\\\/x.com\\\/webdo_tn\"],\"description\":\"Webdo est un m\u00e9dia num\u00e9rique tunisien fond\u00e9 en 2010, sp\u00e9cialis\u00e9 dans l\u2019actualit\u00e9 nationale et internationale, l\u2019\u00e9conomie, la soci\u00e9t\u00e9 et les analyses politiques. Le site s\u2019adresse \u00e0 un large public francophone et couvre l\u2019information tunisienne en temps r\u00e9el.\",\"email\":\"redac@webdo.tn\",\"legalName\":\"YNJ SARL\",\"foundingDate\":\"2010-09-06\",\"numberOfEmployees\":{\"@type\":\"QuantitativeValue\",\"minValue\":\"11\",\"maxValue\":\"50\"}},{\"@type\":\"Person\",\"@id\":\"https:\\\/\\\/www.webdo.tn\\\/fr\\\/#\\\/schema\\\/person\\\/16a4857e77dfc0b610c4c2cadffc9ac4\",\"name\":\"Mohamed Fethi\",\"image\":{\"@type\":\"ImageObject\",\"inLanguage\":\"fr-FR\",\"@id\":\"https:\\\/\\\/www.webdo.tn\\\/fr\\\/wp-content\\\/uploads\\\/2026\\\/04\\\/mohamed-fethi_avatar_1-96x96.jpg\",\"url\":\"https:\\\/\\\/www.webdo.tn\\\/fr\\\/wp-content\\\/uploads\\\/2026\\\/04\\\/mohamed-fethi_avatar_1-96x96.jpg\",\"contentUrl\":\"https:\\\/\\\/www.webdo.tn\\\/fr\\\/wp-content\\\/uploads\\\/2026\\\/04\\\/mohamed-fethi_avatar_1-96x96.jpg\",\"caption\":\"Mohamed Fethi\"},\"description\":\"Signature \u00e9ditoriale de Maher Chaabane Mohamed Fethi est le pseudonyme \u00e9ditorial de Maher Chaabane, r\u00e9dacteur en chef de Webdo.tn depuis 2012. Cette signature est d\u00e9di\u00e9e au traitement intensif de l'actualit\u00e9 nationale et internationale en temps r\u00e9el. S'appuyant sur les deux d\u00e9cennies d'expertise journalistique de Maher Chaabane \u2014 d\u00e9but\u00e9e au sein du groupe Tunis Hebdo en 2000 \u2014 Mohamed Fethi assure une veille rigoureuse sur les enjeux politiques, \u00e9conomiques et sportifs. Sa mission est de garantir une information structur\u00e9e, fluide et fid\u00e8le aux standards de la r\u00e9daction. Pour consulter le parcours complet du r\u00e9dacteur en chef, visitez le profil officiel de Maher Chaabane.\",\"knowsAbout\":[\"actualit\u00e9\",\"journalisme\",\"information\",\"politique\",\"sport\",\"m\u00e9dias\",\"actualit\u00e9 internationale\"],\"knowsLanguage\":[\"Fran\u00e7ais\",\"Arabe\"],\"jobTitle\":\"Journaliste \u2013 R\u00e9daction Webdo\",\"worksFor\":\"Webdo.tn\",\"url\":\"https:\\\/\\\/www.webdo.tn\\\/fr\\\/actualite\\\/author\\\/mohamed-fethi\\\/\"}]}<\/script>\n<!-- \/ Yoast SEO Premium plugin. -->","yoast_head_json":{"title":"Tunisie : Quatre mois de d\u00e9tention suppl\u00e9mentaires pour le journaliste Mourad Zeghidi - webdo","canonical":"https:\/\/www.webdo.tn\/fr\/actualite\/national\/tunisie-quatre-mois-de-detention-supplementaires-pour-le-journaliste-mourad-zeghidi\/376366\/","og_locale":"fr_FR","og_type":"article","og_title":"Tunisie : Quatre mois de d\u00e9tention suppl\u00e9mentaires pour le journaliste Mourad Zeghidi","og_description":"Le juge d\u2019instruction du bureau n\u00b032, rattach\u00e9 au tribunal de premi\u00e8re instance de Tunis, a d\u00e9cid\u00e9 ce jeudi 5 juin 2025 de reconduire la d\u00e9tention pr\u00e9ventive du journaliste Mourad Zeghidi pour une p\u00e9riode suppl\u00e9mentaire de quatre mois. Cette d\u00e9cision intervient dans le cadre d\u2019une enqu\u00eate li\u00e9e \u00e0 des soup\u00e7ons de blanchiment d\u2019argent. L\u2019information a \u00e9t\u00e9 [&hellip;]","og_url":"https:\/\/www.webdo.tn\/fr\/actualite\/national\/tunisie-quatre-mois-de-detention-supplementaires-pour-le-journaliste-mourad-zeghidi\/376366\/","og_site_name":"webdo","article_publisher":"https:\/\/www.facebook.com\/webdotn","article_published_time":"2025-06-05T20:01:00+00:00","article_modified_time":"2025-06-09T09:52:12+00:00","og_image":[{"width":750,"height":400,"url":"https:\/\/www.webdo.tn\/fr\/wp-content\/uploads\/2025\/06\/7672d99f15154b63039c927264ebf9c0.webp","type":"image\/webp"}],"author":"Mohamed Fethi","twitter_card":"summary_large_image","twitter_creator":"@webdo_tn","twitter_site":"@webdo_tn","twitter_misc":{"\u00c9crit par":"Mohamed Fethi","Dur\u00e9e de lecture estim\u00e9e":"2 minutes"},"schema":{"@context":"https:\/\/schema.org","@graph":[{"@type":"NewsArticle","@id":"https:\/\/www.webdo.tn\/fr\/actualite\/national\/tunisie-quatre-mois-de-detention-supplementaires-pour-le-journaliste-mourad-zeghidi\/376366\/#article","isPartOf":{"@id":"https:\/\/www.webdo.tn\/fr\/actualite\/national\/tunisie-quatre-mois-de-detention-supplementaires-pour-le-journaliste-mourad-zeghidi\/376366\/"},"author":{"name":"Mohamed Fethi","@id":"https:\/\/www.webdo.tn\/fr\/#\/schema\/person\/16a4857e77dfc0b610c4c2cadffc9ac4"},"headline":"Tunisie : Quatre mois de d\u00e9tention suppl\u00e9mentaires pour le journaliste Mourad Zeghidi","datePublished":"2025-06-05T20:01:00+00:00","dateModified":"2025-06-09T09:52:12+00:00","mainEntityOfPage":{"@id":"https:\/\/www.webdo.tn\/fr\/actualite\/national\/tunisie-quatre-mois-de-detention-supplementaires-pour-le-journaliste-mourad-zeghidi\/376366\/"},"wordCount":234,"commentCount":0,"publisher":{"@id":"https:\/\/www.webdo.tn\/fr\/#organization"},"image":{"@id":"https:\/\/www.webdo.tn\/fr\/actualite\/national\/tunisie-quatre-mois-de-detention-supplementaires-pour-le-journaliste-mourad-zeghidi\/376366\/#primaryimage"},"thumbnailUrl":"https:\/\/www.webdo.tn\/fr\/wp-content\/uploads\/2025\/06\/7672d99f15154b63039c927264ebf9c0.webp","keywords":["blanchiment d'argent","d\u00e9tention","justice","Mourad Zeghidi","Tunisie"],"articleSection":["National"],"inLanguage":"fr-FR"},{"@type":"WebPage","@id":"https:\/\/www.webdo.tn\/fr\/actualite\/national\/tunisie-quatre-mois-de-detention-supplementaires-pour-le-journaliste-mourad-zeghidi\/376366\/","url":"https:\/\/www.webdo.tn\/fr\/actualite\/national\/tunisie-quatre-mois-de-detention-supplementaires-pour-le-journaliste-mourad-zeghidi\/376366\/","name":"Tunisie : Quatre mois de d\u00e9tention suppl\u00e9mentaires pour le journaliste Mourad Zeghidi - webdo","isPartOf":{"@id":"https:\/\/www.webdo.tn\/fr\/#website"},"primaryImageOfPage":{"@id":"https:\/\/www.webdo.tn\/fr\/actualite\/national\/tunisie-quatre-mois-de-detention-supplementaires-pour-le-journaliste-mourad-zeghidi\/376366\/#primaryimage"},"image":{"@id":"https:\/\/www.webdo.tn\/fr\/actualite\/national\/tunisie-quatre-mois-de-detention-supplementaires-pour-le-journaliste-mourad-zeghidi\/376366\/#primaryimage"},"thumbnailUrl":"https:\/\/www.webdo.tn\/fr\/wp-content\/uploads\/2025\/06\/7672d99f15154b63039c927264ebf9c0.webp","datePublished":"2025-06-05T20:01:00+00:00","dateModified":"2025-06-09T09:52:12+00:00","breadcrumb":{"@id":"https:\/\/www.webdo.tn\/fr\/actualite\/national\/tunisie-quatre-mois-de-detention-supplementaires-pour-le-journaliste-mourad-zeghidi\/376366\/#breadcrumb"},"inLanguage":"fr-FR","potentialAction":[{"@type":"ReadAction","target":["https:\/\/www.webdo.tn\/fr\/actualite\/national\/tunisie-quatre-mois-de-detention-supplementaires-pour-le-journaliste-mourad-zeghidi\/376366\/"]}]},{"@type":"ImageObject","inLanguage":"fr-FR","@id":"https:\/\/www.webdo.tn\/fr\/actualite\/national\/tunisie-quatre-mois-de-detention-supplementaires-pour-le-journaliste-mourad-zeghidi\/376366\/#primaryimage","url":"https:\/\/www.webdo.tn\/fr\/wp-content\/uploads\/2025\/06\/7672d99f15154b63039c927264ebf9c0.webp","contentUrl":"https:\/\/www.webdo.tn\/fr\/wp-content\/uploads\/2025\/06\/7672d99f15154b63039c927264ebf9c0.webp","width":750,"height":400},{"@type":"BreadcrumbList","@id":"https:\/\/www.webdo.tn\/fr\/actualite\/national\/tunisie-quatre-mois-de-detention-supplementaires-pour-le-journaliste-mourad-zeghidi\/376366\/#breadcrumb","itemListElement":[{"@type":"ListItem","position":1,"name":"Accueil","item":"https:\/\/www.webdo.tn\/fr\/"},{"@type":"ListItem","position":2,"name":"Tunisie : Quatre mois de d\u00e9tention suppl\u00e9mentaires pour le journaliste Mourad Zeghidi"}]},{"@type":"WebSite","@id":"https:\/\/www.webdo.tn\/fr\/#website","url":"https:\/\/www.webdo.tn\/fr\/","name":"webdo","description":"Tunisie - News en Tunisie et \u00e0 l&#039;international sur Webdo.tn","publisher":{"@id":"https:\/\/www.webdo.tn\/fr\/#organization"},"potentialAction":[{"@type":"SearchAction","target":{"@type":"EntryPoint","urlTemplate":"https:\/\/www.webdo.tn\/fr\/?s={search_term_string}"},"query-input":{"@type":"PropertyValueSpecification","valueRequired":true,"valueName":"search_term_string"}}],"inLanguage":"fr-FR"},{"@type":"Organization","@id":"https:\/\/www.webdo.tn\/fr\/#organization","name":"Webdo","alternateName":"Webdo.tn","url":"https:\/\/www.webdo.tn\/fr\/","logo":{"@type":"ImageObject","inLanguage":"fr-FR","@id":"https:\/\/www.webdo.tn\/fr\/#\/schema\/logo\/image\/","url":"https:\/\/www.webdo.tn\/fr\/wp-content\/uploads\/2025\/06\/Webdo-Tunisie_168377.jpg","contentUrl":"https:\/\/www.webdo.tn\/fr\/wp-content\/uploads\/2025\/06\/Webdo-Tunisie_168377.jpg","width":301,"height":301,"caption":"Webdo"},"image":{"@id":"https:\/\/www.webdo.tn\/fr\/#\/schema\/logo\/image\/"},"sameAs":["https:\/\/www.facebook.com\/webdotn","https:\/\/x.com\/webdo_tn"],"description":"Webdo est un m\u00e9dia num\u00e9rique tunisien fond\u00e9 en 2010, sp\u00e9cialis\u00e9 dans l\u2019actualit\u00e9 nationale et internationale, l\u2019\u00e9conomie, la soci\u00e9t\u00e9 et les analyses politiques. Le site s\u2019adresse \u00e0 un large public francophone et couvre l\u2019information tunisienne en temps r\u00e9el.","email":"redac@webdo.tn","legalName":"YNJ SARL","foundingDate":"2010-09-06","numberOfEmployees":{"@type":"QuantitativeValue","minValue":"11","maxValue":"50"}},{"@type":"Person","@id":"https:\/\/www.webdo.tn\/fr\/#\/schema\/person\/16a4857e77dfc0b610c4c2cadffc9ac4","name":"Mohamed Fethi","image":{"@type":"ImageObject","inLanguage":"fr-FR","@id":"https:\/\/www.webdo.tn\/fr\/wp-content\/uploads\/2026\/04\/mohamed-fethi_avatar_1-96x96.jpg","url":"https:\/\/www.webdo.tn\/fr\/wp-content\/uploads\/2026\/04\/mohamed-fethi_avatar_1-96x96.jpg","contentUrl":"https:\/\/www.webdo.tn\/fr\/wp-content\/uploads\/2026\/04\/mohamed-fethi_avatar_1-96x96.jpg","caption":"Mohamed Fethi"},"description":"Signature \u00e9ditoriale de Maher Chaabane Mohamed Fethi est le pseudonyme \u00e9ditorial de Maher Chaabane, r\u00e9dacteur en chef de Webdo.tn depuis 2012. Cette signature est d\u00e9di\u00e9e au traitement intensif de l'actualit\u00e9 nationale et internationale en temps r\u00e9el. S'appuyant sur les deux d\u00e9cennies d'expertise journalistique de Maher Chaabane \u2014 d\u00e9but\u00e9e au sein du groupe Tunis Hebdo en 2000 \u2014 Mohamed Fethi assure une veille rigoureuse sur les enjeux politiques, \u00e9conomiques et sportifs. Sa mission est de garantir une information structur\u00e9e, fluide et fid\u00e8le aux standards de la r\u00e9daction. Pour consulter le parcours complet du r\u00e9dacteur en chef, visitez le profil officiel de Maher Chaabane.","knowsAbout":["actualit\u00e9","journalisme","information","politique","sport","m\u00e9dias","actualit\u00e9 internationale"],"knowsLanguage":["Fran\u00e7ais","Arabe"],"jobTitle":"Journaliste \u2013 R\u00e9daction Webdo","worksFor":"Webdo.tn","url":"https:\/\/www.webdo.tn\/fr\/actualite\/author\/mohamed-fethi\/"}]}},"_links":{"self":[{"href":"https:\/\/www.webdo.tn\/fr\/wp-json\/wp\/v2\/posts\/376366","targetHints":{"allow":["GET"]}}],"collection":[{"href":"https:\/\/www.webdo.tn\/fr\/wp-json\/wp\/v2\/posts"}],"about":[{"href":"https:\/\/www.webdo.tn\/fr\/wp-json\/wp\/v2\/types\/post"}],"author":[{"embeddable":true,"href":"https:\/\/www.webdo.tn\/fr\/wp-json\/wp\/v2\/users\/4782"}],"replies":[{"embeddable":true,"href":"https:\/\/www.webdo.tn\/fr\/wp-json\/wp\/v2\/comments?post=376366"}],"version-history":[{"count":0,"href":"https:\/\/www.webdo.tn\/fr\/wp-json\/wp\/v2\/posts\/376366\/revisions"}],"wp:featuredmedia":[{"embeddable":true,"href":"https:\/\/www.webdo.tn\/fr\/wp-json\/wp\/v2\/media\/376368"}],"wp:attachment":[{"href":"https:\/\/www.webdo.tn\/fr\/wp-json\/wp\/v2\/media?parent=376366"}],"wp:term":[{"taxonomy":"category","embeddable":true,"href":"https:\/\/www.webdo.tn\/fr\/wp-json\/wp\/v2\/categories?post=376366"},{"taxonomy":"post_tag","embeddable":true,"href":"https:\/\/www.webdo.tn\/fr\/wp-json\/wp\/v2\/tags?post=376366"}],"curies":[{"name":"wp","href":"https:\/\/api.w.org\/{rel}","templated":true}]}}