{"id":365210,"date":"2011-07-24T17:37:00","date_gmt":"2011-07-24T17:37:00","guid":{"rendered":"https:\/\/www.webdo.tn\/fr\/actualite\/blog\/a-ce-rythme-on-va-atteindre-2-millions-delecteurs-inscrits-2\/365210\/"},"modified":"2011-07-24T17:37:00","modified_gmt":"2011-07-24T17:37:00","slug":"a-ce-rythme-on-va-atteindre-2-millions-delecteurs-inscrits-2","status":"publish","type":"post","link":"https:\/\/www.webdo.tn\/fr\/actualite\/national\/a-ce-rythme-on-va-atteindre-2-millions-delecteurs-inscrits-2\/365210\/","title":{"rendered":"\u00c0 ce rythme, on va atteindre 2 millions d&rsquo;\u00e9lecteurs inscrits"},"content":{"rendered":"<p>Hier soir, l&rsquo;agence TAP a annonc\u00e9 en fanfare qu&rsquo;en une seule journ\u00e9e, du samedi, 104 mille \u00e9lecteurs se sont inscrits. Un nombre qui a rendu le sourire au secr\u00e9taire g\u00e9n\u00e9ral de l&rsquo;Instance Sup\u00e9rieure Ind\u00e9pendante pour les Elections (ISIE), Boubaker Bethabet.<\/p>\n<p>En effet, il a d\u00e9clar\u00e9 \u00e0 la TAP \u00ab\u00a0l&rsquo;affluence massive enregistr\u00e9e, samedi, vers les bureaux d&rsquo;inscription, est un t\u00e9moin saisissant de la confiance qu&rsquo;\u00e9prouve le citoyen tunisien \u00e0 la r\u00e9gularit\u00e9 des op\u00e9rations d&rsquo;inscription sur les listes \u00e9lectorales\u00a0\u00bb.<\/p>\n<p>Aujourd&rsquo;hui, on note, \u00e0 15h, sur la page Facebook de l&rsquo;ISIE, que 103 mille nouveaux lecteurs se sont inscrits. Portant, ainsi, \u00e0 670.072 le nombre des Tunisiens inscrits jusqu&rsquo;\u00e0 maintenant. De quoi donner des sourires \u00e0 Boubaker Bethabet jusqu&rsquo;en avoir mal aux joues.<\/p>\n<p>M\u00eame si ces chiffres sont encourageants, il ne reste que 9 jours avant le dernier d\u00e9lai d\u2019inscription. D&rsquo;ici le deadline du 02 ao\u00fbt 2011, et au rythme de 100 mille et quelques nouvelles inscriptions par jour on aura, avec un peu de chance, un total de pr\u00e8s de 2 millions d&rsquo;inscrits. Un nombre tr\u00e8s loin de l\u2019objectif de l&rsquo;ISIE qui est de 7,2 millions.<\/p>\n<p>En attendant, esp\u00e9rons que les Tunisiens feront la queue pour s\u2019inscrire et qu&rsquo;ils -les inscrits- n\u2019oublieront pas que le plus important est d&rsquo;aller voter !<\/p>\n<p>Rappelons que les bureaux d&rsquo;inscription sur les listes \u00e9lectorales seront ouverts, aussi, demains 25 juillet de 8h \u00e0 18h.<\/p>\n","protected":false},"excerpt":{"rendered":"<p>\u00c0 ce rythme, on va atteindre 2 millions d&rsquo;\u00e9lecteurs inscrits  <\/p>\n","protected":false},"author":3222,"featured_media":365212,"comment_status":"open","ping_status":"closed","sticky":false,"template":"","format":"standard","meta":{"footnotes":""},"categories":[44],"tags":[],"class_list":["post-365210","post","type-post","status-publish","format-standard","has-post-thumbnail","hentry","category-national"],"yoast_head":"<!-- This site is optimized with the Yoast SEO Premium plugin v27.4 (Yoast SEO v27.5) - https:\/\/yoast.com\/product\/yoast-seo-premium-wordpress\/ -->\n<title>\u00c0 ce rythme, on va atteindre 2 millions d&#039;\u00e9lecteurs inscrits<\/title>\n<meta name=\"description\" content=\"\u00c0 ce rythme, on va atteindre 2 millions d&#039;\u00e9lecteurs inscrits\" \/>\n<link rel=\"canonical\" href=\"https:\/\/www.webdo.tn\/fr\/actualite\/national\/a-ce-rythme-on-va-atteindre-2-millions-delecteurs-inscrits-2\/365210\/\" \/>\n<meta property=\"og:locale\" content=\"fr_FR\" \/>\n<meta property=\"og:type\" content=\"article\" \/>\n<meta property=\"og:title\" content=\"\u00c0 ce rythme, on va atteindre 2 millions d&#039;\u00e9lecteurs inscrits\" \/>\n<meta property=\"og:description\" content=\"\u00c0 ce rythme, on va atteindre 2 millions d&#039;\u00e9lecteurs inscrits\" \/>\n<meta property=\"og:url\" content=\"https:\/\/www.webdo.tn\/fr\/actualite\/national\/a-ce-rythme-on-va-atteindre-2-millions-delecteurs-inscrits-2\/365210\/\" \/>\n<meta property=\"og:site_name\" content=\"webdo\" \/>\n<meta property=\"article:publisher\" content=\"https:\/\/www.facebook.com\/webdotn\" \/>\n<meta property=\"article:published_time\" content=\"2011-07-24T17:37:00+00:00\" \/>\n<meta property=\"og:image\" content=\"https:\/\/www.webdo.tn\/fr\/wp-content\/uploads\/2011\/07\/Election-Tunisie-photo-Tap-1.jpg\" \/>\n\t<meta property=\"og:image:width\" content=\"237\" \/>\n\t<meta property=\"og:image:height\" content=\"200\" \/>\n\t<meta property=\"og:image:type\" content=\"image\/jpeg\" \/>\n<meta name=\"author\" content=\"webdo.tn\" \/>\n<meta name=\"twitter:card\" content=\"summary_large_image\" \/>\n<meta name=\"twitter:creator\" content=\"@webdo_tn\" \/>\n<meta name=\"twitter:site\" content=\"@webdo_tn\" \/>\n<meta name=\"twitter:label1\" content=\"\u00c9crit par\" \/>\n\t<meta name=\"twitter:data1\" content=\"webdo.tn\" \/>\n\t<meta name=\"twitter:label2\" content=\"Dur\u00e9e de lecture estim\u00e9e\" \/>\n\t<meta name=\"twitter:data2\" content=\"1 minute\" \/>\n<script type=\"application\/ld+json\" class=\"yoast-schema-graph\">{\"@context\":\"https:\\\/\\\/schema.org\",\"@graph\":[{\"@type\":\"NewsArticle\",\"@id\":\"https:\\\/\\\/www.webdo.tn\\\/fr\\\/actualite\\\/national\\\/a-ce-rythme-on-va-atteindre-2-millions-delecteurs-inscrits-2\\\/365210\\\/#article\",\"isPartOf\":{\"@id\":\"https:\\\/\\\/www.webdo.tn\\\/fr\\\/actualite\\\/national\\\/a-ce-rythme-on-va-atteindre-2-millions-delecteurs-inscrits-2\\\/365210\\\/\"},\"author\":{\"name\":\"webdo.tn\",\"@id\":\"https:\\\/\\\/www.webdo.tn\\\/fr\\\/#\\\/schema\\\/person\\\/9a9c6118d687c117df8ef3cc36a4d175\"},\"headline\":\"\u00c0 ce rythme, on va atteindre 2 millions d&rsquo;\u00e9lecteurs inscrits\",\"datePublished\":\"2011-07-24T17:37:00+00:00\",\"mainEntityOfPage\":{\"@id\":\"https:\\\/\\\/www.webdo.tn\\\/fr\\\/actualite\\\/national\\\/a-ce-rythme-on-va-atteindre-2-millions-delecteurs-inscrits-2\\\/365210\\\/\"},\"wordCount\":257,\"commentCount\":0,\"publisher\":{\"@id\":\"https:\\\/\\\/www.webdo.tn\\\/fr\\\/#organization\"},\"image\":{\"@id\":\"https:\\\/\\\/www.webdo.tn\\\/fr\\\/actualite\\\/national\\\/a-ce-rythme-on-va-atteindre-2-millions-delecteurs-inscrits-2\\\/365210\\\/#primaryimage\"},\"thumbnailUrl\":\"https:\\\/\\\/www.webdo.tn\\\/fr\\\/wp-content\\\/uploads\\\/2011\\\/07\\\/Election-Tunisie-photo-Tap-1.jpg\",\"articleSection\":[\"National\"],\"inLanguage\":\"fr-FR\"},{\"@type\":\"WebPage\",\"@id\":\"https:\\\/\\\/www.webdo.tn\\\/fr\\\/actualite\\\/national\\\/a-ce-rythme-on-va-atteindre-2-millions-delecteurs-inscrits-2\\\/365210\\\/\",\"url\":\"https:\\\/\\\/www.webdo.tn\\\/fr\\\/actualite\\\/national\\\/a-ce-rythme-on-va-atteindre-2-millions-delecteurs-inscrits-2\\\/365210\\\/\",\"name\":\"\u00c0 ce rythme, on va atteindre 2 millions d'\u00e9lecteurs inscrits\",\"isPartOf\":{\"@id\":\"https:\\\/\\\/www.webdo.tn\\\/fr\\\/#website\"},\"primaryImageOfPage\":{\"@id\":\"https:\\\/\\\/www.webdo.tn\\\/fr\\\/actualite\\\/national\\\/a-ce-rythme-on-va-atteindre-2-millions-delecteurs-inscrits-2\\\/365210\\\/#primaryimage\"},\"image\":{\"@id\":\"https:\\\/\\\/www.webdo.tn\\\/fr\\\/actualite\\\/national\\\/a-ce-rythme-on-va-atteindre-2-millions-delecteurs-inscrits-2\\\/365210\\\/#primaryimage\"},\"thumbnailUrl\":\"https:\\\/\\\/www.webdo.tn\\\/fr\\\/wp-content\\\/uploads\\\/2011\\\/07\\\/Election-Tunisie-photo-Tap-1.jpg\",\"datePublished\":\"2011-07-24T17:37:00+00:00\",\"description\":\"\u00c0 ce rythme, on va atteindre 2 millions d'\u00e9lecteurs inscrits\",\"breadcrumb\":{\"@id\":\"https:\\\/\\\/www.webdo.tn\\\/fr\\\/actualite\\\/national\\\/a-ce-rythme-on-va-atteindre-2-millions-delecteurs-inscrits-2\\\/365210\\\/#breadcrumb\"},\"inLanguage\":\"fr-FR\",\"potentialAction\":[{\"@type\":\"ReadAction\",\"target\":[\"https:\\\/\\\/www.webdo.tn\\\/fr\\\/actualite\\\/national\\\/a-ce-rythme-on-va-atteindre-2-millions-delecteurs-inscrits-2\\\/365210\\\/\"]}]},{\"@type\":\"ImageObject\",\"inLanguage\":\"fr-FR\",\"@id\":\"https:\\\/\\\/www.webdo.tn\\\/fr\\\/actualite\\\/national\\\/a-ce-rythme-on-va-atteindre-2-millions-delecteurs-inscrits-2\\\/365210\\\/#primaryimage\",\"url\":\"https:\\\/\\\/www.webdo.tn\\\/fr\\\/wp-content\\\/uploads\\\/2011\\\/07\\\/Election-Tunisie-photo-Tap-1.jpg\",\"contentUrl\":\"https:\\\/\\\/www.webdo.tn\\\/fr\\\/wp-content\\\/uploads\\\/2011\\\/07\\\/Election-Tunisie-photo-Tap-1.jpg\",\"width\":237,\"height\":200,\"caption\":\"\u00c0 ce rythme, on va atteindre 2 millions d'\u00e9lecteurs inscrits\"},{\"@type\":\"BreadcrumbList\",\"@id\":\"https:\\\/\\\/www.webdo.tn\\\/fr\\\/actualite\\\/national\\\/a-ce-rythme-on-va-atteindre-2-millions-delecteurs-inscrits-2\\\/365210\\\/#breadcrumb\",\"itemListElement\":[{\"@type\":\"ListItem\",\"position\":1,\"name\":\"Accueil\",\"item\":\"https:\\\/\\\/www.webdo.tn\\\/fr\\\/\"},{\"@type\":\"ListItem\",\"position\":2,\"name\":\"\u00c0 ce rythme, on va atteindre 2 millions d&rsquo;\u00e9lecteurs inscrits\"}]},{\"@type\":\"WebSite\",\"@id\":\"https:\\\/\\\/www.webdo.tn\\\/fr\\\/#website\",\"url\":\"https:\\\/\\\/www.webdo.tn\\\/fr\\\/\",\"name\":\"webdo\",\"description\":\"Tunisie - News en Tunisie et \u00e0 l&#039;international sur Webdo.tn\",\"publisher\":{\"@id\":\"https:\\\/\\\/www.webdo.tn\\\/fr\\\/#organization\"},\"potentialAction\":[{\"@type\":\"SearchAction\",\"target\":{\"@type\":\"EntryPoint\",\"urlTemplate\":\"https:\\\/\\\/www.webdo.tn\\\/fr\\\/?s={search_term_string}\"},\"query-input\":{\"@type\":\"PropertyValueSpecification\",\"valueRequired\":true,\"valueName\":\"search_term_string\"}}],\"inLanguage\":\"fr-FR\"},{\"@type\":\"Organization\",\"@id\":\"https:\\\/\\\/www.webdo.tn\\\/fr\\\/#organization\",\"name\":\"Webdo\",\"alternateName\":\"Webdo.tn\",\"url\":\"https:\\\/\\\/www.webdo.tn\\\/fr\\\/\",\"logo\":{\"@type\":\"ImageObject\",\"inLanguage\":\"fr-FR\",\"@id\":\"https:\\\/\\\/www.webdo.tn\\\/fr\\\/#\\\/schema\\\/logo\\\/image\\\/\",\"url\":\"https:\\\/\\\/www.webdo.tn\\\/fr\\\/wp-content\\\/uploads\\\/2025\\\/06\\\/Webdo-Tunisie_168377.jpg\",\"contentUrl\":\"https:\\\/\\\/www.webdo.tn\\\/fr\\\/wp-content\\\/uploads\\\/2025\\\/06\\\/Webdo-Tunisie_168377.jpg\",\"width\":301,\"height\":301,\"caption\":\"Webdo\"},\"image\":{\"@id\":\"https:\\\/\\\/www.webdo.tn\\\/fr\\\/#\\\/schema\\\/logo\\\/image\\\/\"},\"sameAs\":[\"https:\\\/\\\/www.facebook.com\\\/webdotn\",\"https:\\\/\\\/x.com\\\/webdo_tn\"],\"description\":\"Webdo est un m\u00e9dia num\u00e9rique tunisien fond\u00e9 en 2010, sp\u00e9cialis\u00e9 dans l\u2019actualit\u00e9 nationale et internationale, l\u2019\u00e9conomie, la soci\u00e9t\u00e9 et les analyses politiques. Le site s\u2019adresse \u00e0 un large public francophone et couvre l\u2019information tunisienne en temps r\u00e9el.\",\"email\":\"redac@webdo.tn\",\"legalName\":\"YNJ SARL\",\"foundingDate\":\"2010-09-06\",\"numberOfEmployees\":{\"@type\":\"QuantitativeValue\",\"minValue\":\"11\",\"maxValue\":\"50\"}},{\"@type\":\"Person\",\"@id\":\"https:\\\/\\\/www.webdo.tn\\\/fr\\\/#\\\/schema\\\/person\\\/9a9c6118d687c117df8ef3cc36a4d175\",\"name\":\"webdo.tn\",\"image\":{\"@type\":\"ImageObject\",\"inLanguage\":\"fr-FR\",\"@id\":\"https:\\\/\\\/secure.gravatar.com\\\/avatar\\\/7ce1f28c0c3bbac99ff550b85ef8e44a6950c6ee24514fb6a5489e51d06f0298?s=96&d=mm&r=g\",\"url\":\"https:\\\/\\\/secure.gravatar.com\\\/avatar\\\/7ce1f28c0c3bbac99ff550b85ef8e44a6950c6ee24514fb6a5489e51d06f0298?s=96&d=mm&r=g\",\"contentUrl\":\"https:\\\/\\\/secure.gravatar.com\\\/avatar\\\/7ce1f28c0c3bbac99ff550b85ef8e44a6950c6ee24514fb6a5489e51d06f0298?s=96&d=mm&r=g\",\"caption\":\"webdo.tn\"},\"url\":\"https:\\\/\\\/www.webdo.tn\\\/fr\\\/actualite\\\/author\\\/webdotn\\\/\"}]}<\/script>\n<!-- \/ Yoast SEO Premium plugin. -->","yoast_head_json":{"title":"\u00c0 ce rythme, on va atteindre 2 millions d'\u00e9lecteurs inscrits","description":"\u00c0 ce rythme, on va atteindre 2 millions d'\u00e9lecteurs inscrits","canonical":"https:\/\/www.webdo.tn\/fr\/actualite\/national\/a-ce-rythme-on-va-atteindre-2-millions-delecteurs-inscrits-2\/365210\/","og_locale":"fr_FR","og_type":"article","og_title":"\u00c0 ce rythme, on va atteindre 2 millions d'\u00e9lecteurs inscrits","og_description":"\u00c0 ce rythme, on va atteindre 2 millions d'\u00e9lecteurs inscrits","og_url":"https:\/\/www.webdo.tn\/fr\/actualite\/national\/a-ce-rythme-on-va-atteindre-2-millions-delecteurs-inscrits-2\/365210\/","og_site_name":"webdo","article_publisher":"https:\/\/www.facebook.com\/webdotn","article_published_time":"2011-07-24T17:37:00+00:00","og_image":[{"width":237,"height":200,"url":"https:\/\/www.webdo.tn\/fr\/wp-content\/uploads\/2011\/07\/Election-Tunisie-photo-Tap-1.jpg","type":"image\/jpeg"}],"author":"webdo.tn","twitter_card":"summary_large_image","twitter_creator":"@webdo_tn","twitter_site":"@webdo_tn","twitter_misc":{"\u00c9crit par":"webdo.tn","Dur\u00e9e de lecture estim\u00e9e":"1 minute"},"schema":{"@context":"https:\/\/schema.org","@graph":[{"@type":"NewsArticle","@id":"https:\/\/www.webdo.tn\/fr\/actualite\/national\/a-ce-rythme-on-va-atteindre-2-millions-delecteurs-inscrits-2\/365210\/#article","isPartOf":{"@id":"https:\/\/www.webdo.tn\/fr\/actualite\/national\/a-ce-rythme-on-va-atteindre-2-millions-delecteurs-inscrits-2\/365210\/"},"author":{"name":"webdo.tn","@id":"https:\/\/www.webdo.tn\/fr\/#\/schema\/person\/9a9c6118d687c117df8ef3cc36a4d175"},"headline":"\u00c0 ce rythme, on va atteindre 2 millions d&rsquo;\u00e9lecteurs inscrits","datePublished":"2011-07-24T17:37:00+00:00","mainEntityOfPage":{"@id":"https:\/\/www.webdo.tn\/fr\/actualite\/national\/a-ce-rythme-on-va-atteindre-2-millions-delecteurs-inscrits-2\/365210\/"},"wordCount":257,"commentCount":0,"publisher":{"@id":"https:\/\/www.webdo.tn\/fr\/#organization"},"image":{"@id":"https:\/\/www.webdo.tn\/fr\/actualite\/national\/a-ce-rythme-on-va-atteindre-2-millions-delecteurs-inscrits-2\/365210\/#primaryimage"},"thumbnailUrl":"https:\/\/www.webdo.tn\/fr\/wp-content\/uploads\/2011\/07\/Election-Tunisie-photo-Tap-1.jpg","articleSection":["National"],"inLanguage":"fr-FR"},{"@type":"WebPage","@id":"https:\/\/www.webdo.tn\/fr\/actualite\/national\/a-ce-rythme-on-va-atteindre-2-millions-delecteurs-inscrits-2\/365210\/","url":"https:\/\/www.webdo.tn\/fr\/actualite\/national\/a-ce-rythme-on-va-atteindre-2-millions-delecteurs-inscrits-2\/365210\/","name":"\u00c0 ce rythme, on va atteindre 2 millions d'\u00e9lecteurs inscrits","isPartOf":{"@id":"https:\/\/www.webdo.tn\/fr\/#website"},"primaryImageOfPage":{"@id":"https:\/\/www.webdo.tn\/fr\/actualite\/national\/a-ce-rythme-on-va-atteindre-2-millions-delecteurs-inscrits-2\/365210\/#primaryimage"},"image":{"@id":"https:\/\/www.webdo.tn\/fr\/actualite\/national\/a-ce-rythme-on-va-atteindre-2-millions-delecteurs-inscrits-2\/365210\/#primaryimage"},"thumbnailUrl":"https:\/\/www.webdo.tn\/fr\/wp-content\/uploads\/2011\/07\/Election-Tunisie-photo-Tap-1.jpg","datePublished":"2011-07-24T17:37:00+00:00","description":"\u00c0 ce rythme, on va atteindre 2 millions d'\u00e9lecteurs inscrits","breadcrumb":{"@id":"https:\/\/www.webdo.tn\/fr\/actualite\/national\/a-ce-rythme-on-va-atteindre-2-millions-delecteurs-inscrits-2\/365210\/#breadcrumb"},"inLanguage":"fr-FR","potentialAction":[{"@type":"ReadAction","target":["https:\/\/www.webdo.tn\/fr\/actualite\/national\/a-ce-rythme-on-va-atteindre-2-millions-delecteurs-inscrits-2\/365210\/"]}]},{"@type":"ImageObject","inLanguage":"fr-FR","@id":"https:\/\/www.webdo.tn\/fr\/actualite\/national\/a-ce-rythme-on-va-atteindre-2-millions-delecteurs-inscrits-2\/365210\/#primaryimage","url":"https:\/\/www.webdo.tn\/fr\/wp-content\/uploads\/2011\/07\/Election-Tunisie-photo-Tap-1.jpg","contentUrl":"https:\/\/www.webdo.tn\/fr\/wp-content\/uploads\/2011\/07\/Election-Tunisie-photo-Tap-1.jpg","width":237,"height":200,"caption":"\u00c0 ce rythme, on va atteindre 2 millions d'\u00e9lecteurs inscrits"},{"@type":"BreadcrumbList","@id":"https:\/\/www.webdo.tn\/fr\/actualite\/national\/a-ce-rythme-on-va-atteindre-2-millions-delecteurs-inscrits-2\/365210\/#breadcrumb","itemListElement":[{"@type":"ListItem","position":1,"name":"Accueil","item":"https:\/\/www.webdo.tn\/fr\/"},{"@type":"ListItem","position":2,"name":"\u00c0 ce rythme, on va atteindre 2 millions d&rsquo;\u00e9lecteurs inscrits"}]},{"@type":"WebSite","@id":"https:\/\/www.webdo.tn\/fr\/#website","url":"https:\/\/www.webdo.tn\/fr\/","name":"webdo","description":"Tunisie - News en Tunisie et \u00e0 l&#039;international sur Webdo.tn","publisher":{"@id":"https:\/\/www.webdo.tn\/fr\/#organization"},"potentialAction":[{"@type":"SearchAction","target":{"@type":"EntryPoint","urlTemplate":"https:\/\/www.webdo.tn\/fr\/?s={search_term_string}"},"query-input":{"@type":"PropertyValueSpecification","valueRequired":true,"valueName":"search_term_string"}}],"inLanguage":"fr-FR"},{"@type":"Organization","@id":"https:\/\/www.webdo.tn\/fr\/#organization","name":"Webdo","alternateName":"Webdo.tn","url":"https:\/\/www.webdo.tn\/fr\/","logo":{"@type":"ImageObject","inLanguage":"fr-FR","@id":"https:\/\/www.webdo.tn\/fr\/#\/schema\/logo\/image\/","url":"https:\/\/www.webdo.tn\/fr\/wp-content\/uploads\/2025\/06\/Webdo-Tunisie_168377.jpg","contentUrl":"https:\/\/www.webdo.tn\/fr\/wp-content\/uploads\/2025\/06\/Webdo-Tunisie_168377.jpg","width":301,"height":301,"caption":"Webdo"},"image":{"@id":"https:\/\/www.webdo.tn\/fr\/#\/schema\/logo\/image\/"},"sameAs":["https:\/\/www.facebook.com\/webdotn","https:\/\/x.com\/webdo_tn"],"description":"Webdo est un m\u00e9dia num\u00e9rique tunisien fond\u00e9 en 2010, sp\u00e9cialis\u00e9 dans l\u2019actualit\u00e9 nationale et internationale, l\u2019\u00e9conomie, la soci\u00e9t\u00e9 et les analyses politiques. Le site s\u2019adresse \u00e0 un large public francophone et couvre l\u2019information tunisienne en temps r\u00e9el.","email":"redac@webdo.tn","legalName":"YNJ SARL","foundingDate":"2010-09-06","numberOfEmployees":{"@type":"QuantitativeValue","minValue":"11","maxValue":"50"}},{"@type":"Person","@id":"https:\/\/www.webdo.tn\/fr\/#\/schema\/person\/9a9c6118d687c117df8ef3cc36a4d175","name":"webdo.tn","image":{"@type":"ImageObject","inLanguage":"fr-FR","@id":"https:\/\/secure.gravatar.com\/avatar\/7ce1f28c0c3bbac99ff550b85ef8e44a6950c6ee24514fb6a5489e51d06f0298?s=96&d=mm&r=g","url":"https:\/\/secure.gravatar.com\/avatar\/7ce1f28c0c3bbac99ff550b85ef8e44a6950c6ee24514fb6a5489e51d06f0298?s=96&d=mm&r=g","contentUrl":"https:\/\/secure.gravatar.com\/avatar\/7ce1f28c0c3bbac99ff550b85ef8e44a6950c6ee24514fb6a5489e51d06f0298?s=96&d=mm&r=g","caption":"webdo.tn"},"url":"https:\/\/www.webdo.tn\/fr\/actualite\/author\/webdotn\/"}]}},"_links":{"self":[{"href":"https:\/\/www.webdo.tn\/fr\/wp-json\/wp\/v2\/posts\/365210","targetHints":{"allow":["GET"]}}],"collection":[{"href":"https:\/\/www.webdo.tn\/fr\/wp-json\/wp\/v2\/posts"}],"about":[{"href":"https:\/\/www.webdo.tn\/fr\/wp-json\/wp\/v2\/types\/post"}],"author":[{"embeddable":true,"href":"https:\/\/www.webdo.tn\/fr\/wp-json\/wp\/v2\/users\/3222"}],"replies":[{"embeddable":true,"href":"https:\/\/www.webdo.tn\/fr\/wp-json\/wp\/v2\/comments?post=365210"}],"version-history":[{"count":0,"href":"https:\/\/www.webdo.tn\/fr\/wp-json\/wp\/v2\/posts\/365210\/revisions"}],"wp:featuredmedia":[{"embeddable":true,"href":"https:\/\/www.webdo.tn\/fr\/wp-json\/wp\/v2\/media\/365212"}],"wp:attachment":[{"href":"https:\/\/www.webdo.tn\/fr\/wp-json\/wp\/v2\/media?parent=365210"}],"wp:term":[{"taxonomy":"category","embeddable":true,"href":"https:\/\/www.webdo.tn\/fr\/wp-json\/wp\/v2\/categories?post=365210"},{"taxonomy":"post_tag","embeddable":true,"href":"https:\/\/www.webdo.tn\/fr\/wp-json\/wp\/v2\/tags?post=365210"}],"curies":[{"name":"wp","href":"https:\/\/api.w.org\/{rel}","templated":true}]}}